{"id":9594,"date":"2025-08-24T04:17:23","date_gmt":"2025-08-24T02:17:23","guid":{"rendered":"https:\/\/vieassociative.be\/actualites\/vuelta-ouverture-de-la-victoire-pour-la-star-du-sprint-belge-jasper-philipsen\/"},"modified":"2025-08-24T04:17:23","modified_gmt":"2025-08-24T02:17:23","slug":"vuelta-ouverture-de-la-victoire-pour-la-star-du-sprint-belge-jasper-philipsen","status":"publish","type":"post","link":"https:\/\/vieassociative.be\/actualites\/vuelta-ouverture-de-la-victoire-pour-la-star-du-sprint-belge-jasper-philipsen\/","title":{"rendered":"Vuelta: Ouverture de la victoire pour la star du sprint belge Jasper Philipsen"},"content":{"rendered":"<p><strong>Sprintstar Jasper Philipsen a remport\u00e9 la 80e \u00e9tape d&rsquo;ouverture de Vuelta au d\u00e9tour en Italie.<\/strong><\/p>\n<p><span id=\"more-423021\"><\/span>Apr\u00e8s 186,7 kilom\u00e8tres de Turin \u00e0 Novara, le professionnel du cyclisme belge a remport\u00e9 la victoire devant Ethan British Vernon et Orluis Aular du Venezuela et est donc \u00e9galement le premier porteur du maillot de gestion rouge de la tourn\u00e9e de cette ann\u00e9e en Espagne.<\/p>\n<p>Philipsen avait d\u00e9j\u00e0 remport\u00e9 la premi\u00e8re \u00e9tape du Tour de France cette ann\u00e9e et avait renvers\u00e9 le maillot jaune de l&rsquo;ensemble du leader, mais a d\u00fb abandonner deux jours plus tard apr\u00e8s une grave chute. Philipsen avait subi une clavicule cass\u00e9e et une fracture de c\u00f4tes.<\/p>\n<p>\u00ab\u00a0Gagner est toujours g\u00e9nial. J&rsquo;ai \u00e9t\u00e9 d\u00e9\u00e7u que je devais sortir en tourn\u00e9e. C&rsquo;est peut-\u00eatre une r\u00e9compense pour cela\u00a0\u00bb, a d\u00e9clar\u00e9 Philipsen apr\u00e8s son succ\u00e8s.<\/p>\n<p>Tophavorit Jonas Vingegaard a mis fin \u00e0 la premi\u00e8re section dans le champ principal. Le double champion de la tourn\u00e9e de France du Danemark esp\u00e8re une fin heureuse cette saison apr\u00e8s qu&rsquo;il soit rest\u00e9 sans chance de la tourn\u00e9e de la France contre son adversaire Tadej Pogacar.<\/p>\n<p>Le Slov\u00e8ne n&rsquo;est pas au d\u00e9but de la Vuelta, tout comme la vainqueur de l&rsquo;ann\u00e9e derni\u00e8re, Prinoz Roglic, le double champion olympique Remco Evenepoel et la jeune star Florian Lipowitz.<\/p>\n<p>Dimanche, le premier test d&rsquo;endurance pour les candidats pour la victoire globale. \u00c0 la fin des 159,5 kilom\u00e8tres, il monte \u00e0 Limone Piemonte, une augmentation de la deuxi\u00e8me cat\u00e9gorie.<\/p>\n<p>La route Vuelta l&rsquo;a dans l&rsquo;ensemble. Il y a dix arriv\u00e9es de montagnes, dont le tristement c\u00e9l\u00e8bre Angliru avec jusqu&rsquo;\u00e0 23,5% de mont\u00e9e, pour faire face \u00e0 Madrid jusqu&rsquo;\u00e0 la finale le 14 septembre. (DPA \/ CRE)<\/p>\n","protected":false},"excerpt":{"rendered":"<p>Sprintstar Jasper Philipsen a remport\u00e9 la 80e \u00e9tape d&rsquo;ouverture de Vuelta au d\u00e9tour en Italie. Apr\u00e8s 186,7 kilom\u00e8tres de Turin \u00e0 Novara, le professionnel du<\/p>\n","protected":false},"author":1,"featured_media":9595,"comment_status":"","ping_status":"","sticky":false,"template":"","format":"standard","meta":{"footnotes":""},"categories":[298],"tags":[410,8283,8282,7633,81,6145,7018,784,8281],"class_list":["post-9594","post","type-post","status-publish","format-standard","has-post-thumbnail","hentry","category-belgique","tag-belge","tag-jasper","tag-ouverture","tag-philipsen","tag-pour","tag-sprint","tag-star","tag-victoire","tag-vuelta","generate-columns","tablet-grid-50","mobile-grid-100","grid-parent","grid-33"],"yoast_head":"<!-- This site is optimized with the Yoast SEO plugin v24.0 - https:\/\/yoast.com\/wordpress\/plugins\/seo\/ -->\n<title>Vuelta: Ouverture de la victoire pour la star du sprint belge Jasper Philipsen | Vie Associative<\/title>\n<meta name=\"robots\" content=\"index, follow, max-snippet:-1, max-image-preview:large, max-video-preview:-1\" \/>\n<link rel=\"canonical\" href=\"https:\/\/vieassociative.be\/actualites\/vuelta-ouverture-de-la-victoire-pour-la-star-du-sprint-belge-jasper-philipsen\/\" \/>\n<meta property=\"og:locale\" content=\"fr_FR\" \/>\n<meta property=\"og:type\" content=\"article\" \/>\n<meta property=\"og:title\" content=\"Vuelta: Ouverture de la victoire pour la star du sprint belge Jasper Philipsen | Vie Associative\" \/>\n<meta property=\"og:description\" content=\"Sprintstar Jasper Philipsen a remport\u00e9 la 80e \u00e9tape d&rsquo;ouverture de Vuelta au d\u00e9tour en Italie. Apr\u00e8s 186,7 kilom\u00e8tres de Turin \u00e0 Novara, le professionnel du\" \/>\n<meta property=\"og:url\" content=\"https:\/\/vieassociative.be\/actualites\/vuelta-ouverture-de-la-victoire-pour-la-star-du-sprint-belge-jasper-philipsen\/\" \/>\n<meta property=\"og:site_name\" content=\"Vie Associative\" \/>\n<meta property=\"article:published_time\" content=\"2025-08-24T02:17:23+00:00\" \/>\n<meta property=\"og:image\" content=\"https:\/\/vieassociative.be\/actualites\/wp-content\/uploads\/2024\/09\/header_backgroundk-01-e1726694325946.png\" \/>\n\t<meta property=\"og:image:width\" content=\"279\" \/>\n\t<meta property=\"og:image:height\" content=\"92\" \/>\n\t<meta property=\"og:image:type\" content=\"image\/png\" \/>\n<meta name=\"author\" content=\"Julien\" \/>\n<meta name=\"twitter:card\" content=\"summary_large_image\" \/>\n<meta name=\"twitter:label1\" content=\"\u00c9crit par\" \/>\n\t<meta name=\"twitter:data1\" content=\"Julien\" \/>\n\t<meta name=\"twitter:label2\" content=\"Dur\u00e9e de lecture est.\" \/>\n\t<meta name=\"twitter:data2\" content=\"1 minute\" \/>\n<script type=\"application\/ld+json\" class=\"yoast-schema-graph\">{\"@context\":\"https:\/\/schema.org\",\"@graph\":[{\"@type\":\"Article\",\"@id\":\"https:\/\/vieassociative.be\/actualites\/vuelta-ouverture-de-la-victoire-pour-la-star-du-sprint-belge-jasper-philipsen\/#article\",\"isPartOf\":{\"@id\":\"https:\/\/vieassociative.be\/actualites\/vuelta-ouverture-de-la-victoire-pour-la-star-du-sprint-belge-jasper-philipsen\/\"},\"author\":{\"name\":\"Julien\",\"@id\":\"https:\/\/vieassociative.be\/actualites\/#\/schema\/person\/b87ac4f82f9d4e7b7cec7395b679edc4\"},\"headline\":\"Vuelta: Ouverture de la victoire pour la star du sprint belge Jasper Philipsen\",\"datePublished\":\"2025-08-24T02:17:23+00:00\",\"dateModified\":\"2025-08-24T02:17:23+00:00\",\"mainEntityOfPage\":{\"@id\":\"https:\/\/vieassociative.be\/actualites\/vuelta-ouverture-de-la-victoire-pour-la-star-du-sprint-belge-jasper-philipsen\/\"},\"wordCount\":322,\"publisher\":{\"@id\":\"https:\/\/vieassociative.be\/actualites\/#organization\"},\"image\":{\"@id\":\"https:\/\/vieassociative.be\/actualites\/vuelta-ouverture-de-la-victoire-pour-la-star-du-sprint-belge-jasper-philipsen\/#primaryimage\"},\"thumbnailUrl\":\"https:\/\/vieassociative.be\/actualites\/wp-content\/uploads\/2025\/08\/Vuelta-Ouverture-de-la-victoire-pour-la-star-du-sprint.jpg\",\"keywords\":[\"belge\",\"Jasper\",\"Ouverture\",\"Philipsen\",\"pour\",\"sprint\",\"star\",\"victoire\",\"Vuelta\"],\"articleSection\":[\"Belgique\"],\"inLanguage\":\"fr-BE\"},{\"@type\":\"WebPage\",\"@id\":\"https:\/\/vieassociative.be\/actualites\/vuelta-ouverture-de-la-victoire-pour-la-star-du-sprint-belge-jasper-philipsen\/\",\"url\":\"https:\/\/vieassociative.be\/actualites\/vuelta-ouverture-de-la-victoire-pour-la-star-du-sprint-belge-jasper-philipsen\/\",\"name\":\"Vuelta: Ouverture de la victoire pour la star du sprint belge Jasper Philipsen | Vie Associative\",\"isPartOf\":{\"@id\":\"https:\/\/vieassociative.be\/actualites\/#website\"},\"primaryImageOfPage\":{\"@id\":\"https:\/\/vieassociative.be\/actualites\/vuelta-ouverture-de-la-victoire-pour-la-star-du-sprint-belge-jasper-philipsen\/#primaryimage\"},\"image\":{\"@id\":\"https:\/\/vieassociative.be\/actualites\/vuelta-ouverture-de-la-victoire-pour-la-star-du-sprint-belge-jasper-philipsen\/#primaryimage\"},\"thumbnailUrl\":\"https:\/\/vieassociative.be\/actualites\/wp-content\/uploads\/2025\/08\/Vuelta-Ouverture-de-la-victoire-pour-la-star-du-sprint.jpg\",\"datePublished\":\"2025-08-24T02:17:23+00:00\",\"dateModified\":\"2025-08-24T02:17:23+00:00\",\"breadcrumb\":{\"@id\":\"https:\/\/vieassociative.be\/actualites\/vuelta-ouverture-de-la-victoire-pour-la-star-du-sprint-belge-jasper-philipsen\/#breadcrumb\"},\"inLanguage\":\"fr-BE\",\"potentialAction\":[{\"@type\":\"ReadAction\",\"target\":[\"https:\/\/vieassociative.be\/actualites\/vuelta-ouverture-de-la-victoire-pour-la-star-du-sprint-belge-jasper-philipsen\/\"]}]},{\"@type\":\"ImageObject\",\"inLanguage\":\"fr-BE\",\"@id\":\"https:\/\/vieassociative.be\/actualites\/vuelta-ouverture-de-la-victoire-pour-la-star-du-sprint-belge-jasper-philipsen\/#primaryimage\",\"url\":\"https:\/\/vieassociative.be\/actualites\/wp-content\/uploads\/2025\/08\/Vuelta-Ouverture-de-la-victoire-pour-la-star-du-sprint.jpg\",\"contentUrl\":\"https:\/\/vieassociative.be\/actualites\/wp-content\/uploads\/2025\/08\/Vuelta-Ouverture-de-la-victoire-pour-la-star-du-sprint.jpg\",\"width\":1200,\"height\":800,\"caption\":\"Vuelta: Ouverture de la victoire pour la star du sprint belge Jasper Philipsen\"},{\"@type\":\"BreadcrumbList\",\"@id\":\"https:\/\/vieassociative.be\/actualites\/vuelta-ouverture-de-la-victoire-pour-la-star-du-sprint-belge-jasper-philipsen\/#breadcrumb\",\"itemListElement\":[{\"@type\":\"ListItem\",\"position\":1,\"name\":\"Accueil\",\"item\":\"https:\/\/vieassociative.be\/actualites\/\"},{\"@type\":\"ListItem\",\"position\":2,\"name\":\"Vuelta: Ouverture de la victoire pour la star du sprint belge Jasper Philipsen\"}]},{\"@type\":\"WebSite\",\"@id\":\"https:\/\/vieassociative.be\/actualites\/#website\",\"url\":\"https:\/\/vieassociative.be\/actualites\/\",\"name\":\"Vie Associative\",\"description\":\"\",\"publisher\":{\"@id\":\"https:\/\/vieassociative.be\/actualites\/#organization\"},\"potentialAction\":[{\"@type\":\"SearchAction\",\"target\":{\"@type\":\"EntryPoint\",\"urlTemplate\":\"https:\/\/vieassociative.be\/actualites\/?s={search_term_string}\"},\"query-input\":{\"@type\":\"PropertyValueSpecification\",\"valueRequired\":true,\"valueName\":\"search_term_string\"}}],\"inLanguage\":\"fr-BE\"},{\"@type\":\"Organization\",\"@id\":\"https:\/\/vieassociative.be\/actualites\/#organization\",\"name\":\"Vie Associative\",\"url\":\"https:\/\/vieassociative.be\/actualites\/\",\"logo\":{\"@type\":\"ImageObject\",\"inLanguage\":\"fr-BE\",\"@id\":\"https:\/\/vieassociative.be\/actualites\/#\/schema\/logo\/image\/\",\"url\":\"https:\/\/vieassociative.be\/actualites\/wp-content\/uploads\/2024\/09\/cropped-vieassociative_favicon.ico.png\",\"contentUrl\":\"https:\/\/vieassociative.be\/actualites\/wp-content\/uploads\/2024\/09\/cropped-vieassociative_favicon.ico.png\",\"width\":512,\"height\":512,\"caption\":\"Vie Associative\"},\"image\":{\"@id\":\"https:\/\/vieassociative.be\/actualites\/#\/schema\/logo\/image\/\"}},{\"@type\":\"Person\",\"@id\":\"https:\/\/vieassociative.be\/actualites\/#\/schema\/person\/b87ac4f82f9d4e7b7cec7395b679edc4\",\"name\":\"Julien\",\"image\":{\"@type\":\"ImageObject\",\"inLanguage\":\"fr-BE\",\"@id\":\"https:\/\/vieassociative.be\/actualites\/#\/schema\/person\/image\/\",\"url\":\"https:\/\/vieassociative.be\/actualites\/wp-content\/uploads\/2024\/09\/vie-associative-1-150x150.jpg\",\"contentUrl\":\"https:\/\/vieassociative.be\/actualites\/wp-content\/uploads\/2024\/09\/vie-associative-1-150x150.jpg\",\"caption\":\"Julien\"},\"description\":\"Je suis Julien, r\u00e9dacteur pour Vie Associative. Passionn\u00e9 par le monde associatif depuis plus de 10 ans, j'ai \u00e0 c\u0153ur de partager des histoires inspirantes et de mettre en lumi\u00e8re les initiatives locales. Mon objectif est de sensibiliser et d'encourager l'engagement communautaire \u00e0 travers mes articles.\",\"sameAs\":[\"https:\/\/vieassociative.be\/\"]}]}<\/script>\n<!-- \/ Yoast SEO plugin. -->","yoast_head_json":{"title":"Vuelta: Ouverture de la victoire pour la star du sprint belge Jasper Philipsen | Vie Associative","robots":{"index":"index","follow":"follow","max-snippet":"max-snippet:-1","max-image-preview":"max-image-preview:large","max-video-preview":"max-video-preview:-1"},"canonical":"https:\/\/vieassociative.be\/actualites\/vuelta-ouverture-de-la-victoire-pour-la-star-du-sprint-belge-jasper-philipsen\/","og_locale":"fr_FR","og_type":"article","og_title":"Vuelta: Ouverture de la victoire pour la star du sprint belge Jasper Philipsen | Vie Associative","og_description":"Sprintstar Jasper Philipsen a remport\u00e9 la 80e \u00e9tape d&rsquo;ouverture de Vuelta au d\u00e9tour en Italie. Apr\u00e8s 186,7 kilom\u00e8tres de Turin \u00e0 Novara, le professionnel du","og_url":"https:\/\/vieassociative.be\/actualites\/vuelta-ouverture-de-la-victoire-pour-la-star-du-sprint-belge-jasper-philipsen\/","og_site_name":"Vie Associative","article_published_time":"2025-08-24T02:17:23+00:00","og_image":[{"width":279,"height":92,"url":"https:\/\/vieassociative.be\/actualites\/wp-content\/uploads\/2024\/09\/header_backgroundk-01-e1726694325946.png","type":"image\/png"}],"author":"Julien","twitter_card":"summary_large_image","twitter_misc":{"\u00c9crit par":"Julien","Dur\u00e9e de lecture est.":"1 minute"},"schema":{"@context":"https:\/\/schema.org","@graph":[{"@type":"Article","@id":"https:\/\/vieassociative.be\/actualites\/vuelta-ouverture-de-la-victoire-pour-la-star-du-sprint-belge-jasper-philipsen\/#article","isPartOf":{"@id":"https:\/\/vieassociative.be\/actualites\/vuelta-ouverture-de-la-victoire-pour-la-star-du-sprint-belge-jasper-philipsen\/"},"author":{"name":"Julien","@id":"https:\/\/vieassociative.be\/actualites\/#\/schema\/person\/b87ac4f82f9d4e7b7cec7395b679edc4"},"headline":"Vuelta: Ouverture de la victoire pour la star du sprint belge Jasper Philipsen","datePublished":"2025-08-24T02:17:23+00:00","dateModified":"2025-08-24T02:17:23+00:00","mainEntityOfPage":{"@id":"https:\/\/vieassociative.be\/actualites\/vuelta-ouverture-de-la-victoire-pour-la-star-du-sprint-belge-jasper-philipsen\/"},"wordCount":322,"publisher":{"@id":"https:\/\/vieassociative.be\/actualites\/#organization"},"image":{"@id":"https:\/\/vieassociative.be\/actualites\/vuelta-ouverture-de-la-victoire-pour-la-star-du-sprint-belge-jasper-philipsen\/#primaryimage"},"thumbnailUrl":"https:\/\/vieassociative.be\/actualites\/wp-content\/uploads\/2025\/08\/Vuelta-Ouverture-de-la-victoire-pour-la-star-du-sprint.jpg","keywords":["belge","Jasper","Ouverture","Philipsen","pour","sprint","star","victoire","Vuelta"],"articleSection":["Belgique"],"inLanguage":"fr-BE"},{"@type":"WebPage","@id":"https:\/\/vieassociative.be\/actualites\/vuelta-ouverture-de-la-victoire-pour-la-star-du-sprint-belge-jasper-philipsen\/","url":"https:\/\/vieassociative.be\/actualites\/vuelta-ouverture-de-la-victoire-pour-la-star-du-sprint-belge-jasper-philipsen\/","name":"Vuelta: Ouverture de la victoire pour la star du sprint belge Jasper Philipsen | Vie Associative","isPartOf":{"@id":"https:\/\/vieassociative.be\/actualites\/#website"},"primaryImageOfPage":{"@id":"https:\/\/vieassociative.be\/actualites\/vuelta-ouverture-de-la-victoire-pour-la-star-du-sprint-belge-jasper-philipsen\/#primaryimage"},"image":{"@id":"https:\/\/vieassociative.be\/actualites\/vuelta-ouverture-de-la-victoire-pour-la-star-du-sprint-belge-jasper-philipsen\/#primaryimage"},"thumbnailUrl":"https:\/\/vieassociative.be\/actualites\/wp-content\/uploads\/2025\/08\/Vuelta-Ouverture-de-la-victoire-pour-la-star-du-sprint.jpg","datePublished":"2025-08-24T02:17:23+00:00","dateModified":"2025-08-24T02:17:23+00:00","breadcrumb":{"@id":"https:\/\/vieassociative.be\/actualites\/vuelta-ouverture-de-la-victoire-pour-la-star-du-sprint-belge-jasper-philipsen\/#breadcrumb"},"inLanguage":"fr-BE","potentialAction":[{"@type":"ReadAction","target":["https:\/\/vieassociative.be\/actualites\/vuelta-ouverture-de-la-victoire-pour-la-star-du-sprint-belge-jasper-philipsen\/"]}]},{"@type":"ImageObject","inLanguage":"fr-BE","@id":"https:\/\/vieassociative.be\/actualites\/vuelta-ouverture-de-la-victoire-pour-la-star-du-sprint-belge-jasper-philipsen\/#primaryimage","url":"https:\/\/vieassociative.be\/actualites\/wp-content\/uploads\/2025\/08\/Vuelta-Ouverture-de-la-victoire-pour-la-star-du-sprint.jpg","contentUrl":"https:\/\/vieassociative.be\/actualites\/wp-content\/uploads\/2025\/08\/Vuelta-Ouverture-de-la-victoire-pour-la-star-du-sprint.jpg","width":1200,"height":800,"caption":"Vuelta: Ouverture de la victoire pour la star du sprint belge Jasper Philipsen"},{"@type":"BreadcrumbList","@id":"https:\/\/vieassociative.be\/actualites\/vuelta-ouverture-de-la-victoire-pour-la-star-du-sprint-belge-jasper-philipsen\/#breadcrumb","itemListElement":[{"@type":"ListItem","position":1,"name":"Accueil","item":"https:\/\/vieassociative.be\/actualites\/"},{"@type":"ListItem","position":2,"name":"Vuelta: Ouverture de la victoire pour la star du sprint belge Jasper Philipsen"}]},{"@type":"WebSite","@id":"https:\/\/vieassociative.be\/actualites\/#website","url":"https:\/\/vieassociative.be\/actualites\/","name":"Vie Associative","description":"","publisher":{"@id":"https:\/\/vieassociative.be\/actualites\/#organization"},"potentialAction":[{"@type":"SearchAction","target":{"@type":"EntryPoint","urlTemplate":"https:\/\/vieassociative.be\/actualites\/?s={search_term_string}"},"query-input":{"@type":"PropertyValueSpecification","valueRequired":true,"valueName":"search_term_string"}}],"inLanguage":"fr-BE"},{"@type":"Organization","@id":"https:\/\/vieassociative.be\/actualites\/#organization","name":"Vie Associative","url":"https:\/\/vieassociative.be\/actualites\/","logo":{"@type":"ImageObject","inLanguage":"fr-BE","@id":"https:\/\/vieassociative.be\/actualites\/#\/schema\/logo\/image\/","url":"https:\/\/vieassociative.be\/actualites\/wp-content\/uploads\/2024\/09\/cropped-vieassociative_favicon.ico.png","contentUrl":"https:\/\/vieassociative.be\/actualites\/wp-content\/uploads\/2024\/09\/cropped-vieassociative_favicon.ico.png","width":512,"height":512,"caption":"Vie Associative"},"image":{"@id":"https:\/\/vieassociative.be\/actualites\/#\/schema\/logo\/image\/"}},{"@type":"Person","@id":"https:\/\/vieassociative.be\/actualites\/#\/schema\/person\/b87ac4f82f9d4e7b7cec7395b679edc4","name":"Julien","image":{"@type":"ImageObject","inLanguage":"fr-BE","@id":"https:\/\/vieassociative.be\/actualites\/#\/schema\/person\/image\/","url":"https:\/\/vieassociative.be\/actualites\/wp-content\/uploads\/2024\/09\/vie-associative-1-150x150.jpg","contentUrl":"https:\/\/vieassociative.be\/actualites\/wp-content\/uploads\/2024\/09\/vie-associative-1-150x150.jpg","caption":"Julien"},"description":"Je suis Julien, r\u00e9dacteur pour Vie Associative. Passionn\u00e9 par le monde associatif depuis plus de 10 ans, j'ai \u00e0 c\u0153ur de partager des histoires inspirantes et de mettre en lumi\u00e8re les initiatives locales. Mon objectif est de sensibiliser et d'encourager l'engagement communautaire \u00e0 travers mes articles.","sameAs":["https:\/\/vieassociative.be\/"]}]}},"_links":{"self":[{"href":"https:\/\/vieassociative.be\/actualites\/wp-json\/wp\/v2\/posts\/9594"}],"collection":[{"href":"https:\/\/vieassociative.be\/actualites\/wp-json\/wp\/v2\/posts"}],"about":[{"href":"https:\/\/vieassociative.be\/actualites\/wp-json\/wp\/v2\/types\/post"}],"author":[{"embeddable":true,"href":"https:\/\/vieassociative.be\/actualites\/wp-json\/wp\/v2\/users\/1"}],"replies":[{"embeddable":true,"href":"https:\/\/vieassociative.be\/actualites\/wp-json\/wp\/v2\/comments?post=9594"}],"version-history":[{"count":0,"href":"https:\/\/vieassociative.be\/actualites\/wp-json\/wp\/v2\/posts\/9594\/revisions"}],"wp:featuredmedia":[{"embeddable":true,"href":"https:\/\/vieassociative.be\/actualites\/wp-json\/wp\/v2\/media\/9595"}],"wp:attachment":[{"href":"https:\/\/vieassociative.be\/actualites\/wp-json\/wp\/v2\/media?parent=9594"}],"wp:term":[{"taxonomy":"category","embeddable":true,"href":"https:\/\/vieassociative.be\/actualites\/wp-json\/wp\/v2\/categories?post=9594"},{"taxonomy":"post_tag","embeddable":true,"href":"https:\/\/vieassociative.be\/actualites\/wp-json\/wp\/v2\/tags?post=9594"}],"curies":[{"name":"wp","href":"https:\/\/api.w.org\/{rel}","templated":true}]}}