{"id":9590,"date":"2025-08-23T22:18:02","date_gmt":"2025-08-23T20:18:02","guid":{"rendered":"https:\/\/vieassociative.be\/actualites\/2-3-defaite-alors-que-eupen-dort-la-premiere-moitie\/"},"modified":"2025-08-23T22:18:02","modified_gmt":"2025-08-23T20:18:02","slug":"2-3-defaite-alors-que-eupen-dort-la-premiere-moitie","status":"publish","type":"post","link":"https:\/\/vieassociative.be\/actualites\/2-3-defaite-alors-que-eupen-dort-la-premiere-moitie\/","title":{"rendered":"2: 3 d\u00e9faite: alors que Eupen dort la premi\u00e8re moiti\u00e9"},"content":{"rendered":"<p><strong>Le As Eupen a recueilli sa premi\u00e8re d\u00e9faite de la saison samedi. Le noir et blanc a perdu dans le liense auparavant inutile SK 2: 3. Les invit\u00e9s de l&rsquo;Est de la Belgique \u00e9taient de 0: 3 derri\u00e8re. Au deuxi\u00e8me tour, ils ont quand m\u00eame marqu\u00e9 deux buts, mais ils ont toujours quitt\u00e9 la place en tant que perdant.<\/strong><\/p>\n<p><span id=\"more-423026\"><\/span>Pour ce troisi\u00e8me match, en tant qu&rsquo;entra\u00eeneur Bruno Pinheiro de l&rsquo;\u00e9quipe, qui avait combattu pour un point au titre Funeral Schaot la semaine pr\u00e9c\u00e9dente: Hiller-Van Genecht, Kennedy, Paeshuyse, Youndje-Mar\u00e9chal, Busquets, Nuhu, Delaurier-Chauket, Caliskan-Storei.<\/p>\n<p>Comme l&rsquo;ann\u00e9e derni\u00e8re, Lierse a acc\u00e9l\u00e9r\u00e9 d\u00e8s le d\u00e9but et a eu une premi\u00e8re grande chance de De Buyser d\u00e8s le d\u00e9but et apr\u00e8s moins d&rsquo;une minute, dont le tir a pass\u00e9 le but de Hiller.<\/p>\n<div id=\"attachment_423036\" class=\"wp-caption alignleft\" style=\"max-width: 300px\"><img fetchpriority=\"high\" decoding=\"async\" class=\"wp-image-423036 size-medium\" src=\"https:\/\/vieassociative.be\/actualites\/wp-content\/uploads\/2025\/08\/2-3-defaite-alors-que-Eupen-dort-la-premiere-moitie.jpg\" alt=\"\" width=\"300\" height=\"200\"><\/div>\n<p>\u00c0 la 16e minute, les h\u00f4tes ont marqu\u00e9 le premier but de la saison apr\u00e8s deux matchs sans succ\u00e8s. Apr\u00e8s un coup de pied d&rsquo;angle, Adinany est mont\u00e9e plus haut que tous les joueurs d&rsquo;Eupen autour de lui et a donn\u00e9 \u00e0 Hiller pour voir 1-0.<\/p>\n<p>Les souvenirs du jeu de la saison derni\u00e8re sont devenus \u00e9veill\u00e9s, seules les temp\u00e9ratures \u00e9taient plus supportables cette fois que dans la saison 3-0 2024\/2025.<\/p>\n<p>Une comparaison avec la rencontre de l&rsquo;ann\u00e9e derni\u00e8re dans le stade Herman Vanderpoorten a \u00e9t\u00e9 tellement bond\u00e9e lorsque Lierse est pass\u00e9 \u00e0 2-0 \u00e0 la 23e minute. Dans une contre-attaque rapide, Adinany, qui se d\u00e9cha\u00eene, a aliment\u00e9 la p\u00e9nalit\u00e9 d&rsquo;Eupen et a parfaitement utilis\u00e9 DeMuynck, qui n&rsquo;a eu aucun mal \u00e0 mettre le ballon dans le but, 2-0.<\/p>\n<p>Quelle d\u00e9sillusion du point de vue d&rsquo;Eupen! Ce n&rsquo;est que \u00e0 la 32e minute que j&rsquo;ai fait un signe de vie. Au d\u00e9but, le ballon a rat\u00e9 de peu le but \u00e0 une distance de bus avant que Nuhu ne frappe la barre transversale.<\/p>\n<div id=\"attachment_422540\" class=\"wp-caption alignleft\" style=\"max-width: 200px\"><img decoding=\"async\" class=\"wp-image-422540 size-medium\" src=\"https:\/\/vieassociative.be\/actualites\/wp-content\/uploads\/2025\/08\/1-1-Comme-Eupen-prouve-le-caractere-et-se.jpg\" alt=\"\" width=\"200\" height=\"300\"  ><\/div>\n<p>Avant la pause \u00e0 mi-temps, Hiller a d\u00fb sortir le ballon de son but pour la troisi\u00e8me fois. Apr\u00e8s une faute de Busquets \u00e0 Mertens dans la zone de p\u00e9nalit\u00e9 de l&rsquo;AS, l&rsquo;arbitre a point\u00e9 le point de p\u00e9nalit\u00e9. Mertens lui-m\u00eame a converti la p\u00e9nalit\u00e9 en 3: 0. Quelle d\u00e9b\u00e2cle pour le AS!<\/p>\n<p>L&rsquo;entra\u00eeneur Pinheiro a d\u00fb r\u00e9agir apr\u00e8s une moiti\u00e9 &#8211; et il l&rsquo;a fait avec un triple changement: Kasper, Plastun et M\u00fcller sont venus pour Ateri, Youndje et Mar\u00e9chal.<\/p>\n<p>Kasper s&rsquo;est d\u00e9j\u00e0 mis en sc\u00e8ne cinq minutes apr\u00e8s sa substitution par une t\u00eate. \u00c0 la 66e minute, il y avait de l&rsquo;espoir dans les rangs des invit\u00e9s lorsque Van Genecht a r\u00e9duit \u00e0 3-1 avec un tir brillant.<\/p>\n<p>Y avait-il autre chose? Oui, car \u00e0 la 71e minute, Eupen a de nouveau frapp\u00e9 \u00e0 Nuhu, qui a utilis\u00e9 une passe parfaite de M\u00fcller Ice Cold. Soudain, c&rsquo;\u00e9tait seulement 3-2 pour Lierse SK.<\/p>\n<p>Auparavant, l&rsquo;As M\u00f6hwald pour Kennedy est entr\u00e9 en jeu. \u00c0 la 77e minute, Lierse SK aurait pu \u00ab\u00a0tuer\u00a0\u00bb le match, mais Asare n&rsquo;a fait que la barre transversale. Bonheur pour le As Eupen, qui est rest\u00e9 dans le jeu.<\/p>\n<p>Un troisi\u00e8me but ne devrait plus r\u00e9ussir dans l&rsquo;AS. Il est rest\u00e9 avec 3-2 pour Lierse SK. Comme cela recevra les futurs Anderlecht dans le stade Kehrweg samedi prochain. (Cre)<\/p>\n","protected":false},"excerpt":{"rendered":"<p>Le As Eupen a recueilli sa premi\u00e8re d\u00e9faite de la saison samedi. Le noir et blanc a perdu dans le liense auparavant inutile SK 2:<\/p>\n","protected":false},"author":1,"featured_media":9591,"comment_status":"","ping_status":"","sticky":false,"template":"","format":"standard","meta":{"footnotes":""},"categories":[298],"tags":[422,2350,8278,2329,4637,610],"class_list":["post-9590","post","type-post","status-publish","format-standard","has-post-thumbnail","hentry","category-belgique","tag-alors","tag-defaite","tag-dort","tag-eupen","tag-moitie","tag-premiere","generate-columns","tablet-grid-50","mobile-grid-100","grid-parent","grid-33"],"yoast_head":"<!-- This site is optimized with the Yoast SEO plugin v24.0 - https:\/\/yoast.com\/wordpress\/plugins\/seo\/ -->\n<title>2: 3 d\u00e9faite: alors que Eupen dort la premi\u00e8re moiti\u00e9 | Vie Associative<\/title>\n<meta name=\"robots\" content=\"index, follow, max-snippet:-1, max-image-preview:large, max-video-preview:-1\" \/>\n<link rel=\"canonical\" href=\"https:\/\/vieassociative.be\/actualites\/2-3-defaite-alors-que-eupen-dort-la-premiere-moitie\/\" \/>\n<meta property=\"og:locale\" content=\"fr_FR\" \/>\n<meta property=\"og:type\" content=\"article\" \/>\n<meta property=\"og:title\" content=\"2: 3 d\u00e9faite: alors que Eupen dort la premi\u00e8re moiti\u00e9 | Vie Associative\" \/>\n<meta property=\"og:description\" content=\"Le As Eupen a recueilli sa premi\u00e8re d\u00e9faite de la saison samedi. Le noir et blanc a perdu dans le liense auparavant inutile SK 2:\" \/>\n<meta property=\"og:url\" content=\"https:\/\/vieassociative.be\/actualites\/2-3-defaite-alors-que-eupen-dort-la-premiere-moitie\/\" \/>\n<meta property=\"og:site_name\" content=\"Vie Associative\" \/>\n<meta property=\"article:published_time\" content=\"2025-08-23T20:18:02+00:00\" \/>\n<meta property=\"og:image\" content=\"https:\/\/vieassociative.be\/actualites\/wp-content\/uploads\/2024\/09\/header_backgroundk-01-e1726694325946.png\" \/>\n\t<meta property=\"og:image:width\" content=\"279\" \/>\n\t<meta property=\"og:image:height\" content=\"92\" \/>\n\t<meta property=\"og:image:type\" content=\"image\/png\" \/>\n<meta name=\"author\" content=\"Julien\" \/>\n<meta name=\"twitter:card\" content=\"summary_large_image\" \/>\n<meta name=\"twitter:label1\" content=\"\u00c9crit par\" \/>\n\t<meta name=\"twitter:data1\" content=\"Julien\" \/>\n\t<meta name=\"twitter:label2\" content=\"Dur\u00e9e de lecture est.\" \/>\n\t<meta name=\"twitter:data2\" content=\"3 minutes\" \/>\n<script type=\"application\/ld+json\" class=\"yoast-schema-graph\">{\"@context\":\"https:\/\/schema.org\",\"@graph\":[{\"@type\":\"Article\",\"@id\":\"https:\/\/vieassociative.be\/actualites\/2-3-defaite-alors-que-eupen-dort-la-premiere-moitie\/#article\",\"isPartOf\":{\"@id\":\"https:\/\/vieassociative.be\/actualites\/2-3-defaite-alors-que-eupen-dort-la-premiere-moitie\/\"},\"author\":{\"name\":\"Julien\",\"@id\":\"https:\/\/vieassociative.be\/actualites\/#\/schema\/person\/b87ac4f82f9d4e7b7cec7395b679edc4\"},\"headline\":\"2: 3 d\u00e9faite: alors que Eupen dort la premi\u00e8re moiti\u00e9\",\"datePublished\":\"2025-08-23T20:18:02+00:00\",\"dateModified\":\"2025-08-23T20:18:02+00:00\",\"mainEntityOfPage\":{\"@id\":\"https:\/\/vieassociative.be\/actualites\/2-3-defaite-alors-que-eupen-dort-la-premiere-moitie\/\"},\"wordCount\":596,\"publisher\":{\"@id\":\"https:\/\/vieassociative.be\/actualites\/#organization\"},\"image\":{\"@id\":\"https:\/\/vieassociative.be\/actualites\/2-3-defaite-alors-que-eupen-dort-la-premiere-moitie\/#primaryimage\"},\"thumbnailUrl\":\"https:\/\/vieassociative.be\/actualites\/wp-content\/uploads\/2025\/08\/1755980283_2-3-defaite-alors-que-Eupen-dort-la-premiere-moitie.jpg\",\"keywords\":[\"Alors\",\"D\u00e9faite\",\"dort\",\"Eupen\",\"moiti\u00e9\",\"premi\u00e8re\"],\"articleSection\":[\"Belgique\"],\"inLanguage\":\"fr-BE\"},{\"@type\":\"WebPage\",\"@id\":\"https:\/\/vieassociative.be\/actualites\/2-3-defaite-alors-que-eupen-dort-la-premiere-moitie\/\",\"url\":\"https:\/\/vieassociative.be\/actualites\/2-3-defaite-alors-que-eupen-dort-la-premiere-moitie\/\",\"name\":\"2: 3 d\u00e9faite: alors que Eupen dort la premi\u00e8re moiti\u00e9 | Vie Associative\",\"isPartOf\":{\"@id\":\"https:\/\/vieassociative.be\/actualites\/#website\"},\"primaryImageOfPage\":{\"@id\":\"https:\/\/vieassociative.be\/actualites\/2-3-defaite-alors-que-eupen-dort-la-premiere-moitie\/#primaryimage\"},\"image\":{\"@id\":\"https:\/\/vieassociative.be\/actualites\/2-3-defaite-alors-que-eupen-dort-la-premiere-moitie\/#primaryimage\"},\"thumbnailUrl\":\"https:\/\/vieassociative.be\/actualites\/wp-content\/uploads\/2025\/08\/1755980283_2-3-defaite-alors-que-Eupen-dort-la-premiere-moitie.jpg\",\"datePublished\":\"2025-08-23T20:18:02+00:00\",\"dateModified\":\"2025-08-23T20:18:02+00:00\",\"breadcrumb\":{\"@id\":\"https:\/\/vieassociative.be\/actualites\/2-3-defaite-alors-que-eupen-dort-la-premiere-moitie\/#breadcrumb\"},\"inLanguage\":\"fr-BE\",\"potentialAction\":[{\"@type\":\"ReadAction\",\"target\":[\"https:\/\/vieassociative.be\/actualites\/2-3-defaite-alors-que-eupen-dort-la-premiere-moitie\/\"]}]},{\"@type\":\"ImageObject\",\"inLanguage\":\"fr-BE\",\"@id\":\"https:\/\/vieassociative.be\/actualites\/2-3-defaite-alors-que-eupen-dort-la-premiere-moitie\/#primaryimage\",\"url\":\"https:\/\/vieassociative.be\/actualites\/wp-content\/uploads\/2025\/08\/1755980283_2-3-defaite-alors-que-Eupen-dort-la-premiere-moitie.jpg\",\"contentUrl\":\"https:\/\/vieassociative.be\/actualites\/wp-content\/uploads\/2025\/08\/1755980283_2-3-defaite-alors-que-Eupen-dort-la-premiere-moitie.jpg\",\"width\":1200,\"height\":800,\"caption\":\"2: 3 d\u00e9faite: alors que Eupen dort la premi\u00e8re moiti\u00e9\"},{\"@type\":\"BreadcrumbList\",\"@id\":\"https:\/\/vieassociative.be\/actualites\/2-3-defaite-alors-que-eupen-dort-la-premiere-moitie\/#breadcrumb\",\"itemListElement\":[{\"@type\":\"ListItem\",\"position\":1,\"name\":\"Accueil\",\"item\":\"https:\/\/vieassociative.be\/actualites\/\"},{\"@type\":\"ListItem\",\"position\":2,\"name\":\"2: 3 d\u00e9faite: alors que Eupen dort la premi\u00e8re moiti\u00e9\"}]},{\"@type\":\"WebSite\",\"@id\":\"https:\/\/vieassociative.be\/actualites\/#website\",\"url\":\"https:\/\/vieassociative.be\/actualites\/\",\"name\":\"Vie Associative\",\"description\":\"\",\"publisher\":{\"@id\":\"https:\/\/vieassociative.be\/actualites\/#organization\"},\"potentialAction\":[{\"@type\":\"SearchAction\",\"target\":{\"@type\":\"EntryPoint\",\"urlTemplate\":\"https:\/\/vieassociative.be\/actualites\/?s={search_term_string}\"},\"query-input\":{\"@type\":\"PropertyValueSpecification\",\"valueRequired\":true,\"valueName\":\"search_term_string\"}}],\"inLanguage\":\"fr-BE\"},{\"@type\":\"Organization\",\"@id\":\"https:\/\/vieassociative.be\/actualites\/#organization\",\"name\":\"Vie Associative\",\"url\":\"https:\/\/vieassociative.be\/actualites\/\",\"logo\":{\"@type\":\"ImageObject\",\"inLanguage\":\"fr-BE\",\"@id\":\"https:\/\/vieassociative.be\/actualites\/#\/schema\/logo\/image\/\",\"url\":\"https:\/\/vieassociative.be\/actualites\/wp-content\/uploads\/2024\/09\/cropped-vieassociative_favicon.ico.png\",\"contentUrl\":\"https:\/\/vieassociative.be\/actualites\/wp-content\/uploads\/2024\/09\/cropped-vieassociative_favicon.ico.png\",\"width\":512,\"height\":512,\"caption\":\"Vie Associative\"},\"image\":{\"@id\":\"https:\/\/vieassociative.be\/actualites\/#\/schema\/logo\/image\/\"}},{\"@type\":\"Person\",\"@id\":\"https:\/\/vieassociative.be\/actualites\/#\/schema\/person\/b87ac4f82f9d4e7b7cec7395b679edc4\",\"name\":\"Julien\",\"image\":{\"@type\":\"ImageObject\",\"inLanguage\":\"fr-BE\",\"@id\":\"https:\/\/vieassociative.be\/actualites\/#\/schema\/person\/image\/\",\"url\":\"https:\/\/vieassociative.be\/actualites\/wp-content\/uploads\/2024\/09\/vie-associative-1-150x150.jpg\",\"contentUrl\":\"https:\/\/vieassociative.be\/actualites\/wp-content\/uploads\/2024\/09\/vie-associative-1-150x150.jpg\",\"caption\":\"Julien\"},\"description\":\"Je suis Julien, r\u00e9dacteur pour Vie Associative. Passionn\u00e9 par le monde associatif depuis plus de 10 ans, j'ai \u00e0 c\u0153ur de partager des histoires inspirantes et de mettre en lumi\u00e8re les initiatives locales. Mon objectif est de sensibiliser et d'encourager l'engagement communautaire \u00e0 travers mes articles.\",\"sameAs\":[\"https:\/\/vieassociative.be\/\"]}]}<\/script>\n<!-- \/ Yoast SEO plugin. -->","yoast_head_json":{"title":"2: 3 d\u00e9faite: alors que Eupen dort la premi\u00e8re moiti\u00e9 | Vie Associative","robots":{"index":"index","follow":"follow","max-snippet":"max-snippet:-1","max-image-preview":"max-image-preview:large","max-video-preview":"max-video-preview:-1"},"canonical":"https:\/\/vieassociative.be\/actualites\/2-3-defaite-alors-que-eupen-dort-la-premiere-moitie\/","og_locale":"fr_FR","og_type":"article","og_title":"2: 3 d\u00e9faite: alors que Eupen dort la premi\u00e8re moiti\u00e9 | Vie Associative","og_description":"Le As Eupen a recueilli sa premi\u00e8re d\u00e9faite de la saison samedi. Le noir et blanc a perdu dans le liense auparavant inutile SK 2:","og_url":"https:\/\/vieassociative.be\/actualites\/2-3-defaite-alors-que-eupen-dort-la-premiere-moitie\/","og_site_name":"Vie Associative","article_published_time":"2025-08-23T20:18:02+00:00","og_image":[{"width":279,"height":92,"url":"https:\/\/vieassociative.be\/actualites\/wp-content\/uploads\/2024\/09\/header_backgroundk-01-e1726694325946.png","type":"image\/png"}],"author":"Julien","twitter_card":"summary_large_image","twitter_misc":{"\u00c9crit par":"Julien","Dur\u00e9e de lecture est.":"3 minutes"},"schema":{"@context":"https:\/\/schema.org","@graph":[{"@type":"Article","@id":"https:\/\/vieassociative.be\/actualites\/2-3-defaite-alors-que-eupen-dort-la-premiere-moitie\/#article","isPartOf":{"@id":"https:\/\/vieassociative.be\/actualites\/2-3-defaite-alors-que-eupen-dort-la-premiere-moitie\/"},"author":{"name":"Julien","@id":"https:\/\/vieassociative.be\/actualites\/#\/schema\/person\/b87ac4f82f9d4e7b7cec7395b679edc4"},"headline":"2: 3 d\u00e9faite: alors que Eupen dort la premi\u00e8re moiti\u00e9","datePublished":"2025-08-23T20:18:02+00:00","dateModified":"2025-08-23T20:18:02+00:00","mainEntityOfPage":{"@id":"https:\/\/vieassociative.be\/actualites\/2-3-defaite-alors-que-eupen-dort-la-premiere-moitie\/"},"wordCount":596,"publisher":{"@id":"https:\/\/vieassociative.be\/actualites\/#organization"},"image":{"@id":"https:\/\/vieassociative.be\/actualites\/2-3-defaite-alors-que-eupen-dort-la-premiere-moitie\/#primaryimage"},"thumbnailUrl":"https:\/\/vieassociative.be\/actualites\/wp-content\/uploads\/2025\/08\/1755980283_2-3-defaite-alors-que-Eupen-dort-la-premiere-moitie.jpg","keywords":["Alors","D\u00e9faite","dort","Eupen","moiti\u00e9","premi\u00e8re"],"articleSection":["Belgique"],"inLanguage":"fr-BE"},{"@type":"WebPage","@id":"https:\/\/vieassociative.be\/actualites\/2-3-defaite-alors-que-eupen-dort-la-premiere-moitie\/","url":"https:\/\/vieassociative.be\/actualites\/2-3-defaite-alors-que-eupen-dort-la-premiere-moitie\/","name":"2: 3 d\u00e9faite: alors que Eupen dort la premi\u00e8re moiti\u00e9 | Vie Associative","isPartOf":{"@id":"https:\/\/vieassociative.be\/actualites\/#website"},"primaryImageOfPage":{"@id":"https:\/\/vieassociative.be\/actualites\/2-3-defaite-alors-que-eupen-dort-la-premiere-moitie\/#primaryimage"},"image":{"@id":"https:\/\/vieassociative.be\/actualites\/2-3-defaite-alors-que-eupen-dort-la-premiere-moitie\/#primaryimage"},"thumbnailUrl":"https:\/\/vieassociative.be\/actualites\/wp-content\/uploads\/2025\/08\/1755980283_2-3-defaite-alors-que-Eupen-dort-la-premiere-moitie.jpg","datePublished":"2025-08-23T20:18:02+00:00","dateModified":"2025-08-23T20:18:02+00:00","breadcrumb":{"@id":"https:\/\/vieassociative.be\/actualites\/2-3-defaite-alors-que-eupen-dort-la-premiere-moitie\/#breadcrumb"},"inLanguage":"fr-BE","potentialAction":[{"@type":"ReadAction","target":["https:\/\/vieassociative.be\/actualites\/2-3-defaite-alors-que-eupen-dort-la-premiere-moitie\/"]}]},{"@type":"ImageObject","inLanguage":"fr-BE","@id":"https:\/\/vieassociative.be\/actualites\/2-3-defaite-alors-que-eupen-dort-la-premiere-moitie\/#primaryimage","url":"https:\/\/vieassociative.be\/actualites\/wp-content\/uploads\/2025\/08\/1755980283_2-3-defaite-alors-que-Eupen-dort-la-premiere-moitie.jpg","contentUrl":"https:\/\/vieassociative.be\/actualites\/wp-content\/uploads\/2025\/08\/1755980283_2-3-defaite-alors-que-Eupen-dort-la-premiere-moitie.jpg","width":1200,"height":800,"caption":"2: 3 d\u00e9faite: alors que Eupen dort la premi\u00e8re moiti\u00e9"},{"@type":"BreadcrumbList","@id":"https:\/\/vieassociative.be\/actualites\/2-3-defaite-alors-que-eupen-dort-la-premiere-moitie\/#breadcrumb","itemListElement":[{"@type":"ListItem","position":1,"name":"Accueil","item":"https:\/\/vieassociative.be\/actualites\/"},{"@type":"ListItem","position":2,"name":"2: 3 d\u00e9faite: alors que Eupen dort la premi\u00e8re moiti\u00e9"}]},{"@type":"WebSite","@id":"https:\/\/vieassociative.be\/actualites\/#website","url":"https:\/\/vieassociative.be\/actualites\/","name":"Vie Associative","description":"","publisher":{"@id":"https:\/\/vieassociative.be\/actualites\/#organization"},"potentialAction":[{"@type":"SearchAction","target":{"@type":"EntryPoint","urlTemplate":"https:\/\/vieassociative.be\/actualites\/?s={search_term_string}"},"query-input":{"@type":"PropertyValueSpecification","valueRequired":true,"valueName":"search_term_string"}}],"inLanguage":"fr-BE"},{"@type":"Organization","@id":"https:\/\/vieassociative.be\/actualites\/#organization","name":"Vie Associative","url":"https:\/\/vieassociative.be\/actualites\/","logo":{"@type":"ImageObject","inLanguage":"fr-BE","@id":"https:\/\/vieassociative.be\/actualites\/#\/schema\/logo\/image\/","url":"https:\/\/vieassociative.be\/actualites\/wp-content\/uploads\/2024\/09\/cropped-vieassociative_favicon.ico.png","contentUrl":"https:\/\/vieassociative.be\/actualites\/wp-content\/uploads\/2024\/09\/cropped-vieassociative_favicon.ico.png","width":512,"height":512,"caption":"Vie Associative"},"image":{"@id":"https:\/\/vieassociative.be\/actualites\/#\/schema\/logo\/image\/"}},{"@type":"Person","@id":"https:\/\/vieassociative.be\/actualites\/#\/schema\/person\/b87ac4f82f9d4e7b7cec7395b679edc4","name":"Julien","image":{"@type":"ImageObject","inLanguage":"fr-BE","@id":"https:\/\/vieassociative.be\/actualites\/#\/schema\/person\/image\/","url":"https:\/\/vieassociative.be\/actualites\/wp-content\/uploads\/2024\/09\/vie-associative-1-150x150.jpg","contentUrl":"https:\/\/vieassociative.be\/actualites\/wp-content\/uploads\/2024\/09\/vie-associative-1-150x150.jpg","caption":"Julien"},"description":"Je suis Julien, r\u00e9dacteur pour Vie Associative. Passionn\u00e9 par le monde associatif depuis plus de 10 ans, j'ai \u00e0 c\u0153ur de partager des histoires inspirantes et de mettre en lumi\u00e8re les initiatives locales. Mon objectif est de sensibiliser et d'encourager l'engagement communautaire \u00e0 travers mes articles.","sameAs":["https:\/\/vieassociative.be\/"]}]}},"_links":{"self":[{"href":"https:\/\/vieassociative.be\/actualites\/wp-json\/wp\/v2\/posts\/9590"}],"collection":[{"href":"https:\/\/vieassociative.be\/actualites\/wp-json\/wp\/v2\/posts"}],"about":[{"href":"https:\/\/vieassociative.be\/actualites\/wp-json\/wp\/v2\/types\/post"}],"author":[{"embeddable":true,"href":"https:\/\/vieassociative.be\/actualites\/wp-json\/wp\/v2\/users\/1"}],"replies":[{"embeddable":true,"href":"https:\/\/vieassociative.be\/actualites\/wp-json\/wp\/v2\/comments?post=9590"}],"version-history":[{"count":0,"href":"https:\/\/vieassociative.be\/actualites\/wp-json\/wp\/v2\/posts\/9590\/revisions"}],"wp:featuredmedia":[{"embeddable":true,"href":"https:\/\/vieassociative.be\/actualites\/wp-json\/wp\/v2\/media\/9591"}],"wp:attachment":[{"href":"https:\/\/vieassociative.be\/actualites\/wp-json\/wp\/v2\/media?parent=9590"}],"wp:term":[{"taxonomy":"category","embeddable":true,"href":"https:\/\/vieassociative.be\/actualites\/wp-json\/wp\/v2\/categories?post=9590"},{"taxonomy":"post_tag","embeddable":true,"href":"https:\/\/vieassociative.be\/actualites\/wp-json\/wp\/v2\/tags?post=9590"}],"curies":[{"name":"wp","href":"https:\/\/api.w.org\/{rel}","templated":true}]}}