{"id":9588,"date":"2025-08-23T21:19:12","date_gmt":"2025-08-23T19:19:12","guid":{"rendered":"https:\/\/vieassociative.be\/actualites\/les-meilleures-offres-de-la-fete-du-travail-sur-les-pc-et-les-accessoires-informatiques\/"},"modified":"2025-08-23T21:19:12","modified_gmt":"2025-08-23T19:19:12","slug":"les-meilleures-offres-de-la-fete-du-travail-sur-les-pc-et-les-accessoires-informatiques","status":"publish","type":"post","link":"https:\/\/vieassociative.be\/actualites\/les-meilleures-offres-de-la-fete-du-travail-sur-les-pc-et-les-accessoires-informatiques\/","title":{"rendered":"Les meilleures offres de la f\u00eate du Travail sur les PC et les accessoires informatiques"},"content":{"rendered":"<div class=\"mt-4 leading-6 md:mb-8\">Achetez un ordinateur enti\u00e8rement construit ou marquez des ventes sur les accessoires pour votre PC avec ces ventes de la f\u00eate du Travail.<\/div>\n<p><\/p>\n<p><strong><em>Ventes de la f\u00eate du Travail<\/em><\/strong><em>  roulent, et <strong>Vie Associative partage les meilleures ventes<\/strong><\/em><em>  Bas\u00e9 sur les revues de produits, les comparaisons et les outils de suivi des prix avant la fin. Vous pouvez aussi <strong>Abonnez-vous \u00e0 notre newsletter shopping<\/strong><\/em><em>Ajouter au panier, pour les meilleures ventes envoy\u00e9es dans votre bo\u00eete de r\u00e9ception.<\/em><\/p>\n<p>Si vous \u00eates sur le march\u00e9 pour un nouvel ordinateur &#8211; que vous souhaitiez en acheter un pr\u00e9par\u00e9, ou en construire vous-m\u00eame &#8211; la journ\u00e9e Labor est le moment id\u00e9al pour \u00e9conomiser de l&rsquo;argent sur les appareils d&rsquo;Apple, Lenovo, Corsair et d&rsquo;autres. Ici, je me concentre sur les ordinateurs et les composants de bureau, mais assurez-vous \u00e9galement de consulter notre guide sur les meilleures ventes de la f\u00eate du Travail dans son ensemble.<\/p>\n<div class=\"shadow-b-2 mb-12 mt-10 rounded-md border-2 border-(#F0F0F0) px-6 py-2 shadow-lg md:px-12\" role=\"region\" aria-label=\"Products List\" x-data=\"{ showMore: false }\">\n<div class=\"flex w-full gap-x-5\">\n<div class=\"flex w-full flex-col flex-nowrap justify-center gap-2 text-black no-underline md:order-2 md:gap-y-6\">\n<div class=\"flex flex-col justify-between gap-y-2 md:w-full md:gap-y-1\">\n<div class=\"block w-fit cursor-pointer font-akshar text-lg font-medium leading-5 text-brand-green duration-200 ease-in-out hover:text-brand-green-700 md:text-xl md:leading-6\">\n<p>                            Apple Mac Studio avec M4 Max\n                        <\/p><\/div>\n<\/p><\/div>\n<div class=\"hidden md:flex md:justify-between md:gap-x-4\">\n<div class=\"w-full mb-0 md:flex md:flex-col md:justify-center font-sans leading-4 text-black\">\n<div class=\"flex flex-wrap items-center justify-center gap-1 md:justify-start\">\n        <span class=\"font-bold\"><\/p>\n<p>            1 899,00 $<br \/>\n                            <span class=\"font-medium\">\u00e0 B&#038;H<\/span><br \/>\n                    <\/span>\n            <\/div>\n<div class=\"flex items-center justify-center gap-x-1 font-bold md:justify-start\">\n            <span class=\"text-sm line-through\">2 099,00 $<\/span><br \/>\n            <span class=\"text-sm text-brand-green\">\u00c9conomisez 200 $<\/span>\n        <\/div>\n<\/p><\/div>\n<p>                            <button class=\"flex justify-center items-center w-full bg-brand-green text-white text-base font-sans font-medium rounded-md hover:bg-brand-green-700 hover:cursor-pointer md:text-sm hidden self-end h-12 max-w-(10rem) duration-200 ease-in-out hover:bg-brand-green-700 md:flex md:h-10\"><\/p>\n<p>    Conclure un accord<br \/>\n<\/button>\n                        <\/div>\n<\/p><\/div>\n<div class=\"flex aspect-video h-(90px) shrink-0 items-center justify-center self-center md:order-1\">\n                        <img decoding=\"async\" class=\"m-0 max-h-full max-w-full rounded-md\" src=\"https:\/\/vieassociative.be\/actualites\/wp-content\/uploads\/2025\/08\/Les-meilleures-offres-de-la-fete-du-Travail-sur-les.jpg\" alt=\"Apple Mac Studio avec M4 Max\" width=\"auto\" height=\"auto\" loading=\"lazy\">\n                    <\/div>\n<\/p><\/div>\n<p>                            <button class=\"flex justify-center items-center w-full bg-brand-green text-white text-base font-sans font-medium rounded-md hover:bg-brand-green-700 hover:cursor-pointer md:text-sm w-full h-12 duration-200 ease-in-out hover:bg-brand-green-700 md:hidden md:h-10\"><\/p>\n<p>    Conclure un accord<br \/>\n<\/button><\/p>\n<div class=\"flex flex-col items-center w-full md:hidden font-sans leading-4 text-black\">\n<div class=\"flex flex-wrap items-center justify-center gap-1 md:justify-start\">\n        <span class=\"font-bold\"><\/p>\n<p>            1 899,00 $<br \/>\n                            <span class=\"font-medium\">\u00e0 B&#038;H<\/span><br \/>\n                    <\/span>\n            <\/div>\n<div class=\"flex items-center justify-center gap-x-1 font-bold md:justify-start\">\n            <span class=\"text-sm line-through\">2 099,00 $<\/span><br \/>\n            <span class=\"text-sm text-brand-green\">\u00c9conomisez 200 $<\/span>\n        <\/div>\n<\/p><\/div>\n<div class=\"flex w-full gap-x-5\">\n<div class=\"flex w-full flex-col flex-nowrap justify-center gap-2 text-black no-underline md:order-2 md:gap-y-6\">\n<div class=\"flex flex-col justify-between gap-y-2 md:w-full md:gap-y-1\">\n<div class=\"block w-fit cursor-pointer font-akshar text-lg font-medium leading-5 text-brand-green duration-200 ease-in-out hover:text-brand-green-700 md:text-xl md:leading-6\">\n<p>                            Thinkcentre M90A Gen 6 Intel (24 \u2033) tout-en-un\n                        <\/p><\/div>\n<\/p><\/div>\n<div class=\"hidden md:flex md:justify-between md:gap-x-4\">\n<div class=\"w-full mb-0 md:flex md:flex-col md:justify-center font-sans leading-4 text-black\">\n<div class=\"flex flex-wrap items-center justify-center gap-1 md:justify-start\">\n        <span class=\"font-bold\"><\/p>\n<p>            1 029,00 $<br \/>\n                            <span class=\"font-medium\">\u00e0 Lenovo<\/span><br \/>\n                    <\/span>\n            <\/div>\n<div class=\"flex items-center justify-center gap-x-1 font-bold md:justify-start\">\n            <span class=\"text-sm line-through\">1 459,00 $<\/span><br \/>\n            <span class=\"text-sm text-brand-green\">\u00c9conomisez 430,00 $<\/span>\n        <\/div>\n<\/p><\/div>\n<p>                            <button class=\"flex justify-center items-center w-full bg-brand-green text-white text-base font-sans font-medium rounded-md hover:bg-brand-green-700 hover:cursor-pointer md:text-sm hidden self-end h-12 max-w-(10rem) duration-200 ease-in-out hover:bg-brand-green-700 md:flex md:h-10\"><\/p>\n<p>    Conclure un accord<br \/>\n<\/button>\n                        <\/div>\n<\/p><\/div>\n<div class=\"flex aspect-video h-(90px) shrink-0 items-center justify-center self-center md:order-1\">\n                        <img decoding=\"async\" class=\"m-0 max-h-full max-w-full rounded-md\" src=\"https:\/\/vieassociative.be\/actualites\/wp-content\/uploads\/2025\/08\/Les-meilleures-offres-de-la-fete-du-Travail-sur-les.png\" alt=\"Thinkcentre M90A Gen 6 Intel (24 \u2033) tout-en-un\" width=\"auto\" height=\"auto\" loading=\"lazy\">\n                    <\/div>\n<\/p><\/div>\n<p>                            <button class=\"flex justify-center items-center w-full bg-brand-green text-white text-base font-sans font-medium rounded-md hover:bg-brand-green-700 hover:cursor-pointer md:text-sm w-full h-12 duration-200 ease-in-out hover:bg-brand-green-700 md:hidden md:h-10\"><\/p>\n<p>    Conclure un accord<br \/>\n<\/button><\/p>\n<div class=\"flex flex-col items-center w-full md:hidden font-sans leading-4 text-black\">\n<div class=\"flex flex-wrap items-center justify-center gap-1 md:justify-start\">\n        <span class=\"font-bold\"><\/p>\n<p>            1 029,00 $<br \/>\n                            <span class=\"font-medium\">\u00e0 Lenovo<\/span><br \/>\n                    <\/span>\n            <\/div>\n<div class=\"flex items-center justify-center gap-x-1 font-bold md:justify-start\">\n            <span class=\"text-sm line-through\">1 459,00 $<\/span><br \/>\n            <span class=\"text-sm text-brand-green\">\u00c9conomisez 430,00 $<\/span>\n        <\/div>\n<\/p><\/div>\n<div class=\"flex w-full gap-x-5\">\n<div class=\"flex w-full flex-col flex-nowrap justify-center gap-2 text-black no-underline md:order-2 md:gap-y-6\">\n<div class=\"flex flex-col justify-between gap-y-2 md:w-full md:gap-y-1\">\n<div class=\"block w-fit cursor-pointer font-akshar text-lg font-medium leading-5 text-brand-green duration-200 ease-in-out hover:text-brand-green-700 md:text-xl md:leading-6\">\n<p>                            Vengeance I7500 PC de jeu\n                        <\/p><\/div>\n<\/p><\/div>\n<div class=\"hidden md:flex md:justify-between md:gap-x-4\">\n<div class=\"w-full mb-0 md:flex md:flex-col md:justify-center font-sans leading-4 text-black\">\n<div class=\"flex flex-wrap items-center justify-center gap-1 md:justify-start\">\n        <span class=\"font-bold\"><\/p>\n<p>            3 999,99 $<br \/>\n                            <span class=\"font-medium\">\u00e0 Corsair<\/span><br \/>\n                    <\/span>\n            <\/div>\n<div class=\"flex items-center justify-center gap-x-1 font-bold md:justify-start\">\n            <span class=\"text-sm line-through\">4 999,99 $<\/span><br \/>\n            <span class=\"text-sm text-brand-green\">\u00c9conomisez 1 000,00 $<\/span>\n        <\/div>\n<\/p><\/div>\n<p>                            <button class=\"flex justify-center items-center w-full bg-brand-green text-white text-base font-sans font-medium rounded-md hover:bg-brand-green-700 hover:cursor-pointer md:text-sm hidden self-end h-12 max-w-(10rem) duration-200 ease-in-out hover:bg-brand-green-700 md:flex md:h-10\"><\/p>\n<p>    Conclure un accord<br \/>\n<\/button>\n                        <\/div>\n<\/p><\/div>\n<div class=\"flex aspect-video h-(90px) shrink-0 items-center justify-center self-center md:order-1\">\n                        <img decoding=\"async\" class=\"m-0 max-h-full max-w-full rounded-md\" src=\"https:\/\/vieassociative.be\/actualites\/wp-content\/uploads\/2025\/08\/1755976751_401_Les-meilleures-offres-de-la-fete-du-Travail-sur-les.png\" alt=\"Vengeance I7500 PC de jeu\" width=\"auto\" height=\"auto\" loading=\"lazy\">\n                    <\/div>\n<\/p><\/div>\n<p>                            <button class=\"flex justify-center items-center w-full bg-brand-green text-white text-base font-sans font-medium rounded-md hover:bg-brand-green-700 hover:cursor-pointer md:text-sm w-full h-12 duration-200 ease-in-out hover:bg-brand-green-700 md:hidden md:h-10\"><\/p>\n<p>    Conclure un accord<br \/>\n<\/button><\/p>\n<div class=\"flex flex-col items-center w-full md:hidden font-sans leading-4 text-black\">\n<div class=\"flex flex-wrap items-center justify-center gap-1 md:justify-start\">\n        <span class=\"font-bold\"><\/p>\n<p>            3 999,99 $<br \/>\n                            <span class=\"font-medium\">\u00e0 Corsair<\/span><br \/>\n                    <\/span>\n            <\/div>\n<div class=\"flex items-center justify-center gap-x-1 font-bold md:justify-start\">\n            <span class=\"text-sm line-through\">4 999,99 $<\/span><br \/>\n            <span class=\"text-sm text-brand-green\">\u00c9conomisez 1 000,00 $<\/span>\n        <\/div>\n<\/p><\/div>\n<div class=\"flex w-full gap-x-5\">\n<div class=\"flex w-full flex-col flex-nowrap justify-center gap-2 text-black no-underline md:order-2 md:gap-y-6\">\n<div class=\"flex flex-col justify-between gap-y-2 md:w-full md:gap-y-1\">\n<div class=\"block w-fit cursor-pointer font-akshar text-lg font-medium leading-5 text-brand-green duration-200 ease-in-out hover:text-brand-green-700 md:text-xl md:leading-6\">\n<p>                            Alienware &#8211; Aurora Gaming Desktop\n                        <\/p><\/div>\n<\/p><\/div>\n<div class=\"hidden md:flex md:justify-between md:gap-x-4\">\n<div class=\"w-full mb-0 md:flex md:flex-col md:justify-center font-sans leading-4 text-black\">\n<div class=\"flex flex-wrap items-center justify-center gap-1 md:justify-start\">\n        <span class=\"font-bold\"><\/p>\n<p>            2 759,99 $<br \/>\n                            <span class=\"font-medium\">\u00e0 Best Buy<\/span><br \/>\n                    <\/span>\n            <\/div>\n<div class=\"flex items-center justify-center gap-x-1 font-bold md:justify-start\">\n            <span class=\"text-sm line-through\">3 149,99 $<\/span><br \/>\n            <span class=\"text-sm text-brand-green\">\u00c9conomisez 390,00 $<\/span>\n        <\/div>\n<\/p><\/div>\n<p>                            <button class=\"flex justify-center items-center w-full bg-brand-green text-white text-base font-sans font-medium rounded-md hover:bg-brand-green-700 hover:cursor-pointer md:text-sm hidden self-end h-12 max-w-(10rem) duration-200 ease-in-out hover:bg-brand-green-700 md:flex md:h-10\"><\/p>\n<p>    Conclure un accord<br \/>\n<\/button>\n                        <\/div>\n<\/p><\/div>\n<div class=\"flex aspect-video h-(90px) shrink-0 items-center justify-center self-center md:order-1\">\n                        <img decoding=\"async\" class=\"m-0 max-h-full max-w-full rounded-md\" src=\"https:\/\/vieassociative.be\/actualites\/wp-content\/uploads\/2025\/08\/Les-meilleures-offres-de-la-fete-du-Travail-sur-les.webp.webp\" alt=\"Alienware - Aurora Gaming Desktop\" width=\"auto\" height=\"auto\" loading=\"lazy\">\n                    <\/div>\n<\/p><\/div>\n<p>                            <button class=\"flex justify-center items-center w-full bg-brand-green text-white text-base font-sans font-medium rounded-md hover:bg-brand-green-700 hover:cursor-pointer md:text-sm w-full h-12 duration-200 ease-in-out hover:bg-brand-green-700 md:hidden md:h-10\"><\/p>\n<p>    Conclure un accord<br \/>\n<\/button><\/p>\n<div class=\"flex flex-col items-center w-full md:hidden font-sans leading-4 text-black\">\n<div class=\"flex flex-wrap items-center justify-center gap-1 md:justify-start\">\n        <span class=\"font-bold\"><\/p>\n<p>            2 759,99 $<br \/>\n                            <span class=\"font-medium\">\u00e0 Best Buy<\/span><br \/>\n                    <\/span>\n            <\/div>\n<div class=\"flex items-center justify-center gap-x-1 font-bold md:justify-start\">\n            <span class=\"text-sm line-through\">3 149,99 $<\/span><br \/>\n            <span class=\"text-sm text-brand-green\">\u00c9conomisez 390,00 $<\/span>\n        <\/div>\n<\/p><\/div>\n<div class=\"flex w-full gap-x-5\">\n<div class=\"flex w-full flex-col flex-nowrap justify-center gap-2 text-black no-underline md:order-2 md:gap-y-6\">\n<div class=\"flex flex-col justify-between gap-y-2 md:w-full md:gap-y-1\">\n<div class=\"block w-fit cursor-pointer font-akshar text-lg font-medium leading-5 text-brand-green duration-200 ease-in-out hover:text-brand-green-700 md:text-xl md:leading-6\">\n<p>                            Samsung Portable SSD T7\n                        <\/p><\/div>\n<\/p><\/div>\n<div class=\"hidden md:flex md:justify-between md:gap-x-4\">\n<div class=\"w-full mb-0 md:flex md:flex-col md:justify-center font-sans leading-4 text-black\">\n<div class=\"flex flex-wrap items-center justify-center gap-1 md:justify-start\">\n        <span class=\"font-bold\"><\/p>\n<p>            102,00 $<br \/>\n                            <span class=\"font-medium\">\u00e0 Amazon<\/span><br \/>\n                    <\/span>\n            <\/div>\n<\/p><\/div>\n<p>                            <button class=\"flex justify-center items-center w-full bg-brand-green text-white text-base font-sans font-medium rounded-md hover:bg-brand-green-700 hover:cursor-pointer md:text-sm hidden self-end h-12 max-w-(10rem) duration-200 ease-in-out hover:bg-brand-green-700 md:flex md:h-10\"><\/p>\n<p>    Conclure un accord<br \/>\n<\/button>\n                        <\/div>\n<\/p><\/div>\n<div class=\"flex aspect-video h-(90px) shrink-0 items-center justify-center self-center md:order-1\">\n                        <img decoding=\"async\" class=\"m-0 max-h-full max-w-full rounded-md\" src=\"https:\/\/vieassociative.be\/actualites\/wp-content\/uploads\/2025\/08\/1755976751_832_Les-meilleures-offres-de-la-fete-du-Travail-sur-les.jpg\" alt=\"Samsung Portable SSD T7\" width=\"auto\" height=\"auto\" loading=\"lazy\">\n                    <\/div>\n<\/p><\/div>\n<p>                            <button class=\"flex justify-center items-center w-full bg-brand-green text-white text-base font-sans font-medium rounded-md hover:bg-brand-green-700 hover:cursor-pointer md:text-sm w-full h-12 duration-200 ease-in-out hover:bg-brand-green-700 md:hidden md:h-10\"><\/p>\n<p>    Conclure un accord<br \/>\n<\/button><\/p>\n<div class=\"flex flex-col items-center w-full md:hidden font-sans leading-4 text-black\">\n<div class=\"flex flex-wrap items-center justify-center gap-1 md:justify-start\">\n        <span class=\"font-bold\"><\/p>\n<p>            102,00 $<br \/>\n                            <span class=\"font-medium\">\u00e0 Amazon<\/span><br \/>\n                    <\/span>\n            <\/div>\n<\/p><\/div>\n<div class=\"flex w-full gap-x-5\">\n<div class=\"flex w-full flex-col flex-nowrap justify-center gap-2 text-black no-underline md:order-2 md:gap-y-6\">\n<div class=\"flex flex-col justify-between gap-y-2 md:w-full md:gap-y-1\">\n<div class=\"block w-fit cursor-pointer font-akshar text-lg font-medium leading-5 text-brand-green duration-200 ease-in-out hover:text-brand-green-700 md:text-xl md:leading-6\">\n<p>                            Syst\u00e8me de maillage wifi TP-Link\n                        <\/p><\/div>\n<\/p><\/div>\n<div class=\"hidden md:flex md:justify-between md:gap-x-4\">\n<div class=\"w-full mb-0 md:flex md:flex-col md:justify-center font-sans leading-4 text-black\">\n<div class=\"flex flex-wrap items-center justify-center gap-1 md:justify-start\">\n        <span class=\"font-bold\"><\/p>\n<p>            299,97 $<br \/>\n                            <span class=\"font-medium\">\u00e0 Amazon<\/span><br \/>\n                    <\/span>\n            <\/div>\n<div class=\"flex items-center justify-center gap-x-1 font-bold md:justify-start\">\n            <span class=\"text-sm line-through\">449,99 $<\/span><br \/>\n            <span class=\"text-sm text-brand-green\">\u00c9conomisez 150,02 $<\/span>\n        <\/div>\n<\/p><\/div>\n<p>                            <button class=\"flex justify-center items-center w-full bg-brand-green text-white text-base font-sans font-medium rounded-md hover:bg-brand-green-700 hover:cursor-pointer md:text-sm hidden self-end h-12 max-w-(10rem) duration-200 ease-in-out hover:bg-brand-green-700 md:flex md:h-10\"><\/p>\n<p>    Conclure un accord<br \/>\n<\/button>\n                        <\/div>\n<\/p><\/div>\n<div class=\"flex aspect-video h-(90px) shrink-0 items-center justify-center self-center md:order-1\">\n                        <img decoding=\"async\" class=\"m-0 max-h-full max-w-full rounded-md\" src=\"https:\/\/vieassociative.be\/actualites\/wp-content\/uploads\/2025\/08\/1755976752_551_Les-meilleures-offres-de-la-fete-du-Travail-sur-les.jpg\" alt=\"TP-LINK TRI-BAND WiFi 7 BE10000 Syst\u00e8me de maillage domestique entier (DECO BE63) | 6 stream 10 Gbps | 4 \u00d7 2,5 g de ports c\u00e2bl\u00e9s, 4 \u00d7 antennes internes intelligentes | VPN, AI-ROIMING, MU-Mimo, HomeShield (2-pack)\" width=\"auto\" height=\"auto\" loading=\"lazy\">\n                    <\/div>\n<\/p><\/div>\n<p>                            <button class=\"flex justify-center items-center w-full bg-brand-green text-white text-base font-sans font-medium rounded-md hover:bg-brand-green-700 hover:cursor-pointer md:text-sm w-full h-12 duration-200 ease-in-out hover:bg-brand-green-700 md:hidden md:h-10\"><\/p>\n<p>    Conclure un accord<br \/>\n<\/button><\/p>\n<div class=\"flex flex-col items-center w-full md:hidden font-sans leading-4 text-black\">\n<div class=\"flex flex-wrap items-center justify-center gap-1 md:justify-start\">\n        <span class=\"font-bold\"><\/p>\n<p>            299,97 $<br \/>\n                            <span class=\"font-medium\">\u00e0 Amazon<\/span><br \/>\n                    <\/span>\n            <\/div>\n<div class=\"flex items-center justify-center gap-x-1 font-bold md:justify-start\">\n            <span class=\"text-sm line-through\">449,99 $<\/span><br \/>\n            <span class=\"text-sm text-brand-green\">\u00c9conomisez 150,02 $<\/span>\n        <\/div>\n<\/p><\/div>\n<div class=\"flex w-full gap-x-5\">\n<div class=\"flex w-full flex-col flex-nowrap justify-center gap-2 text-black no-underline md:order-2 md:gap-y-6\">\n<div class=\"flex flex-col justify-between gap-y-2 md:w-full md:gap-y-1\">\n<div class=\"block w-fit cursor-pointer font-akshar text-lg font-medium leading-5 text-brand-green duration-200 ease-in-out hover:text-brand-green-700 md:text-xl md:leading-6\">\n<p>                            Logitech MX Keys mini clavier sans fil minimaliste (graphite)\n                        <\/p><\/div>\n<\/p><\/div>\n<div class=\"hidden md:flex md:justify-between md:gap-x-4\">\n<div class=\"w-full mb-0 md:flex md:flex-col md:justify-center font-sans leading-4 text-black\">\n<div class=\"flex flex-wrap items-center justify-center gap-1 md:justify-start\">\n        <span class=\"font-bold\"><\/p>\n<p>            89,99 $<br \/>\n                            <span class=\"font-medium\">\u00e0 Amazon<\/span><br \/>\n                    <\/span>\n            <\/div>\n<div class=\"flex items-center justify-center gap-x-1 font-bold md:justify-start\">\n            <span class=\"text-sm line-through\">99,99 $<\/span><br \/>\n            <span class=\"text-sm text-brand-green\">\u00c9conomisez 10,00 $<\/span>\n        <\/div>\n<\/p><\/div>\n<p>                            <button class=\"flex justify-center items-center w-full bg-brand-green text-white text-base font-sans font-medium rounded-md hover:bg-brand-green-700 hover:cursor-pointer md:text-sm hidden self-end h-12 max-w-(10rem) duration-200 ease-in-out hover:bg-brand-green-700 md:flex md:h-10\"><\/p>\n<p>    Conclure un accord<br \/>\n<\/button>\n                        <\/div>\n<\/p><\/div>\n<div class=\"flex aspect-video h-(90px) shrink-0 items-center justify-center self-center md:order-1\">\n                        <img decoding=\"async\" class=\"m-0 max-h-full max-w-full rounded-md\" src=\"https:\/\/vieassociative.be\/actualites\/wp-content\/uploads\/2025\/08\/1755976752_602_Les-meilleures-offres-de-la-fete-du-Travail-sur-les.jpg\" alt=\"Logitech MX Keys mini clavier sans fil minimaliste (graphite)\" width=\"auto\" height=\"auto\" loading=\"lazy\">\n                    <\/div>\n<\/p><\/div>\n<p>                            <button class=\"flex justify-center items-center w-full bg-brand-green text-white text-base font-sans font-medium rounded-md hover:bg-brand-green-700 hover:cursor-pointer md:text-sm w-full h-12 duration-200 ease-in-out hover:bg-brand-green-700 md:hidden md:h-10\"><\/p>\n<p>    Conclure un accord<br \/>\n<\/button><\/p>\n<div class=\"flex flex-col items-center w-full md:hidden font-sans leading-4 text-black\">\n<div class=\"flex flex-wrap items-center justify-center gap-1 md:justify-start\">\n        <span class=\"font-bold\"><\/p>\n<p>            89,99 $<br \/>\n                            <span class=\"font-medium\">\u00e0 Amazon<\/span><br \/>\n                    <\/span>\n            <\/div>\n<div class=\"flex items-center justify-center gap-x-1 font-bold md:justify-start\">\n            <span class=\"text-sm line-through\">99,99 $<\/span><br \/>\n            <span class=\"text-sm text-brand-green\">\u00c9conomisez 10,00 $<\/span>\n        <\/div>\n<\/p><\/div>\n<div class=\"flex w-full gap-x-5\">\n<div class=\"flex w-full flex-col flex-nowrap justify-center gap-2 text-black no-underline md:order-2 md:gap-y-6\">\n<div class=\"flex flex-col justify-between gap-y-2 md:w-full md:gap-y-1\">\n<div class=\"block w-fit cursor-pointer font-akshar text-lg font-medium leading-5 text-brand-green duration-200 ease-in-out hover:text-brand-green-700 md:text-xl md:leading-6\">\n<p>                            Webcam Logitech C920X Pro HD\n                        <\/p><\/div>\n<\/p><\/div>\n<div class=\"hidden md:flex md:justify-between md:gap-x-4\">\n<div class=\"w-full mb-0 md:flex md:flex-col md:justify-center font-sans leading-4 text-black\">\n<div class=\"flex flex-wrap items-center justify-center gap-1 md:justify-start\">\n        <span class=\"font-bold\"><\/p>\n<p>            59,00 $<br \/>\n                            <span class=\"font-medium\">\u00e0 Walmart<\/span><br \/>\n                    <\/span>\n            <\/div>\n<div class=\"flex items-center justify-center gap-x-1 font-bold md:justify-start\">\n            <span class=\"text-sm line-through\">139,26 $<\/span><br \/>\n            <span class=\"text-sm text-brand-green\">\u00c9conomisez 80,26 $<\/span>\n        <\/div>\n<\/p><\/div>\n<p>                            <button class=\"flex justify-center items-center w-full bg-brand-green text-white text-base font-sans font-medium rounded-md hover:bg-brand-green-700 hover:cursor-pointer md:text-sm hidden self-end h-12 max-w-(10rem) duration-200 ease-in-out hover:bg-brand-green-700 md:flex md:h-10\"><\/p>\n<p>    Conclure un accord<br \/>\n<\/button>\n                        <\/div>\n<\/p><\/div>\n<div class=\"flex aspect-video h-(90px) shrink-0 items-center justify-center self-center md:order-1\">\n                        <img decoding=\"async\" class=\"m-0 max-h-full max-w-full rounded-md\" src=\"https:\/\/vieassociative.be\/actualites\/wp-content\/uploads\/2025\/08\/1755976752_288_Les-meilleures-offres-de-la-fete-du-Travail-sur-les.jpg\" alt=\"Webcam Logitech C920X Pro HD\" width=\"auto\" height=\"auto\" loading=\"lazy\">\n                    <\/div>\n<\/p><\/div>\n<p>                            <button class=\"flex justify-center items-center w-full bg-brand-green text-white text-base font-sans font-medium rounded-md hover:bg-brand-green-700 hover:cursor-pointer md:text-sm w-full h-12 duration-200 ease-in-out hover:bg-brand-green-700 md:hidden md:h-10\"><\/p>\n<p>    Conclure un accord<br \/>\n<\/button><\/p>\n<div class=\"flex flex-col items-center w-full md:hidden font-sans leading-4 text-black\">\n<div class=\"flex flex-wrap items-center justify-center gap-1 md:justify-start\">\n        <span class=\"font-bold\"><\/p>\n<p>            59,00 $<br \/>\n                            <span class=\"font-medium\">\u00e0 Walmart<\/span><br \/>\n                    <\/span>\n            <\/div>\n<div class=\"flex items-center justify-center gap-x-1 font-bold md:justify-start\">\n            <span class=\"text-sm line-through\">139,26 $<\/span><br \/>\n            <span class=\"text-sm text-brand-green\">\u00c9conomisez 80,26 $<\/span>\n        <\/div>\n<\/p><\/div>\n<\/div>\n<h2 id=\"for-creative-power-users-mac-studio-with-m4-max\">Pour les utilisateurs de cr\u00e9atives: Mac Studio avec M4 Max<\/h2>\n<p>Le Mac Studio, comme le Mac Mini, est un Mac-in-A-Box qui vous permet d&rsquo;apporter votre propre moniteur et p\u00e9riph\u00e9riques. Contrairement au Mac Mini, ce sont des petites machines assez puissantes dans des packages abordables (pour Apple, en tout cas). Ce mod\u00e8le est livr\u00e9 avec un processeur M4 MAX, 36 Go de RAM et 1 To de stockage int\u00e9gr\u00e9 pour 1 900 $ (200 $ de r\u00e9duction sur son prix normal).<\/p>\n<h2 id=\"for-zoom-calls-as-well-as-work-lenovo-thinkcentre-m90a-all-in-one\">Pour les appels de zoom (ainsi que le travail): Lenovo ThinkCentre M90A tout-en-un<\/h2>\n<p>La derni\u00e8re chose que vous voulez vous soucier lorsque vous essayez de faire le travail de bureau, c&rsquo;est la fa\u00e7on dont vous allez regarder sur Zoom. Heureusement, ce Lenovo All-in-One supprime la conjecture. En plus d&#8217;emballer des sp\u00e9cifications solides dans un moniteur de 24 \u00ab\u00a01080p, il est livr\u00e9 avec une webcam 5MP int\u00e9gr\u00e9e sur un support r\u00e9glable attach\u00e9 au haut de l&rsquo;\u00e9cran.<\/p>\n<h2 id=\"for-power-overwhelming-corsair-vengeance-gaming-pc\">Pour la puissance \u00e9crasante: Corsair Vengeance Gaming PC<\/h2>\n<p>Corsair fabrique d&rsquo;excellents PC de jeu, et cette vengeance pr\u00e9d\u00e9finie est une puissance. Il contient un processeur Intel Core i9-14900kf, une carte graphique NVIDIA GEFORCE RTX 5090, 64 Go de RAM DDR5 et un SSD M.2 2 To. Cette plate-forme est en baisse \u00e0 4 000 $, une remise de 1 000 $ par rapport \u00e0 son prix normal. \u00c9tant donn\u00e9 que le GPU 5090 peut co\u00fbter plus tard \u00e0 2 000 $, c&rsquo;est beaucoup sur votre prochaine plate-forme de jeu ou de montage vid\u00e9o si vous avez besoin du plus de puissance possible.<\/p>\n<h2 id=\"for-future-proof-gaming-or-work-alienware-aurora-gaming-desktop\">Pour les jeux (ou travail) \u00e0 l&rsquo;\u00e9preuve des futurs: Alienware Aurora Gaming Desktop<\/h2>\n<p>Pour un PC qui est explicitement commercialis\u00e9 comme une plate-forme de jeu, ce bureau Alienware pourrait se fondre \u00e9tonnamment bien dans un bureau. Il contient un processeur Intel Core Ultra 9 285K, 32 Go de RAM et un GPU Nvidia GeForce RTX 5080. \u00c0 2 760 $, c&rsquo;est 390 $ sur son prix normal. C&rsquo;est un choix solide si vous voulez une plate-forme de jeu qui durera plusieurs ann\u00e9es sans devenir obsol\u00e8te, mais cela fonctionne \u00e9galement bien si vous avez besoin d&rsquo;une machine de travail r\u00e9guli\u00e8re qui a de la puissance derri\u00e8re.<\/p>\n<h2 id=\"deals-on-pc-accessories\">Offres sur les accessoires PC<\/h2>\n<p>Le besoin d&rsquo;offres ne se termine pas une fois que vous avez un ordinateur sur votre bureau. Les p\u00e9riph\u00e9riques, le stockage et d&rsquo;autres accessoires peuvent s&rsquo;additionner, mais voici quelques autres choses sur lesquelles vous pouvez \u00e9conomiser.<\/p>\n<h3>Pour tous vos besoins p\u00e9riph\u00e9riques: Adaptateur USB-C ANKER 7-en-1<\/h3>\n<p>J&rsquo;ai eu ce dongle Anker en particulier dans mon sac d&rsquo;ordinateur portable car je ne me souviens m\u00eame pas du nombre d&rsquo;ann\u00e9es. C&rsquo;est super bon march\u00e9 &#8211; en vente d\u00e8s maintenant pour 28 $, contre 36 $ &#8211; et transforme un port USB-C sur votre ordinateur dans un \u00e9ventail de ports. Il a de l&rsquo;espace pour brancher les cartes SD et MicroSD et le c\u00e2ble HDMI, deux appareils USB 3.0 et m\u00eame une connexion Ethernet. Ce n&rsquo;est pas tout \u00e0 fait un remplacement pour une station d&rsquo;accueil compl\u00e8te, mais pour vous assurer que vous pouvez vous connecter \u00e0 n&rsquo;importe quoi en d\u00e9placement, c&rsquo;est mon pr\u00e9f\u00e9r\u00e9.<\/p>\n<h3>Pour le stockage rapide du flamboyant: SSD externe Samsung T7<\/h3>\n<p>C&rsquo;est de loin ma solution de stockage externe pr\u00e9f\u00e9r\u00e9e. Le SSD externe Samsung T7 a un cadre monocoque en aluminium extr\u00eamement durable et atteint des vitesses de transfert ridiculement rapides allant jusqu&rsquo;\u00e0 1 050 Mo \/ s. J&rsquo;ai utilis\u00e9 cela pour enregistrer et transf\u00e9rer des s\u00e9quences vid\u00e9o 6K non compress\u00e9es, qui peuvent rapidement atteindre des centaines de gigaoctets. S&rsquo;il est assez rapide pour mes besoins vid\u00e9o aberrants, il suffit probablement de tout ce que vous pouvez lui lancer. \u00c0 l&rsquo;heure actuelle, le mod\u00e8le 2 To est en baisse \u00e0 130 $ (ou 20 $ de rabais).<\/p>\n<h3>Pour la couverture WiFi \u00e0 domicile super rapide: TP-Link Deco Mesh WiFi<\/h3>\n<p>Les syst\u00e8mes de maillage sont une \u00e9norme aubaine pour couvrir les grandes maisons de grande (voire moyenne) avec WiFi. Ce pack de routeurs en maille TP-Link offre une couverture Wi-Fi 7 \u00e0 partir de deux points d&rsquo;acc\u00e8s, que vous pouvez d\u00e9velopper avec plus de points \u00e0 l&rsquo;avenir si vous avez besoin de plus de couverture. Il prend en charge jusqu&rsquo;\u00e0 5188 Mbps de vitesses sur les canaux 6 GHz, et il prend \u00e9galement en charge les r\u00e9seaux \u00e0 5 GHz et 2,4 GHz, pour les appareils plus anciens de votre maison qui ne prennent pas encore en charge le Wi-Fi 7.<\/p>\n<h3>Pour la dactylographie polyvalente: Logitech MX Keys Mini<\/h3>\n<p>Le Logitech MX Keys Mini est une variante plus petite de mon clavier de pilote quotidien. La gamme MX Keys de Logitech est un ensemble de claviers durables, confortables et \u00e0 profil bas avec une grande autonomie et un logiciel de personnalisation robuste. L&rsquo;application Logi Options + vous permet de d\u00e9finir des macros personnalis\u00e9es, ajuster les fonctions de diverses cl\u00e9s et ajuster l&rsquo;appareil \u00e0 vos besoins de productivit\u00e9 sp\u00e9cifiques. Personnellement, je pr\u00e9f\u00e8re avoir un Numpad, mais si vous pouviez en faire, ce mod\u00e8le est \u00e0 90 $.<\/p>\n<h3>Pour la clart\u00e9 de l&rsquo;appel vid\u00e9o: webcam Logitech C920X<\/h3>\n<p>La plupart des technologies sont obsol\u00e8tes dans un an ou deux, mais la webcam Logitech C920X est l&rsquo;un de ces rares gadgets qui a r\u00e9ussi \u00e0 rester en t\u00eate de sa classe avec un minimum de mises \u00e0 jour. J&rsquo;ai achet\u00e9 plusieurs unit\u00e9s de cette webcam au fil des ans, soit pour remplacer celles que j&rsquo;ai perdues, soit comme cadeaux pour des amis. Il offre une excellente vid\u00e9o 1080p, repose confortablement sur presque tous les moniteurs ou ordinateurs portables, et a d&rsquo;excellents ajustements automatiques pour \u00e9gayer et corriger les couleurs de votre appareil photo. C&rsquo;est d\u00e9j\u00e0 assez bon march\u00e9 g\u00e9n\u00e9ralement, et maintenant il est tomb\u00e9 \u00e0 60 $ (\u00e0 partir de 70 $).<\/p>\n","protected":false},"excerpt":{"rendered":"<p>Achetez un ordinateur enti\u00e8rement construit ou marquez des ventes sur les accessoires pour votre PC avec ces ventes de la f\u00eate du Travail. Ventes de<\/p>\n","protected":false},"author":1,"featured_media":9589,"comment_status":"","ping_status":"","sticky":false,"template":"","format":"standard","meta":{"footnotes":""},"categories":[13],"tags":[4605,1485,4120,14,79,345,33,504],"class_list":["post-9588","post","type-post","status-publish","format-standard","has-post-thumbnail","hentry","category-technologie","tag-accessoires","tag-fete","tag-informatiques","tag-les","tag-meilleures","tag-offres","tag-sur","tag-travail","generate-columns","tablet-grid-50","mobile-grid-100","grid-parent","grid-33"],"yoast_head":"<!-- This site is optimized with the Yoast SEO plugin v24.0 - https:\/\/yoast.com\/wordpress\/plugins\/seo\/ -->\n<title>Les meilleures offres de la f\u00eate du Travail sur les PC et les accessoires informatiques | Vie Associative<\/title>\n<meta name=\"robots\" content=\"index, follow, max-snippet:-1, max-image-preview:large, max-video-preview:-1\" \/>\n<link rel=\"canonical\" href=\"https:\/\/vieassociative.be\/actualites\/les-meilleures-offres-de-la-fete-du-travail-sur-les-pc-et-les-accessoires-informatiques\/\" \/>\n<meta property=\"og:locale\" content=\"fr_FR\" \/>\n<meta property=\"og:type\" content=\"article\" \/>\n<meta property=\"og:title\" content=\"Les meilleures offres de la f\u00eate du Travail sur les PC et les accessoires informatiques | Vie Associative\" \/>\n<meta property=\"og:description\" content=\"Achetez un ordinateur enti\u00e8rement construit ou marquez des ventes sur les accessoires pour votre PC avec ces ventes de la f\u00eate du Travail. Ventes de\" \/>\n<meta property=\"og:url\" content=\"https:\/\/vieassociative.be\/actualites\/les-meilleures-offres-de-la-fete-du-travail-sur-les-pc-et-les-accessoires-informatiques\/\" \/>\n<meta property=\"og:site_name\" content=\"Vie Associative\" \/>\n<meta property=\"article:published_time\" content=\"2025-08-23T19:19:12+00:00\" \/>\n<meta property=\"og:image\" content=\"https:\/\/vieassociative.be\/actualites\/wp-content\/uploads\/2025\/08\/Les-meilleures-offres-de-la-fete-du-Travail-sur-les.jpg\" \/>\n<meta name=\"author\" content=\"Julien\" \/>\n<meta name=\"twitter:card\" content=\"summary_large_image\" \/>\n<meta name=\"twitter:label1\" content=\"\u00c9crit par\" \/>\n\t<meta name=\"twitter:data1\" content=\"Julien\" \/>\n\t<meta name=\"twitter:label2\" content=\"Dur\u00e9e de lecture est.\" \/>\n\t<meta name=\"twitter:data2\" content=\"6 minutes\" \/>\n<script type=\"application\/ld+json\" class=\"yoast-schema-graph\">{\"@context\":\"https:\/\/schema.org\",\"@graph\":[{\"@type\":\"Article\",\"@id\":\"https:\/\/vieassociative.be\/actualites\/les-meilleures-offres-de-la-fete-du-travail-sur-les-pc-et-les-accessoires-informatiques\/#article\",\"isPartOf\":{\"@id\":\"https:\/\/vieassociative.be\/actualites\/les-meilleures-offres-de-la-fete-du-travail-sur-les-pc-et-les-accessoires-informatiques\/\"},\"author\":{\"name\":\"Julien\",\"@id\":\"https:\/\/vieassociative.be\/actualites\/#\/schema\/person\/b87ac4f82f9d4e7b7cec7395b679edc4\"},\"headline\":\"Les meilleures offres de la f\u00eate du Travail sur les PC et les accessoires informatiques\",\"datePublished\":\"2025-08-23T19:19:12+00:00\",\"dateModified\":\"2025-08-23T19:19:12+00:00\",\"mainEntityOfPage\":{\"@id\":\"https:\/\/vieassociative.be\/actualites\/les-meilleures-offres-de-la-fete-du-travail-sur-les-pc-et-les-accessoires-informatiques\/\"},\"wordCount\":1290,\"publisher\":{\"@id\":\"https:\/\/vieassociative.be\/actualites\/#organization\"},\"image\":{\"@id\":\"https:\/\/vieassociative.be\/actualites\/les-meilleures-offres-de-la-fete-du-travail-sur-les-pc-et-les-accessoires-informatiques\/#primaryimage\"},\"thumbnailUrl\":\"https:\/\/vieassociative.be\/actualites\/wp-content\/uploads\/2025\/08\/1755976754_Les-meilleures-offres-de-la-fete-du-Travail-sur-les.png\",\"keywords\":[\"accessoires\",\"f\u00eate\",\"informatiques\",\"Les\",\"meilleures\",\"offres\",\"sur\",\"travail\"],\"articleSection\":[\"Technologie\"],\"inLanguage\":\"fr-BE\"},{\"@type\":\"WebPage\",\"@id\":\"https:\/\/vieassociative.be\/actualites\/les-meilleures-offres-de-la-fete-du-travail-sur-les-pc-et-les-accessoires-informatiques\/\",\"url\":\"https:\/\/vieassociative.be\/actualites\/les-meilleures-offres-de-la-fete-du-travail-sur-les-pc-et-les-accessoires-informatiques\/\",\"name\":\"Les meilleures offres de la f\u00eate du Travail sur les PC et les accessoires informatiques | Vie Associative\",\"isPartOf\":{\"@id\":\"https:\/\/vieassociative.be\/actualites\/#website\"},\"primaryImageOfPage\":{\"@id\":\"https:\/\/vieassociative.be\/actualites\/les-meilleures-offres-de-la-fete-du-travail-sur-les-pc-et-les-accessoires-informatiques\/#primaryimage\"},\"image\":{\"@id\":\"https:\/\/vieassociative.be\/actualites\/les-meilleures-offres-de-la-fete-du-travail-sur-les-pc-et-les-accessoires-informatiques\/#primaryimage\"},\"thumbnailUrl\":\"https:\/\/vieassociative.be\/actualites\/wp-content\/uploads\/2025\/08\/1755976754_Les-meilleures-offres-de-la-fete-du-Travail-sur-les.png\",\"datePublished\":\"2025-08-23T19:19:12+00:00\",\"dateModified\":\"2025-08-23T19:19:12+00:00\",\"breadcrumb\":{\"@id\":\"https:\/\/vieassociative.be\/actualites\/les-meilleures-offres-de-la-fete-du-travail-sur-les-pc-et-les-accessoires-informatiques\/#breadcrumb\"},\"inLanguage\":\"fr-BE\",\"potentialAction\":[{\"@type\":\"ReadAction\",\"target\":[\"https:\/\/vieassociative.be\/actualites\/les-meilleures-offres-de-la-fete-du-travail-sur-les-pc-et-les-accessoires-informatiques\/\"]}]},{\"@type\":\"ImageObject\",\"inLanguage\":\"fr-BE\",\"@id\":\"https:\/\/vieassociative.be\/actualites\/les-meilleures-offres-de-la-fete-du-travail-sur-les-pc-et-les-accessoires-informatiques\/#primaryimage\",\"url\":\"https:\/\/vieassociative.be\/actualites\/wp-content\/uploads\/2025\/08\/1755976754_Les-meilleures-offres-de-la-fete-du-Travail-sur-les.png\",\"contentUrl\":\"https:\/\/vieassociative.be\/actualites\/wp-content\/uploads\/2025\/08\/1755976754_Les-meilleures-offres-de-la-fete-du-Travail-sur-les.png\",\"width\":1200,\"height\":675,\"caption\":\"Les meilleures offres de la f\u00eate du Travail sur les PC et les accessoires informatiques\"},{\"@type\":\"BreadcrumbList\",\"@id\":\"https:\/\/vieassociative.be\/actualites\/les-meilleures-offres-de-la-fete-du-travail-sur-les-pc-et-les-accessoires-informatiques\/#breadcrumb\",\"itemListElement\":[{\"@type\":\"ListItem\",\"position\":1,\"name\":\"Accueil\",\"item\":\"https:\/\/vieassociative.be\/actualites\/\"},{\"@type\":\"ListItem\",\"position\":2,\"name\":\"Les meilleures offres de la f\u00eate du Travail sur les PC et les accessoires informatiques\"}]},{\"@type\":\"WebSite\",\"@id\":\"https:\/\/vieassociative.be\/actualites\/#website\",\"url\":\"https:\/\/vieassociative.be\/actualites\/\",\"name\":\"Vie Associative\",\"description\":\"\",\"publisher\":{\"@id\":\"https:\/\/vieassociative.be\/actualites\/#organization\"},\"potentialAction\":[{\"@type\":\"SearchAction\",\"target\":{\"@type\":\"EntryPoint\",\"urlTemplate\":\"https:\/\/vieassociative.be\/actualites\/?s={search_term_string}\"},\"query-input\":{\"@type\":\"PropertyValueSpecification\",\"valueRequired\":true,\"valueName\":\"search_term_string\"}}],\"inLanguage\":\"fr-BE\"},{\"@type\":\"Organization\",\"@id\":\"https:\/\/vieassociative.be\/actualites\/#organization\",\"name\":\"Vie Associative\",\"url\":\"https:\/\/vieassociative.be\/actualites\/\",\"logo\":{\"@type\":\"ImageObject\",\"inLanguage\":\"fr-BE\",\"@id\":\"https:\/\/vieassociative.be\/actualites\/#\/schema\/logo\/image\/\",\"url\":\"https:\/\/vieassociative.be\/actualites\/wp-content\/uploads\/2024\/09\/cropped-vieassociative_favicon.ico.png\",\"contentUrl\":\"https:\/\/vieassociative.be\/actualites\/wp-content\/uploads\/2024\/09\/cropped-vieassociative_favicon.ico.png\",\"width\":512,\"height\":512,\"caption\":\"Vie Associative\"},\"image\":{\"@id\":\"https:\/\/vieassociative.be\/actualites\/#\/schema\/logo\/image\/\"}},{\"@type\":\"Person\",\"@id\":\"https:\/\/vieassociative.be\/actualites\/#\/schema\/person\/b87ac4f82f9d4e7b7cec7395b679edc4\",\"name\":\"Julien\",\"image\":{\"@type\":\"ImageObject\",\"inLanguage\":\"fr-BE\",\"@id\":\"https:\/\/vieassociative.be\/actualites\/#\/schema\/person\/image\/\",\"url\":\"https:\/\/vieassociative.be\/actualites\/wp-content\/uploads\/2024\/09\/vie-associative-1-150x150.jpg\",\"contentUrl\":\"https:\/\/vieassociative.be\/actualites\/wp-content\/uploads\/2024\/09\/vie-associative-1-150x150.jpg\",\"caption\":\"Julien\"},\"description\":\"Je suis Julien, r\u00e9dacteur pour Vie Associative. Passionn\u00e9 par le monde associatif depuis plus de 10 ans, j'ai \u00e0 c\u0153ur de partager des histoires inspirantes et de mettre en lumi\u00e8re les initiatives locales. Mon objectif est de sensibiliser et d'encourager l'engagement communautaire \u00e0 travers mes articles.\",\"sameAs\":[\"https:\/\/vieassociative.be\/\"]}]}<\/script>\n<!-- \/ Yoast SEO plugin. -->","yoast_head_json":{"title":"Les meilleures offres de la f\u00eate du Travail sur les PC et les accessoires informatiques | Vie Associative","robots":{"index":"index","follow":"follow","max-snippet":"max-snippet:-1","max-image-preview":"max-image-preview:large","max-video-preview":"max-video-preview:-1"},"canonical":"https:\/\/vieassociative.be\/actualites\/les-meilleures-offres-de-la-fete-du-travail-sur-les-pc-et-les-accessoires-informatiques\/","og_locale":"fr_FR","og_type":"article","og_title":"Les meilleures offres de la f\u00eate du Travail sur les PC et les accessoires informatiques | Vie Associative","og_description":"Achetez un ordinateur enti\u00e8rement construit ou marquez des ventes sur les accessoires pour votre PC avec ces ventes de la f\u00eate du Travail. Ventes de","og_url":"https:\/\/vieassociative.be\/actualites\/les-meilleures-offres-de-la-fete-du-travail-sur-les-pc-et-les-accessoires-informatiques\/","og_site_name":"Vie Associative","article_published_time":"2025-08-23T19:19:12+00:00","og_image":[{"url":"https:\/\/vieassociative.be\/actualites\/wp-content\/uploads\/2025\/08\/Les-meilleures-offres-de-la-fete-du-Travail-sur-les.jpg","type":"","width":"","height":""}],"author":"Julien","twitter_card":"summary_large_image","twitter_misc":{"\u00c9crit par":"Julien","Dur\u00e9e de lecture est.":"6 minutes"},"schema":{"@context":"https:\/\/schema.org","@graph":[{"@type":"Article","@id":"https:\/\/vieassociative.be\/actualites\/les-meilleures-offres-de-la-fete-du-travail-sur-les-pc-et-les-accessoires-informatiques\/#article","isPartOf":{"@id":"https:\/\/vieassociative.be\/actualites\/les-meilleures-offres-de-la-fete-du-travail-sur-les-pc-et-les-accessoires-informatiques\/"},"author":{"name":"Julien","@id":"https:\/\/vieassociative.be\/actualites\/#\/schema\/person\/b87ac4f82f9d4e7b7cec7395b679edc4"},"headline":"Les meilleures offres de la f\u00eate du Travail sur les PC et les accessoires informatiques","datePublished":"2025-08-23T19:19:12+00:00","dateModified":"2025-08-23T19:19:12+00:00","mainEntityOfPage":{"@id":"https:\/\/vieassociative.be\/actualites\/les-meilleures-offres-de-la-fete-du-travail-sur-les-pc-et-les-accessoires-informatiques\/"},"wordCount":1290,"publisher":{"@id":"https:\/\/vieassociative.be\/actualites\/#organization"},"image":{"@id":"https:\/\/vieassociative.be\/actualites\/les-meilleures-offres-de-la-fete-du-travail-sur-les-pc-et-les-accessoires-informatiques\/#primaryimage"},"thumbnailUrl":"https:\/\/vieassociative.be\/actualites\/wp-content\/uploads\/2025\/08\/1755976754_Les-meilleures-offres-de-la-fete-du-Travail-sur-les.png","keywords":["accessoires","f\u00eate","informatiques","Les","meilleures","offres","sur","travail"],"articleSection":["Technologie"],"inLanguage":"fr-BE"},{"@type":"WebPage","@id":"https:\/\/vieassociative.be\/actualites\/les-meilleures-offres-de-la-fete-du-travail-sur-les-pc-et-les-accessoires-informatiques\/","url":"https:\/\/vieassociative.be\/actualites\/les-meilleures-offres-de-la-fete-du-travail-sur-les-pc-et-les-accessoires-informatiques\/","name":"Les meilleures offres de la f\u00eate du Travail sur les PC et les accessoires informatiques | Vie Associative","isPartOf":{"@id":"https:\/\/vieassociative.be\/actualites\/#website"},"primaryImageOfPage":{"@id":"https:\/\/vieassociative.be\/actualites\/les-meilleures-offres-de-la-fete-du-travail-sur-les-pc-et-les-accessoires-informatiques\/#primaryimage"},"image":{"@id":"https:\/\/vieassociative.be\/actualites\/les-meilleures-offres-de-la-fete-du-travail-sur-les-pc-et-les-accessoires-informatiques\/#primaryimage"},"thumbnailUrl":"https:\/\/vieassociative.be\/actualites\/wp-content\/uploads\/2025\/08\/1755976754_Les-meilleures-offres-de-la-fete-du-Travail-sur-les.png","datePublished":"2025-08-23T19:19:12+00:00","dateModified":"2025-08-23T19:19:12+00:00","breadcrumb":{"@id":"https:\/\/vieassociative.be\/actualites\/les-meilleures-offres-de-la-fete-du-travail-sur-les-pc-et-les-accessoires-informatiques\/#breadcrumb"},"inLanguage":"fr-BE","potentialAction":[{"@type":"ReadAction","target":["https:\/\/vieassociative.be\/actualites\/les-meilleures-offres-de-la-fete-du-travail-sur-les-pc-et-les-accessoires-informatiques\/"]}]},{"@type":"ImageObject","inLanguage":"fr-BE","@id":"https:\/\/vieassociative.be\/actualites\/les-meilleures-offres-de-la-fete-du-travail-sur-les-pc-et-les-accessoires-informatiques\/#primaryimage","url":"https:\/\/vieassociative.be\/actualites\/wp-content\/uploads\/2025\/08\/1755976754_Les-meilleures-offres-de-la-fete-du-Travail-sur-les.png","contentUrl":"https:\/\/vieassociative.be\/actualites\/wp-content\/uploads\/2025\/08\/1755976754_Les-meilleures-offres-de-la-fete-du-Travail-sur-les.png","width":1200,"height":675,"caption":"Les meilleures offres de la f\u00eate du Travail sur les PC et les accessoires informatiques"},{"@type":"BreadcrumbList","@id":"https:\/\/vieassociative.be\/actualites\/les-meilleures-offres-de-la-fete-du-travail-sur-les-pc-et-les-accessoires-informatiques\/#breadcrumb","itemListElement":[{"@type":"ListItem","position":1,"name":"Accueil","item":"https:\/\/vieassociative.be\/actualites\/"},{"@type":"ListItem","position":2,"name":"Les meilleures offres de la f\u00eate du Travail sur les PC et les accessoires informatiques"}]},{"@type":"WebSite","@id":"https:\/\/vieassociative.be\/actualites\/#website","url":"https:\/\/vieassociative.be\/actualites\/","name":"Vie Associative","description":"","publisher":{"@id":"https:\/\/vieassociative.be\/actualites\/#organization"},"potentialAction":[{"@type":"SearchAction","target":{"@type":"EntryPoint","urlTemplate":"https:\/\/vieassociative.be\/actualites\/?s={search_term_string}"},"query-input":{"@type":"PropertyValueSpecification","valueRequired":true,"valueName":"search_term_string"}}],"inLanguage":"fr-BE"},{"@type":"Organization","@id":"https:\/\/vieassociative.be\/actualites\/#organization","name":"Vie Associative","url":"https:\/\/vieassociative.be\/actualites\/","logo":{"@type":"ImageObject","inLanguage":"fr-BE","@id":"https:\/\/vieassociative.be\/actualites\/#\/schema\/logo\/image\/","url":"https:\/\/vieassociative.be\/actualites\/wp-content\/uploads\/2024\/09\/cropped-vieassociative_favicon.ico.png","contentUrl":"https:\/\/vieassociative.be\/actualites\/wp-content\/uploads\/2024\/09\/cropped-vieassociative_favicon.ico.png","width":512,"height":512,"caption":"Vie Associative"},"image":{"@id":"https:\/\/vieassociative.be\/actualites\/#\/schema\/logo\/image\/"}},{"@type":"Person","@id":"https:\/\/vieassociative.be\/actualites\/#\/schema\/person\/b87ac4f82f9d4e7b7cec7395b679edc4","name":"Julien","image":{"@type":"ImageObject","inLanguage":"fr-BE","@id":"https:\/\/vieassociative.be\/actualites\/#\/schema\/person\/image\/","url":"https:\/\/vieassociative.be\/actualites\/wp-content\/uploads\/2024\/09\/vie-associative-1-150x150.jpg","contentUrl":"https:\/\/vieassociative.be\/actualites\/wp-content\/uploads\/2024\/09\/vie-associative-1-150x150.jpg","caption":"Julien"},"description":"Je suis Julien, r\u00e9dacteur pour Vie Associative. Passionn\u00e9 par le monde associatif depuis plus de 10 ans, j'ai \u00e0 c\u0153ur de partager des histoires inspirantes et de mettre en lumi\u00e8re les initiatives locales. Mon objectif est de sensibiliser et d'encourager l'engagement communautaire \u00e0 travers mes articles.","sameAs":["https:\/\/vieassociative.be\/"]}]}},"_links":{"self":[{"href":"https:\/\/vieassociative.be\/actualites\/wp-json\/wp\/v2\/posts\/9588"}],"collection":[{"href":"https:\/\/vieassociative.be\/actualites\/wp-json\/wp\/v2\/posts"}],"about":[{"href":"https:\/\/vieassociative.be\/actualites\/wp-json\/wp\/v2\/types\/post"}],"author":[{"embeddable":true,"href":"https:\/\/vieassociative.be\/actualites\/wp-json\/wp\/v2\/users\/1"}],"replies":[{"embeddable":true,"href":"https:\/\/vieassociative.be\/actualites\/wp-json\/wp\/v2\/comments?post=9588"}],"version-history":[{"count":0,"href":"https:\/\/vieassociative.be\/actualites\/wp-json\/wp\/v2\/posts\/9588\/revisions"}],"wp:featuredmedia":[{"embeddable":true,"href":"https:\/\/vieassociative.be\/actualites\/wp-json\/wp\/v2\/media\/9589"}],"wp:attachment":[{"href":"https:\/\/vieassociative.be\/actualites\/wp-json\/wp\/v2\/media?parent=9588"}],"wp:term":[{"taxonomy":"category","embeddable":true,"href":"https:\/\/vieassociative.be\/actualites\/wp-json\/wp\/v2\/categories?post=9588"},{"taxonomy":"post_tag","embeddable":true,"href":"https:\/\/vieassociative.be\/actualites\/wp-json\/wp\/v2\/tags?post=9588"}],"curies":[{"name":"wp","href":"https:\/\/api.w.org\/{rel}","templated":true}]}}