{"id":9583,"date":"2025-08-23T16:17:58","date_gmt":"2025-08-23T14:17:58","guid":{"rendered":"https:\/\/vieassociative.be\/actualites\/comme-eupen-peut-progresser-dans-le-meilleur-groupe-lors-dune-victoire-au-champion-national-des-quatre-temps-lierse-sk\/"},"modified":"2025-08-23T16:17:58","modified_gmt":"2025-08-23T14:17:58","slug":"comme-eupen-peut-progresser-dans-le-meilleur-groupe-lors-dune-victoire-au-champion-national-des-quatre-temps-lierse-sk","status":"publish","type":"post","link":"https:\/\/vieassociative.be\/actualites\/comme-eupen-peut-progresser-dans-le-meilleur-groupe-lors-dune-victoire-au-champion-national-des-quatre-temps-lierse-sk\/","title":{"rendered":"Comme Eupen peut progresser dans le meilleur groupe lors d&rsquo;une victoire au champion national des quatre temps Lierse SK"},"content":{"rendered":"<p><strong>Avec une victoire contre le FC Li\u00e8ge et un match nul au titre de bi\u00e8re aspirante, le club de deuxi\u00e8me division alors qu&rsquo;Eupen a bien commenc\u00e9 la saison. Si elle peut en ajouter trois autres au groupe sup\u00e9rieur de Challenger Pro League ce samedi (20 h \/ Live on Dazn App) avec trois autres, sinon en prenant la t\u00eate.<\/strong><\/p>\n<p><span id=\"more-422977\"><\/span>Cependant, l&rsquo;entra\u00eeneur-chef Bruno Pinheiro a toutes les raisons d&rsquo;appuyer sur l&rsquo;euphorie Gremse parce que le SK liensee n&rsquo;a rien \u00e0 donner. Le champion national belge des quatre temps a commenc\u00e9 avec 0 point, mais cela ne signifiait pas grand-chose, d&rsquo;autant plus que les deux d\u00e9faites contre les co -pav\u00e9es SK Beveren et KV Kortrijk ont \u200b\u200b\u00e9t\u00e9 collect\u00e9es.<\/p>\n<div id=\"attachment_397410\" class=\"wp-caption alignleft\" style=\"max-width: 300px\"><img fetchpriority=\"high\" decoding=\"async\" class=\"wp-image-397410 size-medium\" src=\"https:\/\/vieassociative.be\/actualites\/wp-content\/uploads\/2025\/06\/Est-ce-que-comme-Eupen-menace-une-saison-avec-beaucoup-de.jpg\" alt=\"\" width=\"300\" height=\"200\"><\/div>\n<p>Contre l&rsquo;Eupen As, les Blacks jaunes ne peuvent plus se permettre une nouvelle d\u00e9faite, car avec 0: 9 points apr\u00e8s trois jours de match, l&rsquo;arbre commencerait \u00e0 l&rsquo;ambitieux club traditionnel de LIER.<\/p>\n<p>Avec Lierse, l&rsquo;As Eupen a toujours une facture, car la saison derni\u00e8re, les Noirs et les Blancs ont perdu 0: 3 ou 1: 3 dans le stade Herman Vanderpoorten et au deuxi\u00e8me \u00e9tage du stade Kehrweg.<\/p>\n<p>Pour la rencontre d&rsquo;aujourd&rsquo;hui dans LIER, comme l&rsquo;entra\u00eeneur Pinheiro peut \u00e0 nouveau utiliser le dernier Nicolas Gavory bless\u00e9. D&rsquo;un autre c\u00f4t\u00e9, le jeu dans la province d&rsquo;Anvers pour la nouvelle venue Merville Bokadi (voir article ailleurs) arrive trop t\u00f4t dans l&rsquo;avis de l&rsquo;entra\u00eeneur. (Cre)<\/p>\n<p><em><strong>Sur le sujet, voir \u00e9galement l&rsquo;article suivant sur OD:<\/strong><\/em><\/p>\n<div class=\"responsive-embed widescreen\">\n<blockquote class=\"wp-embedded-content\" data-secret=\"QiRBGkJgsq\">\n<p>Comme Eupen r\u00e9cup\u00e9re le d\u00e9fenseur Merveille Bokadi de Standard Li\u00e8ge &#8211; 22 jeux pour le Congo<\/p>\n<\/blockquote>\n<p><iframe loading=\"lazy\" class=\"wp-embedded-content\" sandbox=\"allow-scripts\" security=\"restricted\" style=\"position: absolute; visibility: hidden;\" title=\"\u201eAS Eupen holt Abwehrspieler Merveille Bokadi von Standard L\u00fcttich \u2013 22 Spiele f\u00fcr Kongo\u201c \u2014 Ostbelgien Direkt\" src=\"https:\/\/ostbelgiendirekt.be\/about:blank\" data-secret=\"QiRBGkJgsq\" width=\"500\" height=\"282\" frameborder=\"0\" marginwidth=\"0\" marginheight=\"0\" scrolling=\"no\" data-rocket-lazyload=\"fitvidscompatible\" data-lazy-src=\"https:\/\/ostbelgiendirekt.be\/as-eupen-holt-bokadi-422883\/embed#?secret=1je9jGLMWc#?secret=QiRBGkJgsq\"><\/iframe><noscript><iframe class=\"wp-embedded-content\" sandbox=\"allow-scripts\" security=\"restricted\" style=\"position: absolute; visibility: hidden;\" title=\"\u201eAS Eupen holt Abwehrspieler Merveille Bokadi von Standard L\u00fcttich \u2013 22 Spiele f\u00fcr Kongo\u201c \u2014 Ostbelgien Direkt\" src=\"https:\/\/ostbelgiendirekt.be\/as-eupen-holt-bokadi-422883\/embed#?secret=1je9jGLMWc#?secret=QiRBGkJgsq\" data-secret=\"QiRBGkJgsq\" width=\"500\" height=\"282\" frameborder=\"0\" marginwidth=\"0\" marginheight=\"0\" scrolling=\"no\"><\/iframe><\/noscript><\/p>\n<\/div>\n","protected":false},"excerpt":{"rendered":"<p>Avec une victoire contre le FC Li\u00e8ge et un match nul au titre de bi\u00e8re aspirante, le club de deuxi\u00e8me division alors qu&rsquo;Eupen a bien<\/p>\n","protected":false},"author":1,"featured_media":9584,"comment_status":"","ping_status":"","sticky":false,"template":"","format":"standard","meta":{"footnotes":""},"categories":[298],"tags":[2524,1254,166,29,698,2329,1827,5250,353,579,4580,22,8277,1435,790,784],"class_list":["post-9583","post","type-post","status-publish","format-standard","has-post-thumbnail","hentry","category-belgique","tag-champion","tag-comme","tag-dans","tag-des","tag-dune","tag-eupen","tag-groupe","tag-lierse","tag-lors","tag-meilleur","tag-national","tag-peut","tag-progresser","tag-quatre","tag-temps","tag-victoire","generate-columns","tablet-grid-50","mobile-grid-100","grid-parent","grid-33"],"yoast_head":"<!-- This site is optimized with the Yoast SEO plugin v24.0 - https:\/\/yoast.com\/wordpress\/plugins\/seo\/ -->\n<title>Comme Eupen peut progresser dans le meilleur groupe lors d&#039;une victoire au champion national des quatre temps Lierse SK | Vie Associative<\/title>\n<meta name=\"robots\" content=\"index, follow, max-snippet:-1, max-image-preview:large, max-video-preview:-1\" \/>\n<link rel=\"canonical\" href=\"https:\/\/vieassociative.be\/actualites\/comme-eupen-peut-progresser-dans-le-meilleur-groupe-lors-dune-victoire-au-champion-national-des-quatre-temps-lierse-sk\/\" \/>\n<meta property=\"og:locale\" content=\"fr_FR\" \/>\n<meta property=\"og:type\" content=\"article\" \/>\n<meta property=\"og:title\" content=\"Comme Eupen peut progresser dans le meilleur groupe lors d&#039;une victoire au champion national des quatre temps Lierse SK | Vie Associative\" \/>\n<meta property=\"og:description\" content=\"Avec une victoire contre le FC Li\u00e8ge et un match nul au titre de bi\u00e8re aspirante, le club de deuxi\u00e8me division alors qu&rsquo;Eupen a bien\" \/>\n<meta property=\"og:url\" content=\"https:\/\/vieassociative.be\/actualites\/comme-eupen-peut-progresser-dans-le-meilleur-groupe-lors-dune-victoire-au-champion-national-des-quatre-temps-lierse-sk\/\" \/>\n<meta property=\"og:site_name\" content=\"Vie Associative\" \/>\n<meta property=\"article:published_time\" content=\"2025-08-23T14:17:58+00:00\" \/>\n<meta property=\"og:image\" content=\"https:\/\/vieassociative.be\/actualites\/wp-content\/uploads\/2024\/09\/header_backgroundk-01-e1726694325946.png\" \/>\n\t<meta property=\"og:image:width\" content=\"279\" \/>\n\t<meta property=\"og:image:height\" content=\"92\" \/>\n\t<meta property=\"og:image:type\" content=\"image\/png\" \/>\n<meta name=\"author\" content=\"Julien\" \/>\n<meta name=\"twitter:card\" content=\"summary_large_image\" \/>\n<meta name=\"twitter:label1\" content=\"\u00c9crit par\" \/>\n\t<meta name=\"twitter:data1\" content=\"Julien\" \/>\n\t<meta name=\"twitter:label2\" content=\"Dur\u00e9e de lecture est.\" \/>\n\t<meta name=\"twitter:data2\" content=\"1 minute\" \/>\n<script type=\"application\/ld+json\" class=\"yoast-schema-graph\">{\"@context\":\"https:\/\/schema.org\",\"@graph\":[{\"@type\":\"Article\",\"@id\":\"https:\/\/vieassociative.be\/actualites\/comme-eupen-peut-progresser-dans-le-meilleur-groupe-lors-dune-victoire-au-champion-national-des-quatre-temps-lierse-sk\/#article\",\"isPartOf\":{\"@id\":\"https:\/\/vieassociative.be\/actualites\/comme-eupen-peut-progresser-dans-le-meilleur-groupe-lors-dune-victoire-au-champion-national-des-quatre-temps-lierse-sk\/\"},\"author\":{\"name\":\"Julien\",\"@id\":\"https:\/\/vieassociative.be\/actualites\/#\/schema\/person\/b87ac4f82f9d4e7b7cec7395b679edc4\"},\"headline\":\"Comme Eupen peut progresser dans le meilleur groupe lors d&rsquo;une victoire au champion national des quatre temps Lierse SK\",\"datePublished\":\"2025-08-23T14:17:58+00:00\",\"dateModified\":\"2025-08-23T14:17:58+00:00\",\"mainEntityOfPage\":{\"@id\":\"https:\/\/vieassociative.be\/actualites\/comme-eupen-peut-progresser-dans-le-meilleur-groupe-lors-dune-victoire-au-champion-national-des-quatre-temps-lierse-sk\/\"},\"wordCount\":299,\"publisher\":{\"@id\":\"https:\/\/vieassociative.be\/actualites\/#organization\"},\"image\":{\"@id\":\"https:\/\/vieassociative.be\/actualites\/comme-eupen-peut-progresser-dans-le-meilleur-groupe-lors-dune-victoire-au-champion-national-des-quatre-temps-lierse-sk\/#primaryimage\"},\"thumbnailUrl\":\"https:\/\/vieassociative.be\/actualites\/wp-content\/uploads\/2025\/08\/Comme-Eupen-peut-progresser-dans-le-meilleur-groupe-lors-dune.jpg\",\"keywords\":[\"champion\",\"comme\",\"dans\",\"Des\",\"dune\",\"Eupen\",\"groupe\",\"lierse\",\"lors\",\"meilleur\",\"National\",\"peut\",\"progresser\",\"Quatre\",\"temps\",\"victoire\"],\"articleSection\":[\"Belgique\"],\"inLanguage\":\"fr-BE\"},{\"@type\":\"WebPage\",\"@id\":\"https:\/\/vieassociative.be\/actualites\/comme-eupen-peut-progresser-dans-le-meilleur-groupe-lors-dune-victoire-au-champion-national-des-quatre-temps-lierse-sk\/\",\"url\":\"https:\/\/vieassociative.be\/actualites\/comme-eupen-peut-progresser-dans-le-meilleur-groupe-lors-dune-victoire-au-champion-national-des-quatre-temps-lierse-sk\/\",\"name\":\"Comme Eupen peut progresser dans le meilleur groupe lors d'une victoire au champion national des quatre temps Lierse SK | Vie Associative\",\"isPartOf\":{\"@id\":\"https:\/\/vieassociative.be\/actualites\/#website\"},\"primaryImageOfPage\":{\"@id\":\"https:\/\/vieassociative.be\/actualites\/comme-eupen-peut-progresser-dans-le-meilleur-groupe-lors-dune-victoire-au-champion-national-des-quatre-temps-lierse-sk\/#primaryimage\"},\"image\":{\"@id\":\"https:\/\/vieassociative.be\/actualites\/comme-eupen-peut-progresser-dans-le-meilleur-groupe-lors-dune-victoire-au-champion-national-des-quatre-temps-lierse-sk\/#primaryimage\"},\"thumbnailUrl\":\"https:\/\/vieassociative.be\/actualites\/wp-content\/uploads\/2025\/08\/Comme-Eupen-peut-progresser-dans-le-meilleur-groupe-lors-dune.jpg\",\"datePublished\":\"2025-08-23T14:17:58+00:00\",\"dateModified\":\"2025-08-23T14:17:58+00:00\",\"breadcrumb\":{\"@id\":\"https:\/\/vieassociative.be\/actualites\/comme-eupen-peut-progresser-dans-le-meilleur-groupe-lors-dune-victoire-au-champion-national-des-quatre-temps-lierse-sk\/#breadcrumb\"},\"inLanguage\":\"fr-BE\",\"potentialAction\":[{\"@type\":\"ReadAction\",\"target\":[\"https:\/\/vieassociative.be\/actualites\/comme-eupen-peut-progresser-dans-le-meilleur-groupe-lors-dune-victoire-au-champion-national-des-quatre-temps-lierse-sk\/\"]}]},{\"@type\":\"ImageObject\",\"inLanguage\":\"fr-BE\",\"@id\":\"https:\/\/vieassociative.be\/actualites\/comme-eupen-peut-progresser-dans-le-meilleur-groupe-lors-dune-victoire-au-champion-national-des-quatre-temps-lierse-sk\/#primaryimage\",\"url\":\"https:\/\/vieassociative.be\/actualites\/wp-content\/uploads\/2025\/08\/Comme-Eupen-peut-progresser-dans-le-meilleur-groupe-lors-dune.jpg\",\"contentUrl\":\"https:\/\/vieassociative.be\/actualites\/wp-content\/uploads\/2025\/08\/Comme-Eupen-peut-progresser-dans-le-meilleur-groupe-lors-dune.jpg\",\"width\":1200,\"height\":800,\"caption\":\"Comme Eupen peut progresser dans le meilleur groupe lors d'une victoire au champion national des quatre temps Lierse SK\"},{\"@type\":\"BreadcrumbList\",\"@id\":\"https:\/\/vieassociative.be\/actualites\/comme-eupen-peut-progresser-dans-le-meilleur-groupe-lors-dune-victoire-au-champion-national-des-quatre-temps-lierse-sk\/#breadcrumb\",\"itemListElement\":[{\"@type\":\"ListItem\",\"position\":1,\"name\":\"Accueil\",\"item\":\"https:\/\/vieassociative.be\/actualites\/\"},{\"@type\":\"ListItem\",\"position\":2,\"name\":\"Comme Eupen peut progresser dans le meilleur groupe lors d&rsquo;une victoire au champion national des quatre temps Lierse SK\"}]},{\"@type\":\"WebSite\",\"@id\":\"https:\/\/vieassociative.be\/actualites\/#website\",\"url\":\"https:\/\/vieassociative.be\/actualites\/\",\"name\":\"Vie Associative\",\"description\":\"\",\"publisher\":{\"@id\":\"https:\/\/vieassociative.be\/actualites\/#organization\"},\"potentialAction\":[{\"@type\":\"SearchAction\",\"target\":{\"@type\":\"EntryPoint\",\"urlTemplate\":\"https:\/\/vieassociative.be\/actualites\/?s={search_term_string}\"},\"query-input\":{\"@type\":\"PropertyValueSpecification\",\"valueRequired\":true,\"valueName\":\"search_term_string\"}}],\"inLanguage\":\"fr-BE\"},{\"@type\":\"Organization\",\"@id\":\"https:\/\/vieassociative.be\/actualites\/#organization\",\"name\":\"Vie Associative\",\"url\":\"https:\/\/vieassociative.be\/actualites\/\",\"logo\":{\"@type\":\"ImageObject\",\"inLanguage\":\"fr-BE\",\"@id\":\"https:\/\/vieassociative.be\/actualites\/#\/schema\/logo\/image\/\",\"url\":\"https:\/\/vieassociative.be\/actualites\/wp-content\/uploads\/2024\/09\/cropped-vieassociative_favicon.ico.png\",\"contentUrl\":\"https:\/\/vieassociative.be\/actualites\/wp-content\/uploads\/2024\/09\/cropped-vieassociative_favicon.ico.png\",\"width\":512,\"height\":512,\"caption\":\"Vie Associative\"},\"image\":{\"@id\":\"https:\/\/vieassociative.be\/actualites\/#\/schema\/logo\/image\/\"}},{\"@type\":\"Person\",\"@id\":\"https:\/\/vieassociative.be\/actualites\/#\/schema\/person\/b87ac4f82f9d4e7b7cec7395b679edc4\",\"name\":\"Julien\",\"image\":{\"@type\":\"ImageObject\",\"inLanguage\":\"fr-BE\",\"@id\":\"https:\/\/vieassociative.be\/actualites\/#\/schema\/person\/image\/\",\"url\":\"https:\/\/vieassociative.be\/actualites\/wp-content\/uploads\/2024\/09\/vie-associative-1-150x150.jpg\",\"contentUrl\":\"https:\/\/vieassociative.be\/actualites\/wp-content\/uploads\/2024\/09\/vie-associative-1-150x150.jpg\",\"caption\":\"Julien\"},\"description\":\"Je suis Julien, r\u00e9dacteur pour Vie Associative. Passionn\u00e9 par le monde associatif depuis plus de 10 ans, j'ai \u00e0 c\u0153ur de partager des histoires inspirantes et de mettre en lumi\u00e8re les initiatives locales. Mon objectif est de sensibiliser et d'encourager l'engagement communautaire \u00e0 travers mes articles.\",\"sameAs\":[\"https:\/\/vieassociative.be\/\"]}]}<\/script>\n<!-- \/ Yoast SEO plugin. -->","yoast_head_json":{"title":"Comme Eupen peut progresser dans le meilleur groupe lors d'une victoire au champion national des quatre temps Lierse SK | Vie Associative","robots":{"index":"index","follow":"follow","max-snippet":"max-snippet:-1","max-image-preview":"max-image-preview:large","max-video-preview":"max-video-preview:-1"},"canonical":"https:\/\/vieassociative.be\/actualites\/comme-eupen-peut-progresser-dans-le-meilleur-groupe-lors-dune-victoire-au-champion-national-des-quatre-temps-lierse-sk\/","og_locale":"fr_FR","og_type":"article","og_title":"Comme Eupen peut progresser dans le meilleur groupe lors d'une victoire au champion national des quatre temps Lierse SK | Vie Associative","og_description":"Avec une victoire contre le FC Li\u00e8ge et un match nul au titre de bi\u00e8re aspirante, le club de deuxi\u00e8me division alors qu&rsquo;Eupen a bien","og_url":"https:\/\/vieassociative.be\/actualites\/comme-eupen-peut-progresser-dans-le-meilleur-groupe-lors-dune-victoire-au-champion-national-des-quatre-temps-lierse-sk\/","og_site_name":"Vie Associative","article_published_time":"2025-08-23T14:17:58+00:00","og_image":[{"width":279,"height":92,"url":"https:\/\/vieassociative.be\/actualites\/wp-content\/uploads\/2024\/09\/header_backgroundk-01-e1726694325946.png","type":"image\/png"}],"author":"Julien","twitter_card":"summary_large_image","twitter_misc":{"\u00c9crit par":"Julien","Dur\u00e9e de lecture est.":"1 minute"},"schema":{"@context":"https:\/\/schema.org","@graph":[{"@type":"Article","@id":"https:\/\/vieassociative.be\/actualites\/comme-eupen-peut-progresser-dans-le-meilleur-groupe-lors-dune-victoire-au-champion-national-des-quatre-temps-lierse-sk\/#article","isPartOf":{"@id":"https:\/\/vieassociative.be\/actualites\/comme-eupen-peut-progresser-dans-le-meilleur-groupe-lors-dune-victoire-au-champion-national-des-quatre-temps-lierse-sk\/"},"author":{"name":"Julien","@id":"https:\/\/vieassociative.be\/actualites\/#\/schema\/person\/b87ac4f82f9d4e7b7cec7395b679edc4"},"headline":"Comme Eupen peut progresser dans le meilleur groupe lors d&rsquo;une victoire au champion national des quatre temps Lierse SK","datePublished":"2025-08-23T14:17:58+00:00","dateModified":"2025-08-23T14:17:58+00:00","mainEntityOfPage":{"@id":"https:\/\/vieassociative.be\/actualites\/comme-eupen-peut-progresser-dans-le-meilleur-groupe-lors-dune-victoire-au-champion-national-des-quatre-temps-lierse-sk\/"},"wordCount":299,"publisher":{"@id":"https:\/\/vieassociative.be\/actualites\/#organization"},"image":{"@id":"https:\/\/vieassociative.be\/actualites\/comme-eupen-peut-progresser-dans-le-meilleur-groupe-lors-dune-victoire-au-champion-national-des-quatre-temps-lierse-sk\/#primaryimage"},"thumbnailUrl":"https:\/\/vieassociative.be\/actualites\/wp-content\/uploads\/2025\/08\/Comme-Eupen-peut-progresser-dans-le-meilleur-groupe-lors-dune.jpg","keywords":["champion","comme","dans","Des","dune","Eupen","groupe","lierse","lors","meilleur","National","peut","progresser","Quatre","temps","victoire"],"articleSection":["Belgique"],"inLanguage":"fr-BE"},{"@type":"WebPage","@id":"https:\/\/vieassociative.be\/actualites\/comme-eupen-peut-progresser-dans-le-meilleur-groupe-lors-dune-victoire-au-champion-national-des-quatre-temps-lierse-sk\/","url":"https:\/\/vieassociative.be\/actualites\/comme-eupen-peut-progresser-dans-le-meilleur-groupe-lors-dune-victoire-au-champion-national-des-quatre-temps-lierse-sk\/","name":"Comme Eupen peut progresser dans le meilleur groupe lors d'une victoire au champion national des quatre temps Lierse SK | Vie Associative","isPartOf":{"@id":"https:\/\/vieassociative.be\/actualites\/#website"},"primaryImageOfPage":{"@id":"https:\/\/vieassociative.be\/actualites\/comme-eupen-peut-progresser-dans-le-meilleur-groupe-lors-dune-victoire-au-champion-national-des-quatre-temps-lierse-sk\/#primaryimage"},"image":{"@id":"https:\/\/vieassociative.be\/actualites\/comme-eupen-peut-progresser-dans-le-meilleur-groupe-lors-dune-victoire-au-champion-national-des-quatre-temps-lierse-sk\/#primaryimage"},"thumbnailUrl":"https:\/\/vieassociative.be\/actualites\/wp-content\/uploads\/2025\/08\/Comme-Eupen-peut-progresser-dans-le-meilleur-groupe-lors-dune.jpg","datePublished":"2025-08-23T14:17:58+00:00","dateModified":"2025-08-23T14:17:58+00:00","breadcrumb":{"@id":"https:\/\/vieassociative.be\/actualites\/comme-eupen-peut-progresser-dans-le-meilleur-groupe-lors-dune-victoire-au-champion-national-des-quatre-temps-lierse-sk\/#breadcrumb"},"inLanguage":"fr-BE","potentialAction":[{"@type":"ReadAction","target":["https:\/\/vieassociative.be\/actualites\/comme-eupen-peut-progresser-dans-le-meilleur-groupe-lors-dune-victoire-au-champion-national-des-quatre-temps-lierse-sk\/"]}]},{"@type":"ImageObject","inLanguage":"fr-BE","@id":"https:\/\/vieassociative.be\/actualites\/comme-eupen-peut-progresser-dans-le-meilleur-groupe-lors-dune-victoire-au-champion-national-des-quatre-temps-lierse-sk\/#primaryimage","url":"https:\/\/vieassociative.be\/actualites\/wp-content\/uploads\/2025\/08\/Comme-Eupen-peut-progresser-dans-le-meilleur-groupe-lors-dune.jpg","contentUrl":"https:\/\/vieassociative.be\/actualites\/wp-content\/uploads\/2025\/08\/Comme-Eupen-peut-progresser-dans-le-meilleur-groupe-lors-dune.jpg","width":1200,"height":800,"caption":"Comme Eupen peut progresser dans le meilleur groupe lors d'une victoire au champion national des quatre temps Lierse SK"},{"@type":"BreadcrumbList","@id":"https:\/\/vieassociative.be\/actualites\/comme-eupen-peut-progresser-dans-le-meilleur-groupe-lors-dune-victoire-au-champion-national-des-quatre-temps-lierse-sk\/#breadcrumb","itemListElement":[{"@type":"ListItem","position":1,"name":"Accueil","item":"https:\/\/vieassociative.be\/actualites\/"},{"@type":"ListItem","position":2,"name":"Comme Eupen peut progresser dans le meilleur groupe lors d&rsquo;une victoire au champion national des quatre temps Lierse SK"}]},{"@type":"WebSite","@id":"https:\/\/vieassociative.be\/actualites\/#website","url":"https:\/\/vieassociative.be\/actualites\/","name":"Vie Associative","description":"","publisher":{"@id":"https:\/\/vieassociative.be\/actualites\/#organization"},"potentialAction":[{"@type":"SearchAction","target":{"@type":"EntryPoint","urlTemplate":"https:\/\/vieassociative.be\/actualites\/?s={search_term_string}"},"query-input":{"@type":"PropertyValueSpecification","valueRequired":true,"valueName":"search_term_string"}}],"inLanguage":"fr-BE"},{"@type":"Organization","@id":"https:\/\/vieassociative.be\/actualites\/#organization","name":"Vie Associative","url":"https:\/\/vieassociative.be\/actualites\/","logo":{"@type":"ImageObject","inLanguage":"fr-BE","@id":"https:\/\/vieassociative.be\/actualites\/#\/schema\/logo\/image\/","url":"https:\/\/vieassociative.be\/actualites\/wp-content\/uploads\/2024\/09\/cropped-vieassociative_favicon.ico.png","contentUrl":"https:\/\/vieassociative.be\/actualites\/wp-content\/uploads\/2024\/09\/cropped-vieassociative_favicon.ico.png","width":512,"height":512,"caption":"Vie Associative"},"image":{"@id":"https:\/\/vieassociative.be\/actualites\/#\/schema\/logo\/image\/"}},{"@type":"Person","@id":"https:\/\/vieassociative.be\/actualites\/#\/schema\/person\/b87ac4f82f9d4e7b7cec7395b679edc4","name":"Julien","image":{"@type":"ImageObject","inLanguage":"fr-BE","@id":"https:\/\/vieassociative.be\/actualites\/#\/schema\/person\/image\/","url":"https:\/\/vieassociative.be\/actualites\/wp-content\/uploads\/2024\/09\/vie-associative-1-150x150.jpg","contentUrl":"https:\/\/vieassociative.be\/actualites\/wp-content\/uploads\/2024\/09\/vie-associative-1-150x150.jpg","caption":"Julien"},"description":"Je suis Julien, r\u00e9dacteur pour Vie Associative. Passionn\u00e9 par le monde associatif depuis plus de 10 ans, j'ai \u00e0 c\u0153ur de partager des histoires inspirantes et de mettre en lumi\u00e8re les initiatives locales. Mon objectif est de sensibiliser et d'encourager l'engagement communautaire \u00e0 travers mes articles.","sameAs":["https:\/\/vieassociative.be\/"]}]}},"_links":{"self":[{"href":"https:\/\/vieassociative.be\/actualites\/wp-json\/wp\/v2\/posts\/9583"}],"collection":[{"href":"https:\/\/vieassociative.be\/actualites\/wp-json\/wp\/v2\/posts"}],"about":[{"href":"https:\/\/vieassociative.be\/actualites\/wp-json\/wp\/v2\/types\/post"}],"author":[{"embeddable":true,"href":"https:\/\/vieassociative.be\/actualites\/wp-json\/wp\/v2\/users\/1"}],"replies":[{"embeddable":true,"href":"https:\/\/vieassociative.be\/actualites\/wp-json\/wp\/v2\/comments?post=9583"}],"version-history":[{"count":0,"href":"https:\/\/vieassociative.be\/actualites\/wp-json\/wp\/v2\/posts\/9583\/revisions"}],"wp:featuredmedia":[{"embeddable":true,"href":"https:\/\/vieassociative.be\/actualites\/wp-json\/wp\/v2\/media\/9584"}],"wp:attachment":[{"href":"https:\/\/vieassociative.be\/actualites\/wp-json\/wp\/v2\/media?parent=9583"}],"wp:term":[{"taxonomy":"category","embeddable":true,"href":"https:\/\/vieassociative.be\/actualites\/wp-json\/wp\/v2\/categories?post=9583"},{"taxonomy":"post_tag","embeddable":true,"href":"https:\/\/vieassociative.be\/actualites\/wp-json\/wp\/v2\/tags?post=9583"}],"curies":[{"name":"wp","href":"https:\/\/api.w.org\/{rel}","templated":true}]}}