{"id":9578,"date":"2025-08-23T10:18:28","date_gmt":"2025-08-23T08:18:28","guid":{"rendered":"https:\/\/vieassociative.be\/actualites\/greenpeace-sentrainer-beaucoup-trop-souvent-plus-cher-que-lavion\/"},"modified":"2025-08-23T10:18:28","modified_gmt":"2025-08-23T08:18:28","slug":"greenpeace-sentrainer-beaucoup-trop-souvent-plus-cher-que-lavion","status":"publish","type":"post","link":"https:\/\/vieassociative.be\/actualites\/greenpeace-sentrainer-beaucoup-trop-souvent-plus-cher-que-lavion\/","title":{"rendered":"Greenpeace: s&rsquo;entra\u00eener beaucoup trop souvent plus cher que l&rsquo;avion"},"content":{"rendered":"<p><strong>Train ou avion? Au moins lorsque vous voyagez jusqu&rsquo;\u00e0 1 500 kilom\u00e8tres, les clients ont le choix. Greenpeace a compar\u00e9 les prix et les exigences.<\/strong><\/p>\n<p><span id=\"more-422905\"><\/span>Lorsque vous voyagez vers les objectifs de la ville europ\u00e9enne, plus le train est souvent plus cher que l&rsquo;avion est souvent plus cher. Selon une comparaison des prix de Greenpeace, les voyages en train sont plus chers qu&rsquo;un vol sur 66 sur 142 Connexions europ\u00e9ennes examin\u00e9es. Cela correspond \u00e0 une part de 46,5%, comme le rapporte l&rsquo;organisation de protection de l&rsquo;environnement.<\/p>\n<p>Selon l&rsquo;\u00e9tude, les avions plus dommageables du climat ont le nez devant, en particulier sur les 109 connexions crois\u00e9es. Le vol est moins cher ici dans 54% des cas.<\/p>\n<div id=\"attachment_422911\" class=\"wp-caption alignleft\" style=\"max-width: 300px\"><img fetchpriority=\"high\" decoding=\"async\" class=\"wp-image-422911 size-medium\" src=\"https:\/\/vieassociative.be\/actualites\/wp-content\/uploads\/2025\/08\/Greenpeace-sentrainer-beaucoup-trop-souvent-plus-cher-que-lavion.jpg\" alt=\"\" width=\"300\" height=\"245\"><\/div>\n<p>Greenpeace pr\u00e9voit des imp\u00f4ts plus \u00e9lev\u00e9s sur les voyages en avion et les all\u00e9gements pour les clients ferroviaires. \u00ab\u00a0Il est injuste que des voyages plus longs en train soient si chers, tandis que les vols sont massivement subventionn\u00e9s par des exon\u00e9rations fiscales et des secours\u00a0\u00bb, explique Lena Donat, experte en transport. \u00ab\u00a0Avec le train, vous voyagez dans le climat, il doit donc \u00eatre moins cher que de voler partout.\u00a0\u00bb<\/p>\n<p>Pour l&rsquo;\u00e9tude, les prix respectifs des billets \u00e0 sens unique \u00e0 neuf heures de r\u00e9servation ont \u00e9t\u00e9 compar\u00e9s sur 142 connexions de la ville avec un maximum de 1 500 kilom\u00e8tres. Les avantages d&rsquo;abonnement, par exemple, via des programmes de d\u00e9pliants fr\u00e9quents ou des cartes ferroviaires ont \u00e9t\u00e9 laiss\u00e9s de c\u00f4t\u00e9. L&rsquo;organisation suppose que le tarif pour les consommateurs est un crit\u00e8re important lors du choix des moyens de transport.<\/p>\n<p>Les co\u00fbts de transport des bagages n&rsquo;ont pas \u00e9t\u00e9 pris en compte dans l&rsquo;analyse. Bien qu&rsquo;il n&rsquo;y ait g\u00e9n\u00e9ralement pas de revenu suppl\u00e9mentaire sur les voyages en train, les compagnies a\u00e9riennes directes sur leurs vols ne permettent que gratuitement une petite pi\u00e8ce \u00e0 bagages \u00e0 main par passager. Au moins pour les voyages avec un s\u00e9jour plus long, cela se traduit par un avantage des prix pour le train. M\u00eame les conditions moins ch\u00e8res pour emmener les enfants dans le train ne se sont pas d\u00e9roul\u00e9es dans l&rsquo;\u00e9valuation.<\/p>\n<p>Par rapport \u00e0 l&rsquo;\u00e9tude pr\u00e9c\u00e9dente \u00e0 partir de 2023, cependant, la comparaison des prix Europe -Wide a chang\u00e9 en faveur des chemins de fer. Avec les 111 itin\u00e9raires comparables, 41% \u00e9taient d\u00e9sormais moins chers \u00e0 faire face au train que par avion. Deux ans plus t\u00f4t, ce n&rsquo;\u00e9tait que de 27%. L&rsquo;expert de Verkenrse Donat de Greenpeace d\u00e9crit le d\u00e9veloppement comme une lueur d&rsquo;espoir. (DPA)<\/p>\n","protected":false},"excerpt":{"rendered":"<p>Train ou avion? Au moins lorsque vous voyagez jusqu&rsquo;\u00e0 1 500 kilom\u00e8tres, les clients ont le choix. Greenpeace a compar\u00e9 les prix et les exigences.<\/p>\n","protected":false},"author":1,"featured_media":9579,"comment_status":"","ping_status":"","sticky":false,"template":"","format":"standard","meta":{"footnotes":""},"categories":[298],"tags":[1118,657,8274,8275,3069,2794,656],"class_list":["post-9578","post","type-post","status-publish","format-standard","has-post-thumbnail","hentry","category-belgique","tag-beaucoup","tag-cher","tag-greenpeace","tag-lavion","tag-sentrainer","tag-souvent","tag-trop","generate-columns","tablet-grid-50","mobile-grid-100","grid-parent","grid-33"],"yoast_head":"<!-- This site is optimized with the Yoast SEO plugin v24.0 - https:\/\/yoast.com\/wordpress\/plugins\/seo\/ -->\n<title>Greenpeace: s&#039;entra\u00eener beaucoup trop souvent plus cher que l&#039;avion | Vie Associative<\/title>\n<meta name=\"robots\" content=\"index, follow, max-snippet:-1, max-image-preview:large, max-video-preview:-1\" \/>\n<link rel=\"canonical\" href=\"https:\/\/vieassociative.be\/actualites\/greenpeace-sentrainer-beaucoup-trop-souvent-plus-cher-que-lavion\/\" \/>\n<meta property=\"og:locale\" content=\"fr_FR\" \/>\n<meta property=\"og:type\" content=\"article\" \/>\n<meta property=\"og:title\" content=\"Greenpeace: s&#039;entra\u00eener beaucoup trop souvent plus cher que l&#039;avion | Vie Associative\" \/>\n<meta property=\"og:description\" content=\"Train ou avion? Au moins lorsque vous voyagez jusqu&rsquo;\u00e0 1 500 kilom\u00e8tres, les clients ont le choix. Greenpeace a compar\u00e9 les prix et les exigences.\" \/>\n<meta property=\"og:url\" content=\"https:\/\/vieassociative.be\/actualites\/greenpeace-sentrainer-beaucoup-trop-souvent-plus-cher-que-lavion\/\" \/>\n<meta property=\"og:site_name\" content=\"Vie Associative\" \/>\n<meta property=\"article:published_time\" content=\"2025-08-23T08:18:28+00:00\" \/>\n<meta property=\"og:image\" content=\"https:\/\/vieassociative.be\/actualites\/wp-content\/uploads\/2024\/09\/header_backgroundk-01-e1726694325946.png\" \/>\n\t<meta property=\"og:image:width\" content=\"279\" \/>\n\t<meta property=\"og:image:height\" content=\"92\" \/>\n\t<meta property=\"og:image:type\" content=\"image\/png\" \/>\n<meta name=\"author\" content=\"Julien\" \/>\n<meta name=\"twitter:card\" content=\"summary_large_image\" \/>\n<meta name=\"twitter:label1\" content=\"\u00c9crit par\" \/>\n\t<meta name=\"twitter:data1\" content=\"Julien\" \/>\n\t<meta name=\"twitter:label2\" content=\"Dur\u00e9e de lecture est.\" \/>\n\t<meta name=\"twitter:data2\" content=\"2 minutes\" \/>\n<script type=\"application\/ld+json\" class=\"yoast-schema-graph\">{\"@context\":\"https:\/\/schema.org\",\"@graph\":[{\"@type\":\"Article\",\"@id\":\"https:\/\/vieassociative.be\/actualites\/greenpeace-sentrainer-beaucoup-trop-souvent-plus-cher-que-lavion\/#article\",\"isPartOf\":{\"@id\":\"https:\/\/vieassociative.be\/actualites\/greenpeace-sentrainer-beaucoup-trop-souvent-plus-cher-que-lavion\/\"},\"author\":{\"name\":\"Julien\",\"@id\":\"https:\/\/vieassociative.be\/actualites\/#\/schema\/person\/b87ac4f82f9d4e7b7cec7395b679edc4\"},\"headline\":\"Greenpeace: s&rsquo;entra\u00eener beaucoup trop souvent plus cher que l&rsquo;avion\",\"datePublished\":\"2025-08-23T08:18:28+00:00\",\"dateModified\":\"2025-08-23T08:18:28+00:00\",\"mainEntityOfPage\":{\"@id\":\"https:\/\/vieassociative.be\/actualites\/greenpeace-sentrainer-beaucoup-trop-souvent-plus-cher-que-lavion\/\"},\"wordCount\":451,\"publisher\":{\"@id\":\"https:\/\/vieassociative.be\/actualites\/#organization\"},\"image\":{\"@id\":\"https:\/\/vieassociative.be\/actualites\/greenpeace-sentrainer-beaucoup-trop-souvent-plus-cher-que-lavion\/#primaryimage\"},\"thumbnailUrl\":\"https:\/\/vieassociative.be\/actualites\/wp-content\/uploads\/2025\/08\/Greenpeace-sentrainer-beaucoup-trop-souvent-plus-cher-que-lavion.jpeg\",\"keywords\":[\"beaucoup\",\"cher\",\"Greenpeace\",\"lavion\",\"sentra\u00eener\",\"souvent\",\"trop\"],\"articleSection\":[\"Belgique\"],\"inLanguage\":\"fr-BE\"},{\"@type\":\"WebPage\",\"@id\":\"https:\/\/vieassociative.be\/actualites\/greenpeace-sentrainer-beaucoup-trop-souvent-plus-cher-que-lavion\/\",\"url\":\"https:\/\/vieassociative.be\/actualites\/greenpeace-sentrainer-beaucoup-trop-souvent-plus-cher-que-lavion\/\",\"name\":\"Greenpeace: s'entra\u00eener beaucoup trop souvent plus cher que l'avion | Vie Associative\",\"isPartOf\":{\"@id\":\"https:\/\/vieassociative.be\/actualites\/#website\"},\"primaryImageOfPage\":{\"@id\":\"https:\/\/vieassociative.be\/actualites\/greenpeace-sentrainer-beaucoup-trop-souvent-plus-cher-que-lavion\/#primaryimage\"},\"image\":{\"@id\":\"https:\/\/vieassociative.be\/actualites\/greenpeace-sentrainer-beaucoup-trop-souvent-plus-cher-que-lavion\/#primaryimage\"},\"thumbnailUrl\":\"https:\/\/vieassociative.be\/actualites\/wp-content\/uploads\/2025\/08\/Greenpeace-sentrainer-beaucoup-trop-souvent-plus-cher-que-lavion.jpeg\",\"datePublished\":\"2025-08-23T08:18:28+00:00\",\"dateModified\":\"2025-08-23T08:18:28+00:00\",\"breadcrumb\":{\"@id\":\"https:\/\/vieassociative.be\/actualites\/greenpeace-sentrainer-beaucoup-trop-souvent-plus-cher-que-lavion\/#breadcrumb\"},\"inLanguage\":\"fr-BE\",\"potentialAction\":[{\"@type\":\"ReadAction\",\"target\":[\"https:\/\/vieassociative.be\/actualites\/greenpeace-sentrainer-beaucoup-trop-souvent-plus-cher-que-lavion\/\"]}]},{\"@type\":\"ImageObject\",\"inLanguage\":\"fr-BE\",\"@id\":\"https:\/\/vieassociative.be\/actualites\/greenpeace-sentrainer-beaucoup-trop-souvent-plus-cher-que-lavion\/#primaryimage\",\"url\":\"https:\/\/vieassociative.be\/actualites\/wp-content\/uploads\/2025\/08\/Greenpeace-sentrainer-beaucoup-trop-souvent-plus-cher-que-lavion.jpeg\",\"contentUrl\":\"https:\/\/vieassociative.be\/actualites\/wp-content\/uploads\/2025\/08\/Greenpeace-sentrainer-beaucoup-trop-souvent-plus-cher-que-lavion.jpeg\",\"width\":1280,\"height\":846,\"caption\":\"Greenpeace: s'entra\u00eener beaucoup trop souvent plus cher que l'avion\"},{\"@type\":\"BreadcrumbList\",\"@id\":\"https:\/\/vieassociative.be\/actualites\/greenpeace-sentrainer-beaucoup-trop-souvent-plus-cher-que-lavion\/#breadcrumb\",\"itemListElement\":[{\"@type\":\"ListItem\",\"position\":1,\"name\":\"Accueil\",\"item\":\"https:\/\/vieassociative.be\/actualites\/\"},{\"@type\":\"ListItem\",\"position\":2,\"name\":\"Greenpeace: s&rsquo;entra\u00eener beaucoup trop souvent plus cher que l&rsquo;avion\"}]},{\"@type\":\"WebSite\",\"@id\":\"https:\/\/vieassociative.be\/actualites\/#website\",\"url\":\"https:\/\/vieassociative.be\/actualites\/\",\"name\":\"Vie Associative\",\"description\":\"\",\"publisher\":{\"@id\":\"https:\/\/vieassociative.be\/actualites\/#organization\"},\"potentialAction\":[{\"@type\":\"SearchAction\",\"target\":{\"@type\":\"EntryPoint\",\"urlTemplate\":\"https:\/\/vieassociative.be\/actualites\/?s={search_term_string}\"},\"query-input\":{\"@type\":\"PropertyValueSpecification\",\"valueRequired\":true,\"valueName\":\"search_term_string\"}}],\"inLanguage\":\"fr-BE\"},{\"@type\":\"Organization\",\"@id\":\"https:\/\/vieassociative.be\/actualites\/#organization\",\"name\":\"Vie Associative\",\"url\":\"https:\/\/vieassociative.be\/actualites\/\",\"logo\":{\"@type\":\"ImageObject\",\"inLanguage\":\"fr-BE\",\"@id\":\"https:\/\/vieassociative.be\/actualites\/#\/schema\/logo\/image\/\",\"url\":\"https:\/\/vieassociative.be\/actualites\/wp-content\/uploads\/2024\/09\/cropped-vieassociative_favicon.ico.png\",\"contentUrl\":\"https:\/\/vieassociative.be\/actualites\/wp-content\/uploads\/2024\/09\/cropped-vieassociative_favicon.ico.png\",\"width\":512,\"height\":512,\"caption\":\"Vie Associative\"},\"image\":{\"@id\":\"https:\/\/vieassociative.be\/actualites\/#\/schema\/logo\/image\/\"}},{\"@type\":\"Person\",\"@id\":\"https:\/\/vieassociative.be\/actualites\/#\/schema\/person\/b87ac4f82f9d4e7b7cec7395b679edc4\",\"name\":\"Julien\",\"image\":{\"@type\":\"ImageObject\",\"inLanguage\":\"fr-BE\",\"@id\":\"https:\/\/vieassociative.be\/actualites\/#\/schema\/person\/image\/\",\"url\":\"https:\/\/vieassociative.be\/actualites\/wp-content\/uploads\/2024\/09\/vie-associative-1-150x150.jpg\",\"contentUrl\":\"https:\/\/vieassociative.be\/actualites\/wp-content\/uploads\/2024\/09\/vie-associative-1-150x150.jpg\",\"caption\":\"Julien\"},\"description\":\"Je suis Julien, r\u00e9dacteur pour Vie Associative. Passionn\u00e9 par le monde associatif depuis plus de 10 ans, j'ai \u00e0 c\u0153ur de partager des histoires inspirantes et de mettre en lumi\u00e8re les initiatives locales. Mon objectif est de sensibiliser et d'encourager l'engagement communautaire \u00e0 travers mes articles.\",\"sameAs\":[\"https:\/\/vieassociative.be\/\"]}]}<\/script>\n<!-- \/ Yoast SEO plugin. -->","yoast_head_json":{"title":"Greenpeace: s'entra\u00eener beaucoup trop souvent plus cher que l'avion | Vie Associative","robots":{"index":"index","follow":"follow","max-snippet":"max-snippet:-1","max-image-preview":"max-image-preview:large","max-video-preview":"max-video-preview:-1"},"canonical":"https:\/\/vieassociative.be\/actualites\/greenpeace-sentrainer-beaucoup-trop-souvent-plus-cher-que-lavion\/","og_locale":"fr_FR","og_type":"article","og_title":"Greenpeace: s'entra\u00eener beaucoup trop souvent plus cher que l'avion | Vie Associative","og_description":"Train ou avion? Au moins lorsque vous voyagez jusqu&rsquo;\u00e0 1 500 kilom\u00e8tres, les clients ont le choix. Greenpeace a compar\u00e9 les prix et les exigences.","og_url":"https:\/\/vieassociative.be\/actualites\/greenpeace-sentrainer-beaucoup-trop-souvent-plus-cher-que-lavion\/","og_site_name":"Vie Associative","article_published_time":"2025-08-23T08:18:28+00:00","og_image":[{"width":279,"height":92,"url":"https:\/\/vieassociative.be\/actualites\/wp-content\/uploads\/2024\/09\/header_backgroundk-01-e1726694325946.png","type":"image\/png"}],"author":"Julien","twitter_card":"summary_large_image","twitter_misc":{"\u00c9crit par":"Julien","Dur\u00e9e de lecture est.":"2 minutes"},"schema":{"@context":"https:\/\/schema.org","@graph":[{"@type":"Article","@id":"https:\/\/vieassociative.be\/actualites\/greenpeace-sentrainer-beaucoup-trop-souvent-plus-cher-que-lavion\/#article","isPartOf":{"@id":"https:\/\/vieassociative.be\/actualites\/greenpeace-sentrainer-beaucoup-trop-souvent-plus-cher-que-lavion\/"},"author":{"name":"Julien","@id":"https:\/\/vieassociative.be\/actualites\/#\/schema\/person\/b87ac4f82f9d4e7b7cec7395b679edc4"},"headline":"Greenpeace: s&rsquo;entra\u00eener beaucoup trop souvent plus cher que l&rsquo;avion","datePublished":"2025-08-23T08:18:28+00:00","dateModified":"2025-08-23T08:18:28+00:00","mainEntityOfPage":{"@id":"https:\/\/vieassociative.be\/actualites\/greenpeace-sentrainer-beaucoup-trop-souvent-plus-cher-que-lavion\/"},"wordCount":451,"publisher":{"@id":"https:\/\/vieassociative.be\/actualites\/#organization"},"image":{"@id":"https:\/\/vieassociative.be\/actualites\/greenpeace-sentrainer-beaucoup-trop-souvent-plus-cher-que-lavion\/#primaryimage"},"thumbnailUrl":"https:\/\/vieassociative.be\/actualites\/wp-content\/uploads\/2025\/08\/Greenpeace-sentrainer-beaucoup-trop-souvent-plus-cher-que-lavion.jpeg","keywords":["beaucoup","cher","Greenpeace","lavion","sentra\u00eener","souvent","trop"],"articleSection":["Belgique"],"inLanguage":"fr-BE"},{"@type":"WebPage","@id":"https:\/\/vieassociative.be\/actualites\/greenpeace-sentrainer-beaucoup-trop-souvent-plus-cher-que-lavion\/","url":"https:\/\/vieassociative.be\/actualites\/greenpeace-sentrainer-beaucoup-trop-souvent-plus-cher-que-lavion\/","name":"Greenpeace: s'entra\u00eener beaucoup trop souvent plus cher que l'avion | Vie Associative","isPartOf":{"@id":"https:\/\/vieassociative.be\/actualites\/#website"},"primaryImageOfPage":{"@id":"https:\/\/vieassociative.be\/actualites\/greenpeace-sentrainer-beaucoup-trop-souvent-plus-cher-que-lavion\/#primaryimage"},"image":{"@id":"https:\/\/vieassociative.be\/actualites\/greenpeace-sentrainer-beaucoup-trop-souvent-plus-cher-que-lavion\/#primaryimage"},"thumbnailUrl":"https:\/\/vieassociative.be\/actualites\/wp-content\/uploads\/2025\/08\/Greenpeace-sentrainer-beaucoup-trop-souvent-plus-cher-que-lavion.jpeg","datePublished":"2025-08-23T08:18:28+00:00","dateModified":"2025-08-23T08:18:28+00:00","breadcrumb":{"@id":"https:\/\/vieassociative.be\/actualites\/greenpeace-sentrainer-beaucoup-trop-souvent-plus-cher-que-lavion\/#breadcrumb"},"inLanguage":"fr-BE","potentialAction":[{"@type":"ReadAction","target":["https:\/\/vieassociative.be\/actualites\/greenpeace-sentrainer-beaucoup-trop-souvent-plus-cher-que-lavion\/"]}]},{"@type":"ImageObject","inLanguage":"fr-BE","@id":"https:\/\/vieassociative.be\/actualites\/greenpeace-sentrainer-beaucoup-trop-souvent-plus-cher-que-lavion\/#primaryimage","url":"https:\/\/vieassociative.be\/actualites\/wp-content\/uploads\/2025\/08\/Greenpeace-sentrainer-beaucoup-trop-souvent-plus-cher-que-lavion.jpeg","contentUrl":"https:\/\/vieassociative.be\/actualites\/wp-content\/uploads\/2025\/08\/Greenpeace-sentrainer-beaucoup-trop-souvent-plus-cher-que-lavion.jpeg","width":1280,"height":846,"caption":"Greenpeace: s'entra\u00eener beaucoup trop souvent plus cher que l'avion"},{"@type":"BreadcrumbList","@id":"https:\/\/vieassociative.be\/actualites\/greenpeace-sentrainer-beaucoup-trop-souvent-plus-cher-que-lavion\/#breadcrumb","itemListElement":[{"@type":"ListItem","position":1,"name":"Accueil","item":"https:\/\/vieassociative.be\/actualites\/"},{"@type":"ListItem","position":2,"name":"Greenpeace: s&rsquo;entra\u00eener beaucoup trop souvent plus cher que l&rsquo;avion"}]},{"@type":"WebSite","@id":"https:\/\/vieassociative.be\/actualites\/#website","url":"https:\/\/vieassociative.be\/actualites\/","name":"Vie Associative","description":"","publisher":{"@id":"https:\/\/vieassociative.be\/actualites\/#organization"},"potentialAction":[{"@type":"SearchAction","target":{"@type":"EntryPoint","urlTemplate":"https:\/\/vieassociative.be\/actualites\/?s={search_term_string}"},"query-input":{"@type":"PropertyValueSpecification","valueRequired":true,"valueName":"search_term_string"}}],"inLanguage":"fr-BE"},{"@type":"Organization","@id":"https:\/\/vieassociative.be\/actualites\/#organization","name":"Vie Associative","url":"https:\/\/vieassociative.be\/actualites\/","logo":{"@type":"ImageObject","inLanguage":"fr-BE","@id":"https:\/\/vieassociative.be\/actualites\/#\/schema\/logo\/image\/","url":"https:\/\/vieassociative.be\/actualites\/wp-content\/uploads\/2024\/09\/cropped-vieassociative_favicon.ico.png","contentUrl":"https:\/\/vieassociative.be\/actualites\/wp-content\/uploads\/2024\/09\/cropped-vieassociative_favicon.ico.png","width":512,"height":512,"caption":"Vie Associative"},"image":{"@id":"https:\/\/vieassociative.be\/actualites\/#\/schema\/logo\/image\/"}},{"@type":"Person","@id":"https:\/\/vieassociative.be\/actualites\/#\/schema\/person\/b87ac4f82f9d4e7b7cec7395b679edc4","name":"Julien","image":{"@type":"ImageObject","inLanguage":"fr-BE","@id":"https:\/\/vieassociative.be\/actualites\/#\/schema\/person\/image\/","url":"https:\/\/vieassociative.be\/actualites\/wp-content\/uploads\/2024\/09\/vie-associative-1-150x150.jpg","contentUrl":"https:\/\/vieassociative.be\/actualites\/wp-content\/uploads\/2024\/09\/vie-associative-1-150x150.jpg","caption":"Julien"},"description":"Je suis Julien, r\u00e9dacteur pour Vie Associative. Passionn\u00e9 par le monde associatif depuis plus de 10 ans, j'ai \u00e0 c\u0153ur de partager des histoires inspirantes et de mettre en lumi\u00e8re les initiatives locales. Mon objectif est de sensibiliser et d'encourager l'engagement communautaire \u00e0 travers mes articles.","sameAs":["https:\/\/vieassociative.be\/"]}]}},"_links":{"self":[{"href":"https:\/\/vieassociative.be\/actualites\/wp-json\/wp\/v2\/posts\/9578"}],"collection":[{"href":"https:\/\/vieassociative.be\/actualites\/wp-json\/wp\/v2\/posts"}],"about":[{"href":"https:\/\/vieassociative.be\/actualites\/wp-json\/wp\/v2\/types\/post"}],"author":[{"embeddable":true,"href":"https:\/\/vieassociative.be\/actualites\/wp-json\/wp\/v2\/users\/1"}],"replies":[{"embeddable":true,"href":"https:\/\/vieassociative.be\/actualites\/wp-json\/wp\/v2\/comments?post=9578"}],"version-history":[{"count":0,"href":"https:\/\/vieassociative.be\/actualites\/wp-json\/wp\/v2\/posts\/9578\/revisions"}],"wp:featuredmedia":[{"embeddable":true,"href":"https:\/\/vieassociative.be\/actualites\/wp-json\/wp\/v2\/media\/9579"}],"wp:attachment":[{"href":"https:\/\/vieassociative.be\/actualites\/wp-json\/wp\/v2\/media?parent=9578"}],"wp:term":[{"taxonomy":"category","embeddable":true,"href":"https:\/\/vieassociative.be\/actualites\/wp-json\/wp\/v2\/categories?post=9578"},{"taxonomy":"post_tag","embeddable":true,"href":"https:\/\/vieassociative.be\/actualites\/wp-json\/wp\/v2\/tags?post=9578"}],"curies":[{"name":"wp","href":"https:\/\/api.w.org\/{rel}","templated":true}]}}