{"id":9576,"date":"2025-08-23T09:17:04","date_gmt":"2025-08-23T07:17:04","guid":{"rendered":"https:\/\/vieassociative.be\/actualites\/les-meilleures-offres-sur-les-ecouteurs-et-les-ecouteurs-lors-de-ces-ventes-de-la-fete-du-travail\/"},"modified":"2025-08-23T09:17:04","modified_gmt":"2025-08-23T07:17:04","slug":"les-meilleures-offres-sur-les-ecouteurs-et-les-ecouteurs-lors-de-ces-ventes-de-la-fete-du-travail","status":"publish","type":"post","link":"https:\/\/vieassociative.be\/actualites\/les-meilleures-offres-sur-les-ecouteurs-et-les-ecouteurs-lors-de-ces-ventes-de-la-fete-du-travail\/","title":{"rendered":"Les meilleures offres sur les \u00e9couteurs et les \u00e9couteurs lors de ces ventes de la f\u00eate du Travail"},"content":{"rendered":"<div class=\"mt-4 leading-6 md:mb-8\">Ne trouvez rien d&rsquo;\u00e9coute, Sony, Sonos, JBL, Soundcore et plus d&rsquo;\u00e9couteurs \u00e0 vendre.<\/div>\n<p><\/p>\n<p><strong><em>Ventes de la f\u00eate du Travail<\/em><\/strong><em>  roulent, et <strong>Vie Associative partage les meilleures ventes<\/strong><\/em><em>  Bas\u00e9 sur les revues de produits, les comparaisons et les outils de suivi des prix avant la fin. Vous pouvez aussi <strong>Abonnez-vous \u00e0 notre newsletter shopping<\/strong><\/em><em>Ajouter au panier, pour les meilleures ventes envoy\u00e9es dans votre bo\u00eete de r\u00e9ception.<\/em><\/p>\n<p>Les ventes de la f\u00eate du Travail sont l\u00e0, avec de bonnes affaires sur toutes sortes de technologies, y compris les t\u00e9l\u00e9viseurs, les iPads et les tablettes et les \u00e9couteurs. Si votre jeu audio a besoin d&rsquo;un peu d&rsquo;aide, il existe de nombreuses options disponibles \u00e0 des prix avantageux, des derniers \u00e9couteurs Sony aux \u00e9couteurs Buzzy New Nothing. Voici les meilleures offres que j&rsquo;ai trouv\u00e9es jusqu&rsquo;\u00e0 pr\u00e9sent.<\/p>\n<div class=\"shadow-b-2 mb-12 mt-10 rounded-md border-2 border-(#F0F0F0) px-6 py-2 shadow-lg md:px-12\" role=\"region\" aria-label=\"Products List\" x-data=\"{ showMore: false }\">\n<div class=\"flex w-full gap-x-5\">\n<div class=\"flex w-full flex-col flex-nowrap justify-center gap-2 text-black no-underline md:order-2 md:gap-y-6\">\n<div class=\"flex flex-col justify-between gap-y-2 md:w-full md:gap-y-1\">\n<div class=\"block font-sans text-xs font-semibold capitalize leading-3 text-gray-900 md:leading-4\">Casque annulant du bruit, \u00e9couteur sans fil sur l&rsquo;oreille avec 6 micros, audio spatial personnalis\u00e9.<\/div>\n<div class=\"block w-fit cursor-pointer font-akshar text-lg font-medium leading-5 text-brand-green duration-200 ease-in-out hover:text-brand-green-700 md:text-xl md:leading-6\">\n<p>                            Rien casque (1)\n                        <\/p><\/div>\n<\/p><\/div>\n<div class=\"hidden md:flex md:justify-between md:gap-x-4\">\n<div class=\"w-full mb-0 md:flex md:flex-col md:justify-center font-sans leading-4 text-black\">\n<div class=\"flex flex-wrap items-center justify-center gap-1 md:justify-start\">\n        <span class=\"font-bold\"><\/p>\n<p>            269,00 $<br \/>\n                            <span class=\"font-medium\">\u00e0 Amazon<\/span><br \/>\n                    <\/span>\n            <\/div>\n<div class=\"flex items-center justify-center gap-x-1 font-bold md:justify-start\">\n            <span class=\"text-sm line-through\">299,00 $<\/span><br \/>\n            <span class=\"text-sm text-brand-green\">\u00c9conomisez 30,00 $<\/span>\n        <\/div>\n<\/p><\/div>\n<p>                            <button class=\"flex justify-center items-center w-full bg-brand-green text-white text-base font-sans font-medium rounded-md hover:bg-brand-green-700 hover:cursor-pointer md:text-sm hidden self-end h-12 max-w-(10rem) duration-200 ease-in-out hover:bg-brand-green-700 md:flex md:h-10\"><\/p>\n<p>    Conclure un accord<br \/>\n<\/button>\n                        <\/div>\n<\/p><\/div>\n<div class=\"flex aspect-video h-(90px) shrink-0 items-center justify-center self-center md:order-1\">\n                        <img decoding=\"async\" class=\"m-0 max-h-full max-w-full rounded-md\" src=\"https:\/\/vieassociative.be\/actualites\/wp-content\/uploads\/2025\/08\/Les-meilleures-offres-sur-les-ecouteurs-et-les-ecouteurs-lors.jpg\" alt=\"Rien de casque (1) casque Hybrid Active Noise Annuling, casque sans fil sur l'oreille avec 6 micros, audio spatial personnalis\u00e9, r\u00e9glage par KEF, jusqu'\u00e0 80 heures de jeu, casque Bluetooth noir\" width=\"auto\" height=\"auto\" loading=\"lazy\">\n                    <\/div>\n<\/p><\/div>\n<p>                            <button class=\"flex justify-center items-center w-full bg-brand-green text-white text-base font-sans font-medium rounded-md hover:bg-brand-green-700 hover:cursor-pointer md:text-sm w-full h-12 duration-200 ease-in-out hover:bg-brand-green-700 md:hidden md:h-10\"><\/p>\n<p>    Conclure un accord<br \/>\n<\/button><\/p>\n<div class=\"flex flex-col items-center w-full md:hidden font-sans leading-4 text-black\">\n<div class=\"flex flex-wrap items-center justify-center gap-1 md:justify-start\">\n        <span class=\"font-bold\"><\/p>\n<p>            269,00 $<br \/>\n                            <span class=\"font-medium\">\u00e0 Amazon<\/span><br \/>\n                    <\/span>\n            <\/div>\n<div class=\"flex items-center justify-center gap-x-1 font-bold md:justify-start\">\n            <span class=\"text-sm line-through\">299,00 $<\/span><br \/>\n            <span class=\"text-sm text-brand-green\">\u00c9conomisez 30,00 $<\/span>\n        <\/div>\n<\/p><\/div>\n<div class=\"flex w-full gap-x-5\">\n<div class=\"flex w-full flex-col flex-nowrap justify-center gap-2 text-black no-underline md:order-2 md:gap-y-6\">\n<div class=\"flex flex-col justify-between gap-y-2 md:w-full md:gap-y-1\">\n<div class=\"block font-sans text-xs font-semibold capitalize leading-3 text-gray-900 md:leading-4\">98,5% de r\u00e9duction du bruit, annulation de bruit adaptative aux oreilles et \u00e0 l&rsquo;environnement, son haute r\u00e9solution, batterie 50h.<\/div>\n<div class=\"block w-fit cursor-pointer font-akshar text-lg font-medium leading-5 text-brand-green duration-200 ease-in-out hover:text-brand-green-700 md:text-xl md:leading-6\">\n<p>                            SoundCore par Anker Liberty 4 NC Wireless Earbuds\n                        <\/p><\/div>\n<\/p><\/div>\n<div class=\"hidden md:flex md:justify-between md:gap-x-4\">\n<div class=\"w-full mb-0 md:flex md:flex-col md:justify-center font-sans leading-4 text-black\">\n<div class=\"flex flex-wrap items-center justify-center gap-1 md:justify-start\">\n        <span class=\"font-bold\"><\/p>\n<p>            56,99 $<br \/>\n                            <span class=\"font-medium\">\u00e0 Amazon<\/span><br \/>\n                    <\/span>\n            <\/div>\n<div class=\"flex items-center justify-center gap-x-1 font-bold md:justify-start\">\n            <span class=\"text-sm line-through\">99,99 $<\/span><br \/>\n            <span class=\"text-sm text-brand-green\">\u00c9conomisez 43,00 $<\/span>\n        <\/div>\n<\/p><\/div>\n<p>                            <button class=\"flex justify-center items-center w-full bg-brand-green text-white text-base font-sans font-medium rounded-md hover:bg-brand-green-700 hover:cursor-pointer md:text-sm hidden self-end h-12 max-w-(10rem) duration-200 ease-in-out hover:bg-brand-green-700 md:flex md:h-10\"><\/p>\n<p>    Conclure un accord<br \/>\n<\/button>\n                        <\/div>\n<\/p><\/div>\n<div class=\"flex aspect-video h-(90px) shrink-0 items-center justify-center self-center md:order-1\">\n                        <img decoding=\"async\" class=\"m-0 max-h-full max-w-full rounded-md\" src=\"https:\/\/vieassociative.be\/actualites\/wp-content\/uploads\/2025\/08\/1755933422_751_Les-meilleures-offres-sur-les-ecouteurs-et-les-ecouteurs-lors.jpg\" alt=\"SoundCore par Anker Liberty 4 NC Wireless Earbuds, 98,5% de r\u00e9duction du bruit, annulation de bruit adaptative aux oreilles et \u00e0 l'environnement, son haute r\u00e9solution, batterie 50h, charge sans fil, Bluetooth 5.3\" width=\"auto\" height=\"auto\" loading=\"lazy\">\n                    <\/div>\n<\/p><\/div>\n<p>                            <button class=\"flex justify-center items-center w-full bg-brand-green text-white text-base font-sans font-medium rounded-md hover:bg-brand-green-700 hover:cursor-pointer md:text-sm w-full h-12 duration-200 ease-in-out hover:bg-brand-green-700 md:hidden md:h-10\"><\/p>\n<p>    Conclure un accord<br \/>\n<\/button><\/p>\n<div class=\"flex flex-col items-center w-full md:hidden font-sans leading-4 text-black\">\n<div class=\"flex flex-wrap items-center justify-center gap-1 md:justify-start\">\n        <span class=\"font-bold\"><\/p>\n<p>            56,99 $<br \/>\n                            <span class=\"font-medium\">\u00e0 Amazon<\/span><br \/>\n                    <\/span>\n            <\/div>\n<div class=\"flex items-center justify-center gap-x-1 font-bold md:justify-start\">\n            <span class=\"text-sm line-through\">99,99 $<\/span><br \/>\n            <span class=\"text-sm text-brand-green\">\u00c9conomisez 43,00 $<\/span>\n        <\/div>\n<\/p><\/div>\n<div class=\"flex w-full gap-x-5\">\n<div class=\"flex w-full flex-col flex-nowrap justify-center gap-2 text-black no-underline md:order-2 md:gap-y-6\">\n<div class=\"flex flex-col justify-between gap-y-2 md:w-full md:gap-y-1\">\n<div class=\"block font-sans text-xs font-semibold capitalize leading-3 text-gray-900 md:leading-4\">Microphone et jusqu&rsquo;\u00e0 50 heures de vie de batterie avec chargement rapide, noir<\/div>\n<div class=\"block w-fit cursor-pointer font-akshar text-lg font-medium leading-5 text-brand-green duration-200 ease-in-out hover:text-brand-green-700 md:text-xl md:leading-6\">\n<p>                            Casque sony wh-ch520 Sony\n                        <\/p><\/div>\n<\/p><\/div>\n<div class=\"hidden md:flex md:justify-between md:gap-x-4\">\n<div class=\"w-full mb-0 md:flex md:flex-col md:justify-center font-sans leading-4 text-black\">\n<div class=\"flex flex-wrap items-center justify-center gap-1 md:justify-start\">\n        <span class=\"font-bold\"><\/p>\n<p>            0,00 $<br \/>\n                            <span class=\"font-medium\">\u00e0 Amazon<\/span><br \/>\n                    <\/span>\n            <\/div>\n<\/p><\/div>\n<p>                            <button class=\"flex justify-center items-center w-full bg-brand-green text-white text-base font-sans font-medium rounded-md hover:bg-brand-green-700 hover:cursor-pointer md:text-sm hidden self-end h-12 max-w-(10rem) duration-200 ease-in-out hover:bg-brand-green-700 md:flex md:h-10\"><\/p>\n<p>    Conclure un accord<br \/>\n<\/button>\n                        <\/div>\n<\/p><\/div>\n<div class=\"flex aspect-video h-(90px) shrink-0 items-center justify-center self-center md:order-1\">\n                        <img decoding=\"async\" class=\"m-0 max-h-full max-w-full rounded-md\" src=\"https:\/\/vieassociative.be\/actualites\/wp-content\/uploads\/2025\/08\/1755933422_439_Les-meilleures-offres-sur-les-ecouteurs-et-les-ecouteurs-lors.jpg\" alt=\"Chef de cas sans fil Sony WH-CH520\" width=\"auto\" height=\"auto\" loading=\"lazy\">\n                    <\/div>\n<\/p><\/div>\n<p>                            <button class=\"flex justify-center items-center w-full bg-brand-green text-white text-base font-sans font-medium rounded-md hover:bg-brand-green-700 hover:cursor-pointer md:text-sm w-full h-12 duration-200 ease-in-out hover:bg-brand-green-700 md:hidden md:h-10\"><\/p>\n<p>    Conclure un accord<br \/>\n<\/button><\/p>\n<div class=\"flex flex-col items-center w-full md:hidden font-sans leading-4 text-black\">\n<div class=\"flex flex-wrap items-center justify-center gap-1 md:justify-start\">\n        <span class=\"font-bold\"><\/p>\n<p>            0,00 $<br \/>\n                            <span class=\"font-medium\">\u00e0 Amazon<\/span><br \/>\n                    <\/span>\n            <\/div>\n<\/p><\/div>\n<div class=\"flex w-full gap-x-5\">\n<div class=\"flex w-full flex-col flex-nowrap justify-center gap-2 text-black no-underline md:order-2 md:gap-y-6\">\n<div class=\"flex flex-col justify-between gap-y-2 md:w-full md:gap-y-1\">\n<div class=\"block font-sans text-xs font-semibold capitalize leading-3 text-gray-900 md:leading-4\">\u00c9couteur de sur-auriculture sans fil annulant avec Bluetooth, dur\u00e9e de vie de la batterie de 30 heures, audio spatial, D<\/div>\n<div class=\"block w-fit cursor-pointer font-akshar text-lg font-medium leading-5 text-brand-green duration-200 ease-in-out hover:text-brand-green-700 md:text-xl md:leading-6\">\n<p>                            Casque sonos\n                        <\/p><\/div>\n<\/p><\/div>\n<div class=\"hidden md:flex md:justify-between md:gap-x-4\">\n<div class=\"w-full mb-0 md:flex md:flex-col md:justify-center font-sans leading-4 text-black\">\n<div class=\"flex flex-wrap items-center justify-center gap-1 md:justify-start\">\n        <span class=\"font-bold\"><\/p>\n<p>            299,00 $<br \/>\n                            <span class=\"font-medium\">\u00e0 Amazon<\/span><br \/>\n                    <\/span>\n            <\/div>\n<div class=\"flex items-center justify-center gap-x-1 font-bold md:justify-start\">\n            <span class=\"text-sm line-through\">399,00 $<\/span><br \/>\n            <span class=\"text-sm text-brand-green\">\u00c9conomisez 100,00 $<\/span>\n        <\/div>\n<\/p><\/div>\n<p>                            <button class=\"flex justify-center items-center w-full bg-brand-green text-white text-base font-sans font-medium rounded-md hover:bg-brand-green-700 hover:cursor-pointer md:text-sm hidden self-end h-12 max-w-(10rem) duration-200 ease-in-out hover:bg-brand-green-700 md:flex md:h-10\"><\/p>\n<p>    Conclure un accord<br \/>\n<\/button>\n                        <\/div>\n<\/p><\/div>\n<div class=\"flex aspect-video h-(90px) shrink-0 items-center justify-center self-center md:order-1\">\n                        <img decoding=\"async\" class=\"m-0 max-h-full max-w-full rounded-md\" src=\"https:\/\/vieassociative.be\/actualites\/wp-content\/uploads\/2025\/08\/1755933423_944_Les-meilleures-offres-sur-les-ecouteurs-et-les-ecouteurs-lors.jpg\" alt=\"Sonos as\" width=\"auto\" height=\"auto\" loading=\"lazy\">\n                    <\/div>\n<\/p><\/div>\n<p>                            <button class=\"flex justify-center items-center w-full bg-brand-green text-white text-base font-sans font-medium rounded-md hover:bg-brand-green-700 hover:cursor-pointer md:text-sm w-full h-12 duration-200 ease-in-out hover:bg-brand-green-700 md:hidden md:h-10\"><\/p>\n<p>    Conclure un accord<br \/>\n<\/button><\/p>\n<div class=\"flex flex-col items-center w-full md:hidden font-sans leading-4 text-black\">\n<div class=\"flex flex-wrap items-center justify-center gap-1 md:justify-start\">\n        <span class=\"font-bold\"><\/p>\n<p>            299,00 $<br \/>\n                            <span class=\"font-medium\">\u00e0 Amazon<\/span><br \/>\n                    <\/span>\n            <\/div>\n<div class=\"flex items-center justify-center gap-x-1 font-bold md:justify-start\">\n            <span class=\"text-sm line-through\">399,00 $<\/span><br \/>\n            <span class=\"text-sm text-brand-green\">\u00c9conomisez 100,00 $<\/span>\n        <\/div>\n<\/p><\/div>\n<div class=\"flex w-full gap-x-5\">\n<div class=\"flex w-full flex-col flex-nowrap justify-center gap-2 text-black no-underline md:order-2 md:gap-y-6\">\n<div class=\"flex flex-col justify-between gap-y-2 md:w-full md:gap-y-1\">\n<div class=\"block font-sans text-xs font-semibold capitalize leading-3 text-gray-900 md:leading-4\">Annuler des \u00e9couteurs \u00e0 b\u00e2ton, 48 heures de lecture totale, charge sans fil, 6 micros pour les appels parfaits.<\/div>\n<div class=\"block w-fit cursor-pointer font-akshar text-lg font-medium leading-5 text-brand-green duration-200 ease-in-out hover:text-brand-green-700 md:text-xl md:leading-6\">\n<p>                            JBL Live Beam 3 \u00c9couteurs ANC sans fil\n                        <\/p><\/div>\n<\/p><\/div>\n<div class=\"hidden md:flex md:justify-between md:gap-x-4\">\n<div class=\"w-full mb-0 md:flex md:flex-col md:justify-center font-sans leading-4 text-black\">\n<div class=\"flex flex-wrap items-center justify-center gap-1 md:justify-start\">\n        <span class=\"font-bold\"><\/p>\n<p>            139,95 $<br \/>\n                            <span class=\"font-medium\">\u00e0 Amazon<\/span><br \/>\n                    <\/span>\n            <\/div>\n<div class=\"flex items-center justify-center gap-x-1 font-bold md:justify-start\">\n            <span class=\"text-sm line-through\">199,95 $<\/span><br \/>\n            <span class=\"text-sm text-brand-green\">\u00c9conomisez 60,00 $<\/span>\n        <\/div>\n<\/p><\/div>\n<p>                            <button class=\"flex justify-center items-center w-full bg-brand-green text-white text-base font-sans font-medium rounded-md hover:bg-brand-green-700 hover:cursor-pointer md:text-sm hidden self-end h-12 max-w-(10rem) duration-200 ease-in-out hover:bg-brand-green-700 md:flex md:h-10\"><\/p>\n<p>    Conclure un accord<br \/>\n<\/button>\n                        <\/div>\n<\/p><\/div>\n<div class=\"flex aspect-video h-(90px) shrink-0 items-center justify-center self-center md:order-1\">\n                        <img decoding=\"async\" class=\"m-0 max-h-full max-w-full rounded-md\" src=\"https:\/\/vieassociative.be\/actualites\/wp-content\/uploads\/2025\/08\/1755933423_292_Les-meilleures-offres-sur-les-ecouteurs-et-les-ecouteurs-lors.jpg\" alt=\"JBL Live Beam 3 - True Wireless Noise Cantalling Closed-Stick Earbuds, 48hrs Total Perade, Charge sans fil, 6 micros pour les appels parfaits, connexion multi-points, IP55 Imperm\u00e9trique et \u00e9preuve de poussi\u00e8re (noir)\" width=\"auto\" height=\"auto\" loading=\"lazy\">\n                    <\/div>\n<\/p><\/div>\n<p>                            <button class=\"flex justify-center items-center w-full bg-brand-green text-white text-base font-sans font-medium rounded-md hover:bg-brand-green-700 hover:cursor-pointer md:text-sm w-full h-12 duration-200 ease-in-out hover:bg-brand-green-700 md:hidden md:h-10\"><\/p>\n<p>    Conclure un accord<br \/>\n<\/button><\/p>\n<div class=\"flex flex-col items-center w-full md:hidden font-sans leading-4 text-black\">\n<div class=\"flex flex-wrap items-center justify-center gap-1 md:justify-start\">\n        <span class=\"font-bold\"><\/p>\n<p>            139,95 $<br \/>\n                            <span class=\"font-medium\">\u00e0 Amazon<\/span><br \/>\n                    <\/span>\n            <\/div>\n<div class=\"flex items-center justify-center gap-x-1 font-bold md:justify-start\">\n            <span class=\"text-sm line-through\">199,95 $<\/span><br \/>\n            <span class=\"text-sm text-brand-green\">\u00c9conomisez 60,00 $<\/span>\n        <\/div>\n<\/p><\/div>\n<div class=\"flex w-full gap-x-5\">\n<div class=\"flex w-full flex-col flex-nowrap justify-center gap-2 text-black no-underline md:order-2 md:gap-y-6\">\n<div class=\"flex flex-col justify-between gap-y-2 md:w-full md:gap-y-1\">\n<div class=\"block font-sans text-xs font-semibold capitalize leading-3 text-gray-900 md:leading-4\">True Wireless JBL Deep Bass Sound Elewsbuds, Bluetooth 5.2, Water &#038; Dust Rentaning, Hands Free Call.<\/div>\n<div class=\"block w-fit cursor-pointer font-akshar text-lg font-medium leading-5 text-brand-green duration-200 ease-in-out hover:text-brand-green-700 md:text-xl md:leading-6\">\n<p>                            Poutre d&rsquo;ambiance jbl\n                        <\/p><\/div>\n<\/p><\/div>\n<div class=\"hidden md:flex md:justify-between md:gap-x-4\">\n<div class=\"w-full mb-0 md:flex md:flex-col md:justify-center font-sans leading-4 text-black\">\n<div class=\"flex flex-wrap items-center justify-center gap-1 md:justify-start\">\n        <span class=\"font-bold\"><\/p>\n<p>            29,95 $<br \/>\n                            <span class=\"font-medium\">\u00e0 Amazon<\/span><br \/>\n                    <\/span>\n            <\/div>\n<div class=\"flex items-center justify-center gap-x-1 font-bold md:justify-start\">\n            <span class=\"text-sm line-through\">49,95 $<\/span><br \/>\n            <span class=\"text-sm text-brand-green\">\u00c9conomisez 20,00 $<\/span>\n        <\/div>\n<\/p><\/div>\n<p>                            <button class=\"flex justify-center items-center w-full bg-brand-green text-white text-base font-sans font-medium rounded-md hover:bg-brand-green-700 hover:cursor-pointer md:text-sm hidden self-end h-12 max-w-(10rem) duration-200 ease-in-out hover:bg-brand-green-700 md:flex md:h-10\"><\/p>\n<p>    Conclure un accord<br \/>\n<\/button>\n                        <\/div>\n<\/p><\/div>\n<div class=\"flex aspect-video h-(90px) shrink-0 items-center justify-center self-center md:order-1\">\n                        <img decoding=\"async\" class=\"m-0 max-h-full max-w-full rounded-md\" src=\"https:\/\/vieassociative.be\/actualites\/wp-content\/uploads\/2025\/08\/1755933423_383_Les-meilleures-offres-sur-les-ecouteurs-et-les-ecouteurs-lors.jpg\" alt=\"JBL Vibe Beam True Wireless Earbuds (noir)\" width=\"auto\" height=\"auto\" loading=\"lazy\">\n                    <\/div>\n<\/p><\/div>\n<p>                            <button class=\"flex justify-center items-center w-full bg-brand-green text-white text-base font-sans font-medium rounded-md hover:bg-brand-green-700 hover:cursor-pointer md:text-sm w-full h-12 duration-200 ease-in-out hover:bg-brand-green-700 md:hidden md:h-10\"><\/p>\n<p>    Conclure un accord<br \/>\n<\/button><\/p>\n<div class=\"flex flex-col items-center w-full md:hidden font-sans leading-4 text-black\">\n<div class=\"flex flex-wrap items-center justify-center gap-1 md:justify-start\">\n        <span class=\"font-bold\"><\/p>\n<p>            29,95 $<br \/>\n                            <span class=\"font-medium\">\u00e0 Amazon<\/span><br \/>\n                    <\/span>\n            <\/div>\n<div class=\"flex items-center justify-center gap-x-1 font-bold md:justify-start\">\n            <span class=\"text-sm line-through\">49,95 $<\/span><br \/>\n            <span class=\"text-sm text-brand-green\">\u00c9conomisez 20,00 $<\/span>\n        <\/div>\n<\/p><\/div>\n<div class=\"flex w-full gap-x-5\">\n<div class=\"flex w-full flex-col flex-nowrap justify-center gap-2 text-black no-underline md:order-2 md:gap-y-6\">\n<div class=\"flex flex-col justify-between gap-y-2 md:w-full md:gap-y-1\">\n<div class=\"block font-sans text-xs font-semibold capitalize leading-3 text-gray-900 md:leading-4\">Processeur HD NC QN3, 12 microphones, optimiseur nc adaptatif, ma\u00eetris\u00e9 par les ing\u00e9nieurs, qualit\u00e9 studio.<\/div>\n<div class=\"block w-fit cursor-pointer font-akshar text-lg font-medium leading-5 text-brand-green duration-200 ease-in-out hover:text-brand-green-700 md:text-xl md:leading-6\">\n<p>                            Sony WH-1000XM6\n                        <\/p><\/div>\n<\/p><\/div>\n<div class=\"hidden md:flex md:justify-between md:gap-x-4\">\n<div class=\"w-full mb-0 md:flex md:flex-col md:justify-center font-sans leading-4 text-black\">\n<div class=\"flex flex-wrap items-center justify-center gap-1 md:justify-start\">\n        <span class=\"font-bold\"><\/p>\n<p>            428,00 $<br \/>\n                            <span class=\"font-medium\">\u00e0 Amazon<\/span><br \/>\n                    <\/span>\n            <\/div>\n<div class=\"flex items-center justify-center gap-x-1 font-bold md:justify-start\">\n            <span class=\"text-sm line-through\">449,99 $<\/span><br \/>\n            <span class=\"text-sm text-brand-green\">\u00c9conomisez 21,99 $<\/span>\n        <\/div>\n<\/p><\/div>\n<p>                            <button class=\"flex justify-center items-center w-full bg-brand-green text-white text-base font-sans font-medium rounded-md hover:bg-brand-green-700 hover:cursor-pointer md:text-sm hidden self-end h-12 max-w-(10rem) duration-200 ease-in-out hover:bg-brand-green-700 md:flex md:h-10\"><\/p>\n<p>    Conclure un accord<br \/>\n<\/button>\n                        <\/div>\n<\/p><\/div>\n<div class=\"flex aspect-video h-(90px) shrink-0 items-center justify-center self-center md:order-1\">\n                        <img decoding=\"async\" class=\"m-0 max-h-full max-w-full rounded-md\" src=\"https:\/\/vieassociative.be\/actualites\/wp-content\/uploads\/2025\/08\/1755933423_290_Les-meilleures-offres-sur-les-ecouteurs-et-les-ecouteurs-lors.jpg\" alt=\"Sony WH-1000XM6\" width=\"auto\" height=\"auto\" loading=\"lazy\">\n                    <\/div>\n<\/p><\/div>\n<p>                            <button class=\"flex justify-center items-center w-full bg-brand-green text-white text-base font-sans font-medium rounded-md hover:bg-brand-green-700 hover:cursor-pointer md:text-sm w-full h-12 duration-200 ease-in-out hover:bg-brand-green-700 md:hidden md:h-10\"><\/p>\n<p>    Conclure un accord<br \/>\n<\/button><\/p>\n<div class=\"flex flex-col items-center w-full md:hidden font-sans leading-4 text-black\">\n<div class=\"flex flex-wrap items-center justify-center gap-1 md:justify-start\">\n        <span class=\"font-bold\"><\/p>\n<p>            428,00 $<br \/>\n                            <span class=\"font-medium\">\u00e0 Amazon<\/span><br \/>\n                    <\/span>\n            <\/div>\n<div class=\"flex items-center justify-center gap-x-1 font-bold md:justify-start\">\n            <span class=\"text-sm line-through\">449,99 $<\/span><br \/>\n            <span class=\"text-sm text-brand-green\">\u00c9conomisez 21,99 $<\/span>\n        <\/div>\n<\/p><\/div>\n<div class=\"flex w-full gap-x-5\">\n<div class=\"flex w-full flex-col flex-nowrap justify-center gap-2 text-black no-underline md:order-2 md:gap-y-6\">\n<div class=\"flex flex-col justify-between gap-y-2 md:w-full md:gap-y-1\">\n<div class=\"block font-sans text-xs font-semibold capitalize leading-3 text-gray-900 md:leading-4\">\u00c9couteurs d&rsquo;annulation de bruit, optimiseur Auto NC, batterie de 30 heures, contr\u00f4le vocal Alexa, noir<\/div>\n<div class=\"block w-fit cursor-pointer font-akshar text-lg font-medium leading-5 text-brand-green duration-200 ease-in-out hover:text-brand-green-700 md:text-xl md:leading-6\">\n<p>                            Sony WH-1000XM5\n                        <\/p><\/div>\n<\/p><\/div>\n<div class=\"hidden md:flex md:justify-between md:gap-x-4\">\n<div class=\"w-full mb-0 md:flex md:flex-col md:justify-center font-sans leading-4 text-black\">\n<div class=\"flex flex-wrap items-center justify-center gap-1 md:justify-start\">\n        <span class=\"font-bold\"><\/p>\n<p>            274,00 $<br \/>\n                            <span class=\"font-medium\">\u00e0 Amazon<\/span><br \/>\n                    <\/span>\n            <\/div>\n<div class=\"flex items-center justify-center gap-x-1 font-bold md:justify-start\">\n            <span class=\"text-sm line-through\">399,99 $<\/span><br \/>\n            <span class=\"text-sm text-brand-green\">\u00c9conomisez 125,99 $<\/span>\n        <\/div>\n<\/p><\/div>\n<p>                            <button class=\"flex justify-center items-center w-full bg-brand-green text-white text-base font-sans font-medium rounded-md hover:bg-brand-green-700 hover:cursor-pointer md:text-sm hidden self-end h-12 max-w-(10rem) duration-200 ease-in-out hover:bg-brand-green-700 md:flex md:h-10\"><\/p>\n<p>    Conclure un accord<br \/>\n<\/button>\n                        <\/div>\n<\/p><\/div>\n<div class=\"flex aspect-video h-(90px) shrink-0 items-center justify-center self-center md:order-1\">\n                        <img decoding=\"async\" class=\"m-0 max-h-full max-w-full rounded-md\" src=\"https:\/\/vieassociative.be\/actualites\/wp-content\/uploads\/2025\/08\/1755933423_640_Les-meilleures-offres-sur-les-ecouteurs-et-les-ecouteurs-lors.jpg\" alt=\"Sony WH-1000XM5\" width=\"auto\" height=\"auto\" loading=\"lazy\">\n                    <\/div>\n<\/p><\/div>\n<p>                            <button class=\"flex justify-center items-center w-full bg-brand-green text-white text-base font-sans font-medium rounded-md hover:bg-brand-green-700 hover:cursor-pointer md:text-sm w-full h-12 duration-200 ease-in-out hover:bg-brand-green-700 md:hidden md:h-10\"><\/p>\n<p>    Conclure un accord<br \/>\n<\/button><\/p>\n<div class=\"flex flex-col items-center w-full md:hidden font-sans leading-4 text-black\">\n<div class=\"flex flex-wrap items-center justify-center gap-1 md:justify-start\">\n        <span class=\"font-bold\"><\/p>\n<p>            274,00 $<br \/>\n                            <span class=\"font-medium\">\u00e0 Amazon<\/span><br \/>\n                    <\/span>\n            <\/div>\n<div class=\"flex items-center justify-center gap-x-1 font-bold md:justify-start\">\n            <span class=\"text-sm line-through\">399,99 $<\/span><br \/>\n            <span class=\"text-sm text-brand-green\">\u00c9conomisez 125,99 $<\/span>\n        <\/div>\n<\/p><\/div>\n<div class=\"flex w-full gap-x-5\">\n<div class=\"flex w-full flex-col flex-nowrap justify-center gap-2 text-black no-underline md:order-2 md:gap-y-6\">\n<div class=\"flex flex-col justify-between gap-y-2 md:w-full md:gap-y-1\">\n<div class=\"block font-sans text-xs font-semibold capitalize leading-3 text-gray-900 md:leading-4\">\u00c9couteur a\u00e9rien d&rsquo;annulation du bruit avec micro pour l&rsquo;appel de t\u00e9l\u00e9phone et le contr\u00f4le vocal Alexa.<\/div>\n<div class=\"block w-fit cursor-pointer font-akshar text-lg font-medium leading-5 text-brand-green duration-200 ease-in-out hover:text-brand-green-700 md:text-xl md:leading-6\">\n<p>                            Sony WH-1000XM4 Annulation du bruit sans fil (bleu)\n                        <\/p><\/div>\n<\/p><\/div>\n<div class=\"hidden md:flex md:justify-between md:gap-x-4\">\n<div class=\"w-full mb-0 md:flex md:flex-col md:justify-center font-sans leading-4 text-black\">\n<div class=\"flex flex-wrap items-center justify-center gap-1 md:justify-start\">\n        <span class=\"font-bold\"><\/p>\n<p>            198,00 $<br \/>\n                            <span class=\"font-medium\">\u00e0 Amazon<\/span><br \/>\n                    <\/span>\n            <\/div>\n<div class=\"flex items-center justify-center gap-x-1 font-bold md:justify-start\">\n            <span class=\"text-sm line-through\">349,99 $<\/span><br \/>\n            <span class=\"text-sm text-brand-green\">\u00c9conomisez 151,99 $<\/span>\n        <\/div>\n<\/p><\/div>\n<p>                            <button class=\"flex justify-center items-center w-full bg-brand-green text-white text-base font-sans font-medium rounded-md hover:bg-brand-green-700 hover:cursor-pointer md:text-sm hidden self-end h-12 max-w-(10rem) duration-200 ease-in-out hover:bg-brand-green-700 md:flex md:h-10\"><\/p>\n<p>    Conclure un accord<br \/>\n<\/button>\n                        <\/div>\n<\/p><\/div>\n<div class=\"flex aspect-video h-(90px) shrink-0 items-center justify-center self-center md:order-1\">\n                        <img decoding=\"async\" class=\"m-0 max-h-full max-w-full rounded-md\" src=\"https:\/\/vieassociative.be\/actualites\/wp-content\/uploads\/2025\/08\/1755933424_750_Les-meilleures-offres-sur-les-ecouteurs-et-les-ecouteurs-lors.jpg\" alt=\"Sony WH-1000XM4 Annulation du bruit sans fil (bleu)\" width=\"auto\" height=\"auto\" loading=\"lazy\">\n                    <\/div>\n<\/p><\/div>\n<p>                            <button class=\"flex justify-center items-center w-full bg-brand-green text-white text-base font-sans font-medium rounded-md hover:bg-brand-green-700 hover:cursor-pointer md:text-sm w-full h-12 duration-200 ease-in-out hover:bg-brand-green-700 md:hidden md:h-10\"><\/p>\n<p>    Conclure un accord<br \/>\n<\/button><\/p>\n<div class=\"flex flex-col items-center w-full md:hidden font-sans leading-4 text-black\">\n<div class=\"flex flex-wrap items-center justify-center gap-1 md:justify-start\">\n        <span class=\"font-bold\"><\/p>\n<p>            198,00 $<br \/>\n                            <span class=\"font-medium\">\u00e0 Amazon<\/span><br \/>\n                    <\/span>\n            <\/div>\n<div class=\"flex items-center justify-center gap-x-1 font-bold md:justify-start\">\n            <span class=\"text-sm line-through\">349,99 $<\/span><br \/>\n            <span class=\"text-sm text-brand-green\">\u00c9conomisez 151,99 $<\/span>\n        <\/div>\n<\/p><\/div>\n<\/div>\n<p>La marque Nothing m&rsquo;a impressionn\u00e9 ces derniers temps, fabriquant des produits de qualit\u00e9 incroyable pour moins d&rsquo;argent que la concurrence. Les \u00e9couteurs de rien annulant ne font pas exception, qui sont en vente pour <strong>269 \u200b\u200b$<\/strong> (\u00e0 l&rsquo;origine 299 $). Ces \u00e9couteurs ont un design unique, un ANC solide, une prise en charge des codecs haute r\u00e9solution et une excellente application compagnon, sur laquelle vous pouvez en savoir plus dans la revue de PCMAG.<\/p>\n<p>SoundCore se d\u00e9marque des autres marques d&rsquo;\u00e9coute budg\u00e9taire en raison de ses produits \u00e9tonnamment solides. L&rsquo;Anker Soundcore Liberty 4 NC est tr\u00e8s qualit\u00e9 et plus compatible avec des portefeuilles en ce moment \u00e0 une remise de 43%, ce qui a fait baisser son prix \u00e0 <strong>56,99 $<\/strong> (\u00e0 l&rsquo;origine 99,99 $).<\/p>\n<p>Si vous cherchez \u00e0 d\u00e9penser moins de 40 $ pour une marque de casque de confiance qui fonctionne, consid\u00e9rez les \u00e9couteurs sans fil Sony WH-CH520, qui sont actuellement juste <strong>38 $<\/strong> (\u00e0 l&rsquo;origine 69,99 $). Ils offrent une longue dur\u00e9e de vie de la batterie, un son personnalisable et un design pivotant amorti pour le confort. <\/p>\n<p>Parmi l&rsquo;\u00e9chelon sup\u00e9rieur des \u00e9couteurs premium se trouvent l&rsquo;as Sonos. Quiconque est d\u00e9j\u00e0 dans l&rsquo;\u00e9cosyst\u00e8me de Sonos devrait envisager de les obtenir. Mais m\u00eame si vous ne l&rsquo;\u00eates pas, ceux-ci font de grands \u00e9couteurs pour les utilisateurs d&rsquo;Android et d&rsquo;Apple. Vous pouvez les obtenir pour <strong>299 $<\/strong> (\u00e0 l&rsquo;origine 399 $). Vous pouvez en savoir plus \u00e0 leur sujet sur la critique \u00ab\u00a0Excellente\u00a0\u00bb de PCMAG.<\/p>\n<p>JBL&rsquo;S EMBEAT POUR 3 EARBUDS &#8211; que vous pouvez obtenir pour <strong>139,95 $<\/strong> (\u00e0 l&rsquo;origine 199,95 $) apr\u00e8s une remise de 30%, disposant de certaines fonctionnalit\u00e9s uniques. Le cas de charge vous permet de contr\u00f4ler votre exp\u00e9rience d&rsquo;\u00e9coute avec un \u00e9cran tactile, vous permettant de contr\u00f4ler la lecture et de basculer entre diff\u00e9rents modes de son. Il a \u00e9galement un excellent audio, une annulation efficace du bruit, une longue dur\u00e9e de vie de la batterie et un bon support de codec, selon \u00ab\u00a0Excellent\u00a0\u00bb avis de PCMAG. Vous pouvez \u00e9galement trouver l&rsquo;option la plus budg\u00e9taire pour <strong>29,95 $<\/strong>.<\/p>\n<p>Les \u00e9couteurs Sony WF-1000XM5 vous permettent de personnaliser pleinement leur son avec diverses options d&rsquo;\u00e9galisation et de personnalisation dans l&rsquo;application d&rsquo;accompagnement, mais elles semblent \u00e9quilibr\u00e9es et compl\u00e8tes. Vous obtenez \u00e9galement une prise en charge des codecs Bluetooth LC3 et LDAC haut de gamme. Leur ANC est g\u00e9nial, mais ce qui les rend sp\u00e9ciaux, c&rsquo;est que, contrairement \u00e0 de nombreux autres \u00e9couteurs de l&rsquo;ANC, leur qualit\u00e9 audio n&rsquo;est pas g\u00ean\u00e9e par l&rsquo;utilisation de l&rsquo;ANC, comme indiqu\u00e9 dans l&rsquo;examen \u00ab\u00a0exceptionnel\u00a0\u00bb de PCMAG. Vous pouvez les obtenir pour <strong>213 $<\/strong> (\u00e0 l&rsquo;origine 329,99 $).<\/p>\n<p>En parlant de la s\u00e9rie 1000x, les trois derni\u00e8res versions des \u00e9couteurs sont toutes r\u00e9duites en ce moment. Les \u00e9couteurs WH-1000XM6 sont les meilleurs \u00e9couteurs que votre argent peut acheter en ce moment, comme je l&rsquo;ai not\u00e9 dans mon examen. Bien que ce ne soit pas la plus grande remise \u00e0 <strong>428 $<\/strong> (\u00e0 l&rsquo;origine 449,99 $), toute vente sur ces \u00e9couteurs r\u00e9cemment publi\u00e9s est excellente. <\/p>\n<p>Le WH-1000XM5 a \u00e9t\u00e9 d\u00e9tr\u00f4n\u00e9 lorsque le XM6 a \u00e9t\u00e9 publi\u00e9 plus t\u00f4t cette ann\u00e9e, mais cela a provoqu\u00e9 une r\u00e9duction douce: en ce moment, ils sont <strong>274 $<\/strong> (\u00e0 l&rsquo;origine 399,99 $). C&rsquo;est une valeur incroyable pour les \u00e9couteurs qui sont tr\u00e8s proches de la performance du XM6. Vous pouvez en savoir plus \u00e0 leur sujet dans la critique de PCMAG.<\/p>\n<p>Si vous cherchez le moins cher des trois, le WH-1000XM4 commence par <strong>198 $<\/strong> (\u00e0 l&rsquo;origine 349,99 $). Oui, ils ne sont pas aussi fantaisistes que le XM6, mais ce sont toujours de superbes \u00e9couteurs et tr\u00e8s puissants pour la plupart des gens. Vous pouvez en savoir plus \u00e0 leur sujet dans la critique de PCMAG.<\/p>\n<hr>\n","protected":false},"excerpt":{"rendered":"<p>Ne trouvez rien d&rsquo;\u00e9coute, Sony, Sonos, JBL, Soundcore et plus d&rsquo;\u00e9couteurs \u00e0 vendre. Ventes de la f\u00eate du Travail roulent, et Vie Associative partage les<\/p>\n","protected":false},"author":1,"featured_media":9577,"comment_status":"","ping_status":"","sticky":false,"template":"","format":"standard","meta":{"footnotes":""},"categories":[13],"tags":[248,1537,1485,14,353,79,345,33,504,1448],"class_list":["post-9576","post","type-post","status-publish","format-standard","has-post-thumbnail","hentry","category-technologie","tag-ces","tag-ecouteurs","tag-fete","tag-les","tag-lors","tag-meilleures","tag-offres","tag-sur","tag-travail","tag-ventes","generate-columns","tablet-grid-50","mobile-grid-100","grid-parent","grid-33"],"yoast_head":"<!-- This site is optimized with the Yoast SEO plugin v24.0 - https:\/\/yoast.com\/wordpress\/plugins\/seo\/ -->\n<title>Les meilleures offres sur les \u00e9couteurs et les \u00e9couteurs lors de ces ventes de la f\u00eate du Travail | Vie Associative<\/title>\n<meta name=\"robots\" content=\"index, follow, max-snippet:-1, max-image-preview:large, max-video-preview:-1\" \/>\n<link rel=\"canonical\" href=\"https:\/\/vieassociative.be\/actualites\/les-meilleures-offres-sur-les-ecouteurs-et-les-ecouteurs-lors-de-ces-ventes-de-la-fete-du-travail\/\" \/>\n<meta property=\"og:locale\" content=\"fr_FR\" \/>\n<meta property=\"og:type\" content=\"article\" \/>\n<meta property=\"og:title\" content=\"Les meilleures offres sur les \u00e9couteurs et les \u00e9couteurs lors de ces ventes de la f\u00eate du Travail | Vie Associative\" \/>\n<meta property=\"og:description\" content=\"Ne trouvez rien d&rsquo;\u00e9coute, Sony, Sonos, JBL, Soundcore et plus d&rsquo;\u00e9couteurs \u00e0 vendre. Ventes de la f\u00eate du Travail roulent, et Vie Associative partage les\" \/>\n<meta property=\"og:url\" content=\"https:\/\/vieassociative.be\/actualites\/les-meilleures-offres-sur-les-ecouteurs-et-les-ecouteurs-lors-de-ces-ventes-de-la-fete-du-travail\/\" \/>\n<meta property=\"og:site_name\" content=\"Vie Associative\" \/>\n<meta property=\"article:published_time\" content=\"2025-08-23T07:17:04+00:00\" \/>\n<meta property=\"og:image\" content=\"https:\/\/vieassociative.be\/actualites\/wp-content\/uploads\/2025\/08\/Les-meilleures-offres-sur-les-ecouteurs-et-les-ecouteurs-lors.jpg\" \/>\n<meta name=\"author\" content=\"Julien\" \/>\n<meta name=\"twitter:card\" content=\"summary_large_image\" \/>\n<meta name=\"twitter:label1\" content=\"\u00c9crit par\" \/>\n\t<meta name=\"twitter:data1\" content=\"Julien\" \/>\n\t<meta name=\"twitter:label2\" content=\"Dur\u00e9e de lecture est.\" \/>\n\t<meta name=\"twitter:data2\" content=\"5 minutes\" \/>\n<script type=\"application\/ld+json\" class=\"yoast-schema-graph\">{\"@context\":\"https:\/\/schema.org\",\"@graph\":[{\"@type\":\"Article\",\"@id\":\"https:\/\/vieassociative.be\/actualites\/les-meilleures-offres-sur-les-ecouteurs-et-les-ecouteurs-lors-de-ces-ventes-de-la-fete-du-travail\/#article\",\"isPartOf\":{\"@id\":\"https:\/\/vieassociative.be\/actualites\/les-meilleures-offres-sur-les-ecouteurs-et-les-ecouteurs-lors-de-ces-ventes-de-la-fete-du-travail\/\"},\"author\":{\"name\":\"Julien\",\"@id\":\"https:\/\/vieassociative.be\/actualites\/#\/schema\/person\/b87ac4f82f9d4e7b7cec7395b679edc4\"},\"headline\":\"Les meilleures offres sur les \u00e9couteurs et les \u00e9couteurs lors de ces ventes de la f\u00eate du Travail\",\"datePublished\":\"2025-08-23T07:17:04+00:00\",\"dateModified\":\"2025-08-23T07:17:04+00:00\",\"mainEntityOfPage\":{\"@id\":\"https:\/\/vieassociative.be\/actualites\/les-meilleures-offres-sur-les-ecouteurs-et-les-ecouteurs-lors-de-ces-ventes-de-la-fete-du-travail\/\"},\"wordCount\":1075,\"publisher\":{\"@id\":\"https:\/\/vieassociative.be\/actualites\/#organization\"},\"image\":{\"@id\":\"https:\/\/vieassociative.be\/actualites\/les-meilleures-offres-sur-les-ecouteurs-et-les-ecouteurs-lors-de-ces-ventes-de-la-fete-du-travail\/#primaryimage\"},\"thumbnailUrl\":\"https:\/\/vieassociative.be\/actualites\/wp-content\/uploads\/2025\/08\/Les-meilleures-offres-sur-les-ecouteurs-et-les-ecouteurs-lors.png\",\"keywords\":[\"ces\",\"\u00e9couteurs\",\"f\u00eate\",\"Les\",\"lors\",\"meilleures\",\"offres\",\"sur\",\"travail\",\"ventes\"],\"articleSection\":[\"Technologie\"],\"inLanguage\":\"fr-BE\"},{\"@type\":\"WebPage\",\"@id\":\"https:\/\/vieassociative.be\/actualites\/les-meilleures-offres-sur-les-ecouteurs-et-les-ecouteurs-lors-de-ces-ventes-de-la-fete-du-travail\/\",\"url\":\"https:\/\/vieassociative.be\/actualites\/les-meilleures-offres-sur-les-ecouteurs-et-les-ecouteurs-lors-de-ces-ventes-de-la-fete-du-travail\/\",\"name\":\"Les meilleures offres sur les \u00e9couteurs et les \u00e9couteurs lors de ces ventes de la f\u00eate du Travail | Vie Associative\",\"isPartOf\":{\"@id\":\"https:\/\/vieassociative.be\/actualites\/#website\"},\"primaryImageOfPage\":{\"@id\":\"https:\/\/vieassociative.be\/actualites\/les-meilleures-offres-sur-les-ecouteurs-et-les-ecouteurs-lors-de-ces-ventes-de-la-fete-du-travail\/#primaryimage\"},\"image\":{\"@id\":\"https:\/\/vieassociative.be\/actualites\/les-meilleures-offres-sur-les-ecouteurs-et-les-ecouteurs-lors-de-ces-ventes-de-la-fete-du-travail\/#primaryimage\"},\"thumbnailUrl\":\"https:\/\/vieassociative.be\/actualites\/wp-content\/uploads\/2025\/08\/Les-meilleures-offres-sur-les-ecouteurs-et-les-ecouteurs-lors.png\",\"datePublished\":\"2025-08-23T07:17:04+00:00\",\"dateModified\":\"2025-08-23T07:17:04+00:00\",\"breadcrumb\":{\"@id\":\"https:\/\/vieassociative.be\/actualites\/les-meilleures-offres-sur-les-ecouteurs-et-les-ecouteurs-lors-de-ces-ventes-de-la-fete-du-travail\/#breadcrumb\"},\"inLanguage\":\"fr-BE\",\"potentialAction\":[{\"@type\":\"ReadAction\",\"target\":[\"https:\/\/vieassociative.be\/actualites\/les-meilleures-offres-sur-les-ecouteurs-et-les-ecouteurs-lors-de-ces-ventes-de-la-fete-du-travail\/\"]}]},{\"@type\":\"ImageObject\",\"inLanguage\":\"fr-BE\",\"@id\":\"https:\/\/vieassociative.be\/actualites\/les-meilleures-offres-sur-les-ecouteurs-et-les-ecouteurs-lors-de-ces-ventes-de-la-fete-du-travail\/#primaryimage\",\"url\":\"https:\/\/vieassociative.be\/actualites\/wp-content\/uploads\/2025\/08\/Les-meilleures-offres-sur-les-ecouteurs-et-les-ecouteurs-lors.png\",\"contentUrl\":\"https:\/\/vieassociative.be\/actualites\/wp-content\/uploads\/2025\/08\/Les-meilleures-offres-sur-les-ecouteurs-et-les-ecouteurs-lors.png\",\"width\":1200,\"height\":675,\"caption\":\"Les meilleures offres sur les \u00e9couteurs et les \u00e9couteurs lors de ces ventes de la f\u00eate du Travail\"},{\"@type\":\"BreadcrumbList\",\"@id\":\"https:\/\/vieassociative.be\/actualites\/les-meilleures-offres-sur-les-ecouteurs-et-les-ecouteurs-lors-de-ces-ventes-de-la-fete-du-travail\/#breadcrumb\",\"itemListElement\":[{\"@type\":\"ListItem\",\"position\":1,\"name\":\"Accueil\",\"item\":\"https:\/\/vieassociative.be\/actualites\/\"},{\"@type\":\"ListItem\",\"position\":2,\"name\":\"Les meilleures offres sur les \u00e9couteurs et les \u00e9couteurs lors de ces ventes de la f\u00eate du Travail\"}]},{\"@type\":\"WebSite\",\"@id\":\"https:\/\/vieassociative.be\/actualites\/#website\",\"url\":\"https:\/\/vieassociative.be\/actualites\/\",\"name\":\"Vie Associative\",\"description\":\"\",\"publisher\":{\"@id\":\"https:\/\/vieassociative.be\/actualites\/#organization\"},\"potentialAction\":[{\"@type\":\"SearchAction\",\"target\":{\"@type\":\"EntryPoint\",\"urlTemplate\":\"https:\/\/vieassociative.be\/actualites\/?s={search_term_string}\"},\"query-input\":{\"@type\":\"PropertyValueSpecification\",\"valueRequired\":true,\"valueName\":\"search_term_string\"}}],\"inLanguage\":\"fr-BE\"},{\"@type\":\"Organization\",\"@id\":\"https:\/\/vieassociative.be\/actualites\/#organization\",\"name\":\"Vie Associative\",\"url\":\"https:\/\/vieassociative.be\/actualites\/\",\"logo\":{\"@type\":\"ImageObject\",\"inLanguage\":\"fr-BE\",\"@id\":\"https:\/\/vieassociative.be\/actualites\/#\/schema\/logo\/image\/\",\"url\":\"https:\/\/vieassociative.be\/actualites\/wp-content\/uploads\/2024\/09\/cropped-vieassociative_favicon.ico.png\",\"contentUrl\":\"https:\/\/vieassociative.be\/actualites\/wp-content\/uploads\/2024\/09\/cropped-vieassociative_favicon.ico.png\",\"width\":512,\"height\":512,\"caption\":\"Vie Associative\"},\"image\":{\"@id\":\"https:\/\/vieassociative.be\/actualites\/#\/schema\/logo\/image\/\"}},{\"@type\":\"Person\",\"@id\":\"https:\/\/vieassociative.be\/actualites\/#\/schema\/person\/b87ac4f82f9d4e7b7cec7395b679edc4\",\"name\":\"Julien\",\"image\":{\"@type\":\"ImageObject\",\"inLanguage\":\"fr-BE\",\"@id\":\"https:\/\/vieassociative.be\/actualites\/#\/schema\/person\/image\/\",\"url\":\"https:\/\/vieassociative.be\/actualites\/wp-content\/uploads\/2024\/09\/vie-associative-1-150x150.jpg\",\"contentUrl\":\"https:\/\/vieassociative.be\/actualites\/wp-content\/uploads\/2024\/09\/vie-associative-1-150x150.jpg\",\"caption\":\"Julien\"},\"description\":\"Je suis Julien, r\u00e9dacteur pour Vie Associative. Passionn\u00e9 par le monde associatif depuis plus de 10 ans, j'ai \u00e0 c\u0153ur de partager des histoires inspirantes et de mettre en lumi\u00e8re les initiatives locales. Mon objectif est de sensibiliser et d'encourager l'engagement communautaire \u00e0 travers mes articles.\",\"sameAs\":[\"https:\/\/vieassociative.be\/\"]}]}<\/script>\n<!-- \/ Yoast SEO plugin. -->","yoast_head_json":{"title":"Les meilleures offres sur les \u00e9couteurs et les \u00e9couteurs lors de ces ventes de la f\u00eate du Travail | Vie Associative","robots":{"index":"index","follow":"follow","max-snippet":"max-snippet:-1","max-image-preview":"max-image-preview:large","max-video-preview":"max-video-preview:-1"},"canonical":"https:\/\/vieassociative.be\/actualites\/les-meilleures-offres-sur-les-ecouteurs-et-les-ecouteurs-lors-de-ces-ventes-de-la-fete-du-travail\/","og_locale":"fr_FR","og_type":"article","og_title":"Les meilleures offres sur les \u00e9couteurs et les \u00e9couteurs lors de ces ventes de la f\u00eate du Travail | Vie Associative","og_description":"Ne trouvez rien d&rsquo;\u00e9coute, Sony, Sonos, JBL, Soundcore et plus d&rsquo;\u00e9couteurs \u00e0 vendre. Ventes de la f\u00eate du Travail roulent, et Vie Associative partage les","og_url":"https:\/\/vieassociative.be\/actualites\/les-meilleures-offres-sur-les-ecouteurs-et-les-ecouteurs-lors-de-ces-ventes-de-la-fete-du-travail\/","og_site_name":"Vie Associative","article_published_time":"2025-08-23T07:17:04+00:00","og_image":[{"url":"https:\/\/vieassociative.be\/actualites\/wp-content\/uploads\/2025\/08\/Les-meilleures-offres-sur-les-ecouteurs-et-les-ecouteurs-lors.jpg","type":"","width":"","height":""}],"author":"Julien","twitter_card":"summary_large_image","twitter_misc":{"\u00c9crit par":"Julien","Dur\u00e9e de lecture est.":"5 minutes"},"schema":{"@context":"https:\/\/schema.org","@graph":[{"@type":"Article","@id":"https:\/\/vieassociative.be\/actualites\/les-meilleures-offres-sur-les-ecouteurs-et-les-ecouteurs-lors-de-ces-ventes-de-la-fete-du-travail\/#article","isPartOf":{"@id":"https:\/\/vieassociative.be\/actualites\/les-meilleures-offres-sur-les-ecouteurs-et-les-ecouteurs-lors-de-ces-ventes-de-la-fete-du-travail\/"},"author":{"name":"Julien","@id":"https:\/\/vieassociative.be\/actualites\/#\/schema\/person\/b87ac4f82f9d4e7b7cec7395b679edc4"},"headline":"Les meilleures offres sur les \u00e9couteurs et les \u00e9couteurs lors de ces ventes de la f\u00eate du Travail","datePublished":"2025-08-23T07:17:04+00:00","dateModified":"2025-08-23T07:17:04+00:00","mainEntityOfPage":{"@id":"https:\/\/vieassociative.be\/actualites\/les-meilleures-offres-sur-les-ecouteurs-et-les-ecouteurs-lors-de-ces-ventes-de-la-fete-du-travail\/"},"wordCount":1075,"publisher":{"@id":"https:\/\/vieassociative.be\/actualites\/#organization"},"image":{"@id":"https:\/\/vieassociative.be\/actualites\/les-meilleures-offres-sur-les-ecouteurs-et-les-ecouteurs-lors-de-ces-ventes-de-la-fete-du-travail\/#primaryimage"},"thumbnailUrl":"https:\/\/vieassociative.be\/actualites\/wp-content\/uploads\/2025\/08\/Les-meilleures-offres-sur-les-ecouteurs-et-les-ecouteurs-lors.png","keywords":["ces","\u00e9couteurs","f\u00eate","Les","lors","meilleures","offres","sur","travail","ventes"],"articleSection":["Technologie"],"inLanguage":"fr-BE"},{"@type":"WebPage","@id":"https:\/\/vieassociative.be\/actualites\/les-meilleures-offres-sur-les-ecouteurs-et-les-ecouteurs-lors-de-ces-ventes-de-la-fete-du-travail\/","url":"https:\/\/vieassociative.be\/actualites\/les-meilleures-offres-sur-les-ecouteurs-et-les-ecouteurs-lors-de-ces-ventes-de-la-fete-du-travail\/","name":"Les meilleures offres sur les \u00e9couteurs et les \u00e9couteurs lors de ces ventes de la f\u00eate du Travail | Vie Associative","isPartOf":{"@id":"https:\/\/vieassociative.be\/actualites\/#website"},"primaryImageOfPage":{"@id":"https:\/\/vieassociative.be\/actualites\/les-meilleures-offres-sur-les-ecouteurs-et-les-ecouteurs-lors-de-ces-ventes-de-la-fete-du-travail\/#primaryimage"},"image":{"@id":"https:\/\/vieassociative.be\/actualites\/les-meilleures-offres-sur-les-ecouteurs-et-les-ecouteurs-lors-de-ces-ventes-de-la-fete-du-travail\/#primaryimage"},"thumbnailUrl":"https:\/\/vieassociative.be\/actualites\/wp-content\/uploads\/2025\/08\/Les-meilleures-offres-sur-les-ecouteurs-et-les-ecouteurs-lors.png","datePublished":"2025-08-23T07:17:04+00:00","dateModified":"2025-08-23T07:17:04+00:00","breadcrumb":{"@id":"https:\/\/vieassociative.be\/actualites\/les-meilleures-offres-sur-les-ecouteurs-et-les-ecouteurs-lors-de-ces-ventes-de-la-fete-du-travail\/#breadcrumb"},"inLanguage":"fr-BE","potentialAction":[{"@type":"ReadAction","target":["https:\/\/vieassociative.be\/actualites\/les-meilleures-offres-sur-les-ecouteurs-et-les-ecouteurs-lors-de-ces-ventes-de-la-fete-du-travail\/"]}]},{"@type":"ImageObject","inLanguage":"fr-BE","@id":"https:\/\/vieassociative.be\/actualites\/les-meilleures-offres-sur-les-ecouteurs-et-les-ecouteurs-lors-de-ces-ventes-de-la-fete-du-travail\/#primaryimage","url":"https:\/\/vieassociative.be\/actualites\/wp-content\/uploads\/2025\/08\/Les-meilleures-offres-sur-les-ecouteurs-et-les-ecouteurs-lors.png","contentUrl":"https:\/\/vieassociative.be\/actualites\/wp-content\/uploads\/2025\/08\/Les-meilleures-offres-sur-les-ecouteurs-et-les-ecouteurs-lors.png","width":1200,"height":675,"caption":"Les meilleures offres sur les \u00e9couteurs et les \u00e9couteurs lors de ces ventes de la f\u00eate du Travail"},{"@type":"BreadcrumbList","@id":"https:\/\/vieassociative.be\/actualites\/les-meilleures-offres-sur-les-ecouteurs-et-les-ecouteurs-lors-de-ces-ventes-de-la-fete-du-travail\/#breadcrumb","itemListElement":[{"@type":"ListItem","position":1,"name":"Accueil","item":"https:\/\/vieassociative.be\/actualites\/"},{"@type":"ListItem","position":2,"name":"Les meilleures offres sur les \u00e9couteurs et les \u00e9couteurs lors de ces ventes de la f\u00eate du Travail"}]},{"@type":"WebSite","@id":"https:\/\/vieassociative.be\/actualites\/#website","url":"https:\/\/vieassociative.be\/actualites\/","name":"Vie Associative","description":"","publisher":{"@id":"https:\/\/vieassociative.be\/actualites\/#organization"},"potentialAction":[{"@type":"SearchAction","target":{"@type":"EntryPoint","urlTemplate":"https:\/\/vieassociative.be\/actualites\/?s={search_term_string}"},"query-input":{"@type":"PropertyValueSpecification","valueRequired":true,"valueName":"search_term_string"}}],"inLanguage":"fr-BE"},{"@type":"Organization","@id":"https:\/\/vieassociative.be\/actualites\/#organization","name":"Vie Associative","url":"https:\/\/vieassociative.be\/actualites\/","logo":{"@type":"ImageObject","inLanguage":"fr-BE","@id":"https:\/\/vieassociative.be\/actualites\/#\/schema\/logo\/image\/","url":"https:\/\/vieassociative.be\/actualites\/wp-content\/uploads\/2024\/09\/cropped-vieassociative_favicon.ico.png","contentUrl":"https:\/\/vieassociative.be\/actualites\/wp-content\/uploads\/2024\/09\/cropped-vieassociative_favicon.ico.png","width":512,"height":512,"caption":"Vie Associative"},"image":{"@id":"https:\/\/vieassociative.be\/actualites\/#\/schema\/logo\/image\/"}},{"@type":"Person","@id":"https:\/\/vieassociative.be\/actualites\/#\/schema\/person\/b87ac4f82f9d4e7b7cec7395b679edc4","name":"Julien","image":{"@type":"ImageObject","inLanguage":"fr-BE","@id":"https:\/\/vieassociative.be\/actualites\/#\/schema\/person\/image\/","url":"https:\/\/vieassociative.be\/actualites\/wp-content\/uploads\/2024\/09\/vie-associative-1-150x150.jpg","contentUrl":"https:\/\/vieassociative.be\/actualites\/wp-content\/uploads\/2024\/09\/vie-associative-1-150x150.jpg","caption":"Julien"},"description":"Je suis Julien, r\u00e9dacteur pour Vie Associative. Passionn\u00e9 par le monde associatif depuis plus de 10 ans, j'ai \u00e0 c\u0153ur de partager des histoires inspirantes et de mettre en lumi\u00e8re les initiatives locales. Mon objectif est de sensibiliser et d'encourager l'engagement communautaire \u00e0 travers mes articles.","sameAs":["https:\/\/vieassociative.be\/"]}]}},"_links":{"self":[{"href":"https:\/\/vieassociative.be\/actualites\/wp-json\/wp\/v2\/posts\/9576"}],"collection":[{"href":"https:\/\/vieassociative.be\/actualites\/wp-json\/wp\/v2\/posts"}],"about":[{"href":"https:\/\/vieassociative.be\/actualites\/wp-json\/wp\/v2\/types\/post"}],"author":[{"embeddable":true,"href":"https:\/\/vieassociative.be\/actualites\/wp-json\/wp\/v2\/users\/1"}],"replies":[{"embeddable":true,"href":"https:\/\/vieassociative.be\/actualites\/wp-json\/wp\/v2\/comments?post=9576"}],"version-history":[{"count":0,"href":"https:\/\/vieassociative.be\/actualites\/wp-json\/wp\/v2\/posts\/9576\/revisions"}],"wp:featuredmedia":[{"embeddable":true,"href":"https:\/\/vieassociative.be\/actualites\/wp-json\/wp\/v2\/media\/9577"}],"wp:attachment":[{"href":"https:\/\/vieassociative.be\/actualites\/wp-json\/wp\/v2\/media?parent=9576"}],"wp:term":[{"taxonomy":"category","embeddable":true,"href":"https:\/\/vieassociative.be\/actualites\/wp-json\/wp\/v2\/categories?post=9576"},{"taxonomy":"post_tag","embeddable":true,"href":"https:\/\/vieassociative.be\/actualites\/wp-json\/wp\/v2\/tags?post=9576"}],"curies":[{"name":"wp","href":"https:\/\/api.w.org\/{rel}","templated":true}]}}