{"id":9572,"date":"2025-08-23T04:17:14","date_gmt":"2025-08-23T02:17:14","guid":{"rendered":"https:\/\/vieassociative.be\/actualites\/6-0-kompanys-bayern-a-envahi-le-leipzig-dans-le-match-douverture-de-la-bundesliga-kane-avec-hattrick\/"},"modified":"2025-08-23T04:17:14","modified_gmt":"2025-08-23T02:17:14","slug":"6-0-kompanys-bayern-a-envahi-le-leipzig-dans-le-match-douverture-de-la-bundesliga-kane-avec-hattrick","status":"publish","type":"post","link":"https:\/\/vieassociative.be\/actualites\/6-0-kompanys-bayern-a-envahi-le-leipzig-dans-le-match-douverture-de-la-bundesliga-kane-avec-hattrick\/","title":{"rendered":"6: 0 &#8211; Kompanys Bayern a envahi le Leipzig dans le match d&rsquo;ouverture de la Bundesliga &#8211; Kane avec Hattrick"},"content":{"rendered":"<p><strong>Le ma\u00eetre \u00e9tablit une premi\u00e8re d\u00e9claration dans le match d&rsquo;ouverture de la 63e saison de Bundesliga. \u00c0 6: 0, l&rsquo;ensemble de l&rsquo;offensive l&#8217;emporte, qui peut manquer de quantit\u00e9, mais pas de qualit\u00e9.<\/strong><\/p>\n<p><span id=\"more-422962\"><\/span>La petite mais belle offensive de luxe du FC Bayern Munich a ouvert la 63e saison de Bundesliga avec un spectacle de but magistral contre RB Leipzig. Dans le 6-0 (3: 0), le quatuor d&rsquo;attaque avec le buteur \u00e0 triple objectif Harry Kane (64.\/74.\/78 minute), le double packer Michael Olise (27e \/ 42. Minute), le nouveau venu Luis D\u00edaz (32e) et le brillant Gnabry Serge Gnabry Les 75 000 spectateurs dans la vente alliance-alliance.<\/p>\n<div id=\"attachment_422967\" class=\"wp-caption alignleft\" style=\"max-width: 300px\"><img fetchpriority=\"high\" decoding=\"async\" class=\"wp-image-422967 size-medium\" src=\"https:\/\/vieassociative.be\/actualites\/wp-content\/uploads\/2025\/08\/6-0-Kompanys-Bayern-a-envahi-le-Leipzig-dans.jpg\" alt=\"\" width=\"300\" height=\"200\"><\/div>\n<p><strong>&#8211; Trois fois Kane, deux fois olise:<\/strong> Le fait que l&rsquo;offensive de Munich semble \u00eatre trop \u00e0 moins configur\u00e9e n&rsquo;a pas \u00e9t\u00e9 le r\u00f4le du match 1. Le suppos\u00e9 1: 4 du Leipziger d\u00e9pass\u00e9 par l&rsquo;Antonio Nusa (66.), qui avait substitu\u00e9 la pause, a \u00e9t\u00e9 r\u00e9voqu\u00e9 avec un grand retard. Castello Lukeba avait simplement commenc\u00e9 avec le ballon sur le pied lors de la r\u00e9alisation d&rsquo;un coup franc.<\/p>\n<p>\u00ab\u00a0Je veux juste gagner le match. Les joueurs que nous avons sont en mesure de le faire\u00a0\u00bb, a d\u00e9clar\u00e9 l&rsquo;entra\u00eeneur du Bayern Vincent Kompany avant le coup d&rsquo;envoi \u00e0 Sky. Comme le directeur sportif Max Eberl, le Belge voit un besoin urgent d&rsquo;action dans le d\u00e9partement des attaques. L&rsquo;exigence du conseil de surveillance autour d&rsquo;Uli Hoene\u00df &#8211; l&#8217;emprunt au lieu d&rsquo;acheter &#8211; cependant, fait d&rsquo;Eberl la t\u00e2che.<\/p>\n<div id=\"attachment_422971\" class=\"wp-caption alignleft\" style=\"max-width: 300px\"><img decoding=\"async\" class=\"wp-image-422971 size-medium\" src=\"https:\/\/vieassociative.be\/actualites\/wp-content\/uploads\/2025\/08\/1755915434_262_6-0-Kompanys-Bayern-a-envahi-le-Leipzig-dans.jpg\" alt=\"\" width=\"300\" height=\"211\"><\/div>\n<p><strong>-Disaster pour Leipzig Neu-Coach Werner:<\/strong> Contre le Leipziger, dans lequel le nouvel entra\u00eeneur Ole Werner a connu une soir\u00e9e tr\u00e8s am\u00e8re au d\u00e9but de la ligue, l&rsquo;\u00e9quipe de Munich a eu besoin d&rsquo;environ 25 minutes apr\u00e8s la victoire de Supercup contre le vainqueur de la Coupe DFB VFB Stuttgart. Puis il a frapp\u00e9 Peter Gulacsi, qui a \u00e9t\u00e9 bien tenu \u00e0 ce point, \u00e0 moins d&rsquo;un quart d&rsquo;une heure.<\/p>\n<p>Au premier but de la nouvelle saison, Olise a r\u00e9ussi une attaque de Munich au centre. C&rsquo;\u00e9tait son premier Bundesligator avec le pied droit le plus faible. Une combinaison rapide comme \u00e0 la PlayStation au-dessus de Kane et Gnabry des millions de D\u00edaz se sont termin\u00e9es par un tir massif sous la barre transversale. Et Olise a lac\u00e9 son double paquet \u00e0 la pr\u00e9sentation de Gnabry, qui a \u00e9t\u00e9 autoris\u00e9 \u00e0 dribbler au centre de tous les Leipzigers.<\/p>\n<p>Apr\u00e8s la pause, il y avait le grand spectacle de Kane. Le meilleur buteur des deux derni\u00e8res saisons a pr\u00e9sent\u00e9 un triple pack lors de sa troisi\u00e8me saison de Bundesliga. \u00ab\u00a0Le champion allemand ne devient FCB que\u00a0\u00bb, ont chant\u00e9 les supporters ravi du Bayern.<\/p>\n<div id=\"attachment_422970\" class=\"wp-caption alignleft\" style=\"max-width: 300px\"><img decoding=\"async\" class=\"wp-image-422970 size-medium\" src=\"https:\/\/vieassociative.be\/actualites\/wp-content\/uploads\/2025\/08\/1755915434_886_6-0-Kompanys-Bayern-a-envahi-le-Leipzig-dans.jpg\" alt=\"\" width=\"300\" height=\"194\"><\/div>\n<p><strong>-Gnabry brille en position Musiala:<\/strong> Une r\u00e9v\u00e9lation \u00e9tait \u00e9galement un joueur national Gnabry, qui a agi de mani\u00e8re tr\u00e8s dynamique, imaginative et en train \u00e0 l&rsquo;objectif en position TENS. Le joueur de 30 ans a \u00e9t\u00e9 impliqu\u00e9 dans plusieurs buts. Seule la gloire couronnante de son propre coup manquante: un coup d\u00e9vi\u00e9 de lui a atterri sur le latte (40e).<\/p>\n<p>Le champion record avait \u00e9galement tout sous contr\u00f4le. Cependant, il y avait aussi tr\u00e8s peu de choses sur les Leipzigers, que le nouvel entra\u00eeneur Werner est cens\u00e9 ramener aux affaires internationales apr\u00e8s le crash \u00e0 la septi\u00e8me place de la saison pr\u00e9c\u00e9dente.<\/p>\n<p>Le N\u00e9erlandais Xavi, qui aimerait toujours changer, n&rsquo;\u00e9tait pas un facteur dans son dernier jeu RB. Rien n&rsquo;est venu des nouveaux attaquants Yan Diomande et du R\u00f4mulo Cardoso, qui avait substitu\u00e9 la pause. (DPA)<\/p>\n","protected":false},"excerpt":{"rendered":"<p>Le ma\u00eetre \u00e9tablit une premi\u00e8re d\u00e9claration dans le match d&rsquo;ouverture de la 63e saison de Bundesliga. \u00c0 6: 0, l&rsquo;ensemble de l&rsquo;offensive l&#8217;emporte, qui peut<\/p>\n","protected":false},"author":1,"featured_media":9573,"comment_status":"","ping_status":"","sticky":false,"template":"","format":"standard","meta":{"footnotes":""},"categories":[298],"tags":[61,2298,3644,166,8271,8270,8272,3418,8269,2823,2685],"class_list":["post-9572","post","type-post","status-publish","format-standard","has-post-thumbnail","hentry","category-belgique","tag-avec","tag-bayern","tag-bundesliga","tag-dans","tag-douverture","tag-envahi","tag-hattrick","tag-kane","tag-kompanys","tag-leipzig","tag-match","generate-columns","tablet-grid-50","mobile-grid-100","grid-parent","grid-33"],"yoast_head":"<!-- This site is optimized with the Yoast SEO plugin v24.0 - https:\/\/yoast.com\/wordpress\/plugins\/seo\/ -->\n<title>6: 0 - Kompanys Bayern a envahi le Leipzig dans le match d&#039;ouverture de la Bundesliga - Kane avec Hattrick | Vie Associative<\/title>\n<meta name=\"robots\" content=\"index, follow, max-snippet:-1, max-image-preview:large, max-video-preview:-1\" \/>\n<link rel=\"canonical\" href=\"https:\/\/vieassociative.be\/actualites\/6-0-kompanys-bayern-a-envahi-le-leipzig-dans-le-match-douverture-de-la-bundesliga-kane-avec-hattrick\/\" \/>\n<meta property=\"og:locale\" content=\"fr_FR\" \/>\n<meta property=\"og:type\" content=\"article\" \/>\n<meta property=\"og:title\" content=\"6: 0 - Kompanys Bayern a envahi le Leipzig dans le match d&#039;ouverture de la Bundesliga - Kane avec Hattrick | Vie Associative\" \/>\n<meta property=\"og:description\" content=\"Le ma\u00eetre \u00e9tablit une premi\u00e8re d\u00e9claration dans le match d&rsquo;ouverture de la 63e saison de Bundesliga. \u00c0 6: 0, l&rsquo;ensemble de l&rsquo;offensive l&#8217;emporte, qui peut\" \/>\n<meta property=\"og:url\" content=\"https:\/\/vieassociative.be\/actualites\/6-0-kompanys-bayern-a-envahi-le-leipzig-dans-le-match-douverture-de-la-bundesliga-kane-avec-hattrick\/\" \/>\n<meta property=\"og:site_name\" content=\"Vie Associative\" \/>\n<meta property=\"article:published_time\" content=\"2025-08-23T02:17:14+00:00\" \/>\n<meta property=\"og:image\" content=\"https:\/\/vieassociative.be\/actualites\/wp-content\/uploads\/2024\/09\/header_backgroundk-01-e1726694325946.png\" \/>\n\t<meta property=\"og:image:width\" content=\"279\" \/>\n\t<meta property=\"og:image:height\" content=\"92\" \/>\n\t<meta property=\"og:image:type\" content=\"image\/png\" \/>\n<meta name=\"author\" content=\"Julien\" \/>\n<meta name=\"twitter:card\" content=\"summary_large_image\" \/>\n<meta name=\"twitter:label1\" content=\"\u00c9crit par\" \/>\n\t<meta name=\"twitter:data1\" content=\"Julien\" \/>\n\t<meta name=\"twitter:label2\" content=\"Dur\u00e9e de lecture est.\" \/>\n\t<meta name=\"twitter:data2\" content=\"3 minutes\" \/>\n<script type=\"application\/ld+json\" class=\"yoast-schema-graph\">{\"@context\":\"https:\/\/schema.org\",\"@graph\":[{\"@type\":\"Article\",\"@id\":\"https:\/\/vieassociative.be\/actualites\/6-0-kompanys-bayern-a-envahi-le-leipzig-dans-le-match-douverture-de-la-bundesliga-kane-avec-hattrick\/#article\",\"isPartOf\":{\"@id\":\"https:\/\/vieassociative.be\/actualites\/6-0-kompanys-bayern-a-envahi-le-leipzig-dans-le-match-douverture-de-la-bundesliga-kane-avec-hattrick\/\"},\"author\":{\"name\":\"Julien\",\"@id\":\"https:\/\/vieassociative.be\/actualites\/#\/schema\/person\/b87ac4f82f9d4e7b7cec7395b679edc4\"},\"headline\":\"6: 0 &#8211; Kompanys Bayern a envahi le Leipzig dans le match d&rsquo;ouverture de la Bundesliga &#8211; Kane avec Hattrick\",\"datePublished\":\"2025-08-23T02:17:14+00:00\",\"dateModified\":\"2025-08-23T02:17:14+00:00\",\"mainEntityOfPage\":{\"@id\":\"https:\/\/vieassociative.be\/actualites\/6-0-kompanys-bayern-a-envahi-le-leipzig-dans-le-match-douverture-de-la-bundesliga-kane-avec-hattrick\/\"},\"wordCount\":627,\"publisher\":{\"@id\":\"https:\/\/vieassociative.be\/actualites\/#organization\"},\"image\":{\"@id\":\"https:\/\/vieassociative.be\/actualites\/6-0-kompanys-bayern-a-envahi-le-leipzig-dans-le-match-douverture-de-la-bundesliga-kane-avec-hattrick\/#primaryimage\"},\"thumbnailUrl\":\"https:\/\/vieassociative.be\/actualites\/wp-content\/uploads\/2025\/08\/1755915435_6-0-Kompanys-Bayern-a-envahi-le-Leipzig-dans.jpg\",\"keywords\":[\"avec\",\"Bayern\",\"Bundesliga\",\"dans\",\"douverture\",\"envahi\",\"Hattrick\",\"Kane\",\"Kompanys\",\"Leipzig\",\"match\"],\"articleSection\":[\"Belgique\"],\"inLanguage\":\"fr-BE\"},{\"@type\":\"WebPage\",\"@id\":\"https:\/\/vieassociative.be\/actualites\/6-0-kompanys-bayern-a-envahi-le-leipzig-dans-le-match-douverture-de-la-bundesliga-kane-avec-hattrick\/\",\"url\":\"https:\/\/vieassociative.be\/actualites\/6-0-kompanys-bayern-a-envahi-le-leipzig-dans-le-match-douverture-de-la-bundesliga-kane-avec-hattrick\/\",\"name\":\"6: 0 - Kompanys Bayern a envahi le Leipzig dans le match d'ouverture de la Bundesliga - Kane avec Hattrick | Vie Associative\",\"isPartOf\":{\"@id\":\"https:\/\/vieassociative.be\/actualites\/#website\"},\"primaryImageOfPage\":{\"@id\":\"https:\/\/vieassociative.be\/actualites\/6-0-kompanys-bayern-a-envahi-le-leipzig-dans-le-match-douverture-de-la-bundesliga-kane-avec-hattrick\/#primaryimage\"},\"image\":{\"@id\":\"https:\/\/vieassociative.be\/actualites\/6-0-kompanys-bayern-a-envahi-le-leipzig-dans-le-match-douverture-de-la-bundesliga-kane-avec-hattrick\/#primaryimage\"},\"thumbnailUrl\":\"https:\/\/vieassociative.be\/actualites\/wp-content\/uploads\/2025\/08\/1755915435_6-0-Kompanys-Bayern-a-envahi-le-Leipzig-dans.jpg\",\"datePublished\":\"2025-08-23T02:17:14+00:00\",\"dateModified\":\"2025-08-23T02:17:14+00:00\",\"breadcrumb\":{\"@id\":\"https:\/\/vieassociative.be\/actualites\/6-0-kompanys-bayern-a-envahi-le-leipzig-dans-le-match-douverture-de-la-bundesliga-kane-avec-hattrick\/#breadcrumb\"},\"inLanguage\":\"fr-BE\",\"potentialAction\":[{\"@type\":\"ReadAction\",\"target\":[\"https:\/\/vieassociative.be\/actualites\/6-0-kompanys-bayern-a-envahi-le-leipzig-dans-le-match-douverture-de-la-bundesliga-kane-avec-hattrick\/\"]}]},{\"@type\":\"ImageObject\",\"inLanguage\":\"fr-BE\",\"@id\":\"https:\/\/vieassociative.be\/actualites\/6-0-kompanys-bayern-a-envahi-le-leipzig-dans-le-match-douverture-de-la-bundesliga-kane-avec-hattrick\/#primaryimage\",\"url\":\"https:\/\/vieassociative.be\/actualites\/wp-content\/uploads\/2025\/08\/1755915435_6-0-Kompanys-Bayern-a-envahi-le-Leipzig-dans.jpg\",\"contentUrl\":\"https:\/\/vieassociative.be\/actualites\/wp-content\/uploads\/2025\/08\/1755915435_6-0-Kompanys-Bayern-a-envahi-le-Leipzig-dans.jpg\",\"width\":1200,\"height\":762,\"caption\":\"6: 0 - Kompanys Bayern a envahi le Leipzig dans le match d'ouverture de la Bundesliga - Kane avec Hattrick\"},{\"@type\":\"BreadcrumbList\",\"@id\":\"https:\/\/vieassociative.be\/actualites\/6-0-kompanys-bayern-a-envahi-le-leipzig-dans-le-match-douverture-de-la-bundesliga-kane-avec-hattrick\/#breadcrumb\",\"itemListElement\":[{\"@type\":\"ListItem\",\"position\":1,\"name\":\"Accueil\",\"item\":\"https:\/\/vieassociative.be\/actualites\/\"},{\"@type\":\"ListItem\",\"position\":2,\"name\":\"6: 0 &#8211; Kompanys Bayern a envahi le Leipzig dans le match d&rsquo;ouverture de la Bundesliga &#8211; Kane avec Hattrick\"}]},{\"@type\":\"WebSite\",\"@id\":\"https:\/\/vieassociative.be\/actualites\/#website\",\"url\":\"https:\/\/vieassociative.be\/actualites\/\",\"name\":\"Vie Associative\",\"description\":\"\",\"publisher\":{\"@id\":\"https:\/\/vieassociative.be\/actualites\/#organization\"},\"potentialAction\":[{\"@type\":\"SearchAction\",\"target\":{\"@type\":\"EntryPoint\",\"urlTemplate\":\"https:\/\/vieassociative.be\/actualites\/?s={search_term_string}\"},\"query-input\":{\"@type\":\"PropertyValueSpecification\",\"valueRequired\":true,\"valueName\":\"search_term_string\"}}],\"inLanguage\":\"fr-BE\"},{\"@type\":\"Organization\",\"@id\":\"https:\/\/vieassociative.be\/actualites\/#organization\",\"name\":\"Vie Associative\",\"url\":\"https:\/\/vieassociative.be\/actualites\/\",\"logo\":{\"@type\":\"ImageObject\",\"inLanguage\":\"fr-BE\",\"@id\":\"https:\/\/vieassociative.be\/actualites\/#\/schema\/logo\/image\/\",\"url\":\"https:\/\/vieassociative.be\/actualites\/wp-content\/uploads\/2024\/09\/cropped-vieassociative_favicon.ico.png\",\"contentUrl\":\"https:\/\/vieassociative.be\/actualites\/wp-content\/uploads\/2024\/09\/cropped-vieassociative_favicon.ico.png\",\"width\":512,\"height\":512,\"caption\":\"Vie Associative\"},\"image\":{\"@id\":\"https:\/\/vieassociative.be\/actualites\/#\/schema\/logo\/image\/\"}},{\"@type\":\"Person\",\"@id\":\"https:\/\/vieassociative.be\/actualites\/#\/schema\/person\/b87ac4f82f9d4e7b7cec7395b679edc4\",\"name\":\"Julien\",\"image\":{\"@type\":\"ImageObject\",\"inLanguage\":\"fr-BE\",\"@id\":\"https:\/\/vieassociative.be\/actualites\/#\/schema\/person\/image\/\",\"url\":\"https:\/\/vieassociative.be\/actualites\/wp-content\/uploads\/2024\/09\/vie-associative-1-150x150.jpg\",\"contentUrl\":\"https:\/\/vieassociative.be\/actualites\/wp-content\/uploads\/2024\/09\/vie-associative-1-150x150.jpg\",\"caption\":\"Julien\"},\"description\":\"Je suis Julien, r\u00e9dacteur pour Vie Associative. Passionn\u00e9 par le monde associatif depuis plus de 10 ans, j'ai \u00e0 c\u0153ur de partager des histoires inspirantes et de mettre en lumi\u00e8re les initiatives locales. Mon objectif est de sensibiliser et d'encourager l'engagement communautaire \u00e0 travers mes articles.\",\"sameAs\":[\"https:\/\/vieassociative.be\/\"]}]}<\/script>\n<!-- \/ Yoast SEO plugin. -->","yoast_head_json":{"title":"6: 0 - Kompanys Bayern a envahi le Leipzig dans le match d'ouverture de la Bundesliga - Kane avec Hattrick | Vie Associative","robots":{"index":"index","follow":"follow","max-snippet":"max-snippet:-1","max-image-preview":"max-image-preview:large","max-video-preview":"max-video-preview:-1"},"canonical":"https:\/\/vieassociative.be\/actualites\/6-0-kompanys-bayern-a-envahi-le-leipzig-dans-le-match-douverture-de-la-bundesliga-kane-avec-hattrick\/","og_locale":"fr_FR","og_type":"article","og_title":"6: 0 - Kompanys Bayern a envahi le Leipzig dans le match d'ouverture de la Bundesliga - Kane avec Hattrick | Vie Associative","og_description":"Le ma\u00eetre \u00e9tablit une premi\u00e8re d\u00e9claration dans le match d&rsquo;ouverture de la 63e saison de Bundesliga. \u00c0 6: 0, l&rsquo;ensemble de l&rsquo;offensive l&#8217;emporte, qui peut","og_url":"https:\/\/vieassociative.be\/actualites\/6-0-kompanys-bayern-a-envahi-le-leipzig-dans-le-match-douverture-de-la-bundesliga-kane-avec-hattrick\/","og_site_name":"Vie Associative","article_published_time":"2025-08-23T02:17:14+00:00","og_image":[{"width":279,"height":92,"url":"https:\/\/vieassociative.be\/actualites\/wp-content\/uploads\/2024\/09\/header_backgroundk-01-e1726694325946.png","type":"image\/png"}],"author":"Julien","twitter_card":"summary_large_image","twitter_misc":{"\u00c9crit par":"Julien","Dur\u00e9e de lecture est.":"3 minutes"},"schema":{"@context":"https:\/\/schema.org","@graph":[{"@type":"Article","@id":"https:\/\/vieassociative.be\/actualites\/6-0-kompanys-bayern-a-envahi-le-leipzig-dans-le-match-douverture-de-la-bundesliga-kane-avec-hattrick\/#article","isPartOf":{"@id":"https:\/\/vieassociative.be\/actualites\/6-0-kompanys-bayern-a-envahi-le-leipzig-dans-le-match-douverture-de-la-bundesliga-kane-avec-hattrick\/"},"author":{"name":"Julien","@id":"https:\/\/vieassociative.be\/actualites\/#\/schema\/person\/b87ac4f82f9d4e7b7cec7395b679edc4"},"headline":"6: 0 &#8211; Kompanys Bayern a envahi le Leipzig dans le match d&rsquo;ouverture de la Bundesliga &#8211; Kane avec Hattrick","datePublished":"2025-08-23T02:17:14+00:00","dateModified":"2025-08-23T02:17:14+00:00","mainEntityOfPage":{"@id":"https:\/\/vieassociative.be\/actualites\/6-0-kompanys-bayern-a-envahi-le-leipzig-dans-le-match-douverture-de-la-bundesliga-kane-avec-hattrick\/"},"wordCount":627,"publisher":{"@id":"https:\/\/vieassociative.be\/actualites\/#organization"},"image":{"@id":"https:\/\/vieassociative.be\/actualites\/6-0-kompanys-bayern-a-envahi-le-leipzig-dans-le-match-douverture-de-la-bundesliga-kane-avec-hattrick\/#primaryimage"},"thumbnailUrl":"https:\/\/vieassociative.be\/actualites\/wp-content\/uploads\/2025\/08\/1755915435_6-0-Kompanys-Bayern-a-envahi-le-Leipzig-dans.jpg","keywords":["avec","Bayern","Bundesliga","dans","douverture","envahi","Hattrick","Kane","Kompanys","Leipzig","match"],"articleSection":["Belgique"],"inLanguage":"fr-BE"},{"@type":"WebPage","@id":"https:\/\/vieassociative.be\/actualites\/6-0-kompanys-bayern-a-envahi-le-leipzig-dans-le-match-douverture-de-la-bundesliga-kane-avec-hattrick\/","url":"https:\/\/vieassociative.be\/actualites\/6-0-kompanys-bayern-a-envahi-le-leipzig-dans-le-match-douverture-de-la-bundesliga-kane-avec-hattrick\/","name":"6: 0 - Kompanys Bayern a envahi le Leipzig dans le match d'ouverture de la Bundesliga - Kane avec Hattrick | Vie Associative","isPartOf":{"@id":"https:\/\/vieassociative.be\/actualites\/#website"},"primaryImageOfPage":{"@id":"https:\/\/vieassociative.be\/actualites\/6-0-kompanys-bayern-a-envahi-le-leipzig-dans-le-match-douverture-de-la-bundesliga-kane-avec-hattrick\/#primaryimage"},"image":{"@id":"https:\/\/vieassociative.be\/actualites\/6-0-kompanys-bayern-a-envahi-le-leipzig-dans-le-match-douverture-de-la-bundesliga-kane-avec-hattrick\/#primaryimage"},"thumbnailUrl":"https:\/\/vieassociative.be\/actualites\/wp-content\/uploads\/2025\/08\/1755915435_6-0-Kompanys-Bayern-a-envahi-le-Leipzig-dans.jpg","datePublished":"2025-08-23T02:17:14+00:00","dateModified":"2025-08-23T02:17:14+00:00","breadcrumb":{"@id":"https:\/\/vieassociative.be\/actualites\/6-0-kompanys-bayern-a-envahi-le-leipzig-dans-le-match-douverture-de-la-bundesliga-kane-avec-hattrick\/#breadcrumb"},"inLanguage":"fr-BE","potentialAction":[{"@type":"ReadAction","target":["https:\/\/vieassociative.be\/actualites\/6-0-kompanys-bayern-a-envahi-le-leipzig-dans-le-match-douverture-de-la-bundesliga-kane-avec-hattrick\/"]}]},{"@type":"ImageObject","inLanguage":"fr-BE","@id":"https:\/\/vieassociative.be\/actualites\/6-0-kompanys-bayern-a-envahi-le-leipzig-dans-le-match-douverture-de-la-bundesliga-kane-avec-hattrick\/#primaryimage","url":"https:\/\/vieassociative.be\/actualites\/wp-content\/uploads\/2025\/08\/1755915435_6-0-Kompanys-Bayern-a-envahi-le-Leipzig-dans.jpg","contentUrl":"https:\/\/vieassociative.be\/actualites\/wp-content\/uploads\/2025\/08\/1755915435_6-0-Kompanys-Bayern-a-envahi-le-Leipzig-dans.jpg","width":1200,"height":762,"caption":"6: 0 - Kompanys Bayern a envahi le Leipzig dans le match d'ouverture de la Bundesliga - Kane avec Hattrick"},{"@type":"BreadcrumbList","@id":"https:\/\/vieassociative.be\/actualites\/6-0-kompanys-bayern-a-envahi-le-leipzig-dans-le-match-douverture-de-la-bundesliga-kane-avec-hattrick\/#breadcrumb","itemListElement":[{"@type":"ListItem","position":1,"name":"Accueil","item":"https:\/\/vieassociative.be\/actualites\/"},{"@type":"ListItem","position":2,"name":"6: 0 &#8211; Kompanys Bayern a envahi le Leipzig dans le match d&rsquo;ouverture de la Bundesliga &#8211; Kane avec Hattrick"}]},{"@type":"WebSite","@id":"https:\/\/vieassociative.be\/actualites\/#website","url":"https:\/\/vieassociative.be\/actualites\/","name":"Vie Associative","description":"","publisher":{"@id":"https:\/\/vieassociative.be\/actualites\/#organization"},"potentialAction":[{"@type":"SearchAction","target":{"@type":"EntryPoint","urlTemplate":"https:\/\/vieassociative.be\/actualites\/?s={search_term_string}"},"query-input":{"@type":"PropertyValueSpecification","valueRequired":true,"valueName":"search_term_string"}}],"inLanguage":"fr-BE"},{"@type":"Organization","@id":"https:\/\/vieassociative.be\/actualites\/#organization","name":"Vie Associative","url":"https:\/\/vieassociative.be\/actualites\/","logo":{"@type":"ImageObject","inLanguage":"fr-BE","@id":"https:\/\/vieassociative.be\/actualites\/#\/schema\/logo\/image\/","url":"https:\/\/vieassociative.be\/actualites\/wp-content\/uploads\/2024\/09\/cropped-vieassociative_favicon.ico.png","contentUrl":"https:\/\/vieassociative.be\/actualites\/wp-content\/uploads\/2024\/09\/cropped-vieassociative_favicon.ico.png","width":512,"height":512,"caption":"Vie Associative"},"image":{"@id":"https:\/\/vieassociative.be\/actualites\/#\/schema\/logo\/image\/"}},{"@type":"Person","@id":"https:\/\/vieassociative.be\/actualites\/#\/schema\/person\/b87ac4f82f9d4e7b7cec7395b679edc4","name":"Julien","image":{"@type":"ImageObject","inLanguage":"fr-BE","@id":"https:\/\/vieassociative.be\/actualites\/#\/schema\/person\/image\/","url":"https:\/\/vieassociative.be\/actualites\/wp-content\/uploads\/2024\/09\/vie-associative-1-150x150.jpg","contentUrl":"https:\/\/vieassociative.be\/actualites\/wp-content\/uploads\/2024\/09\/vie-associative-1-150x150.jpg","caption":"Julien"},"description":"Je suis Julien, r\u00e9dacteur pour Vie Associative. Passionn\u00e9 par le monde associatif depuis plus de 10 ans, j'ai \u00e0 c\u0153ur de partager des histoires inspirantes et de mettre en lumi\u00e8re les initiatives locales. Mon objectif est de sensibiliser et d'encourager l'engagement communautaire \u00e0 travers mes articles.","sameAs":["https:\/\/vieassociative.be\/"]}]}},"_links":{"self":[{"href":"https:\/\/vieassociative.be\/actualites\/wp-json\/wp\/v2\/posts\/9572"}],"collection":[{"href":"https:\/\/vieassociative.be\/actualites\/wp-json\/wp\/v2\/posts"}],"about":[{"href":"https:\/\/vieassociative.be\/actualites\/wp-json\/wp\/v2\/types\/post"}],"author":[{"embeddable":true,"href":"https:\/\/vieassociative.be\/actualites\/wp-json\/wp\/v2\/users\/1"}],"replies":[{"embeddable":true,"href":"https:\/\/vieassociative.be\/actualites\/wp-json\/wp\/v2\/comments?post=9572"}],"version-history":[{"count":0,"href":"https:\/\/vieassociative.be\/actualites\/wp-json\/wp\/v2\/posts\/9572\/revisions"}],"wp:featuredmedia":[{"embeddable":true,"href":"https:\/\/vieassociative.be\/actualites\/wp-json\/wp\/v2\/media\/9573"}],"wp:attachment":[{"href":"https:\/\/vieassociative.be\/actualites\/wp-json\/wp\/v2\/media?parent=9572"}],"wp:term":[{"taxonomy":"category","embeddable":true,"href":"https:\/\/vieassociative.be\/actualites\/wp-json\/wp\/v2\/categories?post=9572"},{"taxonomy":"post_tag","embeddable":true,"href":"https:\/\/vieassociative.be\/actualites\/wp-json\/wp\/v2\/tags?post=9572"}],"curies":[{"name":"wp","href":"https:\/\/api.w.org\/{rel}","templated":true}]}}