{"id":9566,"date":"2025-08-22T22:17:08","date_gmt":"2025-08-22T20:17:08","guid":{"rendered":"https:\/\/vieassociative.be\/actualites\/ard-noble-expert-rolf-seelmann-eggebert-est-decede\/"},"modified":"2025-08-22T22:17:08","modified_gmt":"2025-08-22T20:17:08","slug":"ard-noble-expert-rolf-seelmann-eggebert-est-decede","status":"publish","type":"post","link":"https:\/\/vieassociative.be\/actualites\/ard-noble-expert-rolf-seelmann-eggebert-est-decede\/","title":{"rendered":"ARD Noble Expert, Rolf Seelmann-Eggebert, est d\u00e9c\u00e9d\u00e9"},"content":{"rendered":"<p><strong>Pour de nombreux t\u00e9l\u00e9spectateurs, il appartenait \u00e0 des mariages royaux tels que The Crown and Church: Rolf Seelmann-Egbert \u00e9tait le noble expert le plus connu de la t\u00e9l\u00e9vision allemande. Il est maintenant d\u00e9c\u00e9d\u00e9 \u00e0 l&rsquo;\u00e2ge de 88 ans.<\/strong><\/p>\n<p><span id=\"more-422936\"><\/span>L&rsquo;expert Ard Arcade Rolf Seelmann-Eggeber est mort. Il est d\u00e9c\u00e9d\u00e9 vendredi \u00e0 Hambourg \u00e0 l&rsquo;\u00e2ge de 88 ans, comme l&rsquo;a annonc\u00e9 le Norddeutsche Rundfunk (NDR), citant la famille.<\/p>\n<p>Seelmann-Eggebert a comment\u00e9 les \u00e9v\u00e9nements royaux pour la t\u00e9l\u00e9vision pendant des d\u00e9cennies. Presque aucun mariage ou d\u00e9fil\u00e9 royal est pass\u00e9 par-dessus l&rsquo;\u00e9cran dans le premier sans lui. Avec des s\u00e9ries t\u00e9l\u00e9vis\u00e9es populaires telles que \u00ab\u00a0Royal Houses\u00a0\u00bb ou \u00ab\u00a0Royality\u00a0\u00bb et de nombreuses autres productions, il a continu\u00e9 \u00e0 donner un aper\u00e7u du monde du parapluie europ\u00e9en. Seelmann-Eggeber \u00e9tait le noble expert num\u00e9ro un \u00e0 la t\u00e9l\u00e9vision allemande.<\/p>\n<div id=\"attachment_422941\" class=\"wp-caption alignleft\" style=\"max-width: 300px\"><img fetchpriority=\"high\" decoding=\"async\" class=\"wp-image-422941 size-medium\" src=\"https:\/\/vieassociative.be\/actualites\/wp-content\/uploads\/2025\/08\/ARD-Noble-Expert-Rolf-Seelmann-Eggebert-est-decede.jpg\" alt=\"\" width=\"300\" height=\"206\"><\/div>\n<p><strong>&#8211; Menomen des Royals en Europe:<\/strong> Le Connoisseur de la monarchie a d\u00e9j\u00e0 rendu compte du mariage du prince Charles et Diana en 1981 \u00e0 Londres. Pour de nombreux Allemands, il appartenait \u00e0 des mariages royaux tels que la Couronne et l&rsquo;\u00c9glise. M\u00eame lorsqu&rsquo;il aurait pu prendre sa retraite, le connaisseur de sang bleu pr\u00e9f\u00e9rait toujours s&rsquo;asseoir sur le microphone. Il a comment\u00e9 le long baiser de mariage de Willem-Alexander et M\u00e1xima des Pays-Bas (2002), a amen\u00e9 le successeur du tr\u00f4ne de Su\u00e8de Victoria sous le capot et n&rsquo;a pas manqu\u00e9 de oui, comme Kate et William (2011).<\/p>\n<p>En 1978, Seelmann-Eggebert est all\u00e9 \u00e0 Londres pendant pr\u00e8s de quatre ans en tant que correspondant de t\u00e9l\u00e9vision et directeur de studio dans le Kilde Der Queen, le cours de ses succ\u00e8s ult\u00e9rieurs a \u00e9t\u00e9 \u00e9tabli en tant qu&rsquo;experts nobles. Dans le magazine \u00ab\u00a0autour de Big Ben\u00a0\u00bb, il a regard\u00e9 de pr\u00e8s les Britanniques. Plus tard, sa s\u00e9rie \u00abK\u00f6nigsh\u00e4user\u00bb l&rsquo;a fait conna\u00eetre de nombreux t\u00e9l\u00e9spectateurs.<\/p>\n<p><strong>&#8211; longs journalistes d&rsquo;Afrique:<\/strong> Auparavant, de 1968 \u00e0 1976, il avait initialement signal\u00e9 une radio en tant que journaliste \u00e0 la t\u00e9l\u00e9vision d&rsquo;Afrique. De 1982 \u00e0 1989, Seelmann Eggeber a \u00e9t\u00e9 directrice du programme de la t\u00e9l\u00e9vision NDR. Avec son fils Florian, il a dirig\u00e9 sa propre soci\u00e9t\u00e9 de production t\u00e9l\u00e9vis\u00e9e Seelmannfilm \u00e0 Hambourg. Le journaliste s&rsquo;\u00e9tait retir\u00e9 du public depuis environ 2020 et ne faisait plus d&rsquo;interviews. (DPA)<\/p>\n","protected":false},"excerpt":{"rendered":"<p>Pour de nombreux t\u00e9l\u00e9spectateurs, il appartenait \u00e0 des mariages royaux tels que The Crown and Church: Rolf Seelmann-Egbert \u00e9tait le noble expert le plus connu<\/p>\n","protected":false},"author":1,"featured_media":9567,"comment_status":"","ping_status":"","sticky":false,"template":"","format":"standard","meta":{"footnotes":""},"categories":[298],"tags":[4109,1223,76,1922,8265,8266,8267],"class_list":["post-9566","post","type-post","status-publish","format-standard","has-post-thumbnail","hentry","category-belgique","tag-ard","tag-decede","tag-est","tag-expert","tag-noble","tag-rolf","tag-seelmanneggebert","generate-columns","tablet-grid-50","mobile-grid-100","grid-parent","grid-33"],"yoast_head":"<!-- This site is optimized with the Yoast SEO plugin v24.0 - https:\/\/yoast.com\/wordpress\/plugins\/seo\/ -->\n<title>ARD Noble Expert, Rolf Seelmann-Eggebert, est d\u00e9c\u00e9d\u00e9 | Vie Associative<\/title>\n<meta name=\"robots\" content=\"index, follow, max-snippet:-1, max-image-preview:large, max-video-preview:-1\" \/>\n<link rel=\"canonical\" href=\"https:\/\/vieassociative.be\/actualites\/ard-noble-expert-rolf-seelmann-eggebert-est-decede\/\" \/>\n<meta property=\"og:locale\" content=\"fr_FR\" \/>\n<meta property=\"og:type\" content=\"article\" \/>\n<meta property=\"og:title\" content=\"ARD Noble Expert, Rolf Seelmann-Eggebert, est d\u00e9c\u00e9d\u00e9 | Vie Associative\" \/>\n<meta property=\"og:description\" content=\"Pour de nombreux t\u00e9l\u00e9spectateurs, il appartenait \u00e0 des mariages royaux tels que The Crown and Church: Rolf Seelmann-Egbert \u00e9tait le noble expert le plus connu\" \/>\n<meta property=\"og:url\" content=\"https:\/\/vieassociative.be\/actualites\/ard-noble-expert-rolf-seelmann-eggebert-est-decede\/\" \/>\n<meta property=\"og:site_name\" content=\"Vie Associative\" \/>\n<meta property=\"article:published_time\" content=\"2025-08-22T20:17:08+00:00\" \/>\n<meta property=\"og:image\" content=\"https:\/\/vieassociative.be\/actualites\/wp-content\/uploads\/2024\/09\/header_backgroundk-01-e1726694325946.png\" \/>\n\t<meta property=\"og:image:width\" content=\"279\" \/>\n\t<meta property=\"og:image:height\" content=\"92\" \/>\n\t<meta property=\"og:image:type\" content=\"image\/png\" \/>\n<meta name=\"author\" content=\"Julien\" \/>\n<meta name=\"twitter:card\" content=\"summary_large_image\" \/>\n<meta name=\"twitter:label1\" content=\"\u00c9crit par\" \/>\n\t<meta name=\"twitter:data1\" content=\"Julien\" \/>\n\t<meta name=\"twitter:label2\" content=\"Dur\u00e9e de lecture est.\" \/>\n\t<meta name=\"twitter:data2\" content=\"2 minutes\" \/>\n<script type=\"application\/ld+json\" class=\"yoast-schema-graph\">{\"@context\":\"https:\/\/schema.org\",\"@graph\":[{\"@type\":\"Article\",\"@id\":\"https:\/\/vieassociative.be\/actualites\/ard-noble-expert-rolf-seelmann-eggebert-est-decede\/#article\",\"isPartOf\":{\"@id\":\"https:\/\/vieassociative.be\/actualites\/ard-noble-expert-rolf-seelmann-eggebert-est-decede\/\"},\"author\":{\"name\":\"Julien\",\"@id\":\"https:\/\/vieassociative.be\/actualites\/#\/schema\/person\/b87ac4f82f9d4e7b7cec7395b679edc4\"},\"headline\":\"ARD Noble Expert, Rolf Seelmann-Eggebert, est d\u00e9c\u00e9d\u00e9\",\"datePublished\":\"2025-08-22T20:17:08+00:00\",\"dateModified\":\"2025-08-22T20:17:08+00:00\",\"mainEntityOfPage\":{\"@id\":\"https:\/\/vieassociative.be\/actualites\/ard-noble-expert-rolf-seelmann-eggebert-est-decede\/\"},\"wordCount\":413,\"publisher\":{\"@id\":\"https:\/\/vieassociative.be\/actualites\/#organization\"},\"image\":{\"@id\":\"https:\/\/vieassociative.be\/actualites\/ard-noble-expert-rolf-seelmann-eggebert-est-decede\/#primaryimage\"},\"thumbnailUrl\":\"https:\/\/vieassociative.be\/actualites\/wp-content\/uploads\/2025\/08\/1755893828_ARD-Noble-Expert-Rolf-Seelmann-Eggebert-est-decede.jpg\",\"keywords\":[\"ARD\",\"d\u00e9c\u00e9d\u00e9\",\"est\",\"expert\",\"Noble\",\"Rolf\",\"SeelmannEggebert\"],\"articleSection\":[\"Belgique\"],\"inLanguage\":\"fr-BE\"},{\"@type\":\"WebPage\",\"@id\":\"https:\/\/vieassociative.be\/actualites\/ard-noble-expert-rolf-seelmann-eggebert-est-decede\/\",\"url\":\"https:\/\/vieassociative.be\/actualites\/ard-noble-expert-rolf-seelmann-eggebert-est-decede\/\",\"name\":\"ARD Noble Expert, Rolf Seelmann-Eggebert, est d\u00e9c\u00e9d\u00e9 | Vie Associative\",\"isPartOf\":{\"@id\":\"https:\/\/vieassociative.be\/actualites\/#website\"},\"primaryImageOfPage\":{\"@id\":\"https:\/\/vieassociative.be\/actualites\/ard-noble-expert-rolf-seelmann-eggebert-est-decede\/#primaryimage\"},\"image\":{\"@id\":\"https:\/\/vieassociative.be\/actualites\/ard-noble-expert-rolf-seelmann-eggebert-est-decede\/#primaryimage\"},\"thumbnailUrl\":\"https:\/\/vieassociative.be\/actualites\/wp-content\/uploads\/2025\/08\/1755893828_ARD-Noble-Expert-Rolf-Seelmann-Eggebert-est-decede.jpg\",\"datePublished\":\"2025-08-22T20:17:08+00:00\",\"dateModified\":\"2025-08-22T20:17:08+00:00\",\"breadcrumb\":{\"@id\":\"https:\/\/vieassociative.be\/actualites\/ard-noble-expert-rolf-seelmann-eggebert-est-decede\/#breadcrumb\"},\"inLanguage\":\"fr-BE\",\"potentialAction\":[{\"@type\":\"ReadAction\",\"target\":[\"https:\/\/vieassociative.be\/actualites\/ard-noble-expert-rolf-seelmann-eggebert-est-decede\/\"]}]},{\"@type\":\"ImageObject\",\"inLanguage\":\"fr-BE\",\"@id\":\"https:\/\/vieassociative.be\/actualites\/ard-noble-expert-rolf-seelmann-eggebert-est-decede\/#primaryimage\",\"url\":\"https:\/\/vieassociative.be\/actualites\/wp-content\/uploads\/2025\/08\/1755893828_ARD-Noble-Expert-Rolf-Seelmann-Eggebert-est-decede.jpg\",\"contentUrl\":\"https:\/\/vieassociative.be\/actualites\/wp-content\/uploads\/2025\/08\/1755893828_ARD-Noble-Expert-Rolf-Seelmann-Eggebert-est-decede.jpg\",\"width\":1200,\"height\":713,\"caption\":\"ARD Noble Expert, Rolf Seelmann-Eggebert, est d\u00e9c\u00e9d\u00e9\"},{\"@type\":\"BreadcrumbList\",\"@id\":\"https:\/\/vieassociative.be\/actualites\/ard-noble-expert-rolf-seelmann-eggebert-est-decede\/#breadcrumb\",\"itemListElement\":[{\"@type\":\"ListItem\",\"position\":1,\"name\":\"Accueil\",\"item\":\"https:\/\/vieassociative.be\/actualites\/\"},{\"@type\":\"ListItem\",\"position\":2,\"name\":\"ARD Noble Expert, Rolf Seelmann-Eggebert, est d\u00e9c\u00e9d\u00e9\"}]},{\"@type\":\"WebSite\",\"@id\":\"https:\/\/vieassociative.be\/actualites\/#website\",\"url\":\"https:\/\/vieassociative.be\/actualites\/\",\"name\":\"Vie Associative\",\"description\":\"\",\"publisher\":{\"@id\":\"https:\/\/vieassociative.be\/actualites\/#organization\"},\"potentialAction\":[{\"@type\":\"SearchAction\",\"target\":{\"@type\":\"EntryPoint\",\"urlTemplate\":\"https:\/\/vieassociative.be\/actualites\/?s={search_term_string}\"},\"query-input\":{\"@type\":\"PropertyValueSpecification\",\"valueRequired\":true,\"valueName\":\"search_term_string\"}}],\"inLanguage\":\"fr-BE\"},{\"@type\":\"Organization\",\"@id\":\"https:\/\/vieassociative.be\/actualites\/#organization\",\"name\":\"Vie Associative\",\"url\":\"https:\/\/vieassociative.be\/actualites\/\",\"logo\":{\"@type\":\"ImageObject\",\"inLanguage\":\"fr-BE\",\"@id\":\"https:\/\/vieassociative.be\/actualites\/#\/schema\/logo\/image\/\",\"url\":\"https:\/\/vieassociative.be\/actualites\/wp-content\/uploads\/2024\/09\/cropped-vieassociative_favicon.ico.png\",\"contentUrl\":\"https:\/\/vieassociative.be\/actualites\/wp-content\/uploads\/2024\/09\/cropped-vieassociative_favicon.ico.png\",\"width\":512,\"height\":512,\"caption\":\"Vie Associative\"},\"image\":{\"@id\":\"https:\/\/vieassociative.be\/actualites\/#\/schema\/logo\/image\/\"}},{\"@type\":\"Person\",\"@id\":\"https:\/\/vieassociative.be\/actualites\/#\/schema\/person\/b87ac4f82f9d4e7b7cec7395b679edc4\",\"name\":\"Julien\",\"image\":{\"@type\":\"ImageObject\",\"inLanguage\":\"fr-BE\",\"@id\":\"https:\/\/vieassociative.be\/actualites\/#\/schema\/person\/image\/\",\"url\":\"https:\/\/vieassociative.be\/actualites\/wp-content\/uploads\/2024\/09\/vie-associative-1-150x150.jpg\",\"contentUrl\":\"https:\/\/vieassociative.be\/actualites\/wp-content\/uploads\/2024\/09\/vie-associative-1-150x150.jpg\",\"caption\":\"Julien\"},\"description\":\"Je suis Julien, r\u00e9dacteur pour Vie Associative. Passionn\u00e9 par le monde associatif depuis plus de 10 ans, j'ai \u00e0 c\u0153ur de partager des histoires inspirantes et de mettre en lumi\u00e8re les initiatives locales. Mon objectif est de sensibiliser et d'encourager l'engagement communautaire \u00e0 travers mes articles.\",\"sameAs\":[\"https:\/\/vieassociative.be\/\"]}]}<\/script>\n<!-- \/ Yoast SEO plugin. -->","yoast_head_json":{"title":"ARD Noble Expert, Rolf Seelmann-Eggebert, est d\u00e9c\u00e9d\u00e9 | Vie Associative","robots":{"index":"index","follow":"follow","max-snippet":"max-snippet:-1","max-image-preview":"max-image-preview:large","max-video-preview":"max-video-preview:-1"},"canonical":"https:\/\/vieassociative.be\/actualites\/ard-noble-expert-rolf-seelmann-eggebert-est-decede\/","og_locale":"fr_FR","og_type":"article","og_title":"ARD Noble Expert, Rolf Seelmann-Eggebert, est d\u00e9c\u00e9d\u00e9 | Vie Associative","og_description":"Pour de nombreux t\u00e9l\u00e9spectateurs, il appartenait \u00e0 des mariages royaux tels que The Crown and Church: Rolf Seelmann-Egbert \u00e9tait le noble expert le plus connu","og_url":"https:\/\/vieassociative.be\/actualites\/ard-noble-expert-rolf-seelmann-eggebert-est-decede\/","og_site_name":"Vie Associative","article_published_time":"2025-08-22T20:17:08+00:00","og_image":[{"width":279,"height":92,"url":"https:\/\/vieassociative.be\/actualites\/wp-content\/uploads\/2024\/09\/header_backgroundk-01-e1726694325946.png","type":"image\/png"}],"author":"Julien","twitter_card":"summary_large_image","twitter_misc":{"\u00c9crit par":"Julien","Dur\u00e9e de lecture est.":"2 minutes"},"schema":{"@context":"https:\/\/schema.org","@graph":[{"@type":"Article","@id":"https:\/\/vieassociative.be\/actualites\/ard-noble-expert-rolf-seelmann-eggebert-est-decede\/#article","isPartOf":{"@id":"https:\/\/vieassociative.be\/actualites\/ard-noble-expert-rolf-seelmann-eggebert-est-decede\/"},"author":{"name":"Julien","@id":"https:\/\/vieassociative.be\/actualites\/#\/schema\/person\/b87ac4f82f9d4e7b7cec7395b679edc4"},"headline":"ARD Noble Expert, Rolf Seelmann-Eggebert, est d\u00e9c\u00e9d\u00e9","datePublished":"2025-08-22T20:17:08+00:00","dateModified":"2025-08-22T20:17:08+00:00","mainEntityOfPage":{"@id":"https:\/\/vieassociative.be\/actualites\/ard-noble-expert-rolf-seelmann-eggebert-est-decede\/"},"wordCount":413,"publisher":{"@id":"https:\/\/vieassociative.be\/actualites\/#organization"},"image":{"@id":"https:\/\/vieassociative.be\/actualites\/ard-noble-expert-rolf-seelmann-eggebert-est-decede\/#primaryimage"},"thumbnailUrl":"https:\/\/vieassociative.be\/actualites\/wp-content\/uploads\/2025\/08\/1755893828_ARD-Noble-Expert-Rolf-Seelmann-Eggebert-est-decede.jpg","keywords":["ARD","d\u00e9c\u00e9d\u00e9","est","expert","Noble","Rolf","SeelmannEggebert"],"articleSection":["Belgique"],"inLanguage":"fr-BE"},{"@type":"WebPage","@id":"https:\/\/vieassociative.be\/actualites\/ard-noble-expert-rolf-seelmann-eggebert-est-decede\/","url":"https:\/\/vieassociative.be\/actualites\/ard-noble-expert-rolf-seelmann-eggebert-est-decede\/","name":"ARD Noble Expert, Rolf Seelmann-Eggebert, est d\u00e9c\u00e9d\u00e9 | Vie Associative","isPartOf":{"@id":"https:\/\/vieassociative.be\/actualites\/#website"},"primaryImageOfPage":{"@id":"https:\/\/vieassociative.be\/actualites\/ard-noble-expert-rolf-seelmann-eggebert-est-decede\/#primaryimage"},"image":{"@id":"https:\/\/vieassociative.be\/actualites\/ard-noble-expert-rolf-seelmann-eggebert-est-decede\/#primaryimage"},"thumbnailUrl":"https:\/\/vieassociative.be\/actualites\/wp-content\/uploads\/2025\/08\/1755893828_ARD-Noble-Expert-Rolf-Seelmann-Eggebert-est-decede.jpg","datePublished":"2025-08-22T20:17:08+00:00","dateModified":"2025-08-22T20:17:08+00:00","breadcrumb":{"@id":"https:\/\/vieassociative.be\/actualites\/ard-noble-expert-rolf-seelmann-eggebert-est-decede\/#breadcrumb"},"inLanguage":"fr-BE","potentialAction":[{"@type":"ReadAction","target":["https:\/\/vieassociative.be\/actualites\/ard-noble-expert-rolf-seelmann-eggebert-est-decede\/"]}]},{"@type":"ImageObject","inLanguage":"fr-BE","@id":"https:\/\/vieassociative.be\/actualites\/ard-noble-expert-rolf-seelmann-eggebert-est-decede\/#primaryimage","url":"https:\/\/vieassociative.be\/actualites\/wp-content\/uploads\/2025\/08\/1755893828_ARD-Noble-Expert-Rolf-Seelmann-Eggebert-est-decede.jpg","contentUrl":"https:\/\/vieassociative.be\/actualites\/wp-content\/uploads\/2025\/08\/1755893828_ARD-Noble-Expert-Rolf-Seelmann-Eggebert-est-decede.jpg","width":1200,"height":713,"caption":"ARD Noble Expert, Rolf Seelmann-Eggebert, est d\u00e9c\u00e9d\u00e9"},{"@type":"BreadcrumbList","@id":"https:\/\/vieassociative.be\/actualites\/ard-noble-expert-rolf-seelmann-eggebert-est-decede\/#breadcrumb","itemListElement":[{"@type":"ListItem","position":1,"name":"Accueil","item":"https:\/\/vieassociative.be\/actualites\/"},{"@type":"ListItem","position":2,"name":"ARD Noble Expert, Rolf Seelmann-Eggebert, est d\u00e9c\u00e9d\u00e9"}]},{"@type":"WebSite","@id":"https:\/\/vieassociative.be\/actualites\/#website","url":"https:\/\/vieassociative.be\/actualites\/","name":"Vie Associative","description":"","publisher":{"@id":"https:\/\/vieassociative.be\/actualites\/#organization"},"potentialAction":[{"@type":"SearchAction","target":{"@type":"EntryPoint","urlTemplate":"https:\/\/vieassociative.be\/actualites\/?s={search_term_string}"},"query-input":{"@type":"PropertyValueSpecification","valueRequired":true,"valueName":"search_term_string"}}],"inLanguage":"fr-BE"},{"@type":"Organization","@id":"https:\/\/vieassociative.be\/actualites\/#organization","name":"Vie Associative","url":"https:\/\/vieassociative.be\/actualites\/","logo":{"@type":"ImageObject","inLanguage":"fr-BE","@id":"https:\/\/vieassociative.be\/actualites\/#\/schema\/logo\/image\/","url":"https:\/\/vieassociative.be\/actualites\/wp-content\/uploads\/2024\/09\/cropped-vieassociative_favicon.ico.png","contentUrl":"https:\/\/vieassociative.be\/actualites\/wp-content\/uploads\/2024\/09\/cropped-vieassociative_favicon.ico.png","width":512,"height":512,"caption":"Vie Associative"},"image":{"@id":"https:\/\/vieassociative.be\/actualites\/#\/schema\/logo\/image\/"}},{"@type":"Person","@id":"https:\/\/vieassociative.be\/actualites\/#\/schema\/person\/b87ac4f82f9d4e7b7cec7395b679edc4","name":"Julien","image":{"@type":"ImageObject","inLanguage":"fr-BE","@id":"https:\/\/vieassociative.be\/actualites\/#\/schema\/person\/image\/","url":"https:\/\/vieassociative.be\/actualites\/wp-content\/uploads\/2024\/09\/vie-associative-1-150x150.jpg","contentUrl":"https:\/\/vieassociative.be\/actualites\/wp-content\/uploads\/2024\/09\/vie-associative-1-150x150.jpg","caption":"Julien"},"description":"Je suis Julien, r\u00e9dacteur pour Vie Associative. Passionn\u00e9 par le monde associatif depuis plus de 10 ans, j'ai \u00e0 c\u0153ur de partager des histoires inspirantes et de mettre en lumi\u00e8re les initiatives locales. Mon objectif est de sensibiliser et d'encourager l'engagement communautaire \u00e0 travers mes articles.","sameAs":["https:\/\/vieassociative.be\/"]}]}},"_links":{"self":[{"href":"https:\/\/vieassociative.be\/actualites\/wp-json\/wp\/v2\/posts\/9566"}],"collection":[{"href":"https:\/\/vieassociative.be\/actualites\/wp-json\/wp\/v2\/posts"}],"about":[{"href":"https:\/\/vieassociative.be\/actualites\/wp-json\/wp\/v2\/types\/post"}],"author":[{"embeddable":true,"href":"https:\/\/vieassociative.be\/actualites\/wp-json\/wp\/v2\/users\/1"}],"replies":[{"embeddable":true,"href":"https:\/\/vieassociative.be\/actualites\/wp-json\/wp\/v2\/comments?post=9566"}],"version-history":[{"count":0,"href":"https:\/\/vieassociative.be\/actualites\/wp-json\/wp\/v2\/posts\/9566\/revisions"}],"wp:featuredmedia":[{"embeddable":true,"href":"https:\/\/vieassociative.be\/actualites\/wp-json\/wp\/v2\/media\/9567"}],"wp:attachment":[{"href":"https:\/\/vieassociative.be\/actualites\/wp-json\/wp\/v2\/media?parent=9566"}],"wp:term":[{"taxonomy":"category","embeddable":true,"href":"https:\/\/vieassociative.be\/actualites\/wp-json\/wp\/v2\/categories?post=9566"},{"taxonomy":"post_tag","embeddable":true,"href":"https:\/\/vieassociative.be\/actualites\/wp-json\/wp\/v2\/tags?post=9566"}],"curies":[{"name":"wp","href":"https:\/\/api.w.org\/{rel}","templated":true}]}}