{"id":9564,"date":"2025-08-22T21:17:02","date_gmt":"2025-08-22T19:17:02","guid":{"rendered":"https:\/\/vieassociative.be\/actualites\/les-six-meilleures-offres-sur-les-televiseurs-pendant-la-fete-du-travail\/"},"modified":"2025-08-22T21:17:02","modified_gmt":"2025-08-22T19:17:02","slug":"les-six-meilleures-offres-sur-les-televiseurs-pendant-la-fete-du-travail","status":"publish","type":"post","link":"https:\/\/vieassociative.be\/actualites\/les-six-meilleures-offres-sur-les-televiseurs-pendant-la-fete-du-travail\/","title":{"rendered":"Les six meilleures offres sur les t\u00e9l\u00e9viseurs pendant la f\u00eate du Travail"},"content":{"rendered":"<div class=\"mt-4 leading-6 md:mb-8\">Trouvez les OLED, les Qleds et les LED de Sony, TCL, LG et plus pour de grandes r\u00e9ductions avant la f\u00eate du Travail.<\/div>\n<p><\/p>\n<p><strong><em>Ventes de la f\u00eate du Travail<\/em><\/strong><em>  roulent, et <strong>Vie Associative partage les meilleures ventes<\/strong><\/em><em>  Bas\u00e9 sur les revues de produits, les comparaisons et les outils de suivi des prix avant la fin. Vous pouvez aussi <strong>Abonnez-vous \u00e0 notre newsletter shopping<\/strong><\/em><em>Ajouter au panier, pour les meilleures ventes envoy\u00e9es dans votre bo\u00eete de r\u00e9ception.<\/em><\/p>\n<p>Les ventes de la f\u00eate du Travail sont d\u00e9j\u00e0 l\u00e0. J&rsquo;ai d\u00e9j\u00e0 \u00e9crit sur les ventes sur les iPads et autres tablettes, mais si l&rsquo;\u00e9cran que vous recherchez est un peu plus grand, il y a aussi beaucoup de t\u00e9l\u00e9viseurs disponibles \u00e0 des prix avantageux. Voici les meilleurs que j&rsquo;ai trouv\u00e9s jusqu&rsquo;\u00e0 pr\u00e9sent.<\/p>\n<div class=\"shadow-b-2 mb-12 mt-10 rounded-md border-2 border-(#F0F0F0) px-6 py-2 shadow-lg md:px-12\" role=\"region\" aria-label=\"Products List\" x-data=\"{ showMore: false }\">\n<div class=\"flex w-full gap-x-5\">\n<div class=\"flex w-full flex-col flex-nowrap justify-center gap-2 text-black no-underline md:order-2 md:gap-y-6\">\n<div class=\"flex flex-col justify-between gap-y-2 md:w-full md:gap-y-1\">\n<div class=\"block font-sans text-xs font-semibold capitalize leading-3 text-gray-900 md:leading-4\">QLED, 144Hz, taux de jeu 240 Hz, \u00e9cran de contraste \u00e9lev\u00e9, Audio Onkyo, Dolby Atmos<\/div>\n<div class=\"block w-fit cursor-pointer font-akshar text-lg font-medium leading-5 text-brand-green duration-200 ease-in-out hover:text-brand-green-700 md:text-xl md:leading-6\">\n<p>                            TCL 55 pouces QM6K QD-MINI LED Google Smart TV\n                        <\/p><\/div>\n<\/p><\/div>\n<div class=\"hidden md:flex md:justify-between md:gap-x-4\">\n<div class=\"w-full mb-0 md:flex md:flex-col md:justify-center font-sans leading-4 text-black\">\n<div class=\"flex flex-wrap items-center justify-center gap-1 md:justify-start\">\n        <span class=\"font-bold\"><\/p>\n<p>            447,99 $<br \/>\n                            <span class=\"font-medium\">\u00e0 Amazon<\/span><br \/>\n                    <\/span>\n            <\/div>\n<div class=\"flex items-center justify-center gap-x-1 font-bold md:justify-start\">\n            <span class=\"text-sm line-through\">599,99 $<\/span><br \/>\n            <span class=\"text-sm text-brand-green\">\u00c9conomisez 152,00 $<\/span>\n        <\/div>\n<\/p><\/div>\n<p>                            <button class=\"flex justify-center items-center w-full bg-brand-green text-white text-base font-sans font-medium rounded-md hover:bg-brand-green-700 hover:cursor-pointer md:text-sm hidden self-end h-12 max-w-(10rem) duration-200 ease-in-out hover:bg-brand-green-700 md:flex md:h-10\"><\/p>\n<p>    Conclure un accord<br \/>\n<\/button>\n                        <\/div>\n<\/p><\/div>\n<div class=\"flex aspect-video h-(90px) shrink-0 items-center justify-center self-center md:order-1\">\n                        <img decoding=\"async\" class=\"m-0 max-h-full max-w-full rounded-md\" src=\"https:\/\/vieassociative.be\/actualites\/wp-content\/uploads\/2025\/08\/Les-six-meilleures-offres-sur-les-televiseurs-pendant-la-fete.jpg\" alt=\"(55qm6k, mod\u00e8le 2025)\" width=\"auto\" height=\"auto\" loading=\"lazy\">\n                    <\/div>\n<\/p><\/div>\n<p>                            <button class=\"flex justify-center items-center w-full bg-brand-green text-white text-base font-sans font-medium rounded-md hover:bg-brand-green-700 hover:cursor-pointer md:text-sm w-full h-12 duration-200 ease-in-out hover:bg-brand-green-700 md:hidden md:h-10\"><\/p>\n<p>    Conclure un accord<br \/>\n<\/button><\/p>\n<div class=\"flex flex-col items-center w-full md:hidden font-sans leading-4 text-black\">\n<div class=\"flex flex-wrap items-center justify-center gap-1 md:justify-start\">\n        <span class=\"font-bold\"><\/p>\n<p>            447,99 $<br \/>\n                            <span class=\"font-medium\">\u00e0 Amazon<\/span><br \/>\n                    <\/span>\n            <\/div>\n<div class=\"flex items-center justify-center gap-x-1 font-bold md:justify-start\">\n            <span class=\"text-sm line-through\">599,99 $<\/span><br \/>\n            <span class=\"text-sm text-brand-green\">\u00c9conomisez 152,00 $<\/span>\n        <\/div>\n<\/p><\/div>\n<div class=\"flex w-full gap-x-5\">\n<div class=\"flex w-full flex-col flex-nowrap justify-center gap-2 text-black no-underline md:order-2 md:gap-y-6\">\n<div class=\"flex flex-col justify-between gap-y-2 md:w-full md:gap-y-1\">\n<div class=\"block font-sans text-xs font-semibold capitalize leading-3 text-gray-900 md:leading-4\">QLED, 144Hz, taux de jeu 240 Hz, \u00e9cran anti-r\u00e9fl\u00e9chissant, Audio Bang &#038; Olufsen, atmos (55q7k, 2025)<\/div>\n<div class=\"block w-fit cursor-pointer font-akshar text-lg font-medium leading-5 text-brand-green duration-200 ease-in-out hover:text-brand-green-700 md:text-xl md:leading-6\">\n<p>                            TCL 55 pouces QM7K QD-MINI LED Google Smart TV\n                        <\/p><\/div>\n<\/p><\/div>\n<div class=\"hidden md:flex md:justify-between md:gap-x-4\">\n<div class=\"w-full mb-0 md:flex md:flex-col md:justify-center font-sans leading-4 text-black\">\n<div class=\"flex flex-wrap items-center justify-center gap-1 md:justify-start\">\n        <span class=\"font-bold\"><\/p>\n<p>            597,99 $<br \/>\n                            <span class=\"font-medium\">\u00e0 Amazon<\/span><br \/>\n                    <\/span>\n            <\/div>\n<div class=\"flex items-center justify-center gap-x-1 font-bold md:justify-start\">\n            <span class=\"text-sm line-through\">699,99 $<\/span><br \/>\n            <span class=\"text-sm text-brand-green\">\u00c9conomisez 102,00 $<\/span>\n        <\/div>\n<\/p><\/div>\n<p>                            <button class=\"flex justify-center items-center w-full bg-brand-green text-white text-base font-sans font-medium rounded-md hover:bg-brand-green-700 hover:cursor-pointer md:text-sm hidden self-end h-12 max-w-(10rem) duration-200 ease-in-out hover:bg-brand-green-700 md:flex md:h-10\"><\/p>\n<p>    Conclure un accord<br \/>\n<\/button>\n                        <\/div>\n<\/p><\/div>\n<div class=\"flex aspect-video h-(90px) shrink-0 items-center justify-center self-center md:order-1\">\n                        <img decoding=\"async\" class=\"m-0 max-h-full max-w-full rounded-md\" src=\"https:\/\/vieassociative.be\/actualites\/wp-content\/uploads\/2025\/08\/1755890222_243_Les-six-meilleures-offres-sur-les-televiseurs-pendant-la-fete.jpg\" alt=\"(55qm7k, mod\u00e8le 2025)\" width=\"auto\" height=\"auto\" loading=\"lazy\">\n                    <\/div>\n<\/p><\/div>\n<p>                            <button class=\"flex justify-center items-center w-full bg-brand-green text-white text-base font-sans font-medium rounded-md hover:bg-brand-green-700 hover:cursor-pointer md:text-sm w-full h-12 duration-200 ease-in-out hover:bg-brand-green-700 md:hidden md:h-10\"><\/p>\n<p>    Conclure un accord<br \/>\n<\/button><\/p>\n<div class=\"flex flex-col items-center w-full md:hidden font-sans leading-4 text-black\">\n<div class=\"flex flex-wrap items-center justify-center gap-1 md:justify-start\">\n        <span class=\"font-bold\"><\/p>\n<p>            597,99 $<br \/>\n                            <span class=\"font-medium\">\u00e0 Amazon<\/span><br \/>\n                    <\/span>\n            <\/div>\n<div class=\"flex items-center justify-center gap-x-1 font-bold md:justify-start\">\n            <span class=\"text-sm line-through\">699,99 $<\/span><br \/>\n            <span class=\"text-sm text-brand-green\">\u00c9conomisez 102,00 $<\/span>\n        <\/div>\n<\/p><\/div>\n<div class=\"flex w-full gap-x-5\">\n<div class=\"flex w-full flex-col flex-nowrap justify-center gap-2 text-black no-underline md:order-2 md:gap-y-6\">\n<div class=\"flex flex-col justify-between gap-y-2 md:w-full md:gap-y-1\">\n<div class=\"block font-sans text-xs font-semibold capitalize leading-3 text-gray-900 md:leading-4\">4K QLED ROKUTV AVEC ROKU VOICE ROKU R\u00c9SIOT PRO, DOLBY VISION IQ, Taux de rafra\u00eechissement de 120 Hz.<\/div>\n<div class=\"block w-fit cursor-pointer font-akshar text-lg font-medium leading-5 text-brand-green duration-200 ease-in-out hover:text-brand-green-700 md:text-xl md:leading-6\">\n<p>                            75 pouces Pro s\u00e9rie Roku Smart TV\n                        <\/p><\/div>\n<\/p><\/div>\n<div class=\"hidden md:flex md:justify-between md:gap-x-4\">\n<div class=\"w-full mb-0 md:flex md:flex-col md:justify-center font-sans leading-4 text-black\">\n<div class=\"flex flex-wrap items-center justify-center gap-1 md:justify-start\">\n        <span class=\"font-bold\"><\/p>\n<p>            799,99 $<br \/>\n                            <span class=\"font-medium\">\u00e0 Amazon<\/span><br \/>\n                    <\/span>\n            <\/div>\n<div class=\"flex items-center justify-center gap-x-1 font-bold md:justify-start\">\n            <span class=\"text-sm line-through\">998,00 $<\/span><br \/>\n            <span class=\"text-sm text-brand-green\">\u00c9conomisez 198,01 $<\/span>\n        <\/div>\n<\/p><\/div>\n<p>                            <button class=\"flex justify-center items-center w-full bg-brand-green text-white text-base font-sans font-medium rounded-md hover:bg-brand-green-700 hover:cursor-pointer md:text-sm hidden self-end h-12 max-w-(10rem) duration-200 ease-in-out hover:bg-brand-green-700 md:flex md:h-10\"><\/p>\n<p>    Conclure un accord<br \/>\n<\/button>\n                        <\/div>\n<\/p><\/div>\n<div class=\"flex aspect-video h-(90px) shrink-0 items-center justify-center self-center md:order-1\">\n                        <img decoding=\"async\" class=\"m-0 max-h-full max-w-full rounded-md\" src=\"https:\/\/vieassociative.be\/actualites\/wp-content\/uploads\/2025\/08\/1755890222_516_Les-six-meilleures-offres-sur-les-televiseurs-pendant-la-fete.jpg\" alt=\"Roku Smart TV - 75 pouces Pro\" width=\"auto\" height=\"auto\" loading=\"lazy\">\n                    <\/div>\n<\/p><\/div>\n<p>                            <button class=\"flex justify-center items-center w-full bg-brand-green text-white text-base font-sans font-medium rounded-md hover:bg-brand-green-700 hover:cursor-pointer md:text-sm w-full h-12 duration-200 ease-in-out hover:bg-brand-green-700 md:hidden md:h-10\"><\/p>\n<p>    Conclure un accord<br \/>\n<\/button><\/p>\n<div class=\"flex flex-col items-center w-full md:hidden font-sans leading-4 text-black\">\n<div class=\"flex flex-wrap items-center justify-center gap-1 md:justify-start\">\n        <span class=\"font-bold\"><\/p>\n<p>            799,99 $<br \/>\n                            <span class=\"font-medium\">\u00e0 Amazon<\/span><br \/>\n                    <\/span>\n            <\/div>\n<div class=\"flex items-center justify-center gap-x-1 font-bold md:justify-start\">\n            <span class=\"text-sm line-through\">998,00 $<\/span><br \/>\n            <span class=\"text-sm text-brand-green\">\u00c9conomisez 198,01 $<\/span>\n        <\/div>\n<\/p><\/div>\n<div class=\"flex w-full gap-x-5\">\n<div class=\"flex w-full flex-col flex-nowrap justify-center gap-2 text-black no-underline md:order-2 md:gap-y-6\">\n<div class=\"flex flex-col justify-between gap-y-2 md:w-full md:gap-y-1\">\n<div class=\"block font-sans text-xs font-semibold capitalize leading-3 text-gray-900 md:leading-4\">Native144Hz, Rate Rate 480, Dolby Vision Atmos, HDR 10+, AMD Freesync Premium, MEMC, VRR, ALLM<\/div>\n<div class=\"block w-fit cursor-pointer font-akshar text-lg font-medium leading-5 text-brand-green duration-200 ease-in-out hover:text-brand-green-700 md:text-xl md:leading-6\">\n<p>                            HISENSE 98 \u00ab\u00a0QD5 QLED Google TV\n                        <\/p><\/div>\n<\/p><\/div>\n<div class=\"hidden md:flex md:justify-between md:gap-x-4\">\n<div class=\"w-full mb-0 md:flex md:flex-col md:justify-center font-sans leading-4 text-black\">\n<div class=\"flex flex-wrap items-center justify-center gap-1 md:justify-start\">\n        <span class=\"font-bold\"><\/p>\n<p>            1 497,99 $<br \/>\n                            <span class=\"font-medium\">\u00e0 Amazon<\/span><br \/>\n                    <\/span>\n            <\/div>\n<div class=\"flex items-center justify-center gap-x-1 font-bold md:justify-start\">\n            <span class=\"text-sm line-through\">2 298,00 $<\/span><br \/>\n            <span class=\"text-sm text-brand-green\">\u00c9conomisez 800,01 $<\/span>\n        <\/div>\n<\/p><\/div>\n<p>                            <button class=\"flex justify-center items-center w-full bg-brand-green text-white text-base font-sans font-medium rounded-md hover:bg-brand-green-700 hover:cursor-pointer md:text-sm hidden self-end h-12 max-w-(10rem) duration-200 ease-in-out hover:bg-brand-green-700 md:flex md:h-10\"><\/p>\n<p>    Conclure un accord<br \/>\n<\/button>\n                        <\/div>\n<\/p><\/div>\n<div class=\"flex aspect-video h-(90px) shrink-0 items-center justify-center self-center md:order-1\">\n                        <img decoding=\"async\" class=\"m-0 max-h-full max-w-full rounded-md\" src=\"https:\/\/vieassociative.be\/actualites\/wp-content\/uploads\/2025\/08\/1755890222_901_Les-six-meilleures-offres-sur-les-televiseurs-pendant-la-fete.jpg\" alt=\"Hisense 98\" qd5 series model qled uhd smart google tv native144hz motion rate dolby vision atmos hdr amd freesync premium memc vrr allm width=\"auto\" height=\"auto\" loading=\"lazy\">\n                    <\/div>\n<\/p><\/div>\n<p>                            <button class=\"flex justify-center items-center w-full bg-brand-green text-white text-base font-sans font-medium rounded-md hover:bg-brand-green-700 hover:cursor-pointer md:text-sm w-full h-12 duration-200 ease-in-out hover:bg-brand-green-700 md:hidden md:h-10\"><\/p>\n<p>    Conclure un accord<br \/>\n<\/button><\/p>\n<div class=\"flex flex-col items-center w-full md:hidden font-sans leading-4 text-black\">\n<div class=\"flex flex-wrap items-center justify-center gap-1 md:justify-start\">\n        <span class=\"font-bold\"><\/p>\n<p>            1 497,99 $<br \/>\n                            <span class=\"font-medium\">\u00e0 Amazon<\/span><br \/>\n                    <\/span>\n            <\/div>\n<div class=\"flex items-center justify-center gap-x-1 font-bold md:justify-start\">\n            <span class=\"text-sm line-through\">2 298,00 $<\/span><br \/>\n            <span class=\"text-sm text-brand-green\">\u00c9conomisez 800,01 $<\/span>\n        <\/div>\n<\/p><\/div>\n<div class=\"flex w-full gap-x-5\">\n<div class=\"flex w-full flex-col flex-nowrap justify-center gap-2 text-black no-underline md:order-2 md:gap-y-6\">\n<div class=\"flex flex-col justify-between gap-y-2 md:w-full md:gap-y-1\">\n<div class=\"block font-sans text-xs font-semibold capitalize leading-3 text-gray-900 md:leading-4\">Processeur XR avec technologie AI, t\u00e9l\u00e9vision 120 Hz avec Dolby Vision \/ Atmos, fonctionnalit\u00e9s exclusives.<\/div>\n<div class=\"block w-fit cursor-pointer font-akshar text-lg font-medium leading-5 text-brand-green duration-200 ease-in-out hover:text-brand-green-700 md:text-xl md:leading-6\">\n<p>                            Sony Bravia 5 65 pouces Google TV\n                        <\/p><\/div>\n<\/p><\/div>\n<div class=\"hidden md:flex md:justify-between md:gap-x-4\">\n<div class=\"w-full mb-0 md:flex md:flex-col md:justify-center font-sans leading-4 text-black\">\n<div class=\"flex flex-wrap items-center justify-center gap-1 md:justify-start\">\n        <span class=\"font-bold\"><\/p>\n<p>            1 198,00 $<br \/>\n                            <span class=\"font-medium\">\u00e0 Amazon<\/span><br \/>\n                    <\/span>\n            <\/div>\n<div class=\"flex items-center justify-center gap-x-1 font-bold md:justify-start\">\n            <span class=\"text-sm line-through\">1 499,99 $<\/span><br \/>\n            <span class=\"text-sm text-brand-green\">\u00c9conomisez 301,99 $<\/span>\n        <\/div>\n<\/p><\/div>\n<p>                            <button class=\"flex justify-center items-center w-full bg-brand-green text-white text-base font-sans font-medium rounded-md hover:bg-brand-green-700 hover:cursor-pointer md:text-sm hidden self-end h-12 max-w-(10rem) duration-200 ease-in-out hover:bg-brand-green-700 md:flex md:h-10\"><\/p>\n<p>    Conclure un accord<br \/>\n<\/button>\n                        <\/div>\n<\/p><\/div>\n<div class=\"flex aspect-video h-(90px) shrink-0 items-center justify-center self-center md:order-1\">\n                        <img decoding=\"async\" class=\"m-0 max-h-full max-w-full rounded-md\" src=\"https:\/\/vieassociative.be\/actualites\/wp-content\/uploads\/2025\/08\/1755890222_103_Les-six-meilleures-offres-sur-les-televiseurs-pendant-la-fete.jpg\" alt=\"65\" sony bravia mini led smart google tv model width=\"auto\" height=\"auto\" loading=\"lazy\">\n                    <\/div>\n<\/p><\/div>\n<p>                            <button class=\"flex justify-center items-center w-full bg-brand-green text-white text-base font-sans font-medium rounded-md hover:bg-brand-green-700 hover:cursor-pointer md:text-sm w-full h-12 duration-200 ease-in-out hover:bg-brand-green-700 md:hidden md:h-10\"><\/p>\n<p>    Conclure un accord<br \/>\n<\/button><\/p>\n<div class=\"flex flex-col items-center w-full md:hidden font-sans leading-4 text-black\">\n<div class=\"flex flex-wrap items-center justify-center gap-1 md:justify-start\">\n        <span class=\"font-bold\"><\/p>\n<p>            1 198,00 $<br \/>\n                            <span class=\"font-medium\">\u00e0 Amazon<\/span><br \/>\n                    <\/span>\n            <\/div>\n<div class=\"flex items-center justify-center gap-x-1 font-bold md:justify-start\">\n            <span class=\"text-sm line-through\">1 499,99 $<\/span><br \/>\n            <span class=\"text-sm text-brand-green\">\u00c9conomisez 301,99 $<\/span>\n        <\/div>\n<\/p><\/div>\n<div class=\"flex w-full gap-x-5\">\n<div class=\"flex w-full flex-col flex-nowrap justify-center gap-2 text-black no-underline md:order-2 md:gap-y-6\">\n<div class=\"flex flex-col justify-between gap-y-2 md:w-full md:gap-y-1\">\n<div class=\"block font-sans text-xs font-semibold capitalize leading-3 text-gray-900 md:leading-4\">Dolby Atmos, Dolby Vision, HDR10, AI Super UpScaling 4K, mode cin\u00e9aste, Wow Orchestra, Alexa.<\/div>\n<div class=\"block w-fit cursor-pointer font-akshar text-lg font-medium leading-5 text-brand-green duration-200 ease-in-out hover:text-brand-green-700 md:text-xl md:leading-6\">\n<p>                            LG 65 pouces Oled Evo Ai 4k C5 Smart TV\n                        <\/p><\/div>\n<\/p><\/div>\n<div class=\"hidden md:flex md:justify-between md:gap-x-4\">\n<div class=\"w-full mb-0 md:flex md:flex-col md:justify-center font-sans leading-4 text-black\">\n<div class=\"flex flex-wrap items-center justify-center gap-1 md:justify-start\">\n        <span class=\"font-bold\"><\/p>\n<p>            1 796,99 $<br \/>\n                            <span class=\"font-medium\">\u00e0 Amazon<\/span><br \/>\n                    <\/span>\n            <\/div>\n<div class=\"flex items-center justify-center gap-x-1 font-bold md:justify-start\">\n            <span class=\"text-sm line-through\">2 696,99 $<\/span><br \/>\n            <span class=\"text-sm text-brand-green\">\u00c9conomisez 900,00 $<\/span>\n        <\/div>\n<\/p><\/div>\n<p>                            <button class=\"flex justify-center items-center w-full bg-brand-green text-white text-base font-sans font-medium rounded-md hover:bg-brand-green-700 hover:cursor-pointer md:text-sm hidden self-end h-12 max-w-(10rem) duration-200 ease-in-out hover:bg-brand-green-700 md:flex md:h-10\"><\/p>\n<p>    Conclure un accord<br \/>\n<\/button>\n                        <\/div>\n<\/p><\/div>\n<div class=\"flex aspect-video h-(90px) shrink-0 items-center justify-center self-center md:order-1\">\n                        <img decoding=\"async\" class=\"m-0 max-h-full max-w-full rounded-md\" src=\"https:\/\/vieassociative.be\/actualites\/wp-content\/uploads\/2025\/08\/1755890222_999_Les-six-meilleures-offres-sur-les-televiseurs-pendant-la-fete.jpg\" alt=\"LG 65 pouces Class OLED EVO C5 Series\" width=\"auto\" height=\"auto\" loading=\"lazy\">\n                    <\/div>\n<\/p><\/div>\n<p>                            <button class=\"flex justify-center items-center w-full bg-brand-green text-white text-base font-sans font-medium rounded-md hover:bg-brand-green-700 hover:cursor-pointer md:text-sm w-full h-12 duration-200 ease-in-out hover:bg-brand-green-700 md:hidden md:h-10\"><\/p>\n<p>    Conclure un accord<br \/>\n<\/button><\/p>\n<div class=\"flex flex-col items-center w-full md:hidden font-sans leading-4 text-black\">\n<div class=\"flex flex-wrap items-center justify-center gap-1 md:justify-start\">\n        <span class=\"font-bold\"><\/p>\n<p>            1 796,99 $<br \/>\n                            <span class=\"font-medium\">\u00e0 Amazon<\/span><br \/>\n                    <\/span>\n            <\/div>\n<div class=\"flex items-center justify-center gap-x-1 font-bold md:justify-start\">\n            <span class=\"text-sm line-through\">2 696,99 $<\/span><br \/>\n            <span class=\"text-sm text-brand-green\">\u00c9conomisez 900,00 $<\/span>\n        <\/div>\n<\/p><\/div>\n<\/div>\n<p>J&rsquo;ai eu la chance de tester de premi\u00e8re main le nouveau QM6K Qled TV de TCL pendant quelques mois. Il est difficile de croire qu&rsquo;il est consid\u00e9r\u00e9 comme un t\u00e9l\u00e9viseur budg\u00e9taire, compte tenu de sa qualit\u00e9. Le mod\u00e8le de 55 pouces commence \u00e0 <strong>447,99 $<\/strong> (\u00e0 l&rsquo;origine 698 $ au lancement) en ce moment.<\/p>\n<p>\u00c9galement de TCL est le t\u00e9l\u00e9viseur LED QM7K QD-Mini, qui est une \u00e9tape par rapport au budget QM6K, pour ceux qui sont d&rsquo;accord en payant un peu plus pour une meilleure qualit\u00e9 d&rsquo;image. \u00c0 l&rsquo;heure actuelle, la taille de 65 pouces est <strong>997,99 $<\/strong> (\u00e0 l&rsquo;origine 1 499,99 $) apr\u00e8s une remise de 33%. Il y a d&rsquo;autres tailles qui voient \u00e9galement de bonnes remises. Vous pouvez en savoir plus sur ce t\u00e9l\u00e9viseur dans la critique \u00ab\u00a0Excellente\u00a0\u00bb de PCMAG. <\/p>\n<p>J&rsquo;adore les t\u00e9l\u00e9viseurs Roku \u00e0 cause de leur pratique. La t\u00e9l\u00e9commande est une t\u00e9l\u00e9commande Roku, et le syst\u00e8me d&rsquo;exploitation du t\u00e9l\u00e9viseur est Roku, donc il facilite la navigation et la lecture des m\u00e9dias sans avoir besoin de coller un b\u00e2ton de streaming \u00e0 l&rsquo;arri\u00e8re. En ce moment, le t\u00e9l\u00e9viseur Roku 75 pouces Pro de la s\u00e9rie de 2025 est <strong>799,99 $<\/strong> (\u00e0 l&rsquo;origine 998 $), le prix le plus bas qu&rsquo;il a \u00e9t\u00e9. Vous pouvez en savoir plus sur ce Roku TV dans la critique \u00ab\u00a0Excellente\u00a0\u00bb de PCMAG.<\/p>\n<p>Si vous cherchez un t\u00e9l\u00e9viseur vraiment massif, consid\u00e9rez la classe Hisense 98 \u00ab\u00a0QD5, un t\u00e9l\u00e9viseur Qled. <strong>1 497,99 $<\/strong> (\u00e0 l&rsquo;origine 2 298 $), le prix le plus bas depuis sa sortie plus t\u00f4t cette ann\u00e9e. Il a mon syst\u00e8me d&rsquo;exploitation pr\u00e9f\u00e9r\u00e9, Google TV, qui vous permet de lancer votre t\u00e9l\u00e9phone ou votre ordinateur de mani\u00e8re transparente. Il a \u00e9galement un taux de rafra\u00eechissement natif de 144 Hz avec AMD Freesync Premium, donc les jeux seront lisses. Le soutien Dolby Vision Atmos et HDR 10+ rendront les soir\u00e9es cin\u00e9ma pop.<\/p>\n<p>Le Sony Bravia 5 est le t\u00e9l\u00e9viseur de niveau interm\u00e9diaire de la gamme de t\u00e9l\u00e9vision LED de Sony en 2025, avec une quantit\u00e9 d\u00e9cente de zones de gradin et en utilisant la technologie de r\u00e9tro-\u00e9clairage LED qui le rend croquant et lumineux. Il est livr\u00e9 avec Google TV OS, prend en charge Dolby Vision et a une bonne luminosit\u00e9 sur le contenu SDR; Soyez juste prudent avec les reflets des r\u00e9flexions, car cela fera de la visualisation un d\u00e9fi. Vous pouvez obtenir la version 65 pouces pour <strong>1 198 $<\/strong> (\u00e0 l&rsquo;origine 1 499,99 $). <\/p>\n<p>Pour ceux qui cherchent \u00e0 faire des folies sur un t\u00e9l\u00e9viseur OLED, le LG C5 de 55 pouces est de 1 396,99 $ (\u00e0 l&rsquo;origine 1 799,99 $) et le 65 pouces est <strong>1 796,99 $<\/strong> (\u00e0 l&rsquo;origine 2 696,99 $). Ce mod\u00e8le OLED est sorti cette ann\u00e9e et il est impressionnant de le voir d\u00e9j\u00e0 avec une r\u00e9duction aussi forte. Il a une excellente qualit\u00e9 d&rsquo;image comme vous l&rsquo;attendez de n&rsquo;importe quel OLED, a d&rsquo;excellentes sp\u00e9cifications de jeu, et le contraste est super m\u00eame dans les chambres lumineuses, selon la revue de CNET.<\/p>\n<hr>\n","protected":false},"excerpt":{"rendered":"<p>Trouvez les OLED, les Qleds et les LED de Sony, TCL, LG et plus pour de grandes r\u00e9ductions avant la f\u00eate du Travail. Ventes de<\/p>\n","protected":false},"author":1,"featured_media":9565,"comment_status":"","ping_status":"","sticky":false,"template":"","format":"standard","meta":{"footnotes":""},"categories":[13],"tags":[1485,14,79,345,198,33,1056,504],"class_list":["post-9564","post","type-post","status-publish","format-standard","has-post-thumbnail","hentry","category-technologie","tag-fete","tag-les","tag-meilleures","tag-offres","tag-pendant","tag-sur","tag-televiseurs","tag-travail","generate-columns","tablet-grid-50","mobile-grid-100","grid-parent","grid-33"],"yoast_head":"<!-- This site is optimized with the Yoast SEO plugin v24.0 - https:\/\/yoast.com\/wordpress\/plugins\/seo\/ -->\n<title>Les six meilleures offres sur les t\u00e9l\u00e9viseurs pendant la f\u00eate du Travail | Vie Associative<\/title>\n<meta name=\"robots\" content=\"index, follow, max-snippet:-1, max-image-preview:large, max-video-preview:-1\" \/>\n<link rel=\"canonical\" href=\"https:\/\/vieassociative.be\/actualites\/les-six-meilleures-offres-sur-les-televiseurs-pendant-la-fete-du-travail\/\" \/>\n<meta property=\"og:locale\" content=\"fr_FR\" \/>\n<meta property=\"og:type\" content=\"article\" \/>\n<meta property=\"og:title\" content=\"Les six meilleures offres sur les t\u00e9l\u00e9viseurs pendant la f\u00eate du Travail | Vie Associative\" \/>\n<meta property=\"og:description\" content=\"Trouvez les OLED, les Qleds et les LED de Sony, TCL, LG et plus pour de grandes r\u00e9ductions avant la f\u00eate du Travail. Ventes de\" \/>\n<meta property=\"og:url\" content=\"https:\/\/vieassociative.be\/actualites\/les-six-meilleures-offres-sur-les-televiseurs-pendant-la-fete-du-travail\/\" \/>\n<meta property=\"og:site_name\" content=\"Vie Associative\" \/>\n<meta property=\"article:published_time\" content=\"2025-08-22T19:17:02+00:00\" \/>\n<meta property=\"og:image\" content=\"https:\/\/vieassociative.be\/actualites\/wp-content\/uploads\/2025\/08\/Les-six-meilleures-offres-sur-les-televiseurs-pendant-la-fete.jpg\" \/>\n<meta name=\"author\" content=\"Julien\" \/>\n<meta name=\"twitter:card\" content=\"summary_large_image\" \/>\n<meta name=\"twitter:label1\" content=\"\u00c9crit par\" \/>\n\t<meta name=\"twitter:data1\" content=\"Julien\" \/>\n\t<meta name=\"twitter:label2\" content=\"Dur\u00e9e de lecture est.\" \/>\n\t<meta name=\"twitter:data2\" content=\"4 minutes\" \/>\n<script type=\"application\/ld+json\" class=\"yoast-schema-graph\">{\"@context\":\"https:\/\/schema.org\",\"@graph\":[{\"@type\":\"Article\",\"@id\":\"https:\/\/vieassociative.be\/actualites\/les-six-meilleures-offres-sur-les-televiseurs-pendant-la-fete-du-travail\/#article\",\"isPartOf\":{\"@id\":\"https:\/\/vieassociative.be\/actualites\/les-six-meilleures-offres-sur-les-televiseurs-pendant-la-fete-du-travail\/\"},\"author\":{\"name\":\"Julien\",\"@id\":\"https:\/\/vieassociative.be\/actualites\/#\/schema\/person\/b87ac4f82f9d4e7b7cec7395b679edc4\"},\"headline\":\"Les six meilleures offres sur les t\u00e9l\u00e9viseurs pendant la f\u00eate du Travail\",\"datePublished\":\"2025-08-22T19:17:02+00:00\",\"dateModified\":\"2025-08-22T19:17:02+00:00\",\"mainEntityOfPage\":{\"@id\":\"https:\/\/vieassociative.be\/actualites\/les-six-meilleures-offres-sur-les-televiseurs-pendant-la-fete-du-travail\/\"},\"wordCount\":879,\"publisher\":{\"@id\":\"https:\/\/vieassociative.be\/actualites\/#organization\"},\"image\":{\"@id\":\"https:\/\/vieassociative.be\/actualites\/les-six-meilleures-offres-sur-les-televiseurs-pendant-la-fete-du-travail\/#primaryimage\"},\"thumbnailUrl\":\"https:\/\/vieassociative.be\/actualites\/wp-content\/uploads\/2025\/08\/Les-six-meilleures-offres-sur-les-televiseurs-pendant-la-fete.png\",\"keywords\":[\"f\u00eate\",\"Les\",\"meilleures\",\"offres\",\"pendant\",\"sur\",\"t\u00e9l\u00e9viseurs\",\"travail\"],\"articleSection\":[\"Technologie\"],\"inLanguage\":\"fr-BE\"},{\"@type\":\"WebPage\",\"@id\":\"https:\/\/vieassociative.be\/actualites\/les-six-meilleures-offres-sur-les-televiseurs-pendant-la-fete-du-travail\/\",\"url\":\"https:\/\/vieassociative.be\/actualites\/les-six-meilleures-offres-sur-les-televiseurs-pendant-la-fete-du-travail\/\",\"name\":\"Les six meilleures offres sur les t\u00e9l\u00e9viseurs pendant la f\u00eate du Travail | Vie Associative\",\"isPartOf\":{\"@id\":\"https:\/\/vieassociative.be\/actualites\/#website\"},\"primaryImageOfPage\":{\"@id\":\"https:\/\/vieassociative.be\/actualites\/les-six-meilleures-offres-sur-les-televiseurs-pendant-la-fete-du-travail\/#primaryimage\"},\"image\":{\"@id\":\"https:\/\/vieassociative.be\/actualites\/les-six-meilleures-offres-sur-les-televiseurs-pendant-la-fete-du-travail\/#primaryimage\"},\"thumbnailUrl\":\"https:\/\/vieassociative.be\/actualites\/wp-content\/uploads\/2025\/08\/Les-six-meilleures-offres-sur-les-televiseurs-pendant-la-fete.png\",\"datePublished\":\"2025-08-22T19:17:02+00:00\",\"dateModified\":\"2025-08-22T19:17:02+00:00\",\"breadcrumb\":{\"@id\":\"https:\/\/vieassociative.be\/actualites\/les-six-meilleures-offres-sur-les-televiseurs-pendant-la-fete-du-travail\/#breadcrumb\"},\"inLanguage\":\"fr-BE\",\"potentialAction\":[{\"@type\":\"ReadAction\",\"target\":[\"https:\/\/vieassociative.be\/actualites\/les-six-meilleures-offres-sur-les-televiseurs-pendant-la-fete-du-travail\/\"]}]},{\"@type\":\"ImageObject\",\"inLanguage\":\"fr-BE\",\"@id\":\"https:\/\/vieassociative.be\/actualites\/les-six-meilleures-offres-sur-les-televiseurs-pendant-la-fete-du-travail\/#primaryimage\",\"url\":\"https:\/\/vieassociative.be\/actualites\/wp-content\/uploads\/2025\/08\/Les-six-meilleures-offres-sur-les-televiseurs-pendant-la-fete.png\",\"contentUrl\":\"https:\/\/vieassociative.be\/actualites\/wp-content\/uploads\/2025\/08\/Les-six-meilleures-offres-sur-les-televiseurs-pendant-la-fete.png\",\"width\":1200,\"height\":675,\"caption\":\"Les six meilleures offres sur les t\u00e9l\u00e9viseurs pendant la f\u00eate du Travail\"},{\"@type\":\"BreadcrumbList\",\"@id\":\"https:\/\/vieassociative.be\/actualites\/les-six-meilleures-offres-sur-les-televiseurs-pendant-la-fete-du-travail\/#breadcrumb\",\"itemListElement\":[{\"@type\":\"ListItem\",\"position\":1,\"name\":\"Accueil\",\"item\":\"https:\/\/vieassociative.be\/actualites\/\"},{\"@type\":\"ListItem\",\"position\":2,\"name\":\"Les six meilleures offres sur les t\u00e9l\u00e9viseurs pendant la f\u00eate du Travail\"}]},{\"@type\":\"WebSite\",\"@id\":\"https:\/\/vieassociative.be\/actualites\/#website\",\"url\":\"https:\/\/vieassociative.be\/actualites\/\",\"name\":\"Vie Associative\",\"description\":\"\",\"publisher\":{\"@id\":\"https:\/\/vieassociative.be\/actualites\/#organization\"},\"potentialAction\":[{\"@type\":\"SearchAction\",\"target\":{\"@type\":\"EntryPoint\",\"urlTemplate\":\"https:\/\/vieassociative.be\/actualites\/?s={search_term_string}\"},\"query-input\":{\"@type\":\"PropertyValueSpecification\",\"valueRequired\":true,\"valueName\":\"search_term_string\"}}],\"inLanguage\":\"fr-BE\"},{\"@type\":\"Organization\",\"@id\":\"https:\/\/vieassociative.be\/actualites\/#organization\",\"name\":\"Vie Associative\",\"url\":\"https:\/\/vieassociative.be\/actualites\/\",\"logo\":{\"@type\":\"ImageObject\",\"inLanguage\":\"fr-BE\",\"@id\":\"https:\/\/vieassociative.be\/actualites\/#\/schema\/logo\/image\/\",\"url\":\"https:\/\/vieassociative.be\/actualites\/wp-content\/uploads\/2024\/09\/cropped-vieassociative_favicon.ico.png\",\"contentUrl\":\"https:\/\/vieassociative.be\/actualites\/wp-content\/uploads\/2024\/09\/cropped-vieassociative_favicon.ico.png\",\"width\":512,\"height\":512,\"caption\":\"Vie Associative\"},\"image\":{\"@id\":\"https:\/\/vieassociative.be\/actualites\/#\/schema\/logo\/image\/\"}},{\"@type\":\"Person\",\"@id\":\"https:\/\/vieassociative.be\/actualites\/#\/schema\/person\/b87ac4f82f9d4e7b7cec7395b679edc4\",\"name\":\"Julien\",\"image\":{\"@type\":\"ImageObject\",\"inLanguage\":\"fr-BE\",\"@id\":\"https:\/\/vieassociative.be\/actualites\/#\/schema\/person\/image\/\",\"url\":\"https:\/\/vieassociative.be\/actualites\/wp-content\/uploads\/2024\/09\/vie-associative-1-150x150.jpg\",\"contentUrl\":\"https:\/\/vieassociative.be\/actualites\/wp-content\/uploads\/2024\/09\/vie-associative-1-150x150.jpg\",\"caption\":\"Julien\"},\"description\":\"Je suis Julien, r\u00e9dacteur pour Vie Associative. Passionn\u00e9 par le monde associatif depuis plus de 10 ans, j'ai \u00e0 c\u0153ur de partager des histoires inspirantes et de mettre en lumi\u00e8re les initiatives locales. Mon objectif est de sensibiliser et d'encourager l'engagement communautaire \u00e0 travers mes articles.\",\"sameAs\":[\"https:\/\/vieassociative.be\/\"]}]}<\/script>\n<!-- \/ Yoast SEO plugin. -->","yoast_head_json":{"title":"Les six meilleures offres sur les t\u00e9l\u00e9viseurs pendant la f\u00eate du Travail | Vie Associative","robots":{"index":"index","follow":"follow","max-snippet":"max-snippet:-1","max-image-preview":"max-image-preview:large","max-video-preview":"max-video-preview:-1"},"canonical":"https:\/\/vieassociative.be\/actualites\/les-six-meilleures-offres-sur-les-televiseurs-pendant-la-fete-du-travail\/","og_locale":"fr_FR","og_type":"article","og_title":"Les six meilleures offres sur les t\u00e9l\u00e9viseurs pendant la f\u00eate du Travail | Vie Associative","og_description":"Trouvez les OLED, les Qleds et les LED de Sony, TCL, LG et plus pour de grandes r\u00e9ductions avant la f\u00eate du Travail. Ventes de","og_url":"https:\/\/vieassociative.be\/actualites\/les-six-meilleures-offres-sur-les-televiseurs-pendant-la-fete-du-travail\/","og_site_name":"Vie Associative","article_published_time":"2025-08-22T19:17:02+00:00","og_image":[{"url":"https:\/\/vieassociative.be\/actualites\/wp-content\/uploads\/2025\/08\/Les-six-meilleures-offres-sur-les-televiseurs-pendant-la-fete.jpg","type":"","width":"","height":""}],"author":"Julien","twitter_card":"summary_large_image","twitter_misc":{"\u00c9crit par":"Julien","Dur\u00e9e de lecture est.":"4 minutes"},"schema":{"@context":"https:\/\/schema.org","@graph":[{"@type":"Article","@id":"https:\/\/vieassociative.be\/actualites\/les-six-meilleures-offres-sur-les-televiseurs-pendant-la-fete-du-travail\/#article","isPartOf":{"@id":"https:\/\/vieassociative.be\/actualites\/les-six-meilleures-offres-sur-les-televiseurs-pendant-la-fete-du-travail\/"},"author":{"name":"Julien","@id":"https:\/\/vieassociative.be\/actualites\/#\/schema\/person\/b87ac4f82f9d4e7b7cec7395b679edc4"},"headline":"Les six meilleures offres sur les t\u00e9l\u00e9viseurs pendant la f\u00eate du Travail","datePublished":"2025-08-22T19:17:02+00:00","dateModified":"2025-08-22T19:17:02+00:00","mainEntityOfPage":{"@id":"https:\/\/vieassociative.be\/actualites\/les-six-meilleures-offres-sur-les-televiseurs-pendant-la-fete-du-travail\/"},"wordCount":879,"publisher":{"@id":"https:\/\/vieassociative.be\/actualites\/#organization"},"image":{"@id":"https:\/\/vieassociative.be\/actualites\/les-six-meilleures-offres-sur-les-televiseurs-pendant-la-fete-du-travail\/#primaryimage"},"thumbnailUrl":"https:\/\/vieassociative.be\/actualites\/wp-content\/uploads\/2025\/08\/Les-six-meilleures-offres-sur-les-televiseurs-pendant-la-fete.png","keywords":["f\u00eate","Les","meilleures","offres","pendant","sur","t\u00e9l\u00e9viseurs","travail"],"articleSection":["Technologie"],"inLanguage":"fr-BE"},{"@type":"WebPage","@id":"https:\/\/vieassociative.be\/actualites\/les-six-meilleures-offres-sur-les-televiseurs-pendant-la-fete-du-travail\/","url":"https:\/\/vieassociative.be\/actualites\/les-six-meilleures-offres-sur-les-televiseurs-pendant-la-fete-du-travail\/","name":"Les six meilleures offres sur les t\u00e9l\u00e9viseurs pendant la f\u00eate du Travail | Vie Associative","isPartOf":{"@id":"https:\/\/vieassociative.be\/actualites\/#website"},"primaryImageOfPage":{"@id":"https:\/\/vieassociative.be\/actualites\/les-six-meilleures-offres-sur-les-televiseurs-pendant-la-fete-du-travail\/#primaryimage"},"image":{"@id":"https:\/\/vieassociative.be\/actualites\/les-six-meilleures-offres-sur-les-televiseurs-pendant-la-fete-du-travail\/#primaryimage"},"thumbnailUrl":"https:\/\/vieassociative.be\/actualites\/wp-content\/uploads\/2025\/08\/Les-six-meilleures-offres-sur-les-televiseurs-pendant-la-fete.png","datePublished":"2025-08-22T19:17:02+00:00","dateModified":"2025-08-22T19:17:02+00:00","breadcrumb":{"@id":"https:\/\/vieassociative.be\/actualites\/les-six-meilleures-offres-sur-les-televiseurs-pendant-la-fete-du-travail\/#breadcrumb"},"inLanguage":"fr-BE","potentialAction":[{"@type":"ReadAction","target":["https:\/\/vieassociative.be\/actualites\/les-six-meilleures-offres-sur-les-televiseurs-pendant-la-fete-du-travail\/"]}]},{"@type":"ImageObject","inLanguage":"fr-BE","@id":"https:\/\/vieassociative.be\/actualites\/les-six-meilleures-offres-sur-les-televiseurs-pendant-la-fete-du-travail\/#primaryimage","url":"https:\/\/vieassociative.be\/actualites\/wp-content\/uploads\/2025\/08\/Les-six-meilleures-offres-sur-les-televiseurs-pendant-la-fete.png","contentUrl":"https:\/\/vieassociative.be\/actualites\/wp-content\/uploads\/2025\/08\/Les-six-meilleures-offres-sur-les-televiseurs-pendant-la-fete.png","width":1200,"height":675,"caption":"Les six meilleures offres sur les t\u00e9l\u00e9viseurs pendant la f\u00eate du Travail"},{"@type":"BreadcrumbList","@id":"https:\/\/vieassociative.be\/actualites\/les-six-meilleures-offres-sur-les-televiseurs-pendant-la-fete-du-travail\/#breadcrumb","itemListElement":[{"@type":"ListItem","position":1,"name":"Accueil","item":"https:\/\/vieassociative.be\/actualites\/"},{"@type":"ListItem","position":2,"name":"Les six meilleures offres sur les t\u00e9l\u00e9viseurs pendant la f\u00eate du Travail"}]},{"@type":"WebSite","@id":"https:\/\/vieassociative.be\/actualites\/#website","url":"https:\/\/vieassociative.be\/actualites\/","name":"Vie Associative","description":"","publisher":{"@id":"https:\/\/vieassociative.be\/actualites\/#organization"},"potentialAction":[{"@type":"SearchAction","target":{"@type":"EntryPoint","urlTemplate":"https:\/\/vieassociative.be\/actualites\/?s={search_term_string}"},"query-input":{"@type":"PropertyValueSpecification","valueRequired":true,"valueName":"search_term_string"}}],"inLanguage":"fr-BE"},{"@type":"Organization","@id":"https:\/\/vieassociative.be\/actualites\/#organization","name":"Vie Associative","url":"https:\/\/vieassociative.be\/actualites\/","logo":{"@type":"ImageObject","inLanguage":"fr-BE","@id":"https:\/\/vieassociative.be\/actualites\/#\/schema\/logo\/image\/","url":"https:\/\/vieassociative.be\/actualites\/wp-content\/uploads\/2024\/09\/cropped-vieassociative_favicon.ico.png","contentUrl":"https:\/\/vieassociative.be\/actualites\/wp-content\/uploads\/2024\/09\/cropped-vieassociative_favicon.ico.png","width":512,"height":512,"caption":"Vie Associative"},"image":{"@id":"https:\/\/vieassociative.be\/actualites\/#\/schema\/logo\/image\/"}},{"@type":"Person","@id":"https:\/\/vieassociative.be\/actualites\/#\/schema\/person\/b87ac4f82f9d4e7b7cec7395b679edc4","name":"Julien","image":{"@type":"ImageObject","inLanguage":"fr-BE","@id":"https:\/\/vieassociative.be\/actualites\/#\/schema\/person\/image\/","url":"https:\/\/vieassociative.be\/actualites\/wp-content\/uploads\/2024\/09\/vie-associative-1-150x150.jpg","contentUrl":"https:\/\/vieassociative.be\/actualites\/wp-content\/uploads\/2024\/09\/vie-associative-1-150x150.jpg","caption":"Julien"},"description":"Je suis Julien, r\u00e9dacteur pour Vie Associative. Passionn\u00e9 par le monde associatif depuis plus de 10 ans, j'ai \u00e0 c\u0153ur de partager des histoires inspirantes et de mettre en lumi\u00e8re les initiatives locales. Mon objectif est de sensibiliser et d'encourager l'engagement communautaire \u00e0 travers mes articles.","sameAs":["https:\/\/vieassociative.be\/"]}]}},"_links":{"self":[{"href":"https:\/\/vieassociative.be\/actualites\/wp-json\/wp\/v2\/posts\/9564"}],"collection":[{"href":"https:\/\/vieassociative.be\/actualites\/wp-json\/wp\/v2\/posts"}],"about":[{"href":"https:\/\/vieassociative.be\/actualites\/wp-json\/wp\/v2\/types\/post"}],"author":[{"embeddable":true,"href":"https:\/\/vieassociative.be\/actualites\/wp-json\/wp\/v2\/users\/1"}],"replies":[{"embeddable":true,"href":"https:\/\/vieassociative.be\/actualites\/wp-json\/wp\/v2\/comments?post=9564"}],"version-history":[{"count":0,"href":"https:\/\/vieassociative.be\/actualites\/wp-json\/wp\/v2\/posts\/9564\/revisions"}],"wp:featuredmedia":[{"embeddable":true,"href":"https:\/\/vieassociative.be\/actualites\/wp-json\/wp\/v2\/media\/9565"}],"wp:attachment":[{"href":"https:\/\/vieassociative.be\/actualites\/wp-json\/wp\/v2\/media?parent=9564"}],"wp:term":[{"taxonomy":"category","embeddable":true,"href":"https:\/\/vieassociative.be\/actualites\/wp-json\/wp\/v2\/categories?post=9564"},{"taxonomy":"post_tag","embeddable":true,"href":"https:\/\/vieassociative.be\/actualites\/wp-json\/wp\/v2\/tags?post=9564"}],"curies":[{"name":"wp","href":"https:\/\/api.w.org\/{rel}","templated":true}]}}