{"id":9560,"date":"2025-08-22T16:17:49","date_gmt":"2025-08-22T14:17:49","guid":{"rendered":"https:\/\/vieassociative.be\/actualites\/saarland-un-policier-a-tire-avec-une-arme-de-service\/"},"modified":"2025-08-22T16:17:49","modified_gmt":"2025-08-22T14:17:49","slug":"saarland-un-policier-a-tire-avec-une-arme-de-service","status":"publish","type":"post","link":"https:\/\/vieassociative.be\/actualites\/saarland-un-policier-a-tire-avec-une-arme-de-service\/","title":{"rendered":"SAARLAND: Un policier a tir\u00e9 avec une arme de service"},"content":{"rendered":"<p><strong>Un policier d\u00e9c\u00e8de vers une station-service \u00e0 Saarland apr\u00e8s un vol. Le lendemain du crime, les enqu\u00eateurs \u00e9valuent les traces. De nombreuses questions sont toujours ouvertes.<\/strong><\/p>\n<p><span id=\"more-422915\"><\/span>Apr\u00e8s les coups mortels d&rsquo;un policier \u00e0 Saarland, des enqu\u00eates sur les circonstances sont en cours. Les traces sont \u00e9galement \u00e9valu\u00e9es. Le policier a \u00e9t\u00e9 abattu sur une station-service jeudi soir lors d&rsquo;une mission \u00e0 V\u00f6lklingen. L&rsquo;auteur pr\u00e9sum\u00e9 a \u00e9t\u00e9 bless\u00e9 et arr\u00eat\u00e9.<\/p>\n<div id=\"attachment_422919\" class=\"wp-caption alignleft\" style=\"max-width: 300px\"><img fetchpriority=\"high\" decoding=\"async\" class=\"wp-image-422919 size-medium\" src=\"https:\/\/vieassociative.be\/actualites\/wp-content\/uploads\/2025\/08\/SAARLAND-Un-policier-a-tire-avec-une-arme-de-service.jpg\" alt=\"\" width=\"300\" height=\"200\"><\/div>\n<p>Selon la police, le tireur pr\u00e9sum\u00e9 a 18 ans. Selon un porte-parole, le suspect provient de la Saarbr\u00fccken Regional Association. Il a la citoyennet\u00e9 allemande et turque. Le matin, la police n&rsquo;a initialement pas fourni d&rsquo;informations suppl\u00e9mentaires sur l&rsquo;identit\u00e9 et le motif de l&rsquo;agresseur.<\/p>\n<p>Le policier tu\u00e9 avait suivi le voleur pr\u00e9sum\u00e9 \u00e0 pied avec un coll\u00e8gue apr\u00e8s l&rsquo;attaque. Selon la police, il y a eu une course dans laquelle le r\u00e9fugi\u00e9 a arrach\u00e9 l&rsquo;arme de service de l&rsquo;un des officiels et l&rsquo;a tir\u00e9 plusieurs fois. Selon la police, l&rsquo;agresseur pr\u00e9sum\u00e9 a \u00e9t\u00e9 touch\u00e9 au coup suivant. Il s&rsquo;est d&rsquo;abord enfui \u00e0 pied, mais a \u00e9t\u00e9 arr\u00eat\u00e9 peu de temps apr\u00e8s.<\/p>\n<p>Selon la police, l&rsquo;homme a \u00e9t\u00e9 emmen\u00e9 \u00e0 l&rsquo;h\u00f4pital. Il n&rsquo;a pas \u00e9t\u00e9 bless\u00e9 \u00e0 la vie. Pour le policier, qui aurait 34 ans, toute aide est arriv\u00e9e trop tard.<\/p>\n<p>Le ministre de l&rsquo;Int\u00e9rieur de Saarland, Reinhold Jost (SPD), avait visit\u00e9 l&rsquo;inspection de la police \u00e0 V\u00f6lklingen jeudi soir. \u00ab\u00a0Nous soutiendrons les proches et la famille de la police en cette p\u00e9riode difficile. En m\u00eame temps, nous traiterons soigneusement le processus op\u00e9rationnel\u00a0\u00bb, a-t-il d\u00e9clar\u00e9. (DPA)<\/p>\n","protected":false},"excerpt":{"rendered":"<p>Un policier d\u00e9c\u00e8de vers une station-service \u00e0 Saarland apr\u00e8s un vol. Le lendemain du crime, les enqu\u00eateurs \u00e9valuent les traces. De nombreuses questions sont toujours<\/p>\n","protected":false},"author":1,"featured_media":9561,"comment_status":"","ping_status":"","sticky":false,"template":"","format":"standard","meta":{"footnotes":""},"categories":[298],"tags":[4477,61,8263,8262,2911,4476,110],"class_list":["post-9560","post","type-post","status-publish","format-standard","has-post-thumbnail","hentry","category-belgique","tag-arme","tag-avec","tag-policier","tag-saarland","tag-service","tag-tire","tag-une","generate-columns","tablet-grid-50","mobile-grid-100","grid-parent","grid-33"],"yoast_head":"<!-- This site is optimized with the Yoast SEO plugin v24.0 - https:\/\/yoast.com\/wordpress\/plugins\/seo\/ -->\n<title>SAARLAND: Un policier a tir\u00e9 avec une arme de service | Vie Associative<\/title>\n<meta name=\"robots\" content=\"index, follow, max-snippet:-1, max-image-preview:large, max-video-preview:-1\" \/>\n<link rel=\"canonical\" href=\"https:\/\/vieassociative.be\/actualites\/saarland-un-policier-a-tire-avec-une-arme-de-service\/\" \/>\n<meta property=\"og:locale\" content=\"fr_FR\" \/>\n<meta property=\"og:type\" content=\"article\" \/>\n<meta property=\"og:title\" content=\"SAARLAND: Un policier a tir\u00e9 avec une arme de service | Vie Associative\" \/>\n<meta property=\"og:description\" content=\"Un policier d\u00e9c\u00e8de vers une station-service \u00e0 Saarland apr\u00e8s un vol. Le lendemain du crime, les enqu\u00eateurs \u00e9valuent les traces. De nombreuses questions sont toujours\" \/>\n<meta property=\"og:url\" content=\"https:\/\/vieassociative.be\/actualites\/saarland-un-policier-a-tire-avec-une-arme-de-service\/\" \/>\n<meta property=\"og:site_name\" content=\"Vie Associative\" \/>\n<meta property=\"article:published_time\" content=\"2025-08-22T14:17:49+00:00\" \/>\n<meta property=\"og:image\" content=\"https:\/\/vieassociative.be\/actualites\/wp-content\/uploads\/2024\/09\/header_backgroundk-01-e1726694325946.png\" \/>\n\t<meta property=\"og:image:width\" content=\"279\" \/>\n\t<meta property=\"og:image:height\" content=\"92\" \/>\n\t<meta property=\"og:image:type\" content=\"image\/png\" \/>\n<meta name=\"author\" content=\"Julien\" \/>\n<meta name=\"twitter:card\" content=\"summary_large_image\" \/>\n<meta name=\"twitter:label1\" content=\"\u00c9crit par\" \/>\n\t<meta name=\"twitter:data1\" content=\"Julien\" \/>\n\t<meta name=\"twitter:label2\" content=\"Dur\u00e9e de lecture est.\" \/>\n\t<meta name=\"twitter:data2\" content=\"1 minute\" \/>\n<script type=\"application\/ld+json\" class=\"yoast-schema-graph\">{\"@context\":\"https:\/\/schema.org\",\"@graph\":[{\"@type\":\"Article\",\"@id\":\"https:\/\/vieassociative.be\/actualites\/saarland-un-policier-a-tire-avec-une-arme-de-service\/#article\",\"isPartOf\":{\"@id\":\"https:\/\/vieassociative.be\/actualites\/saarland-un-policier-a-tire-avec-une-arme-de-service\/\"},\"author\":{\"name\":\"Julien\",\"@id\":\"https:\/\/vieassociative.be\/actualites\/#\/schema\/person\/b87ac4f82f9d4e7b7cec7395b679edc4\"},\"headline\":\"SAARLAND: Un policier a tir\u00e9 avec une arme de service\",\"datePublished\":\"2025-08-22T14:17:49+00:00\",\"dateModified\":\"2025-08-22T14:17:49+00:00\",\"mainEntityOfPage\":{\"@id\":\"https:\/\/vieassociative.be\/actualites\/saarland-un-policier-a-tire-avec-une-arme-de-service\/\"},\"wordCount\":302,\"publisher\":{\"@id\":\"https:\/\/vieassociative.be\/actualites\/#organization\"},\"image\":{\"@id\":\"https:\/\/vieassociative.be\/actualites\/saarland-un-policier-a-tire-avec-une-arme-de-service\/#primaryimage\"},\"thumbnailUrl\":\"https:\/\/vieassociative.be\/actualites\/wp-content\/uploads\/2025\/08\/1755872269_SAARLAND-Un-policier-a-tire-avec-une-arme-de-service.jpg\",\"keywords\":[\"arme\",\"avec\",\"policier\",\"SAARLAND\",\"service\",\"tir\u00e9\",\"une\"],\"articleSection\":[\"Belgique\"],\"inLanguage\":\"fr-BE\"},{\"@type\":\"WebPage\",\"@id\":\"https:\/\/vieassociative.be\/actualites\/saarland-un-policier-a-tire-avec-une-arme-de-service\/\",\"url\":\"https:\/\/vieassociative.be\/actualites\/saarland-un-policier-a-tire-avec-une-arme-de-service\/\",\"name\":\"SAARLAND: Un policier a tir\u00e9 avec une arme de service | Vie Associative\",\"isPartOf\":{\"@id\":\"https:\/\/vieassociative.be\/actualites\/#website\"},\"primaryImageOfPage\":{\"@id\":\"https:\/\/vieassociative.be\/actualites\/saarland-un-policier-a-tire-avec-une-arme-de-service\/#primaryimage\"},\"image\":{\"@id\":\"https:\/\/vieassociative.be\/actualites\/saarland-un-policier-a-tire-avec-une-arme-de-service\/#primaryimage\"},\"thumbnailUrl\":\"https:\/\/vieassociative.be\/actualites\/wp-content\/uploads\/2025\/08\/1755872269_SAARLAND-Un-policier-a-tire-avec-une-arme-de-service.jpg\",\"datePublished\":\"2025-08-22T14:17:49+00:00\",\"dateModified\":\"2025-08-22T14:17:49+00:00\",\"breadcrumb\":{\"@id\":\"https:\/\/vieassociative.be\/actualites\/saarland-un-policier-a-tire-avec-une-arme-de-service\/#breadcrumb\"},\"inLanguage\":\"fr-BE\",\"potentialAction\":[{\"@type\":\"ReadAction\",\"target\":[\"https:\/\/vieassociative.be\/actualites\/saarland-un-policier-a-tire-avec-une-arme-de-service\/\"]}]},{\"@type\":\"ImageObject\",\"inLanguage\":\"fr-BE\",\"@id\":\"https:\/\/vieassociative.be\/actualites\/saarland-un-policier-a-tire-avec-une-arme-de-service\/#primaryimage\",\"url\":\"https:\/\/vieassociative.be\/actualites\/wp-content\/uploads\/2025\/08\/1755872269_SAARLAND-Un-policier-a-tire-avec-une-arme-de-service.jpg\",\"contentUrl\":\"https:\/\/vieassociative.be\/actualites\/wp-content\/uploads\/2025\/08\/1755872269_SAARLAND-Un-policier-a-tire-avec-une-arme-de-service.jpg\",\"width\":1200,\"height\":800,\"caption\":\"SAARLAND: Un policier a tir\u00e9 avec une arme de service\"},{\"@type\":\"BreadcrumbList\",\"@id\":\"https:\/\/vieassociative.be\/actualites\/saarland-un-policier-a-tire-avec-une-arme-de-service\/#breadcrumb\",\"itemListElement\":[{\"@type\":\"ListItem\",\"position\":1,\"name\":\"Accueil\",\"item\":\"https:\/\/vieassociative.be\/actualites\/\"},{\"@type\":\"ListItem\",\"position\":2,\"name\":\"SAARLAND: Un policier a tir\u00e9 avec une arme de service\"}]},{\"@type\":\"WebSite\",\"@id\":\"https:\/\/vieassociative.be\/actualites\/#website\",\"url\":\"https:\/\/vieassociative.be\/actualites\/\",\"name\":\"Vie Associative\",\"description\":\"\",\"publisher\":{\"@id\":\"https:\/\/vieassociative.be\/actualites\/#organization\"},\"potentialAction\":[{\"@type\":\"SearchAction\",\"target\":{\"@type\":\"EntryPoint\",\"urlTemplate\":\"https:\/\/vieassociative.be\/actualites\/?s={search_term_string}\"},\"query-input\":{\"@type\":\"PropertyValueSpecification\",\"valueRequired\":true,\"valueName\":\"search_term_string\"}}],\"inLanguage\":\"fr-BE\"},{\"@type\":\"Organization\",\"@id\":\"https:\/\/vieassociative.be\/actualites\/#organization\",\"name\":\"Vie Associative\",\"url\":\"https:\/\/vieassociative.be\/actualites\/\",\"logo\":{\"@type\":\"ImageObject\",\"inLanguage\":\"fr-BE\",\"@id\":\"https:\/\/vieassociative.be\/actualites\/#\/schema\/logo\/image\/\",\"url\":\"https:\/\/vieassociative.be\/actualites\/wp-content\/uploads\/2024\/09\/cropped-vieassociative_favicon.ico.png\",\"contentUrl\":\"https:\/\/vieassociative.be\/actualites\/wp-content\/uploads\/2024\/09\/cropped-vieassociative_favicon.ico.png\",\"width\":512,\"height\":512,\"caption\":\"Vie Associative\"},\"image\":{\"@id\":\"https:\/\/vieassociative.be\/actualites\/#\/schema\/logo\/image\/\"}},{\"@type\":\"Person\",\"@id\":\"https:\/\/vieassociative.be\/actualites\/#\/schema\/person\/b87ac4f82f9d4e7b7cec7395b679edc4\",\"name\":\"Julien\",\"image\":{\"@type\":\"ImageObject\",\"inLanguage\":\"fr-BE\",\"@id\":\"https:\/\/vieassociative.be\/actualites\/#\/schema\/person\/image\/\",\"url\":\"https:\/\/vieassociative.be\/actualites\/wp-content\/uploads\/2024\/09\/vie-associative-1-150x150.jpg\",\"contentUrl\":\"https:\/\/vieassociative.be\/actualites\/wp-content\/uploads\/2024\/09\/vie-associative-1-150x150.jpg\",\"caption\":\"Julien\"},\"description\":\"Je suis Julien, r\u00e9dacteur pour Vie Associative. Passionn\u00e9 par le monde associatif depuis plus de 10 ans, j'ai \u00e0 c\u0153ur de partager des histoires inspirantes et de mettre en lumi\u00e8re les initiatives locales. Mon objectif est de sensibiliser et d'encourager l'engagement communautaire \u00e0 travers mes articles.\",\"sameAs\":[\"https:\/\/vieassociative.be\/\"]}]}<\/script>\n<!-- \/ Yoast SEO plugin. -->","yoast_head_json":{"title":"SAARLAND: Un policier a tir\u00e9 avec une arme de service | Vie Associative","robots":{"index":"index","follow":"follow","max-snippet":"max-snippet:-1","max-image-preview":"max-image-preview:large","max-video-preview":"max-video-preview:-1"},"canonical":"https:\/\/vieassociative.be\/actualites\/saarland-un-policier-a-tire-avec-une-arme-de-service\/","og_locale":"fr_FR","og_type":"article","og_title":"SAARLAND: Un policier a tir\u00e9 avec une arme de service | Vie Associative","og_description":"Un policier d\u00e9c\u00e8de vers une station-service \u00e0 Saarland apr\u00e8s un vol. Le lendemain du crime, les enqu\u00eateurs \u00e9valuent les traces. De nombreuses questions sont toujours","og_url":"https:\/\/vieassociative.be\/actualites\/saarland-un-policier-a-tire-avec-une-arme-de-service\/","og_site_name":"Vie Associative","article_published_time":"2025-08-22T14:17:49+00:00","og_image":[{"width":279,"height":92,"url":"https:\/\/vieassociative.be\/actualites\/wp-content\/uploads\/2024\/09\/header_backgroundk-01-e1726694325946.png","type":"image\/png"}],"author":"Julien","twitter_card":"summary_large_image","twitter_misc":{"\u00c9crit par":"Julien","Dur\u00e9e de lecture est.":"1 minute"},"schema":{"@context":"https:\/\/schema.org","@graph":[{"@type":"Article","@id":"https:\/\/vieassociative.be\/actualites\/saarland-un-policier-a-tire-avec-une-arme-de-service\/#article","isPartOf":{"@id":"https:\/\/vieassociative.be\/actualites\/saarland-un-policier-a-tire-avec-une-arme-de-service\/"},"author":{"name":"Julien","@id":"https:\/\/vieassociative.be\/actualites\/#\/schema\/person\/b87ac4f82f9d4e7b7cec7395b679edc4"},"headline":"SAARLAND: Un policier a tir\u00e9 avec une arme de service","datePublished":"2025-08-22T14:17:49+00:00","dateModified":"2025-08-22T14:17:49+00:00","mainEntityOfPage":{"@id":"https:\/\/vieassociative.be\/actualites\/saarland-un-policier-a-tire-avec-une-arme-de-service\/"},"wordCount":302,"publisher":{"@id":"https:\/\/vieassociative.be\/actualites\/#organization"},"image":{"@id":"https:\/\/vieassociative.be\/actualites\/saarland-un-policier-a-tire-avec-une-arme-de-service\/#primaryimage"},"thumbnailUrl":"https:\/\/vieassociative.be\/actualites\/wp-content\/uploads\/2025\/08\/1755872269_SAARLAND-Un-policier-a-tire-avec-une-arme-de-service.jpg","keywords":["arme","avec","policier","SAARLAND","service","tir\u00e9","une"],"articleSection":["Belgique"],"inLanguage":"fr-BE"},{"@type":"WebPage","@id":"https:\/\/vieassociative.be\/actualites\/saarland-un-policier-a-tire-avec-une-arme-de-service\/","url":"https:\/\/vieassociative.be\/actualites\/saarland-un-policier-a-tire-avec-une-arme-de-service\/","name":"SAARLAND: Un policier a tir\u00e9 avec une arme de service | Vie Associative","isPartOf":{"@id":"https:\/\/vieassociative.be\/actualites\/#website"},"primaryImageOfPage":{"@id":"https:\/\/vieassociative.be\/actualites\/saarland-un-policier-a-tire-avec-une-arme-de-service\/#primaryimage"},"image":{"@id":"https:\/\/vieassociative.be\/actualites\/saarland-un-policier-a-tire-avec-une-arme-de-service\/#primaryimage"},"thumbnailUrl":"https:\/\/vieassociative.be\/actualites\/wp-content\/uploads\/2025\/08\/1755872269_SAARLAND-Un-policier-a-tire-avec-une-arme-de-service.jpg","datePublished":"2025-08-22T14:17:49+00:00","dateModified":"2025-08-22T14:17:49+00:00","breadcrumb":{"@id":"https:\/\/vieassociative.be\/actualites\/saarland-un-policier-a-tire-avec-une-arme-de-service\/#breadcrumb"},"inLanguage":"fr-BE","potentialAction":[{"@type":"ReadAction","target":["https:\/\/vieassociative.be\/actualites\/saarland-un-policier-a-tire-avec-une-arme-de-service\/"]}]},{"@type":"ImageObject","inLanguage":"fr-BE","@id":"https:\/\/vieassociative.be\/actualites\/saarland-un-policier-a-tire-avec-une-arme-de-service\/#primaryimage","url":"https:\/\/vieassociative.be\/actualites\/wp-content\/uploads\/2025\/08\/1755872269_SAARLAND-Un-policier-a-tire-avec-une-arme-de-service.jpg","contentUrl":"https:\/\/vieassociative.be\/actualites\/wp-content\/uploads\/2025\/08\/1755872269_SAARLAND-Un-policier-a-tire-avec-une-arme-de-service.jpg","width":1200,"height":800,"caption":"SAARLAND: Un policier a tir\u00e9 avec une arme de service"},{"@type":"BreadcrumbList","@id":"https:\/\/vieassociative.be\/actualites\/saarland-un-policier-a-tire-avec-une-arme-de-service\/#breadcrumb","itemListElement":[{"@type":"ListItem","position":1,"name":"Accueil","item":"https:\/\/vieassociative.be\/actualites\/"},{"@type":"ListItem","position":2,"name":"SAARLAND: Un policier a tir\u00e9 avec une arme de service"}]},{"@type":"WebSite","@id":"https:\/\/vieassociative.be\/actualites\/#website","url":"https:\/\/vieassociative.be\/actualites\/","name":"Vie Associative","description":"","publisher":{"@id":"https:\/\/vieassociative.be\/actualites\/#organization"},"potentialAction":[{"@type":"SearchAction","target":{"@type":"EntryPoint","urlTemplate":"https:\/\/vieassociative.be\/actualites\/?s={search_term_string}"},"query-input":{"@type":"PropertyValueSpecification","valueRequired":true,"valueName":"search_term_string"}}],"inLanguage":"fr-BE"},{"@type":"Organization","@id":"https:\/\/vieassociative.be\/actualites\/#organization","name":"Vie Associative","url":"https:\/\/vieassociative.be\/actualites\/","logo":{"@type":"ImageObject","inLanguage":"fr-BE","@id":"https:\/\/vieassociative.be\/actualites\/#\/schema\/logo\/image\/","url":"https:\/\/vieassociative.be\/actualites\/wp-content\/uploads\/2024\/09\/cropped-vieassociative_favicon.ico.png","contentUrl":"https:\/\/vieassociative.be\/actualites\/wp-content\/uploads\/2024\/09\/cropped-vieassociative_favicon.ico.png","width":512,"height":512,"caption":"Vie Associative"},"image":{"@id":"https:\/\/vieassociative.be\/actualites\/#\/schema\/logo\/image\/"}},{"@type":"Person","@id":"https:\/\/vieassociative.be\/actualites\/#\/schema\/person\/b87ac4f82f9d4e7b7cec7395b679edc4","name":"Julien","image":{"@type":"ImageObject","inLanguage":"fr-BE","@id":"https:\/\/vieassociative.be\/actualites\/#\/schema\/person\/image\/","url":"https:\/\/vieassociative.be\/actualites\/wp-content\/uploads\/2024\/09\/vie-associative-1-150x150.jpg","contentUrl":"https:\/\/vieassociative.be\/actualites\/wp-content\/uploads\/2024\/09\/vie-associative-1-150x150.jpg","caption":"Julien"},"description":"Je suis Julien, r\u00e9dacteur pour Vie Associative. Passionn\u00e9 par le monde associatif depuis plus de 10 ans, j'ai \u00e0 c\u0153ur de partager des histoires inspirantes et de mettre en lumi\u00e8re les initiatives locales. Mon objectif est de sensibiliser et d'encourager l'engagement communautaire \u00e0 travers mes articles.","sameAs":["https:\/\/vieassociative.be\/"]}]}},"_links":{"self":[{"href":"https:\/\/vieassociative.be\/actualites\/wp-json\/wp\/v2\/posts\/9560"}],"collection":[{"href":"https:\/\/vieassociative.be\/actualites\/wp-json\/wp\/v2\/posts"}],"about":[{"href":"https:\/\/vieassociative.be\/actualites\/wp-json\/wp\/v2\/types\/post"}],"author":[{"embeddable":true,"href":"https:\/\/vieassociative.be\/actualites\/wp-json\/wp\/v2\/users\/1"}],"replies":[{"embeddable":true,"href":"https:\/\/vieassociative.be\/actualites\/wp-json\/wp\/v2\/comments?post=9560"}],"version-history":[{"count":0,"href":"https:\/\/vieassociative.be\/actualites\/wp-json\/wp\/v2\/posts\/9560\/revisions"}],"wp:featuredmedia":[{"embeddable":true,"href":"https:\/\/vieassociative.be\/actualites\/wp-json\/wp\/v2\/media\/9561"}],"wp:attachment":[{"href":"https:\/\/vieassociative.be\/actualites\/wp-json\/wp\/v2\/media?parent=9560"}],"wp:term":[{"taxonomy":"category","embeddable":true,"href":"https:\/\/vieassociative.be\/actualites\/wp-json\/wp\/v2\/categories?post=9560"},{"taxonomy":"post_tag","embeddable":true,"href":"https:\/\/vieassociative.be\/actualites\/wp-json\/wp\/v2\/tags?post=9560"}],"curies":[{"name":"wp","href":"https:\/\/api.w.org\/{rel}","templated":true}]}}