{"id":9556,"date":"2025-08-22T10:17:28","date_gmt":"2025-08-22T08:17:28","guid":{"rendered":"https:\/\/vieassociative.be\/actualites\/le-conducteur-du-scooter-legerement-blesse-en-cas-daccident-a-eupen-theft-au-football-club-de-raeren\/"},"modified":"2025-08-22T10:17:28","modified_gmt":"2025-08-22T08:17:28","slug":"le-conducteur-du-scooter-legerement-blesse-en-cas-daccident-a-eupen-theft-au-football-club-de-raeren","status":"publish","type":"post","link":"https:\/\/vieassociative.be\/actualites\/le-conducteur-du-scooter-legerement-blesse-en-cas-daccident-a-eupen-theft-au-football-club-de-raeren\/","title":{"rendered":"Le conducteur du scooter l\u00e9g\u00e8rement bless\u00e9 en cas d&rsquo;accident \u00e0 Eupen-Theft au Football Club de Raeren"},"content":{"rendered":"<p><strong>Un conducteur de scooter en ligne a \u00e9t\u00e9 l\u00e9g\u00e8rement bless\u00e9 dans un accident d&rsquo;Eupen. \u00c0 Raeren, Cash a \u00e9t\u00e9 vol\u00e9 \u00e0 la caisse enregistreuse de la RFC Raeren apr\u00e8s un match pour les jeunes. Ceci est rapport\u00e9 par la zone de police de Weser-G\u00f6hl.<\/strong><\/p>\n<p><span id=\"more-422898\"><\/span><strong>-Accident avec un pilote de scooteur \u00e0 Eupen:<\/strong> Le 21 ao\u00fbt vers 16 h, les services de la zone de police de Weser-G\u00f6hl seront signal\u00e9s \u00e0 un accident de la circulation entre un conducteur de scooteur et un chauffeur de voiture \u00e0 Eupen. Le chauffeur de scooter E-Scooter a conduit de Haassstra\u00dfe au rond-point et a voulu se transformer en Schilsweg. Un conducteur d&rsquo;Eupen est venu de Malmedyer Stra\u00dfe et a \u00e9galement conduit au rond-point. Soudain, le conducteur Eupen E-Scooteter germe de son v\u00e9hicule et est tomb\u00e9 sur une cha\u00eene qui distingue le chemin pi\u00e9tonne de la route. Selon les deux participants, il n&rsquo;y a eu aucun contact entre eux ou leurs v\u00e9hicules.<\/p>\n<p>Aucun des deux hommes n&rsquo;\u00e9tait sous l&rsquo;influence de l&rsquo;alcool au moment de l&rsquo;accident. Le conducteur du scooter a \u00e9t\u00e9 l\u00e9g\u00e8rement bless\u00e9 et transport\u00e9 \u00e0 l&rsquo;h\u00f4pital Eupen. Les circonstances exactes de l&rsquo;accident doivent encore \u00eatre clarifi\u00e9es.<\/p>\n<p><em>Addendum du rapport de police \u00e0 partir de jeudi:<\/em><\/p>\n<p><strong>&#8211; Vol au Football Club de Raeren:<\/strong> Entre le samedi soir 16 ao\u00fbt et dimanche 17 ao\u00fbt. Vers 17 h 30, l&rsquo;argent de la caisse enregistreuse d&rsquo;un club de football \u00e0 Raeren a \u00e9t\u00e9 vol\u00e9 apr\u00e8s un match pour les jeunes.<\/p>\n<p>Tous les points de contact de la zone de police de Weser-G\u00f6hl sont disponibles pour des informations pertinentes.<\/p>\n","protected":false},"excerpt":{"rendered":"<p>Un conducteur de scooter en ligne a \u00e9t\u00e9 l\u00e9g\u00e8rement bless\u00e9 dans un accident d&rsquo;Eupen. \u00c0 Raeren, Cash a \u00e9t\u00e9 vol\u00e9 \u00e0 la caisse enregistreuse de<\/p>\n","protected":false},"author":1,"featured_media":1939,"comment_status":"","ping_status":"","sticky":false,"template":"","format":"standard","meta":{"footnotes":""},"categories":[298],"tags":[981,2691,269,2646,7451,8261,1104,3344,2645,8260],"class_list":["post-9556","post","type-post","status-publish","format-standard","has-post-thumbnail","hentry","category-belgique","tag-blesse","tag-cas","tag-club","tag-conducteur","tag-daccident","tag-eupentheft","tag-football","tag-legerement","tag-raeren","tag-scooter","generate-columns","tablet-grid-50","mobile-grid-100","grid-parent","grid-33"],"yoast_head":"<!-- This site is optimized with the Yoast SEO plugin v24.0 - https:\/\/yoast.com\/wordpress\/plugins\/seo\/ -->\n<title>Le conducteur du scooter l\u00e9g\u00e8rement bless\u00e9 en cas d&#039;accident \u00e0 Eupen-Theft au Football Club de Raeren | Vie Associative<\/title>\n<meta name=\"robots\" content=\"index, follow, max-snippet:-1, max-image-preview:large, max-video-preview:-1\" \/>\n<link rel=\"canonical\" href=\"https:\/\/vieassociative.be\/actualites\/le-conducteur-du-scooter-legerement-blesse-en-cas-daccident-a-eupen-theft-au-football-club-de-raeren\/\" \/>\n<meta property=\"og:locale\" content=\"fr_FR\" \/>\n<meta property=\"og:type\" content=\"article\" \/>\n<meta property=\"og:title\" content=\"Le conducteur du scooter l\u00e9g\u00e8rement bless\u00e9 en cas d&#039;accident \u00e0 Eupen-Theft au Football Club de Raeren | Vie Associative\" \/>\n<meta property=\"og:description\" content=\"Un conducteur de scooter en ligne a \u00e9t\u00e9 l\u00e9g\u00e8rement bless\u00e9 dans un accident d&rsquo;Eupen. \u00c0 Raeren, Cash a \u00e9t\u00e9 vol\u00e9 \u00e0 la caisse enregistreuse de\" \/>\n<meta property=\"og:url\" content=\"https:\/\/vieassociative.be\/actualites\/le-conducteur-du-scooter-legerement-blesse-en-cas-daccident-a-eupen-theft-au-football-club-de-raeren\/\" \/>\n<meta property=\"og:site_name\" content=\"Vie Associative\" \/>\n<meta property=\"article:published_time\" content=\"2025-08-22T08:17:28+00:00\" \/>\n<meta property=\"og:image\" content=\"https:\/\/vieassociative.be\/actualites\/wp-content\/uploads\/2024\/09\/header_backgroundk-01-e1726694325946.png\" \/>\n\t<meta property=\"og:image:width\" content=\"279\" \/>\n\t<meta property=\"og:image:height\" content=\"92\" \/>\n\t<meta property=\"og:image:type\" content=\"image\/png\" \/>\n<meta name=\"author\" content=\"Julien\" \/>\n<meta name=\"twitter:card\" content=\"summary_large_image\" \/>\n<meta name=\"twitter:label1\" content=\"\u00c9crit par\" \/>\n\t<meta name=\"twitter:data1\" content=\"Julien\" \/>\n\t<meta name=\"twitter:label2\" content=\"Dur\u00e9e de lecture est.\" \/>\n\t<meta name=\"twitter:data2\" content=\"1 minute\" \/>\n<script type=\"application\/ld+json\" class=\"yoast-schema-graph\">{\"@context\":\"https:\/\/schema.org\",\"@graph\":[{\"@type\":\"Article\",\"@id\":\"https:\/\/vieassociative.be\/actualites\/le-conducteur-du-scooter-legerement-blesse-en-cas-daccident-a-eupen-theft-au-football-club-de-raeren\/#article\",\"isPartOf\":{\"@id\":\"https:\/\/vieassociative.be\/actualites\/le-conducteur-du-scooter-legerement-blesse-en-cas-daccident-a-eupen-theft-au-football-club-de-raeren\/\"},\"author\":{\"name\":\"Julien\",\"@id\":\"https:\/\/vieassociative.be\/actualites\/#\/schema\/person\/b87ac4f82f9d4e7b7cec7395b679edc4\"},\"headline\":\"Le conducteur du scooter l\u00e9g\u00e8rement bless\u00e9 en cas d&rsquo;accident \u00e0 Eupen-Theft au Football Club de Raeren\",\"datePublished\":\"2025-08-22T08:17:28+00:00\",\"dateModified\":\"2025-08-22T08:17:28+00:00\",\"mainEntityOfPage\":{\"@id\":\"https:\/\/vieassociative.be\/actualites\/le-conducteur-du-scooter-legerement-blesse-en-cas-daccident-a-eupen-theft-au-football-club-de-raeren\/\"},\"wordCount\":296,\"publisher\":{\"@id\":\"https:\/\/vieassociative.be\/actualites\/#organization\"},\"image\":{\"@id\":\"https:\/\/vieassociative.be\/actualites\/le-conducteur-du-scooter-legerement-blesse-en-cas-daccident-a-eupen-theft-au-football-club-de-raeren\/#primaryimage\"},\"thumbnailUrl\":\"https:\/\/vieassociative.be\/actualites\/wp-content\/uploads\/2024\/11\/Raeren-Le-conducteur-tombe-dans-un-micro-sommeil-a-midi.jpeg\",\"keywords\":[\"blesse\",\"cas\",\"Club\",\"conducteur\",\"daccident\",\"EupenTheft\",\"football\",\"l\u00e9g\u00e8rement\",\"Raeren\",\"scooter\"],\"articleSection\":[\"Belgique\"],\"inLanguage\":\"fr-BE\"},{\"@type\":\"WebPage\",\"@id\":\"https:\/\/vieassociative.be\/actualites\/le-conducteur-du-scooter-legerement-blesse-en-cas-daccident-a-eupen-theft-au-football-club-de-raeren\/\",\"url\":\"https:\/\/vieassociative.be\/actualites\/le-conducteur-du-scooter-legerement-blesse-en-cas-daccident-a-eupen-theft-au-football-club-de-raeren\/\",\"name\":\"Le conducteur du scooter l\u00e9g\u00e8rement bless\u00e9 en cas d'accident \u00e0 Eupen-Theft au Football Club de Raeren | Vie Associative\",\"isPartOf\":{\"@id\":\"https:\/\/vieassociative.be\/actualites\/#website\"},\"primaryImageOfPage\":{\"@id\":\"https:\/\/vieassociative.be\/actualites\/le-conducteur-du-scooter-legerement-blesse-en-cas-daccident-a-eupen-theft-au-football-club-de-raeren\/#primaryimage\"},\"image\":{\"@id\":\"https:\/\/vieassociative.be\/actualites\/le-conducteur-du-scooter-legerement-blesse-en-cas-daccident-a-eupen-theft-au-football-club-de-raeren\/#primaryimage\"},\"thumbnailUrl\":\"https:\/\/vieassociative.be\/actualites\/wp-content\/uploads\/2024\/11\/Raeren-Le-conducteur-tombe-dans-un-micro-sommeil-a-midi.jpeg\",\"datePublished\":\"2025-08-22T08:17:28+00:00\",\"dateModified\":\"2025-08-22T08:17:28+00:00\",\"breadcrumb\":{\"@id\":\"https:\/\/vieassociative.be\/actualites\/le-conducteur-du-scooter-legerement-blesse-en-cas-daccident-a-eupen-theft-au-football-club-de-raeren\/#breadcrumb\"},\"inLanguage\":\"fr-BE\",\"potentialAction\":[{\"@type\":\"ReadAction\",\"target\":[\"https:\/\/vieassociative.be\/actualites\/le-conducteur-du-scooter-legerement-blesse-en-cas-daccident-a-eupen-theft-au-football-club-de-raeren\/\"]}]},{\"@type\":\"ImageObject\",\"inLanguage\":\"fr-BE\",\"@id\":\"https:\/\/vieassociative.be\/actualites\/le-conducteur-du-scooter-legerement-blesse-en-cas-daccident-a-eupen-theft-au-football-club-de-raeren\/#primaryimage\",\"url\":\"https:\/\/vieassociative.be\/actualites\/wp-content\/uploads\/2024\/11\/Raeren-Le-conducteur-tombe-dans-un-micro-sommeil-a-midi.jpeg\",\"contentUrl\":\"https:\/\/vieassociative.be\/actualites\/wp-content\/uploads\/2024\/11\/Raeren-Le-conducteur-tombe-dans-un-micro-sommeil-a-midi.jpeg\",\"width\":1200,\"height\":800,\"caption\":\"Raeren : Le conducteur tombe dans un micro-sommeil \u00e0 midi\"},{\"@type\":\"BreadcrumbList\",\"@id\":\"https:\/\/vieassociative.be\/actualites\/le-conducteur-du-scooter-legerement-blesse-en-cas-daccident-a-eupen-theft-au-football-club-de-raeren\/#breadcrumb\",\"itemListElement\":[{\"@type\":\"ListItem\",\"position\":1,\"name\":\"Accueil\",\"item\":\"https:\/\/vieassociative.be\/actualites\/\"},{\"@type\":\"ListItem\",\"position\":2,\"name\":\"Le conducteur du scooter l\u00e9g\u00e8rement bless\u00e9 en cas d&rsquo;accident \u00e0 Eupen-Theft au Football Club de Raeren\"}]},{\"@type\":\"WebSite\",\"@id\":\"https:\/\/vieassociative.be\/actualites\/#website\",\"url\":\"https:\/\/vieassociative.be\/actualites\/\",\"name\":\"Vie Associative\",\"description\":\"\",\"publisher\":{\"@id\":\"https:\/\/vieassociative.be\/actualites\/#organization\"},\"potentialAction\":[{\"@type\":\"SearchAction\",\"target\":{\"@type\":\"EntryPoint\",\"urlTemplate\":\"https:\/\/vieassociative.be\/actualites\/?s={search_term_string}\"},\"query-input\":{\"@type\":\"PropertyValueSpecification\",\"valueRequired\":true,\"valueName\":\"search_term_string\"}}],\"inLanguage\":\"fr-BE\"},{\"@type\":\"Organization\",\"@id\":\"https:\/\/vieassociative.be\/actualites\/#organization\",\"name\":\"Vie Associative\",\"url\":\"https:\/\/vieassociative.be\/actualites\/\",\"logo\":{\"@type\":\"ImageObject\",\"inLanguage\":\"fr-BE\",\"@id\":\"https:\/\/vieassociative.be\/actualites\/#\/schema\/logo\/image\/\",\"url\":\"https:\/\/vieassociative.be\/actualites\/wp-content\/uploads\/2024\/09\/cropped-vieassociative_favicon.ico.png\",\"contentUrl\":\"https:\/\/vieassociative.be\/actualites\/wp-content\/uploads\/2024\/09\/cropped-vieassociative_favicon.ico.png\",\"width\":512,\"height\":512,\"caption\":\"Vie Associative\"},\"image\":{\"@id\":\"https:\/\/vieassociative.be\/actualites\/#\/schema\/logo\/image\/\"}},{\"@type\":\"Person\",\"@id\":\"https:\/\/vieassociative.be\/actualites\/#\/schema\/person\/b87ac4f82f9d4e7b7cec7395b679edc4\",\"name\":\"Julien\",\"image\":{\"@type\":\"ImageObject\",\"inLanguage\":\"fr-BE\",\"@id\":\"https:\/\/vieassociative.be\/actualites\/#\/schema\/person\/image\/\",\"url\":\"https:\/\/vieassociative.be\/actualites\/wp-content\/uploads\/2024\/09\/vie-associative-1-150x150.jpg\",\"contentUrl\":\"https:\/\/vieassociative.be\/actualites\/wp-content\/uploads\/2024\/09\/vie-associative-1-150x150.jpg\",\"caption\":\"Julien\"},\"description\":\"Je suis Julien, r\u00e9dacteur pour Vie Associative. Passionn\u00e9 par le monde associatif depuis plus de 10 ans, j'ai \u00e0 c\u0153ur de partager des histoires inspirantes et de mettre en lumi\u00e8re les initiatives locales. Mon objectif est de sensibiliser et d'encourager l'engagement communautaire \u00e0 travers mes articles.\",\"sameAs\":[\"https:\/\/vieassociative.be\/\"]}]}<\/script>\n<!-- \/ Yoast SEO plugin. -->","yoast_head_json":{"title":"Le conducteur du scooter l\u00e9g\u00e8rement bless\u00e9 en cas d'accident \u00e0 Eupen-Theft au Football Club de Raeren | Vie Associative","robots":{"index":"index","follow":"follow","max-snippet":"max-snippet:-1","max-image-preview":"max-image-preview:large","max-video-preview":"max-video-preview:-1"},"canonical":"https:\/\/vieassociative.be\/actualites\/le-conducteur-du-scooter-legerement-blesse-en-cas-daccident-a-eupen-theft-au-football-club-de-raeren\/","og_locale":"fr_FR","og_type":"article","og_title":"Le conducteur du scooter l\u00e9g\u00e8rement bless\u00e9 en cas d'accident \u00e0 Eupen-Theft au Football Club de Raeren | Vie Associative","og_description":"Un conducteur de scooter en ligne a \u00e9t\u00e9 l\u00e9g\u00e8rement bless\u00e9 dans un accident d&rsquo;Eupen. \u00c0 Raeren, Cash a \u00e9t\u00e9 vol\u00e9 \u00e0 la caisse enregistreuse de","og_url":"https:\/\/vieassociative.be\/actualites\/le-conducteur-du-scooter-legerement-blesse-en-cas-daccident-a-eupen-theft-au-football-club-de-raeren\/","og_site_name":"Vie Associative","article_published_time":"2025-08-22T08:17:28+00:00","og_image":[{"width":279,"height":92,"url":"https:\/\/vieassociative.be\/actualites\/wp-content\/uploads\/2024\/09\/header_backgroundk-01-e1726694325946.png","type":"image\/png"}],"author":"Julien","twitter_card":"summary_large_image","twitter_misc":{"\u00c9crit par":"Julien","Dur\u00e9e de lecture est.":"1 minute"},"schema":{"@context":"https:\/\/schema.org","@graph":[{"@type":"Article","@id":"https:\/\/vieassociative.be\/actualites\/le-conducteur-du-scooter-legerement-blesse-en-cas-daccident-a-eupen-theft-au-football-club-de-raeren\/#article","isPartOf":{"@id":"https:\/\/vieassociative.be\/actualites\/le-conducteur-du-scooter-legerement-blesse-en-cas-daccident-a-eupen-theft-au-football-club-de-raeren\/"},"author":{"name":"Julien","@id":"https:\/\/vieassociative.be\/actualites\/#\/schema\/person\/b87ac4f82f9d4e7b7cec7395b679edc4"},"headline":"Le conducteur du scooter l\u00e9g\u00e8rement bless\u00e9 en cas d&rsquo;accident \u00e0 Eupen-Theft au Football Club de Raeren","datePublished":"2025-08-22T08:17:28+00:00","dateModified":"2025-08-22T08:17:28+00:00","mainEntityOfPage":{"@id":"https:\/\/vieassociative.be\/actualites\/le-conducteur-du-scooter-legerement-blesse-en-cas-daccident-a-eupen-theft-au-football-club-de-raeren\/"},"wordCount":296,"publisher":{"@id":"https:\/\/vieassociative.be\/actualites\/#organization"},"image":{"@id":"https:\/\/vieassociative.be\/actualites\/le-conducteur-du-scooter-legerement-blesse-en-cas-daccident-a-eupen-theft-au-football-club-de-raeren\/#primaryimage"},"thumbnailUrl":"https:\/\/vieassociative.be\/actualites\/wp-content\/uploads\/2024\/11\/Raeren-Le-conducteur-tombe-dans-un-micro-sommeil-a-midi.jpeg","keywords":["blesse","cas","Club","conducteur","daccident","EupenTheft","football","l\u00e9g\u00e8rement","Raeren","scooter"],"articleSection":["Belgique"],"inLanguage":"fr-BE"},{"@type":"WebPage","@id":"https:\/\/vieassociative.be\/actualites\/le-conducteur-du-scooter-legerement-blesse-en-cas-daccident-a-eupen-theft-au-football-club-de-raeren\/","url":"https:\/\/vieassociative.be\/actualites\/le-conducteur-du-scooter-legerement-blesse-en-cas-daccident-a-eupen-theft-au-football-club-de-raeren\/","name":"Le conducteur du scooter l\u00e9g\u00e8rement bless\u00e9 en cas d'accident \u00e0 Eupen-Theft au Football Club de Raeren | Vie Associative","isPartOf":{"@id":"https:\/\/vieassociative.be\/actualites\/#website"},"primaryImageOfPage":{"@id":"https:\/\/vieassociative.be\/actualites\/le-conducteur-du-scooter-legerement-blesse-en-cas-daccident-a-eupen-theft-au-football-club-de-raeren\/#primaryimage"},"image":{"@id":"https:\/\/vieassociative.be\/actualites\/le-conducteur-du-scooter-legerement-blesse-en-cas-daccident-a-eupen-theft-au-football-club-de-raeren\/#primaryimage"},"thumbnailUrl":"https:\/\/vieassociative.be\/actualites\/wp-content\/uploads\/2024\/11\/Raeren-Le-conducteur-tombe-dans-un-micro-sommeil-a-midi.jpeg","datePublished":"2025-08-22T08:17:28+00:00","dateModified":"2025-08-22T08:17:28+00:00","breadcrumb":{"@id":"https:\/\/vieassociative.be\/actualites\/le-conducteur-du-scooter-legerement-blesse-en-cas-daccident-a-eupen-theft-au-football-club-de-raeren\/#breadcrumb"},"inLanguage":"fr-BE","potentialAction":[{"@type":"ReadAction","target":["https:\/\/vieassociative.be\/actualites\/le-conducteur-du-scooter-legerement-blesse-en-cas-daccident-a-eupen-theft-au-football-club-de-raeren\/"]}]},{"@type":"ImageObject","inLanguage":"fr-BE","@id":"https:\/\/vieassociative.be\/actualites\/le-conducteur-du-scooter-legerement-blesse-en-cas-daccident-a-eupen-theft-au-football-club-de-raeren\/#primaryimage","url":"https:\/\/vieassociative.be\/actualites\/wp-content\/uploads\/2024\/11\/Raeren-Le-conducteur-tombe-dans-un-micro-sommeil-a-midi.jpeg","contentUrl":"https:\/\/vieassociative.be\/actualites\/wp-content\/uploads\/2024\/11\/Raeren-Le-conducteur-tombe-dans-un-micro-sommeil-a-midi.jpeg","width":1200,"height":800,"caption":"Raeren : Le conducteur tombe dans un micro-sommeil \u00e0 midi"},{"@type":"BreadcrumbList","@id":"https:\/\/vieassociative.be\/actualites\/le-conducteur-du-scooter-legerement-blesse-en-cas-daccident-a-eupen-theft-au-football-club-de-raeren\/#breadcrumb","itemListElement":[{"@type":"ListItem","position":1,"name":"Accueil","item":"https:\/\/vieassociative.be\/actualites\/"},{"@type":"ListItem","position":2,"name":"Le conducteur du scooter l\u00e9g\u00e8rement bless\u00e9 en cas d&rsquo;accident \u00e0 Eupen-Theft au Football Club de Raeren"}]},{"@type":"WebSite","@id":"https:\/\/vieassociative.be\/actualites\/#website","url":"https:\/\/vieassociative.be\/actualites\/","name":"Vie Associative","description":"","publisher":{"@id":"https:\/\/vieassociative.be\/actualites\/#organization"},"potentialAction":[{"@type":"SearchAction","target":{"@type":"EntryPoint","urlTemplate":"https:\/\/vieassociative.be\/actualites\/?s={search_term_string}"},"query-input":{"@type":"PropertyValueSpecification","valueRequired":true,"valueName":"search_term_string"}}],"inLanguage":"fr-BE"},{"@type":"Organization","@id":"https:\/\/vieassociative.be\/actualites\/#organization","name":"Vie Associative","url":"https:\/\/vieassociative.be\/actualites\/","logo":{"@type":"ImageObject","inLanguage":"fr-BE","@id":"https:\/\/vieassociative.be\/actualites\/#\/schema\/logo\/image\/","url":"https:\/\/vieassociative.be\/actualites\/wp-content\/uploads\/2024\/09\/cropped-vieassociative_favicon.ico.png","contentUrl":"https:\/\/vieassociative.be\/actualites\/wp-content\/uploads\/2024\/09\/cropped-vieassociative_favicon.ico.png","width":512,"height":512,"caption":"Vie Associative"},"image":{"@id":"https:\/\/vieassociative.be\/actualites\/#\/schema\/logo\/image\/"}},{"@type":"Person","@id":"https:\/\/vieassociative.be\/actualites\/#\/schema\/person\/b87ac4f82f9d4e7b7cec7395b679edc4","name":"Julien","image":{"@type":"ImageObject","inLanguage":"fr-BE","@id":"https:\/\/vieassociative.be\/actualites\/#\/schema\/person\/image\/","url":"https:\/\/vieassociative.be\/actualites\/wp-content\/uploads\/2024\/09\/vie-associative-1-150x150.jpg","contentUrl":"https:\/\/vieassociative.be\/actualites\/wp-content\/uploads\/2024\/09\/vie-associative-1-150x150.jpg","caption":"Julien"},"description":"Je suis Julien, r\u00e9dacteur pour Vie Associative. Passionn\u00e9 par le monde associatif depuis plus de 10 ans, j'ai \u00e0 c\u0153ur de partager des histoires inspirantes et de mettre en lumi\u00e8re les initiatives locales. Mon objectif est de sensibiliser et d'encourager l'engagement communautaire \u00e0 travers mes articles.","sameAs":["https:\/\/vieassociative.be\/"]}]}},"_links":{"self":[{"href":"https:\/\/vieassociative.be\/actualites\/wp-json\/wp\/v2\/posts\/9556"}],"collection":[{"href":"https:\/\/vieassociative.be\/actualites\/wp-json\/wp\/v2\/posts"}],"about":[{"href":"https:\/\/vieassociative.be\/actualites\/wp-json\/wp\/v2\/types\/post"}],"author":[{"embeddable":true,"href":"https:\/\/vieassociative.be\/actualites\/wp-json\/wp\/v2\/users\/1"}],"replies":[{"embeddable":true,"href":"https:\/\/vieassociative.be\/actualites\/wp-json\/wp\/v2\/comments?post=9556"}],"version-history":[{"count":0,"href":"https:\/\/vieassociative.be\/actualites\/wp-json\/wp\/v2\/posts\/9556\/revisions"}],"wp:featuredmedia":[{"embeddable":true,"href":"https:\/\/vieassociative.be\/actualites\/wp-json\/wp\/v2\/media\/1939"}],"wp:attachment":[{"href":"https:\/\/vieassociative.be\/actualites\/wp-json\/wp\/v2\/media?parent=9556"}],"wp:term":[{"taxonomy":"category","embeddable":true,"href":"https:\/\/vieassociative.be\/actualites\/wp-json\/wp\/v2\/categories?post=9556"},{"taxonomy":"post_tag","embeddable":true,"href":"https:\/\/vieassociative.be\/actualites\/wp-json\/wp\/v2\/tags?post=9556"}],"curies":[{"name":"wp","href":"https:\/\/api.w.org\/{rel}","templated":true}]}}