{"id":9539,"date":"2025-08-21T16:17:05","date_gmt":"2025-08-21T14:17:05","guid":{"rendered":"https:\/\/vieassociative.be\/actualites\/lettre-de-lettres-attaque-de-hornet-contre-les-cyclistes\/"},"modified":"2025-08-21T16:17:05","modified_gmt":"2025-08-21T14:17:05","slug":"lettre-de-lettres-attaque-de-hornet-contre-les-cyclistes","status":"publish","type":"post","link":"https:\/\/vieassociative.be\/actualites\/lettre-de-lettres-attaque-de-hornet-contre-les-cyclistes\/","title":{"rendered":"Lettre de lettres &#8211; Attaque de Hornet contre les cyclistes"},"content":{"rendered":"<p><strong>D\u00e9tendez-vous \u00e0 v\u00e9lo \u00e0 travers la nature, \u00e0 part le bruit des voitures et l&rsquo;essence. Mais soudain, \u00e0 l&rsquo;improviste, un grand insecte sombre se plonge sur vous et perce sa piq\u00fbre dans votre bras \u00e0 une telle vitesse que vous n&rsquo;avez pas le temps de d\u00e9fendre une r\u00e9action de d\u00e9fense &#8230;<\/strong><\/p>\n<p><span id=\"more-422806\"><\/span>Je suis arriv\u00e9 sur la route des chemins de fer de J\u00fclich \u00e0 Aachen le dernier dimanche et un jour avant ma femme lors d&rsquo;une visite \u00e0 v\u00e9lo sur le Ravel entre Walheim et Raeren, combin\u00e9 avec une blessure \u00e0 l&rsquo;automne \u00e0 v\u00e9lo.<\/p>\n<p>L&rsquo;Association allemande de conservation de la nature Nabu \u00e9crit sur le Hornet asiatique qu&rsquo;elle ne serait pas plus agressive que notre nature domestique. Cependant, j&rsquo;ose douter de cela selon ma propre exp\u00e9rience, car l&rsquo;attaque n&rsquo;a \u00e9t\u00e9 ni pr\u00e9c\u00e9d\u00e9e d&rsquo;une nidification ni d&rsquo;une provocation.<\/p>\n<p>Je pense qu&rsquo;il est n\u00e9cessaire de ne pas laisser le public au sujet de la dangerosit\u00e9 des frelons asiatiques dans un peu peu clair et de faire une d\u00e9claration claire de la part de la conservation de la nature que cette esp\u00e8ce, qui menace \u00e9galement nos abeilles, ne peut \u00eatre tol\u00e9r\u00e9e.<\/p>\n<p>Cordialement<\/p>\n<p><strong>21.08.2025 Curt Zester, Raeren<\/strong><\/p>\n","protected":false},"excerpt":{"rendered":"<p>D\u00e9tendez-vous \u00e0 v\u00e9lo \u00e0 travers la nature, \u00e0 part le bruit des voitures et l&rsquo;essence. Mais soudain, \u00e0 l&rsquo;improviste, un grand insecte sombre se plonge<\/p>\n","protected":false},"author":1,"featured_media":2567,"comment_status":"","ping_status":"","sticky":false,"template":"","format":"standard","meta":{"footnotes":""},"categories":[298],"tags":[4163,796,7436,8250,14,2628,6015],"class_list":["post-9539","post","type-post","status-publish","format-standard","has-post-thumbnail","hentry","category-belgique","tag-attaque","tag-contre","tag-cyclistes","tag-hornet","tag-les","tag-lettre","tag-lettres","generate-columns","tablet-grid-50","mobile-grid-100","grid-parent","grid-33"],"yoast_head":"<!-- This site is optimized with the Yoast SEO plugin v24.0 - https:\/\/yoast.com\/wordpress\/plugins\/seo\/ -->\n<title>Lettre de lettres - Attaque de Hornet contre les cyclistes | Vie Associative<\/title>\n<meta name=\"robots\" content=\"index, follow, max-snippet:-1, max-image-preview:large, max-video-preview:-1\" \/>\n<link rel=\"canonical\" href=\"https:\/\/vieassociative.be\/actualites\/lettre-de-lettres-attaque-de-hornet-contre-les-cyclistes\/\" \/>\n<meta property=\"og:locale\" content=\"fr_FR\" \/>\n<meta property=\"og:type\" content=\"article\" \/>\n<meta property=\"og:title\" content=\"Lettre de lettres - Attaque de Hornet contre les cyclistes | Vie Associative\" \/>\n<meta property=\"og:description\" content=\"D\u00e9tendez-vous \u00e0 v\u00e9lo \u00e0 travers la nature, \u00e0 part le bruit des voitures et l&rsquo;essence. Mais soudain, \u00e0 l&rsquo;improviste, un grand insecte sombre se plonge\" \/>\n<meta property=\"og:url\" content=\"https:\/\/vieassociative.be\/actualites\/lettre-de-lettres-attaque-de-hornet-contre-les-cyclistes\/\" \/>\n<meta property=\"og:site_name\" content=\"Vie Associative\" \/>\n<meta property=\"article:published_time\" content=\"2025-08-21T14:17:05+00:00\" \/>\n<meta property=\"og:image\" content=\"https:\/\/vieassociative.be\/actualites\/wp-content\/uploads\/2024\/09\/header_backgroundk-01-e1726694325946.png\" \/>\n\t<meta property=\"og:image:width\" content=\"279\" \/>\n\t<meta property=\"og:image:height\" content=\"92\" \/>\n\t<meta property=\"og:image:type\" content=\"image\/png\" \/>\n<meta name=\"author\" content=\"Julien\" \/>\n<meta name=\"twitter:card\" content=\"summary_large_image\" \/>\n<meta name=\"twitter:label1\" content=\"\u00c9crit par\" \/>\n\t<meta name=\"twitter:data1\" content=\"Julien\" \/>\n\t<meta name=\"twitter:label2\" content=\"Dur\u00e9e de lecture est.\" \/>\n\t<meta name=\"twitter:data2\" content=\"1 minute\" \/>\n<script type=\"application\/ld+json\" class=\"yoast-schema-graph\">{\"@context\":\"https:\/\/schema.org\",\"@graph\":[{\"@type\":\"Article\",\"@id\":\"https:\/\/vieassociative.be\/actualites\/lettre-de-lettres-attaque-de-hornet-contre-les-cyclistes\/#article\",\"isPartOf\":{\"@id\":\"https:\/\/vieassociative.be\/actualites\/lettre-de-lettres-attaque-de-hornet-contre-les-cyclistes\/\"},\"author\":{\"name\":\"Julien\",\"@id\":\"https:\/\/vieassociative.be\/actualites\/#\/schema\/person\/b87ac4f82f9d4e7b7cec7395b679edc4\"},\"headline\":\"Lettre de lettres &#8211; Attaque de Hornet contre les cyclistes\",\"datePublished\":\"2025-08-21T14:17:05+00:00\",\"dateModified\":\"2025-08-21T14:17:05+00:00\",\"mainEntityOfPage\":{\"@id\":\"https:\/\/vieassociative.be\/actualites\/lettre-de-lettres-attaque-de-hornet-contre-les-cyclistes\/\"},\"wordCount\":223,\"publisher\":{\"@id\":\"https:\/\/vieassociative.be\/actualites\/#organization\"},\"image\":{\"@id\":\"https:\/\/vieassociative.be\/actualites\/lettre-de-lettres-attaque-de-hornet-contre-les-cyclistes\/#primaryimage\"},\"thumbnailUrl\":\"https:\/\/vieassociative.be\/actualites\/wp-content\/uploads\/2024\/11\/LETTRE-A-LA-REDACTION-\u2013-Audi-Bruxelles-dernier-avertissement-du.jpeg\",\"keywords\":[\"Attaque\",\"contre\",\"cyclistes\",\"Hornet\",\"Les\",\"lettre\",\"lettres\"],\"articleSection\":[\"Belgique\"],\"inLanguage\":\"fr-BE\"},{\"@type\":\"WebPage\",\"@id\":\"https:\/\/vieassociative.be\/actualites\/lettre-de-lettres-attaque-de-hornet-contre-les-cyclistes\/\",\"url\":\"https:\/\/vieassociative.be\/actualites\/lettre-de-lettres-attaque-de-hornet-contre-les-cyclistes\/\",\"name\":\"Lettre de lettres - Attaque de Hornet contre les cyclistes | Vie Associative\",\"isPartOf\":{\"@id\":\"https:\/\/vieassociative.be\/actualites\/#website\"},\"primaryImageOfPage\":{\"@id\":\"https:\/\/vieassociative.be\/actualites\/lettre-de-lettres-attaque-de-hornet-contre-les-cyclistes\/#primaryimage\"},\"image\":{\"@id\":\"https:\/\/vieassociative.be\/actualites\/lettre-de-lettres-attaque-de-hornet-contre-les-cyclistes\/#primaryimage\"},\"thumbnailUrl\":\"https:\/\/vieassociative.be\/actualites\/wp-content\/uploads\/2024\/11\/LETTRE-A-LA-REDACTION-\u2013-Audi-Bruxelles-dernier-avertissement-du.jpeg\",\"datePublished\":\"2025-08-21T14:17:05+00:00\",\"dateModified\":\"2025-08-21T14:17:05+00:00\",\"breadcrumb\":{\"@id\":\"https:\/\/vieassociative.be\/actualites\/lettre-de-lettres-attaque-de-hornet-contre-les-cyclistes\/#breadcrumb\"},\"inLanguage\":\"fr-BE\",\"potentialAction\":[{\"@type\":\"ReadAction\",\"target\":[\"https:\/\/vieassociative.be\/actualites\/lettre-de-lettres-attaque-de-hornet-contre-les-cyclistes\/\"]}]},{\"@type\":\"ImageObject\",\"inLanguage\":\"fr-BE\",\"@id\":\"https:\/\/vieassociative.be\/actualites\/lettre-de-lettres-attaque-de-hornet-contre-les-cyclistes\/#primaryimage\",\"url\":\"https:\/\/vieassociative.be\/actualites\/wp-content\/uploads\/2024\/11\/LETTRE-A-LA-REDACTION-\u2013-Audi-Bruxelles-dernier-avertissement-du.jpeg\",\"contentUrl\":\"https:\/\/vieassociative.be\/actualites\/wp-content\/uploads\/2024\/11\/LETTRE-A-LA-REDACTION-\u2013-Audi-Bruxelles-dernier-avertissement-du.jpeg\",\"width\":1024,\"height\":747,\"caption\":\"LETTRE \u00c0 LA R\u00c9DACTION \u2013 Audi Bruxelles, dernier avertissement du gouffre\"},{\"@type\":\"BreadcrumbList\",\"@id\":\"https:\/\/vieassociative.be\/actualites\/lettre-de-lettres-attaque-de-hornet-contre-les-cyclistes\/#breadcrumb\",\"itemListElement\":[{\"@type\":\"ListItem\",\"position\":1,\"name\":\"Accueil\",\"item\":\"https:\/\/vieassociative.be\/actualites\/\"},{\"@type\":\"ListItem\",\"position\":2,\"name\":\"Lettre de lettres &#8211; Attaque de Hornet contre les cyclistes\"}]},{\"@type\":\"WebSite\",\"@id\":\"https:\/\/vieassociative.be\/actualites\/#website\",\"url\":\"https:\/\/vieassociative.be\/actualites\/\",\"name\":\"Vie Associative\",\"description\":\"\",\"publisher\":{\"@id\":\"https:\/\/vieassociative.be\/actualites\/#organization\"},\"potentialAction\":[{\"@type\":\"SearchAction\",\"target\":{\"@type\":\"EntryPoint\",\"urlTemplate\":\"https:\/\/vieassociative.be\/actualites\/?s={search_term_string}\"},\"query-input\":{\"@type\":\"PropertyValueSpecification\",\"valueRequired\":true,\"valueName\":\"search_term_string\"}}],\"inLanguage\":\"fr-BE\"},{\"@type\":\"Organization\",\"@id\":\"https:\/\/vieassociative.be\/actualites\/#organization\",\"name\":\"Vie Associative\",\"url\":\"https:\/\/vieassociative.be\/actualites\/\",\"logo\":{\"@type\":\"ImageObject\",\"inLanguage\":\"fr-BE\",\"@id\":\"https:\/\/vieassociative.be\/actualites\/#\/schema\/logo\/image\/\",\"url\":\"https:\/\/vieassociative.be\/actualites\/wp-content\/uploads\/2024\/09\/cropped-vieassociative_favicon.ico.png\",\"contentUrl\":\"https:\/\/vieassociative.be\/actualites\/wp-content\/uploads\/2024\/09\/cropped-vieassociative_favicon.ico.png\",\"width\":512,\"height\":512,\"caption\":\"Vie Associative\"},\"image\":{\"@id\":\"https:\/\/vieassociative.be\/actualites\/#\/schema\/logo\/image\/\"}},{\"@type\":\"Person\",\"@id\":\"https:\/\/vieassociative.be\/actualites\/#\/schema\/person\/b87ac4f82f9d4e7b7cec7395b679edc4\",\"name\":\"Julien\",\"image\":{\"@type\":\"ImageObject\",\"inLanguage\":\"fr-BE\",\"@id\":\"https:\/\/vieassociative.be\/actualites\/#\/schema\/person\/image\/\",\"url\":\"https:\/\/vieassociative.be\/actualites\/wp-content\/uploads\/2024\/09\/vie-associative-1-150x150.jpg\",\"contentUrl\":\"https:\/\/vieassociative.be\/actualites\/wp-content\/uploads\/2024\/09\/vie-associative-1-150x150.jpg\",\"caption\":\"Julien\"},\"description\":\"Je suis Julien, r\u00e9dacteur pour Vie Associative. Passionn\u00e9 par le monde associatif depuis plus de 10 ans, j'ai \u00e0 c\u0153ur de partager des histoires inspirantes et de mettre en lumi\u00e8re les initiatives locales. Mon objectif est de sensibiliser et d'encourager l'engagement communautaire \u00e0 travers mes articles.\",\"sameAs\":[\"https:\/\/vieassociative.be\/\"]}]}<\/script>\n<!-- \/ Yoast SEO plugin. -->","yoast_head_json":{"title":"Lettre de lettres - Attaque de Hornet contre les cyclistes | Vie Associative","robots":{"index":"index","follow":"follow","max-snippet":"max-snippet:-1","max-image-preview":"max-image-preview:large","max-video-preview":"max-video-preview:-1"},"canonical":"https:\/\/vieassociative.be\/actualites\/lettre-de-lettres-attaque-de-hornet-contre-les-cyclistes\/","og_locale":"fr_FR","og_type":"article","og_title":"Lettre de lettres - Attaque de Hornet contre les cyclistes | Vie Associative","og_description":"D\u00e9tendez-vous \u00e0 v\u00e9lo \u00e0 travers la nature, \u00e0 part le bruit des voitures et l&rsquo;essence. Mais soudain, \u00e0 l&rsquo;improviste, un grand insecte sombre se plonge","og_url":"https:\/\/vieassociative.be\/actualites\/lettre-de-lettres-attaque-de-hornet-contre-les-cyclistes\/","og_site_name":"Vie Associative","article_published_time":"2025-08-21T14:17:05+00:00","og_image":[{"width":279,"height":92,"url":"https:\/\/vieassociative.be\/actualites\/wp-content\/uploads\/2024\/09\/header_backgroundk-01-e1726694325946.png","type":"image\/png"}],"author":"Julien","twitter_card":"summary_large_image","twitter_misc":{"\u00c9crit par":"Julien","Dur\u00e9e de lecture est.":"1 minute"},"schema":{"@context":"https:\/\/schema.org","@graph":[{"@type":"Article","@id":"https:\/\/vieassociative.be\/actualites\/lettre-de-lettres-attaque-de-hornet-contre-les-cyclistes\/#article","isPartOf":{"@id":"https:\/\/vieassociative.be\/actualites\/lettre-de-lettres-attaque-de-hornet-contre-les-cyclistes\/"},"author":{"name":"Julien","@id":"https:\/\/vieassociative.be\/actualites\/#\/schema\/person\/b87ac4f82f9d4e7b7cec7395b679edc4"},"headline":"Lettre de lettres &#8211; Attaque de Hornet contre les cyclistes","datePublished":"2025-08-21T14:17:05+00:00","dateModified":"2025-08-21T14:17:05+00:00","mainEntityOfPage":{"@id":"https:\/\/vieassociative.be\/actualites\/lettre-de-lettres-attaque-de-hornet-contre-les-cyclistes\/"},"wordCount":223,"publisher":{"@id":"https:\/\/vieassociative.be\/actualites\/#organization"},"image":{"@id":"https:\/\/vieassociative.be\/actualites\/lettre-de-lettres-attaque-de-hornet-contre-les-cyclistes\/#primaryimage"},"thumbnailUrl":"https:\/\/vieassociative.be\/actualites\/wp-content\/uploads\/2024\/11\/LETTRE-A-LA-REDACTION-\u2013-Audi-Bruxelles-dernier-avertissement-du.jpeg","keywords":["Attaque","contre","cyclistes","Hornet","Les","lettre","lettres"],"articleSection":["Belgique"],"inLanguage":"fr-BE"},{"@type":"WebPage","@id":"https:\/\/vieassociative.be\/actualites\/lettre-de-lettres-attaque-de-hornet-contre-les-cyclistes\/","url":"https:\/\/vieassociative.be\/actualites\/lettre-de-lettres-attaque-de-hornet-contre-les-cyclistes\/","name":"Lettre de lettres - Attaque de Hornet contre les cyclistes | Vie Associative","isPartOf":{"@id":"https:\/\/vieassociative.be\/actualites\/#website"},"primaryImageOfPage":{"@id":"https:\/\/vieassociative.be\/actualites\/lettre-de-lettres-attaque-de-hornet-contre-les-cyclistes\/#primaryimage"},"image":{"@id":"https:\/\/vieassociative.be\/actualites\/lettre-de-lettres-attaque-de-hornet-contre-les-cyclistes\/#primaryimage"},"thumbnailUrl":"https:\/\/vieassociative.be\/actualites\/wp-content\/uploads\/2024\/11\/LETTRE-A-LA-REDACTION-\u2013-Audi-Bruxelles-dernier-avertissement-du.jpeg","datePublished":"2025-08-21T14:17:05+00:00","dateModified":"2025-08-21T14:17:05+00:00","breadcrumb":{"@id":"https:\/\/vieassociative.be\/actualites\/lettre-de-lettres-attaque-de-hornet-contre-les-cyclistes\/#breadcrumb"},"inLanguage":"fr-BE","potentialAction":[{"@type":"ReadAction","target":["https:\/\/vieassociative.be\/actualites\/lettre-de-lettres-attaque-de-hornet-contre-les-cyclistes\/"]}]},{"@type":"ImageObject","inLanguage":"fr-BE","@id":"https:\/\/vieassociative.be\/actualites\/lettre-de-lettres-attaque-de-hornet-contre-les-cyclistes\/#primaryimage","url":"https:\/\/vieassociative.be\/actualites\/wp-content\/uploads\/2024\/11\/LETTRE-A-LA-REDACTION-\u2013-Audi-Bruxelles-dernier-avertissement-du.jpeg","contentUrl":"https:\/\/vieassociative.be\/actualites\/wp-content\/uploads\/2024\/11\/LETTRE-A-LA-REDACTION-\u2013-Audi-Bruxelles-dernier-avertissement-du.jpeg","width":1024,"height":747,"caption":"LETTRE \u00c0 LA R\u00c9DACTION \u2013 Audi Bruxelles, dernier avertissement du gouffre"},{"@type":"BreadcrumbList","@id":"https:\/\/vieassociative.be\/actualites\/lettre-de-lettres-attaque-de-hornet-contre-les-cyclistes\/#breadcrumb","itemListElement":[{"@type":"ListItem","position":1,"name":"Accueil","item":"https:\/\/vieassociative.be\/actualites\/"},{"@type":"ListItem","position":2,"name":"Lettre de lettres &#8211; Attaque de Hornet contre les cyclistes"}]},{"@type":"WebSite","@id":"https:\/\/vieassociative.be\/actualites\/#website","url":"https:\/\/vieassociative.be\/actualites\/","name":"Vie Associative","description":"","publisher":{"@id":"https:\/\/vieassociative.be\/actualites\/#organization"},"potentialAction":[{"@type":"SearchAction","target":{"@type":"EntryPoint","urlTemplate":"https:\/\/vieassociative.be\/actualites\/?s={search_term_string}"},"query-input":{"@type":"PropertyValueSpecification","valueRequired":true,"valueName":"search_term_string"}}],"inLanguage":"fr-BE"},{"@type":"Organization","@id":"https:\/\/vieassociative.be\/actualites\/#organization","name":"Vie Associative","url":"https:\/\/vieassociative.be\/actualites\/","logo":{"@type":"ImageObject","inLanguage":"fr-BE","@id":"https:\/\/vieassociative.be\/actualites\/#\/schema\/logo\/image\/","url":"https:\/\/vieassociative.be\/actualites\/wp-content\/uploads\/2024\/09\/cropped-vieassociative_favicon.ico.png","contentUrl":"https:\/\/vieassociative.be\/actualites\/wp-content\/uploads\/2024\/09\/cropped-vieassociative_favicon.ico.png","width":512,"height":512,"caption":"Vie Associative"},"image":{"@id":"https:\/\/vieassociative.be\/actualites\/#\/schema\/logo\/image\/"}},{"@type":"Person","@id":"https:\/\/vieassociative.be\/actualites\/#\/schema\/person\/b87ac4f82f9d4e7b7cec7395b679edc4","name":"Julien","image":{"@type":"ImageObject","inLanguage":"fr-BE","@id":"https:\/\/vieassociative.be\/actualites\/#\/schema\/person\/image\/","url":"https:\/\/vieassociative.be\/actualites\/wp-content\/uploads\/2024\/09\/vie-associative-1-150x150.jpg","contentUrl":"https:\/\/vieassociative.be\/actualites\/wp-content\/uploads\/2024\/09\/vie-associative-1-150x150.jpg","caption":"Julien"},"description":"Je suis Julien, r\u00e9dacteur pour Vie Associative. Passionn\u00e9 par le monde associatif depuis plus de 10 ans, j'ai \u00e0 c\u0153ur de partager des histoires inspirantes et de mettre en lumi\u00e8re les initiatives locales. Mon objectif est de sensibiliser et d'encourager l'engagement communautaire \u00e0 travers mes articles.","sameAs":["https:\/\/vieassociative.be\/"]}]}},"_links":{"self":[{"href":"https:\/\/vieassociative.be\/actualites\/wp-json\/wp\/v2\/posts\/9539"}],"collection":[{"href":"https:\/\/vieassociative.be\/actualites\/wp-json\/wp\/v2\/posts"}],"about":[{"href":"https:\/\/vieassociative.be\/actualites\/wp-json\/wp\/v2\/types\/post"}],"author":[{"embeddable":true,"href":"https:\/\/vieassociative.be\/actualites\/wp-json\/wp\/v2\/users\/1"}],"replies":[{"embeddable":true,"href":"https:\/\/vieassociative.be\/actualites\/wp-json\/wp\/v2\/comments?post=9539"}],"version-history":[{"count":0,"href":"https:\/\/vieassociative.be\/actualites\/wp-json\/wp\/v2\/posts\/9539\/revisions"}],"wp:featuredmedia":[{"embeddable":true,"href":"https:\/\/vieassociative.be\/actualites\/wp-json\/wp\/v2\/media\/2567"}],"wp:attachment":[{"href":"https:\/\/vieassociative.be\/actualites\/wp-json\/wp\/v2\/media?parent=9539"}],"wp:term":[{"taxonomy":"category","embeddable":true,"href":"https:\/\/vieassociative.be\/actualites\/wp-json\/wp\/v2\/categories?post=9539"},{"taxonomy":"post_tag","embeddable":true,"href":"https:\/\/vieassociative.be\/actualites\/wp-json\/wp\/v2\/tags?post=9539"}],"curies":[{"name":"wp","href":"https:\/\/api.w.org\/{rel}","templated":true}]}}