{"id":9535,"date":"2025-08-21T10:18:00","date_gmt":"2025-08-21T08:18:00","guid":{"rendered":"https:\/\/vieassociative.be\/actualites\/le-retour-des-pelerins-de-kevelaer-jubilee-hubert-chanttraine-etait-la-pour-la-60e-fois-galerie-de-photos\/"},"modified":"2025-08-21T10:18:00","modified_gmt":"2025-08-21T08:18:00","slug":"le-retour-des-pelerins-de-kevelaer-jubilee-hubert-chanttraine-etait-la-pour-la-60e-fois-galerie-de-photos","status":"publish","type":"post","link":"https:\/\/vieassociative.be\/actualites\/le-retour-des-pelerins-de-kevelaer-jubilee-hubert-chanttraine-etait-la-pour-la-60e-fois-galerie-de-photos\/","title":{"rendered":"Le retour des p\u00e8lerins de Kevelaer &#8211; Jubilee Hubert Chanttraine \u00e9tait l\u00e0 pour la 60e fois (galerie de photos)"},"content":{"rendered":"<p><strong>Le p\u00e8lerinage \u00e0 Kevelaer est l&rsquo;un des p\u00e8lerinages les plus connus dans les pays allemands et est l&rsquo;un des voyages les plus importants de Marienwall en Europe du Nord. Les p\u00e8lerins de Kevelaer de Belgique orientale sont retourn\u00e9s \u00e0 Eupen mercredi (voir la galerie de photos ci-dessous).<\/strong><\/p>\n<p><span id=\"more-422795\"><\/span>La ville de p\u00e8lerinage de Kevelaer est situ\u00e9e en bas \u00e0 gauche du Rhin inf\u00e9rieur dans le nord-ouest de l&rsquo;\u00c9tat du Rh\u00e9nanie du Nord-Westphalie.<\/p>\n<p>Le p\u00e8lerinage remonte \u00e0 1641. Un marchand de Weeze, Hendrick Busman, aurait entendu une voix d&rsquo;une mani\u00e8re de croix qui lui a demand\u00e9: \u00ab\u00a0\u00c0 ce stade, vous devriez me construire une chapelle.\u00a0\u00bb<\/p>\n<p>Peu de temps apr\u00e8s, une femme du nom de Mechel Schrouse, qui avait une vision de la Sainte M\u00e8re, a confirm\u00e9 la demande. Busman a construit une petite chapelle avec ses moyens modestes. L\u00e0, un mod\u00e8le de cuivre du \u00ab\u00a0Consolatrix afflictorum\u00a0\u00bb (couette de la triste) a \u00e9t\u00e9 mis en place &#8211; cette image est devenue une destination de p\u00e8lerinage.<\/p>\n<p>Les p\u00e8lerins ont rapidement afflu\u00e9 vers Kevelaer, en particulier au 17\u00e8me si\u00e8cle, lorsque la Rh\u00e9nanie a \u00e9t\u00e9 touch\u00e9e par la guerre, la peste et le besoin. De nombreuses audiences de gu\u00e9rison et de pri\u00e8re ont \u00e9t\u00e9 signal\u00e9es.<\/p>\n<div id=\"attachment_422838\" class=\"wp-caption alignleft\" style=\"max-width: 300px\"><img fetchpriority=\"high\" decoding=\"async\" class=\"wp-image-422838 size-medium\" src=\"https:\/\/vieassociative.be\/actualites\/wp-content\/uploads\/2025\/08\/Le-retour-des-pelerins-de-Kevelaer-Jubilee-Hubert-Chanttraine.jpg\" alt=\"\" width=\"300\" height=\"200\"  ><\/div>\n<p>L&rsquo;endroit s&rsquo;est rapidement d\u00e9velopp\u00e9 dans un centre de pi\u00e9t\u00e9 Marian. Chaque ann\u00e9e, entre environ 800 000 et un million de personnes font un p\u00e8lerinage \u00e0 Kevelaer. Les p\u00e8lerins viennent \u00e0 pied, en v\u00e9lo, en bus ou avec des trains sp\u00e9ciaux. Traditionnellement, il y a encore plusieurs p\u00e8lerinages \u00e0 pied (par exemple de Xanten, M\u00fcnster, Geldern, mais aussi des Pays-Bas).<\/p>\n<p>Kevelaer est consid\u00e9r\u00e9 comme un lieu de consolation, d&rsquo;intercession et de gu\u00e9rison. De nombreux p\u00e8lerins combinent le voyage avec des demandes de sant\u00e9, de paix ou de renforcement de la foi. C&rsquo;est aussi un lieu de rencontres \u0153cum\u00e9niques, bien que le p\u00e8lerinage soit fortement enracin\u00e9 dans la tradition catholique.<\/p>\n<p>Le p\u00e8lerinage entre Eupen et Kevelaer existe depuis 1956. Il est \u00e0 noter que dans l&rsquo;aspect actuel et les questions de personnes, les gens r\u00e9fl\u00e9chissent toujours aux choses simples et mettent \u00e0 pied \u00e0 pied.<\/p>\n<p>Cette ann\u00e9e, il y a eu un anniversaire tr\u00e8s sp\u00e9cial parmi les Eupener Kevelaer-Pilger: le Dr Hubert Chantraine d&rsquo;Eupen, 80 ans, gyn\u00e9cologue et ancien s\u00e9nateur, a particip\u00e9 au p\u00e8lerinage des pieds pour la 60e fois. (Cre)<\/p>\n<p><em><strong>Voici quelques photos du photographe Patrick von Staufenberg de l&rsquo;arriv\u00e9e des p\u00e8lerins Kevelaer \u00e0 Eupen mercredi (cliquez pour l&rsquo;\u00e9largissement):<\/strong><\/em><\/p>\n<div class=\"wp-gallery row\">\n<figure class=\"column small-6 medium-3 end\"><img decoding=\"async\" src=\"https:\/\/vieassociative.be\/actualites\/wp-content\/uploads\/2025\/08\/1755764279_554_Le-retour-des-pelerins-de-Kevelaer-Jubilee-Hubert-Chanttraine.jpg\" width=\"159\" height=\"159\" alt=\"\"><\/figure>\n<figure class=\"column small-6 medium-3 end\"><img decoding=\"async\" src=\"https:\/\/vieassociative.be\/actualites\/wp-content\/uploads\/2025\/08\/1755764279_572_Le-retour-des-pelerins-de-Kevelaer-Jubilee-Hubert-Chanttraine.jpg\" width=\"159\" height=\"159\" alt=\"\"><\/figure>\n<figure class=\"column small-6 medium-3 end\"><img loading=\"lazy\" decoding=\"async\" src=\"https:\/\/vieassociative.be\/actualites\/wp-content\/uploads\/2025\/08\/1755764279_779_Le-retour-des-pelerins-de-Kevelaer-Jubilee-Hubert-Chanttraine.jpg\" width=\"159\" height=\"159\" alt=\"\"><\/figure>\n<figure class=\"column small-6 medium-3 end\"><img loading=\"lazy\" decoding=\"async\" src=\"https:\/\/vieassociative.be\/actualites\/wp-content\/uploads\/2025\/08\/1755764279_723_Le-retour-des-pelerins-de-Kevelaer-Jubilee-Hubert-Chanttraine.jpg\" width=\"159\" height=\"159\" alt=\"\"><\/figure>\n<figure class=\"column small-6 medium-3 end\"><img loading=\"lazy\" decoding=\"async\" src=\"https:\/\/vieassociative.be\/actualites\/wp-content\/uploads\/2025\/08\/1755764279_902_Le-retour-des-pelerins-de-Kevelaer-Jubilee-Hubert-Chanttraine.jpg\" width=\"159\" height=\"159\" alt=\"\"><\/figure>\n<figure class=\"column small-6 medium-3 end\"><img loading=\"lazy\" decoding=\"async\" src=\"https:\/\/vieassociative.be\/actualites\/wp-content\/uploads\/2025\/08\/1755764279_727_Le-retour-des-pelerins-de-Kevelaer-Jubilee-Hubert-Chanttraine.jpg\" width=\"159\" height=\"159\" alt=\"\"><\/figure>\n<figure class=\"column small-6 medium-3 end\"><img loading=\"lazy\" decoding=\"async\" src=\"https:\/\/vieassociative.be\/actualites\/wp-content\/uploads\/2025\/08\/1755764279_901_Le-retour-des-pelerins-de-Kevelaer-Jubilee-Hubert-Chanttraine.jpg\" width=\"159\" height=\"159\" alt=\"\"><\/figure>\n<figure class=\"column small-6 medium-3 end\"><img loading=\"lazy\" decoding=\"async\" src=\"https:\/\/vieassociative.be\/actualites\/wp-content\/uploads\/2025\/08\/1755764279_252_Le-retour-des-pelerins-de-Kevelaer-Jubilee-Hubert-Chanttraine.jpg\" width=\"159\" height=\"159\" alt=\"\"><\/figure>\n<figure class=\"column small-6 medium-3 end\"><img loading=\"lazy\" decoding=\"async\" src=\"https:\/\/vieassociative.be\/actualites\/wp-content\/uploads\/2025\/08\/1755764279_998_Le-retour-des-pelerins-de-Kevelaer-Jubilee-Hubert-Chanttraine.jpg\" width=\"159\" height=\"159\" alt=\"\"><\/figure>\n<figure class=\"column small-6 medium-3 end\"><img loading=\"lazy\" decoding=\"async\" src=\"https:\/\/vieassociative.be\/actualites\/wp-content\/uploads\/2025\/08\/1755764279_365_Le-retour-des-pelerins-de-Kevelaer-Jubilee-Hubert-Chanttraine.jpg\" width=\"159\" height=\"159\" alt=\"\"><\/figure>\n<figure class=\"column small-6 medium-3 end\"><img loading=\"lazy\" decoding=\"async\" src=\"https:\/\/vieassociative.be\/actualites\/wp-content\/uploads\/2025\/08\/1755764280_702_Le-retour-des-pelerins-de-Kevelaer-Jubilee-Hubert-Chanttraine.jpg\" width=\"159\" height=\"159\" alt=\"\"><\/figure>\n<figure class=\"column small-6 medium-3 end\"><img loading=\"lazy\" decoding=\"async\" src=\"https:\/\/vieassociative.be\/actualites\/wp-content\/uploads\/2025\/08\/1755764280_912_Le-retour-des-pelerins-de-Kevelaer-Jubilee-Hubert-Chanttraine.jpg\" width=\"159\" height=\"159\" alt=\"\"><\/figure>\n<figure class=\"column small-6 medium-3 end\"><img loading=\"lazy\" decoding=\"async\" src=\"https:\/\/vieassociative.be\/actualites\/wp-content\/uploads\/2025\/08\/1755764280_607_Le-retour-des-pelerins-de-Kevelaer-Jubilee-Hubert-Chanttraine.jpg\" width=\"159\" height=\"159\" alt=\"\"><\/figure>\n<figure class=\"column small-6 medium-3 end\"><img loading=\"lazy\" decoding=\"async\" src=\"https:\/\/vieassociative.be\/actualites\/wp-content\/uploads\/2025\/08\/1755764280_199_Le-retour-des-pelerins-de-Kevelaer-Jubilee-Hubert-Chanttraine.jpg\" width=\"159\" height=\"159\" alt=\"\"><\/figure>\n<figure class=\"column small-6 medium-3 end\"><img loading=\"lazy\" decoding=\"async\" src=\"https:\/\/vieassociative.be\/actualites\/wp-content\/uploads\/2025\/08\/1755764280_671_Le-retour-des-pelerins-de-Kevelaer-Jubilee-Hubert-Chanttraine.jpg\" width=\"159\" height=\"159\" alt=\"\"><\/figure>\n<figure class=\"column small-6 medium-3 end\"><img loading=\"lazy\" decoding=\"async\" src=\"https:\/\/vieassociative.be\/actualites\/wp-content\/uploads\/2025\/08\/1755764280_212_Le-retour-des-pelerins-de-Kevelaer-Jubilee-Hubert-Chanttraine.jpg\" width=\"159\" height=\"159\" alt=\"\"><\/figure>\n<figure class=\"column small-6 medium-3 end\"><img loading=\"lazy\" decoding=\"async\" src=\"https:\/\/vieassociative.be\/actualites\/wp-content\/uploads\/2025\/08\/1755764280_482_Le-retour-des-pelerins-de-Kevelaer-Jubilee-Hubert-Chanttraine.jpg\" width=\"159\" height=\"159\" alt=\"\"><\/figure>\n<figure class=\"column small-6 medium-3 end\"><img loading=\"lazy\" decoding=\"async\" src=\"https:\/\/vieassociative.be\/actualites\/wp-content\/uploads\/2025\/08\/1755764280_65_Le-retour-des-pelerins-de-Kevelaer-Jubilee-Hubert-Chanttraine.jpg\" width=\"159\" height=\"159\" alt=\"\"><\/figure>\n<figure class=\"column small-6 medium-3 end\"><img loading=\"lazy\" decoding=\"async\" src=\"https:\/\/vieassociative.be\/actualites\/wp-content\/uploads\/2025\/08\/1755764280_999_Le-retour-des-pelerins-de-Kevelaer-Jubilee-Hubert-Chanttraine.jpg\" width=\"159\" height=\"159\" alt=\"\"><\/figure>\n<figure class=\"column small-6 medium-3 end\"><img loading=\"lazy\" decoding=\"async\" src=\"https:\/\/vieassociative.be\/actualites\/wp-content\/uploads\/2025\/08\/1755764280_895_Le-retour-des-pelerins-de-Kevelaer-Jubilee-Hubert-Chanttraine.jpg\" width=\"159\" height=\"159\" alt=\"\"><\/figure>\n<figure class=\"column small-6 medium-3 end\"><img loading=\"lazy\" decoding=\"async\" src=\"https:\/\/vieassociative.be\/actualites\/wp-content\/uploads\/2025\/08\/1755764280_711_Le-retour-des-pelerins-de-Kevelaer-Jubilee-Hubert-Chanttraine.jpg\" width=\"159\" height=\"159\" alt=\"\"><\/figure>\n<figure class=\"column small-6 medium-3 end\"><img loading=\"lazy\" decoding=\"async\" src=\"https:\/\/vieassociative.be\/actualites\/wp-content\/uploads\/2025\/08\/1755764280_394_Le-retour-des-pelerins-de-Kevelaer-Jubilee-Hubert-Chanttraine.jpg\" width=\"159\" height=\"159\" alt=\"\"><\/figure>\n<figure class=\"column small-6 medium-3 end\"><img loading=\"lazy\" decoding=\"async\" src=\"https:\/\/vieassociative.be\/actualites\/wp-content\/uploads\/2025\/08\/1755764280_984_Le-retour-des-pelerins-de-Kevelaer-Jubilee-Hubert-Chanttraine.jpg\" width=\"159\" height=\"159\" alt=\"\"><\/figure>\n<figure class=\"column small-6 medium-3 end\"><img loading=\"lazy\" decoding=\"async\" src=\"https:\/\/vieassociative.be\/actualites\/wp-content\/uploads\/2025\/08\/1755764280_691_Le-retour-des-pelerins-de-Kevelaer-Jubilee-Hubert-Chanttraine.jpg\" width=\"159\" height=\"159\" alt=\"\"><\/figure>\n<\/div>\n","protected":false},"excerpt":{"rendered":"<p>Le p\u00e8lerinage \u00e0 Kevelaer est l&rsquo;un des p\u00e8lerinages les plus connus dans les pays allemands et est l&rsquo;un des voyages les plus importants de Marienwall<\/p>\n","protected":false},"author":1,"featured_media":9536,"comment_status":"","ping_status":"","sticky":false,"template":"","format":"standard","meta":{"footnotes":""},"categories":[298],"tags":[8248,8247,29,3854,774,3257,8246,8245,8244,1293,8243,283,81,787],"class_list":["post-9535","post","type-post","status-publish","format-standard","has-post-thumbnail","hentry","category-belgique","tag-60e","tag-chanttraine","tag-des","tag-etait","tag-fois","tag-galerie","tag-hubert","tag-jubilee","tag-kevelaer","tag-la","tag-pelerins","tag-photos","tag-pour","tag-retour","generate-columns","tablet-grid-50","mobile-grid-100","grid-parent","grid-33"],"yoast_head":"<!-- This site is optimized with the Yoast SEO plugin v24.0 - https:\/\/yoast.com\/wordpress\/plugins\/seo\/ -->\n<title>Le retour des p\u00e8lerins de Kevelaer - Jubilee Hubert Chanttraine \u00e9tait l\u00e0 pour la 60e fois (galerie de photos) | Vie Associative<\/title>\n<meta name=\"robots\" content=\"index, follow, max-snippet:-1, max-image-preview:large, max-video-preview:-1\" \/>\n<link rel=\"canonical\" href=\"https:\/\/vieassociative.be\/actualites\/le-retour-des-pelerins-de-kevelaer-jubilee-hubert-chanttraine-etait-la-pour-la-60e-fois-galerie-de-photos\/\" \/>\n<meta property=\"og:locale\" content=\"fr_FR\" \/>\n<meta property=\"og:type\" content=\"article\" \/>\n<meta property=\"og:title\" content=\"Le retour des p\u00e8lerins de Kevelaer - Jubilee Hubert Chanttraine \u00e9tait l\u00e0 pour la 60e fois (galerie de photos) | Vie Associative\" \/>\n<meta property=\"og:description\" content=\"Le p\u00e8lerinage \u00e0 Kevelaer est l&rsquo;un des p\u00e8lerinages les plus connus dans les pays allemands et est l&rsquo;un des voyages les plus importants de Marienwall\" \/>\n<meta property=\"og:url\" content=\"https:\/\/vieassociative.be\/actualites\/le-retour-des-pelerins-de-kevelaer-jubilee-hubert-chanttraine-etait-la-pour-la-60e-fois-galerie-de-photos\/\" \/>\n<meta property=\"og:site_name\" content=\"Vie Associative\" \/>\n<meta property=\"article:published_time\" content=\"2025-08-21T08:18:00+00:00\" \/>\n<meta property=\"og:image\" content=\"https:\/\/vieassociative.be\/actualites\/wp-content\/uploads\/2024\/09\/header_backgroundk-01-e1726694325946.png\" \/>\n\t<meta property=\"og:image:width\" content=\"279\" \/>\n\t<meta property=\"og:image:height\" content=\"92\" \/>\n\t<meta property=\"og:image:type\" content=\"image\/png\" \/>\n<meta name=\"author\" content=\"Julien\" \/>\n<meta name=\"twitter:card\" content=\"summary_large_image\" \/>\n<meta name=\"twitter:label1\" content=\"\u00c9crit par\" \/>\n\t<meta name=\"twitter:data1\" content=\"Julien\" \/>\n\t<meta name=\"twitter:label2\" content=\"Dur\u00e9e de lecture est.\" \/>\n\t<meta name=\"twitter:data2\" content=\"2 minutes\" \/>\n<script type=\"application\/ld+json\" class=\"yoast-schema-graph\">{\"@context\":\"https:\/\/schema.org\",\"@graph\":[{\"@type\":\"Article\",\"@id\":\"https:\/\/vieassociative.be\/actualites\/le-retour-des-pelerins-de-kevelaer-jubilee-hubert-chanttraine-etait-la-pour-la-60e-fois-galerie-de-photos\/#article\",\"isPartOf\":{\"@id\":\"https:\/\/vieassociative.be\/actualites\/le-retour-des-pelerins-de-kevelaer-jubilee-hubert-chanttraine-etait-la-pour-la-60e-fois-galerie-de-photos\/\"},\"author\":{\"name\":\"Julien\",\"@id\":\"https:\/\/vieassociative.be\/actualites\/#\/schema\/person\/b87ac4f82f9d4e7b7cec7395b679edc4\"},\"headline\":\"Le retour des p\u00e8lerins de Kevelaer &#8211; Jubilee Hubert Chanttraine \u00e9tait l\u00e0 pour la 60e fois (galerie de photos)\",\"datePublished\":\"2025-08-21T08:18:00+00:00\",\"dateModified\":\"2025-08-21T08:18:00+00:00\",\"mainEntityOfPage\":{\"@id\":\"https:\/\/vieassociative.be\/actualites\/le-retour-des-pelerins-de-kevelaer-jubilee-hubert-chanttraine-etait-la-pour-la-60e-fois-galerie-de-photos\/\"},\"wordCount\":458,\"publisher\":{\"@id\":\"https:\/\/vieassociative.be\/actualites\/#organization\"},\"image\":{\"@id\":\"https:\/\/vieassociative.be\/actualites\/le-retour-des-pelerins-de-kevelaer-jubilee-hubert-chanttraine-etait-la-pour-la-60e-fois-galerie-de-photos\/#primaryimage\"},\"thumbnailUrl\":\"https:\/\/vieassociative.be\/actualites\/wp-content\/uploads\/2025\/08\/1755764283_Le-retour-des-pelerins-de-Kevelaer-Jubilee-Hubert-Chanttraine.jpg\",\"keywords\":[\"60e\",\"Chanttraine\",\"Des\",\"\u00e9tait\",\"fois\",\"galerie\",\"Hubert\",\"Jubilee\",\"Kevelaer\",\"l\u00e0\",\"p\u00e8lerins\",\"Photos\",\"pour\",\"retour\"],\"articleSection\":[\"Belgique\"],\"inLanguage\":\"fr-BE\"},{\"@type\":\"WebPage\",\"@id\":\"https:\/\/vieassociative.be\/actualites\/le-retour-des-pelerins-de-kevelaer-jubilee-hubert-chanttraine-etait-la-pour-la-60e-fois-galerie-de-photos\/\",\"url\":\"https:\/\/vieassociative.be\/actualites\/le-retour-des-pelerins-de-kevelaer-jubilee-hubert-chanttraine-etait-la-pour-la-60e-fois-galerie-de-photos\/\",\"name\":\"Le retour des p\u00e8lerins de Kevelaer - Jubilee Hubert Chanttraine \u00e9tait l\u00e0 pour la 60e fois (galerie de photos) | Vie Associative\",\"isPartOf\":{\"@id\":\"https:\/\/vieassociative.be\/actualites\/#website\"},\"primaryImageOfPage\":{\"@id\":\"https:\/\/vieassociative.be\/actualites\/le-retour-des-pelerins-de-kevelaer-jubilee-hubert-chanttraine-etait-la-pour-la-60e-fois-galerie-de-photos\/#primaryimage\"},\"image\":{\"@id\":\"https:\/\/vieassociative.be\/actualites\/le-retour-des-pelerins-de-kevelaer-jubilee-hubert-chanttraine-etait-la-pour-la-60e-fois-galerie-de-photos\/#primaryimage\"},\"thumbnailUrl\":\"https:\/\/vieassociative.be\/actualites\/wp-content\/uploads\/2025\/08\/1755764283_Le-retour-des-pelerins-de-Kevelaer-Jubilee-Hubert-Chanttraine.jpg\",\"datePublished\":\"2025-08-21T08:18:00+00:00\",\"dateModified\":\"2025-08-21T08:18:00+00:00\",\"breadcrumb\":{\"@id\":\"https:\/\/vieassociative.be\/actualites\/le-retour-des-pelerins-de-kevelaer-jubilee-hubert-chanttraine-etait-la-pour-la-60e-fois-galerie-de-photos\/#breadcrumb\"},\"inLanguage\":\"fr-BE\",\"potentialAction\":[{\"@type\":\"ReadAction\",\"target\":[\"https:\/\/vieassociative.be\/actualites\/le-retour-des-pelerins-de-kevelaer-jubilee-hubert-chanttraine-etait-la-pour-la-60e-fois-galerie-de-photos\/\"]}]},{\"@type\":\"ImageObject\",\"inLanguage\":\"fr-BE\",\"@id\":\"https:\/\/vieassociative.be\/actualites\/le-retour-des-pelerins-de-kevelaer-jubilee-hubert-chanttraine-etait-la-pour-la-60e-fois-galerie-de-photos\/#primaryimage\",\"url\":\"https:\/\/vieassociative.be\/actualites\/wp-content\/uploads\/2025\/08\/1755764283_Le-retour-des-pelerins-de-Kevelaer-Jubilee-Hubert-Chanttraine.jpg\",\"contentUrl\":\"https:\/\/vieassociative.be\/actualites\/wp-content\/uploads\/2025\/08\/1755764283_Le-retour-des-pelerins-de-Kevelaer-Jubilee-Hubert-Chanttraine.jpg\",\"width\":1159,\"height\":774,\"caption\":\"Le retour des p\u00e8lerins de Kevelaer - Jubilee Hubert Chanttraine \u00e9tait l\u00e0 pour la 60e fois (galerie de photos)\"},{\"@type\":\"BreadcrumbList\",\"@id\":\"https:\/\/vieassociative.be\/actualites\/le-retour-des-pelerins-de-kevelaer-jubilee-hubert-chanttraine-etait-la-pour-la-60e-fois-galerie-de-photos\/#breadcrumb\",\"itemListElement\":[{\"@type\":\"ListItem\",\"position\":1,\"name\":\"Accueil\",\"item\":\"https:\/\/vieassociative.be\/actualites\/\"},{\"@type\":\"ListItem\",\"position\":2,\"name\":\"Le retour des p\u00e8lerins de Kevelaer &#8211; Jubilee Hubert Chanttraine \u00e9tait l\u00e0 pour la 60e fois (galerie de photos)\"}]},{\"@type\":\"WebSite\",\"@id\":\"https:\/\/vieassociative.be\/actualites\/#website\",\"url\":\"https:\/\/vieassociative.be\/actualites\/\",\"name\":\"Vie Associative\",\"description\":\"\",\"publisher\":{\"@id\":\"https:\/\/vieassociative.be\/actualites\/#organization\"},\"potentialAction\":[{\"@type\":\"SearchAction\",\"target\":{\"@type\":\"EntryPoint\",\"urlTemplate\":\"https:\/\/vieassociative.be\/actualites\/?s={search_term_string}\"},\"query-input\":{\"@type\":\"PropertyValueSpecification\",\"valueRequired\":true,\"valueName\":\"search_term_string\"}}],\"inLanguage\":\"fr-BE\"},{\"@type\":\"Organization\",\"@id\":\"https:\/\/vieassociative.be\/actualites\/#organization\",\"name\":\"Vie Associative\",\"url\":\"https:\/\/vieassociative.be\/actualites\/\",\"logo\":{\"@type\":\"ImageObject\",\"inLanguage\":\"fr-BE\",\"@id\":\"https:\/\/vieassociative.be\/actualites\/#\/schema\/logo\/image\/\",\"url\":\"https:\/\/vieassociative.be\/actualites\/wp-content\/uploads\/2024\/09\/cropped-vieassociative_favicon.ico.png\",\"contentUrl\":\"https:\/\/vieassociative.be\/actualites\/wp-content\/uploads\/2024\/09\/cropped-vieassociative_favicon.ico.png\",\"width\":512,\"height\":512,\"caption\":\"Vie Associative\"},\"image\":{\"@id\":\"https:\/\/vieassociative.be\/actualites\/#\/schema\/logo\/image\/\"}},{\"@type\":\"Person\",\"@id\":\"https:\/\/vieassociative.be\/actualites\/#\/schema\/person\/b87ac4f82f9d4e7b7cec7395b679edc4\",\"name\":\"Julien\",\"image\":{\"@type\":\"ImageObject\",\"inLanguage\":\"fr-BE\",\"@id\":\"https:\/\/vieassociative.be\/actualites\/#\/schema\/person\/image\/\",\"url\":\"https:\/\/vieassociative.be\/actualites\/wp-content\/uploads\/2024\/09\/vie-associative-1-150x150.jpg\",\"contentUrl\":\"https:\/\/vieassociative.be\/actualites\/wp-content\/uploads\/2024\/09\/vie-associative-1-150x150.jpg\",\"caption\":\"Julien\"},\"description\":\"Je suis Julien, r\u00e9dacteur pour Vie Associative. Passionn\u00e9 par le monde associatif depuis plus de 10 ans, j'ai \u00e0 c\u0153ur de partager des histoires inspirantes et de mettre en lumi\u00e8re les initiatives locales. Mon objectif est de sensibiliser et d'encourager l'engagement communautaire \u00e0 travers mes articles.\",\"sameAs\":[\"https:\/\/vieassociative.be\/\"]}]}<\/script>\n<!-- \/ Yoast SEO plugin. -->","yoast_head_json":{"title":"Le retour des p\u00e8lerins de Kevelaer - Jubilee Hubert Chanttraine \u00e9tait l\u00e0 pour la 60e fois (galerie de photos) | Vie Associative","robots":{"index":"index","follow":"follow","max-snippet":"max-snippet:-1","max-image-preview":"max-image-preview:large","max-video-preview":"max-video-preview:-1"},"canonical":"https:\/\/vieassociative.be\/actualites\/le-retour-des-pelerins-de-kevelaer-jubilee-hubert-chanttraine-etait-la-pour-la-60e-fois-galerie-de-photos\/","og_locale":"fr_FR","og_type":"article","og_title":"Le retour des p\u00e8lerins de Kevelaer - Jubilee Hubert Chanttraine \u00e9tait l\u00e0 pour la 60e fois (galerie de photos) | Vie Associative","og_description":"Le p\u00e8lerinage \u00e0 Kevelaer est l&rsquo;un des p\u00e8lerinages les plus connus dans les pays allemands et est l&rsquo;un des voyages les plus importants de Marienwall","og_url":"https:\/\/vieassociative.be\/actualites\/le-retour-des-pelerins-de-kevelaer-jubilee-hubert-chanttraine-etait-la-pour-la-60e-fois-galerie-de-photos\/","og_site_name":"Vie Associative","article_published_time":"2025-08-21T08:18:00+00:00","og_image":[{"width":279,"height":92,"url":"https:\/\/vieassociative.be\/actualites\/wp-content\/uploads\/2024\/09\/header_backgroundk-01-e1726694325946.png","type":"image\/png"}],"author":"Julien","twitter_card":"summary_large_image","twitter_misc":{"\u00c9crit par":"Julien","Dur\u00e9e de lecture est.":"2 minutes"},"schema":{"@context":"https:\/\/schema.org","@graph":[{"@type":"Article","@id":"https:\/\/vieassociative.be\/actualites\/le-retour-des-pelerins-de-kevelaer-jubilee-hubert-chanttraine-etait-la-pour-la-60e-fois-galerie-de-photos\/#article","isPartOf":{"@id":"https:\/\/vieassociative.be\/actualites\/le-retour-des-pelerins-de-kevelaer-jubilee-hubert-chanttraine-etait-la-pour-la-60e-fois-galerie-de-photos\/"},"author":{"name":"Julien","@id":"https:\/\/vieassociative.be\/actualites\/#\/schema\/person\/b87ac4f82f9d4e7b7cec7395b679edc4"},"headline":"Le retour des p\u00e8lerins de Kevelaer &#8211; Jubilee Hubert Chanttraine \u00e9tait l\u00e0 pour la 60e fois (galerie de photos)","datePublished":"2025-08-21T08:18:00+00:00","dateModified":"2025-08-21T08:18:00+00:00","mainEntityOfPage":{"@id":"https:\/\/vieassociative.be\/actualites\/le-retour-des-pelerins-de-kevelaer-jubilee-hubert-chanttraine-etait-la-pour-la-60e-fois-galerie-de-photos\/"},"wordCount":458,"publisher":{"@id":"https:\/\/vieassociative.be\/actualites\/#organization"},"image":{"@id":"https:\/\/vieassociative.be\/actualites\/le-retour-des-pelerins-de-kevelaer-jubilee-hubert-chanttraine-etait-la-pour-la-60e-fois-galerie-de-photos\/#primaryimage"},"thumbnailUrl":"https:\/\/vieassociative.be\/actualites\/wp-content\/uploads\/2025\/08\/1755764283_Le-retour-des-pelerins-de-Kevelaer-Jubilee-Hubert-Chanttraine.jpg","keywords":["60e","Chanttraine","Des","\u00e9tait","fois","galerie","Hubert","Jubilee","Kevelaer","l\u00e0","p\u00e8lerins","Photos","pour","retour"],"articleSection":["Belgique"],"inLanguage":"fr-BE"},{"@type":"WebPage","@id":"https:\/\/vieassociative.be\/actualites\/le-retour-des-pelerins-de-kevelaer-jubilee-hubert-chanttraine-etait-la-pour-la-60e-fois-galerie-de-photos\/","url":"https:\/\/vieassociative.be\/actualites\/le-retour-des-pelerins-de-kevelaer-jubilee-hubert-chanttraine-etait-la-pour-la-60e-fois-galerie-de-photos\/","name":"Le retour des p\u00e8lerins de Kevelaer - Jubilee Hubert Chanttraine \u00e9tait l\u00e0 pour la 60e fois (galerie de photos) | Vie Associative","isPartOf":{"@id":"https:\/\/vieassociative.be\/actualites\/#website"},"primaryImageOfPage":{"@id":"https:\/\/vieassociative.be\/actualites\/le-retour-des-pelerins-de-kevelaer-jubilee-hubert-chanttraine-etait-la-pour-la-60e-fois-galerie-de-photos\/#primaryimage"},"image":{"@id":"https:\/\/vieassociative.be\/actualites\/le-retour-des-pelerins-de-kevelaer-jubilee-hubert-chanttraine-etait-la-pour-la-60e-fois-galerie-de-photos\/#primaryimage"},"thumbnailUrl":"https:\/\/vieassociative.be\/actualites\/wp-content\/uploads\/2025\/08\/1755764283_Le-retour-des-pelerins-de-Kevelaer-Jubilee-Hubert-Chanttraine.jpg","datePublished":"2025-08-21T08:18:00+00:00","dateModified":"2025-08-21T08:18:00+00:00","breadcrumb":{"@id":"https:\/\/vieassociative.be\/actualites\/le-retour-des-pelerins-de-kevelaer-jubilee-hubert-chanttraine-etait-la-pour-la-60e-fois-galerie-de-photos\/#breadcrumb"},"inLanguage":"fr-BE","potentialAction":[{"@type":"ReadAction","target":["https:\/\/vieassociative.be\/actualites\/le-retour-des-pelerins-de-kevelaer-jubilee-hubert-chanttraine-etait-la-pour-la-60e-fois-galerie-de-photos\/"]}]},{"@type":"ImageObject","inLanguage":"fr-BE","@id":"https:\/\/vieassociative.be\/actualites\/le-retour-des-pelerins-de-kevelaer-jubilee-hubert-chanttraine-etait-la-pour-la-60e-fois-galerie-de-photos\/#primaryimage","url":"https:\/\/vieassociative.be\/actualites\/wp-content\/uploads\/2025\/08\/1755764283_Le-retour-des-pelerins-de-Kevelaer-Jubilee-Hubert-Chanttraine.jpg","contentUrl":"https:\/\/vieassociative.be\/actualites\/wp-content\/uploads\/2025\/08\/1755764283_Le-retour-des-pelerins-de-Kevelaer-Jubilee-Hubert-Chanttraine.jpg","width":1159,"height":774,"caption":"Le retour des p\u00e8lerins de Kevelaer - Jubilee Hubert Chanttraine \u00e9tait l\u00e0 pour la 60e fois (galerie de photos)"},{"@type":"BreadcrumbList","@id":"https:\/\/vieassociative.be\/actualites\/le-retour-des-pelerins-de-kevelaer-jubilee-hubert-chanttraine-etait-la-pour-la-60e-fois-galerie-de-photos\/#breadcrumb","itemListElement":[{"@type":"ListItem","position":1,"name":"Accueil","item":"https:\/\/vieassociative.be\/actualites\/"},{"@type":"ListItem","position":2,"name":"Le retour des p\u00e8lerins de Kevelaer &#8211; Jubilee Hubert Chanttraine \u00e9tait l\u00e0 pour la 60e fois (galerie de photos)"}]},{"@type":"WebSite","@id":"https:\/\/vieassociative.be\/actualites\/#website","url":"https:\/\/vieassociative.be\/actualites\/","name":"Vie Associative","description":"","publisher":{"@id":"https:\/\/vieassociative.be\/actualites\/#organization"},"potentialAction":[{"@type":"SearchAction","target":{"@type":"EntryPoint","urlTemplate":"https:\/\/vieassociative.be\/actualites\/?s={search_term_string}"},"query-input":{"@type":"PropertyValueSpecification","valueRequired":true,"valueName":"search_term_string"}}],"inLanguage":"fr-BE"},{"@type":"Organization","@id":"https:\/\/vieassociative.be\/actualites\/#organization","name":"Vie Associative","url":"https:\/\/vieassociative.be\/actualites\/","logo":{"@type":"ImageObject","inLanguage":"fr-BE","@id":"https:\/\/vieassociative.be\/actualites\/#\/schema\/logo\/image\/","url":"https:\/\/vieassociative.be\/actualites\/wp-content\/uploads\/2024\/09\/cropped-vieassociative_favicon.ico.png","contentUrl":"https:\/\/vieassociative.be\/actualites\/wp-content\/uploads\/2024\/09\/cropped-vieassociative_favicon.ico.png","width":512,"height":512,"caption":"Vie Associative"},"image":{"@id":"https:\/\/vieassociative.be\/actualites\/#\/schema\/logo\/image\/"}},{"@type":"Person","@id":"https:\/\/vieassociative.be\/actualites\/#\/schema\/person\/b87ac4f82f9d4e7b7cec7395b679edc4","name":"Julien","image":{"@type":"ImageObject","inLanguage":"fr-BE","@id":"https:\/\/vieassociative.be\/actualites\/#\/schema\/person\/image\/","url":"https:\/\/vieassociative.be\/actualites\/wp-content\/uploads\/2024\/09\/vie-associative-1-150x150.jpg","contentUrl":"https:\/\/vieassociative.be\/actualites\/wp-content\/uploads\/2024\/09\/vie-associative-1-150x150.jpg","caption":"Julien"},"description":"Je suis Julien, r\u00e9dacteur pour Vie Associative. Passionn\u00e9 par le monde associatif depuis plus de 10 ans, j'ai \u00e0 c\u0153ur de partager des histoires inspirantes et de mettre en lumi\u00e8re les initiatives locales. Mon objectif est de sensibiliser et d'encourager l'engagement communautaire \u00e0 travers mes articles.","sameAs":["https:\/\/vieassociative.be\/"]}]}},"_links":{"self":[{"href":"https:\/\/vieassociative.be\/actualites\/wp-json\/wp\/v2\/posts\/9535"}],"collection":[{"href":"https:\/\/vieassociative.be\/actualites\/wp-json\/wp\/v2\/posts"}],"about":[{"href":"https:\/\/vieassociative.be\/actualites\/wp-json\/wp\/v2\/types\/post"}],"author":[{"embeddable":true,"href":"https:\/\/vieassociative.be\/actualites\/wp-json\/wp\/v2\/users\/1"}],"replies":[{"embeddable":true,"href":"https:\/\/vieassociative.be\/actualites\/wp-json\/wp\/v2\/comments?post=9535"}],"version-history":[{"count":0,"href":"https:\/\/vieassociative.be\/actualites\/wp-json\/wp\/v2\/posts\/9535\/revisions"}],"wp:featuredmedia":[{"embeddable":true,"href":"https:\/\/vieassociative.be\/actualites\/wp-json\/wp\/v2\/media\/9536"}],"wp:attachment":[{"href":"https:\/\/vieassociative.be\/actualites\/wp-json\/wp\/v2\/media?parent=9535"}],"wp:term":[{"taxonomy":"category","embeddable":true,"href":"https:\/\/vieassociative.be\/actualites\/wp-json\/wp\/v2\/categories?post=9535"},{"taxonomy":"post_tag","embeddable":true,"href":"https:\/\/vieassociative.be\/actualites\/wp-json\/wp\/v2\/tags?post=9535"}],"curies":[{"name":"wp","href":"https:\/\/api.w.org\/{rel}","templated":true}]}}