{"id":953,"date":"2024-10-07T14:20:10","date_gmt":"2024-10-07T12:20:10","guid":{"rendered":"https:\/\/vieassociative.be\/actualites\/utilisez-les-offres-early-prime-day-damazon-pour-obtenir-un-purificateur-dair\/"},"modified":"2024-10-07T14:20:10","modified_gmt":"2024-10-07T12:20:10","slug":"utilisez-les-offres-early-prime-day-damazon-pour-obtenir-un-purificateur-dair","status":"publish","type":"post","link":"https:\/\/vieassociative.be\/actualites\/utilisez-les-offres-early-prime-day-damazon-pour-obtenir-un-purificateur-dair\/","title":{"rendered":"Utilisez les offres Early Prime Day d&rsquo;Amazon pour obtenir un purificateur d&rsquo;air"},"content":{"rendered":"<div class=\"mt-4 leading-6 md:mb-8\">Vous pouvez vous procurer un purificateur d\u2019air de qualit\u00e9 sans vous ruiner.<\/div>\n<p><\/p>\n<p>Deux choses se produisent cet automne : premi\u00e8rement, Amazon organise son Prime Day d&rsquo;octobre la semaine prochaine, les 8 et 9 octobre. Deuxi\u00e8mement, j&rsquo;ai beaucoup \u00e9ternu\u00e9. Genre, beaucoup. J&rsquo;\u00e9ternue plus qu&rsquo;au printemps, c&rsquo;est s\u00fbr, et j&rsquo;en ai marre. J&rsquo;ai des allergies d&rsquo;automne, j&rsquo;ai donc cherch\u00e9 \u00e0 me procurer un nouveau purificateur d&rsquo;air, ce qui me ram\u00e8ne \u00e0 ce premier \u00e9v\u00e9nement automnal que j&rsquo;ai mentionn\u00e9. J&rsquo;ai trouv\u00e9 un purificateur qui est actuellement en vente dans le cadre de la promotion des premi\u00e8res offres. <\/p>\n<h2 id=\"this-levoit-air-purifier-is-15999\">Ce purificateur d&rsquo;air Levoit co\u00fbte 159,99 $<\/h2>\n<p>Normalement 189,99 $, c&rsquo;est seulement 159,99 $ pour les vacances de shopping. Ce que j&rsquo;aime dans celui-ci, c&rsquo;est sa taille compacte : 15,6 pouces de diam\u00e8tre, 8,5 pouces de largeur et un peu moins de 20 pouces de hauteur. Mon vieux purificateur d&rsquo;air, dont je me suis d\u00e9t\u00e9rior\u00e9 ces derniers temps, est beaucoup plus gros que \u00e7a, donc en plus d&rsquo;\u00eatre inefficace, il est \u00e9norme. Le Levoit, cependant, est beaucoup plus petit et peut purifier l\u2019air jusqu\u2019\u00e0 1 800 pieds carr\u00e9s. <\/p>\n<p>Il est \u00e9galement con\u00e7u sp\u00e9cialement pour les personnes allergiques, \u00e9liminant l&rsquo;air du pollen, des poils d&rsquo;animaux, des squames et de la poussi\u00e8re. Il dispose de deux entr\u00e9es d&rsquo;air pour une admission plus rapide, avec une efficacit\u00e9 de filtration de 99,97 %. De plus, il est li\u00e9 \u00e0 une application t\u00e9l\u00e9phonique ou \u00e0 votre appareil domestique intelligent. <\/p>\n<p>Ce que j&rsquo;aime beaucoup dans le purificateur d&rsquo;air Levoit, ce sont ses filtres lavables. La marque rend ses filtres faciles \u00e0 nettoyer avec de l\u2019eau, ce que j\u2019appr\u00e9cie en tant que paresseux. <\/p>\n<h2 id=\"this-is-the-levoits-lowest-price-ever\">C&rsquo;est le prix le plus bas jamais propos\u00e9 par Levoit<\/h2>\n<p>\u00c9tant donn\u00e9 que les prix Prime Day ne sont pas <em>toujours<\/em> aussi bons qu&rsquo;ils paraissent, il est important de rev\u00e9rifier chaque accord. Je me suis rendu sur CamelCamelCamel, le meilleur site Web pour suivre les changements de prix dans les listes de produits en ligne, pour voir ce que co\u00fbte habituellement cette chose. L&rsquo;offre actuelle de 159,99 $ est le prix le plus bas pour lequel la machine Levoit a jamais \u00e9t\u00e9 r\u00e9pertori\u00e9e. <\/p>\n<p>L&rsquo;ann\u00e9e derni\u00e8re, il \u00e9tait de 317,28 dollars en ao\u00fbt et son prix moyen depuis lors se situe autour de 182 dollars, juste en dessous du prix catalogue par lequel Amazon affirme que la vente est r\u00e9duite. <\/p>\n","protected":false},"excerpt":{"rendered":"<p>Vous pouvez vous procurer un purificateur d\u2019air de qualit\u00e9 sans vous ruiner. Deux choses se produisent cet automne : premi\u00e8rement, Amazon organise son Prime Day<\/p>\n","protected":false},"author":1,"featured_media":954,"comment_status":"","ping_status":"","sticky":false,"template":"","format":"standard","meta":{"footnotes":""},"categories":[40],"tags":[1473,1154,347,1449,14,227,345,81,346,1472,105],"class_list":["post-953","post","type-post","status-publish","format-standard","has-post-thumbnail","hentry","category-maison","tag-dair","tag-damazon","tag-day","tag-early","tag-les","tag-obtenir","tag-offres","tag-pour","tag-prime","tag-purificateur","tag-utilisez","generate-columns","tablet-grid-50","mobile-grid-100","grid-parent","grid-33"],"yoast_head":"<!-- This site is optimized with the Yoast SEO plugin v24.0 - https:\/\/yoast.com\/wordpress\/plugins\/seo\/ -->\n<title>Utilisez les offres Early Prime Day d&#039;Amazon pour obtenir un purificateur d&#039;air | Vie Associative<\/title>\n<meta name=\"robots\" content=\"index, follow, max-snippet:-1, max-image-preview:large, max-video-preview:-1\" \/>\n<link rel=\"canonical\" href=\"https:\/\/vieassociative.be\/actualites\/utilisez-les-offres-early-prime-day-damazon-pour-obtenir-un-purificateur-dair\/\" \/>\n<meta property=\"og:locale\" content=\"fr_FR\" \/>\n<meta property=\"og:type\" content=\"article\" \/>\n<meta property=\"og:title\" content=\"Utilisez les offres Early Prime Day d&#039;Amazon pour obtenir un purificateur d&#039;air | Vie Associative\" \/>\n<meta property=\"og:description\" content=\"Vous pouvez vous procurer un purificateur d\u2019air de qualit\u00e9 sans vous ruiner. Deux choses se produisent cet automne : premi\u00e8rement, Amazon organise son Prime Day\" \/>\n<meta property=\"og:url\" content=\"https:\/\/vieassociative.be\/actualites\/utilisez-les-offres-early-prime-day-damazon-pour-obtenir-un-purificateur-dair\/\" \/>\n<meta property=\"og:site_name\" content=\"Vie Associative\" \/>\n<meta property=\"article:published_time\" content=\"2024-10-07T12:20:10+00:00\" \/>\n<meta property=\"og:image\" content=\"https:\/\/vieassociative.be\/actualites\/wp-content\/uploads\/2024\/09\/header_backgroundk-01-e1726694325946.png\" \/>\n\t<meta property=\"og:image:width\" content=\"279\" \/>\n\t<meta property=\"og:image:height\" content=\"92\" \/>\n\t<meta property=\"og:image:type\" content=\"image\/png\" \/>\n<meta name=\"author\" content=\"Julien\" \/>\n<meta name=\"twitter:card\" content=\"summary_large_image\" \/>\n<meta name=\"twitter:label1\" content=\"\u00c9crit par\" \/>\n\t<meta name=\"twitter:data1\" content=\"Julien\" \/>\n\t<meta name=\"twitter:label2\" content=\"Dur\u00e9e de lecture est.\" \/>\n\t<meta name=\"twitter:data2\" content=\"2 minutes\" \/>\n<script type=\"application\/ld+json\" class=\"yoast-schema-graph\">{\"@context\":\"https:\/\/schema.org\",\"@graph\":[{\"@type\":\"Article\",\"@id\":\"https:\/\/vieassociative.be\/actualites\/utilisez-les-offres-early-prime-day-damazon-pour-obtenir-un-purificateur-dair\/#article\",\"isPartOf\":{\"@id\":\"https:\/\/vieassociative.be\/actualites\/utilisez-les-offres-early-prime-day-damazon-pour-obtenir-un-purificateur-dair\/\"},\"author\":{\"name\":\"Julien\",\"@id\":\"https:\/\/vieassociative.be\/actualites\/#\/schema\/person\/b87ac4f82f9d4e7b7cec7395b679edc4\"},\"headline\":\"Utilisez les offres Early Prime Day d&rsquo;Amazon pour obtenir un purificateur d&rsquo;air\",\"datePublished\":\"2024-10-07T12:20:10+00:00\",\"dateModified\":\"2024-10-07T12:20:10+00:00\",\"mainEntityOfPage\":{\"@id\":\"https:\/\/vieassociative.be\/actualites\/utilisez-les-offres-early-prime-day-damazon-pour-obtenir-un-purificateur-dair\/\"},\"wordCount\":434,\"publisher\":{\"@id\":\"https:\/\/vieassociative.be\/actualites\/#organization\"},\"image\":{\"@id\":\"https:\/\/vieassociative.be\/actualites\/utilisez-les-offres-early-prime-day-damazon-pour-obtenir-un-purificateur-dair\/#primaryimage\"},\"thumbnailUrl\":\"https:\/\/vieassociative.be\/actualites\/wp-content\/uploads\/2024\/10\/Utilisez-les-offres-Early-Prime-Day-dAmazon-pour-obtenir-un.png\",\"keywords\":[\"dair\",\"dAmazon\",\"Day\",\"Early\",\"Les\",\"obtenir\",\"offres\",\"pour\",\"Prime\",\"purificateur\",\"Utilisez\"],\"articleSection\":[\"Maison\"],\"inLanguage\":\"fr-BE\"},{\"@type\":\"WebPage\",\"@id\":\"https:\/\/vieassociative.be\/actualites\/utilisez-les-offres-early-prime-day-damazon-pour-obtenir-un-purificateur-dair\/\",\"url\":\"https:\/\/vieassociative.be\/actualites\/utilisez-les-offres-early-prime-day-damazon-pour-obtenir-un-purificateur-dair\/\",\"name\":\"Utilisez les offres Early Prime Day d'Amazon pour obtenir un purificateur d'air | Vie Associative\",\"isPartOf\":{\"@id\":\"https:\/\/vieassociative.be\/actualites\/#website\"},\"primaryImageOfPage\":{\"@id\":\"https:\/\/vieassociative.be\/actualites\/utilisez-les-offres-early-prime-day-damazon-pour-obtenir-un-purificateur-dair\/#primaryimage\"},\"image\":{\"@id\":\"https:\/\/vieassociative.be\/actualites\/utilisez-les-offres-early-prime-day-damazon-pour-obtenir-un-purificateur-dair\/#primaryimage\"},\"thumbnailUrl\":\"https:\/\/vieassociative.be\/actualites\/wp-content\/uploads\/2024\/10\/Utilisez-les-offres-Early-Prime-Day-dAmazon-pour-obtenir-un.png\",\"datePublished\":\"2024-10-07T12:20:10+00:00\",\"dateModified\":\"2024-10-07T12:20:10+00:00\",\"breadcrumb\":{\"@id\":\"https:\/\/vieassociative.be\/actualites\/utilisez-les-offres-early-prime-day-damazon-pour-obtenir-un-purificateur-dair\/#breadcrumb\"},\"inLanguage\":\"fr-BE\",\"potentialAction\":[{\"@type\":\"ReadAction\",\"target\":[\"https:\/\/vieassociative.be\/actualites\/utilisez-les-offres-early-prime-day-damazon-pour-obtenir-un-purificateur-dair\/\"]}]},{\"@type\":\"ImageObject\",\"inLanguage\":\"fr-BE\",\"@id\":\"https:\/\/vieassociative.be\/actualites\/utilisez-les-offres-early-prime-day-damazon-pour-obtenir-un-purificateur-dair\/#primaryimage\",\"url\":\"https:\/\/vieassociative.be\/actualites\/wp-content\/uploads\/2024\/10\/Utilisez-les-offres-Early-Prime-Day-dAmazon-pour-obtenir-un.png\",\"contentUrl\":\"https:\/\/vieassociative.be\/actualites\/wp-content\/uploads\/2024\/10\/Utilisez-les-offres-Early-Prime-Day-dAmazon-pour-obtenir-un.png\",\"width\":1200,\"height\":675,\"caption\":\"Utilisez les offres Early Prime Day d'Amazon pour obtenir un purificateur d'air\"},{\"@type\":\"BreadcrumbList\",\"@id\":\"https:\/\/vieassociative.be\/actualites\/utilisez-les-offres-early-prime-day-damazon-pour-obtenir-un-purificateur-dair\/#breadcrumb\",\"itemListElement\":[{\"@type\":\"ListItem\",\"position\":1,\"name\":\"Accueil\",\"item\":\"https:\/\/vieassociative.be\/actualites\/\"},{\"@type\":\"ListItem\",\"position\":2,\"name\":\"Utilisez les offres Early Prime Day d&rsquo;Amazon pour obtenir un purificateur d&rsquo;air\"}]},{\"@type\":\"WebSite\",\"@id\":\"https:\/\/vieassociative.be\/actualites\/#website\",\"url\":\"https:\/\/vieassociative.be\/actualites\/\",\"name\":\"Vie Associative\",\"description\":\"\",\"publisher\":{\"@id\":\"https:\/\/vieassociative.be\/actualites\/#organization\"},\"potentialAction\":[{\"@type\":\"SearchAction\",\"target\":{\"@type\":\"EntryPoint\",\"urlTemplate\":\"https:\/\/vieassociative.be\/actualites\/?s={search_term_string}\"},\"query-input\":{\"@type\":\"PropertyValueSpecification\",\"valueRequired\":true,\"valueName\":\"search_term_string\"}}],\"inLanguage\":\"fr-BE\"},{\"@type\":\"Organization\",\"@id\":\"https:\/\/vieassociative.be\/actualites\/#organization\",\"name\":\"Vie Associative\",\"url\":\"https:\/\/vieassociative.be\/actualites\/\",\"logo\":{\"@type\":\"ImageObject\",\"inLanguage\":\"fr-BE\",\"@id\":\"https:\/\/vieassociative.be\/actualites\/#\/schema\/logo\/image\/\",\"url\":\"https:\/\/vieassociative.be\/actualites\/wp-content\/uploads\/2024\/09\/cropped-vieassociative_favicon.ico.png\",\"contentUrl\":\"https:\/\/vieassociative.be\/actualites\/wp-content\/uploads\/2024\/09\/cropped-vieassociative_favicon.ico.png\",\"width\":512,\"height\":512,\"caption\":\"Vie Associative\"},\"image\":{\"@id\":\"https:\/\/vieassociative.be\/actualites\/#\/schema\/logo\/image\/\"}},{\"@type\":\"Person\",\"@id\":\"https:\/\/vieassociative.be\/actualites\/#\/schema\/person\/b87ac4f82f9d4e7b7cec7395b679edc4\",\"name\":\"Julien\",\"image\":{\"@type\":\"ImageObject\",\"inLanguage\":\"fr-BE\",\"@id\":\"https:\/\/vieassociative.be\/actualites\/#\/schema\/person\/image\/\",\"url\":\"https:\/\/vieassociative.be\/actualites\/wp-content\/uploads\/2024\/09\/vie-associative-1-150x150.jpg\",\"contentUrl\":\"https:\/\/vieassociative.be\/actualites\/wp-content\/uploads\/2024\/09\/vie-associative-1-150x150.jpg\",\"caption\":\"Julien\"},\"description\":\"Je suis Julien, r\u00e9dacteur pour Vie Associative. Passionn\u00e9 par le monde associatif depuis plus de 10 ans, j'ai \u00e0 c\u0153ur de partager des histoires inspirantes et de mettre en lumi\u00e8re les initiatives locales. Mon objectif est de sensibiliser et d'encourager l'engagement communautaire \u00e0 travers mes articles.\",\"sameAs\":[\"https:\/\/vieassociative.be\/\"]}]}<\/script>\n<!-- \/ Yoast SEO plugin. -->","yoast_head_json":{"title":"Utilisez les offres Early Prime Day d'Amazon pour obtenir un purificateur d'air | Vie Associative","robots":{"index":"index","follow":"follow","max-snippet":"max-snippet:-1","max-image-preview":"max-image-preview:large","max-video-preview":"max-video-preview:-1"},"canonical":"https:\/\/vieassociative.be\/actualites\/utilisez-les-offres-early-prime-day-damazon-pour-obtenir-un-purificateur-dair\/","og_locale":"fr_FR","og_type":"article","og_title":"Utilisez les offres Early Prime Day d'Amazon pour obtenir un purificateur d'air | Vie Associative","og_description":"Vous pouvez vous procurer un purificateur d\u2019air de qualit\u00e9 sans vous ruiner. Deux choses se produisent cet automne : premi\u00e8rement, Amazon organise son Prime Day","og_url":"https:\/\/vieassociative.be\/actualites\/utilisez-les-offres-early-prime-day-damazon-pour-obtenir-un-purificateur-dair\/","og_site_name":"Vie Associative","article_published_time":"2024-10-07T12:20:10+00:00","og_image":[{"width":279,"height":92,"url":"https:\/\/vieassociative.be\/actualites\/wp-content\/uploads\/2024\/09\/header_backgroundk-01-e1726694325946.png","type":"image\/png"}],"author":"Julien","twitter_card":"summary_large_image","twitter_misc":{"\u00c9crit par":"Julien","Dur\u00e9e de lecture est.":"2 minutes"},"schema":{"@context":"https:\/\/schema.org","@graph":[{"@type":"Article","@id":"https:\/\/vieassociative.be\/actualites\/utilisez-les-offres-early-prime-day-damazon-pour-obtenir-un-purificateur-dair\/#article","isPartOf":{"@id":"https:\/\/vieassociative.be\/actualites\/utilisez-les-offres-early-prime-day-damazon-pour-obtenir-un-purificateur-dair\/"},"author":{"name":"Julien","@id":"https:\/\/vieassociative.be\/actualites\/#\/schema\/person\/b87ac4f82f9d4e7b7cec7395b679edc4"},"headline":"Utilisez les offres Early Prime Day d&rsquo;Amazon pour obtenir un purificateur d&rsquo;air","datePublished":"2024-10-07T12:20:10+00:00","dateModified":"2024-10-07T12:20:10+00:00","mainEntityOfPage":{"@id":"https:\/\/vieassociative.be\/actualites\/utilisez-les-offres-early-prime-day-damazon-pour-obtenir-un-purificateur-dair\/"},"wordCount":434,"publisher":{"@id":"https:\/\/vieassociative.be\/actualites\/#organization"},"image":{"@id":"https:\/\/vieassociative.be\/actualites\/utilisez-les-offres-early-prime-day-damazon-pour-obtenir-un-purificateur-dair\/#primaryimage"},"thumbnailUrl":"https:\/\/vieassociative.be\/actualites\/wp-content\/uploads\/2024\/10\/Utilisez-les-offres-Early-Prime-Day-dAmazon-pour-obtenir-un.png","keywords":["dair","dAmazon","Day","Early","Les","obtenir","offres","pour","Prime","purificateur","Utilisez"],"articleSection":["Maison"],"inLanguage":"fr-BE"},{"@type":"WebPage","@id":"https:\/\/vieassociative.be\/actualites\/utilisez-les-offres-early-prime-day-damazon-pour-obtenir-un-purificateur-dair\/","url":"https:\/\/vieassociative.be\/actualites\/utilisez-les-offres-early-prime-day-damazon-pour-obtenir-un-purificateur-dair\/","name":"Utilisez les offres Early Prime Day d'Amazon pour obtenir un purificateur d'air | Vie Associative","isPartOf":{"@id":"https:\/\/vieassociative.be\/actualites\/#website"},"primaryImageOfPage":{"@id":"https:\/\/vieassociative.be\/actualites\/utilisez-les-offres-early-prime-day-damazon-pour-obtenir-un-purificateur-dair\/#primaryimage"},"image":{"@id":"https:\/\/vieassociative.be\/actualites\/utilisez-les-offres-early-prime-day-damazon-pour-obtenir-un-purificateur-dair\/#primaryimage"},"thumbnailUrl":"https:\/\/vieassociative.be\/actualites\/wp-content\/uploads\/2024\/10\/Utilisez-les-offres-Early-Prime-Day-dAmazon-pour-obtenir-un.png","datePublished":"2024-10-07T12:20:10+00:00","dateModified":"2024-10-07T12:20:10+00:00","breadcrumb":{"@id":"https:\/\/vieassociative.be\/actualites\/utilisez-les-offres-early-prime-day-damazon-pour-obtenir-un-purificateur-dair\/#breadcrumb"},"inLanguage":"fr-BE","potentialAction":[{"@type":"ReadAction","target":["https:\/\/vieassociative.be\/actualites\/utilisez-les-offres-early-prime-day-damazon-pour-obtenir-un-purificateur-dair\/"]}]},{"@type":"ImageObject","inLanguage":"fr-BE","@id":"https:\/\/vieassociative.be\/actualites\/utilisez-les-offres-early-prime-day-damazon-pour-obtenir-un-purificateur-dair\/#primaryimage","url":"https:\/\/vieassociative.be\/actualites\/wp-content\/uploads\/2024\/10\/Utilisez-les-offres-Early-Prime-Day-dAmazon-pour-obtenir-un.png","contentUrl":"https:\/\/vieassociative.be\/actualites\/wp-content\/uploads\/2024\/10\/Utilisez-les-offres-Early-Prime-Day-dAmazon-pour-obtenir-un.png","width":1200,"height":675,"caption":"Utilisez les offres Early Prime Day d'Amazon pour obtenir un purificateur d'air"},{"@type":"BreadcrumbList","@id":"https:\/\/vieassociative.be\/actualites\/utilisez-les-offres-early-prime-day-damazon-pour-obtenir-un-purificateur-dair\/#breadcrumb","itemListElement":[{"@type":"ListItem","position":1,"name":"Accueil","item":"https:\/\/vieassociative.be\/actualites\/"},{"@type":"ListItem","position":2,"name":"Utilisez les offres Early Prime Day d&rsquo;Amazon pour obtenir un purificateur d&rsquo;air"}]},{"@type":"WebSite","@id":"https:\/\/vieassociative.be\/actualites\/#website","url":"https:\/\/vieassociative.be\/actualites\/","name":"Vie Associative","description":"","publisher":{"@id":"https:\/\/vieassociative.be\/actualites\/#organization"},"potentialAction":[{"@type":"SearchAction","target":{"@type":"EntryPoint","urlTemplate":"https:\/\/vieassociative.be\/actualites\/?s={search_term_string}"},"query-input":{"@type":"PropertyValueSpecification","valueRequired":true,"valueName":"search_term_string"}}],"inLanguage":"fr-BE"},{"@type":"Organization","@id":"https:\/\/vieassociative.be\/actualites\/#organization","name":"Vie Associative","url":"https:\/\/vieassociative.be\/actualites\/","logo":{"@type":"ImageObject","inLanguage":"fr-BE","@id":"https:\/\/vieassociative.be\/actualites\/#\/schema\/logo\/image\/","url":"https:\/\/vieassociative.be\/actualites\/wp-content\/uploads\/2024\/09\/cropped-vieassociative_favicon.ico.png","contentUrl":"https:\/\/vieassociative.be\/actualites\/wp-content\/uploads\/2024\/09\/cropped-vieassociative_favicon.ico.png","width":512,"height":512,"caption":"Vie Associative"},"image":{"@id":"https:\/\/vieassociative.be\/actualites\/#\/schema\/logo\/image\/"}},{"@type":"Person","@id":"https:\/\/vieassociative.be\/actualites\/#\/schema\/person\/b87ac4f82f9d4e7b7cec7395b679edc4","name":"Julien","image":{"@type":"ImageObject","inLanguage":"fr-BE","@id":"https:\/\/vieassociative.be\/actualites\/#\/schema\/person\/image\/","url":"https:\/\/vieassociative.be\/actualites\/wp-content\/uploads\/2024\/09\/vie-associative-1-150x150.jpg","contentUrl":"https:\/\/vieassociative.be\/actualites\/wp-content\/uploads\/2024\/09\/vie-associative-1-150x150.jpg","caption":"Julien"},"description":"Je suis Julien, r\u00e9dacteur pour Vie Associative. Passionn\u00e9 par le monde associatif depuis plus de 10 ans, j'ai \u00e0 c\u0153ur de partager des histoires inspirantes et de mettre en lumi\u00e8re les initiatives locales. Mon objectif est de sensibiliser et d'encourager l'engagement communautaire \u00e0 travers mes articles.","sameAs":["https:\/\/vieassociative.be\/"]}]}},"_links":{"self":[{"href":"https:\/\/vieassociative.be\/actualites\/wp-json\/wp\/v2\/posts\/953"}],"collection":[{"href":"https:\/\/vieassociative.be\/actualites\/wp-json\/wp\/v2\/posts"}],"about":[{"href":"https:\/\/vieassociative.be\/actualites\/wp-json\/wp\/v2\/types\/post"}],"author":[{"embeddable":true,"href":"https:\/\/vieassociative.be\/actualites\/wp-json\/wp\/v2\/users\/1"}],"replies":[{"embeddable":true,"href":"https:\/\/vieassociative.be\/actualites\/wp-json\/wp\/v2\/comments?post=953"}],"version-history":[{"count":0,"href":"https:\/\/vieassociative.be\/actualites\/wp-json\/wp\/v2\/posts\/953\/revisions"}],"wp:featuredmedia":[{"embeddable":true,"href":"https:\/\/vieassociative.be\/actualites\/wp-json\/wp\/v2\/media\/954"}],"wp:attachment":[{"href":"https:\/\/vieassociative.be\/actualites\/wp-json\/wp\/v2\/media?parent=953"}],"wp:term":[{"taxonomy":"category","embeddable":true,"href":"https:\/\/vieassociative.be\/actualites\/wp-json\/wp\/v2\/categories?post=953"},{"taxonomy":"post_tag","embeddable":true,"href":"https:\/\/vieassociative.be\/actualites\/wp-json\/wp\/v2\/tags?post=953"}],"curies":[{"name":"wp","href":"https:\/\/api.w.org\/{rel}","templated":true}]}}