{"id":9525,"date":"2025-08-20T21:17:07","date_gmt":"2025-08-20T19:17:07","guid":{"rendered":"https:\/\/vieassociative.be\/actualites\/les-plus-recents-garmin-forerunners-ont-desormais-une-alarme-de-sillage-intelligente-une-calculatrice-et-plus\/"},"modified":"2025-08-20T21:17:07","modified_gmt":"2025-08-20T19:17:07","slug":"les-plus-recents-garmin-forerunners-ont-desormais-une-alarme-de-sillage-intelligente-une-calculatrice-et-plus","status":"publish","type":"post","link":"https:\/\/vieassociative.be\/actualites\/les-plus-recents-garmin-forerunners-ont-desormais-une-alarme-de-sillage-intelligente-une-calculatrice-et-plus\/","title":{"rendered":"Les plus r\u00e9cents Garmin Forerunners ont d\u00e9sormais une alarme de sillage intelligente, une calculatrice et plus"},"content":{"rendered":"<div class=\"mt-4 leading-6 md:mb-8\">J&rsquo;adore aussi le compte \u00e0 rebours du reste dans les activit\u00e9s de force.<\/div>\n<p><\/p>\n<p>La derni\u00e8re mise \u00e0 jour logicielle des montres Garmin Foreunner 570 et 970, et pour le Fenix 8, ajoute une alarme de sillage intelligente, auparavant disponible uniquement sur le Vivoactive 6 et le moniteur Index Sleep, que j&rsquo;ai examin\u00e9 ici. La mise \u00e0 jour apporte quelques autres nouvelles fonctionnalit\u00e9s, y compris le compte \u00e0 rebours de repos automatique pour les activit\u00e9s de force (m\u00eame si vous ne suivez pas un entra\u00eenement structur\u00e9).<\/p>\n<h2 id=\"how-to-update\">Comment mettre \u00e0 jour<\/h2>\n<p>Ceci est une mise \u00e0 jour r\u00e9guli\u00e8re, pas une version b\u00eata. Vous pouvez mettre \u00e0 jour en allant dans les param\u00e8tres et ensuite <strong>Syst\u00e8me<\/strong>, <strong>Mise \u00e0 jour logicielle<\/strong>et <strong>V\u00e9rifier les mises \u00e0 jour<\/strong>. Vous souhaitez vous assurer que vous \u00eates jusqu&rsquo;\u00e0 12.70 pour obtenir l&rsquo;alarme intelligente et d&rsquo;autres nouvelles fonctionnalit\u00e9s. <\/p>\n<p>Voici les notes de publication pour les versions ForeRunner 570 et Forerunner 970 de la mise \u00e0 jour. Le Fenix 8 obtient \u00e9galement une alarme intelligente et d&rsquo;autres fonctionnalit\u00e9s dans sa mise \u00e0 jour de 17,28.<\/p>\n<div class=\"mx-auto mb-12 mt-5 w-full max-w-3xl rounded-md border-2 border-gray-100 p-3 shadow-md md:px-7 md:pb-7 md:pt-5\" id=\"related-video\">\n<div class=\"mb-3 flex items-center md:mb-5\">\n        <img decoding=\"async\" class=\"mr-4 mt-0 h-10 w-10 md:mr-5 md:h-12 md:w-12\" src=\"https:\/\/vieassociative.be\/actualites\/wp-content\/uploads\/2025\/08\/1754414314_422_Les-brins-du-NYT-daujourdhui-indiquent-et-repondent-pour-le.jpg\" alt=\"Logo Lifehacker\"><\/p><\/div>\n<div class=\"aspect-video w-full overflow-hidden rounded-md\">\n<div id=\"video-container-01K34EJD1VD3911AD5BR0CGKBV\"><\/div>\n<\/p><\/div>\n<\/div>\n<p>Voici quelques-unes des autres nouvelles fonctionnalit\u00e9s:<\/p>\n<h2 id=\"how-the-smart-alarm-works\">Comment fonctionne l&rsquo;alarme intelligente<\/h2>\n<div class=\"eloquent-imagery-image\">\n<div class=\"flex justify-center\">\n                    <img decoding=\"async\" class=\"border border-gray-100\" src=\"https:\/\/vieassociative.be\/actualites\/wp-content\/uploads\/2025\/08\/Les-plus-recents-Garmin-Forerunners-ont-desormais-une-alarme-de.jpg\" alt=\"Alarme intelligente affichant dans la liste des alarmes\" width=\"2000\" height=\"1125\" loading=\"lazy\"  >\n            <\/div>\n<\/p><\/div>\n<p>Une fois que vous avez mis \u00e0 jour, vous verrez quelques nouvelles options lorsque vous d\u00e9finissez une alarme. Pour d\u00e9finir des alarmes, acc\u00e9dez aux param\u00e8tres de votre montre (depuis longtemps en appuyant sur le bouton au milieu gauche), puis s\u00e9lectionnez <strong>Horloges<\/strong>.<\/p>\n<p>Maintenant, lors de la d\u00e9finition d&rsquo;une alarme, vous pouvez activer une bascule pour \u00abSmart Wake\u00bb. Lorsque cela est allum\u00e9, l&rsquo;alarme peut vous r\u00e9veiller \u00e0 tout moment dans les 30 minutes pr\u00e9c\u00e9dant l&rsquo;heure d\u00e9finie. (Ainsi, une alarme de 7h30 vous r\u00e9veillerait entre 7h00 et 7h30). L&rsquo;alarme vous r\u00e9veillera t\u00f4t si la montre d\u00e9tecte que vous en avez assez une nuit compl\u00e8te <em>et<\/em> Si cela peut vous d\u00e9tecter en un stade de sommeil plus l\u00e9ger. <\/p>\n<p>Les alarmes intelligentes auront une ic\u00f4ne Sparkle jaune et donneront le temps comme une fen\u00eatre (comme \u00ab7: 00-7: 30\u00bb) dans la liste des alarmes.<\/p>\n<h2 id=\"focus-modes\">Modes de mise au point<\/h2>\n<div class=\"eloquent-imagery-image\">\n<div class=\"flex justify-center\">\n                    <img decoding=\"async\" class=\"border border-gray-100\" src=\"https:\/\/vieassociative.be\/actualites\/wp-content\/uploads\/2025\/08\/1755717427_140_Les-plus-recents-Garmin-Forerunners-ont-desormais-une-alarme-de.jpg\" alt=\"\u00c9cran des modes de mise au point montrant le sommeil et le th\u00e9\u00e2tre\" width=\"2000\" height=\"1125\" loading=\"lazy\"  >\n            <\/div>\n<\/p><\/div>\n<p>Vous pouvez d\u00e9sormais ajuster les param\u00e8tres de votre montre en fonction d&rsquo;une focalisation. Nous avons d\u00e9j\u00e0 eu le mode de sommeil, mais maintenant vous pouvez activer le mode th\u00e9\u00e2tre, qui d\u00e9sactive les alertes de d\u00e9placement (merci!), Mutes Tous les sons, d\u00e9finit la luminosit\u00e9 \u00e0 faible et d\u00e9sactive le geste qui s&rsquo;allume sur l&rsquo;\u00e9cran lorsque vous d\u00e9placez votre poignet. <\/p>\n<p>Pour l&rsquo;instant, mes seules options sont le sommeil, le th\u00e9\u00e2tre et l&rsquo;activit\u00e9. Je peux modifier les param\u00e8tres de chaque mode \u00e0 partir de l&rsquo;application Garmin Connect, mais je ne peux pas y ajouter de nouveaux modes. Au lieu de cela, je dois entrer dans les param\u00e8tres de la montre et s\u00e9lectionner <strong>Modes de mise au point<\/strong>Faites d\u00e9filer vers le bas et appuyez sur Ajouter. Cette option n&rsquo;est pas disponible dans le menu de raccourci de la montre, uniquement les param\u00e8tres. <\/p>\n<h2 id=\"automatic-rest-countdowns-for-strength-workouts\">Comptes de repos automatique pour les entra\u00eenements de force<\/h2>\n<div class=\"eloquent-imagery-image\">\n<div class=\"flex justify-center\">\n                    <img decoding=\"async\" class=\"border border-gray-100\" src=\"https:\/\/vieassociative.be\/actualites\/wp-content\/uploads\/2025\/08\/1755717427_585_Les-plus-recents-Garmin-Forerunners-ont-desormais-une-alarme-de.jpg\" alt=\"Timer de repos sur la montre, comptant\" width=\"2000\" height=\"1125\" loading=\"lazy\"  >\n            <\/div>\n<\/p><\/div>\n<p>J&rsquo;ai toujours aim\u00e9 la fa\u00e7on dont je peux programmer un entra\u00eenement de force et obtenir une minuterie de repos automatique lorsque je termine chaque ensemble, afin qu&rsquo;il bourdonne quand j&rsquo;ai besoin de me lever et de faire le set suivant. <\/p>\n<p>Maintenant, vous pouvez obtenir cette fonctionnalit\u00e9 m\u00eame sur les s\u00e9ances d&rsquo;entra\u00eenement \u00abgratuites\u00bb &#8211; celles o\u00f9 vous ne suivez pas un entra\u00eenement sp\u00e9cifique, mais en faisant simplement votre truc dans le gymnase et en appuyant sur le bouton LAP pour d\u00e9marrer et terminer les ensembles. <\/p>\n<p>Avant de commencer votre entra\u00eenement sur la force, il y a maintenant un \u00e9l\u00e9ment de menu pour le compte \u00e0 rebours de repos. Allumez cela et d\u00e9finissez-le sur le temps souhait\u00e9 &#8211; par exemple, deux minutes. (Besoin d&rsquo;aide pour d\u00e9cider? J&rsquo;ai \u00e9crit sur les temps de repos ici. La plupart d&rsquo;entre vous ne se reposent pas assez longtemps.)<\/p>\n<p>Maintenant, lorsque vous terminez un ensemble, une minuterie appara\u00eet qui commence \u00e0 2h00 et compte. Une fois qu&rsquo;il frappe z\u00e9ro, la montre vous avertit et il commence \u00e0 compter <em>en haut<\/em>avec un signe plus et une bordure rouge \u00e0 peu pr\u00e8s le temps afin que vous sachiez depuis combien de temps vous \u00eates rel\u00e2ch\u00e9. <\/p>\n<p>Vous pouvez changer le temps de repos pendant l&rsquo;entra\u00eenement. Acc\u00e9dez simplement aux param\u00e8tres de l&rsquo;entra\u00eenement (longuement m\u00e9diane appuyez sur le bouton gauche) et modifiez l&rsquo;heure. Si une minuterie de repos est en cours d&rsquo;ex\u00e9cution, elle sera mise \u00e0 jour imm\u00e9diatement.<\/p>\n<h2 id=\"calculator-app\">Application de calculatrice<\/h2>\n<div class=\"eloquent-imagery-image\">\n<div class=\"flex justify-center\">\n                    <img decoding=\"async\" class=\"border border-gray-100\" src=\"https:\/\/vieassociative.be\/actualites\/wp-content\/uploads\/2025\/08\/1755717427_427_Les-plus-recents-Garmin-Forerunners-ont-desormais-une-alarme-de.jpg\" alt=\"Vue de la calculatrice de la pointe\" width=\"2000\" height=\"1125\" loading=\"lazy\"  >\n            <\/div>\n<\/p><\/div>\n<p>Il m&rsquo;a fallu une minute pour trouver l&rsquo;application de calculatrice, mais c&rsquo;est l\u00e0! Allez dans le menu de votre commandes (appuyez sur le bouton en haut \u00e0 gauche), puis param\u00e8tres des param\u00e8tres (appuyez sur le bouton Middle gauche). Dites-le que vous souhaitez ajouter un contr\u00f4le et faites d\u00e9filer vers le bas jusqu&rsquo;\u00e0 ce que vous trouviez la calculatrice. <\/p>\n<p>Il y a m\u00eame un <strong>Conseil<\/strong> bouton. Entrez le co\u00fbt de votre repas, appuyez sur Astuce et vous \u00eates emmen\u00e9 \u00e0 un \u00e9cran o\u00f9 vous pouvez d\u00e9cider du pourcentage que vous souhaitez donner un pourboire (par d\u00e9faut 20%). Cet \u00e9cran affiche \u00e9galement le total et peut diviser automatiquement la facture, disant \u00e0 quel point chaque personne devrait payer pour couvrir le montant final.<\/p>\n","protected":false},"excerpt":{"rendered":"<p>J&rsquo;adore aussi le compte \u00e0 rebours du reste dans les activit\u00e9s de force. La derni\u00e8re mise \u00e0 jour logicielle des montres Garmin Foreunner 570 et<\/p>\n","protected":false},"author":1,"featured_media":9526,"comment_status":"","ping_status":"","sticky":false,"template":"","format":"standard","meta":{"footnotes":""},"categories":[38],"tags":[6980,3388,6,8241,3685,1614,14,1374,7172,8242,110],"class_list":["post-9525","post","type-post","status-publish","format-standard","has-post-thumbnail","hentry","category-sante","tag-alarme","tag-calculatrice","tag-desormais","tag-forerunners","tag-garmin","tag-intelligente","tag-les","tag-ont","tag-recents","tag-sillage","tag-une","generate-columns","tablet-grid-50","mobile-grid-100","grid-parent","grid-33"],"yoast_head":"<!-- This site is optimized with the Yoast SEO plugin v24.0 - https:\/\/yoast.com\/wordpress\/plugins\/seo\/ -->\n<title>Les plus r\u00e9cents Garmin Forerunners ont d\u00e9sormais une alarme de sillage intelligente, une calculatrice et plus | Vie Associative<\/title>\n<meta name=\"robots\" content=\"index, follow, max-snippet:-1, max-image-preview:large, max-video-preview:-1\" \/>\n<link rel=\"canonical\" href=\"https:\/\/vieassociative.be\/actualites\/les-plus-recents-garmin-forerunners-ont-desormais-une-alarme-de-sillage-intelligente-une-calculatrice-et-plus\/\" \/>\n<meta property=\"og:locale\" content=\"fr_FR\" \/>\n<meta property=\"og:type\" content=\"article\" \/>\n<meta property=\"og:title\" content=\"Les plus r\u00e9cents Garmin Forerunners ont d\u00e9sormais une alarme de sillage intelligente, une calculatrice et plus | Vie Associative\" \/>\n<meta property=\"og:description\" content=\"J&rsquo;adore aussi le compte \u00e0 rebours du reste dans les activit\u00e9s de force. La derni\u00e8re mise \u00e0 jour logicielle des montres Garmin Foreunner 570 et\" \/>\n<meta property=\"og:url\" content=\"https:\/\/vieassociative.be\/actualites\/les-plus-recents-garmin-forerunners-ont-desormais-une-alarme-de-sillage-intelligente-une-calculatrice-et-plus\/\" \/>\n<meta property=\"og:site_name\" content=\"Vie Associative\" \/>\n<meta property=\"article:published_time\" content=\"2025-08-20T19:17:07+00:00\" \/>\n<meta property=\"og:image\" content=\"https:\/\/vieassociative.be\/actualites\/wp-content\/uploads\/2025\/08\/1754414314_422_Les-brins-du-NYT-daujourdhui-indiquent-et-repondent-pour-le.jpg\" \/>\n<meta name=\"author\" content=\"Julien\" \/>\n<meta name=\"twitter:card\" content=\"summary_large_image\" \/>\n<meta name=\"twitter:label1\" content=\"\u00c9crit par\" \/>\n\t<meta name=\"twitter:data1\" content=\"Julien\" \/>\n\t<meta name=\"twitter:label2\" content=\"Dur\u00e9e de lecture est.\" \/>\n\t<meta name=\"twitter:data2\" content=\"4 minutes\" \/>\n<script type=\"application\/ld+json\" class=\"yoast-schema-graph\">{\"@context\":\"https:\/\/schema.org\",\"@graph\":[{\"@type\":\"Article\",\"@id\":\"https:\/\/vieassociative.be\/actualites\/les-plus-recents-garmin-forerunners-ont-desormais-une-alarme-de-sillage-intelligente-une-calculatrice-et-plus\/#article\",\"isPartOf\":{\"@id\":\"https:\/\/vieassociative.be\/actualites\/les-plus-recents-garmin-forerunners-ont-desormais-une-alarme-de-sillage-intelligente-une-calculatrice-et-plus\/\"},\"author\":{\"name\":\"Julien\",\"@id\":\"https:\/\/vieassociative.be\/actualites\/#\/schema\/person\/b87ac4f82f9d4e7b7cec7395b679edc4\"},\"headline\":\"Les plus r\u00e9cents Garmin Forerunners ont d\u00e9sormais une alarme de sillage intelligente, une calculatrice et plus\",\"datePublished\":\"2025-08-20T19:17:07+00:00\",\"dateModified\":\"2025-08-20T19:17:07+00:00\",\"mainEntityOfPage\":{\"@id\":\"https:\/\/vieassociative.be\/actualites\/les-plus-recents-garmin-forerunners-ont-desormais-une-alarme-de-sillage-intelligente-une-calculatrice-et-plus\/\"},\"wordCount\":930,\"publisher\":{\"@id\":\"https:\/\/vieassociative.be\/actualites\/#organization\"},\"image\":{\"@id\":\"https:\/\/vieassociative.be\/actualites\/les-plus-recents-garmin-forerunners-ont-desormais-une-alarme-de-sillage-intelligente-une-calculatrice-et-plus\/#primaryimage\"},\"thumbnailUrl\":\"https:\/\/vieassociative.be\/actualites\/wp-content\/uploads\/2025\/08\/1755717429_Les-plus-recents-Garmin-Forerunners-ont-desormais-une-alarme-de.jpg\",\"keywords\":[\"Alarme\",\"calculatrice\",\"d\u00e9sormais\",\"Forerunners\",\"Garmin\",\"intelligente\",\"Les\",\"ont\",\"r\u00e9cents\",\"sillage\",\"une\"],\"articleSection\":[\"Sant\u00e9\"],\"inLanguage\":\"fr-BE\"},{\"@type\":\"WebPage\",\"@id\":\"https:\/\/vieassociative.be\/actualites\/les-plus-recents-garmin-forerunners-ont-desormais-une-alarme-de-sillage-intelligente-une-calculatrice-et-plus\/\",\"url\":\"https:\/\/vieassociative.be\/actualites\/les-plus-recents-garmin-forerunners-ont-desormais-une-alarme-de-sillage-intelligente-une-calculatrice-et-plus\/\",\"name\":\"Les plus r\u00e9cents Garmin Forerunners ont d\u00e9sormais une alarme de sillage intelligente, une calculatrice et plus | Vie Associative\",\"isPartOf\":{\"@id\":\"https:\/\/vieassociative.be\/actualites\/#website\"},\"primaryImageOfPage\":{\"@id\":\"https:\/\/vieassociative.be\/actualites\/les-plus-recents-garmin-forerunners-ont-desormais-une-alarme-de-sillage-intelligente-une-calculatrice-et-plus\/#primaryimage\"},\"image\":{\"@id\":\"https:\/\/vieassociative.be\/actualites\/les-plus-recents-garmin-forerunners-ont-desormais-une-alarme-de-sillage-intelligente-une-calculatrice-et-plus\/#primaryimage\"},\"thumbnailUrl\":\"https:\/\/vieassociative.be\/actualites\/wp-content\/uploads\/2025\/08\/1755717429_Les-plus-recents-Garmin-Forerunners-ont-desormais-une-alarme-de.jpg\",\"datePublished\":\"2025-08-20T19:17:07+00:00\",\"dateModified\":\"2025-08-20T19:17:07+00:00\",\"breadcrumb\":{\"@id\":\"https:\/\/vieassociative.be\/actualites\/les-plus-recents-garmin-forerunners-ont-desormais-une-alarme-de-sillage-intelligente-une-calculatrice-et-plus\/#breadcrumb\"},\"inLanguage\":\"fr-BE\",\"potentialAction\":[{\"@type\":\"ReadAction\",\"target\":[\"https:\/\/vieassociative.be\/actualites\/les-plus-recents-garmin-forerunners-ont-desormais-une-alarme-de-sillage-intelligente-une-calculatrice-et-plus\/\"]}]},{\"@type\":\"ImageObject\",\"inLanguage\":\"fr-BE\",\"@id\":\"https:\/\/vieassociative.be\/actualites\/les-plus-recents-garmin-forerunners-ont-desormais-une-alarme-de-sillage-intelligente-une-calculatrice-et-plus\/#primaryimage\",\"url\":\"https:\/\/vieassociative.be\/actualites\/wp-content\/uploads\/2025\/08\/1755717429_Les-plus-recents-Garmin-Forerunners-ont-desormais-une-alarme-de.jpg\",\"contentUrl\":\"https:\/\/vieassociative.be\/actualites\/wp-content\/uploads\/2025\/08\/1755717429_Les-plus-recents-Garmin-Forerunners-ont-desormais-une-alarme-de.jpg\",\"width\":1200,\"height\":675,\"caption\":\"Les plus r\u00e9cents Garmin Forerunners ont d\u00e9sormais une alarme de sillage intelligente, une calculatrice et plus\"},{\"@type\":\"BreadcrumbList\",\"@id\":\"https:\/\/vieassociative.be\/actualites\/les-plus-recents-garmin-forerunners-ont-desormais-une-alarme-de-sillage-intelligente-une-calculatrice-et-plus\/#breadcrumb\",\"itemListElement\":[{\"@type\":\"ListItem\",\"position\":1,\"name\":\"Accueil\",\"item\":\"https:\/\/vieassociative.be\/actualites\/\"},{\"@type\":\"ListItem\",\"position\":2,\"name\":\"Les plus r\u00e9cents Garmin Forerunners ont d\u00e9sormais une alarme de sillage intelligente, une calculatrice et plus\"}]},{\"@type\":\"WebSite\",\"@id\":\"https:\/\/vieassociative.be\/actualites\/#website\",\"url\":\"https:\/\/vieassociative.be\/actualites\/\",\"name\":\"Vie Associative\",\"description\":\"\",\"publisher\":{\"@id\":\"https:\/\/vieassociative.be\/actualites\/#organization\"},\"potentialAction\":[{\"@type\":\"SearchAction\",\"target\":{\"@type\":\"EntryPoint\",\"urlTemplate\":\"https:\/\/vieassociative.be\/actualites\/?s={search_term_string}\"},\"query-input\":{\"@type\":\"PropertyValueSpecification\",\"valueRequired\":true,\"valueName\":\"search_term_string\"}}],\"inLanguage\":\"fr-BE\"},{\"@type\":\"Organization\",\"@id\":\"https:\/\/vieassociative.be\/actualites\/#organization\",\"name\":\"Vie Associative\",\"url\":\"https:\/\/vieassociative.be\/actualites\/\",\"logo\":{\"@type\":\"ImageObject\",\"inLanguage\":\"fr-BE\",\"@id\":\"https:\/\/vieassociative.be\/actualites\/#\/schema\/logo\/image\/\",\"url\":\"https:\/\/vieassociative.be\/actualites\/wp-content\/uploads\/2024\/09\/cropped-vieassociative_favicon.ico.png\",\"contentUrl\":\"https:\/\/vieassociative.be\/actualites\/wp-content\/uploads\/2024\/09\/cropped-vieassociative_favicon.ico.png\",\"width\":512,\"height\":512,\"caption\":\"Vie Associative\"},\"image\":{\"@id\":\"https:\/\/vieassociative.be\/actualites\/#\/schema\/logo\/image\/\"}},{\"@type\":\"Person\",\"@id\":\"https:\/\/vieassociative.be\/actualites\/#\/schema\/person\/b87ac4f82f9d4e7b7cec7395b679edc4\",\"name\":\"Julien\",\"image\":{\"@type\":\"ImageObject\",\"inLanguage\":\"fr-BE\",\"@id\":\"https:\/\/vieassociative.be\/actualites\/#\/schema\/person\/image\/\",\"url\":\"https:\/\/vieassociative.be\/actualites\/wp-content\/uploads\/2024\/09\/vie-associative-1-150x150.jpg\",\"contentUrl\":\"https:\/\/vieassociative.be\/actualites\/wp-content\/uploads\/2024\/09\/vie-associative-1-150x150.jpg\",\"caption\":\"Julien\"},\"description\":\"Je suis Julien, r\u00e9dacteur pour Vie Associative. Passionn\u00e9 par le monde associatif depuis plus de 10 ans, j'ai \u00e0 c\u0153ur de partager des histoires inspirantes et de mettre en lumi\u00e8re les initiatives locales. Mon objectif est de sensibiliser et d'encourager l'engagement communautaire \u00e0 travers mes articles.\",\"sameAs\":[\"https:\/\/vieassociative.be\/\"]}]}<\/script>\n<!-- \/ Yoast SEO plugin. -->","yoast_head_json":{"title":"Les plus r\u00e9cents Garmin Forerunners ont d\u00e9sormais une alarme de sillage intelligente, une calculatrice et plus | Vie Associative","robots":{"index":"index","follow":"follow","max-snippet":"max-snippet:-1","max-image-preview":"max-image-preview:large","max-video-preview":"max-video-preview:-1"},"canonical":"https:\/\/vieassociative.be\/actualites\/les-plus-recents-garmin-forerunners-ont-desormais-une-alarme-de-sillage-intelligente-une-calculatrice-et-plus\/","og_locale":"fr_FR","og_type":"article","og_title":"Les plus r\u00e9cents Garmin Forerunners ont d\u00e9sormais une alarme de sillage intelligente, une calculatrice et plus | Vie Associative","og_description":"J&rsquo;adore aussi le compte \u00e0 rebours du reste dans les activit\u00e9s de force. La derni\u00e8re mise \u00e0 jour logicielle des montres Garmin Foreunner 570 et","og_url":"https:\/\/vieassociative.be\/actualites\/les-plus-recents-garmin-forerunners-ont-desormais-une-alarme-de-sillage-intelligente-une-calculatrice-et-plus\/","og_site_name":"Vie Associative","article_published_time":"2025-08-20T19:17:07+00:00","og_image":[{"url":"https:\/\/vieassociative.be\/actualites\/wp-content\/uploads\/2025\/08\/1754414314_422_Les-brins-du-NYT-daujourdhui-indiquent-et-repondent-pour-le.jpg","type":"","width":"","height":""}],"author":"Julien","twitter_card":"summary_large_image","twitter_misc":{"\u00c9crit par":"Julien","Dur\u00e9e de lecture est.":"4 minutes"},"schema":{"@context":"https:\/\/schema.org","@graph":[{"@type":"Article","@id":"https:\/\/vieassociative.be\/actualites\/les-plus-recents-garmin-forerunners-ont-desormais-une-alarme-de-sillage-intelligente-une-calculatrice-et-plus\/#article","isPartOf":{"@id":"https:\/\/vieassociative.be\/actualites\/les-plus-recents-garmin-forerunners-ont-desormais-une-alarme-de-sillage-intelligente-une-calculatrice-et-plus\/"},"author":{"name":"Julien","@id":"https:\/\/vieassociative.be\/actualites\/#\/schema\/person\/b87ac4f82f9d4e7b7cec7395b679edc4"},"headline":"Les plus r\u00e9cents Garmin Forerunners ont d\u00e9sormais une alarme de sillage intelligente, une calculatrice et plus","datePublished":"2025-08-20T19:17:07+00:00","dateModified":"2025-08-20T19:17:07+00:00","mainEntityOfPage":{"@id":"https:\/\/vieassociative.be\/actualites\/les-plus-recents-garmin-forerunners-ont-desormais-une-alarme-de-sillage-intelligente-une-calculatrice-et-plus\/"},"wordCount":930,"publisher":{"@id":"https:\/\/vieassociative.be\/actualites\/#organization"},"image":{"@id":"https:\/\/vieassociative.be\/actualites\/les-plus-recents-garmin-forerunners-ont-desormais-une-alarme-de-sillage-intelligente-une-calculatrice-et-plus\/#primaryimage"},"thumbnailUrl":"https:\/\/vieassociative.be\/actualites\/wp-content\/uploads\/2025\/08\/1755717429_Les-plus-recents-Garmin-Forerunners-ont-desormais-une-alarme-de.jpg","keywords":["Alarme","calculatrice","d\u00e9sormais","Forerunners","Garmin","intelligente","Les","ont","r\u00e9cents","sillage","une"],"articleSection":["Sant\u00e9"],"inLanguage":"fr-BE"},{"@type":"WebPage","@id":"https:\/\/vieassociative.be\/actualites\/les-plus-recents-garmin-forerunners-ont-desormais-une-alarme-de-sillage-intelligente-une-calculatrice-et-plus\/","url":"https:\/\/vieassociative.be\/actualites\/les-plus-recents-garmin-forerunners-ont-desormais-une-alarme-de-sillage-intelligente-une-calculatrice-et-plus\/","name":"Les plus r\u00e9cents Garmin Forerunners ont d\u00e9sormais une alarme de sillage intelligente, une calculatrice et plus | Vie Associative","isPartOf":{"@id":"https:\/\/vieassociative.be\/actualites\/#website"},"primaryImageOfPage":{"@id":"https:\/\/vieassociative.be\/actualites\/les-plus-recents-garmin-forerunners-ont-desormais-une-alarme-de-sillage-intelligente-une-calculatrice-et-plus\/#primaryimage"},"image":{"@id":"https:\/\/vieassociative.be\/actualites\/les-plus-recents-garmin-forerunners-ont-desormais-une-alarme-de-sillage-intelligente-une-calculatrice-et-plus\/#primaryimage"},"thumbnailUrl":"https:\/\/vieassociative.be\/actualites\/wp-content\/uploads\/2025\/08\/1755717429_Les-plus-recents-Garmin-Forerunners-ont-desormais-une-alarme-de.jpg","datePublished":"2025-08-20T19:17:07+00:00","dateModified":"2025-08-20T19:17:07+00:00","breadcrumb":{"@id":"https:\/\/vieassociative.be\/actualites\/les-plus-recents-garmin-forerunners-ont-desormais-une-alarme-de-sillage-intelligente-une-calculatrice-et-plus\/#breadcrumb"},"inLanguage":"fr-BE","potentialAction":[{"@type":"ReadAction","target":["https:\/\/vieassociative.be\/actualites\/les-plus-recents-garmin-forerunners-ont-desormais-une-alarme-de-sillage-intelligente-une-calculatrice-et-plus\/"]}]},{"@type":"ImageObject","inLanguage":"fr-BE","@id":"https:\/\/vieassociative.be\/actualites\/les-plus-recents-garmin-forerunners-ont-desormais-une-alarme-de-sillage-intelligente-une-calculatrice-et-plus\/#primaryimage","url":"https:\/\/vieassociative.be\/actualites\/wp-content\/uploads\/2025\/08\/1755717429_Les-plus-recents-Garmin-Forerunners-ont-desormais-une-alarme-de.jpg","contentUrl":"https:\/\/vieassociative.be\/actualites\/wp-content\/uploads\/2025\/08\/1755717429_Les-plus-recents-Garmin-Forerunners-ont-desormais-une-alarme-de.jpg","width":1200,"height":675,"caption":"Les plus r\u00e9cents Garmin Forerunners ont d\u00e9sormais une alarme de sillage intelligente, une calculatrice et plus"},{"@type":"BreadcrumbList","@id":"https:\/\/vieassociative.be\/actualites\/les-plus-recents-garmin-forerunners-ont-desormais-une-alarme-de-sillage-intelligente-une-calculatrice-et-plus\/#breadcrumb","itemListElement":[{"@type":"ListItem","position":1,"name":"Accueil","item":"https:\/\/vieassociative.be\/actualites\/"},{"@type":"ListItem","position":2,"name":"Les plus r\u00e9cents Garmin Forerunners ont d\u00e9sormais une alarme de sillage intelligente, une calculatrice et plus"}]},{"@type":"WebSite","@id":"https:\/\/vieassociative.be\/actualites\/#website","url":"https:\/\/vieassociative.be\/actualites\/","name":"Vie Associative","description":"","publisher":{"@id":"https:\/\/vieassociative.be\/actualites\/#organization"},"potentialAction":[{"@type":"SearchAction","target":{"@type":"EntryPoint","urlTemplate":"https:\/\/vieassociative.be\/actualites\/?s={search_term_string}"},"query-input":{"@type":"PropertyValueSpecification","valueRequired":true,"valueName":"search_term_string"}}],"inLanguage":"fr-BE"},{"@type":"Organization","@id":"https:\/\/vieassociative.be\/actualites\/#organization","name":"Vie Associative","url":"https:\/\/vieassociative.be\/actualites\/","logo":{"@type":"ImageObject","inLanguage":"fr-BE","@id":"https:\/\/vieassociative.be\/actualites\/#\/schema\/logo\/image\/","url":"https:\/\/vieassociative.be\/actualites\/wp-content\/uploads\/2024\/09\/cropped-vieassociative_favicon.ico.png","contentUrl":"https:\/\/vieassociative.be\/actualites\/wp-content\/uploads\/2024\/09\/cropped-vieassociative_favicon.ico.png","width":512,"height":512,"caption":"Vie Associative"},"image":{"@id":"https:\/\/vieassociative.be\/actualites\/#\/schema\/logo\/image\/"}},{"@type":"Person","@id":"https:\/\/vieassociative.be\/actualites\/#\/schema\/person\/b87ac4f82f9d4e7b7cec7395b679edc4","name":"Julien","image":{"@type":"ImageObject","inLanguage":"fr-BE","@id":"https:\/\/vieassociative.be\/actualites\/#\/schema\/person\/image\/","url":"https:\/\/vieassociative.be\/actualites\/wp-content\/uploads\/2024\/09\/vie-associative-1-150x150.jpg","contentUrl":"https:\/\/vieassociative.be\/actualites\/wp-content\/uploads\/2024\/09\/vie-associative-1-150x150.jpg","caption":"Julien"},"description":"Je suis Julien, r\u00e9dacteur pour Vie Associative. Passionn\u00e9 par le monde associatif depuis plus de 10 ans, j'ai \u00e0 c\u0153ur de partager des histoires inspirantes et de mettre en lumi\u00e8re les initiatives locales. Mon objectif est de sensibiliser et d'encourager l'engagement communautaire \u00e0 travers mes articles.","sameAs":["https:\/\/vieassociative.be\/"]}]}},"_links":{"self":[{"href":"https:\/\/vieassociative.be\/actualites\/wp-json\/wp\/v2\/posts\/9525"}],"collection":[{"href":"https:\/\/vieassociative.be\/actualites\/wp-json\/wp\/v2\/posts"}],"about":[{"href":"https:\/\/vieassociative.be\/actualites\/wp-json\/wp\/v2\/types\/post"}],"author":[{"embeddable":true,"href":"https:\/\/vieassociative.be\/actualites\/wp-json\/wp\/v2\/users\/1"}],"replies":[{"embeddable":true,"href":"https:\/\/vieassociative.be\/actualites\/wp-json\/wp\/v2\/comments?post=9525"}],"version-history":[{"count":0,"href":"https:\/\/vieassociative.be\/actualites\/wp-json\/wp\/v2\/posts\/9525\/revisions"}],"wp:featuredmedia":[{"embeddable":true,"href":"https:\/\/vieassociative.be\/actualites\/wp-json\/wp\/v2\/media\/9526"}],"wp:attachment":[{"href":"https:\/\/vieassociative.be\/actualites\/wp-json\/wp\/v2\/media?parent=9525"}],"wp:term":[{"taxonomy":"category","embeddable":true,"href":"https:\/\/vieassociative.be\/actualites\/wp-json\/wp\/v2\/categories?post=9525"},{"taxonomy":"post_tag","embeddable":true,"href":"https:\/\/vieassociative.be\/actualites\/wp-json\/wp\/v2\/tags?post=9525"}],"curies":[{"name":"wp","href":"https:\/\/api.w.org\/{rel}","templated":true}]}}