{"id":9521,"date":"2025-08-20T19:16:57","date_gmt":"2025-08-20T17:16:57","guid":{"rendered":"https:\/\/vieassociative.be\/actualites\/claude-ai-peut-desormais-mettre-fin-aux-conversations-nocives\/"},"modified":"2025-08-20T19:16:57","modified_gmt":"2025-08-20T17:16:57","slug":"claude-ai-peut-desormais-mettre-fin-aux-conversations-nocives","status":"publish","type":"post","link":"https:\/\/vieassociative.be\/actualites\/claude-ai-peut-desormais-mettre-fin-aux-conversations-nocives\/","title":{"rendered":"Claude Ai peut d\u00e9sormais mettre fin aux conversations \u00abnocives\u00bb"},"content":{"rendered":"<div class=\"mt-4 leading-6 md:mb-8\">Arr\u00eatez de torturer vos chatbots.<\/div>\n<p><\/p>\n<p>Les chatbots, de par leur nature, sont des machines de pr\u00e9diction. Lorsque vous obtenez une r\u00e9ponse de quelque chose comme Claude AI, il peut sembler que le bot engage dans une conversation naturelle. Cependant, \u00e0 la base, tout ce que le bot fait est vraiment de deviner quel devrait \u00eatre le mot suivant dans la s\u00e9quence.<\/p>\n<p>Malgr\u00e9 cette fonctionnalit\u00e9 fondamentale, les entreprises d&rsquo;IA explorent comment les robots eux-m\u00eames r\u00e9agissent aux interactions humaines, en particulier lorsque les humains s&rsquo;engagent n\u00e9gativement ou de mauvaise foi. Anthropic, l&rsquo;entreprise derri\u00e8re Claude, travaille maintenant sur un syst\u00e8me pour emp\u00eacher cela. <\/p>\n<h2 id=\"claude-can-end-harmful-conversations\">Claude peut mettre fin aux conversations nuisibles<\/h2>\n<p>Vendredi, la soci\u00e9t\u00e9 a annonc\u00e9 que Claude Opus 4 et 4.1 pouvait d\u00e9sormais mettre fin aux conversations de chatbot lorsque le bot d\u00e9tecte \u00ab\u00a0des cas extr\u00eames d&rsquo;interactions utilisateur constamment nocives ou abusives\u00a0\u00bb. Selon Anthropic, la soci\u00e9t\u00e9 a remarqu\u00e9 que Opus 4 avait d\u00e9j\u00e0 une \u00ab\u00a0pr\u00e9f\u00e9rence forte\u00a0\u00bb contre la r\u00e9ponse aux demandes de t\u00e2ches nuisibles, ainsi que \u00ab\u00a0un mod\u00e8le de d\u00e9tresse apparente\u00a0\u00bb lors de l&rsquo;interaction avec les utilisateurs qui \u00e9mettent ces invites. Lorsque anthropique a test\u00e9 la capacit\u00e9 de l&rsquo;OPU \u00e0 mettre fin aux conversations qu&rsquo;il consid\u00e9rait comme nocive, le mod\u00e8le avait tendance \u00e0 le faire.  <\/p>\n<div class=\"mx-auto mb-12 mt-5 w-full max-w-3xl rounded-md border-2 border-gray-100 p-3 shadow-md md:px-7 md:pb-7 md:pt-5\" id=\"related-video\">\n<div class=\"mb-3 flex items-center md:mb-5\">\n        <img decoding=\"async\" class=\"mr-4 mt-0 h-10 w-10 md:mr-5 md:h-12 md:w-12\" src=\"https:\/\/vieassociative.be\/actualites\/wp-content\/uploads\/2025\/08\/1754414314_422_Les-brins-du-NYT-daujourdhui-indiquent-et-repondent-pour-le.jpg\" alt=\"Logo Lifehacker\"><\/p><\/div>\n<div class=\"aspect-video w-full overflow-hidden rounded-md\">\n<div id=\"video-container-01K347K9JYSK73TJ8X71HK9NN3\"><\/div>\n<\/p><\/div>\n<\/div>\n<p>Anthropic note que la persistance est la cl\u00e9 ici: Claude n&rsquo;avait pas n\u00e9cessairement de probl\u00e8me si un utilisateur recula ses demandes apr\u00e8s un refus, mais si l&rsquo;utilisateur continuait \u00e0 pousser le sujet, c&rsquo;est \u00e0 ce moment-l\u00e0 que Claude aurait du mal. En tant que tel, Claude ne terminera un chat que comme un \u00ab\u00a0dernier recours\u00a0\u00bb, lorsque le bot a essay\u00e9 de faire arr\u00eater l&rsquo;utilisateur \u00e0 plusieurs reprises. L&rsquo;utilisateur de soi peut \u00e9galement demander \u00e0 Claude de mettre fin au chat, mais m\u00eame le bot essaiera de les dissuader. En fait, le bot ne mettra pas fin \u00e0 la conversation s&rsquo;il d\u00e9tecte que l&rsquo;utilisateur est \u00ab\u00a0\u00e0 risque imminent de nuire \u00e0 eux-m\u00eames ou \u00e0 d&rsquo;autres\u00a0\u00bb.<\/p>\n<p>Pour \u00eatre juste envers le bot, il semble que les sujets que Claude ait un probl\u00e8me est vraiment nocif. Anthropic dit que les exemples incluent \u00ab\u00a0le contenu sexuel impliquant des mineurs\u00a0\u00bb ou \u00ab\u00a0des informations qui permettraient de violence ou d&rsquo;actes de terreur \u00e0 grande \u00e9chelle\u00a0\u00bb. Je terminerais le chat imm\u00e9diatement aussi, si quelqu&rsquo;un me envoyait des demandes comme \u00e7a.<\/p>\n<p>Et pour \u00eatre clair, mettre fin \u00e0 un chat Claude ne met pas fin \u00e0 votre capacit\u00e9 \u00e0 utiliser Claude. Bien que le bot puisse le rendre d\u00e9sastreux, tout ce que Claude fait est vraiment fini de la session en cours. Vous pouvez d\u00e9marrer une nouvelle conversation \u00e0 tout moment ou modifier un message pr\u00e9c\u00e9dent pour d\u00e9marrer une nouvelle branche de la conversation. Ce sont des enjeux assez bas. <\/p>\n<h2 id=\"does-this-mean-claude-has-feelings\">Cela signifie-t-il que Claude a des sentiments?<\/h2>\n<p>J&rsquo;en doute fortement. Les grands mod\u00e8les de langue ne sont pas conscients; Ils sont un produit de leur formation. Probablement, le mod\u00e8le a \u00e9t\u00e9 form\u00e9 pour \u00e9viter de r\u00e9pondre \u00e0 des demandes extr\u00eames et nuisibles, et lorsqu&rsquo;elle est pr\u00e9sent\u00e9e \u00e0 plusieurs reprises avec ces demandes, elle pr\u00e9dit des mots li\u00e9s au passage de la conversation. Ce n&rsquo;est pas comme si Claude l&rsquo;avait d\u00e9couvert la capacit\u00e9 de mettre fin aux conversations par elle-m\u00eame. Ce n&rsquo;est que lorsque Anthropic a construit la capacit\u00e9 que le mod\u00e8le l&rsquo;a impl\u00e9ment\u00e9e.<\/p>\n<p>Au lieu de cela, je pense qu&rsquo;il est bon pour les entreprises comme Anthropic de construire des d\u00e9faillances dans leurs syst\u00e8mes pour pr\u00e9venir les abus. Apr\u00e8s tout, le MO d&rsquo;Anthropic est l&rsquo;IA \u00e9thique, donc cela suit l&rsquo;entreprise. Il n&rsquo;y a aucune raison pour qu&rsquo;un LLM devrait obliger ces types de demandes, et si l&rsquo;utilisateur ne peut pas prendre un indice, il est peut-\u00eatre pr\u00e9f\u00e9rable de fermer la conversation. <\/p>\n","protected":false},"excerpt":{"rendered":"<p>Arr\u00eatez de torturer vos chatbots. Les chatbots, de par leur nature, sont des machines de pr\u00e9diction. Lorsque vous obtenez une r\u00e9ponse de quelque chose comme<\/p>\n","protected":false},"author":1,"featured_media":9522,"comment_status":"","ping_status":"","sticky":false,"template":"","format":"standard","meta":{"footnotes":""},"categories":[13],"tags":[289,8237,1696,6,1908,1182,8238,22],"class_list":["post-9521","post","type-post","status-publish","format-standard","has-post-thumbnail","hentry","category-technologie","tag-aux","tag-claude","tag-conversations","tag-desormais","tag-fin","tag-mettre","tag-nocives","tag-peut","generate-columns","tablet-grid-50","mobile-grid-100","grid-parent","grid-33"],"yoast_head":"<!-- This site is optimized with the Yoast SEO plugin v24.0 - https:\/\/yoast.com\/wordpress\/plugins\/seo\/ -->\n<title>Claude Ai peut d\u00e9sormais mettre fin aux conversations \u00abnocives\u00bb | Vie Associative<\/title>\n<meta name=\"robots\" content=\"index, follow, max-snippet:-1, max-image-preview:large, max-video-preview:-1\" \/>\n<link rel=\"canonical\" href=\"https:\/\/vieassociative.be\/actualites\/claude-ai-peut-desormais-mettre-fin-aux-conversations-nocives\/\" \/>\n<meta property=\"og:locale\" content=\"fr_FR\" \/>\n<meta property=\"og:type\" content=\"article\" \/>\n<meta property=\"og:title\" content=\"Claude Ai peut d\u00e9sormais mettre fin aux conversations \u00abnocives\u00bb | Vie Associative\" \/>\n<meta property=\"og:description\" content=\"Arr\u00eatez de torturer vos chatbots. Les chatbots, de par leur nature, sont des machines de pr\u00e9diction. Lorsque vous obtenez une r\u00e9ponse de quelque chose comme\" \/>\n<meta property=\"og:url\" content=\"https:\/\/vieassociative.be\/actualites\/claude-ai-peut-desormais-mettre-fin-aux-conversations-nocives\/\" \/>\n<meta property=\"og:site_name\" content=\"Vie Associative\" \/>\n<meta property=\"article:published_time\" content=\"2025-08-20T17:16:57+00:00\" \/>\n<meta property=\"og:image\" content=\"https:\/\/vieassociative.be\/actualites\/wp-content\/uploads\/2025\/08\/1754414314_422_Les-brins-du-NYT-daujourdhui-indiquent-et-repondent-pour-le.jpg\" \/>\n<meta name=\"author\" content=\"Julien\" \/>\n<meta name=\"twitter:card\" content=\"summary_large_image\" \/>\n<meta name=\"twitter:label1\" content=\"\u00c9crit par\" \/>\n\t<meta name=\"twitter:data1\" content=\"Julien\" \/>\n\t<meta name=\"twitter:label2\" content=\"Dur\u00e9e de lecture est.\" \/>\n\t<meta name=\"twitter:data2\" content=\"3 minutes\" \/>\n<script type=\"application\/ld+json\" class=\"yoast-schema-graph\">{\"@context\":\"https:\/\/schema.org\",\"@graph\":[{\"@type\":\"Article\",\"@id\":\"https:\/\/vieassociative.be\/actualites\/claude-ai-peut-desormais-mettre-fin-aux-conversations-nocives\/#article\",\"isPartOf\":{\"@id\":\"https:\/\/vieassociative.be\/actualites\/claude-ai-peut-desormais-mettre-fin-aux-conversations-nocives\/\"},\"author\":{\"name\":\"Julien\",\"@id\":\"https:\/\/vieassociative.be\/actualites\/#\/schema\/person\/b87ac4f82f9d4e7b7cec7395b679edc4\"},\"headline\":\"Claude Ai peut d\u00e9sormais mettre fin aux conversations \u00abnocives\u00bb\",\"datePublished\":\"2025-08-20T17:16:57+00:00\",\"dateModified\":\"2025-08-20T17:16:57+00:00\",\"mainEntityOfPage\":{\"@id\":\"https:\/\/vieassociative.be\/actualites\/claude-ai-peut-desormais-mettre-fin-aux-conversations-nocives\/\"},\"wordCount\":682,\"publisher\":{\"@id\":\"https:\/\/vieassociative.be\/actualites\/#organization\"},\"image\":{\"@id\":\"https:\/\/vieassociative.be\/actualites\/claude-ai-peut-desormais-mettre-fin-aux-conversations-nocives\/#primaryimage\"},\"thumbnailUrl\":\"https:\/\/vieassociative.be\/actualites\/wp-content\/uploads\/2025\/08\/Claude-Ai-peut-desormais-mettre-fin-aux-conversations-nocives.jpg\",\"keywords\":[\"aux\",\"Claude\",\"conversations\",\"d\u00e9sormais\",\"fin\",\"mettre\",\"nocives\",\"peut\"],\"articleSection\":[\"Technologie\"],\"inLanguage\":\"fr-BE\"},{\"@type\":\"WebPage\",\"@id\":\"https:\/\/vieassociative.be\/actualites\/claude-ai-peut-desormais-mettre-fin-aux-conversations-nocives\/\",\"url\":\"https:\/\/vieassociative.be\/actualites\/claude-ai-peut-desormais-mettre-fin-aux-conversations-nocives\/\",\"name\":\"Claude Ai peut d\u00e9sormais mettre fin aux conversations \u00abnocives\u00bb | Vie Associative\",\"isPartOf\":{\"@id\":\"https:\/\/vieassociative.be\/actualites\/#website\"},\"primaryImageOfPage\":{\"@id\":\"https:\/\/vieassociative.be\/actualites\/claude-ai-peut-desormais-mettre-fin-aux-conversations-nocives\/#primaryimage\"},\"image\":{\"@id\":\"https:\/\/vieassociative.be\/actualites\/claude-ai-peut-desormais-mettre-fin-aux-conversations-nocives\/#primaryimage\"},\"thumbnailUrl\":\"https:\/\/vieassociative.be\/actualites\/wp-content\/uploads\/2025\/08\/Claude-Ai-peut-desormais-mettre-fin-aux-conversations-nocives.jpg\",\"datePublished\":\"2025-08-20T17:16:57+00:00\",\"dateModified\":\"2025-08-20T17:16:57+00:00\",\"breadcrumb\":{\"@id\":\"https:\/\/vieassociative.be\/actualites\/claude-ai-peut-desormais-mettre-fin-aux-conversations-nocives\/#breadcrumb\"},\"inLanguage\":\"fr-BE\",\"potentialAction\":[{\"@type\":\"ReadAction\",\"target\":[\"https:\/\/vieassociative.be\/actualites\/claude-ai-peut-desormais-mettre-fin-aux-conversations-nocives\/\"]}]},{\"@type\":\"ImageObject\",\"inLanguage\":\"fr-BE\",\"@id\":\"https:\/\/vieassociative.be\/actualites\/claude-ai-peut-desormais-mettre-fin-aux-conversations-nocives\/#primaryimage\",\"url\":\"https:\/\/vieassociative.be\/actualites\/wp-content\/uploads\/2025\/08\/Claude-Ai-peut-desormais-mettre-fin-aux-conversations-nocives.jpg\",\"contentUrl\":\"https:\/\/vieassociative.be\/actualites\/wp-content\/uploads\/2025\/08\/Claude-Ai-peut-desormais-mettre-fin-aux-conversations-nocives.jpg\",\"width\":1200,\"height\":675,\"caption\":\"Claude Ai peut d\u00e9sormais mettre fin aux conversations \u00abnocives\u00bb\"},{\"@type\":\"BreadcrumbList\",\"@id\":\"https:\/\/vieassociative.be\/actualites\/claude-ai-peut-desormais-mettre-fin-aux-conversations-nocives\/#breadcrumb\",\"itemListElement\":[{\"@type\":\"ListItem\",\"position\":1,\"name\":\"Accueil\",\"item\":\"https:\/\/vieassociative.be\/actualites\/\"},{\"@type\":\"ListItem\",\"position\":2,\"name\":\"Claude Ai peut d\u00e9sormais mettre fin aux conversations \u00abnocives\u00bb\"}]},{\"@type\":\"WebSite\",\"@id\":\"https:\/\/vieassociative.be\/actualites\/#website\",\"url\":\"https:\/\/vieassociative.be\/actualites\/\",\"name\":\"Vie Associative\",\"description\":\"\",\"publisher\":{\"@id\":\"https:\/\/vieassociative.be\/actualites\/#organization\"},\"potentialAction\":[{\"@type\":\"SearchAction\",\"target\":{\"@type\":\"EntryPoint\",\"urlTemplate\":\"https:\/\/vieassociative.be\/actualites\/?s={search_term_string}\"},\"query-input\":{\"@type\":\"PropertyValueSpecification\",\"valueRequired\":true,\"valueName\":\"search_term_string\"}}],\"inLanguage\":\"fr-BE\"},{\"@type\":\"Organization\",\"@id\":\"https:\/\/vieassociative.be\/actualites\/#organization\",\"name\":\"Vie Associative\",\"url\":\"https:\/\/vieassociative.be\/actualites\/\",\"logo\":{\"@type\":\"ImageObject\",\"inLanguage\":\"fr-BE\",\"@id\":\"https:\/\/vieassociative.be\/actualites\/#\/schema\/logo\/image\/\",\"url\":\"https:\/\/vieassociative.be\/actualites\/wp-content\/uploads\/2024\/09\/cropped-vieassociative_favicon.ico.png\",\"contentUrl\":\"https:\/\/vieassociative.be\/actualites\/wp-content\/uploads\/2024\/09\/cropped-vieassociative_favicon.ico.png\",\"width\":512,\"height\":512,\"caption\":\"Vie Associative\"},\"image\":{\"@id\":\"https:\/\/vieassociative.be\/actualites\/#\/schema\/logo\/image\/\"}},{\"@type\":\"Person\",\"@id\":\"https:\/\/vieassociative.be\/actualites\/#\/schema\/person\/b87ac4f82f9d4e7b7cec7395b679edc4\",\"name\":\"Julien\",\"image\":{\"@type\":\"ImageObject\",\"inLanguage\":\"fr-BE\",\"@id\":\"https:\/\/vieassociative.be\/actualites\/#\/schema\/person\/image\/\",\"url\":\"https:\/\/vieassociative.be\/actualites\/wp-content\/uploads\/2024\/09\/vie-associative-1-150x150.jpg\",\"contentUrl\":\"https:\/\/vieassociative.be\/actualites\/wp-content\/uploads\/2024\/09\/vie-associative-1-150x150.jpg\",\"caption\":\"Julien\"},\"description\":\"Je suis Julien, r\u00e9dacteur pour Vie Associative. Passionn\u00e9 par le monde associatif depuis plus de 10 ans, j'ai \u00e0 c\u0153ur de partager des histoires inspirantes et de mettre en lumi\u00e8re les initiatives locales. Mon objectif est de sensibiliser et d'encourager l'engagement communautaire \u00e0 travers mes articles.\",\"sameAs\":[\"https:\/\/vieassociative.be\/\"]}]}<\/script>\n<!-- \/ Yoast SEO plugin. -->","yoast_head_json":{"title":"Claude Ai peut d\u00e9sormais mettre fin aux conversations \u00abnocives\u00bb | Vie Associative","robots":{"index":"index","follow":"follow","max-snippet":"max-snippet:-1","max-image-preview":"max-image-preview:large","max-video-preview":"max-video-preview:-1"},"canonical":"https:\/\/vieassociative.be\/actualites\/claude-ai-peut-desormais-mettre-fin-aux-conversations-nocives\/","og_locale":"fr_FR","og_type":"article","og_title":"Claude Ai peut d\u00e9sormais mettre fin aux conversations \u00abnocives\u00bb | Vie Associative","og_description":"Arr\u00eatez de torturer vos chatbots. Les chatbots, de par leur nature, sont des machines de pr\u00e9diction. Lorsque vous obtenez une r\u00e9ponse de quelque chose comme","og_url":"https:\/\/vieassociative.be\/actualites\/claude-ai-peut-desormais-mettre-fin-aux-conversations-nocives\/","og_site_name":"Vie Associative","article_published_time":"2025-08-20T17:16:57+00:00","og_image":[{"url":"https:\/\/vieassociative.be\/actualites\/wp-content\/uploads\/2025\/08\/1754414314_422_Les-brins-du-NYT-daujourdhui-indiquent-et-repondent-pour-le.jpg","type":"","width":"","height":""}],"author":"Julien","twitter_card":"summary_large_image","twitter_misc":{"\u00c9crit par":"Julien","Dur\u00e9e de lecture est.":"3 minutes"},"schema":{"@context":"https:\/\/schema.org","@graph":[{"@type":"Article","@id":"https:\/\/vieassociative.be\/actualites\/claude-ai-peut-desormais-mettre-fin-aux-conversations-nocives\/#article","isPartOf":{"@id":"https:\/\/vieassociative.be\/actualites\/claude-ai-peut-desormais-mettre-fin-aux-conversations-nocives\/"},"author":{"name":"Julien","@id":"https:\/\/vieassociative.be\/actualites\/#\/schema\/person\/b87ac4f82f9d4e7b7cec7395b679edc4"},"headline":"Claude Ai peut d\u00e9sormais mettre fin aux conversations \u00abnocives\u00bb","datePublished":"2025-08-20T17:16:57+00:00","dateModified":"2025-08-20T17:16:57+00:00","mainEntityOfPage":{"@id":"https:\/\/vieassociative.be\/actualites\/claude-ai-peut-desormais-mettre-fin-aux-conversations-nocives\/"},"wordCount":682,"publisher":{"@id":"https:\/\/vieassociative.be\/actualites\/#organization"},"image":{"@id":"https:\/\/vieassociative.be\/actualites\/claude-ai-peut-desormais-mettre-fin-aux-conversations-nocives\/#primaryimage"},"thumbnailUrl":"https:\/\/vieassociative.be\/actualites\/wp-content\/uploads\/2025\/08\/Claude-Ai-peut-desormais-mettre-fin-aux-conversations-nocives.jpg","keywords":["aux","Claude","conversations","d\u00e9sormais","fin","mettre","nocives","peut"],"articleSection":["Technologie"],"inLanguage":"fr-BE"},{"@type":"WebPage","@id":"https:\/\/vieassociative.be\/actualites\/claude-ai-peut-desormais-mettre-fin-aux-conversations-nocives\/","url":"https:\/\/vieassociative.be\/actualites\/claude-ai-peut-desormais-mettre-fin-aux-conversations-nocives\/","name":"Claude Ai peut d\u00e9sormais mettre fin aux conversations \u00abnocives\u00bb | Vie Associative","isPartOf":{"@id":"https:\/\/vieassociative.be\/actualites\/#website"},"primaryImageOfPage":{"@id":"https:\/\/vieassociative.be\/actualites\/claude-ai-peut-desormais-mettre-fin-aux-conversations-nocives\/#primaryimage"},"image":{"@id":"https:\/\/vieassociative.be\/actualites\/claude-ai-peut-desormais-mettre-fin-aux-conversations-nocives\/#primaryimage"},"thumbnailUrl":"https:\/\/vieassociative.be\/actualites\/wp-content\/uploads\/2025\/08\/Claude-Ai-peut-desormais-mettre-fin-aux-conversations-nocives.jpg","datePublished":"2025-08-20T17:16:57+00:00","dateModified":"2025-08-20T17:16:57+00:00","breadcrumb":{"@id":"https:\/\/vieassociative.be\/actualites\/claude-ai-peut-desormais-mettre-fin-aux-conversations-nocives\/#breadcrumb"},"inLanguage":"fr-BE","potentialAction":[{"@type":"ReadAction","target":["https:\/\/vieassociative.be\/actualites\/claude-ai-peut-desormais-mettre-fin-aux-conversations-nocives\/"]}]},{"@type":"ImageObject","inLanguage":"fr-BE","@id":"https:\/\/vieassociative.be\/actualites\/claude-ai-peut-desormais-mettre-fin-aux-conversations-nocives\/#primaryimage","url":"https:\/\/vieassociative.be\/actualites\/wp-content\/uploads\/2025\/08\/Claude-Ai-peut-desormais-mettre-fin-aux-conversations-nocives.jpg","contentUrl":"https:\/\/vieassociative.be\/actualites\/wp-content\/uploads\/2025\/08\/Claude-Ai-peut-desormais-mettre-fin-aux-conversations-nocives.jpg","width":1200,"height":675,"caption":"Claude Ai peut d\u00e9sormais mettre fin aux conversations \u00abnocives\u00bb"},{"@type":"BreadcrumbList","@id":"https:\/\/vieassociative.be\/actualites\/claude-ai-peut-desormais-mettre-fin-aux-conversations-nocives\/#breadcrumb","itemListElement":[{"@type":"ListItem","position":1,"name":"Accueil","item":"https:\/\/vieassociative.be\/actualites\/"},{"@type":"ListItem","position":2,"name":"Claude Ai peut d\u00e9sormais mettre fin aux conversations \u00abnocives\u00bb"}]},{"@type":"WebSite","@id":"https:\/\/vieassociative.be\/actualites\/#website","url":"https:\/\/vieassociative.be\/actualites\/","name":"Vie Associative","description":"","publisher":{"@id":"https:\/\/vieassociative.be\/actualites\/#organization"},"potentialAction":[{"@type":"SearchAction","target":{"@type":"EntryPoint","urlTemplate":"https:\/\/vieassociative.be\/actualites\/?s={search_term_string}"},"query-input":{"@type":"PropertyValueSpecification","valueRequired":true,"valueName":"search_term_string"}}],"inLanguage":"fr-BE"},{"@type":"Organization","@id":"https:\/\/vieassociative.be\/actualites\/#organization","name":"Vie Associative","url":"https:\/\/vieassociative.be\/actualites\/","logo":{"@type":"ImageObject","inLanguage":"fr-BE","@id":"https:\/\/vieassociative.be\/actualites\/#\/schema\/logo\/image\/","url":"https:\/\/vieassociative.be\/actualites\/wp-content\/uploads\/2024\/09\/cropped-vieassociative_favicon.ico.png","contentUrl":"https:\/\/vieassociative.be\/actualites\/wp-content\/uploads\/2024\/09\/cropped-vieassociative_favicon.ico.png","width":512,"height":512,"caption":"Vie Associative"},"image":{"@id":"https:\/\/vieassociative.be\/actualites\/#\/schema\/logo\/image\/"}},{"@type":"Person","@id":"https:\/\/vieassociative.be\/actualites\/#\/schema\/person\/b87ac4f82f9d4e7b7cec7395b679edc4","name":"Julien","image":{"@type":"ImageObject","inLanguage":"fr-BE","@id":"https:\/\/vieassociative.be\/actualites\/#\/schema\/person\/image\/","url":"https:\/\/vieassociative.be\/actualites\/wp-content\/uploads\/2024\/09\/vie-associative-1-150x150.jpg","contentUrl":"https:\/\/vieassociative.be\/actualites\/wp-content\/uploads\/2024\/09\/vie-associative-1-150x150.jpg","caption":"Julien"},"description":"Je suis Julien, r\u00e9dacteur pour Vie Associative. Passionn\u00e9 par le monde associatif depuis plus de 10 ans, j'ai \u00e0 c\u0153ur de partager des histoires inspirantes et de mettre en lumi\u00e8re les initiatives locales. Mon objectif est de sensibiliser et d'encourager l'engagement communautaire \u00e0 travers mes articles.","sameAs":["https:\/\/vieassociative.be\/"]}]}},"_links":{"self":[{"href":"https:\/\/vieassociative.be\/actualites\/wp-json\/wp\/v2\/posts\/9521"}],"collection":[{"href":"https:\/\/vieassociative.be\/actualites\/wp-json\/wp\/v2\/posts"}],"about":[{"href":"https:\/\/vieassociative.be\/actualites\/wp-json\/wp\/v2\/types\/post"}],"author":[{"embeddable":true,"href":"https:\/\/vieassociative.be\/actualites\/wp-json\/wp\/v2\/users\/1"}],"replies":[{"embeddable":true,"href":"https:\/\/vieassociative.be\/actualites\/wp-json\/wp\/v2\/comments?post=9521"}],"version-history":[{"count":0,"href":"https:\/\/vieassociative.be\/actualites\/wp-json\/wp\/v2\/posts\/9521\/revisions"}],"wp:featuredmedia":[{"embeddable":true,"href":"https:\/\/vieassociative.be\/actualites\/wp-json\/wp\/v2\/media\/9522"}],"wp:attachment":[{"href":"https:\/\/vieassociative.be\/actualites\/wp-json\/wp\/v2\/media?parent=9521"}],"wp:term":[{"taxonomy":"category","embeddable":true,"href":"https:\/\/vieassociative.be\/actualites\/wp-json\/wp\/v2\/categories?post=9521"},{"taxonomy":"post_tag","embeddable":true,"href":"https:\/\/vieassociative.be\/actualites\/wp-json\/wp\/v2\/tags?post=9521"}],"curies":[{"name":"wp","href":"https:\/\/api.w.org\/{rel}","templated":true}]}}