{"id":9519,"date":"2025-08-20T16:17:22","date_gmt":"2025-08-20T14:17:22","guid":{"rendered":"https:\/\/vieassociative.be\/actualites\/tableau-de-voiture-charge-contre-lex-ministre-allemand\/"},"modified":"2025-08-20T16:17:22","modified_gmt":"2025-08-20T14:17:22","slug":"tableau-de-voiture-charge-contre-lex-ministre-allemand","status":"publish","type":"post","link":"https:\/\/vieassociative.be\/actualites\/tableau-de-voiture-charge-contre-lex-ministre-allemand\/","title":{"rendered":"Tableau de voiture: charge contre l&rsquo;ex-ministre allemand"},"content":{"rendered":"<p><strong>Pendant longtemps, ce fut une grande g\u00eane non seulement en Allemagne, mais aussi dans les r\u00e9gions frontali\u00e8res. L&rsquo;introduction d&rsquo;un p\u00e9age de voiture, pr\u00e9vue \u00e0 la demande de la CSU et de son ministre des Transports, Andreas Scheuer, a appel\u00e9 des politiciens, des associations professionnelles et des citoyens. En 2019, le projet a \u00e9t\u00e9 arr\u00eat\u00e9 par la Cour de justice europ\u00e9enne (CJCE).<\/strong><\/p>\n<p><span id=\"more-422777\"><\/span>Le bureau du procureur de Berlin a maintenant soulev\u00e9 des accusations contre Scheuer \u00e0 l&rsquo;\u00e9chec du p\u00e9age de voiture pour l&rsquo;all\u00e9gation d&rsquo;une fausse d\u00e9claration sans association devant le comit\u00e9 d&rsquo;enqu\u00eate du Bundestag. L&rsquo;ancien secr\u00e9taire d&rsquo;\u00c9tat, Gerhard Schulz, est accus\u00e9 d&rsquo;un porte-parole du bureau du procureur de l&rsquo;agence de presse allemande (DPA).<\/p>\n<p>Scheuer, un ancien politicien du Parti d\u00e9mocrate chr\u00e9tien bavarois CSU, avait ni\u00e9 l&rsquo;accusation l\u00e9galement pers\u00e9cut\u00e9e depuis 2022. Le projet de Toll-A Prestige par CSU, alors le gouvernement allemand de la chanceli\u00e8re Angela Merkel-Was, a \u00e9t\u00e9 arr\u00eat\u00e9 par la Cour de justice europ\u00e9enne (ECJ) en 2019.<\/p>\n<div id=\"attachment_120289\" class=\"wp-caption alignleft\" style=\"max-width: 300px\"><img fetchpriority=\"high\" decoding=\"async\" class=\"wp-image-120289 size-medium\" src=\"https:\/\/vieassociative.be\/actualites\/wp-content\/uploads\/2025\/08\/Tableau-de-voiture-charge-contre-lex-ministre-allemand.jpg\" alt=\"\" width=\"300\" height=\"200\"  ><\/div>\n<p>Le journal \u00ab\u00a0Bild\u00a0\u00bb a maintenant d\u00e9clar\u00e9 Scheuer: \u00ab\u00a0La d\u00e9cision de lever des accusations n&rsquo;est pas compr\u00e9hensible pour moi et me rend affect\u00e9e. Les motivations et le moment de l&rsquo;acte d&rsquo;accusation sont incompr\u00e9hensibles pour moi et semblent plus motiv\u00e9s politiquement. Apr\u00e8s une si longue p\u00e9riode de l&rsquo;examen, le procureur public utilise exactement le trou de m\u00e9dias si appel\u00e9 pour les charges.\u00a0\u00bb Scheuer n&rsquo;\u00e9tait initialement pas disponible pour une demande du DPA.<\/p>\n<p><strong>&#8211; Les enqu\u00eateurs 2022 initi\u00e9s:<\/strong> Le procureur de Berlin a lanc\u00e9 une enqu\u00eate contre Scheuer en avril 2022, soup\u00e7onn\u00e9 d&rsquo;une fausse d\u00e9claration au sein du comit\u00e9 parlementaire d&rsquo;enqu\u00eate et de l&rsquo;ancien secr\u00e9taire d&rsquo;\u00c9tat Schulz. La suspicion initiale est que Scheuer et Schulz avaient \u00ab\u00a0d\u00e9lib\u00e9r\u00e9ment\u00a0\u00bb dit honn\u00eatement \u00ab\u00a0un t\u00e9moignage, a-t-il d\u00e9clar\u00e9 \u00e0 l&rsquo;\u00e9poque.<\/p>\n<p>Quiconque est faux devant le tribunal ou devant quelqu&rsquo;un d&rsquo;autre, responsable des t\u00e9moins ou des experts en tant que t\u00e9moin ou expert, est \u00e0 tort, selon le Code p\u00e9nal allemand, est punie d&rsquo;une peine de prison de trois mois \u00e0 cinq ans<\/p>\n<div id=\"attachment_126409\" class=\"wp-caption alignleft\" style=\"max-width: 300px\"><img decoding=\"async\" class=\"wp-image-126409 size-medium\" src=\"https:\/\/vieassociative.be\/actualites\/wp-content\/uploads\/2025\/08\/1755699442_535_Tableau-de-voiture-charge-contre-lex-ministre-allemand.jpg\" alt=\"\" width=\"300\" height=\"185\"  ><\/div>\n<p>Plus pr\u00e9cis\u00e9ment, il s&rsquo;agissait de Scheuer de dire en octobre 2020 devant le Comit\u00e9 d&rsquo;enqu\u00eate que, selon sa m\u00e9moire, il n&rsquo;y avait aucune offre du consortium de l&rsquo;op\u00e9rateur de p\u00e9age d\u00e9sign\u00e9 pour reporter la conclusion du contrat au p\u00e9age de la voiture \u00e0 un moment suivant le jugement pr\u00e9vu de la CJE. Les gestionnaires des soci\u00e9t\u00e9s d&rsquo;op\u00e9rateurs \u00e0 p\u00e9age ont effectivement signal\u00e9 une telle gamme de Scheuer dans le comit\u00e9 que cela a rejet\u00e9 cela.<\/p>\n<p>Le Comit\u00e9 d&rsquo;enqu\u00eate concernait les erreurs possibles de Scheuer, qui a \u00e9t\u00e9 le ministre des Transports de mars 2018 \u00e0 d\u00e9cembre 2021. L&rsquo;opposition l&rsquo;a accus\u00e9 de graves erreurs en droit des m\u00e9nages et des achats au d\u00e9triment des contribuables. Il a conclu des contrats pour le p\u00e9age de la voiture avant m\u00eame que la certitude juridique n&rsquo;existe dans la CJCE. Scheuer a toujours ni\u00e9 les all\u00e9gations.<\/p>\n<p>\u00c0 la suite de la d\u00e9b\u00e2cle de p\u00e9age, l&rsquo;\u00c9tat allemand a d\u00fb payer 243 millions d&rsquo;euros de dommages-int\u00e9r\u00eats aux op\u00e9rateurs une fois pr\u00e9vu. Cela a entra\u00een\u00e9 un accord selon une proc\u00e9dure d&rsquo;arbitrage. Scheuer a d\u00e9clar\u00e9 en mai 2022 qu&rsquo;il avait v\u00e9ritablement d\u00e9clar\u00e9 devant le Comit\u00e9 d&rsquo;enqu\u00eate: \u00ab\u00a0Je suppose fermement qu&rsquo;un examen ne reviendra pas non plus \u00e0 aucun autre r\u00e9sultat\u00a0\u00bb. Selon les informations du bureau du procureur \u00e0 l&rsquo;\u00e9poque, l&rsquo;enqu\u00eate \u00e9tait bas\u00e9e sur plusieurs plaintes criminelles de particuliers.<\/p>\n<p>Scheuer a d\u00e9missionn\u00e9 de son mandat de Bundestag en avril 2024. Il a maintenant fond\u00e9 une soci\u00e9t\u00e9 de conseil. (DPA \/ CRE)<\/p>\n","protected":false},"excerpt":{"rendered":"<p>Pendant longtemps, ce fut une grande g\u00eane non seulement en Allemagne, mais aussi dans les r\u00e9gions frontali\u00e8res. L&rsquo;introduction d&rsquo;un p\u00e9age de voiture, pr\u00e9vue \u00e0 la<\/p>\n","protected":false},"author":1,"featured_media":9520,"comment_status":"","ping_status":"","sticky":false,"template":"","format":"standard","meta":{"footnotes":""},"categories":[298],"tags":[2732,3135,796,8236,2352,1229],"class_list":["post-9519","post","type-post","status-publish","format-standard","has-post-thumbnail","hentry","category-belgique","tag-allemand","tag-charge","tag-contre","tag-lexministre","tag-tableau","tag-voiture","generate-columns","tablet-grid-50","mobile-grid-100","grid-parent","grid-33"],"yoast_head":"<!-- This site is optimized with the Yoast SEO plugin v24.0 - https:\/\/yoast.com\/wordpress\/plugins\/seo\/ -->\n<title>Tableau de voiture: charge contre l&#039;ex-ministre allemand | Vie Associative<\/title>\n<meta name=\"robots\" content=\"index, follow, max-snippet:-1, max-image-preview:large, max-video-preview:-1\" \/>\n<link rel=\"canonical\" href=\"https:\/\/vieassociative.be\/actualites\/tableau-de-voiture-charge-contre-lex-ministre-allemand\/\" \/>\n<meta property=\"og:locale\" content=\"fr_FR\" \/>\n<meta property=\"og:type\" content=\"article\" \/>\n<meta property=\"og:title\" content=\"Tableau de voiture: charge contre l&#039;ex-ministre allemand | Vie Associative\" \/>\n<meta property=\"og:description\" content=\"Pendant longtemps, ce fut une grande g\u00eane non seulement en Allemagne, mais aussi dans les r\u00e9gions frontali\u00e8res. L&rsquo;introduction d&rsquo;un p\u00e9age de voiture, pr\u00e9vue \u00e0 la\" \/>\n<meta property=\"og:url\" content=\"https:\/\/vieassociative.be\/actualites\/tableau-de-voiture-charge-contre-lex-ministre-allemand\/\" \/>\n<meta property=\"og:site_name\" content=\"Vie Associative\" \/>\n<meta property=\"article:published_time\" content=\"2025-08-20T14:17:22+00:00\" \/>\n<meta property=\"og:image\" content=\"https:\/\/vieassociative.be\/actualites\/wp-content\/uploads\/2024\/09\/header_backgroundk-01-e1726694325946.png\" \/>\n\t<meta property=\"og:image:width\" content=\"279\" \/>\n\t<meta property=\"og:image:height\" content=\"92\" \/>\n\t<meta property=\"og:image:type\" content=\"image\/png\" \/>\n<meta name=\"author\" content=\"Julien\" \/>\n<meta name=\"twitter:card\" content=\"summary_large_image\" \/>\n<meta name=\"twitter:label1\" content=\"\u00c9crit par\" \/>\n\t<meta name=\"twitter:data1\" content=\"Julien\" \/>\n\t<meta name=\"twitter:label2\" content=\"Dur\u00e9e de lecture est.\" \/>\n\t<meta name=\"twitter:data2\" content=\"3 minutes\" \/>\n<script type=\"application\/ld+json\" class=\"yoast-schema-graph\">{\"@context\":\"https:\/\/schema.org\",\"@graph\":[{\"@type\":\"Article\",\"@id\":\"https:\/\/vieassociative.be\/actualites\/tableau-de-voiture-charge-contre-lex-ministre-allemand\/#article\",\"isPartOf\":{\"@id\":\"https:\/\/vieassociative.be\/actualites\/tableau-de-voiture-charge-contre-lex-ministre-allemand\/\"},\"author\":{\"name\":\"Julien\",\"@id\":\"https:\/\/vieassociative.be\/actualites\/#\/schema\/person\/b87ac4f82f9d4e7b7cec7395b679edc4\"},\"headline\":\"Tableau de voiture: charge contre l&rsquo;ex-ministre allemand\",\"datePublished\":\"2025-08-20T14:17:22+00:00\",\"dateModified\":\"2025-08-20T14:17:22+00:00\",\"mainEntityOfPage\":{\"@id\":\"https:\/\/vieassociative.be\/actualites\/tableau-de-voiture-charge-contre-lex-ministre-allemand\/\"},\"wordCount\":671,\"publisher\":{\"@id\":\"https:\/\/vieassociative.be\/actualites\/#organization\"},\"image\":{\"@id\":\"https:\/\/vieassociative.be\/actualites\/tableau-de-voiture-charge-contre-lex-ministre-allemand\/#primaryimage\"},\"thumbnailUrl\":\"https:\/\/vieassociative.be\/actualites\/wp-content\/uploads\/2025\/08\/1755699442_Tableau-de-voiture-charge-contre-lex-ministre-allemand.jpg\",\"keywords\":[\"allemand\",\"charge\",\"contre\",\"lexministre\",\"tableau\",\"voiture\"],\"articleSection\":[\"Belgique\"],\"inLanguage\":\"fr-BE\"},{\"@type\":\"WebPage\",\"@id\":\"https:\/\/vieassociative.be\/actualites\/tableau-de-voiture-charge-contre-lex-ministre-allemand\/\",\"url\":\"https:\/\/vieassociative.be\/actualites\/tableau-de-voiture-charge-contre-lex-ministre-allemand\/\",\"name\":\"Tableau de voiture: charge contre l'ex-ministre allemand | Vie Associative\",\"isPartOf\":{\"@id\":\"https:\/\/vieassociative.be\/actualites\/#website\"},\"primaryImageOfPage\":{\"@id\":\"https:\/\/vieassociative.be\/actualites\/tableau-de-voiture-charge-contre-lex-ministre-allemand\/#primaryimage\"},\"image\":{\"@id\":\"https:\/\/vieassociative.be\/actualites\/tableau-de-voiture-charge-contre-lex-ministre-allemand\/#primaryimage\"},\"thumbnailUrl\":\"https:\/\/vieassociative.be\/actualites\/wp-content\/uploads\/2025\/08\/1755699442_Tableau-de-voiture-charge-contre-lex-ministre-allemand.jpg\",\"datePublished\":\"2025-08-20T14:17:22+00:00\",\"dateModified\":\"2025-08-20T14:17:22+00:00\",\"breadcrumb\":{\"@id\":\"https:\/\/vieassociative.be\/actualites\/tableau-de-voiture-charge-contre-lex-ministre-allemand\/#breadcrumb\"},\"inLanguage\":\"fr-BE\",\"potentialAction\":[{\"@type\":\"ReadAction\",\"target\":[\"https:\/\/vieassociative.be\/actualites\/tableau-de-voiture-charge-contre-lex-ministre-allemand\/\"]}]},{\"@type\":\"ImageObject\",\"inLanguage\":\"fr-BE\",\"@id\":\"https:\/\/vieassociative.be\/actualites\/tableau-de-voiture-charge-contre-lex-ministre-allemand\/#primaryimage\",\"url\":\"https:\/\/vieassociative.be\/actualites\/wp-content\/uploads\/2025\/08\/1755699442_Tableau-de-voiture-charge-contre-lex-ministre-allemand.jpg\",\"contentUrl\":\"https:\/\/vieassociative.be\/actualites\/wp-content\/uploads\/2025\/08\/1755699442_Tableau-de-voiture-charge-contre-lex-ministre-allemand.jpg\",\"width\":1200,\"height\":800,\"caption\":\"Tableau de voiture: charge contre l'ex-ministre allemand\"},{\"@type\":\"BreadcrumbList\",\"@id\":\"https:\/\/vieassociative.be\/actualites\/tableau-de-voiture-charge-contre-lex-ministre-allemand\/#breadcrumb\",\"itemListElement\":[{\"@type\":\"ListItem\",\"position\":1,\"name\":\"Accueil\",\"item\":\"https:\/\/vieassociative.be\/actualites\/\"},{\"@type\":\"ListItem\",\"position\":2,\"name\":\"Tableau de voiture: charge contre l&rsquo;ex-ministre allemand\"}]},{\"@type\":\"WebSite\",\"@id\":\"https:\/\/vieassociative.be\/actualites\/#website\",\"url\":\"https:\/\/vieassociative.be\/actualites\/\",\"name\":\"Vie Associative\",\"description\":\"\",\"publisher\":{\"@id\":\"https:\/\/vieassociative.be\/actualites\/#organization\"},\"potentialAction\":[{\"@type\":\"SearchAction\",\"target\":{\"@type\":\"EntryPoint\",\"urlTemplate\":\"https:\/\/vieassociative.be\/actualites\/?s={search_term_string}\"},\"query-input\":{\"@type\":\"PropertyValueSpecification\",\"valueRequired\":true,\"valueName\":\"search_term_string\"}}],\"inLanguage\":\"fr-BE\"},{\"@type\":\"Organization\",\"@id\":\"https:\/\/vieassociative.be\/actualites\/#organization\",\"name\":\"Vie Associative\",\"url\":\"https:\/\/vieassociative.be\/actualites\/\",\"logo\":{\"@type\":\"ImageObject\",\"inLanguage\":\"fr-BE\",\"@id\":\"https:\/\/vieassociative.be\/actualites\/#\/schema\/logo\/image\/\",\"url\":\"https:\/\/vieassociative.be\/actualites\/wp-content\/uploads\/2024\/09\/cropped-vieassociative_favicon.ico.png\",\"contentUrl\":\"https:\/\/vieassociative.be\/actualites\/wp-content\/uploads\/2024\/09\/cropped-vieassociative_favicon.ico.png\",\"width\":512,\"height\":512,\"caption\":\"Vie Associative\"},\"image\":{\"@id\":\"https:\/\/vieassociative.be\/actualites\/#\/schema\/logo\/image\/\"}},{\"@type\":\"Person\",\"@id\":\"https:\/\/vieassociative.be\/actualites\/#\/schema\/person\/b87ac4f82f9d4e7b7cec7395b679edc4\",\"name\":\"Julien\",\"image\":{\"@type\":\"ImageObject\",\"inLanguage\":\"fr-BE\",\"@id\":\"https:\/\/vieassociative.be\/actualites\/#\/schema\/person\/image\/\",\"url\":\"https:\/\/vieassociative.be\/actualites\/wp-content\/uploads\/2024\/09\/vie-associative-1-150x150.jpg\",\"contentUrl\":\"https:\/\/vieassociative.be\/actualites\/wp-content\/uploads\/2024\/09\/vie-associative-1-150x150.jpg\",\"caption\":\"Julien\"},\"description\":\"Je suis Julien, r\u00e9dacteur pour Vie Associative. Passionn\u00e9 par le monde associatif depuis plus de 10 ans, j'ai \u00e0 c\u0153ur de partager des histoires inspirantes et de mettre en lumi\u00e8re les initiatives locales. Mon objectif est de sensibiliser et d'encourager l'engagement communautaire \u00e0 travers mes articles.\",\"sameAs\":[\"https:\/\/vieassociative.be\/\"]}]}<\/script>\n<!-- \/ Yoast SEO plugin. -->","yoast_head_json":{"title":"Tableau de voiture: charge contre l'ex-ministre allemand | Vie Associative","robots":{"index":"index","follow":"follow","max-snippet":"max-snippet:-1","max-image-preview":"max-image-preview:large","max-video-preview":"max-video-preview:-1"},"canonical":"https:\/\/vieassociative.be\/actualites\/tableau-de-voiture-charge-contre-lex-ministre-allemand\/","og_locale":"fr_FR","og_type":"article","og_title":"Tableau de voiture: charge contre l'ex-ministre allemand | Vie Associative","og_description":"Pendant longtemps, ce fut une grande g\u00eane non seulement en Allemagne, mais aussi dans les r\u00e9gions frontali\u00e8res. L&rsquo;introduction d&rsquo;un p\u00e9age de voiture, pr\u00e9vue \u00e0 la","og_url":"https:\/\/vieassociative.be\/actualites\/tableau-de-voiture-charge-contre-lex-ministre-allemand\/","og_site_name":"Vie Associative","article_published_time":"2025-08-20T14:17:22+00:00","og_image":[{"width":279,"height":92,"url":"https:\/\/vieassociative.be\/actualites\/wp-content\/uploads\/2024\/09\/header_backgroundk-01-e1726694325946.png","type":"image\/png"}],"author":"Julien","twitter_card":"summary_large_image","twitter_misc":{"\u00c9crit par":"Julien","Dur\u00e9e de lecture est.":"3 minutes"},"schema":{"@context":"https:\/\/schema.org","@graph":[{"@type":"Article","@id":"https:\/\/vieassociative.be\/actualites\/tableau-de-voiture-charge-contre-lex-ministre-allemand\/#article","isPartOf":{"@id":"https:\/\/vieassociative.be\/actualites\/tableau-de-voiture-charge-contre-lex-ministre-allemand\/"},"author":{"name":"Julien","@id":"https:\/\/vieassociative.be\/actualites\/#\/schema\/person\/b87ac4f82f9d4e7b7cec7395b679edc4"},"headline":"Tableau de voiture: charge contre l&rsquo;ex-ministre allemand","datePublished":"2025-08-20T14:17:22+00:00","dateModified":"2025-08-20T14:17:22+00:00","mainEntityOfPage":{"@id":"https:\/\/vieassociative.be\/actualites\/tableau-de-voiture-charge-contre-lex-ministre-allemand\/"},"wordCount":671,"publisher":{"@id":"https:\/\/vieassociative.be\/actualites\/#organization"},"image":{"@id":"https:\/\/vieassociative.be\/actualites\/tableau-de-voiture-charge-contre-lex-ministre-allemand\/#primaryimage"},"thumbnailUrl":"https:\/\/vieassociative.be\/actualites\/wp-content\/uploads\/2025\/08\/1755699442_Tableau-de-voiture-charge-contre-lex-ministre-allemand.jpg","keywords":["allemand","charge","contre","lexministre","tableau","voiture"],"articleSection":["Belgique"],"inLanguage":"fr-BE"},{"@type":"WebPage","@id":"https:\/\/vieassociative.be\/actualites\/tableau-de-voiture-charge-contre-lex-ministre-allemand\/","url":"https:\/\/vieassociative.be\/actualites\/tableau-de-voiture-charge-contre-lex-ministre-allemand\/","name":"Tableau de voiture: charge contre l'ex-ministre allemand | Vie Associative","isPartOf":{"@id":"https:\/\/vieassociative.be\/actualites\/#website"},"primaryImageOfPage":{"@id":"https:\/\/vieassociative.be\/actualites\/tableau-de-voiture-charge-contre-lex-ministre-allemand\/#primaryimage"},"image":{"@id":"https:\/\/vieassociative.be\/actualites\/tableau-de-voiture-charge-contre-lex-ministre-allemand\/#primaryimage"},"thumbnailUrl":"https:\/\/vieassociative.be\/actualites\/wp-content\/uploads\/2025\/08\/1755699442_Tableau-de-voiture-charge-contre-lex-ministre-allemand.jpg","datePublished":"2025-08-20T14:17:22+00:00","dateModified":"2025-08-20T14:17:22+00:00","breadcrumb":{"@id":"https:\/\/vieassociative.be\/actualites\/tableau-de-voiture-charge-contre-lex-ministre-allemand\/#breadcrumb"},"inLanguage":"fr-BE","potentialAction":[{"@type":"ReadAction","target":["https:\/\/vieassociative.be\/actualites\/tableau-de-voiture-charge-contre-lex-ministre-allemand\/"]}]},{"@type":"ImageObject","inLanguage":"fr-BE","@id":"https:\/\/vieassociative.be\/actualites\/tableau-de-voiture-charge-contre-lex-ministre-allemand\/#primaryimage","url":"https:\/\/vieassociative.be\/actualites\/wp-content\/uploads\/2025\/08\/1755699442_Tableau-de-voiture-charge-contre-lex-ministre-allemand.jpg","contentUrl":"https:\/\/vieassociative.be\/actualites\/wp-content\/uploads\/2025\/08\/1755699442_Tableau-de-voiture-charge-contre-lex-ministre-allemand.jpg","width":1200,"height":800,"caption":"Tableau de voiture: charge contre l'ex-ministre allemand"},{"@type":"BreadcrumbList","@id":"https:\/\/vieassociative.be\/actualites\/tableau-de-voiture-charge-contre-lex-ministre-allemand\/#breadcrumb","itemListElement":[{"@type":"ListItem","position":1,"name":"Accueil","item":"https:\/\/vieassociative.be\/actualites\/"},{"@type":"ListItem","position":2,"name":"Tableau de voiture: charge contre l&rsquo;ex-ministre allemand"}]},{"@type":"WebSite","@id":"https:\/\/vieassociative.be\/actualites\/#website","url":"https:\/\/vieassociative.be\/actualites\/","name":"Vie Associative","description":"","publisher":{"@id":"https:\/\/vieassociative.be\/actualites\/#organization"},"potentialAction":[{"@type":"SearchAction","target":{"@type":"EntryPoint","urlTemplate":"https:\/\/vieassociative.be\/actualites\/?s={search_term_string}"},"query-input":{"@type":"PropertyValueSpecification","valueRequired":true,"valueName":"search_term_string"}}],"inLanguage":"fr-BE"},{"@type":"Organization","@id":"https:\/\/vieassociative.be\/actualites\/#organization","name":"Vie Associative","url":"https:\/\/vieassociative.be\/actualites\/","logo":{"@type":"ImageObject","inLanguage":"fr-BE","@id":"https:\/\/vieassociative.be\/actualites\/#\/schema\/logo\/image\/","url":"https:\/\/vieassociative.be\/actualites\/wp-content\/uploads\/2024\/09\/cropped-vieassociative_favicon.ico.png","contentUrl":"https:\/\/vieassociative.be\/actualites\/wp-content\/uploads\/2024\/09\/cropped-vieassociative_favicon.ico.png","width":512,"height":512,"caption":"Vie Associative"},"image":{"@id":"https:\/\/vieassociative.be\/actualites\/#\/schema\/logo\/image\/"}},{"@type":"Person","@id":"https:\/\/vieassociative.be\/actualites\/#\/schema\/person\/b87ac4f82f9d4e7b7cec7395b679edc4","name":"Julien","image":{"@type":"ImageObject","inLanguage":"fr-BE","@id":"https:\/\/vieassociative.be\/actualites\/#\/schema\/person\/image\/","url":"https:\/\/vieassociative.be\/actualites\/wp-content\/uploads\/2024\/09\/vie-associative-1-150x150.jpg","contentUrl":"https:\/\/vieassociative.be\/actualites\/wp-content\/uploads\/2024\/09\/vie-associative-1-150x150.jpg","caption":"Julien"},"description":"Je suis Julien, r\u00e9dacteur pour Vie Associative. Passionn\u00e9 par le monde associatif depuis plus de 10 ans, j'ai \u00e0 c\u0153ur de partager des histoires inspirantes et de mettre en lumi\u00e8re les initiatives locales. Mon objectif est de sensibiliser et d'encourager l'engagement communautaire \u00e0 travers mes articles.","sameAs":["https:\/\/vieassociative.be\/"]}]}},"_links":{"self":[{"href":"https:\/\/vieassociative.be\/actualites\/wp-json\/wp\/v2\/posts\/9519"}],"collection":[{"href":"https:\/\/vieassociative.be\/actualites\/wp-json\/wp\/v2\/posts"}],"about":[{"href":"https:\/\/vieassociative.be\/actualites\/wp-json\/wp\/v2\/types\/post"}],"author":[{"embeddable":true,"href":"https:\/\/vieassociative.be\/actualites\/wp-json\/wp\/v2\/users\/1"}],"replies":[{"embeddable":true,"href":"https:\/\/vieassociative.be\/actualites\/wp-json\/wp\/v2\/comments?post=9519"}],"version-history":[{"count":0,"href":"https:\/\/vieassociative.be\/actualites\/wp-json\/wp\/v2\/posts\/9519\/revisions"}],"wp:featuredmedia":[{"embeddable":true,"href":"https:\/\/vieassociative.be\/actualites\/wp-json\/wp\/v2\/media\/9520"}],"wp:attachment":[{"href":"https:\/\/vieassociative.be\/actualites\/wp-json\/wp\/v2\/media?parent=9519"}],"wp:term":[{"taxonomy":"category","embeddable":true,"href":"https:\/\/vieassociative.be\/actualites\/wp-json\/wp\/v2\/categories?post=9519"},{"taxonomy":"post_tag","embeddable":true,"href":"https:\/\/vieassociative.be\/actualites\/wp-json\/wp\/v2\/tags?post=9519"}],"curies":[{"name":"wp","href":"https:\/\/api.w.org\/{rel}","templated":true}]}}