{"id":9507,"date":"2025-08-20T04:17:27","date_gmt":"2025-08-20T02:17:27","guid":{"rendered":"https:\/\/vieassociative.be\/actualites\/fc-bruges-apres-3-1-victoire-aux-rangers-a-glasgow-avec-une-jambe-en-ligue-des-champions\/"},"modified":"2025-08-20T04:17:27","modified_gmt":"2025-08-20T02:17:27","slug":"fc-bruges-apres-3-1-victoire-aux-rangers-a-glasgow-avec-une-jambe-en-ligue-des-champions","status":"publish","type":"post","link":"https:\/\/vieassociative.be\/actualites\/fc-bruges-apres-3-1-victoire-aux-rangers-a-glasgow-avec-une-jambe-en-ligue-des-champions\/","title":{"rendered":"FC Bruges apr\u00e8s 3-1, victoire aux Rangers \u00e0 Glasgow avec une jambe en Ligue des champions"},"content":{"rendered":"<p><strong>Le football belge a d\u00e9sormais des chances encore mieux d&rsquo;\u00eatre repr\u00e9sent\u00e9s avec deux clubs lors de la ronde principale de la Ligue des champions 2025\/2026. Le vice-ma\u00eetre FC Bruges a remport\u00e9 le match des s\u00e9ries \u00e9liminatoires aux Glasgow Rangers 3: 1. L&rsquo;Union Saint-Gilloise est automatiquement fix\u00e9 en tant que champion national.<\/strong><\/p>\n<p><span id=\"more-422750\"><\/span>Dans le stade Ibrox de Glasgow, l&rsquo;entra\u00eeneur de Br\u00fcgge Hayen a choisi Sabbe en d\u00e9fense et Stankovic au milieu de terrain. Forbs, qui avait montr\u00e9 une performance impressionnante lors du tour pr\u00e9c\u00e9dent contre RB Salzbourg, \u00e0 nouveau \u00e0 nouveau \u00e0 c\u00f4t\u00e9 de Vermant et Tzolis dans la temp\u00eate. Ord\u00f3nez, qui \u00e9tait temporairement associ\u00e9 \u00e0 l&rsquo;Olympique Marseille, est retourn\u00e9 \u00e0 l&rsquo;\u00e9quipe de Bruges, qui comprenait \u00e9galement les nouveaux arrivants Diakhon.<\/p>\n<p>L&rsquo;international belge Raskin \u00e9tait au milieu de terrain dans les Rangers. Dans l&rsquo;attaque, les \u00c9cossais comptent sur l&rsquo;attaquant fran\u00e7ais de 21 ans Gassama, qui a marqu\u00e9 quatre des sept portes des Rangers dans cette ronde de qualification. Remarque: I de la saison 2022-2023 a \u00e9t\u00e9 emprunt\u00e9 au Paris Saint-Germain \u00e0 &#8230; comme Eupen.<\/p>\n<div id=\"attachment_422755\" class=\"wp-caption alignleft\" style=\"max-width: 300px\"><img fetchpriority=\"high\" decoding=\"async\" class=\"wp-image-422755 size-medium\" src=\"https:\/\/vieassociative.be\/actualites\/wp-content\/uploads\/2025\/08\/FC-Bruges-apres-3-1-victoire-aux-Rangers-a-Glasgow-avec.jpg\" alt=\"\" width=\"300\" height=\"206\"><\/div>\n<p>Dans les premi\u00e8res minutes du match, c&rsquo;est vermant qui a fait des d\u00e9buts sensationnels. Apr\u00e8s un flanc d&rsquo;un gasama, le jeune attaquant a \u00e9t\u00e9 envoy\u00e9 et a utilis\u00e9 une erreur de communication entre Djiga et Butland pour d\u00e9passer le gardien \u00e9cossais. Bruges a pris les devants \u00e0 la troisi\u00e8me minute.<\/p>\n<p>Pas le temps de prendre un clich\u00e9 pour les Rangers! Quatre minutes plus tard, Spileers est apparu de la deuxi\u00e8me rang\u00e9e apr\u00e8s un coin de Tzolis et a pris le ballon au point de p\u00e9nalit\u00e9 avec une demi-vol\u00e9e. Compl\u00e8tement d\u00e9couvert, l&rsquo;avocat de la d\u00e9fense dans l&rsquo;objectif vide. Bruges a men\u00e9 0: 2, apr\u00e8s moins de dix minutes de jeu.<\/p>\n<p>Les hommes de Hayen ne semblaient pas en avoir assez et ont mis la d\u00e9fense \u00e9cossaise sous pression. Apr\u00e8s un flanc mal clarifi\u00e9, Bruges est venu au ballon au milieu. Mechele n&rsquo;a pas h\u00e9sit\u00e9 longtemps et s&rsquo;est retir\u00e9 courageusement de 25 m\u00e8tres. Le gardien de but des Rangers, Butland, n&rsquo;avait aucune chance. Le moyen id\u00e9al pour Mechele de c\u00e9l\u00e9brer son 500e match dans le maillot FC Bruges.<\/p>\n<div id=\"attachment_422758\" class=\"wp-caption alignleft\" style=\"max-width: 300px\"><img decoding=\"async\" class=\"wp-image-422758 size-medium\" src=\"https:\/\/vieassociative.be\/actualites\/wp-content\/uploads\/2025\/08\/1755656247_951_FC-Bruges-apres-3-1-victoire-aux-Rangers-a-Glasgow-avec.jpg\" alt=\"\" width=\"300\" height=\"201\"><\/div>\n<p>Peu avant une demi-heure, les Rangers sont finalement sortis de leur couverture et ont pour la premi\u00e8re fois provoqu\u00e9 un danger devant le but de Mignolet. Le tir de Rothwell est all\u00e9 au poste \u00e0 la 27e minute.<\/p>\n<p>Le d\u00e9but de la seconde moiti\u00e9 \u00e9tait en faveur des Rangers, qui \u00e9tait \u00e9galement \u00e0 pr\u00e9voir. Les \u00c9cossais sont revenus sur le terrain avec de meilleures intentions. \u00c0 la 50e minute, Danilo a raccourci le d\u00e9ficit apr\u00e8s un croisement de Meghoma. Le Br\u00e9silien n&rsquo;a donn\u00e9 aucune chance \u00e0 Mignolet. Le public du stade Ibrox s&rsquo;est r\u00e9veill\u00e9. Br\u00fcgge a pris sa retraite pendant quelques minutes avant que Stankovic et Mechele ne reviennent aux chances, mais ils n&rsquo;\u00e9taient pas utilis\u00e9s.<\/p>\n<p>Peu de temps apr\u00e8s l&rsquo;heure, il y a eu le premier changement. L&rsquo;entra\u00eeneur des Rangers Martin a amen\u00e9 Aasgaard et Igamane pour Danilo et Diomande. Bruges a obtenu un autre choc un peu plus de dix minutes avant la fin: \u00e0 la 78e minute, Gassama a montr\u00e9 une performance brillante \u00e0 gauche et a p\u00e9n\u00e9tr\u00e9 la surface de p\u00e9nalit\u00e9. Apr\u00e8s un premier coup que Mechele a pu conjurer inad\u00e9quat, le Fran\u00e7ais Mignolet a surmont\u00e9 le Br\u00fcgger Tor. Heureusement pour les entra\u00eeneurs Hayen et ses hommes, le VAR est intervenu et l&rsquo;arbitre Letexier a \u00e9t\u00e9 annul\u00e9 le but parce que le gardien de Br\u00fcgger a tenu le ballon entre ses mains lorsque Gassama l&rsquo;a press\u00e9 dans le filet. Plus de choc que de dommages \u00e0 \u00ab\u00a0Blauw en Zwart\u00a0\u00bb, qui a gard\u00e9 son avance sur deux buts. (Cre)<\/p>\n","protected":false},"excerpt":{"rendered":"<p>Le football belge a d\u00e9sormais des chances encore mieux d&rsquo;\u00eatre repr\u00e9sent\u00e9s avec deux clubs lors de la ronde principale de la Ligue des champions 2025\/2026.<\/p>\n","protected":false},"author":1,"featured_media":9508,"comment_status":"","ping_status":"","sticky":false,"template":"","format":"standard","meta":{"footnotes":""},"categories":[298],"tags":[472,289,61,2851,2818,29,3569,8230,2817,8229,110,784],"class_list":["post-9507","post","type-post","status-publish","format-standard","has-post-thumbnail","hentry","category-belgique","tag-apres","tag-aux","tag-avec","tag-bruges","tag-champions","tag-des","tag-glasgow","tag-jambe","tag-ligue","tag-rangers","tag-une","tag-victoire","generate-columns","tablet-grid-50","mobile-grid-100","grid-parent","grid-33"],"yoast_head":"<!-- This site is optimized with the Yoast SEO plugin v24.0 - https:\/\/yoast.com\/wordpress\/plugins\/seo\/ -->\n<title>FC Bruges apr\u00e8s 3-1, victoire aux Rangers \u00e0 Glasgow avec une jambe en Ligue des champions | Vie Associative<\/title>\n<meta name=\"robots\" content=\"index, follow, max-snippet:-1, max-image-preview:large, max-video-preview:-1\" \/>\n<link rel=\"canonical\" href=\"https:\/\/vieassociative.be\/actualites\/fc-bruges-apres-3-1-victoire-aux-rangers-a-glasgow-avec-une-jambe-en-ligue-des-champions\/\" \/>\n<meta property=\"og:locale\" content=\"fr_FR\" \/>\n<meta property=\"og:type\" content=\"article\" \/>\n<meta property=\"og:title\" content=\"FC Bruges apr\u00e8s 3-1, victoire aux Rangers \u00e0 Glasgow avec une jambe en Ligue des champions | Vie Associative\" \/>\n<meta property=\"og:description\" content=\"Le football belge a d\u00e9sormais des chances encore mieux d&rsquo;\u00eatre repr\u00e9sent\u00e9s avec deux clubs lors de la ronde principale de la Ligue des champions 2025\/2026.\" \/>\n<meta property=\"og:url\" content=\"https:\/\/vieassociative.be\/actualites\/fc-bruges-apres-3-1-victoire-aux-rangers-a-glasgow-avec-une-jambe-en-ligue-des-champions\/\" \/>\n<meta property=\"og:site_name\" content=\"Vie Associative\" \/>\n<meta property=\"article:published_time\" content=\"2025-08-20T02:17:27+00:00\" \/>\n<meta property=\"og:image\" content=\"https:\/\/vieassociative.be\/actualites\/wp-content\/uploads\/2024\/09\/header_backgroundk-01-e1726694325946.png\" \/>\n\t<meta property=\"og:image:width\" content=\"279\" \/>\n\t<meta property=\"og:image:height\" content=\"92\" \/>\n\t<meta property=\"og:image:type\" content=\"image\/png\" \/>\n<meta name=\"author\" content=\"Julien\" \/>\n<meta name=\"twitter:card\" content=\"summary_large_image\" \/>\n<meta name=\"twitter:label1\" content=\"\u00c9crit par\" \/>\n\t<meta name=\"twitter:data1\" content=\"Julien\" \/>\n\t<meta name=\"twitter:label2\" content=\"Dur\u00e9e de lecture est.\" \/>\n\t<meta name=\"twitter:data2\" content=\"3 minutes\" \/>\n<script type=\"application\/ld+json\" class=\"yoast-schema-graph\">{\"@context\":\"https:\/\/schema.org\",\"@graph\":[{\"@type\":\"Article\",\"@id\":\"https:\/\/vieassociative.be\/actualites\/fc-bruges-apres-3-1-victoire-aux-rangers-a-glasgow-avec-une-jambe-en-ligue-des-champions\/#article\",\"isPartOf\":{\"@id\":\"https:\/\/vieassociative.be\/actualites\/fc-bruges-apres-3-1-victoire-aux-rangers-a-glasgow-avec-une-jambe-en-ligue-des-champions\/\"},\"author\":{\"name\":\"Julien\",\"@id\":\"https:\/\/vieassociative.be\/actualites\/#\/schema\/person\/b87ac4f82f9d4e7b7cec7395b679edc4\"},\"headline\":\"FC Bruges apr\u00e8s 3-1, victoire aux Rangers \u00e0 Glasgow avec une jambe en Ligue des champions\",\"datePublished\":\"2025-08-20T02:17:27+00:00\",\"dateModified\":\"2025-08-20T02:17:27+00:00\",\"mainEntityOfPage\":{\"@id\":\"https:\/\/vieassociative.be\/actualites\/fc-bruges-apres-3-1-victoire-aux-rangers-a-glasgow-avec-une-jambe-en-ligue-des-champions\/\"},\"wordCount\":672,\"publisher\":{\"@id\":\"https:\/\/vieassociative.be\/actualites\/#organization\"},\"image\":{\"@id\":\"https:\/\/vieassociative.be\/actualites\/fc-bruges-apres-3-1-victoire-aux-rangers-a-glasgow-avec-une-jambe-en-ligue-des-champions\/#primaryimage\"},\"thumbnailUrl\":\"https:\/\/vieassociative.be\/actualites\/wp-content\/uploads\/2025\/08\/1755656247_FC-Bruges-apres-3-1-victoire-aux-Rangers-a-Glasgow-avec.jpg\",\"keywords\":[\"Apr\u00e8s\",\"aux\",\"avec\",\"Bruges\",\"Champions\",\"Des\",\"Glasgow\",\"jambe\",\"Ligue\",\"Rangers\",\"une\",\"victoire\"],\"articleSection\":[\"Belgique\"],\"inLanguage\":\"fr-BE\"},{\"@type\":\"WebPage\",\"@id\":\"https:\/\/vieassociative.be\/actualites\/fc-bruges-apres-3-1-victoire-aux-rangers-a-glasgow-avec-une-jambe-en-ligue-des-champions\/\",\"url\":\"https:\/\/vieassociative.be\/actualites\/fc-bruges-apres-3-1-victoire-aux-rangers-a-glasgow-avec-une-jambe-en-ligue-des-champions\/\",\"name\":\"FC Bruges apr\u00e8s 3-1, victoire aux Rangers \u00e0 Glasgow avec une jambe en Ligue des champions | Vie Associative\",\"isPartOf\":{\"@id\":\"https:\/\/vieassociative.be\/actualites\/#website\"},\"primaryImageOfPage\":{\"@id\":\"https:\/\/vieassociative.be\/actualites\/fc-bruges-apres-3-1-victoire-aux-rangers-a-glasgow-avec-une-jambe-en-ligue-des-champions\/#primaryimage\"},\"image\":{\"@id\":\"https:\/\/vieassociative.be\/actualites\/fc-bruges-apres-3-1-victoire-aux-rangers-a-glasgow-avec-une-jambe-en-ligue-des-champions\/#primaryimage\"},\"thumbnailUrl\":\"https:\/\/vieassociative.be\/actualites\/wp-content\/uploads\/2025\/08\/1755656247_FC-Bruges-apres-3-1-victoire-aux-Rangers-a-Glasgow-avec.jpg\",\"datePublished\":\"2025-08-20T02:17:27+00:00\",\"dateModified\":\"2025-08-20T02:17:27+00:00\",\"breadcrumb\":{\"@id\":\"https:\/\/vieassociative.be\/actualites\/fc-bruges-apres-3-1-victoire-aux-rangers-a-glasgow-avec-une-jambe-en-ligue-des-champions\/#breadcrumb\"},\"inLanguage\":\"fr-BE\",\"potentialAction\":[{\"@type\":\"ReadAction\",\"target\":[\"https:\/\/vieassociative.be\/actualites\/fc-bruges-apres-3-1-victoire-aux-rangers-a-glasgow-avec-une-jambe-en-ligue-des-champions\/\"]}]},{\"@type\":\"ImageObject\",\"inLanguage\":\"fr-BE\",\"@id\":\"https:\/\/vieassociative.be\/actualites\/fc-bruges-apres-3-1-victoire-aux-rangers-a-glasgow-avec-une-jambe-en-ligue-des-champions\/#primaryimage\",\"url\":\"https:\/\/vieassociative.be\/actualites\/wp-content\/uploads\/2025\/08\/1755656247_FC-Bruges-apres-3-1-victoire-aux-Rangers-a-Glasgow-avec.jpg\",\"contentUrl\":\"https:\/\/vieassociative.be\/actualites\/wp-content\/uploads\/2025\/08\/1755656247_FC-Bruges-apres-3-1-victoire-aux-Rangers-a-Glasgow-avec.jpg\",\"width\":1200,\"height\":798,\"caption\":\"FC Bruges apr\u00e8s 3-1, victoire aux Rangers \u00e0 Glasgow avec une jambe en Ligue des champions\"},{\"@type\":\"BreadcrumbList\",\"@id\":\"https:\/\/vieassociative.be\/actualites\/fc-bruges-apres-3-1-victoire-aux-rangers-a-glasgow-avec-une-jambe-en-ligue-des-champions\/#breadcrumb\",\"itemListElement\":[{\"@type\":\"ListItem\",\"position\":1,\"name\":\"Accueil\",\"item\":\"https:\/\/vieassociative.be\/actualites\/\"},{\"@type\":\"ListItem\",\"position\":2,\"name\":\"FC Bruges apr\u00e8s 3-1, victoire aux Rangers \u00e0 Glasgow avec une jambe en Ligue des champions\"}]},{\"@type\":\"WebSite\",\"@id\":\"https:\/\/vieassociative.be\/actualites\/#website\",\"url\":\"https:\/\/vieassociative.be\/actualites\/\",\"name\":\"Vie Associative\",\"description\":\"\",\"publisher\":{\"@id\":\"https:\/\/vieassociative.be\/actualites\/#organization\"},\"potentialAction\":[{\"@type\":\"SearchAction\",\"target\":{\"@type\":\"EntryPoint\",\"urlTemplate\":\"https:\/\/vieassociative.be\/actualites\/?s={search_term_string}\"},\"query-input\":{\"@type\":\"PropertyValueSpecification\",\"valueRequired\":true,\"valueName\":\"search_term_string\"}}],\"inLanguage\":\"fr-BE\"},{\"@type\":\"Organization\",\"@id\":\"https:\/\/vieassociative.be\/actualites\/#organization\",\"name\":\"Vie Associative\",\"url\":\"https:\/\/vieassociative.be\/actualites\/\",\"logo\":{\"@type\":\"ImageObject\",\"inLanguage\":\"fr-BE\",\"@id\":\"https:\/\/vieassociative.be\/actualites\/#\/schema\/logo\/image\/\",\"url\":\"https:\/\/vieassociative.be\/actualites\/wp-content\/uploads\/2024\/09\/cropped-vieassociative_favicon.ico.png\",\"contentUrl\":\"https:\/\/vieassociative.be\/actualites\/wp-content\/uploads\/2024\/09\/cropped-vieassociative_favicon.ico.png\",\"width\":512,\"height\":512,\"caption\":\"Vie Associative\"},\"image\":{\"@id\":\"https:\/\/vieassociative.be\/actualites\/#\/schema\/logo\/image\/\"}},{\"@type\":\"Person\",\"@id\":\"https:\/\/vieassociative.be\/actualites\/#\/schema\/person\/b87ac4f82f9d4e7b7cec7395b679edc4\",\"name\":\"Julien\",\"image\":{\"@type\":\"ImageObject\",\"inLanguage\":\"fr-BE\",\"@id\":\"https:\/\/vieassociative.be\/actualites\/#\/schema\/person\/image\/\",\"url\":\"https:\/\/vieassociative.be\/actualites\/wp-content\/uploads\/2024\/09\/vie-associative-1-150x150.jpg\",\"contentUrl\":\"https:\/\/vieassociative.be\/actualites\/wp-content\/uploads\/2024\/09\/vie-associative-1-150x150.jpg\",\"caption\":\"Julien\"},\"description\":\"Je suis Julien, r\u00e9dacteur pour Vie Associative. Passionn\u00e9 par le monde associatif depuis plus de 10 ans, j'ai \u00e0 c\u0153ur de partager des histoires inspirantes et de mettre en lumi\u00e8re les initiatives locales. Mon objectif est de sensibiliser et d'encourager l'engagement communautaire \u00e0 travers mes articles.\",\"sameAs\":[\"https:\/\/vieassociative.be\/\"]}]}<\/script>\n<!-- \/ Yoast SEO plugin. -->","yoast_head_json":{"title":"FC Bruges apr\u00e8s 3-1, victoire aux Rangers \u00e0 Glasgow avec une jambe en Ligue des champions | Vie Associative","robots":{"index":"index","follow":"follow","max-snippet":"max-snippet:-1","max-image-preview":"max-image-preview:large","max-video-preview":"max-video-preview:-1"},"canonical":"https:\/\/vieassociative.be\/actualites\/fc-bruges-apres-3-1-victoire-aux-rangers-a-glasgow-avec-une-jambe-en-ligue-des-champions\/","og_locale":"fr_FR","og_type":"article","og_title":"FC Bruges apr\u00e8s 3-1, victoire aux Rangers \u00e0 Glasgow avec une jambe en Ligue des champions | Vie Associative","og_description":"Le football belge a d\u00e9sormais des chances encore mieux d&rsquo;\u00eatre repr\u00e9sent\u00e9s avec deux clubs lors de la ronde principale de la Ligue des champions 2025\/2026.","og_url":"https:\/\/vieassociative.be\/actualites\/fc-bruges-apres-3-1-victoire-aux-rangers-a-glasgow-avec-une-jambe-en-ligue-des-champions\/","og_site_name":"Vie Associative","article_published_time":"2025-08-20T02:17:27+00:00","og_image":[{"width":279,"height":92,"url":"https:\/\/vieassociative.be\/actualites\/wp-content\/uploads\/2024\/09\/header_backgroundk-01-e1726694325946.png","type":"image\/png"}],"author":"Julien","twitter_card":"summary_large_image","twitter_misc":{"\u00c9crit par":"Julien","Dur\u00e9e de lecture est.":"3 minutes"},"schema":{"@context":"https:\/\/schema.org","@graph":[{"@type":"Article","@id":"https:\/\/vieassociative.be\/actualites\/fc-bruges-apres-3-1-victoire-aux-rangers-a-glasgow-avec-une-jambe-en-ligue-des-champions\/#article","isPartOf":{"@id":"https:\/\/vieassociative.be\/actualites\/fc-bruges-apres-3-1-victoire-aux-rangers-a-glasgow-avec-une-jambe-en-ligue-des-champions\/"},"author":{"name":"Julien","@id":"https:\/\/vieassociative.be\/actualites\/#\/schema\/person\/b87ac4f82f9d4e7b7cec7395b679edc4"},"headline":"FC Bruges apr\u00e8s 3-1, victoire aux Rangers \u00e0 Glasgow avec une jambe en Ligue des champions","datePublished":"2025-08-20T02:17:27+00:00","dateModified":"2025-08-20T02:17:27+00:00","mainEntityOfPage":{"@id":"https:\/\/vieassociative.be\/actualites\/fc-bruges-apres-3-1-victoire-aux-rangers-a-glasgow-avec-une-jambe-en-ligue-des-champions\/"},"wordCount":672,"publisher":{"@id":"https:\/\/vieassociative.be\/actualites\/#organization"},"image":{"@id":"https:\/\/vieassociative.be\/actualites\/fc-bruges-apres-3-1-victoire-aux-rangers-a-glasgow-avec-une-jambe-en-ligue-des-champions\/#primaryimage"},"thumbnailUrl":"https:\/\/vieassociative.be\/actualites\/wp-content\/uploads\/2025\/08\/1755656247_FC-Bruges-apres-3-1-victoire-aux-Rangers-a-Glasgow-avec.jpg","keywords":["Apr\u00e8s","aux","avec","Bruges","Champions","Des","Glasgow","jambe","Ligue","Rangers","une","victoire"],"articleSection":["Belgique"],"inLanguage":"fr-BE"},{"@type":"WebPage","@id":"https:\/\/vieassociative.be\/actualites\/fc-bruges-apres-3-1-victoire-aux-rangers-a-glasgow-avec-une-jambe-en-ligue-des-champions\/","url":"https:\/\/vieassociative.be\/actualites\/fc-bruges-apres-3-1-victoire-aux-rangers-a-glasgow-avec-une-jambe-en-ligue-des-champions\/","name":"FC Bruges apr\u00e8s 3-1, victoire aux Rangers \u00e0 Glasgow avec une jambe en Ligue des champions | Vie Associative","isPartOf":{"@id":"https:\/\/vieassociative.be\/actualites\/#website"},"primaryImageOfPage":{"@id":"https:\/\/vieassociative.be\/actualites\/fc-bruges-apres-3-1-victoire-aux-rangers-a-glasgow-avec-une-jambe-en-ligue-des-champions\/#primaryimage"},"image":{"@id":"https:\/\/vieassociative.be\/actualites\/fc-bruges-apres-3-1-victoire-aux-rangers-a-glasgow-avec-une-jambe-en-ligue-des-champions\/#primaryimage"},"thumbnailUrl":"https:\/\/vieassociative.be\/actualites\/wp-content\/uploads\/2025\/08\/1755656247_FC-Bruges-apres-3-1-victoire-aux-Rangers-a-Glasgow-avec.jpg","datePublished":"2025-08-20T02:17:27+00:00","dateModified":"2025-08-20T02:17:27+00:00","breadcrumb":{"@id":"https:\/\/vieassociative.be\/actualites\/fc-bruges-apres-3-1-victoire-aux-rangers-a-glasgow-avec-une-jambe-en-ligue-des-champions\/#breadcrumb"},"inLanguage":"fr-BE","potentialAction":[{"@type":"ReadAction","target":["https:\/\/vieassociative.be\/actualites\/fc-bruges-apres-3-1-victoire-aux-rangers-a-glasgow-avec-une-jambe-en-ligue-des-champions\/"]}]},{"@type":"ImageObject","inLanguage":"fr-BE","@id":"https:\/\/vieassociative.be\/actualites\/fc-bruges-apres-3-1-victoire-aux-rangers-a-glasgow-avec-une-jambe-en-ligue-des-champions\/#primaryimage","url":"https:\/\/vieassociative.be\/actualites\/wp-content\/uploads\/2025\/08\/1755656247_FC-Bruges-apres-3-1-victoire-aux-Rangers-a-Glasgow-avec.jpg","contentUrl":"https:\/\/vieassociative.be\/actualites\/wp-content\/uploads\/2025\/08\/1755656247_FC-Bruges-apres-3-1-victoire-aux-Rangers-a-Glasgow-avec.jpg","width":1200,"height":798,"caption":"FC Bruges apr\u00e8s 3-1, victoire aux Rangers \u00e0 Glasgow avec une jambe en Ligue des champions"},{"@type":"BreadcrumbList","@id":"https:\/\/vieassociative.be\/actualites\/fc-bruges-apres-3-1-victoire-aux-rangers-a-glasgow-avec-une-jambe-en-ligue-des-champions\/#breadcrumb","itemListElement":[{"@type":"ListItem","position":1,"name":"Accueil","item":"https:\/\/vieassociative.be\/actualites\/"},{"@type":"ListItem","position":2,"name":"FC Bruges apr\u00e8s 3-1, victoire aux Rangers \u00e0 Glasgow avec une jambe en Ligue des champions"}]},{"@type":"WebSite","@id":"https:\/\/vieassociative.be\/actualites\/#website","url":"https:\/\/vieassociative.be\/actualites\/","name":"Vie Associative","description":"","publisher":{"@id":"https:\/\/vieassociative.be\/actualites\/#organization"},"potentialAction":[{"@type":"SearchAction","target":{"@type":"EntryPoint","urlTemplate":"https:\/\/vieassociative.be\/actualites\/?s={search_term_string}"},"query-input":{"@type":"PropertyValueSpecification","valueRequired":true,"valueName":"search_term_string"}}],"inLanguage":"fr-BE"},{"@type":"Organization","@id":"https:\/\/vieassociative.be\/actualites\/#organization","name":"Vie Associative","url":"https:\/\/vieassociative.be\/actualites\/","logo":{"@type":"ImageObject","inLanguage":"fr-BE","@id":"https:\/\/vieassociative.be\/actualites\/#\/schema\/logo\/image\/","url":"https:\/\/vieassociative.be\/actualites\/wp-content\/uploads\/2024\/09\/cropped-vieassociative_favicon.ico.png","contentUrl":"https:\/\/vieassociative.be\/actualites\/wp-content\/uploads\/2024\/09\/cropped-vieassociative_favicon.ico.png","width":512,"height":512,"caption":"Vie Associative"},"image":{"@id":"https:\/\/vieassociative.be\/actualites\/#\/schema\/logo\/image\/"}},{"@type":"Person","@id":"https:\/\/vieassociative.be\/actualites\/#\/schema\/person\/b87ac4f82f9d4e7b7cec7395b679edc4","name":"Julien","image":{"@type":"ImageObject","inLanguage":"fr-BE","@id":"https:\/\/vieassociative.be\/actualites\/#\/schema\/person\/image\/","url":"https:\/\/vieassociative.be\/actualites\/wp-content\/uploads\/2024\/09\/vie-associative-1-150x150.jpg","contentUrl":"https:\/\/vieassociative.be\/actualites\/wp-content\/uploads\/2024\/09\/vie-associative-1-150x150.jpg","caption":"Julien"},"description":"Je suis Julien, r\u00e9dacteur pour Vie Associative. Passionn\u00e9 par le monde associatif depuis plus de 10 ans, j'ai \u00e0 c\u0153ur de partager des histoires inspirantes et de mettre en lumi\u00e8re les initiatives locales. Mon objectif est de sensibiliser et d'encourager l'engagement communautaire \u00e0 travers mes articles.","sameAs":["https:\/\/vieassociative.be\/"]}]}},"_links":{"self":[{"href":"https:\/\/vieassociative.be\/actualites\/wp-json\/wp\/v2\/posts\/9507"}],"collection":[{"href":"https:\/\/vieassociative.be\/actualites\/wp-json\/wp\/v2\/posts"}],"about":[{"href":"https:\/\/vieassociative.be\/actualites\/wp-json\/wp\/v2\/types\/post"}],"author":[{"embeddable":true,"href":"https:\/\/vieassociative.be\/actualites\/wp-json\/wp\/v2\/users\/1"}],"replies":[{"embeddable":true,"href":"https:\/\/vieassociative.be\/actualites\/wp-json\/wp\/v2\/comments?post=9507"}],"version-history":[{"count":0,"href":"https:\/\/vieassociative.be\/actualites\/wp-json\/wp\/v2\/posts\/9507\/revisions"}],"wp:featuredmedia":[{"embeddable":true,"href":"https:\/\/vieassociative.be\/actualites\/wp-json\/wp\/v2\/media\/9508"}],"wp:attachment":[{"href":"https:\/\/vieassociative.be\/actualites\/wp-json\/wp\/v2\/media?parent=9507"}],"wp:term":[{"taxonomy":"category","embeddable":true,"href":"https:\/\/vieassociative.be\/actualites\/wp-json\/wp\/v2\/categories?post=9507"},{"taxonomy":"post_tag","embeddable":true,"href":"https:\/\/vieassociative.be\/actualites\/wp-json\/wp\/v2\/tags?post=9507"}],"curies":[{"name":"wp","href":"https:\/\/api.w.org\/{rel}","templated":true}]}}