{"id":9501,"date":"2025-08-19T22:17:41","date_gmt":"2025-08-19T20:17:41","guid":{"rendered":"https:\/\/vieassociative.be\/actualites\/poutine-veut-il-du-tout-la-paix-interjection\/"},"modified":"2025-08-19T22:17:41","modified_gmt":"2025-08-19T20:17:41","slug":"poutine-veut-il-du-tout-la-paix-interjection","status":"publish","type":"post","link":"https:\/\/vieassociative.be\/actualites\/poutine-veut-il-du-tout-la-paix-interjection\/","title":{"rendered":"Poutine veut-il du tout la paix? (Interjection)"},"content":{"rendered":"<p><strong>La r\u00e9union accompagn\u00e9e d&rsquo;un \u00e9norme battage m\u00e9diatique \u00e0 la Maison Blanche entre le pr\u00e9sident am\u00e9ricain Donald Trump, le pr\u00e9sident ukrainien Wolodymyr Selenskyj et les chefs d&rsquo;\u00c9tat et le gouvernement les plus importants de lundi. Mais l&rsquo;a-t-il utilis\u00e9 aussi?<\/strong><\/p>\n<p><span id=\"more-422732\"><\/span>\u00c0 la grande table, on manquait: le pr\u00e9sident russe Vladimir Poutine, sans qui la r\u00e9union n&rsquo;aurait pas \u00e9t\u00e9 n\u00e9cessaire, car il y a trois ans et demi pour tomber dans cette guerre insens\u00e9e.<\/p>\n<p>Le patron du Kremlin, que Trump appelle souvent une amiti\u00e9, seulement \u00ab\u00a0Vladimir\u00a0\u00bb, comme si Poutine \u00e9tait un bon ami de l&rsquo;enfance, toute la mis\u00e8re nous a mis, m\u00eame si Trump faisait parfois de la victime de la victime en disant que l&rsquo;Ukraine aurait pu emp\u00eacher la guerre.<\/p>\n<div id=\"attachment_311480\" class=\"wp-caption alignleft\" style=\"max-width: 300px\"><img fetchpriority=\"high\" decoding=\"async\" class=\"wp-image-311480 size-medium\" src=\"https:\/\/vieassociative.be\/actualites\/wp-content\/uploads\/2025\/08\/Poutine-veut-il-du-tout-la-paix-Interjection.jpeg\" alt=\"\" width=\"300\" height=\"200\"><\/div>\n<p>Le lendemain du sommet \u00e0 la Maison Blanche, il a \u00e9t\u00e9 dit qu&rsquo;il pourrait y avoir une r\u00e9union entre Poutine et Selenskyj sous peu. Le chancelier allemand Friedrich Merz pensait qu&rsquo;au cours des deux semaines suivantes, il pourrait y avoir une discussion \u00e0 deux personnes, le pr\u00e9sident fran\u00e7ais Emmanuel Macron a recommand\u00e9 Gen\u00e8ve en tant que lieu de conf\u00e9rence. La Suisse a m\u00eame accept\u00e9 de donner au chef du Kremlin contre un mandat d&rsquo;arr\u00eat contre la Cour p\u00e9nale internationale de Den Haag pour accorder l&rsquo;immunit\u00e9 pour la dur\u00e9e de la r\u00e9union.<\/p>\n<p>Beaucoup de choses doivent se produire avant que Poutine n&rsquo;accepte de rencontrer Selenskyj. Le pr\u00e9sident ukrainien, en revanche, est inconditionnel.<\/p>\n<p>Il y a eu suffisamment de signes au cours des derniers jours que Poutine ne s&rsquo;int\u00e9resse pas \u00e0 une solution pacifique au conflit, du moins dans les circonstances d&rsquo;aujourd&rsquo;hui. Lors de la r\u00e9union avec Trump en Alaska, Poutine avait 85 drones de combat et une fus\u00e9e balistique tir\u00e9e sur le territoire ukrainien. Le patron du Kremlin n&rsquo;\u00e9tait m\u00eame pas pr\u00eat pendant une heure ou deux pour une pause. Allez-vous \u00e0 un sommet de la paix comme celui-ci?<\/p>\n<p>La r\u00e9union de Trump-Putin en Alaska a \u00e9t\u00e9 publi\u00e9e par le ministre russe des Affaires \u00e9trang\u00e8res, Sergei Lavrow, avec un pull sur lequel les initiales du CCCP pourraient \u00eatre lues. Le CCCP signifie l&rsquo;URSS, l&rsquo;ancienne Union sovi\u00e9tique, que Poutine et Lavrow aimeraient relancer aujourd&rsquo;hui. Vous en r\u00eavez probablement encore.<\/p>\n<p>Si l&rsquo;un des plus hauts repr\u00e9sentants internationaux de la Russie appara\u00eet apr\u00e8s trois ans et demi de guerre pour un sommet avec une telle tenue, ce n&rsquo;est pas seulement une provocation, mais un imb\u00e9cile de tout l&rsquo;\u00e9v\u00e9nement. Il est difficile de faire la paix avec de telles personnes. Parce qu&rsquo;avec eux apr\u00e8s la paix avant la prochaine guerre &#8230; (Cre)<\/p>\n<p><em><strong>Sur le sujet, voir \u00e9galement l&rsquo;article suivant sur OD: <\/strong><\/em><\/p>\n<div class=\"responsive-embed widescreen\">\n<blockquote class=\"wp-embedded-content\" data-secret=\"MDte7E6eZV\">\n<p>La paix se rapproche-t-elle maintenant? Les points croustillants apr\u00e8s le sommet de l&rsquo;Ukraine \u00e0 la Maison Blanche (questions et r\u00e9ponses)<\/p>\n<\/blockquote>\n<p><iframe loading=\"lazy\" class=\"wp-embedded-content\" sandbox=\"allow-scripts\" security=\"restricted\" style=\"position: absolute; visibility: hidden;\" title=\"\u201eR\u00fcckt der Frieden jetzt n\u00e4her? Die Knackpunkte nach Ukraine-Gipfel im Wei\u00dfen Haus (Fragen &amp; Antworten)\u201c \u2014 Ostbelgien Direkt\" src=\"https:\/\/ostbelgiendirekt.be\/about:blank\" data-secret=\"MDte7E6eZV\" width=\"500\" height=\"282\" frameborder=\"0\" marginwidth=\"0\" marginheight=\"0\" scrolling=\"no\" data-rocket-lazyload=\"fitvidscompatible\" data-lazy-src=\"https:\/\/ostbelgiendirekt.be\/trump-selenskyj-treffen-422640\/embed#?secret=YnbwYdDpqz#?secret=MDte7E6eZV\"><\/iframe><noscript><iframe class=\"wp-embedded-content\" sandbox=\"allow-scripts\" security=\"restricted\" style=\"position: absolute; visibility: hidden;\" title=\"\u201eR\u00fcckt der Frieden jetzt n\u00e4her? Die Knackpunkte nach Ukraine-Gipfel im Wei\u00dfen Haus (Fragen &amp; Antworten)\u201c \u2014 Ostbelgien Direkt\" src=\"https:\/\/ostbelgiendirekt.be\/trump-selenskyj-treffen-422640\/embed#?secret=YnbwYdDpqz#?secret=MDte7E6eZV\" data-secret=\"MDte7E6eZV\" width=\"500\" height=\"282\" frameborder=\"0\" marginwidth=\"0\" marginheight=\"0\" scrolling=\"no\"><\/iframe><\/noscript><\/p>\n<\/div>\n","protected":false},"excerpt":{"rendered":"<p>La r\u00e9union accompagn\u00e9e d&rsquo;un \u00e9norme battage m\u00e9diatique \u00e0 la Maison Blanche entre le pr\u00e9sident am\u00e9ricain Donald Trump, le pr\u00e9sident ukrainien Wolodymyr Selenskyj et les chefs<\/p>\n","protected":false},"author":1,"featured_media":9502,"comment_status":"","ping_status":"","sticky":false,"template":"","format":"standard","meta":{"footnotes":""},"categories":[298],"tags":[2885,3280,4227,236,8227],"class_list":["post-9501","post","type-post","status-publish","format-standard","has-post-thumbnail","hentry","category-belgique","tag-interjection","tag-paix","tag-poutine","tag-tout","tag-veutil","generate-columns","tablet-grid-50","mobile-grid-100","grid-parent","grid-33"],"yoast_head":"<!-- This site is optimized with the Yoast SEO plugin v24.0 - https:\/\/yoast.com\/wordpress\/plugins\/seo\/ -->\n<title>Poutine veut-il du tout la paix? (Interjection) | Vie Associative<\/title>\n<meta name=\"robots\" content=\"index, follow, max-snippet:-1, max-image-preview:large, max-video-preview:-1\" \/>\n<link rel=\"canonical\" href=\"https:\/\/vieassociative.be\/actualites\/poutine-veut-il-du-tout-la-paix-interjection\/\" \/>\n<meta property=\"og:locale\" content=\"fr_FR\" \/>\n<meta property=\"og:type\" content=\"article\" \/>\n<meta property=\"og:title\" content=\"Poutine veut-il du tout la paix? (Interjection) | Vie Associative\" \/>\n<meta property=\"og:description\" content=\"La r\u00e9union accompagn\u00e9e d&rsquo;un \u00e9norme battage m\u00e9diatique \u00e0 la Maison Blanche entre le pr\u00e9sident am\u00e9ricain Donald Trump, le pr\u00e9sident ukrainien Wolodymyr Selenskyj et les chefs\" \/>\n<meta property=\"og:url\" content=\"https:\/\/vieassociative.be\/actualites\/poutine-veut-il-du-tout-la-paix-interjection\/\" \/>\n<meta property=\"og:site_name\" content=\"Vie Associative\" \/>\n<meta property=\"article:published_time\" content=\"2025-08-19T20:17:41+00:00\" \/>\n<meta property=\"og:image\" content=\"https:\/\/vieassociative.be\/actualites\/wp-content\/uploads\/2024\/09\/header_backgroundk-01-e1726694325946.png\" \/>\n\t<meta property=\"og:image:width\" content=\"279\" \/>\n\t<meta property=\"og:image:height\" content=\"92\" \/>\n\t<meta property=\"og:image:type\" content=\"image\/png\" \/>\n<meta name=\"author\" content=\"Julien\" \/>\n<meta name=\"twitter:card\" content=\"summary_large_image\" \/>\n<meta name=\"twitter:label1\" content=\"\u00c9crit par\" \/>\n\t<meta name=\"twitter:data1\" content=\"Julien\" \/>\n\t<meta name=\"twitter:label2\" content=\"Dur\u00e9e de lecture est.\" \/>\n\t<meta name=\"twitter:data2\" content=\"2 minutes\" \/>\n<script type=\"application\/ld+json\" class=\"yoast-schema-graph\">{\"@context\":\"https:\/\/schema.org\",\"@graph\":[{\"@type\":\"Article\",\"@id\":\"https:\/\/vieassociative.be\/actualites\/poutine-veut-il-du-tout-la-paix-interjection\/#article\",\"isPartOf\":{\"@id\":\"https:\/\/vieassociative.be\/actualites\/poutine-veut-il-du-tout-la-paix-interjection\/\"},\"author\":{\"name\":\"Julien\",\"@id\":\"https:\/\/vieassociative.be\/actualites\/#\/schema\/person\/b87ac4f82f9d4e7b7cec7395b679edc4\"},\"headline\":\"Poutine veut-il du tout la paix? (Interjection)\",\"datePublished\":\"2025-08-19T20:17:41+00:00\",\"dateModified\":\"2025-08-19T20:17:41+00:00\",\"mainEntityOfPage\":{\"@id\":\"https:\/\/vieassociative.be\/actualites\/poutine-veut-il-du-tout-la-paix-interjection\/\"},\"wordCount\":509,\"publisher\":{\"@id\":\"https:\/\/vieassociative.be\/actualites\/#organization\"},\"image\":{\"@id\":\"https:\/\/vieassociative.be\/actualites\/poutine-veut-il-du-tout-la-paix-interjection\/#primaryimage\"},\"thumbnailUrl\":\"https:\/\/vieassociative.be\/actualites\/wp-content\/uploads\/2025\/08\/Poutine-veut-il-du-tout-la-paix-Interjection.jpg\",\"keywords\":[\"interjection\",\"paix\",\"Poutine\",\"tout\",\"veutil\"],\"articleSection\":[\"Belgique\"],\"inLanguage\":\"fr-BE\"},{\"@type\":\"WebPage\",\"@id\":\"https:\/\/vieassociative.be\/actualites\/poutine-veut-il-du-tout-la-paix-interjection\/\",\"url\":\"https:\/\/vieassociative.be\/actualites\/poutine-veut-il-du-tout-la-paix-interjection\/\",\"name\":\"Poutine veut-il du tout la paix? (Interjection) | Vie Associative\",\"isPartOf\":{\"@id\":\"https:\/\/vieassociative.be\/actualites\/#website\"},\"primaryImageOfPage\":{\"@id\":\"https:\/\/vieassociative.be\/actualites\/poutine-veut-il-du-tout-la-paix-interjection\/#primaryimage\"},\"image\":{\"@id\":\"https:\/\/vieassociative.be\/actualites\/poutine-veut-il-du-tout-la-paix-interjection\/#primaryimage\"},\"thumbnailUrl\":\"https:\/\/vieassociative.be\/actualites\/wp-content\/uploads\/2025\/08\/Poutine-veut-il-du-tout-la-paix-Interjection.jpg\",\"datePublished\":\"2025-08-19T20:17:41+00:00\",\"dateModified\":\"2025-08-19T20:17:41+00:00\",\"breadcrumb\":{\"@id\":\"https:\/\/vieassociative.be\/actualites\/poutine-veut-il-du-tout-la-paix-interjection\/#breadcrumb\"},\"inLanguage\":\"fr-BE\",\"potentialAction\":[{\"@type\":\"ReadAction\",\"target\":[\"https:\/\/vieassociative.be\/actualites\/poutine-veut-il-du-tout-la-paix-interjection\/\"]}]},{\"@type\":\"ImageObject\",\"inLanguage\":\"fr-BE\",\"@id\":\"https:\/\/vieassociative.be\/actualites\/poutine-veut-il-du-tout-la-paix-interjection\/#primaryimage\",\"url\":\"https:\/\/vieassociative.be\/actualites\/wp-content\/uploads\/2025\/08\/Poutine-veut-il-du-tout-la-paix-Interjection.jpg\",\"contentUrl\":\"https:\/\/vieassociative.be\/actualites\/wp-content\/uploads\/2025\/08\/Poutine-veut-il-du-tout-la-paix-Interjection.jpg\",\"width\":1200,\"height\":800,\"caption\":\"Poutine veut-il du tout la paix? (Interjection)\"},{\"@type\":\"BreadcrumbList\",\"@id\":\"https:\/\/vieassociative.be\/actualites\/poutine-veut-il-du-tout-la-paix-interjection\/#breadcrumb\",\"itemListElement\":[{\"@type\":\"ListItem\",\"position\":1,\"name\":\"Accueil\",\"item\":\"https:\/\/vieassociative.be\/actualites\/\"},{\"@type\":\"ListItem\",\"position\":2,\"name\":\"Poutine veut-il du tout la paix? (Interjection)\"}]},{\"@type\":\"WebSite\",\"@id\":\"https:\/\/vieassociative.be\/actualites\/#website\",\"url\":\"https:\/\/vieassociative.be\/actualites\/\",\"name\":\"Vie Associative\",\"description\":\"\",\"publisher\":{\"@id\":\"https:\/\/vieassociative.be\/actualites\/#organization\"},\"potentialAction\":[{\"@type\":\"SearchAction\",\"target\":{\"@type\":\"EntryPoint\",\"urlTemplate\":\"https:\/\/vieassociative.be\/actualites\/?s={search_term_string}\"},\"query-input\":{\"@type\":\"PropertyValueSpecification\",\"valueRequired\":true,\"valueName\":\"search_term_string\"}}],\"inLanguage\":\"fr-BE\"},{\"@type\":\"Organization\",\"@id\":\"https:\/\/vieassociative.be\/actualites\/#organization\",\"name\":\"Vie Associative\",\"url\":\"https:\/\/vieassociative.be\/actualites\/\",\"logo\":{\"@type\":\"ImageObject\",\"inLanguage\":\"fr-BE\",\"@id\":\"https:\/\/vieassociative.be\/actualites\/#\/schema\/logo\/image\/\",\"url\":\"https:\/\/vieassociative.be\/actualites\/wp-content\/uploads\/2024\/09\/cropped-vieassociative_favicon.ico.png\",\"contentUrl\":\"https:\/\/vieassociative.be\/actualites\/wp-content\/uploads\/2024\/09\/cropped-vieassociative_favicon.ico.png\",\"width\":512,\"height\":512,\"caption\":\"Vie Associative\"},\"image\":{\"@id\":\"https:\/\/vieassociative.be\/actualites\/#\/schema\/logo\/image\/\"}},{\"@type\":\"Person\",\"@id\":\"https:\/\/vieassociative.be\/actualites\/#\/schema\/person\/b87ac4f82f9d4e7b7cec7395b679edc4\",\"name\":\"Julien\",\"image\":{\"@type\":\"ImageObject\",\"inLanguage\":\"fr-BE\",\"@id\":\"https:\/\/vieassociative.be\/actualites\/#\/schema\/person\/image\/\",\"url\":\"https:\/\/vieassociative.be\/actualites\/wp-content\/uploads\/2024\/09\/vie-associative-1-150x150.jpg\",\"contentUrl\":\"https:\/\/vieassociative.be\/actualites\/wp-content\/uploads\/2024\/09\/vie-associative-1-150x150.jpg\",\"caption\":\"Julien\"},\"description\":\"Je suis Julien, r\u00e9dacteur pour Vie Associative. Passionn\u00e9 par le monde associatif depuis plus de 10 ans, j'ai \u00e0 c\u0153ur de partager des histoires inspirantes et de mettre en lumi\u00e8re les initiatives locales. Mon objectif est de sensibiliser et d'encourager l'engagement communautaire \u00e0 travers mes articles.\",\"sameAs\":[\"https:\/\/vieassociative.be\/\"]}]}<\/script>\n<!-- \/ Yoast SEO plugin. -->","yoast_head_json":{"title":"Poutine veut-il du tout la paix? (Interjection) | Vie Associative","robots":{"index":"index","follow":"follow","max-snippet":"max-snippet:-1","max-image-preview":"max-image-preview:large","max-video-preview":"max-video-preview:-1"},"canonical":"https:\/\/vieassociative.be\/actualites\/poutine-veut-il-du-tout-la-paix-interjection\/","og_locale":"fr_FR","og_type":"article","og_title":"Poutine veut-il du tout la paix? (Interjection) | Vie Associative","og_description":"La r\u00e9union accompagn\u00e9e d&rsquo;un \u00e9norme battage m\u00e9diatique \u00e0 la Maison Blanche entre le pr\u00e9sident am\u00e9ricain Donald Trump, le pr\u00e9sident ukrainien Wolodymyr Selenskyj et les chefs","og_url":"https:\/\/vieassociative.be\/actualites\/poutine-veut-il-du-tout-la-paix-interjection\/","og_site_name":"Vie Associative","article_published_time":"2025-08-19T20:17:41+00:00","og_image":[{"width":279,"height":92,"url":"https:\/\/vieassociative.be\/actualites\/wp-content\/uploads\/2024\/09\/header_backgroundk-01-e1726694325946.png","type":"image\/png"}],"author":"Julien","twitter_card":"summary_large_image","twitter_misc":{"\u00c9crit par":"Julien","Dur\u00e9e de lecture est.":"2 minutes"},"schema":{"@context":"https:\/\/schema.org","@graph":[{"@type":"Article","@id":"https:\/\/vieassociative.be\/actualites\/poutine-veut-il-du-tout-la-paix-interjection\/#article","isPartOf":{"@id":"https:\/\/vieassociative.be\/actualites\/poutine-veut-il-du-tout-la-paix-interjection\/"},"author":{"name":"Julien","@id":"https:\/\/vieassociative.be\/actualites\/#\/schema\/person\/b87ac4f82f9d4e7b7cec7395b679edc4"},"headline":"Poutine veut-il du tout la paix? (Interjection)","datePublished":"2025-08-19T20:17:41+00:00","dateModified":"2025-08-19T20:17:41+00:00","mainEntityOfPage":{"@id":"https:\/\/vieassociative.be\/actualites\/poutine-veut-il-du-tout-la-paix-interjection\/"},"wordCount":509,"publisher":{"@id":"https:\/\/vieassociative.be\/actualites\/#organization"},"image":{"@id":"https:\/\/vieassociative.be\/actualites\/poutine-veut-il-du-tout-la-paix-interjection\/#primaryimage"},"thumbnailUrl":"https:\/\/vieassociative.be\/actualites\/wp-content\/uploads\/2025\/08\/Poutine-veut-il-du-tout-la-paix-Interjection.jpg","keywords":["interjection","paix","Poutine","tout","veutil"],"articleSection":["Belgique"],"inLanguage":"fr-BE"},{"@type":"WebPage","@id":"https:\/\/vieassociative.be\/actualites\/poutine-veut-il-du-tout-la-paix-interjection\/","url":"https:\/\/vieassociative.be\/actualites\/poutine-veut-il-du-tout-la-paix-interjection\/","name":"Poutine veut-il du tout la paix? (Interjection) | Vie Associative","isPartOf":{"@id":"https:\/\/vieassociative.be\/actualites\/#website"},"primaryImageOfPage":{"@id":"https:\/\/vieassociative.be\/actualites\/poutine-veut-il-du-tout-la-paix-interjection\/#primaryimage"},"image":{"@id":"https:\/\/vieassociative.be\/actualites\/poutine-veut-il-du-tout-la-paix-interjection\/#primaryimage"},"thumbnailUrl":"https:\/\/vieassociative.be\/actualites\/wp-content\/uploads\/2025\/08\/Poutine-veut-il-du-tout-la-paix-Interjection.jpg","datePublished":"2025-08-19T20:17:41+00:00","dateModified":"2025-08-19T20:17:41+00:00","breadcrumb":{"@id":"https:\/\/vieassociative.be\/actualites\/poutine-veut-il-du-tout-la-paix-interjection\/#breadcrumb"},"inLanguage":"fr-BE","potentialAction":[{"@type":"ReadAction","target":["https:\/\/vieassociative.be\/actualites\/poutine-veut-il-du-tout-la-paix-interjection\/"]}]},{"@type":"ImageObject","inLanguage":"fr-BE","@id":"https:\/\/vieassociative.be\/actualites\/poutine-veut-il-du-tout-la-paix-interjection\/#primaryimage","url":"https:\/\/vieassociative.be\/actualites\/wp-content\/uploads\/2025\/08\/Poutine-veut-il-du-tout-la-paix-Interjection.jpg","contentUrl":"https:\/\/vieassociative.be\/actualites\/wp-content\/uploads\/2025\/08\/Poutine-veut-il-du-tout-la-paix-Interjection.jpg","width":1200,"height":800,"caption":"Poutine veut-il du tout la paix? (Interjection)"},{"@type":"BreadcrumbList","@id":"https:\/\/vieassociative.be\/actualites\/poutine-veut-il-du-tout-la-paix-interjection\/#breadcrumb","itemListElement":[{"@type":"ListItem","position":1,"name":"Accueil","item":"https:\/\/vieassociative.be\/actualites\/"},{"@type":"ListItem","position":2,"name":"Poutine veut-il du tout la paix? (Interjection)"}]},{"@type":"WebSite","@id":"https:\/\/vieassociative.be\/actualites\/#website","url":"https:\/\/vieassociative.be\/actualites\/","name":"Vie Associative","description":"","publisher":{"@id":"https:\/\/vieassociative.be\/actualites\/#organization"},"potentialAction":[{"@type":"SearchAction","target":{"@type":"EntryPoint","urlTemplate":"https:\/\/vieassociative.be\/actualites\/?s={search_term_string}"},"query-input":{"@type":"PropertyValueSpecification","valueRequired":true,"valueName":"search_term_string"}}],"inLanguage":"fr-BE"},{"@type":"Organization","@id":"https:\/\/vieassociative.be\/actualites\/#organization","name":"Vie Associative","url":"https:\/\/vieassociative.be\/actualites\/","logo":{"@type":"ImageObject","inLanguage":"fr-BE","@id":"https:\/\/vieassociative.be\/actualites\/#\/schema\/logo\/image\/","url":"https:\/\/vieassociative.be\/actualites\/wp-content\/uploads\/2024\/09\/cropped-vieassociative_favicon.ico.png","contentUrl":"https:\/\/vieassociative.be\/actualites\/wp-content\/uploads\/2024\/09\/cropped-vieassociative_favicon.ico.png","width":512,"height":512,"caption":"Vie Associative"},"image":{"@id":"https:\/\/vieassociative.be\/actualites\/#\/schema\/logo\/image\/"}},{"@type":"Person","@id":"https:\/\/vieassociative.be\/actualites\/#\/schema\/person\/b87ac4f82f9d4e7b7cec7395b679edc4","name":"Julien","image":{"@type":"ImageObject","inLanguage":"fr-BE","@id":"https:\/\/vieassociative.be\/actualites\/#\/schema\/person\/image\/","url":"https:\/\/vieassociative.be\/actualites\/wp-content\/uploads\/2024\/09\/vie-associative-1-150x150.jpg","contentUrl":"https:\/\/vieassociative.be\/actualites\/wp-content\/uploads\/2024\/09\/vie-associative-1-150x150.jpg","caption":"Julien"},"description":"Je suis Julien, r\u00e9dacteur pour Vie Associative. Passionn\u00e9 par le monde associatif depuis plus de 10 ans, j'ai \u00e0 c\u0153ur de partager des histoires inspirantes et de mettre en lumi\u00e8re les initiatives locales. Mon objectif est de sensibiliser et d'encourager l'engagement communautaire \u00e0 travers mes articles.","sameAs":["https:\/\/vieassociative.be\/"]}]}},"_links":{"self":[{"href":"https:\/\/vieassociative.be\/actualites\/wp-json\/wp\/v2\/posts\/9501"}],"collection":[{"href":"https:\/\/vieassociative.be\/actualites\/wp-json\/wp\/v2\/posts"}],"about":[{"href":"https:\/\/vieassociative.be\/actualites\/wp-json\/wp\/v2\/types\/post"}],"author":[{"embeddable":true,"href":"https:\/\/vieassociative.be\/actualites\/wp-json\/wp\/v2\/users\/1"}],"replies":[{"embeddable":true,"href":"https:\/\/vieassociative.be\/actualites\/wp-json\/wp\/v2\/comments?post=9501"}],"version-history":[{"count":0,"href":"https:\/\/vieassociative.be\/actualites\/wp-json\/wp\/v2\/posts\/9501\/revisions"}],"wp:featuredmedia":[{"embeddable":true,"href":"https:\/\/vieassociative.be\/actualites\/wp-json\/wp\/v2\/media\/9502"}],"wp:attachment":[{"href":"https:\/\/vieassociative.be\/actualites\/wp-json\/wp\/v2\/media?parent=9501"}],"wp:term":[{"taxonomy":"category","embeddable":true,"href":"https:\/\/vieassociative.be\/actualites\/wp-json\/wp\/v2\/categories?post=9501"},{"taxonomy":"post_tag","embeddable":true,"href":"https:\/\/vieassociative.be\/actualites\/wp-json\/wp\/v2\/tags?post=9501"}],"curies":[{"name":"wp","href":"https:\/\/api.w.org\/{rel}","templated":true}]}}