{"id":9495,"date":"2025-08-19T16:17:26","date_gmt":"2025-08-19T14:17:26","guid":{"rendered":"https:\/\/vieassociative.be\/actualites\/extension-de-lenergie-nucleaire-le-gouvernement-federal-par-wever-veut-empecher-la-fermeture-de-tihange-1\/"},"modified":"2025-08-19T16:17:26","modified_gmt":"2025-08-19T14:17:26","slug":"extension-de-lenergie-nucleaire-le-gouvernement-federal-par-wever-veut-empecher-la-fermeture-de-tihange-1","status":"publish","type":"post","link":"https:\/\/vieassociative.be\/actualites\/extension-de-lenergie-nucleaire-le-gouvernement-federal-par-wever-veut-empecher-la-fermeture-de-tihange-1\/","title":{"rendered":"Extension de l&rsquo;\u00e9nergie nucl\u00e9aire: le gouvernement f\u00e9d\u00e9ral par Wever veut emp\u00eacher la fermeture de Tihange 1"},"content":{"rendered":"<p><strong>Le gouvernement f\u00e9d\u00e9ral veut non seulement prolonger Doel 4 et Tiangange 3 sur 20 ans, mais \u00e9galement Tiang 1, dont la fermeture est pr\u00e9vue pour le 1er octobre.<\/strong><\/p>\n<p><span id=\"more-422724\"><\/span>Comme indiqu\u00e9 mardi L&rsquo;Echo et De Tijd, le ministre d&rsquo;Energie Mathieu Bihet (MR) aimerait prendre des n\u00e9gociations avec Engie Electrabel et EDF \/ Luminus pour une prolongation de dix ans pour le r\u00e9acteur Tihange 1, dont la moiti\u00e9 appartient aux deux soci\u00e9t\u00e9s \u00e9nerg\u00e9tiques. Cependant, il est pr\u00e9vu que le r\u00e9acteur sera enfin ferm\u00e9 apr\u00e8s une prolongation d\u00e9cid\u00e9e en 2013 de dix ans le 1er octobre de cette ann\u00e9e.<\/p>\n<div id=\"attachment_415636\" class=\"wp-caption alignleft\" style=\"max-width: 300px\"><img fetchpriority=\"high\" decoding=\"async\" class=\"wp-image-415636 size-medium\" src=\"https:\/\/vieassociative.be\/actualites\/wp-content\/uploads\/2025\/05\/La-Belgique-se-deshabille-de-lenergie-nucleaire-Luc-Frank.jpg\" alt=\"\" width=\"300\" height=\"175\"  ><\/div>\n<p>Apr\u00e8s l&rsquo;accord avec le gouvernement de Croo sur l&rsquo;extension de Doel 4 et Tihange 3 sur dix ans, le groupe d&rsquo;Engie confirme qu&rsquo;il veut sortir de l&rsquo;\u00e9nergie nucl\u00e9aire. Et m\u00eame si le gouvernement est ouvert \u00e0 l&rsquo;EDF \/ Luminus ou \u00e0 d&rsquo;autres acteurs de l&rsquo;industrie nucl\u00e9aire, une extension renouvel\u00e9e de ce r\u00e9acteur est tout sauf accord\u00e9, en particulier en raison des questions de renforcement du r\u00e9seau, mais surtout en raison de questions de s\u00e9curit\u00e9 nucl\u00e9aire. Dans le meilleur des cas, Tiang 1 devrait certainement \u00eatre ferm\u00e9 pendant une plus longue p\u00e9riode.<\/p>\n<div id=\"attachment_407450\" class=\"wp-caption alignleft\" style=\"max-width: 300px\"><img decoding=\"async\" class=\"wp-image-407450 size-medium\" src=\"https:\/\/vieassociative.be\/actualites\/wp-content\/uploads\/2025\/02\/Pourquoi-le-nouveau-Premier-ministre-de-Wever-N-VA-est-exactement.jpg\" alt=\"\" width=\"300\" height=\"200\"><\/div>\n<p>TiANGE 1 est le premier des trois blocs \u00e0 l&#8217;emplacement. \u00c0 l&rsquo;origine, il devait \u00eatre \u00e9teint en 2015 apr\u00e8s 40 ans de mandat, mais le gouvernement belge a d\u00e9cid\u00e9 de prolonger un mandat d&rsquo;ici le 1er octobre 2025 pour assurer la s\u00e9curit\u00e9 de l&rsquo;offre. Ceci est suivi par le processus de d\u00e9montage (d\u00e9chargement des \u00e9l\u00e9ments de carburant, d\u00e9mant\u00e8lement, d\u00e9montage), comme avec Tihange 2.<\/p>\n<p>Tiang 1 \u00e9tait moins dans le foyer de la critique que Tihange 2, car aucune fissure dans le conteneur de pression du r\u00e9acteur n&rsquo;a \u00e9t\u00e9 trouv\u00e9e sur lui. N\u00e9anmoins, en raison de ses normes li\u00e9es \u00e0 la vieillesse et \u00e0 la s\u00e9curit\u00e9 (des ann\u00e9es 1970), elle est r\u00e9guli\u00e8rement critiqu\u00e9e par les opposants \u00e0 l&rsquo;\u00e9nergie nucl\u00e9aire.<\/p>\n<p>La Belgian Nuclear Supervisory Authority Fank confirme r\u00e9guli\u00e8rement la s\u00e9curit\u00e9 op\u00e9rationnelle, mais exige de la modernisation et des contr\u00f4les plus stricts. (Cre)<\/p>\n","protected":false},"excerpt":{"rendered":"<p>Le gouvernement f\u00e9d\u00e9ral veut non seulement prolonger Doel 4 et Tiangange 3 sur 20 ans, mais \u00e9galement Tiang 1, dont la fermeture est pr\u00e9vue pour<\/p>\n","protected":false},"author":1,"featured_media":9496,"comment_status":"","ping_status":"","sticky":false,"template":"","format":"standard","meta":{"footnotes":""},"categories":[298],"tags":[1889,2028,5086,4004,615,4701,7035,676,8225,2635,2755],"class_list":["post-9495","post","type-post","status-publish","format-standard","has-post-thumbnail","hentry","category-belgique","tag-empecher","tag-extension","tag-federal","tag-fermeture","tag-gouvernement","tag-lenergie","tag-nucleaire","tag-par","tag-tihange","tag-veut","tag-wever","generate-columns","tablet-grid-50","mobile-grid-100","grid-parent","grid-33"],"yoast_head":"<!-- This site is optimized with the Yoast SEO plugin v24.0 - https:\/\/yoast.com\/wordpress\/plugins\/seo\/ -->\n<title>Extension de l&#039;\u00e9nergie nucl\u00e9aire: le gouvernement f\u00e9d\u00e9ral par Wever veut emp\u00eacher la fermeture de Tihange 1 | Vie Associative<\/title>\n<meta name=\"robots\" content=\"index, follow, max-snippet:-1, max-image-preview:large, max-video-preview:-1\" \/>\n<link rel=\"canonical\" href=\"https:\/\/vieassociative.be\/actualites\/extension-de-lenergie-nucleaire-le-gouvernement-federal-par-wever-veut-empecher-la-fermeture-de-tihange-1\/\" \/>\n<meta property=\"og:locale\" content=\"fr_FR\" \/>\n<meta property=\"og:type\" content=\"article\" \/>\n<meta property=\"og:title\" content=\"Extension de l&#039;\u00e9nergie nucl\u00e9aire: le gouvernement f\u00e9d\u00e9ral par Wever veut emp\u00eacher la fermeture de Tihange 1 | Vie Associative\" \/>\n<meta property=\"og:description\" content=\"Le gouvernement f\u00e9d\u00e9ral veut non seulement prolonger Doel 4 et Tiangange 3 sur 20 ans, mais \u00e9galement Tiang 1, dont la fermeture est pr\u00e9vue pour\" \/>\n<meta property=\"og:url\" content=\"https:\/\/vieassociative.be\/actualites\/extension-de-lenergie-nucleaire-le-gouvernement-federal-par-wever-veut-empecher-la-fermeture-de-tihange-1\/\" \/>\n<meta property=\"og:site_name\" content=\"Vie Associative\" \/>\n<meta property=\"article:published_time\" content=\"2025-08-19T14:17:26+00:00\" \/>\n<meta property=\"og:image\" content=\"https:\/\/vieassociative.be\/actualites\/wp-content\/uploads\/2024\/09\/header_backgroundk-01-e1726694325946.png\" \/>\n\t<meta property=\"og:image:width\" content=\"279\" \/>\n\t<meta property=\"og:image:height\" content=\"92\" \/>\n\t<meta property=\"og:image:type\" content=\"image\/png\" \/>\n<meta name=\"author\" content=\"Julien\" \/>\n<meta name=\"twitter:card\" content=\"summary_large_image\" \/>\n<meta name=\"twitter:label1\" content=\"\u00c9crit par\" \/>\n\t<meta name=\"twitter:data1\" content=\"Julien\" \/>\n\t<meta name=\"twitter:label2\" content=\"Dur\u00e9e de lecture est.\" \/>\n\t<meta name=\"twitter:data2\" content=\"2 minutes\" \/>\n<script type=\"application\/ld+json\" class=\"yoast-schema-graph\">{\"@context\":\"https:\/\/schema.org\",\"@graph\":[{\"@type\":\"Article\",\"@id\":\"https:\/\/vieassociative.be\/actualites\/extension-de-lenergie-nucleaire-le-gouvernement-federal-par-wever-veut-empecher-la-fermeture-de-tihange-1\/#article\",\"isPartOf\":{\"@id\":\"https:\/\/vieassociative.be\/actualites\/extension-de-lenergie-nucleaire-le-gouvernement-federal-par-wever-veut-empecher-la-fermeture-de-tihange-1\/\"},\"author\":{\"name\":\"Julien\",\"@id\":\"https:\/\/vieassociative.be\/actualites\/#\/schema\/person\/b87ac4f82f9d4e7b7cec7395b679edc4\"},\"headline\":\"Extension de l&rsquo;\u00e9nergie nucl\u00e9aire: le gouvernement f\u00e9d\u00e9ral par Wever veut emp\u00eacher la fermeture de Tihange 1\",\"datePublished\":\"2025-08-19T14:17:26+00:00\",\"dateModified\":\"2025-08-19T14:17:26+00:00\",\"mainEntityOfPage\":{\"@id\":\"https:\/\/vieassociative.be\/actualites\/extension-de-lenergie-nucleaire-le-gouvernement-federal-par-wever-veut-empecher-la-fermeture-de-tihange-1\/\"},\"wordCount\":385,\"publisher\":{\"@id\":\"https:\/\/vieassociative.be\/actualites\/#organization\"},\"image\":{\"@id\":\"https:\/\/vieassociative.be\/actualites\/extension-de-lenergie-nucleaire-le-gouvernement-federal-par-wever-veut-empecher-la-fermeture-de-tihange-1\/#primaryimage\"},\"thumbnailUrl\":\"https:\/\/vieassociative.be\/actualites\/wp-content\/uploads\/2025\/08\/Extension-de-lenergie-nucleaire-le-gouvernement-federal-par-Wever-veut.jpg\",\"keywords\":[\"emp\u00eacher\",\"extension\",\"f\u00e9d\u00e9ral\",\"fermeture\",\"gouvernement\",\"L\u00e9nergie\",\"nucl\u00e9aire\",\"par\",\"Tihange\",\"veut\",\"Wever\"],\"articleSection\":[\"Belgique\"],\"inLanguage\":\"fr-BE\"},{\"@type\":\"WebPage\",\"@id\":\"https:\/\/vieassociative.be\/actualites\/extension-de-lenergie-nucleaire-le-gouvernement-federal-par-wever-veut-empecher-la-fermeture-de-tihange-1\/\",\"url\":\"https:\/\/vieassociative.be\/actualites\/extension-de-lenergie-nucleaire-le-gouvernement-federal-par-wever-veut-empecher-la-fermeture-de-tihange-1\/\",\"name\":\"Extension de l'\u00e9nergie nucl\u00e9aire: le gouvernement f\u00e9d\u00e9ral par Wever veut emp\u00eacher la fermeture de Tihange 1 | Vie Associative\",\"isPartOf\":{\"@id\":\"https:\/\/vieassociative.be\/actualites\/#website\"},\"primaryImageOfPage\":{\"@id\":\"https:\/\/vieassociative.be\/actualites\/extension-de-lenergie-nucleaire-le-gouvernement-federal-par-wever-veut-empecher-la-fermeture-de-tihange-1\/#primaryimage\"},\"image\":{\"@id\":\"https:\/\/vieassociative.be\/actualites\/extension-de-lenergie-nucleaire-le-gouvernement-federal-par-wever-veut-empecher-la-fermeture-de-tihange-1\/#primaryimage\"},\"thumbnailUrl\":\"https:\/\/vieassociative.be\/actualites\/wp-content\/uploads\/2025\/08\/Extension-de-lenergie-nucleaire-le-gouvernement-federal-par-Wever-veut.jpg\",\"datePublished\":\"2025-08-19T14:17:26+00:00\",\"dateModified\":\"2025-08-19T14:17:26+00:00\",\"breadcrumb\":{\"@id\":\"https:\/\/vieassociative.be\/actualites\/extension-de-lenergie-nucleaire-le-gouvernement-federal-par-wever-veut-empecher-la-fermeture-de-tihange-1\/#breadcrumb\"},\"inLanguage\":\"fr-BE\",\"potentialAction\":[{\"@type\":\"ReadAction\",\"target\":[\"https:\/\/vieassociative.be\/actualites\/extension-de-lenergie-nucleaire-le-gouvernement-federal-par-wever-veut-empecher-la-fermeture-de-tihange-1\/\"]}]},{\"@type\":\"ImageObject\",\"inLanguage\":\"fr-BE\",\"@id\":\"https:\/\/vieassociative.be\/actualites\/extension-de-lenergie-nucleaire-le-gouvernement-federal-par-wever-veut-empecher-la-fermeture-de-tihange-1\/#primaryimage\",\"url\":\"https:\/\/vieassociative.be\/actualites\/wp-content\/uploads\/2025\/08\/Extension-de-lenergie-nucleaire-le-gouvernement-federal-par-Wever-veut.jpg\",\"contentUrl\":\"https:\/\/vieassociative.be\/actualites\/wp-content\/uploads\/2025\/08\/Extension-de-lenergie-nucleaire-le-gouvernement-federal-par-Wever-veut.jpg\",\"width\":1200,\"height\":790,\"caption\":\"Extension de l'\u00e9nergie nucl\u00e9aire: le gouvernement f\u00e9d\u00e9ral par Wever veut emp\u00eacher la fermeture de Tihange 1\"},{\"@type\":\"BreadcrumbList\",\"@id\":\"https:\/\/vieassociative.be\/actualites\/extension-de-lenergie-nucleaire-le-gouvernement-federal-par-wever-veut-empecher-la-fermeture-de-tihange-1\/#breadcrumb\",\"itemListElement\":[{\"@type\":\"ListItem\",\"position\":1,\"name\":\"Accueil\",\"item\":\"https:\/\/vieassociative.be\/actualites\/\"},{\"@type\":\"ListItem\",\"position\":2,\"name\":\"Extension de l&rsquo;\u00e9nergie nucl\u00e9aire: le gouvernement f\u00e9d\u00e9ral par Wever veut emp\u00eacher la fermeture de Tihange 1\"}]},{\"@type\":\"WebSite\",\"@id\":\"https:\/\/vieassociative.be\/actualites\/#website\",\"url\":\"https:\/\/vieassociative.be\/actualites\/\",\"name\":\"Vie Associative\",\"description\":\"\",\"publisher\":{\"@id\":\"https:\/\/vieassociative.be\/actualites\/#organization\"},\"potentialAction\":[{\"@type\":\"SearchAction\",\"target\":{\"@type\":\"EntryPoint\",\"urlTemplate\":\"https:\/\/vieassociative.be\/actualites\/?s={search_term_string}\"},\"query-input\":{\"@type\":\"PropertyValueSpecification\",\"valueRequired\":true,\"valueName\":\"search_term_string\"}}],\"inLanguage\":\"fr-BE\"},{\"@type\":\"Organization\",\"@id\":\"https:\/\/vieassociative.be\/actualites\/#organization\",\"name\":\"Vie Associative\",\"url\":\"https:\/\/vieassociative.be\/actualites\/\",\"logo\":{\"@type\":\"ImageObject\",\"inLanguage\":\"fr-BE\",\"@id\":\"https:\/\/vieassociative.be\/actualites\/#\/schema\/logo\/image\/\",\"url\":\"https:\/\/vieassociative.be\/actualites\/wp-content\/uploads\/2024\/09\/cropped-vieassociative_favicon.ico.png\",\"contentUrl\":\"https:\/\/vieassociative.be\/actualites\/wp-content\/uploads\/2024\/09\/cropped-vieassociative_favicon.ico.png\",\"width\":512,\"height\":512,\"caption\":\"Vie Associative\"},\"image\":{\"@id\":\"https:\/\/vieassociative.be\/actualites\/#\/schema\/logo\/image\/\"}},{\"@type\":\"Person\",\"@id\":\"https:\/\/vieassociative.be\/actualites\/#\/schema\/person\/b87ac4f82f9d4e7b7cec7395b679edc4\",\"name\":\"Julien\",\"image\":{\"@type\":\"ImageObject\",\"inLanguage\":\"fr-BE\",\"@id\":\"https:\/\/vieassociative.be\/actualites\/#\/schema\/person\/image\/\",\"url\":\"https:\/\/vieassociative.be\/actualites\/wp-content\/uploads\/2024\/09\/vie-associative-1-150x150.jpg\",\"contentUrl\":\"https:\/\/vieassociative.be\/actualites\/wp-content\/uploads\/2024\/09\/vie-associative-1-150x150.jpg\",\"caption\":\"Julien\"},\"description\":\"Je suis Julien, r\u00e9dacteur pour Vie Associative. Passionn\u00e9 par le monde associatif depuis plus de 10 ans, j'ai \u00e0 c\u0153ur de partager des histoires inspirantes et de mettre en lumi\u00e8re les initiatives locales. Mon objectif est de sensibiliser et d'encourager l'engagement communautaire \u00e0 travers mes articles.\",\"sameAs\":[\"https:\/\/vieassociative.be\/\"]}]}<\/script>\n<!-- \/ Yoast SEO plugin. -->","yoast_head_json":{"title":"Extension de l'\u00e9nergie nucl\u00e9aire: le gouvernement f\u00e9d\u00e9ral par Wever veut emp\u00eacher la fermeture de Tihange 1 | Vie Associative","robots":{"index":"index","follow":"follow","max-snippet":"max-snippet:-1","max-image-preview":"max-image-preview:large","max-video-preview":"max-video-preview:-1"},"canonical":"https:\/\/vieassociative.be\/actualites\/extension-de-lenergie-nucleaire-le-gouvernement-federal-par-wever-veut-empecher-la-fermeture-de-tihange-1\/","og_locale":"fr_FR","og_type":"article","og_title":"Extension de l'\u00e9nergie nucl\u00e9aire: le gouvernement f\u00e9d\u00e9ral par Wever veut emp\u00eacher la fermeture de Tihange 1 | Vie Associative","og_description":"Le gouvernement f\u00e9d\u00e9ral veut non seulement prolonger Doel 4 et Tiangange 3 sur 20 ans, mais \u00e9galement Tiang 1, dont la fermeture est pr\u00e9vue pour","og_url":"https:\/\/vieassociative.be\/actualites\/extension-de-lenergie-nucleaire-le-gouvernement-federal-par-wever-veut-empecher-la-fermeture-de-tihange-1\/","og_site_name":"Vie Associative","article_published_time":"2025-08-19T14:17:26+00:00","og_image":[{"width":279,"height":92,"url":"https:\/\/vieassociative.be\/actualites\/wp-content\/uploads\/2024\/09\/header_backgroundk-01-e1726694325946.png","type":"image\/png"}],"author":"Julien","twitter_card":"summary_large_image","twitter_misc":{"\u00c9crit par":"Julien","Dur\u00e9e de lecture est.":"2 minutes"},"schema":{"@context":"https:\/\/schema.org","@graph":[{"@type":"Article","@id":"https:\/\/vieassociative.be\/actualites\/extension-de-lenergie-nucleaire-le-gouvernement-federal-par-wever-veut-empecher-la-fermeture-de-tihange-1\/#article","isPartOf":{"@id":"https:\/\/vieassociative.be\/actualites\/extension-de-lenergie-nucleaire-le-gouvernement-federal-par-wever-veut-empecher-la-fermeture-de-tihange-1\/"},"author":{"name":"Julien","@id":"https:\/\/vieassociative.be\/actualites\/#\/schema\/person\/b87ac4f82f9d4e7b7cec7395b679edc4"},"headline":"Extension de l&rsquo;\u00e9nergie nucl\u00e9aire: le gouvernement f\u00e9d\u00e9ral par Wever veut emp\u00eacher la fermeture de Tihange 1","datePublished":"2025-08-19T14:17:26+00:00","dateModified":"2025-08-19T14:17:26+00:00","mainEntityOfPage":{"@id":"https:\/\/vieassociative.be\/actualites\/extension-de-lenergie-nucleaire-le-gouvernement-federal-par-wever-veut-empecher-la-fermeture-de-tihange-1\/"},"wordCount":385,"publisher":{"@id":"https:\/\/vieassociative.be\/actualites\/#organization"},"image":{"@id":"https:\/\/vieassociative.be\/actualites\/extension-de-lenergie-nucleaire-le-gouvernement-federal-par-wever-veut-empecher-la-fermeture-de-tihange-1\/#primaryimage"},"thumbnailUrl":"https:\/\/vieassociative.be\/actualites\/wp-content\/uploads\/2025\/08\/Extension-de-lenergie-nucleaire-le-gouvernement-federal-par-Wever-veut.jpg","keywords":["emp\u00eacher","extension","f\u00e9d\u00e9ral","fermeture","gouvernement","L\u00e9nergie","nucl\u00e9aire","par","Tihange","veut","Wever"],"articleSection":["Belgique"],"inLanguage":"fr-BE"},{"@type":"WebPage","@id":"https:\/\/vieassociative.be\/actualites\/extension-de-lenergie-nucleaire-le-gouvernement-federal-par-wever-veut-empecher-la-fermeture-de-tihange-1\/","url":"https:\/\/vieassociative.be\/actualites\/extension-de-lenergie-nucleaire-le-gouvernement-federal-par-wever-veut-empecher-la-fermeture-de-tihange-1\/","name":"Extension de l'\u00e9nergie nucl\u00e9aire: le gouvernement f\u00e9d\u00e9ral par Wever veut emp\u00eacher la fermeture de Tihange 1 | Vie Associative","isPartOf":{"@id":"https:\/\/vieassociative.be\/actualites\/#website"},"primaryImageOfPage":{"@id":"https:\/\/vieassociative.be\/actualites\/extension-de-lenergie-nucleaire-le-gouvernement-federal-par-wever-veut-empecher-la-fermeture-de-tihange-1\/#primaryimage"},"image":{"@id":"https:\/\/vieassociative.be\/actualites\/extension-de-lenergie-nucleaire-le-gouvernement-federal-par-wever-veut-empecher-la-fermeture-de-tihange-1\/#primaryimage"},"thumbnailUrl":"https:\/\/vieassociative.be\/actualites\/wp-content\/uploads\/2025\/08\/Extension-de-lenergie-nucleaire-le-gouvernement-federal-par-Wever-veut.jpg","datePublished":"2025-08-19T14:17:26+00:00","dateModified":"2025-08-19T14:17:26+00:00","breadcrumb":{"@id":"https:\/\/vieassociative.be\/actualites\/extension-de-lenergie-nucleaire-le-gouvernement-federal-par-wever-veut-empecher-la-fermeture-de-tihange-1\/#breadcrumb"},"inLanguage":"fr-BE","potentialAction":[{"@type":"ReadAction","target":["https:\/\/vieassociative.be\/actualites\/extension-de-lenergie-nucleaire-le-gouvernement-federal-par-wever-veut-empecher-la-fermeture-de-tihange-1\/"]}]},{"@type":"ImageObject","inLanguage":"fr-BE","@id":"https:\/\/vieassociative.be\/actualites\/extension-de-lenergie-nucleaire-le-gouvernement-federal-par-wever-veut-empecher-la-fermeture-de-tihange-1\/#primaryimage","url":"https:\/\/vieassociative.be\/actualites\/wp-content\/uploads\/2025\/08\/Extension-de-lenergie-nucleaire-le-gouvernement-federal-par-Wever-veut.jpg","contentUrl":"https:\/\/vieassociative.be\/actualites\/wp-content\/uploads\/2025\/08\/Extension-de-lenergie-nucleaire-le-gouvernement-federal-par-Wever-veut.jpg","width":1200,"height":790,"caption":"Extension de l'\u00e9nergie nucl\u00e9aire: le gouvernement f\u00e9d\u00e9ral par Wever veut emp\u00eacher la fermeture de Tihange 1"},{"@type":"BreadcrumbList","@id":"https:\/\/vieassociative.be\/actualites\/extension-de-lenergie-nucleaire-le-gouvernement-federal-par-wever-veut-empecher-la-fermeture-de-tihange-1\/#breadcrumb","itemListElement":[{"@type":"ListItem","position":1,"name":"Accueil","item":"https:\/\/vieassociative.be\/actualites\/"},{"@type":"ListItem","position":2,"name":"Extension de l&rsquo;\u00e9nergie nucl\u00e9aire: le gouvernement f\u00e9d\u00e9ral par Wever veut emp\u00eacher la fermeture de Tihange 1"}]},{"@type":"WebSite","@id":"https:\/\/vieassociative.be\/actualites\/#website","url":"https:\/\/vieassociative.be\/actualites\/","name":"Vie Associative","description":"","publisher":{"@id":"https:\/\/vieassociative.be\/actualites\/#organization"},"potentialAction":[{"@type":"SearchAction","target":{"@type":"EntryPoint","urlTemplate":"https:\/\/vieassociative.be\/actualites\/?s={search_term_string}"},"query-input":{"@type":"PropertyValueSpecification","valueRequired":true,"valueName":"search_term_string"}}],"inLanguage":"fr-BE"},{"@type":"Organization","@id":"https:\/\/vieassociative.be\/actualites\/#organization","name":"Vie Associative","url":"https:\/\/vieassociative.be\/actualites\/","logo":{"@type":"ImageObject","inLanguage":"fr-BE","@id":"https:\/\/vieassociative.be\/actualites\/#\/schema\/logo\/image\/","url":"https:\/\/vieassociative.be\/actualites\/wp-content\/uploads\/2024\/09\/cropped-vieassociative_favicon.ico.png","contentUrl":"https:\/\/vieassociative.be\/actualites\/wp-content\/uploads\/2024\/09\/cropped-vieassociative_favicon.ico.png","width":512,"height":512,"caption":"Vie Associative"},"image":{"@id":"https:\/\/vieassociative.be\/actualites\/#\/schema\/logo\/image\/"}},{"@type":"Person","@id":"https:\/\/vieassociative.be\/actualites\/#\/schema\/person\/b87ac4f82f9d4e7b7cec7395b679edc4","name":"Julien","image":{"@type":"ImageObject","inLanguage":"fr-BE","@id":"https:\/\/vieassociative.be\/actualites\/#\/schema\/person\/image\/","url":"https:\/\/vieassociative.be\/actualites\/wp-content\/uploads\/2024\/09\/vie-associative-1-150x150.jpg","contentUrl":"https:\/\/vieassociative.be\/actualites\/wp-content\/uploads\/2024\/09\/vie-associative-1-150x150.jpg","caption":"Julien"},"description":"Je suis Julien, r\u00e9dacteur pour Vie Associative. Passionn\u00e9 par le monde associatif depuis plus de 10 ans, j'ai \u00e0 c\u0153ur de partager des histoires inspirantes et de mettre en lumi\u00e8re les initiatives locales. Mon objectif est de sensibiliser et d'encourager l'engagement communautaire \u00e0 travers mes articles.","sameAs":["https:\/\/vieassociative.be\/"]}]}},"_links":{"self":[{"href":"https:\/\/vieassociative.be\/actualites\/wp-json\/wp\/v2\/posts\/9495"}],"collection":[{"href":"https:\/\/vieassociative.be\/actualites\/wp-json\/wp\/v2\/posts"}],"about":[{"href":"https:\/\/vieassociative.be\/actualites\/wp-json\/wp\/v2\/types\/post"}],"author":[{"embeddable":true,"href":"https:\/\/vieassociative.be\/actualites\/wp-json\/wp\/v2\/users\/1"}],"replies":[{"embeddable":true,"href":"https:\/\/vieassociative.be\/actualites\/wp-json\/wp\/v2\/comments?post=9495"}],"version-history":[{"count":0,"href":"https:\/\/vieassociative.be\/actualites\/wp-json\/wp\/v2\/posts\/9495\/revisions"}],"wp:featuredmedia":[{"embeddable":true,"href":"https:\/\/vieassociative.be\/actualites\/wp-json\/wp\/v2\/media\/9496"}],"wp:attachment":[{"href":"https:\/\/vieassociative.be\/actualites\/wp-json\/wp\/v2\/media?parent=9495"}],"wp:term":[{"taxonomy":"category","embeddable":true,"href":"https:\/\/vieassociative.be\/actualites\/wp-json\/wp\/v2\/categories?post=9495"},{"taxonomy":"post_tag","embeddable":true,"href":"https:\/\/vieassociative.be\/actualites\/wp-json\/wp\/v2\/tags?post=9495"}],"curies":[{"name":"wp","href":"https:\/\/api.w.org\/{rel}","templated":true}]}}