{"id":9488,"date":"2025-08-19T10:17:13","date_gmt":"2025-08-19T08:17:13","guid":{"rendered":"https:\/\/vieassociative.be\/actualites\/les-cyclistes-en-deplacement-avec-le-telephone-portable-et-le-cannabis-ont-allume\/"},"modified":"2025-08-19T10:17:13","modified_gmt":"2025-08-19T08:17:13","slug":"les-cyclistes-en-deplacement-avec-le-telephone-portable-et-le-cannabis-ont-allume","status":"publish","type":"post","link":"https:\/\/vieassociative.be\/actualites\/les-cyclistes-en-deplacement-avec-le-telephone-portable-et-le-cannabis-ont-allume\/","title":{"rendered":"Les cyclistes en d\u00e9placement avec le t\u00e9l\u00e9phone portable et le cannabis ont allum\u00e9"},"content":{"rendered":"<p><strong>La zone de police de Weser-G\u00f6hl a enregistr\u00e9 plusieurs op\u00e9rations importantes entre le jeudi 14 ao\u00fbt 2025 \u00e0 7 h et le lundi 18 ao\u00fbt 2025.<\/strong><\/p>\n<p><span id=\"more-422669\"><\/span><strong>&#8211; t\u00e9l\u00e9phone portable et cannabis trouv\u00e9s par les cyclistes:<\/strong> Le 14 ao\u00fbt. Vers 13 h 10, les policiers effectuent une surveillance de la circulation sur Aachener Strasse \u00e0 Eynatten. Vous regardez un jeune homme qui utilise son t\u00e9l\u00e9phone portable en voyageant \u00e0 v\u00e9lo. Les responsables demandent \u00e0 l&rsquo;homme de s&rsquo;arr\u00eater et de l&rsquo;enregistrer pour la violation de la circulation. L&rsquo;Eupener remet volontairement environ 1,5 gramme de cannabis \u00e0 la police et re\u00e7oit \u00e9galement un protocole pour cela.<\/p>\n<p><strong>&#8211; Accident de la circulation avec une personne bless\u00e9e \u00e0 Eupen:<\/strong> Le 15 ao\u00fbt. Vers 9 h 20, les services de la zone de police de Weser-G\u00f6hl seront signal\u00e9s \u00e0 un accident de la circulation sur Neustra\u00dfe \u00e0 Eupen. Un v\u00e9hicule qui se dirigeait vers Rotenberg est sorti du sentier et a endommag\u00e9 plusieurs voitures qui \u00e9taient gar\u00e9es sur le bord de la route.<\/p>\n<div id=\"attachment_147930\" class=\"wp-caption alignleft\" style=\"max-width: 300px\"><img fetchpriority=\"high\" decoding=\"async\" class=\"wp-image-147930 size-medium\" src=\"https:\/\/vieassociative.be\/actualites\/wp-content\/uploads\/2025\/06\/Caracteristiques-de-lEupen-Wetzlarbad-a-deux-employes-des-operateurs-Lago.jpg\" alt=\"\" width=\"300\" height=\"192\"  ><\/div>\n<p>Lorsque la police est arriv\u00e9e sur place, les services d&rsquo;urgence ont d\u00e9j\u00e0 fourni le conducteur, qui avait probablement perdu le contr\u00f4le de son v\u00e9hicule pour des raisons m\u00e9dicales. L&rsquo;homme plus \u00e2g\u00e9 d&rsquo;Eupen a \u00e9t\u00e9 amen\u00e9 \u00e0 la clinique d&rsquo;Aix-un et son v\u00e9hicule remorqu\u00e9.<\/p>\n<p><strong>&#8211; Contr\u00f4les de la circulation le week-end \u00e0 Eupen et Eynatten:<\/strong> Le 16 ao\u00fbt. Un point de contr\u00f4le de la circulation est mis en place sur la Strasse Herbestheer \u00e0 Eupen dans le cadre de la campagne Summer Bob. Vers 0,50 matin, une femme de Plombi\u00e8res est v\u00e9rifi\u00e9e. Votre test a augment\u00e9 la consommation d&rsquo;alcool et re\u00e7oit un protocole et une interdiction de conduire.<\/p>\n<p>Vers 13 h 10, un homme de Herstal est arr\u00eat\u00e9, qui \u00e9tait \u00e9galement dans le sang au-dessus du niveau d&rsquo;alcool approuv\u00e9. Il a re\u00e7u les m\u00eames sanctions que la femme devant lui.<\/p>\n<p>Un homme d&rsquo;Allemagne est v\u00e9rifi\u00e9 vers 4 h 45. Le test d&rsquo;alcool a des valeurs significativement excessives. Le conducteur re\u00e7oit un retrait de permis de 15 jours et est enregistr\u00e9.<\/p>\n<div id=\"attachment_118448\" class=\"wp-caption alignleft\" style=\"max-width: 300px\"><img decoding=\"async\" class=\"wp-image-118448 size-medium\" src=\"https:\/\/vieassociative.be\/actualites\/wp-content\/uploads\/2025\/08\/Les-cyclistes-en-deplacement-avec-le-telephone-portable-et-le.jpeg\" alt=\"\" width=\"300\" height=\"225\"  ><\/div>\n<p>Le 17 ao\u00fbt. Les commandes de la circulation sont \u00e0 nouveau effectu\u00e9es \u00e0 un autre point sur Herbestheer Strasse \u00e0 Eupen.<\/p>\n<p>Vers 12 h 40, un cycliste se rend au point de contr\u00f4le, qui a une r\u00e9cente consommation de m\u00e9dicaments. Le test d&rsquo;alcool est n\u00e9gatif, mais un test de salive pour la consommation de drogues est positif. L&rsquo;homme d&rsquo;Eupen admet que j&rsquo;ai consomm\u00e9 la MDMA et re\u00e7oit un protocole de conduite sous l&rsquo;influence des stup\u00e9fiants.<\/p>\n<p>Vers 1 h 45, un homme d&rsquo;Eupen est v\u00e9rifi\u00e9 avec un niveau d&rsquo;alcool excessif et re\u00e7oit un retrait de licence de 15 jours et un protocole.<\/p>\n<p>De plus, d&rsquo;autres protocoles ont \u00e9t\u00e9 cr\u00e9\u00e9s lors du ch\u00e8que le 17 ao\u00fbt en raison d&rsquo;un manque d&rsquo;approbation, d&rsquo;une ceinture de s\u00e9curit\u00e9 non couverte et d&rsquo;une conduite sans permis de conduite valide.<\/p>\n<p>Pour un contr\u00f4le du trafic le 17 ao\u00fbt. Sur Aachener Stra\u00dfe \u00e0 Eynatten, un homme de Verviers est v\u00e9rifi\u00e9 dans le sang avec un niveau d&rsquo;alcool accru. Il re\u00e7oit un retrait de licence de 15 jours et est enregistr\u00e9. Le passager, \u00e9galement un homme de Verviers, \u00e9tait en possession d&rsquo;une petite quantit\u00e9 de cannabis au moment du contr\u00f4le, c&rsquo;est pourquoi il a re\u00e7u un protocole.<\/p>\n<p><strong>&#8211; Accident de la circulation avec une personne bless\u00e9e dans l&rsquo;herbesthale:<\/strong> Le 17 ao\u00fbt. Vers 10 h 35, il y a eu un accident de la circulation dans l&rsquo;herbesthale sur Neutralstrasse en direction de la \u00ab\u00a0Maison Blanche\u00a0\u00bb. Un conducteur d&rsquo;Eupen a tourn\u00e9 sa voiture \u00e0 droite vers le parking d&rsquo;une entreprise. Il y avait une collision avec un homme d&rsquo;un homme de la chapelle Henri, qui \u00e9tait sur la m\u00eame voie dans la m\u00eame direction. Afin de clarifier le cours de l&rsquo;accident, les enregistrements des cam\u00e9ras de surveillance environnants sont actuellement \u00e9valu\u00e9s. Selon les connaissances ant\u00e9rieures, les deux conducteurs n&rsquo;\u00e9taient ni sous l&rsquo;influence des stup\u00e9fiants et n&rsquo;avaient pas consomm\u00e9 de l&rsquo;alcool. Le conducteur d&rsquo;Eupen s&rsquo;est plaint de maux de dos apr\u00e8s la collision. Une ambulance a \u00e9t\u00e9 demand\u00e9e et a \u00e9t\u00e9 amen\u00e9e \u00e0 l&rsquo;h\u00f4pital d&rsquo;Eupen pour une enqu\u00eate plus approfondie. (Cre)<\/p>\n","protected":false},"excerpt":{"rendered":"<p>La zone de police de Weser-G\u00f6hl a enregistr\u00e9 plusieurs op\u00e9rations importantes entre le jeudi 14 ao\u00fbt 2025 \u00e0 7 h et le lundi 18 ao\u00fbt<\/p>\n","protected":false},"author":1,"featured_media":9489,"comment_status":"","ping_status":"","sticky":false,"template":"","format":"standard","meta":{"footnotes":""},"categories":[298],"tags":[8224,61,8223,7436,8222,14,1374,170,542],"class_list":["post-9488","post","type-post","status-publish","format-standard","has-post-thumbnail","hentry","category-belgique","tag-allume","tag-avec","tag-cannabis","tag-cyclistes","tag-deplacement","tag-les","tag-ont","tag-portable","tag-telephone","generate-columns","tablet-grid-50","mobile-grid-100","grid-parent","grid-33"],"yoast_head":"<!-- This site is optimized with the Yoast SEO plugin v24.0 - https:\/\/yoast.com\/wordpress\/plugins\/seo\/ -->\n<title>Les cyclistes en d\u00e9placement avec le t\u00e9l\u00e9phone portable et le cannabis ont allum\u00e9 | Vie Associative<\/title>\n<meta name=\"robots\" content=\"index, follow, max-snippet:-1, max-image-preview:large, max-video-preview:-1\" \/>\n<link rel=\"canonical\" href=\"https:\/\/vieassociative.be\/actualites\/les-cyclistes-en-deplacement-avec-le-telephone-portable-et-le-cannabis-ont-allume\/\" \/>\n<meta property=\"og:locale\" content=\"fr_FR\" \/>\n<meta property=\"og:type\" content=\"article\" \/>\n<meta property=\"og:title\" content=\"Les cyclistes en d\u00e9placement avec le t\u00e9l\u00e9phone portable et le cannabis ont allum\u00e9 | Vie Associative\" \/>\n<meta property=\"og:description\" content=\"La zone de police de Weser-G\u00f6hl a enregistr\u00e9 plusieurs op\u00e9rations importantes entre le jeudi 14 ao\u00fbt 2025 \u00e0 7 h et le lundi 18 ao\u00fbt\" \/>\n<meta property=\"og:url\" content=\"https:\/\/vieassociative.be\/actualites\/les-cyclistes-en-deplacement-avec-le-telephone-portable-et-le-cannabis-ont-allume\/\" \/>\n<meta property=\"og:site_name\" content=\"Vie Associative\" \/>\n<meta property=\"article:published_time\" content=\"2025-08-19T08:17:13+00:00\" \/>\n<meta property=\"og:image\" content=\"https:\/\/vieassociative.be\/actualites\/wp-content\/uploads\/2024\/09\/header_backgroundk-01-e1726694325946.png\" \/>\n\t<meta property=\"og:image:width\" content=\"279\" \/>\n\t<meta property=\"og:image:height\" content=\"92\" \/>\n\t<meta property=\"og:image:type\" content=\"image\/png\" \/>\n<meta name=\"author\" content=\"Julien\" \/>\n<meta name=\"twitter:card\" content=\"summary_large_image\" \/>\n<meta name=\"twitter:label1\" content=\"\u00c9crit par\" \/>\n\t<meta name=\"twitter:data1\" content=\"Julien\" \/>\n\t<meta name=\"twitter:label2\" content=\"Dur\u00e9e de lecture est.\" \/>\n\t<meta name=\"twitter:data2\" content=\"4 minutes\" \/>\n<script type=\"application\/ld+json\" class=\"yoast-schema-graph\">{\"@context\":\"https:\/\/schema.org\",\"@graph\":[{\"@type\":\"Article\",\"@id\":\"https:\/\/vieassociative.be\/actualites\/les-cyclistes-en-deplacement-avec-le-telephone-portable-et-le-cannabis-ont-allume\/#article\",\"isPartOf\":{\"@id\":\"https:\/\/vieassociative.be\/actualites\/les-cyclistes-en-deplacement-avec-le-telephone-portable-et-le-cannabis-ont-allume\/\"},\"author\":{\"name\":\"Julien\",\"@id\":\"https:\/\/vieassociative.be\/actualites\/#\/schema\/person\/b87ac4f82f9d4e7b7cec7395b679edc4\"},\"headline\":\"Les cyclistes en d\u00e9placement avec le t\u00e9l\u00e9phone portable et le cannabis ont allum\u00e9\",\"datePublished\":\"2025-08-19T08:17:13+00:00\",\"dateModified\":\"2025-08-19T08:17:13+00:00\",\"mainEntityOfPage\":{\"@id\":\"https:\/\/vieassociative.be\/actualites\/les-cyclistes-en-deplacement-avec-le-telephone-portable-et-le-cannabis-ont-allume\/\"},\"wordCount\":756,\"publisher\":{\"@id\":\"https:\/\/vieassociative.be\/actualites\/#organization\"},\"image\":{\"@id\":\"https:\/\/vieassociative.be\/actualites\/les-cyclistes-en-deplacement-avec-le-telephone-portable-et-le-cannabis-ont-allume\/#primaryimage\"},\"thumbnailUrl\":\"https:\/\/vieassociative.be\/actualites\/wp-content\/uploads\/2025\/08\/1755591434_Les-cyclistes-en-deplacement-avec-le-telephone-portable-et-le.jpeg\",\"keywords\":[\"allum\u00e9\",\"avec\",\"cannabis\",\"cyclistes\",\"d\u00e9placement\",\"Les\",\"ont\",\"portable\",\"t\u00e9l\u00e9phone\"],\"articleSection\":[\"Belgique\"],\"inLanguage\":\"fr-BE\"},{\"@type\":\"WebPage\",\"@id\":\"https:\/\/vieassociative.be\/actualites\/les-cyclistes-en-deplacement-avec-le-telephone-portable-et-le-cannabis-ont-allume\/\",\"url\":\"https:\/\/vieassociative.be\/actualites\/les-cyclistes-en-deplacement-avec-le-telephone-portable-et-le-cannabis-ont-allume\/\",\"name\":\"Les cyclistes en d\u00e9placement avec le t\u00e9l\u00e9phone portable et le cannabis ont allum\u00e9 | Vie Associative\",\"isPartOf\":{\"@id\":\"https:\/\/vieassociative.be\/actualites\/#website\"},\"primaryImageOfPage\":{\"@id\":\"https:\/\/vieassociative.be\/actualites\/les-cyclistes-en-deplacement-avec-le-telephone-portable-et-le-cannabis-ont-allume\/#primaryimage\"},\"image\":{\"@id\":\"https:\/\/vieassociative.be\/actualites\/les-cyclistes-en-deplacement-avec-le-telephone-portable-et-le-cannabis-ont-allume\/#primaryimage\"},\"thumbnailUrl\":\"https:\/\/vieassociative.be\/actualites\/wp-content\/uploads\/2025\/08\/1755591434_Les-cyclistes-en-deplacement-avec-le-telephone-portable-et-le.jpeg\",\"datePublished\":\"2025-08-19T08:17:13+00:00\",\"dateModified\":\"2025-08-19T08:17:13+00:00\",\"breadcrumb\":{\"@id\":\"https:\/\/vieassociative.be\/actualites\/les-cyclistes-en-deplacement-avec-le-telephone-portable-et-le-cannabis-ont-allume\/#breadcrumb\"},\"inLanguage\":\"fr-BE\",\"potentialAction\":[{\"@type\":\"ReadAction\",\"target\":[\"https:\/\/vieassociative.be\/actualites\/les-cyclistes-en-deplacement-avec-le-telephone-portable-et-le-cannabis-ont-allume\/\"]}]},{\"@type\":\"ImageObject\",\"inLanguage\":\"fr-BE\",\"@id\":\"https:\/\/vieassociative.be\/actualites\/les-cyclistes-en-deplacement-avec-le-telephone-portable-et-le-cannabis-ont-allume\/#primaryimage\",\"url\":\"https:\/\/vieassociative.be\/actualites\/wp-content\/uploads\/2025\/08\/1755591434_Les-cyclistes-en-deplacement-avec-le-telephone-portable-et-le.jpeg\",\"contentUrl\":\"https:\/\/vieassociative.be\/actualites\/wp-content\/uploads\/2025\/08\/1755591434_Les-cyclistes-en-deplacement-avec-le-telephone-portable-et-le.jpeg\",\"width\":1200,\"height\":800,\"caption\":\"Les cyclistes en d\u00e9placement avec le t\u00e9l\u00e9phone portable et le cannabis ont allum\u00e9\"},{\"@type\":\"BreadcrumbList\",\"@id\":\"https:\/\/vieassociative.be\/actualites\/les-cyclistes-en-deplacement-avec-le-telephone-portable-et-le-cannabis-ont-allume\/#breadcrumb\",\"itemListElement\":[{\"@type\":\"ListItem\",\"position\":1,\"name\":\"Accueil\",\"item\":\"https:\/\/vieassociative.be\/actualites\/\"},{\"@type\":\"ListItem\",\"position\":2,\"name\":\"Les cyclistes en d\u00e9placement avec le t\u00e9l\u00e9phone portable et le cannabis ont allum\u00e9\"}]},{\"@type\":\"WebSite\",\"@id\":\"https:\/\/vieassociative.be\/actualites\/#website\",\"url\":\"https:\/\/vieassociative.be\/actualites\/\",\"name\":\"Vie Associative\",\"description\":\"\",\"publisher\":{\"@id\":\"https:\/\/vieassociative.be\/actualites\/#organization\"},\"potentialAction\":[{\"@type\":\"SearchAction\",\"target\":{\"@type\":\"EntryPoint\",\"urlTemplate\":\"https:\/\/vieassociative.be\/actualites\/?s={search_term_string}\"},\"query-input\":{\"@type\":\"PropertyValueSpecification\",\"valueRequired\":true,\"valueName\":\"search_term_string\"}}],\"inLanguage\":\"fr-BE\"},{\"@type\":\"Organization\",\"@id\":\"https:\/\/vieassociative.be\/actualites\/#organization\",\"name\":\"Vie Associative\",\"url\":\"https:\/\/vieassociative.be\/actualites\/\",\"logo\":{\"@type\":\"ImageObject\",\"inLanguage\":\"fr-BE\",\"@id\":\"https:\/\/vieassociative.be\/actualites\/#\/schema\/logo\/image\/\",\"url\":\"https:\/\/vieassociative.be\/actualites\/wp-content\/uploads\/2024\/09\/cropped-vieassociative_favicon.ico.png\",\"contentUrl\":\"https:\/\/vieassociative.be\/actualites\/wp-content\/uploads\/2024\/09\/cropped-vieassociative_favicon.ico.png\",\"width\":512,\"height\":512,\"caption\":\"Vie Associative\"},\"image\":{\"@id\":\"https:\/\/vieassociative.be\/actualites\/#\/schema\/logo\/image\/\"}},{\"@type\":\"Person\",\"@id\":\"https:\/\/vieassociative.be\/actualites\/#\/schema\/person\/b87ac4f82f9d4e7b7cec7395b679edc4\",\"name\":\"Julien\",\"image\":{\"@type\":\"ImageObject\",\"inLanguage\":\"fr-BE\",\"@id\":\"https:\/\/vieassociative.be\/actualites\/#\/schema\/person\/image\/\",\"url\":\"https:\/\/vieassociative.be\/actualites\/wp-content\/uploads\/2024\/09\/vie-associative-1-150x150.jpg\",\"contentUrl\":\"https:\/\/vieassociative.be\/actualites\/wp-content\/uploads\/2024\/09\/vie-associative-1-150x150.jpg\",\"caption\":\"Julien\"},\"description\":\"Je suis Julien, r\u00e9dacteur pour Vie Associative. Passionn\u00e9 par le monde associatif depuis plus de 10 ans, j'ai \u00e0 c\u0153ur de partager des histoires inspirantes et de mettre en lumi\u00e8re les initiatives locales. Mon objectif est de sensibiliser et d'encourager l'engagement communautaire \u00e0 travers mes articles.\",\"sameAs\":[\"https:\/\/vieassociative.be\/\"]}]}<\/script>\n<!-- \/ Yoast SEO plugin. -->","yoast_head_json":{"title":"Les cyclistes en d\u00e9placement avec le t\u00e9l\u00e9phone portable et le cannabis ont allum\u00e9 | Vie Associative","robots":{"index":"index","follow":"follow","max-snippet":"max-snippet:-1","max-image-preview":"max-image-preview:large","max-video-preview":"max-video-preview:-1"},"canonical":"https:\/\/vieassociative.be\/actualites\/les-cyclistes-en-deplacement-avec-le-telephone-portable-et-le-cannabis-ont-allume\/","og_locale":"fr_FR","og_type":"article","og_title":"Les cyclistes en d\u00e9placement avec le t\u00e9l\u00e9phone portable et le cannabis ont allum\u00e9 | Vie Associative","og_description":"La zone de police de Weser-G\u00f6hl a enregistr\u00e9 plusieurs op\u00e9rations importantes entre le jeudi 14 ao\u00fbt 2025 \u00e0 7 h et le lundi 18 ao\u00fbt","og_url":"https:\/\/vieassociative.be\/actualites\/les-cyclistes-en-deplacement-avec-le-telephone-portable-et-le-cannabis-ont-allume\/","og_site_name":"Vie Associative","article_published_time":"2025-08-19T08:17:13+00:00","og_image":[{"width":279,"height":92,"url":"https:\/\/vieassociative.be\/actualites\/wp-content\/uploads\/2024\/09\/header_backgroundk-01-e1726694325946.png","type":"image\/png"}],"author":"Julien","twitter_card":"summary_large_image","twitter_misc":{"\u00c9crit par":"Julien","Dur\u00e9e de lecture est.":"4 minutes"},"schema":{"@context":"https:\/\/schema.org","@graph":[{"@type":"Article","@id":"https:\/\/vieassociative.be\/actualites\/les-cyclistes-en-deplacement-avec-le-telephone-portable-et-le-cannabis-ont-allume\/#article","isPartOf":{"@id":"https:\/\/vieassociative.be\/actualites\/les-cyclistes-en-deplacement-avec-le-telephone-portable-et-le-cannabis-ont-allume\/"},"author":{"name":"Julien","@id":"https:\/\/vieassociative.be\/actualites\/#\/schema\/person\/b87ac4f82f9d4e7b7cec7395b679edc4"},"headline":"Les cyclistes en d\u00e9placement avec le t\u00e9l\u00e9phone portable et le cannabis ont allum\u00e9","datePublished":"2025-08-19T08:17:13+00:00","dateModified":"2025-08-19T08:17:13+00:00","mainEntityOfPage":{"@id":"https:\/\/vieassociative.be\/actualites\/les-cyclistes-en-deplacement-avec-le-telephone-portable-et-le-cannabis-ont-allume\/"},"wordCount":756,"publisher":{"@id":"https:\/\/vieassociative.be\/actualites\/#organization"},"image":{"@id":"https:\/\/vieassociative.be\/actualites\/les-cyclistes-en-deplacement-avec-le-telephone-portable-et-le-cannabis-ont-allume\/#primaryimage"},"thumbnailUrl":"https:\/\/vieassociative.be\/actualites\/wp-content\/uploads\/2025\/08\/1755591434_Les-cyclistes-en-deplacement-avec-le-telephone-portable-et-le.jpeg","keywords":["allum\u00e9","avec","cannabis","cyclistes","d\u00e9placement","Les","ont","portable","t\u00e9l\u00e9phone"],"articleSection":["Belgique"],"inLanguage":"fr-BE"},{"@type":"WebPage","@id":"https:\/\/vieassociative.be\/actualites\/les-cyclistes-en-deplacement-avec-le-telephone-portable-et-le-cannabis-ont-allume\/","url":"https:\/\/vieassociative.be\/actualites\/les-cyclistes-en-deplacement-avec-le-telephone-portable-et-le-cannabis-ont-allume\/","name":"Les cyclistes en d\u00e9placement avec le t\u00e9l\u00e9phone portable et le cannabis ont allum\u00e9 | Vie Associative","isPartOf":{"@id":"https:\/\/vieassociative.be\/actualites\/#website"},"primaryImageOfPage":{"@id":"https:\/\/vieassociative.be\/actualites\/les-cyclistes-en-deplacement-avec-le-telephone-portable-et-le-cannabis-ont-allume\/#primaryimage"},"image":{"@id":"https:\/\/vieassociative.be\/actualites\/les-cyclistes-en-deplacement-avec-le-telephone-portable-et-le-cannabis-ont-allume\/#primaryimage"},"thumbnailUrl":"https:\/\/vieassociative.be\/actualites\/wp-content\/uploads\/2025\/08\/1755591434_Les-cyclistes-en-deplacement-avec-le-telephone-portable-et-le.jpeg","datePublished":"2025-08-19T08:17:13+00:00","dateModified":"2025-08-19T08:17:13+00:00","breadcrumb":{"@id":"https:\/\/vieassociative.be\/actualites\/les-cyclistes-en-deplacement-avec-le-telephone-portable-et-le-cannabis-ont-allume\/#breadcrumb"},"inLanguage":"fr-BE","potentialAction":[{"@type":"ReadAction","target":["https:\/\/vieassociative.be\/actualites\/les-cyclistes-en-deplacement-avec-le-telephone-portable-et-le-cannabis-ont-allume\/"]}]},{"@type":"ImageObject","inLanguage":"fr-BE","@id":"https:\/\/vieassociative.be\/actualites\/les-cyclistes-en-deplacement-avec-le-telephone-portable-et-le-cannabis-ont-allume\/#primaryimage","url":"https:\/\/vieassociative.be\/actualites\/wp-content\/uploads\/2025\/08\/1755591434_Les-cyclistes-en-deplacement-avec-le-telephone-portable-et-le.jpeg","contentUrl":"https:\/\/vieassociative.be\/actualites\/wp-content\/uploads\/2025\/08\/1755591434_Les-cyclistes-en-deplacement-avec-le-telephone-portable-et-le.jpeg","width":1200,"height":800,"caption":"Les cyclistes en d\u00e9placement avec le t\u00e9l\u00e9phone portable et le cannabis ont allum\u00e9"},{"@type":"BreadcrumbList","@id":"https:\/\/vieassociative.be\/actualites\/les-cyclistes-en-deplacement-avec-le-telephone-portable-et-le-cannabis-ont-allume\/#breadcrumb","itemListElement":[{"@type":"ListItem","position":1,"name":"Accueil","item":"https:\/\/vieassociative.be\/actualites\/"},{"@type":"ListItem","position":2,"name":"Les cyclistes en d\u00e9placement avec le t\u00e9l\u00e9phone portable et le cannabis ont allum\u00e9"}]},{"@type":"WebSite","@id":"https:\/\/vieassociative.be\/actualites\/#website","url":"https:\/\/vieassociative.be\/actualites\/","name":"Vie Associative","description":"","publisher":{"@id":"https:\/\/vieassociative.be\/actualites\/#organization"},"potentialAction":[{"@type":"SearchAction","target":{"@type":"EntryPoint","urlTemplate":"https:\/\/vieassociative.be\/actualites\/?s={search_term_string}"},"query-input":{"@type":"PropertyValueSpecification","valueRequired":true,"valueName":"search_term_string"}}],"inLanguage":"fr-BE"},{"@type":"Organization","@id":"https:\/\/vieassociative.be\/actualites\/#organization","name":"Vie Associative","url":"https:\/\/vieassociative.be\/actualites\/","logo":{"@type":"ImageObject","inLanguage":"fr-BE","@id":"https:\/\/vieassociative.be\/actualites\/#\/schema\/logo\/image\/","url":"https:\/\/vieassociative.be\/actualites\/wp-content\/uploads\/2024\/09\/cropped-vieassociative_favicon.ico.png","contentUrl":"https:\/\/vieassociative.be\/actualites\/wp-content\/uploads\/2024\/09\/cropped-vieassociative_favicon.ico.png","width":512,"height":512,"caption":"Vie Associative"},"image":{"@id":"https:\/\/vieassociative.be\/actualites\/#\/schema\/logo\/image\/"}},{"@type":"Person","@id":"https:\/\/vieassociative.be\/actualites\/#\/schema\/person\/b87ac4f82f9d4e7b7cec7395b679edc4","name":"Julien","image":{"@type":"ImageObject","inLanguage":"fr-BE","@id":"https:\/\/vieassociative.be\/actualites\/#\/schema\/person\/image\/","url":"https:\/\/vieassociative.be\/actualites\/wp-content\/uploads\/2024\/09\/vie-associative-1-150x150.jpg","contentUrl":"https:\/\/vieassociative.be\/actualites\/wp-content\/uploads\/2024\/09\/vie-associative-1-150x150.jpg","caption":"Julien"},"description":"Je suis Julien, r\u00e9dacteur pour Vie Associative. Passionn\u00e9 par le monde associatif depuis plus de 10 ans, j'ai \u00e0 c\u0153ur de partager des histoires inspirantes et de mettre en lumi\u00e8re les initiatives locales. Mon objectif est de sensibiliser et d'encourager l'engagement communautaire \u00e0 travers mes articles.","sameAs":["https:\/\/vieassociative.be\/"]}]}},"_links":{"self":[{"href":"https:\/\/vieassociative.be\/actualites\/wp-json\/wp\/v2\/posts\/9488"}],"collection":[{"href":"https:\/\/vieassociative.be\/actualites\/wp-json\/wp\/v2\/posts"}],"about":[{"href":"https:\/\/vieassociative.be\/actualites\/wp-json\/wp\/v2\/types\/post"}],"author":[{"embeddable":true,"href":"https:\/\/vieassociative.be\/actualites\/wp-json\/wp\/v2\/users\/1"}],"replies":[{"embeddable":true,"href":"https:\/\/vieassociative.be\/actualites\/wp-json\/wp\/v2\/comments?post=9488"}],"version-history":[{"count":0,"href":"https:\/\/vieassociative.be\/actualites\/wp-json\/wp\/v2\/posts\/9488\/revisions"}],"wp:featuredmedia":[{"embeddable":true,"href":"https:\/\/vieassociative.be\/actualites\/wp-json\/wp\/v2\/media\/9489"}],"wp:attachment":[{"href":"https:\/\/vieassociative.be\/actualites\/wp-json\/wp\/v2\/media?parent=9488"}],"wp:term":[{"taxonomy":"category","embeddable":true,"href":"https:\/\/vieassociative.be\/actualites\/wp-json\/wp\/v2\/categories?post=9488"},{"taxonomy":"post_tag","embeddable":true,"href":"https:\/\/vieassociative.be\/actualites\/wp-json\/wp\/v2\/tags?post=9488"}],"curies":[{"name":"wp","href":"https:\/\/api.w.org\/{rel}","templated":true}]}}