{"id":9480,"date":"2025-08-19T02:17:26","date_gmt":"2025-08-19T00:17:26","guid":{"rendered":"https:\/\/vieassociative.be\/actualites\/pourquoi-vous-devez-mettre-a-jour-votre-serveur-plex-des-que-possible\/"},"modified":"2025-08-19T02:17:26","modified_gmt":"2025-08-19T00:17:26","slug":"pourquoi-vous-devez-mettre-a-jour-votre-serveur-plex-des-que-possible","status":"publish","type":"post","link":"https:\/\/vieassociative.be\/actualites\/pourquoi-vous-devez-mettre-a-jour-votre-serveur-plex-des-que-possible\/","title":{"rendered":"Pourquoi vous devez mettre \u00e0 jour votre serveur Plex d\u00e8s que possible"},"content":{"rendered":"<div class=\"mt-4 leading-6 md:mb-8\">Les utilisateurs sont invit\u00e9s \u00e0 corriger ce myst\u00e9rieux d\u00e9faut d\u00e8s que possible.<\/div>\n<p><\/p>\n<p>Si vous ex\u00e9cutez un serveur de m\u00e9dias Plex, vous devrez peut-\u00eatre le mettre \u00e0 jour d\u00e8s maintenant pour corriger un d\u00e9faut de s\u00e9curit\u00e9 majeur. La soci\u00e9t\u00e9 a inform\u00e9 certains utilisateurs \u00e0 la fin de la semaine derni\u00e8re d&rsquo;une vuln\u00e9rabilit\u00e9 affectant les versions de serveur de m\u00e9dias Plex 1.41.7.x \u00e0 1.42.0.x et a exhort\u00e9 les destinataires \u00e0 t\u00e9l\u00e9charger le correctif d\u00e8s que possible. <\/p>\n<h2 id=\"why-you-should-pay-attention-to-this-plex-security-issue\">Pourquoi devriez-vous pr\u00eater attention \u00e0 ce probl\u00e8me de s\u00e9curit\u00e9 plex<\/h2>\n<p>Comme le rapporte Bleeping Computer, Plex a connu un certain nombre de bogues critiques et de haute s\u00e9v\u00e9rit\u00e9 dans le pass\u00e9, mais alerte rarement les utilisateurs de vuln\u00e9rabilit\u00e9s sp\u00e9cifiques et de mises \u00e0 jour urgentes &#8211; donc celle-ci est probablement assez grave. <\/p>\n<p>Un probl\u00e8me de s\u00e9curit\u00e9 Plex exploit\u00e9 activement a \u00e9t\u00e9 impliqu\u00e9 dans la violation massive de donn\u00e9es de LastPass 2022. La vuln\u00e9rabilit\u00e9 d&rsquo;ex\u00e9cution du code distant, \u00e9tiquet\u00e9e CVE-2020-5741, a permis aux attaquants d&rsquo;acc\u00e9der au compte Plex d&rsquo;un ing\u00e9nieur LastPass, qui n&rsquo;avait pas mis \u00e0 jour leur logiciel avec le correctif appropri\u00e9. En cons\u00e9quence, les acteurs de la menace ont pu installer un Keylogger pour voler les informations d&rsquo;identification de l&#8217;employ\u00e9, ce qui leur a donn\u00e9 acc\u00e8s au coffre-fort de l&rsquo;entreprise LastPass. Selon la d\u00e9claration de Plex sur l&rsquo;\u00e9v\u00e9nement, la version ex\u00e9cut\u00e9e sur le serveur de l&rsquo;ing\u00e9nieur \u00e9tait \u00ab\u00a0il y a environ 75 versions\u00a0\u00bb.<\/p>\n<p>Plex n&rsquo;a pas partag\u00e9 d&rsquo;informations suppl\u00e9mentaires sur ce d\u00e9faut actuel ou a attribu\u00e9 un CVE-ID, il n&rsquo;est donc pas clair quelle est exactement la vuln\u00e9rabilit\u00e9. Certains utilisateurs ont re\u00e7u un e-mail d\u00e9crivant un \u00ab\u00a0probl\u00e8me de s\u00e9curit\u00e9 potentiel affectant les versions Plex Media Server 1.41.7.x \u00e0 1.42.0.x\u00a0\u00bb identifi\u00e9es via le programme Boug Bounty. Le message a \u00e9galement d\u00e9clar\u00e9 \u00ab\u00a0Nous recommandons fortement \u00e0 tout le monde de mettre \u00e0 jour son serveur de m\u00e9dias Plex vers la version la plus r\u00e9cente d\u00e8s que possible, si vous ne l&rsquo;avez pas d\u00e9j\u00e0 fait.\u00a0\u00bb<\/p>\n<p>Le correctif de cette derni\u00e8re vuln\u00e9rabilit\u00e9 est la version 1.42.1.10060 (ou version ult\u00e9rieure du serveur de m\u00e9dias Plex, que vous pouvez obtenir via votre page de gestion de serveur ou la page de t\u00e9l\u00e9chargement de l&rsquo;entreprise. <\/p>\n","protected":false},"excerpt":{"rendered":"<p>Les utilisateurs sont invit\u00e9s \u00e0 corriger ce myst\u00e9rieux d\u00e9faut d\u00e8s que possible. Si vous ex\u00e9cutez un serveur de m\u00e9dias Plex, vous devrez peut-\u00eatre le mettre<\/p>\n","protected":false},"author":1,"featured_media":9481,"comment_status":"","ping_status":"","sticky":false,"template":"","format":"standard","meta":{"footnotes":""},"categories":[13],"tags":[29,1086,53,1182,8214,734,8213,8,4],"class_list":["post-9480","post","type-post","status-publish","format-standard","has-post-thumbnail","hentry","category-technologie","tag-des","tag-devez","tag-jour","tag-mettre","tag-plex","tag-pourquoi","tag-serveur","tag-votre","tag-vous","generate-columns","tablet-grid-50","mobile-grid-100","grid-parent","grid-33"],"yoast_head":"<!-- This site is optimized with the Yoast SEO plugin v24.0 - https:\/\/yoast.com\/wordpress\/plugins\/seo\/ -->\n<title>Pourquoi vous devez mettre \u00e0 jour votre serveur Plex d\u00e8s que possible | Vie Associative<\/title>\n<meta name=\"robots\" content=\"index, follow, max-snippet:-1, max-image-preview:large, max-video-preview:-1\" \/>\n<link rel=\"canonical\" href=\"https:\/\/vieassociative.be\/actualites\/pourquoi-vous-devez-mettre-a-jour-votre-serveur-plex-des-que-possible\/\" \/>\n<meta property=\"og:locale\" content=\"fr_FR\" \/>\n<meta property=\"og:type\" content=\"article\" \/>\n<meta property=\"og:title\" content=\"Pourquoi vous devez mettre \u00e0 jour votre serveur Plex d\u00e8s que possible | Vie Associative\" \/>\n<meta property=\"og:description\" content=\"Les utilisateurs sont invit\u00e9s \u00e0 corriger ce myst\u00e9rieux d\u00e9faut d\u00e8s que possible. Si vous ex\u00e9cutez un serveur de m\u00e9dias Plex, vous devrez peut-\u00eatre le mettre\" \/>\n<meta property=\"og:url\" content=\"https:\/\/vieassociative.be\/actualites\/pourquoi-vous-devez-mettre-a-jour-votre-serveur-plex-des-que-possible\/\" \/>\n<meta property=\"og:site_name\" content=\"Vie Associative\" \/>\n<meta property=\"article:published_time\" content=\"2025-08-19T00:17:26+00:00\" \/>\n<meta property=\"og:image\" content=\"https:\/\/vieassociative.be\/actualites\/wp-content\/uploads\/2024\/09\/header_backgroundk-01-e1726694325946.png\" \/>\n\t<meta property=\"og:image:width\" content=\"279\" \/>\n\t<meta property=\"og:image:height\" content=\"92\" \/>\n\t<meta property=\"og:image:type\" content=\"image\/png\" \/>\n<meta name=\"author\" content=\"Julien\" \/>\n<meta name=\"twitter:card\" content=\"summary_large_image\" \/>\n<meta name=\"twitter:label1\" content=\"\u00c9crit par\" \/>\n\t<meta name=\"twitter:data1\" content=\"Julien\" \/>\n\t<meta name=\"twitter:label2\" content=\"Dur\u00e9e de lecture est.\" \/>\n\t<meta name=\"twitter:data2\" content=\"2 minutes\" \/>\n<script type=\"application\/ld+json\" class=\"yoast-schema-graph\">{\"@context\":\"https:\/\/schema.org\",\"@graph\":[{\"@type\":\"Article\",\"@id\":\"https:\/\/vieassociative.be\/actualites\/pourquoi-vous-devez-mettre-a-jour-votre-serveur-plex-des-que-possible\/#article\",\"isPartOf\":{\"@id\":\"https:\/\/vieassociative.be\/actualites\/pourquoi-vous-devez-mettre-a-jour-votre-serveur-plex-des-que-possible\/\"},\"author\":{\"name\":\"Julien\",\"@id\":\"https:\/\/vieassociative.be\/actualites\/#\/schema\/person\/b87ac4f82f9d4e7b7cec7395b679edc4\"},\"headline\":\"Pourquoi vous devez mettre \u00e0 jour votre serveur Plex d\u00e8s que possible\",\"datePublished\":\"2025-08-19T00:17:26+00:00\",\"dateModified\":\"2025-08-19T00:17:26+00:00\",\"mainEntityOfPage\":{\"@id\":\"https:\/\/vieassociative.be\/actualites\/pourquoi-vous-devez-mettre-a-jour-votre-serveur-plex-des-que-possible\/\"},\"wordCount\":426,\"publisher\":{\"@id\":\"https:\/\/vieassociative.be\/actualites\/#organization\"},\"image\":{\"@id\":\"https:\/\/vieassociative.be\/actualites\/pourquoi-vous-devez-mettre-a-jour-votre-serveur-plex-des-que-possible\/#primaryimage\"},\"thumbnailUrl\":\"https:\/\/vieassociative.be\/actualites\/wp-content\/uploads\/2025\/08\/Pourquoi-vous-devez-mettre-a-jour-votre-serveur-Plex-des.jpg\",\"keywords\":[\"Des\",\"devez\",\"jour\",\"mettre\",\"Plex\",\"Pourquoi\",\"serveur\",\"votre\",\"Vous\"],\"articleSection\":[\"Technologie\"],\"inLanguage\":\"fr-BE\"},{\"@type\":\"WebPage\",\"@id\":\"https:\/\/vieassociative.be\/actualites\/pourquoi-vous-devez-mettre-a-jour-votre-serveur-plex-des-que-possible\/\",\"url\":\"https:\/\/vieassociative.be\/actualites\/pourquoi-vous-devez-mettre-a-jour-votre-serveur-plex-des-que-possible\/\",\"name\":\"Pourquoi vous devez mettre \u00e0 jour votre serveur Plex d\u00e8s que possible | Vie Associative\",\"isPartOf\":{\"@id\":\"https:\/\/vieassociative.be\/actualites\/#website\"},\"primaryImageOfPage\":{\"@id\":\"https:\/\/vieassociative.be\/actualites\/pourquoi-vous-devez-mettre-a-jour-votre-serveur-plex-des-que-possible\/#primaryimage\"},\"image\":{\"@id\":\"https:\/\/vieassociative.be\/actualites\/pourquoi-vous-devez-mettre-a-jour-votre-serveur-plex-des-que-possible\/#primaryimage\"},\"thumbnailUrl\":\"https:\/\/vieassociative.be\/actualites\/wp-content\/uploads\/2025\/08\/Pourquoi-vous-devez-mettre-a-jour-votre-serveur-Plex-des.jpg\",\"datePublished\":\"2025-08-19T00:17:26+00:00\",\"dateModified\":\"2025-08-19T00:17:26+00:00\",\"breadcrumb\":{\"@id\":\"https:\/\/vieassociative.be\/actualites\/pourquoi-vous-devez-mettre-a-jour-votre-serveur-plex-des-que-possible\/#breadcrumb\"},\"inLanguage\":\"fr-BE\",\"potentialAction\":[{\"@type\":\"ReadAction\",\"target\":[\"https:\/\/vieassociative.be\/actualites\/pourquoi-vous-devez-mettre-a-jour-votre-serveur-plex-des-que-possible\/\"]}]},{\"@type\":\"ImageObject\",\"inLanguage\":\"fr-BE\",\"@id\":\"https:\/\/vieassociative.be\/actualites\/pourquoi-vous-devez-mettre-a-jour-votre-serveur-plex-des-que-possible\/#primaryimage\",\"url\":\"https:\/\/vieassociative.be\/actualites\/wp-content\/uploads\/2025\/08\/Pourquoi-vous-devez-mettre-a-jour-votre-serveur-Plex-des.jpg\",\"contentUrl\":\"https:\/\/vieassociative.be\/actualites\/wp-content\/uploads\/2025\/08\/Pourquoi-vous-devez-mettre-a-jour-votre-serveur-Plex-des.jpg\",\"width\":1200,\"height\":675,\"caption\":\"Pourquoi vous devez mettre \u00e0 jour votre serveur Plex d\u00e8s que possible\"},{\"@type\":\"BreadcrumbList\",\"@id\":\"https:\/\/vieassociative.be\/actualites\/pourquoi-vous-devez-mettre-a-jour-votre-serveur-plex-des-que-possible\/#breadcrumb\",\"itemListElement\":[{\"@type\":\"ListItem\",\"position\":1,\"name\":\"Accueil\",\"item\":\"https:\/\/vieassociative.be\/actualites\/\"},{\"@type\":\"ListItem\",\"position\":2,\"name\":\"Pourquoi vous devez mettre \u00e0 jour votre serveur Plex d\u00e8s que possible\"}]},{\"@type\":\"WebSite\",\"@id\":\"https:\/\/vieassociative.be\/actualites\/#website\",\"url\":\"https:\/\/vieassociative.be\/actualites\/\",\"name\":\"Vie Associative\",\"description\":\"\",\"publisher\":{\"@id\":\"https:\/\/vieassociative.be\/actualites\/#organization\"},\"potentialAction\":[{\"@type\":\"SearchAction\",\"target\":{\"@type\":\"EntryPoint\",\"urlTemplate\":\"https:\/\/vieassociative.be\/actualites\/?s={search_term_string}\"},\"query-input\":{\"@type\":\"PropertyValueSpecification\",\"valueRequired\":true,\"valueName\":\"search_term_string\"}}],\"inLanguage\":\"fr-BE\"},{\"@type\":\"Organization\",\"@id\":\"https:\/\/vieassociative.be\/actualites\/#organization\",\"name\":\"Vie Associative\",\"url\":\"https:\/\/vieassociative.be\/actualites\/\",\"logo\":{\"@type\":\"ImageObject\",\"inLanguage\":\"fr-BE\",\"@id\":\"https:\/\/vieassociative.be\/actualites\/#\/schema\/logo\/image\/\",\"url\":\"https:\/\/vieassociative.be\/actualites\/wp-content\/uploads\/2024\/09\/cropped-vieassociative_favicon.ico.png\",\"contentUrl\":\"https:\/\/vieassociative.be\/actualites\/wp-content\/uploads\/2024\/09\/cropped-vieassociative_favicon.ico.png\",\"width\":512,\"height\":512,\"caption\":\"Vie Associative\"},\"image\":{\"@id\":\"https:\/\/vieassociative.be\/actualites\/#\/schema\/logo\/image\/\"}},{\"@type\":\"Person\",\"@id\":\"https:\/\/vieassociative.be\/actualites\/#\/schema\/person\/b87ac4f82f9d4e7b7cec7395b679edc4\",\"name\":\"Julien\",\"image\":{\"@type\":\"ImageObject\",\"inLanguage\":\"fr-BE\",\"@id\":\"https:\/\/vieassociative.be\/actualites\/#\/schema\/person\/image\/\",\"url\":\"https:\/\/vieassociative.be\/actualites\/wp-content\/uploads\/2024\/09\/vie-associative-1-150x150.jpg\",\"contentUrl\":\"https:\/\/vieassociative.be\/actualites\/wp-content\/uploads\/2024\/09\/vie-associative-1-150x150.jpg\",\"caption\":\"Julien\"},\"description\":\"Je suis Julien, r\u00e9dacteur pour Vie Associative. Passionn\u00e9 par le monde associatif depuis plus de 10 ans, j'ai \u00e0 c\u0153ur de partager des histoires inspirantes et de mettre en lumi\u00e8re les initiatives locales. Mon objectif est de sensibiliser et d'encourager l'engagement communautaire \u00e0 travers mes articles.\",\"sameAs\":[\"https:\/\/vieassociative.be\/\"]}]}<\/script>\n<!-- \/ Yoast SEO plugin. -->","yoast_head_json":{"title":"Pourquoi vous devez mettre \u00e0 jour votre serveur Plex d\u00e8s que possible | Vie Associative","robots":{"index":"index","follow":"follow","max-snippet":"max-snippet:-1","max-image-preview":"max-image-preview:large","max-video-preview":"max-video-preview:-1"},"canonical":"https:\/\/vieassociative.be\/actualites\/pourquoi-vous-devez-mettre-a-jour-votre-serveur-plex-des-que-possible\/","og_locale":"fr_FR","og_type":"article","og_title":"Pourquoi vous devez mettre \u00e0 jour votre serveur Plex d\u00e8s que possible | Vie Associative","og_description":"Les utilisateurs sont invit\u00e9s \u00e0 corriger ce myst\u00e9rieux d\u00e9faut d\u00e8s que possible. Si vous ex\u00e9cutez un serveur de m\u00e9dias Plex, vous devrez peut-\u00eatre le mettre","og_url":"https:\/\/vieassociative.be\/actualites\/pourquoi-vous-devez-mettre-a-jour-votre-serveur-plex-des-que-possible\/","og_site_name":"Vie Associative","article_published_time":"2025-08-19T00:17:26+00:00","og_image":[{"width":279,"height":92,"url":"https:\/\/vieassociative.be\/actualites\/wp-content\/uploads\/2024\/09\/header_backgroundk-01-e1726694325946.png","type":"image\/png"}],"author":"Julien","twitter_card":"summary_large_image","twitter_misc":{"\u00c9crit par":"Julien","Dur\u00e9e de lecture est.":"2 minutes"},"schema":{"@context":"https:\/\/schema.org","@graph":[{"@type":"Article","@id":"https:\/\/vieassociative.be\/actualites\/pourquoi-vous-devez-mettre-a-jour-votre-serveur-plex-des-que-possible\/#article","isPartOf":{"@id":"https:\/\/vieassociative.be\/actualites\/pourquoi-vous-devez-mettre-a-jour-votre-serveur-plex-des-que-possible\/"},"author":{"name":"Julien","@id":"https:\/\/vieassociative.be\/actualites\/#\/schema\/person\/b87ac4f82f9d4e7b7cec7395b679edc4"},"headline":"Pourquoi vous devez mettre \u00e0 jour votre serveur Plex d\u00e8s que possible","datePublished":"2025-08-19T00:17:26+00:00","dateModified":"2025-08-19T00:17:26+00:00","mainEntityOfPage":{"@id":"https:\/\/vieassociative.be\/actualites\/pourquoi-vous-devez-mettre-a-jour-votre-serveur-plex-des-que-possible\/"},"wordCount":426,"publisher":{"@id":"https:\/\/vieassociative.be\/actualites\/#organization"},"image":{"@id":"https:\/\/vieassociative.be\/actualites\/pourquoi-vous-devez-mettre-a-jour-votre-serveur-plex-des-que-possible\/#primaryimage"},"thumbnailUrl":"https:\/\/vieassociative.be\/actualites\/wp-content\/uploads\/2025\/08\/Pourquoi-vous-devez-mettre-a-jour-votre-serveur-Plex-des.jpg","keywords":["Des","devez","jour","mettre","Plex","Pourquoi","serveur","votre","Vous"],"articleSection":["Technologie"],"inLanguage":"fr-BE"},{"@type":"WebPage","@id":"https:\/\/vieassociative.be\/actualites\/pourquoi-vous-devez-mettre-a-jour-votre-serveur-plex-des-que-possible\/","url":"https:\/\/vieassociative.be\/actualites\/pourquoi-vous-devez-mettre-a-jour-votre-serveur-plex-des-que-possible\/","name":"Pourquoi vous devez mettre \u00e0 jour votre serveur Plex d\u00e8s que possible | Vie Associative","isPartOf":{"@id":"https:\/\/vieassociative.be\/actualites\/#website"},"primaryImageOfPage":{"@id":"https:\/\/vieassociative.be\/actualites\/pourquoi-vous-devez-mettre-a-jour-votre-serveur-plex-des-que-possible\/#primaryimage"},"image":{"@id":"https:\/\/vieassociative.be\/actualites\/pourquoi-vous-devez-mettre-a-jour-votre-serveur-plex-des-que-possible\/#primaryimage"},"thumbnailUrl":"https:\/\/vieassociative.be\/actualites\/wp-content\/uploads\/2025\/08\/Pourquoi-vous-devez-mettre-a-jour-votre-serveur-Plex-des.jpg","datePublished":"2025-08-19T00:17:26+00:00","dateModified":"2025-08-19T00:17:26+00:00","breadcrumb":{"@id":"https:\/\/vieassociative.be\/actualites\/pourquoi-vous-devez-mettre-a-jour-votre-serveur-plex-des-que-possible\/#breadcrumb"},"inLanguage":"fr-BE","potentialAction":[{"@type":"ReadAction","target":["https:\/\/vieassociative.be\/actualites\/pourquoi-vous-devez-mettre-a-jour-votre-serveur-plex-des-que-possible\/"]}]},{"@type":"ImageObject","inLanguage":"fr-BE","@id":"https:\/\/vieassociative.be\/actualites\/pourquoi-vous-devez-mettre-a-jour-votre-serveur-plex-des-que-possible\/#primaryimage","url":"https:\/\/vieassociative.be\/actualites\/wp-content\/uploads\/2025\/08\/Pourquoi-vous-devez-mettre-a-jour-votre-serveur-Plex-des.jpg","contentUrl":"https:\/\/vieassociative.be\/actualites\/wp-content\/uploads\/2025\/08\/Pourquoi-vous-devez-mettre-a-jour-votre-serveur-Plex-des.jpg","width":1200,"height":675,"caption":"Pourquoi vous devez mettre \u00e0 jour votre serveur Plex d\u00e8s que possible"},{"@type":"BreadcrumbList","@id":"https:\/\/vieassociative.be\/actualites\/pourquoi-vous-devez-mettre-a-jour-votre-serveur-plex-des-que-possible\/#breadcrumb","itemListElement":[{"@type":"ListItem","position":1,"name":"Accueil","item":"https:\/\/vieassociative.be\/actualites\/"},{"@type":"ListItem","position":2,"name":"Pourquoi vous devez mettre \u00e0 jour votre serveur Plex d\u00e8s que possible"}]},{"@type":"WebSite","@id":"https:\/\/vieassociative.be\/actualites\/#website","url":"https:\/\/vieassociative.be\/actualites\/","name":"Vie Associative","description":"","publisher":{"@id":"https:\/\/vieassociative.be\/actualites\/#organization"},"potentialAction":[{"@type":"SearchAction","target":{"@type":"EntryPoint","urlTemplate":"https:\/\/vieassociative.be\/actualites\/?s={search_term_string}"},"query-input":{"@type":"PropertyValueSpecification","valueRequired":true,"valueName":"search_term_string"}}],"inLanguage":"fr-BE"},{"@type":"Organization","@id":"https:\/\/vieassociative.be\/actualites\/#organization","name":"Vie Associative","url":"https:\/\/vieassociative.be\/actualites\/","logo":{"@type":"ImageObject","inLanguage":"fr-BE","@id":"https:\/\/vieassociative.be\/actualites\/#\/schema\/logo\/image\/","url":"https:\/\/vieassociative.be\/actualites\/wp-content\/uploads\/2024\/09\/cropped-vieassociative_favicon.ico.png","contentUrl":"https:\/\/vieassociative.be\/actualites\/wp-content\/uploads\/2024\/09\/cropped-vieassociative_favicon.ico.png","width":512,"height":512,"caption":"Vie Associative"},"image":{"@id":"https:\/\/vieassociative.be\/actualites\/#\/schema\/logo\/image\/"}},{"@type":"Person","@id":"https:\/\/vieassociative.be\/actualites\/#\/schema\/person\/b87ac4f82f9d4e7b7cec7395b679edc4","name":"Julien","image":{"@type":"ImageObject","inLanguage":"fr-BE","@id":"https:\/\/vieassociative.be\/actualites\/#\/schema\/person\/image\/","url":"https:\/\/vieassociative.be\/actualites\/wp-content\/uploads\/2024\/09\/vie-associative-1-150x150.jpg","contentUrl":"https:\/\/vieassociative.be\/actualites\/wp-content\/uploads\/2024\/09\/vie-associative-1-150x150.jpg","caption":"Julien"},"description":"Je suis Julien, r\u00e9dacteur pour Vie Associative. Passionn\u00e9 par le monde associatif depuis plus de 10 ans, j'ai \u00e0 c\u0153ur de partager des histoires inspirantes et de mettre en lumi\u00e8re les initiatives locales. Mon objectif est de sensibiliser et d'encourager l'engagement communautaire \u00e0 travers mes articles.","sameAs":["https:\/\/vieassociative.be\/"]}]}},"_links":{"self":[{"href":"https:\/\/vieassociative.be\/actualites\/wp-json\/wp\/v2\/posts\/9480"}],"collection":[{"href":"https:\/\/vieassociative.be\/actualites\/wp-json\/wp\/v2\/posts"}],"about":[{"href":"https:\/\/vieassociative.be\/actualites\/wp-json\/wp\/v2\/types\/post"}],"author":[{"embeddable":true,"href":"https:\/\/vieassociative.be\/actualites\/wp-json\/wp\/v2\/users\/1"}],"replies":[{"embeddable":true,"href":"https:\/\/vieassociative.be\/actualites\/wp-json\/wp\/v2\/comments?post=9480"}],"version-history":[{"count":0,"href":"https:\/\/vieassociative.be\/actualites\/wp-json\/wp\/v2\/posts\/9480\/revisions"}],"wp:featuredmedia":[{"embeddable":true,"href":"https:\/\/vieassociative.be\/actualites\/wp-json\/wp\/v2\/media\/9481"}],"wp:attachment":[{"href":"https:\/\/vieassociative.be\/actualites\/wp-json\/wp\/v2\/media?parent=9480"}],"wp:term":[{"taxonomy":"category","embeddable":true,"href":"https:\/\/vieassociative.be\/actualites\/wp-json\/wp\/v2\/categories?post=9480"},{"taxonomy":"post_tag","embeddable":true,"href":"https:\/\/vieassociative.be\/actualites\/wp-json\/wp\/v2\/tags?post=9480"}],"curies":[{"name":"wp","href":"https:\/\/api.w.org\/{rel}","templated":true}]}}