{"id":9476,"date":"2025-08-18T22:16:56","date_gmt":"2025-08-18T20:16:56","guid":{"rendered":"https:\/\/vieassociative.be\/actualites\/trump-accueille-selenskyj-a-la-maison-blanche-en-presence-de-principaux-chefs-detat-europeen-et-de-gouvernement\/"},"modified":"2025-08-18T22:16:56","modified_gmt":"2025-08-18T20:16:56","slug":"trump-accueille-selenskyj-a-la-maison-blanche-en-presence-de-principaux-chefs-detat-europeen-et-de-gouvernement","status":"publish","type":"post","link":"https:\/\/vieassociative.be\/actualites\/trump-accueille-selenskyj-a-la-maison-blanche-en-presence-de-principaux-chefs-detat-europeen-et-de-gouvernement\/","title":{"rendered":"Trump accueille Selenskyj \u00e0 la Maison Blanche en pr\u00e9sence de principaux chefs d&rsquo;\u00c9tat europ\u00e9en et de gouvernement"},"content":{"rendered":"<p><strong>Mise \u00e0 jour, apr\u00e8s sa conversation avec le chef du Kremlin, Vladimir Poutine en Alaska, le pr\u00e9sident am\u00e9ricain Donald Trump rencontre maintenant le pr\u00e9sident ukrainien Wolodymyr Selenskyj. La conversation est attendue avec impatience.<\/strong><\/p>\n<p><span id=\"more-422640\"><\/span>Le pr\u00e9sident am\u00e9ricain Donald Trump a re\u00e7u le chef de l&rsquo;\u00c9tat ukrainien Wolodymyr Selenskyj pour les discussions sur la guerre ukrainienne \u00e0 la Maison Blanche. Les deux ont donn\u00e9 leur main apr\u00e8s que la chronique de Selenskyj ait conduit.<\/p>\n<p>Trump a touch\u00e9 l&rsquo;Ukrainien sur son \u00e9paule. Les deux sourirent et regardaient ensemble les cam\u00e9ras. Le pr\u00e9sident am\u00e9ricain a bri\u00e8vement mis la main sur l&rsquo;\u00e9paule de Selenskyj. Trump a ensuite donn\u00e9 \u00e0 l&rsquo;Ukrainien en avance en entrant \u00e0 la Maison Blanche.<\/p>\n<div id=\"attachment_422694\" class=\"wp-caption alignleft\" style=\"max-width: 300px\"><img fetchpriority=\"high\" decoding=\"async\" class=\"wp-image-422694 size-medium\" src=\"https:\/\/vieassociative.be\/actualites\/wp-content\/uploads\/2025\/08\/Trump-accueille-Selenskyj-a-la-Maison-Blanche-en-presence-de.jpg\" alt=\"\" width=\"300\" height=\"200\"><\/div>\n<p>Trump veut d&rsquo;abord avoir une conversation avec le pr\u00e9sident ukrainien au bureau ovale. Selon ses propres informations, la Maison Blanche pr\u00e9voit d&rsquo;avoir un autre groupe avec les meilleurs politiciens europ\u00e9ens en plus de ces deux mises.<\/p>\n<p>Avant Selenskyj, le chancelier allemand Friedrich Merz, le pr\u00e9sident de la France Emmanuel Macron, le pr\u00e9sident de la Commission de l&rsquo;UE Ursula von der Leyen, le secr\u00e9taire g\u00e9n\u00e9ral de l&rsquo;OTAN, Mark Rutte, le premier ministre britannique Keir Starmer, le Premier ministre italien Giorgia Meloni et le pr\u00e9sident finlandais Alexander Stubb.<\/p>\n<p>Apr\u00e8s sa r\u00e9union de vendredi avec le chef du Kremlin, Vladimir Poutine en Alaska, qu&rsquo;il avait ramen\u00e9 sur la sc\u00e8ne mondiale apr\u00e8s un long isolement en Occident, Trump re\u00e7oit maintenant Selenskyj, qui est accompagn\u00e9 de chefs de gouvernement europ\u00e9ens et de politiciens.<\/p>\n<p><strong>&#8211; Trump consid\u00e8re le retour de la Crim\u00e9e en Ukraine irr\u00e9aliste:<\/strong> Le pr\u00e9sident am\u00e9ricain poursuit le plan d&rsquo;amener directement Poutine et Selenskyj \u00e0 une table. La rencontre de Trump avec le pr\u00e9sident ukrainien pourrait &#8211; si cela se passe bien &#8211; \u00eatre la mesure interm\u00e9diaire d\u00e9cisive. L&rsquo;objectif est de mettre fin \u00e0 la fin de la guerre d&rsquo;attaque russe, de finir la mort. Trump se voit dans le r\u00f4le de l&rsquo;interm\u00e9diaire.<\/p>\n<div id=\"attachment_422705\" class=\"wp-caption alignleft\" style=\"max-width: 300px\"><img decoding=\"async\" class=\"wp-image-422705 size-medium\" src=\"https:\/\/vieassociative.be\/actualites\/wp-content\/uploads\/2025\/08\/1755548216_257_Trump-accueille-Selenskyj-a-la-Maison-Blanche-en-presence-de.jpg\" alt=\"\" width=\"300\" height=\"200\"><\/div>\n<p>Peu avant la r\u00e9union, Trump a fait pression sur son coll\u00e8gue de Kyiv. Dans un article sur sa plate-forme Truth Social, Trump ne s&rsquo;est pas tourn\u00e9 vers le chef du Kremlin, Vladimir Poutine, en tant qu&rsquo;attaquant, mais a \u00e9crit: \u00ab\u00a0Le pr\u00e9sident ukrainien Selenskyj peut mettre fin \u00e0 la guerre avec la Russie presque imm\u00e9diatement s&rsquo;il le souhaite, ou il peut continuer.\u00a0\u00bb<\/p>\n<p>Dans le m\u00eame souffle, le r\u00e9publicain a \u00e9galement d\u00e9clar\u00e9 l&rsquo;adh\u00e9sion esp\u00e9r\u00e9e de l&rsquo;OTAN de l&rsquo;Ukraine et un retour de la p\u00e9ninsule de la mer Noire, qui a \u00e9t\u00e9 annex\u00e9e par la Russie en 2014. \u00ab\u00a0Certaines choses ne changent jamais !!!\u00a0\u00bb, a-t-il \u00e9crit. Il a soulign\u00e9 que le pr\u00e9sident am\u00e9ricain de l&rsquo;\u00e9poque, Barack Obama, n&rsquo;a pas emp\u00each\u00e9 l&rsquo;annexion de Crim\u00e9e en 2014. Il a ajout\u00e9 en majuscules: \u00ab\u00a0Aucune OTAN ne rejoignait l&rsquo;Ukraine.\u00a0\u00bb L&rsquo;arm\u00e9e russe a effectu\u00e9 de nouveaux raids a\u00e9riens en Ukraine pendant la nuit.<\/p>\n<p><strong>&#8211; M\u00e9moire d&rsquo;un scandale:<\/strong> Le fait qu&rsquo;il y ait maintenant une autre conversation entre Trump et Selenskyj dans le bureau ovale, \u00e9voque des souvenirs d&rsquo;un scandale sans pr\u00e9c\u00e9dent en f\u00e9vrier. Le pr\u00e9sident am\u00e9ricain et son vice-JD Vance Selenskyj avaient \u00e9t\u00e9 ressuscit\u00e9s de la gestion des cam\u00e9ras, alors a ensuite quitt\u00e9 Washington pr\u00e9matur\u00e9ment.<\/p>\n<p>Apr\u00e8s cela, il y avait une autre approche. Une photo de Trump et Selenskyj est devenue connue, sur laquelle vous pouviez voir comment ils se parlaient en avril au Vatican au bord de la c\u00e9l\u00e9bration du Pape Fair. (DPA)<\/p>\n","protected":false},"excerpt":{"rendered":"<p>Mise \u00e0 jour, apr\u00e8s sa conversation avec le chef du Kremlin, Vladimir Poutine en Alaska, le pr\u00e9sident am\u00e9ricain Donald Trump rencontre maintenant le pr\u00e9sident ukrainien<\/p>\n","protected":false},"author":1,"featured_media":9477,"comment_status":"","ping_status":"","sticky":false,"template":"","format":"standard","meta":{"footnotes":""},"categories":[298],"tags":[2501,3148,8211,8212,2896,615,560,4582,1446,5563,2425],"class_list":["post-9476","post","type-post","status-publish","format-standard","has-post-thumbnail","hentry","category-belgique","tag-accueille","tag-blanche","tag-chefs","tag-detat","tag-europeen","tag-gouvernement","tag-maison","tag-presence","tag-principaux","tag-selenskyj","tag-trump","generate-columns","tablet-grid-50","mobile-grid-100","grid-parent","grid-33"],"yoast_head":"<!-- This site is optimized with the Yoast SEO plugin v24.0 - https:\/\/yoast.com\/wordpress\/plugins\/seo\/ -->\n<title>Trump accueille Selenskyj \u00e0 la Maison Blanche en pr\u00e9sence de principaux chefs d&#039;\u00c9tat europ\u00e9en et de gouvernement | Vie Associative<\/title>\n<meta name=\"robots\" content=\"index, follow, max-snippet:-1, max-image-preview:large, max-video-preview:-1\" \/>\n<link rel=\"canonical\" href=\"https:\/\/vieassociative.be\/actualites\/trump-accueille-selenskyj-a-la-maison-blanche-en-presence-de-principaux-chefs-detat-europeen-et-de-gouvernement\/\" \/>\n<meta property=\"og:locale\" content=\"fr_FR\" \/>\n<meta property=\"og:type\" content=\"article\" \/>\n<meta property=\"og:title\" content=\"Trump accueille Selenskyj \u00e0 la Maison Blanche en pr\u00e9sence de principaux chefs d&#039;\u00c9tat europ\u00e9en et de gouvernement | Vie Associative\" \/>\n<meta property=\"og:description\" content=\"Mise \u00e0 jour, apr\u00e8s sa conversation avec le chef du Kremlin, Vladimir Poutine en Alaska, le pr\u00e9sident am\u00e9ricain Donald Trump rencontre maintenant le pr\u00e9sident ukrainien\" \/>\n<meta property=\"og:url\" content=\"https:\/\/vieassociative.be\/actualites\/trump-accueille-selenskyj-a-la-maison-blanche-en-presence-de-principaux-chefs-detat-europeen-et-de-gouvernement\/\" \/>\n<meta property=\"og:site_name\" content=\"Vie Associative\" \/>\n<meta property=\"article:published_time\" content=\"2025-08-18T20:16:56+00:00\" \/>\n<meta property=\"og:image\" content=\"https:\/\/vieassociative.be\/actualites\/wp-content\/uploads\/2024\/09\/header_backgroundk-01-e1726694325946.png\" \/>\n\t<meta property=\"og:image:width\" content=\"279\" \/>\n\t<meta property=\"og:image:height\" content=\"92\" \/>\n\t<meta property=\"og:image:type\" content=\"image\/png\" \/>\n<meta name=\"author\" content=\"Julien\" \/>\n<meta name=\"twitter:card\" content=\"summary_large_image\" \/>\n<meta name=\"twitter:label1\" content=\"\u00c9crit par\" \/>\n\t<meta name=\"twitter:data1\" content=\"Julien\" \/>\n\t<meta name=\"twitter:label2\" content=\"Dur\u00e9e de lecture est.\" \/>\n\t<meta name=\"twitter:data2\" content=\"3 minutes\" \/>\n<script type=\"application\/ld+json\" class=\"yoast-schema-graph\">{\"@context\":\"https:\/\/schema.org\",\"@graph\":[{\"@type\":\"Article\",\"@id\":\"https:\/\/vieassociative.be\/actualites\/trump-accueille-selenskyj-a-la-maison-blanche-en-presence-de-principaux-chefs-detat-europeen-et-de-gouvernement\/#article\",\"isPartOf\":{\"@id\":\"https:\/\/vieassociative.be\/actualites\/trump-accueille-selenskyj-a-la-maison-blanche-en-presence-de-principaux-chefs-detat-europeen-et-de-gouvernement\/\"},\"author\":{\"name\":\"Julien\",\"@id\":\"https:\/\/vieassociative.be\/actualites\/#\/schema\/person\/b87ac4f82f9d4e7b7cec7395b679edc4\"},\"headline\":\"Trump accueille Selenskyj \u00e0 la Maison Blanche en pr\u00e9sence de principaux chefs d&rsquo;\u00c9tat europ\u00e9en et de gouvernement\",\"datePublished\":\"2025-08-18T20:16:56+00:00\",\"dateModified\":\"2025-08-18T20:16:56+00:00\",\"mainEntityOfPage\":{\"@id\":\"https:\/\/vieassociative.be\/actualites\/trump-accueille-selenskyj-a-la-maison-blanche-en-presence-de-principaux-chefs-detat-europeen-et-de-gouvernement\/\"},\"wordCount\":652,\"publisher\":{\"@id\":\"https:\/\/vieassociative.be\/actualites\/#organization\"},\"image\":{\"@id\":\"https:\/\/vieassociative.be\/actualites\/trump-accueille-selenskyj-a-la-maison-blanche-en-presence-de-principaux-chefs-detat-europeen-et-de-gouvernement\/#primaryimage\"},\"thumbnailUrl\":\"https:\/\/vieassociative.be\/actualites\/wp-content\/uploads\/2025\/08\/1755548216_Trump-accueille-Selenskyj-a-la-Maison-Blanche-en-presence-de.jpg\",\"keywords\":[\"accueille\",\"Blanche\",\"chefs\",\"d\u00c9tat\",\"europ\u00e9en\",\"gouvernement\",\"maison\",\"pr\u00e9sence\",\"principaux\",\"Selenskyj\",\"Trump\"],\"articleSection\":[\"Belgique\"],\"inLanguage\":\"fr-BE\"},{\"@type\":\"WebPage\",\"@id\":\"https:\/\/vieassociative.be\/actualites\/trump-accueille-selenskyj-a-la-maison-blanche-en-presence-de-principaux-chefs-detat-europeen-et-de-gouvernement\/\",\"url\":\"https:\/\/vieassociative.be\/actualites\/trump-accueille-selenskyj-a-la-maison-blanche-en-presence-de-principaux-chefs-detat-europeen-et-de-gouvernement\/\",\"name\":\"Trump accueille Selenskyj \u00e0 la Maison Blanche en pr\u00e9sence de principaux chefs d'\u00c9tat europ\u00e9en et de gouvernement | Vie Associative\",\"isPartOf\":{\"@id\":\"https:\/\/vieassociative.be\/actualites\/#website\"},\"primaryImageOfPage\":{\"@id\":\"https:\/\/vieassociative.be\/actualites\/trump-accueille-selenskyj-a-la-maison-blanche-en-presence-de-principaux-chefs-detat-europeen-et-de-gouvernement\/#primaryimage\"},\"image\":{\"@id\":\"https:\/\/vieassociative.be\/actualites\/trump-accueille-selenskyj-a-la-maison-blanche-en-presence-de-principaux-chefs-detat-europeen-et-de-gouvernement\/#primaryimage\"},\"thumbnailUrl\":\"https:\/\/vieassociative.be\/actualites\/wp-content\/uploads\/2025\/08\/1755548216_Trump-accueille-Selenskyj-a-la-Maison-Blanche-en-presence-de.jpg\",\"datePublished\":\"2025-08-18T20:16:56+00:00\",\"dateModified\":\"2025-08-18T20:16:56+00:00\",\"breadcrumb\":{\"@id\":\"https:\/\/vieassociative.be\/actualites\/trump-accueille-selenskyj-a-la-maison-blanche-en-presence-de-principaux-chefs-detat-europeen-et-de-gouvernement\/#breadcrumb\"},\"inLanguage\":\"fr-BE\",\"potentialAction\":[{\"@type\":\"ReadAction\",\"target\":[\"https:\/\/vieassociative.be\/actualites\/trump-accueille-selenskyj-a-la-maison-blanche-en-presence-de-principaux-chefs-detat-europeen-et-de-gouvernement\/\"]}]},{\"@type\":\"ImageObject\",\"inLanguage\":\"fr-BE\",\"@id\":\"https:\/\/vieassociative.be\/actualites\/trump-accueille-selenskyj-a-la-maison-blanche-en-presence-de-principaux-chefs-detat-europeen-et-de-gouvernement\/#primaryimage\",\"url\":\"https:\/\/vieassociative.be\/actualites\/wp-content\/uploads\/2025\/08\/1755548216_Trump-accueille-Selenskyj-a-la-Maison-Blanche-en-presence-de.jpg\",\"contentUrl\":\"https:\/\/vieassociative.be\/actualites\/wp-content\/uploads\/2025\/08\/1755548216_Trump-accueille-Selenskyj-a-la-Maison-Blanche-en-presence-de.jpg\",\"width\":1200,\"height\":800,\"caption\":\"Trump accueille Selenskyj \u00e0 la Maison Blanche en pr\u00e9sence de principaux chefs d'\u00c9tat europ\u00e9en et de gouvernement\"},{\"@type\":\"BreadcrumbList\",\"@id\":\"https:\/\/vieassociative.be\/actualites\/trump-accueille-selenskyj-a-la-maison-blanche-en-presence-de-principaux-chefs-detat-europeen-et-de-gouvernement\/#breadcrumb\",\"itemListElement\":[{\"@type\":\"ListItem\",\"position\":1,\"name\":\"Accueil\",\"item\":\"https:\/\/vieassociative.be\/actualites\/\"},{\"@type\":\"ListItem\",\"position\":2,\"name\":\"Trump accueille Selenskyj \u00e0 la Maison Blanche en pr\u00e9sence de principaux chefs d&rsquo;\u00c9tat europ\u00e9en et de gouvernement\"}]},{\"@type\":\"WebSite\",\"@id\":\"https:\/\/vieassociative.be\/actualites\/#website\",\"url\":\"https:\/\/vieassociative.be\/actualites\/\",\"name\":\"Vie Associative\",\"description\":\"\",\"publisher\":{\"@id\":\"https:\/\/vieassociative.be\/actualites\/#organization\"},\"potentialAction\":[{\"@type\":\"SearchAction\",\"target\":{\"@type\":\"EntryPoint\",\"urlTemplate\":\"https:\/\/vieassociative.be\/actualites\/?s={search_term_string}\"},\"query-input\":{\"@type\":\"PropertyValueSpecification\",\"valueRequired\":true,\"valueName\":\"search_term_string\"}}],\"inLanguage\":\"fr-BE\"},{\"@type\":\"Organization\",\"@id\":\"https:\/\/vieassociative.be\/actualites\/#organization\",\"name\":\"Vie Associative\",\"url\":\"https:\/\/vieassociative.be\/actualites\/\",\"logo\":{\"@type\":\"ImageObject\",\"inLanguage\":\"fr-BE\",\"@id\":\"https:\/\/vieassociative.be\/actualites\/#\/schema\/logo\/image\/\",\"url\":\"https:\/\/vieassociative.be\/actualites\/wp-content\/uploads\/2024\/09\/cropped-vieassociative_favicon.ico.png\",\"contentUrl\":\"https:\/\/vieassociative.be\/actualites\/wp-content\/uploads\/2024\/09\/cropped-vieassociative_favicon.ico.png\",\"width\":512,\"height\":512,\"caption\":\"Vie Associative\"},\"image\":{\"@id\":\"https:\/\/vieassociative.be\/actualites\/#\/schema\/logo\/image\/\"}},{\"@type\":\"Person\",\"@id\":\"https:\/\/vieassociative.be\/actualites\/#\/schema\/person\/b87ac4f82f9d4e7b7cec7395b679edc4\",\"name\":\"Julien\",\"image\":{\"@type\":\"ImageObject\",\"inLanguage\":\"fr-BE\",\"@id\":\"https:\/\/vieassociative.be\/actualites\/#\/schema\/person\/image\/\",\"url\":\"https:\/\/vieassociative.be\/actualites\/wp-content\/uploads\/2024\/09\/vie-associative-1-150x150.jpg\",\"contentUrl\":\"https:\/\/vieassociative.be\/actualites\/wp-content\/uploads\/2024\/09\/vie-associative-1-150x150.jpg\",\"caption\":\"Julien\"},\"description\":\"Je suis Julien, r\u00e9dacteur pour Vie Associative. Passionn\u00e9 par le monde associatif depuis plus de 10 ans, j'ai \u00e0 c\u0153ur de partager des histoires inspirantes et de mettre en lumi\u00e8re les initiatives locales. Mon objectif est de sensibiliser et d'encourager l'engagement communautaire \u00e0 travers mes articles.\",\"sameAs\":[\"https:\/\/vieassociative.be\/\"]}]}<\/script>\n<!-- \/ Yoast SEO plugin. -->","yoast_head_json":{"title":"Trump accueille Selenskyj \u00e0 la Maison Blanche en pr\u00e9sence de principaux chefs d'\u00c9tat europ\u00e9en et de gouvernement | Vie Associative","robots":{"index":"index","follow":"follow","max-snippet":"max-snippet:-1","max-image-preview":"max-image-preview:large","max-video-preview":"max-video-preview:-1"},"canonical":"https:\/\/vieassociative.be\/actualites\/trump-accueille-selenskyj-a-la-maison-blanche-en-presence-de-principaux-chefs-detat-europeen-et-de-gouvernement\/","og_locale":"fr_FR","og_type":"article","og_title":"Trump accueille Selenskyj \u00e0 la Maison Blanche en pr\u00e9sence de principaux chefs d'\u00c9tat europ\u00e9en et de gouvernement | Vie Associative","og_description":"Mise \u00e0 jour, apr\u00e8s sa conversation avec le chef du Kremlin, Vladimir Poutine en Alaska, le pr\u00e9sident am\u00e9ricain Donald Trump rencontre maintenant le pr\u00e9sident ukrainien","og_url":"https:\/\/vieassociative.be\/actualites\/trump-accueille-selenskyj-a-la-maison-blanche-en-presence-de-principaux-chefs-detat-europeen-et-de-gouvernement\/","og_site_name":"Vie Associative","article_published_time":"2025-08-18T20:16:56+00:00","og_image":[{"width":279,"height":92,"url":"https:\/\/vieassociative.be\/actualites\/wp-content\/uploads\/2024\/09\/header_backgroundk-01-e1726694325946.png","type":"image\/png"}],"author":"Julien","twitter_card":"summary_large_image","twitter_misc":{"\u00c9crit par":"Julien","Dur\u00e9e de lecture est.":"3 minutes"},"schema":{"@context":"https:\/\/schema.org","@graph":[{"@type":"Article","@id":"https:\/\/vieassociative.be\/actualites\/trump-accueille-selenskyj-a-la-maison-blanche-en-presence-de-principaux-chefs-detat-europeen-et-de-gouvernement\/#article","isPartOf":{"@id":"https:\/\/vieassociative.be\/actualites\/trump-accueille-selenskyj-a-la-maison-blanche-en-presence-de-principaux-chefs-detat-europeen-et-de-gouvernement\/"},"author":{"name":"Julien","@id":"https:\/\/vieassociative.be\/actualites\/#\/schema\/person\/b87ac4f82f9d4e7b7cec7395b679edc4"},"headline":"Trump accueille Selenskyj \u00e0 la Maison Blanche en pr\u00e9sence de principaux chefs d&rsquo;\u00c9tat europ\u00e9en et de gouvernement","datePublished":"2025-08-18T20:16:56+00:00","dateModified":"2025-08-18T20:16:56+00:00","mainEntityOfPage":{"@id":"https:\/\/vieassociative.be\/actualites\/trump-accueille-selenskyj-a-la-maison-blanche-en-presence-de-principaux-chefs-detat-europeen-et-de-gouvernement\/"},"wordCount":652,"publisher":{"@id":"https:\/\/vieassociative.be\/actualites\/#organization"},"image":{"@id":"https:\/\/vieassociative.be\/actualites\/trump-accueille-selenskyj-a-la-maison-blanche-en-presence-de-principaux-chefs-detat-europeen-et-de-gouvernement\/#primaryimage"},"thumbnailUrl":"https:\/\/vieassociative.be\/actualites\/wp-content\/uploads\/2025\/08\/1755548216_Trump-accueille-Selenskyj-a-la-Maison-Blanche-en-presence-de.jpg","keywords":["accueille","Blanche","chefs","d\u00c9tat","europ\u00e9en","gouvernement","maison","pr\u00e9sence","principaux","Selenskyj","Trump"],"articleSection":["Belgique"],"inLanguage":"fr-BE"},{"@type":"WebPage","@id":"https:\/\/vieassociative.be\/actualites\/trump-accueille-selenskyj-a-la-maison-blanche-en-presence-de-principaux-chefs-detat-europeen-et-de-gouvernement\/","url":"https:\/\/vieassociative.be\/actualites\/trump-accueille-selenskyj-a-la-maison-blanche-en-presence-de-principaux-chefs-detat-europeen-et-de-gouvernement\/","name":"Trump accueille Selenskyj \u00e0 la Maison Blanche en pr\u00e9sence de principaux chefs d'\u00c9tat europ\u00e9en et de gouvernement | Vie Associative","isPartOf":{"@id":"https:\/\/vieassociative.be\/actualites\/#website"},"primaryImageOfPage":{"@id":"https:\/\/vieassociative.be\/actualites\/trump-accueille-selenskyj-a-la-maison-blanche-en-presence-de-principaux-chefs-detat-europeen-et-de-gouvernement\/#primaryimage"},"image":{"@id":"https:\/\/vieassociative.be\/actualites\/trump-accueille-selenskyj-a-la-maison-blanche-en-presence-de-principaux-chefs-detat-europeen-et-de-gouvernement\/#primaryimage"},"thumbnailUrl":"https:\/\/vieassociative.be\/actualites\/wp-content\/uploads\/2025\/08\/1755548216_Trump-accueille-Selenskyj-a-la-Maison-Blanche-en-presence-de.jpg","datePublished":"2025-08-18T20:16:56+00:00","dateModified":"2025-08-18T20:16:56+00:00","breadcrumb":{"@id":"https:\/\/vieassociative.be\/actualites\/trump-accueille-selenskyj-a-la-maison-blanche-en-presence-de-principaux-chefs-detat-europeen-et-de-gouvernement\/#breadcrumb"},"inLanguage":"fr-BE","potentialAction":[{"@type":"ReadAction","target":["https:\/\/vieassociative.be\/actualites\/trump-accueille-selenskyj-a-la-maison-blanche-en-presence-de-principaux-chefs-detat-europeen-et-de-gouvernement\/"]}]},{"@type":"ImageObject","inLanguage":"fr-BE","@id":"https:\/\/vieassociative.be\/actualites\/trump-accueille-selenskyj-a-la-maison-blanche-en-presence-de-principaux-chefs-detat-europeen-et-de-gouvernement\/#primaryimage","url":"https:\/\/vieassociative.be\/actualites\/wp-content\/uploads\/2025\/08\/1755548216_Trump-accueille-Selenskyj-a-la-Maison-Blanche-en-presence-de.jpg","contentUrl":"https:\/\/vieassociative.be\/actualites\/wp-content\/uploads\/2025\/08\/1755548216_Trump-accueille-Selenskyj-a-la-Maison-Blanche-en-presence-de.jpg","width":1200,"height":800,"caption":"Trump accueille Selenskyj \u00e0 la Maison Blanche en pr\u00e9sence de principaux chefs d'\u00c9tat europ\u00e9en et de gouvernement"},{"@type":"BreadcrumbList","@id":"https:\/\/vieassociative.be\/actualites\/trump-accueille-selenskyj-a-la-maison-blanche-en-presence-de-principaux-chefs-detat-europeen-et-de-gouvernement\/#breadcrumb","itemListElement":[{"@type":"ListItem","position":1,"name":"Accueil","item":"https:\/\/vieassociative.be\/actualites\/"},{"@type":"ListItem","position":2,"name":"Trump accueille Selenskyj \u00e0 la Maison Blanche en pr\u00e9sence de principaux chefs d&rsquo;\u00c9tat europ\u00e9en et de gouvernement"}]},{"@type":"WebSite","@id":"https:\/\/vieassociative.be\/actualites\/#website","url":"https:\/\/vieassociative.be\/actualites\/","name":"Vie Associative","description":"","publisher":{"@id":"https:\/\/vieassociative.be\/actualites\/#organization"},"potentialAction":[{"@type":"SearchAction","target":{"@type":"EntryPoint","urlTemplate":"https:\/\/vieassociative.be\/actualites\/?s={search_term_string}"},"query-input":{"@type":"PropertyValueSpecification","valueRequired":true,"valueName":"search_term_string"}}],"inLanguage":"fr-BE"},{"@type":"Organization","@id":"https:\/\/vieassociative.be\/actualites\/#organization","name":"Vie Associative","url":"https:\/\/vieassociative.be\/actualites\/","logo":{"@type":"ImageObject","inLanguage":"fr-BE","@id":"https:\/\/vieassociative.be\/actualites\/#\/schema\/logo\/image\/","url":"https:\/\/vieassociative.be\/actualites\/wp-content\/uploads\/2024\/09\/cropped-vieassociative_favicon.ico.png","contentUrl":"https:\/\/vieassociative.be\/actualites\/wp-content\/uploads\/2024\/09\/cropped-vieassociative_favicon.ico.png","width":512,"height":512,"caption":"Vie Associative"},"image":{"@id":"https:\/\/vieassociative.be\/actualites\/#\/schema\/logo\/image\/"}},{"@type":"Person","@id":"https:\/\/vieassociative.be\/actualites\/#\/schema\/person\/b87ac4f82f9d4e7b7cec7395b679edc4","name":"Julien","image":{"@type":"ImageObject","inLanguage":"fr-BE","@id":"https:\/\/vieassociative.be\/actualites\/#\/schema\/person\/image\/","url":"https:\/\/vieassociative.be\/actualites\/wp-content\/uploads\/2024\/09\/vie-associative-1-150x150.jpg","contentUrl":"https:\/\/vieassociative.be\/actualites\/wp-content\/uploads\/2024\/09\/vie-associative-1-150x150.jpg","caption":"Julien"},"description":"Je suis Julien, r\u00e9dacteur pour Vie Associative. Passionn\u00e9 par le monde associatif depuis plus de 10 ans, j'ai \u00e0 c\u0153ur de partager des histoires inspirantes et de mettre en lumi\u00e8re les initiatives locales. Mon objectif est de sensibiliser et d'encourager l'engagement communautaire \u00e0 travers mes articles.","sameAs":["https:\/\/vieassociative.be\/"]}]}},"_links":{"self":[{"href":"https:\/\/vieassociative.be\/actualites\/wp-json\/wp\/v2\/posts\/9476"}],"collection":[{"href":"https:\/\/vieassociative.be\/actualites\/wp-json\/wp\/v2\/posts"}],"about":[{"href":"https:\/\/vieassociative.be\/actualites\/wp-json\/wp\/v2\/types\/post"}],"author":[{"embeddable":true,"href":"https:\/\/vieassociative.be\/actualites\/wp-json\/wp\/v2\/users\/1"}],"replies":[{"embeddable":true,"href":"https:\/\/vieassociative.be\/actualites\/wp-json\/wp\/v2\/comments?post=9476"}],"version-history":[{"count":0,"href":"https:\/\/vieassociative.be\/actualites\/wp-json\/wp\/v2\/posts\/9476\/revisions"}],"wp:featuredmedia":[{"embeddable":true,"href":"https:\/\/vieassociative.be\/actualites\/wp-json\/wp\/v2\/media\/9477"}],"wp:attachment":[{"href":"https:\/\/vieassociative.be\/actualites\/wp-json\/wp\/v2\/media?parent=9476"}],"wp:term":[{"taxonomy":"category","embeddable":true,"href":"https:\/\/vieassociative.be\/actualites\/wp-json\/wp\/v2\/categories?post=9476"},{"taxonomy":"post_tag","embeddable":true,"href":"https:\/\/vieassociative.be\/actualites\/wp-json\/wp\/v2\/tags?post=9476"}],"curies":[{"name":"wp","href":"https:\/\/api.w.org\/{rel}","templated":true}]}}