{"id":9474,"date":"2025-08-18T21:17:07","date_gmt":"2025-08-18T19:17:07","guid":{"rendered":"https:\/\/vieassociative.be\/actualites\/la-prochaine-generation-de-lunettes-intelligentes-de-meta-peut-arriver-en-septembre-et-couter-moins-que-prevu\/"},"modified":"2025-08-18T21:17:07","modified_gmt":"2025-08-18T19:17:07","slug":"la-prochaine-generation-de-lunettes-intelligentes-de-meta-peut-arriver-en-septembre-et-couter-moins-que-prevu","status":"publish","type":"post","link":"https:\/\/vieassociative.be\/actualites\/la-prochaine-generation-de-lunettes-intelligentes-de-meta-peut-arriver-en-septembre-et-couter-moins-que-prevu\/","title":{"rendered":"La prochaine g\u00e9n\u00e9ration de lunettes intelligentes de Meta peut arriver en septembre (et co\u00fbter moins que pr\u00e9vu)"},"content":{"rendered":"<div class=\"mt-4 leading-6 md:mb-8\">Les m\u00e9ta-lunettes avec un \u00e9cran int\u00e9gr\u00e9 pourraient \u00eatre sur les \u00e9tag\u00e8res d\u00e8s le mois prochain.<\/div>\n<p><\/p>\n<p>La prochaine g\u00e9n\u00e9ration de lunettes intelligentes de Meta peut arriver plus t\u00f4t que pr\u00e9vu, et pour moins d&rsquo;argent aussi. Selon Mark Gurman de Bloomberg, Meta pr\u00e9voit de publier des lunettes intelligentes avec un \u00e9cran int\u00e9gr\u00e9 d&rsquo;ici la fin de septembre, et la soci\u00e9t\u00e9 vise un prix de 800 $ pour les sp\u00e9cifications de nouvelle g\u00e9n\u00e9ration.<\/p>\n<h2 id=\"what-will-you-be-able-to-do-with-a-pair-of-hypernova-glasses\">Que pourrez-vous faire avec une paire de lunettes Hypernova?<\/h2>\n<p>Les lunettes, nomm\u00e9es \u00ab\u00a0Hypernova\u00a0\u00bb, offriraient toutes les fonctionnalit\u00e9s des nuances Ray-Ban et Oakley de Meta, mais avec un affichage d\u00e9di\u00e9 pour les alertes et les mini-applications, visible par l&rsquo;utilisateur sur une partie de l&rsquo;objectif droit et contr\u00f4l\u00e9 via un bracelet. Il semblerait que HyperNova Glasses pr\u00e9sente des applications pour prendre des photos et consulter les m\u00e9dias, les cartes et les notifications. Ce ne sont pas les lunettes de r\u00e9alit\u00e9 augment\u00e9es compl\u00e8tes que la soci\u00e9t\u00e9 d\u00e9veloppe; Ils sont plus comme un pas entre les spectacles actuels de Meta et ax\u00e9s sur l&rsquo;IA et audio et l&rsquo;avenir de l&rsquo;AR.<\/p>\n<p>Les pr\u00e9dictions pr\u00e9c\u00e9dentes ont mis le prix de ces lunettes entre 1 000 $ et 1 400 $, mais selon le rapport de Gurman, Meta pr\u00e9voit de fixer le prix inf\u00e9rieur \u00e0 800 $, se contentant de b\u00e9n\u00e9fices plus minces en \u00e9change d&rsquo;une plus grande demande. \u00c0 titre de comparaison, un iPhone 16 d&rsquo;Apple se vend \u00e0 environ le m\u00eame prix que les Hypernovas, une paire de m\u00e9ta-rayons commence \u00e0 299 $, et les lunettes Smart One Pro de Xreal au d\u00e9tail pour 649 $. <\/p>\n<h2 id=\"what-metas-lower-than-expected-price-means\">Ce que signifie le prix inf\u00e9rieur \u00e0 ce que le Meta signifie<\/h2>\n<p>Le prix relativement bon march\u00e9 est important. C&rsquo;est un signal que Meta vise le grand public par opposition aux passionn\u00e9s \u00e0 la recherche d&rsquo;un appareil de pointe et \u00e0 co\u00fbt \u00e9lev\u00e9 comme l&rsquo;Apple Vision Pro. Il reste \u00e0 voir si les lunettes intelligentes de 800 $ peuvent sortir du statut de nouveaut\u00e9 et devenir la technologie quotidienne des masses, mais les m\u00e9ta-rayons sont excellentes. Ces lunettes intelligentes font partie de mon chargement quotidien depuis pr\u00e8s d&rsquo;un an, et ils sont devenus indispensables. Si l&rsquo;affichage ajout\u00e9 de l&rsquo;Hypernova est aussi utile et convivial que la cam\u00e9ra et l&rsquo;IA des m\u00e9ta-rayons et l&rsquo;IA, ces lunettes pourraient vraiment d\u00e9coller. <\/p>\n<p>Le prix inf\u00e9rieur aiderait \u00e9galement \u00e0 attacher les utilisateurs \u00e0 la m\u00e9ta-infrastructure des applications et des services. Hypernova ne sera pas seulement du mat\u00e9riel; Ce sera sans aucun doute une passerelle vers WhatsApp, Instagram, Facebook et Meta&rsquo;s IA aussi. L&rsquo;entreprise semble parier que les consommateurs se r\u00e9chaufferont aux lunettes intelligentes par degr\u00e9s: de l&rsquo;audio et des cam\u00e9ras, aux notifications et aux mini-applications, et finalement, \u00e0 la r\u00e9alit\u00e9 pleine augmente. Que les consommateurs verront 800 $ comme un prix \u00e9quitable des billets d\u00e9termineront si Hypernova n&rsquo;est qu&rsquo;un autre gadget, ou la premi\u00e8re \u00e9tape pour faire des lunettes intelligentes aussi omnipr\u00e9sents que les t\u00e9l\u00e9phones intelligents. <\/p>\n","protected":false},"excerpt":{"rendered":"<p>Les m\u00e9ta-lunettes avec un \u00e9cran int\u00e9gr\u00e9 pourraient \u00eatre sur les \u00e9tag\u00e8res d\u00e8s le mois prochain. La prochaine g\u00e9n\u00e9ration de lunettes intelligentes de Meta peut arriver<\/p>\n","protected":false},"author":1,"featured_media":9475,"comment_status":"","ping_status":"","sticky":false,"template":"","format":"standard","meta":{"footnotes":""},"categories":[13],"tags":[8209,2791,2328,2170,3912,487,469,22,8210,773,137],"class_list":["post-9474","post","type-post","status-publish","format-standard","has-post-thumbnail","hentry","category-technologie","tag-arriver","tag-couter","tag-generation","tag-intelligentes","tag-lunettes","tag-meta","tag-moins","tag-peut","tag-prevu","tag-prochaine","tag-septembre","generate-columns","tablet-grid-50","mobile-grid-100","grid-parent","grid-33"],"yoast_head":"<!-- This site is optimized with the Yoast SEO plugin v24.0 - https:\/\/yoast.com\/wordpress\/plugins\/seo\/ -->\n<title>La prochaine g\u00e9n\u00e9ration de lunettes intelligentes de Meta peut arriver en septembre (et co\u00fbter moins que pr\u00e9vu) | Vie Associative<\/title>\n<meta name=\"robots\" content=\"index, follow, max-snippet:-1, max-image-preview:large, max-video-preview:-1\" \/>\n<link rel=\"canonical\" href=\"https:\/\/vieassociative.be\/actualites\/la-prochaine-generation-de-lunettes-intelligentes-de-meta-peut-arriver-en-septembre-et-couter-moins-que-prevu\/\" \/>\n<meta property=\"og:locale\" content=\"fr_FR\" \/>\n<meta property=\"og:type\" content=\"article\" \/>\n<meta property=\"og:title\" content=\"La prochaine g\u00e9n\u00e9ration de lunettes intelligentes de Meta peut arriver en septembre (et co\u00fbter moins que pr\u00e9vu) | Vie Associative\" \/>\n<meta property=\"og:description\" content=\"Les m\u00e9ta-lunettes avec un \u00e9cran int\u00e9gr\u00e9 pourraient \u00eatre sur les \u00e9tag\u00e8res d\u00e8s le mois prochain. La prochaine g\u00e9n\u00e9ration de lunettes intelligentes de Meta peut arriver\" \/>\n<meta property=\"og:url\" content=\"https:\/\/vieassociative.be\/actualites\/la-prochaine-generation-de-lunettes-intelligentes-de-meta-peut-arriver-en-septembre-et-couter-moins-que-prevu\/\" \/>\n<meta property=\"og:site_name\" content=\"Vie Associative\" \/>\n<meta property=\"article:published_time\" content=\"2025-08-18T19:17:07+00:00\" \/>\n<meta property=\"og:image\" content=\"https:\/\/vieassociative.be\/actualites\/wp-content\/uploads\/2024\/09\/header_backgroundk-01-e1726694325946.png\" \/>\n\t<meta property=\"og:image:width\" content=\"279\" \/>\n\t<meta property=\"og:image:height\" content=\"92\" \/>\n\t<meta property=\"og:image:type\" content=\"image\/png\" \/>\n<meta name=\"author\" content=\"Julien\" \/>\n<meta name=\"twitter:card\" content=\"summary_large_image\" \/>\n<meta name=\"twitter:label1\" content=\"\u00c9crit par\" \/>\n\t<meta name=\"twitter:data1\" content=\"Julien\" \/>\n\t<meta name=\"twitter:label2\" content=\"Dur\u00e9e de lecture est.\" \/>\n\t<meta name=\"twitter:data2\" content=\"3 minutes\" \/>\n<script type=\"application\/ld+json\" class=\"yoast-schema-graph\">{\"@context\":\"https:\/\/schema.org\",\"@graph\":[{\"@type\":\"Article\",\"@id\":\"https:\/\/vieassociative.be\/actualites\/la-prochaine-generation-de-lunettes-intelligentes-de-meta-peut-arriver-en-septembre-et-couter-moins-que-prevu\/#article\",\"isPartOf\":{\"@id\":\"https:\/\/vieassociative.be\/actualites\/la-prochaine-generation-de-lunettes-intelligentes-de-meta-peut-arriver-en-septembre-et-couter-moins-que-prevu\/\"},\"author\":{\"name\":\"Julien\",\"@id\":\"https:\/\/vieassociative.be\/actualites\/#\/schema\/person\/b87ac4f82f9d4e7b7cec7395b679edc4\"},\"headline\":\"La prochaine g\u00e9n\u00e9ration de lunettes intelligentes de Meta peut arriver en septembre (et co\u00fbter moins que pr\u00e9vu)\",\"datePublished\":\"2025-08-18T19:17:07+00:00\",\"dateModified\":\"2025-08-18T19:17:07+00:00\",\"mainEntityOfPage\":{\"@id\":\"https:\/\/vieassociative.be\/actualites\/la-prochaine-generation-de-lunettes-intelligentes-de-meta-peut-arriver-en-septembre-et-couter-moins-que-prevu\/\"},\"wordCount\":551,\"publisher\":{\"@id\":\"https:\/\/vieassociative.be\/actualites\/#organization\"},\"image\":{\"@id\":\"https:\/\/vieassociative.be\/actualites\/la-prochaine-generation-de-lunettes-intelligentes-de-meta-peut-arriver-en-septembre-et-couter-moins-que-prevu\/#primaryimage\"},\"thumbnailUrl\":\"https:\/\/vieassociative.be\/actualites\/wp-content\/uploads\/2025\/08\/La-prochaine-generation-de-lunettes-intelligentes-de-Meta-peut-arriver.jpg\",\"keywords\":[\"arriver\",\"co\u00fbter\",\"g\u00e9n\u00e9ration\",\"intelligentes\",\"lunettes\",\"Meta\",\"moins\",\"peut\",\"pr\u00e9vu\",\"prochaine\",\"septembre\"],\"articleSection\":[\"Technologie\"],\"inLanguage\":\"fr-BE\"},{\"@type\":\"WebPage\",\"@id\":\"https:\/\/vieassociative.be\/actualites\/la-prochaine-generation-de-lunettes-intelligentes-de-meta-peut-arriver-en-septembre-et-couter-moins-que-prevu\/\",\"url\":\"https:\/\/vieassociative.be\/actualites\/la-prochaine-generation-de-lunettes-intelligentes-de-meta-peut-arriver-en-septembre-et-couter-moins-que-prevu\/\",\"name\":\"La prochaine g\u00e9n\u00e9ration de lunettes intelligentes de Meta peut arriver en septembre (et co\u00fbter moins que pr\u00e9vu) | Vie Associative\",\"isPartOf\":{\"@id\":\"https:\/\/vieassociative.be\/actualites\/#website\"},\"primaryImageOfPage\":{\"@id\":\"https:\/\/vieassociative.be\/actualites\/la-prochaine-generation-de-lunettes-intelligentes-de-meta-peut-arriver-en-septembre-et-couter-moins-que-prevu\/#primaryimage\"},\"image\":{\"@id\":\"https:\/\/vieassociative.be\/actualites\/la-prochaine-generation-de-lunettes-intelligentes-de-meta-peut-arriver-en-septembre-et-couter-moins-que-prevu\/#primaryimage\"},\"thumbnailUrl\":\"https:\/\/vieassociative.be\/actualites\/wp-content\/uploads\/2025\/08\/La-prochaine-generation-de-lunettes-intelligentes-de-Meta-peut-arriver.jpg\",\"datePublished\":\"2025-08-18T19:17:07+00:00\",\"dateModified\":\"2025-08-18T19:17:07+00:00\",\"breadcrumb\":{\"@id\":\"https:\/\/vieassociative.be\/actualites\/la-prochaine-generation-de-lunettes-intelligentes-de-meta-peut-arriver-en-septembre-et-couter-moins-que-prevu\/#breadcrumb\"},\"inLanguage\":\"fr-BE\",\"potentialAction\":[{\"@type\":\"ReadAction\",\"target\":[\"https:\/\/vieassociative.be\/actualites\/la-prochaine-generation-de-lunettes-intelligentes-de-meta-peut-arriver-en-septembre-et-couter-moins-que-prevu\/\"]}]},{\"@type\":\"ImageObject\",\"inLanguage\":\"fr-BE\",\"@id\":\"https:\/\/vieassociative.be\/actualites\/la-prochaine-generation-de-lunettes-intelligentes-de-meta-peut-arriver-en-septembre-et-couter-moins-que-prevu\/#primaryimage\",\"url\":\"https:\/\/vieassociative.be\/actualites\/wp-content\/uploads\/2025\/08\/La-prochaine-generation-de-lunettes-intelligentes-de-Meta-peut-arriver.jpg\",\"contentUrl\":\"https:\/\/vieassociative.be\/actualites\/wp-content\/uploads\/2025\/08\/La-prochaine-generation-de-lunettes-intelligentes-de-Meta-peut-arriver.jpg\",\"width\":1200,\"height\":675,\"caption\":\"La prochaine g\u00e9n\u00e9ration de lunettes intelligentes de Meta peut arriver en septembre (et co\u00fbter moins que pr\u00e9vu)\"},{\"@type\":\"BreadcrumbList\",\"@id\":\"https:\/\/vieassociative.be\/actualites\/la-prochaine-generation-de-lunettes-intelligentes-de-meta-peut-arriver-en-septembre-et-couter-moins-que-prevu\/#breadcrumb\",\"itemListElement\":[{\"@type\":\"ListItem\",\"position\":1,\"name\":\"Accueil\",\"item\":\"https:\/\/vieassociative.be\/actualites\/\"},{\"@type\":\"ListItem\",\"position\":2,\"name\":\"La prochaine g\u00e9n\u00e9ration de lunettes intelligentes de Meta peut arriver en septembre (et co\u00fbter moins que pr\u00e9vu)\"}]},{\"@type\":\"WebSite\",\"@id\":\"https:\/\/vieassociative.be\/actualites\/#website\",\"url\":\"https:\/\/vieassociative.be\/actualites\/\",\"name\":\"Vie Associative\",\"description\":\"\",\"publisher\":{\"@id\":\"https:\/\/vieassociative.be\/actualites\/#organization\"},\"potentialAction\":[{\"@type\":\"SearchAction\",\"target\":{\"@type\":\"EntryPoint\",\"urlTemplate\":\"https:\/\/vieassociative.be\/actualites\/?s={search_term_string}\"},\"query-input\":{\"@type\":\"PropertyValueSpecification\",\"valueRequired\":true,\"valueName\":\"search_term_string\"}}],\"inLanguage\":\"fr-BE\"},{\"@type\":\"Organization\",\"@id\":\"https:\/\/vieassociative.be\/actualites\/#organization\",\"name\":\"Vie Associative\",\"url\":\"https:\/\/vieassociative.be\/actualites\/\",\"logo\":{\"@type\":\"ImageObject\",\"inLanguage\":\"fr-BE\",\"@id\":\"https:\/\/vieassociative.be\/actualites\/#\/schema\/logo\/image\/\",\"url\":\"https:\/\/vieassociative.be\/actualites\/wp-content\/uploads\/2024\/09\/cropped-vieassociative_favicon.ico.png\",\"contentUrl\":\"https:\/\/vieassociative.be\/actualites\/wp-content\/uploads\/2024\/09\/cropped-vieassociative_favicon.ico.png\",\"width\":512,\"height\":512,\"caption\":\"Vie Associative\"},\"image\":{\"@id\":\"https:\/\/vieassociative.be\/actualites\/#\/schema\/logo\/image\/\"}},{\"@type\":\"Person\",\"@id\":\"https:\/\/vieassociative.be\/actualites\/#\/schema\/person\/b87ac4f82f9d4e7b7cec7395b679edc4\",\"name\":\"Julien\",\"image\":{\"@type\":\"ImageObject\",\"inLanguage\":\"fr-BE\",\"@id\":\"https:\/\/vieassociative.be\/actualites\/#\/schema\/person\/image\/\",\"url\":\"https:\/\/vieassociative.be\/actualites\/wp-content\/uploads\/2024\/09\/vie-associative-1-150x150.jpg\",\"contentUrl\":\"https:\/\/vieassociative.be\/actualites\/wp-content\/uploads\/2024\/09\/vie-associative-1-150x150.jpg\",\"caption\":\"Julien\"},\"description\":\"Je suis Julien, r\u00e9dacteur pour Vie Associative. Passionn\u00e9 par le monde associatif depuis plus de 10 ans, j'ai \u00e0 c\u0153ur de partager des histoires inspirantes et de mettre en lumi\u00e8re les initiatives locales. Mon objectif est de sensibiliser et d'encourager l'engagement communautaire \u00e0 travers mes articles.\",\"sameAs\":[\"https:\/\/vieassociative.be\/\"]}]}<\/script>\n<!-- \/ Yoast SEO plugin. -->","yoast_head_json":{"title":"La prochaine g\u00e9n\u00e9ration de lunettes intelligentes de Meta peut arriver en septembre (et co\u00fbter moins que pr\u00e9vu) | Vie Associative","robots":{"index":"index","follow":"follow","max-snippet":"max-snippet:-1","max-image-preview":"max-image-preview:large","max-video-preview":"max-video-preview:-1"},"canonical":"https:\/\/vieassociative.be\/actualites\/la-prochaine-generation-de-lunettes-intelligentes-de-meta-peut-arriver-en-septembre-et-couter-moins-que-prevu\/","og_locale":"fr_FR","og_type":"article","og_title":"La prochaine g\u00e9n\u00e9ration de lunettes intelligentes de Meta peut arriver en septembre (et co\u00fbter moins que pr\u00e9vu) | Vie Associative","og_description":"Les m\u00e9ta-lunettes avec un \u00e9cran int\u00e9gr\u00e9 pourraient \u00eatre sur les \u00e9tag\u00e8res d\u00e8s le mois prochain. La prochaine g\u00e9n\u00e9ration de lunettes intelligentes de Meta peut arriver","og_url":"https:\/\/vieassociative.be\/actualites\/la-prochaine-generation-de-lunettes-intelligentes-de-meta-peut-arriver-en-septembre-et-couter-moins-que-prevu\/","og_site_name":"Vie Associative","article_published_time":"2025-08-18T19:17:07+00:00","og_image":[{"width":279,"height":92,"url":"https:\/\/vieassociative.be\/actualites\/wp-content\/uploads\/2024\/09\/header_backgroundk-01-e1726694325946.png","type":"image\/png"}],"author":"Julien","twitter_card":"summary_large_image","twitter_misc":{"\u00c9crit par":"Julien","Dur\u00e9e de lecture est.":"3 minutes"},"schema":{"@context":"https:\/\/schema.org","@graph":[{"@type":"Article","@id":"https:\/\/vieassociative.be\/actualites\/la-prochaine-generation-de-lunettes-intelligentes-de-meta-peut-arriver-en-septembre-et-couter-moins-que-prevu\/#article","isPartOf":{"@id":"https:\/\/vieassociative.be\/actualites\/la-prochaine-generation-de-lunettes-intelligentes-de-meta-peut-arriver-en-septembre-et-couter-moins-que-prevu\/"},"author":{"name":"Julien","@id":"https:\/\/vieassociative.be\/actualites\/#\/schema\/person\/b87ac4f82f9d4e7b7cec7395b679edc4"},"headline":"La prochaine g\u00e9n\u00e9ration de lunettes intelligentes de Meta peut arriver en septembre (et co\u00fbter moins que pr\u00e9vu)","datePublished":"2025-08-18T19:17:07+00:00","dateModified":"2025-08-18T19:17:07+00:00","mainEntityOfPage":{"@id":"https:\/\/vieassociative.be\/actualites\/la-prochaine-generation-de-lunettes-intelligentes-de-meta-peut-arriver-en-septembre-et-couter-moins-que-prevu\/"},"wordCount":551,"publisher":{"@id":"https:\/\/vieassociative.be\/actualites\/#organization"},"image":{"@id":"https:\/\/vieassociative.be\/actualites\/la-prochaine-generation-de-lunettes-intelligentes-de-meta-peut-arriver-en-septembre-et-couter-moins-que-prevu\/#primaryimage"},"thumbnailUrl":"https:\/\/vieassociative.be\/actualites\/wp-content\/uploads\/2025\/08\/La-prochaine-generation-de-lunettes-intelligentes-de-Meta-peut-arriver.jpg","keywords":["arriver","co\u00fbter","g\u00e9n\u00e9ration","intelligentes","lunettes","Meta","moins","peut","pr\u00e9vu","prochaine","septembre"],"articleSection":["Technologie"],"inLanguage":"fr-BE"},{"@type":"WebPage","@id":"https:\/\/vieassociative.be\/actualites\/la-prochaine-generation-de-lunettes-intelligentes-de-meta-peut-arriver-en-septembre-et-couter-moins-que-prevu\/","url":"https:\/\/vieassociative.be\/actualites\/la-prochaine-generation-de-lunettes-intelligentes-de-meta-peut-arriver-en-septembre-et-couter-moins-que-prevu\/","name":"La prochaine g\u00e9n\u00e9ration de lunettes intelligentes de Meta peut arriver en septembre (et co\u00fbter moins que pr\u00e9vu) | Vie Associative","isPartOf":{"@id":"https:\/\/vieassociative.be\/actualites\/#website"},"primaryImageOfPage":{"@id":"https:\/\/vieassociative.be\/actualites\/la-prochaine-generation-de-lunettes-intelligentes-de-meta-peut-arriver-en-septembre-et-couter-moins-que-prevu\/#primaryimage"},"image":{"@id":"https:\/\/vieassociative.be\/actualites\/la-prochaine-generation-de-lunettes-intelligentes-de-meta-peut-arriver-en-septembre-et-couter-moins-que-prevu\/#primaryimage"},"thumbnailUrl":"https:\/\/vieassociative.be\/actualites\/wp-content\/uploads\/2025\/08\/La-prochaine-generation-de-lunettes-intelligentes-de-Meta-peut-arriver.jpg","datePublished":"2025-08-18T19:17:07+00:00","dateModified":"2025-08-18T19:17:07+00:00","breadcrumb":{"@id":"https:\/\/vieassociative.be\/actualites\/la-prochaine-generation-de-lunettes-intelligentes-de-meta-peut-arriver-en-septembre-et-couter-moins-que-prevu\/#breadcrumb"},"inLanguage":"fr-BE","potentialAction":[{"@type":"ReadAction","target":["https:\/\/vieassociative.be\/actualites\/la-prochaine-generation-de-lunettes-intelligentes-de-meta-peut-arriver-en-septembre-et-couter-moins-que-prevu\/"]}]},{"@type":"ImageObject","inLanguage":"fr-BE","@id":"https:\/\/vieassociative.be\/actualites\/la-prochaine-generation-de-lunettes-intelligentes-de-meta-peut-arriver-en-septembre-et-couter-moins-que-prevu\/#primaryimage","url":"https:\/\/vieassociative.be\/actualites\/wp-content\/uploads\/2025\/08\/La-prochaine-generation-de-lunettes-intelligentes-de-Meta-peut-arriver.jpg","contentUrl":"https:\/\/vieassociative.be\/actualites\/wp-content\/uploads\/2025\/08\/La-prochaine-generation-de-lunettes-intelligentes-de-Meta-peut-arriver.jpg","width":1200,"height":675,"caption":"La prochaine g\u00e9n\u00e9ration de lunettes intelligentes de Meta peut arriver en septembre (et co\u00fbter moins que pr\u00e9vu)"},{"@type":"BreadcrumbList","@id":"https:\/\/vieassociative.be\/actualites\/la-prochaine-generation-de-lunettes-intelligentes-de-meta-peut-arriver-en-septembre-et-couter-moins-que-prevu\/#breadcrumb","itemListElement":[{"@type":"ListItem","position":1,"name":"Accueil","item":"https:\/\/vieassociative.be\/actualites\/"},{"@type":"ListItem","position":2,"name":"La prochaine g\u00e9n\u00e9ration de lunettes intelligentes de Meta peut arriver en septembre (et co\u00fbter moins que pr\u00e9vu)"}]},{"@type":"WebSite","@id":"https:\/\/vieassociative.be\/actualites\/#website","url":"https:\/\/vieassociative.be\/actualites\/","name":"Vie Associative","description":"","publisher":{"@id":"https:\/\/vieassociative.be\/actualites\/#organization"},"potentialAction":[{"@type":"SearchAction","target":{"@type":"EntryPoint","urlTemplate":"https:\/\/vieassociative.be\/actualites\/?s={search_term_string}"},"query-input":{"@type":"PropertyValueSpecification","valueRequired":true,"valueName":"search_term_string"}}],"inLanguage":"fr-BE"},{"@type":"Organization","@id":"https:\/\/vieassociative.be\/actualites\/#organization","name":"Vie Associative","url":"https:\/\/vieassociative.be\/actualites\/","logo":{"@type":"ImageObject","inLanguage":"fr-BE","@id":"https:\/\/vieassociative.be\/actualites\/#\/schema\/logo\/image\/","url":"https:\/\/vieassociative.be\/actualites\/wp-content\/uploads\/2024\/09\/cropped-vieassociative_favicon.ico.png","contentUrl":"https:\/\/vieassociative.be\/actualites\/wp-content\/uploads\/2024\/09\/cropped-vieassociative_favicon.ico.png","width":512,"height":512,"caption":"Vie Associative"},"image":{"@id":"https:\/\/vieassociative.be\/actualites\/#\/schema\/logo\/image\/"}},{"@type":"Person","@id":"https:\/\/vieassociative.be\/actualites\/#\/schema\/person\/b87ac4f82f9d4e7b7cec7395b679edc4","name":"Julien","image":{"@type":"ImageObject","inLanguage":"fr-BE","@id":"https:\/\/vieassociative.be\/actualites\/#\/schema\/person\/image\/","url":"https:\/\/vieassociative.be\/actualites\/wp-content\/uploads\/2024\/09\/vie-associative-1-150x150.jpg","contentUrl":"https:\/\/vieassociative.be\/actualites\/wp-content\/uploads\/2024\/09\/vie-associative-1-150x150.jpg","caption":"Julien"},"description":"Je suis Julien, r\u00e9dacteur pour Vie Associative. Passionn\u00e9 par le monde associatif depuis plus de 10 ans, j'ai \u00e0 c\u0153ur de partager des histoires inspirantes et de mettre en lumi\u00e8re les initiatives locales. Mon objectif est de sensibiliser et d'encourager l'engagement communautaire \u00e0 travers mes articles.","sameAs":["https:\/\/vieassociative.be\/"]}]}},"_links":{"self":[{"href":"https:\/\/vieassociative.be\/actualites\/wp-json\/wp\/v2\/posts\/9474"}],"collection":[{"href":"https:\/\/vieassociative.be\/actualites\/wp-json\/wp\/v2\/posts"}],"about":[{"href":"https:\/\/vieassociative.be\/actualites\/wp-json\/wp\/v2\/types\/post"}],"author":[{"embeddable":true,"href":"https:\/\/vieassociative.be\/actualites\/wp-json\/wp\/v2\/users\/1"}],"replies":[{"embeddable":true,"href":"https:\/\/vieassociative.be\/actualites\/wp-json\/wp\/v2\/comments?post=9474"}],"version-history":[{"count":0,"href":"https:\/\/vieassociative.be\/actualites\/wp-json\/wp\/v2\/posts\/9474\/revisions"}],"wp:featuredmedia":[{"embeddable":true,"href":"https:\/\/vieassociative.be\/actualites\/wp-json\/wp\/v2\/media\/9475"}],"wp:attachment":[{"href":"https:\/\/vieassociative.be\/actualites\/wp-json\/wp\/v2\/media?parent=9474"}],"wp:term":[{"taxonomy":"category","embeddable":true,"href":"https:\/\/vieassociative.be\/actualites\/wp-json\/wp\/v2\/categories?post=9474"},{"taxonomy":"post_tag","embeddable":true,"href":"https:\/\/vieassociative.be\/actualites\/wp-json\/wp\/v2\/tags?post=9474"}],"curies":[{"name":"wp","href":"https:\/\/api.w.org\/{rel}","templated":true}]}}