{"id":9471,"date":"2025-08-18T16:17:38","date_gmt":"2025-08-18T14:17:38","guid":{"rendered":"https:\/\/vieassociative.be\/actualites\/breaks-for-the-ssc-naples-and-the-red-devil-torganant-romelu-lukaku-est-probablement-depuis-longtemps\/"},"modified":"2025-08-18T16:17:38","modified_gmt":"2025-08-18T14:17:38","slug":"breaks-for-the-ssc-naples-and-the-red-devil-torganant-romelu-lukaku-est-probablement-depuis-longtemps","status":"publish","type":"post","link":"https:\/\/vieassociative.be\/actualites\/breaks-for-the-ssc-naples-and-the-red-devil-torganant-romelu-lukaku-est-probablement-depuis-longtemps\/","title":{"rendered":"Breaks for the ssc Naples and the Red Devil: Torganant Romelu Lukaku est probablement depuis longtemps"},"content":{"rendered":"<p><strong>Herber en revers pour le SSC Naples et l&rsquo;\u00e9quipe nationale de football belge: Romelu Lukaku a subi une \u00ab\u00a0blessure grave au bon muscle de la cuisse\u00a0\u00bb dans un jeu pr\u00e9paratoire pour la nouvelle saison et est probablement pendant plusieurs mois.<\/strong><\/p>\n<p><span id=\"more-422652\"><\/span>Cela a \u00e9t\u00e9 annonc\u00e9 lundi par son club de Naples, mais sans indiquer combien de temps le buteur record de 32 ans du Red Devil sera port\u00e9 disparu. L&rsquo;attaquant avait quitt\u00e9 la place \u00e0 la 33e minute d&rsquo;un match pr\u00e9paratoire contre l&rsquo;Olympac.<\/p>\n<p>\u00ab\u00a0Lukaku a \u00e9t\u00e9 examin\u00e9 dans le Grand H\u00f4pital de Pineta, avec une grave blessure au bon muscle de la cuisse. Le joueur a d\u00e9j\u00e0 commenc\u00e9 la r\u00e9adaptation et est \u00e9galement soumis \u00e0 une intervention chirurgicale\u00a0\u00bb, a d\u00e9clar\u00e9 le champion italien.<\/p>\n<\/p>\n<div id=\"attachment_416168\" class=\"wp-caption alignnone\" style=\"max-width: 300px\"><img fetchpriority=\"high\" decoding=\"async\" src=\"https:\/\/vieassociative.be\/actualites\/wp-content\/uploads\/2025\/08\/Breaks-for-the-ssc-Naples-and-the-Red-Devil-Torganant.jpg\" alt=\"\" width=\"300\" height=\"200\" class=\"size-medium wp-image-416168\"><\/div>\n<p>Alors que l&rsquo;association napolitaine n&rsquo;a fourni aucune information sur la dur\u00e9e des temps d&rsquo;arr\u00eat de Lukaku, le journal sportif a appel\u00e9 \u00ab\u00a0La Gazzetta Dello Sport\u00a0\u00bb deux options pour le Belgien.<\/p>\n<p>Tout d&rsquo;abord, il pourrait arriver directement \u00e0 la table d&rsquo;op\u00e9ration, ce qui signifierait un temps d&rsquo;arr\u00eat de quatre \u00e0 cinq mois. Ou il opte pour un traitement conservateur qui le tiendrait loin de la place pendant environ deux mois, mais le risque est que la blessure ne gu\u00e9risse pas suffisamment et qu&rsquo;elle doit finalement \u00eatre op\u00e9r\u00e9e.<\/p>\n<p>Dans le deuxi\u00e8me cas, il y a m\u00eame le risque que Lukaku ne puisse nier la prochaine Coupe du monde aux \u00c9tats-Unis, au Mexique et au Canada. Le joueur et le club prendront une d\u00e9cision dans les prochaines heures.<\/p>\n<p>Le SSC Naples, dans lequel Kevin de Bruyne est \u00e9galement sous contrat depuis le 1er juillet 2025, peut toujours rechercher le march\u00e9 des transferts en contraste avec l&rsquo;\u00e9quipe nationale. Avec les Red Devils, l&rsquo;entra\u00eeneur national Rudi Garcia doit s&rsquo;inqui\u00e9ter de la fa\u00e7on dont l&rsquo;\u00e9chec du buteur record Lukaku devrait \u00eatre quelque peu compens\u00e9 ou comment le syst\u00e8me offensif peut \u00eatre mieux align\u00e9 avec les qualit\u00e9s de Lois Opendas afin que l&rsquo;attaquant de RB Leipzig soit finalement crucial pour le Belgique.<\/p>\n<p>Heureusement, les Red Devils doivent effectuer deux t\u00e2ches r\u00e9solubles en septembre: l&rsquo;\u00e9quipe nationale jouera dans la qualification de la Coupe du monde dans le Liechtenstein le 7 septembre et accueillera le parc de loto d&rsquo;Anderlecht Kazakhstan trois jours plus tard, avant de jouer \u00e0 Gand contre les lignes macanes du nord \u00e0 la maison \u00e0 Gand le 10 octobre, puis de concourir en Pal\u00e9s trois jours plus tard. (Cre)<\/p>\n","protected":false},"excerpt":{"rendered":"<p>Herber en revers pour le SSC Naples et l&rsquo;\u00e9quipe nationale de football belge: Romelu Lukaku a subi une \u00ab\u00a0blessure grave au bon muscle de la<\/p>\n","protected":false},"author":1,"featured_media":9472,"comment_status":"","ping_status":"","sticky":false,"template":"","format":"standard","meta":{"footnotes":""},"categories":[298],"tags":[8206,1824,4940,76,3088,3002,7130,419,3312,3177,8207,8208],"class_list":["post-9471","post","type-post","status-publish","format-standard","has-post-thumbnail","hentry","category-belgique","tag-breaks","tag-depuis","tag-devil","tag-est","tag-longtemps","tag-lukaku","tag-naples","tag-probablement","tag-red","tag-romelu","tag-ssc","tag-torganant","generate-columns","tablet-grid-50","mobile-grid-100","grid-parent","grid-33"],"yoast_head":"<!-- This site is optimized with the Yoast SEO plugin v24.0 - https:\/\/yoast.com\/wordpress\/plugins\/seo\/ -->\n<title>Breaks for the ssc Naples and the Red Devil: Torganant Romelu Lukaku est probablement depuis longtemps | Vie Associative<\/title>\n<meta name=\"robots\" content=\"index, follow, max-snippet:-1, max-image-preview:large, max-video-preview:-1\" \/>\n<link rel=\"canonical\" href=\"https:\/\/vieassociative.be\/actualites\/breaks-for-the-ssc-naples-and-the-red-devil-torganant-romelu-lukaku-est-probablement-depuis-longtemps\/\" \/>\n<meta property=\"og:locale\" content=\"fr_FR\" \/>\n<meta property=\"og:type\" content=\"article\" \/>\n<meta property=\"og:title\" content=\"Breaks for the ssc Naples and the Red Devil: Torganant Romelu Lukaku est probablement depuis longtemps | Vie Associative\" \/>\n<meta property=\"og:description\" content=\"Herber en revers pour le SSC Naples et l&rsquo;\u00e9quipe nationale de football belge: Romelu Lukaku a subi une \u00ab\u00a0blessure grave au bon muscle de la\" \/>\n<meta property=\"og:url\" content=\"https:\/\/vieassociative.be\/actualites\/breaks-for-the-ssc-naples-and-the-red-devil-torganant-romelu-lukaku-est-probablement-depuis-longtemps\/\" \/>\n<meta property=\"og:site_name\" content=\"Vie Associative\" \/>\n<meta property=\"article:published_time\" content=\"2025-08-18T14:17:38+00:00\" \/>\n<meta property=\"og:image\" content=\"https:\/\/vieassociative.be\/actualites\/wp-content\/uploads\/2024\/09\/header_backgroundk-01-e1726694325946.png\" \/>\n\t<meta property=\"og:image:width\" content=\"279\" \/>\n\t<meta property=\"og:image:height\" content=\"92\" \/>\n\t<meta property=\"og:image:type\" content=\"image\/png\" \/>\n<meta name=\"author\" content=\"Julien\" \/>\n<meta name=\"twitter:card\" content=\"summary_large_image\" \/>\n<meta name=\"twitter:label1\" content=\"\u00c9crit par\" \/>\n\t<meta name=\"twitter:data1\" content=\"Julien\" \/>\n\t<meta name=\"twitter:label2\" content=\"Dur\u00e9e de lecture est.\" \/>\n\t<meta name=\"twitter:data2\" content=\"2 minutes\" \/>\n<script type=\"application\/ld+json\" class=\"yoast-schema-graph\">{\"@context\":\"https:\/\/schema.org\",\"@graph\":[{\"@type\":\"Article\",\"@id\":\"https:\/\/vieassociative.be\/actualites\/breaks-for-the-ssc-naples-and-the-red-devil-torganant-romelu-lukaku-est-probablement-depuis-longtemps\/#article\",\"isPartOf\":{\"@id\":\"https:\/\/vieassociative.be\/actualites\/breaks-for-the-ssc-naples-and-the-red-devil-torganant-romelu-lukaku-est-probablement-depuis-longtemps\/\"},\"author\":{\"name\":\"Julien\",\"@id\":\"https:\/\/vieassociative.be\/actualites\/#\/schema\/person\/b87ac4f82f9d4e7b7cec7395b679edc4\"},\"headline\":\"Breaks for the ssc Naples and the Red Devil: Torganant Romelu Lukaku est probablement depuis longtemps\",\"datePublished\":\"2025-08-18T14:17:38+00:00\",\"dateModified\":\"2025-08-18T14:17:38+00:00\",\"mainEntityOfPage\":{\"@id\":\"https:\/\/vieassociative.be\/actualites\/breaks-for-the-ssc-naples-and-the-red-devil-torganant-romelu-lukaku-est-probablement-depuis-longtemps\/\"},\"wordCount\":443,\"publisher\":{\"@id\":\"https:\/\/vieassociative.be\/actualites\/#organization\"},\"image\":{\"@id\":\"https:\/\/vieassociative.be\/actualites\/breaks-for-the-ssc-naples-and-the-red-devil-torganant-romelu-lukaku-est-probablement-depuis-longtemps\/#primaryimage\"},\"thumbnailUrl\":\"https:\/\/vieassociative.be\/actualites\/wp-content\/uploads\/2025\/08\/1755526659_Breaks-for-the-ssc-Naples-and-the-Red-Devil-Torganant.jpg\",\"keywords\":[\"Breaks\",\"depuis\",\"Devil\",\"est\",\"longtemps\",\"Lukaku\",\"Naples\",\"probablement\",\"Red\",\"Romelu\",\"ssc\",\"Torganant\"],\"articleSection\":[\"Belgique\"],\"inLanguage\":\"fr-BE\"},{\"@type\":\"WebPage\",\"@id\":\"https:\/\/vieassociative.be\/actualites\/breaks-for-the-ssc-naples-and-the-red-devil-torganant-romelu-lukaku-est-probablement-depuis-longtemps\/\",\"url\":\"https:\/\/vieassociative.be\/actualites\/breaks-for-the-ssc-naples-and-the-red-devil-torganant-romelu-lukaku-est-probablement-depuis-longtemps\/\",\"name\":\"Breaks for the ssc Naples and the Red Devil: Torganant Romelu Lukaku est probablement depuis longtemps | Vie Associative\",\"isPartOf\":{\"@id\":\"https:\/\/vieassociative.be\/actualites\/#website\"},\"primaryImageOfPage\":{\"@id\":\"https:\/\/vieassociative.be\/actualites\/breaks-for-the-ssc-naples-and-the-red-devil-torganant-romelu-lukaku-est-probablement-depuis-longtemps\/#primaryimage\"},\"image\":{\"@id\":\"https:\/\/vieassociative.be\/actualites\/breaks-for-the-ssc-naples-and-the-red-devil-torganant-romelu-lukaku-est-probablement-depuis-longtemps\/#primaryimage\"},\"thumbnailUrl\":\"https:\/\/vieassociative.be\/actualites\/wp-content\/uploads\/2025\/08\/1755526659_Breaks-for-the-ssc-Naples-and-the-Red-Devil-Torganant.jpg\",\"datePublished\":\"2025-08-18T14:17:38+00:00\",\"dateModified\":\"2025-08-18T14:17:38+00:00\",\"breadcrumb\":{\"@id\":\"https:\/\/vieassociative.be\/actualites\/breaks-for-the-ssc-naples-and-the-red-devil-torganant-romelu-lukaku-est-probablement-depuis-longtemps\/#breadcrumb\"},\"inLanguage\":\"fr-BE\",\"potentialAction\":[{\"@type\":\"ReadAction\",\"target\":[\"https:\/\/vieassociative.be\/actualites\/breaks-for-the-ssc-naples-and-the-red-devil-torganant-romelu-lukaku-est-probablement-depuis-longtemps\/\"]}]},{\"@type\":\"ImageObject\",\"inLanguage\":\"fr-BE\",\"@id\":\"https:\/\/vieassociative.be\/actualites\/breaks-for-the-ssc-naples-and-the-red-devil-torganant-romelu-lukaku-est-probablement-depuis-longtemps\/#primaryimage\",\"url\":\"https:\/\/vieassociative.be\/actualites\/wp-content\/uploads\/2025\/08\/1755526659_Breaks-for-the-ssc-Naples-and-the-Red-Devil-Torganant.jpg\",\"contentUrl\":\"https:\/\/vieassociative.be\/actualites\/wp-content\/uploads\/2025\/08\/1755526659_Breaks-for-the-ssc-Naples-and-the-Red-Devil-Torganant.jpg\",\"width\":1834,\"height\":1223,\"caption\":\"Breaks for the ssc Naples and the Red Devil: Torganant Romelu Lukaku est probablement depuis longtemps\"},{\"@type\":\"BreadcrumbList\",\"@id\":\"https:\/\/vieassociative.be\/actualites\/breaks-for-the-ssc-naples-and-the-red-devil-torganant-romelu-lukaku-est-probablement-depuis-longtemps\/#breadcrumb\",\"itemListElement\":[{\"@type\":\"ListItem\",\"position\":1,\"name\":\"Accueil\",\"item\":\"https:\/\/vieassociative.be\/actualites\/\"},{\"@type\":\"ListItem\",\"position\":2,\"name\":\"Breaks for the ssc Naples and the Red Devil: Torganant Romelu Lukaku est probablement depuis longtemps\"}]},{\"@type\":\"WebSite\",\"@id\":\"https:\/\/vieassociative.be\/actualites\/#website\",\"url\":\"https:\/\/vieassociative.be\/actualites\/\",\"name\":\"Vie Associative\",\"description\":\"\",\"publisher\":{\"@id\":\"https:\/\/vieassociative.be\/actualites\/#organization\"},\"potentialAction\":[{\"@type\":\"SearchAction\",\"target\":{\"@type\":\"EntryPoint\",\"urlTemplate\":\"https:\/\/vieassociative.be\/actualites\/?s={search_term_string}\"},\"query-input\":{\"@type\":\"PropertyValueSpecification\",\"valueRequired\":true,\"valueName\":\"search_term_string\"}}],\"inLanguage\":\"fr-BE\"},{\"@type\":\"Organization\",\"@id\":\"https:\/\/vieassociative.be\/actualites\/#organization\",\"name\":\"Vie Associative\",\"url\":\"https:\/\/vieassociative.be\/actualites\/\",\"logo\":{\"@type\":\"ImageObject\",\"inLanguage\":\"fr-BE\",\"@id\":\"https:\/\/vieassociative.be\/actualites\/#\/schema\/logo\/image\/\",\"url\":\"https:\/\/vieassociative.be\/actualites\/wp-content\/uploads\/2024\/09\/cropped-vieassociative_favicon.ico.png\",\"contentUrl\":\"https:\/\/vieassociative.be\/actualites\/wp-content\/uploads\/2024\/09\/cropped-vieassociative_favicon.ico.png\",\"width\":512,\"height\":512,\"caption\":\"Vie Associative\"},\"image\":{\"@id\":\"https:\/\/vieassociative.be\/actualites\/#\/schema\/logo\/image\/\"}},{\"@type\":\"Person\",\"@id\":\"https:\/\/vieassociative.be\/actualites\/#\/schema\/person\/b87ac4f82f9d4e7b7cec7395b679edc4\",\"name\":\"Julien\",\"image\":{\"@type\":\"ImageObject\",\"inLanguage\":\"fr-BE\",\"@id\":\"https:\/\/vieassociative.be\/actualites\/#\/schema\/person\/image\/\",\"url\":\"https:\/\/vieassociative.be\/actualites\/wp-content\/uploads\/2024\/09\/vie-associative-1-150x150.jpg\",\"contentUrl\":\"https:\/\/vieassociative.be\/actualites\/wp-content\/uploads\/2024\/09\/vie-associative-1-150x150.jpg\",\"caption\":\"Julien\"},\"description\":\"Je suis Julien, r\u00e9dacteur pour Vie Associative. Passionn\u00e9 par le monde associatif depuis plus de 10 ans, j'ai \u00e0 c\u0153ur de partager des histoires inspirantes et de mettre en lumi\u00e8re les initiatives locales. Mon objectif est de sensibiliser et d'encourager l'engagement communautaire \u00e0 travers mes articles.\",\"sameAs\":[\"https:\/\/vieassociative.be\/\"]}]}<\/script>\n<!-- \/ Yoast SEO plugin. -->","yoast_head_json":{"title":"Breaks for the ssc Naples and the Red Devil: Torganant Romelu Lukaku est probablement depuis longtemps | Vie Associative","robots":{"index":"index","follow":"follow","max-snippet":"max-snippet:-1","max-image-preview":"max-image-preview:large","max-video-preview":"max-video-preview:-1"},"canonical":"https:\/\/vieassociative.be\/actualites\/breaks-for-the-ssc-naples-and-the-red-devil-torganant-romelu-lukaku-est-probablement-depuis-longtemps\/","og_locale":"fr_FR","og_type":"article","og_title":"Breaks for the ssc Naples and the Red Devil: Torganant Romelu Lukaku est probablement depuis longtemps | Vie Associative","og_description":"Herber en revers pour le SSC Naples et l&rsquo;\u00e9quipe nationale de football belge: Romelu Lukaku a subi une \u00ab\u00a0blessure grave au bon muscle de la","og_url":"https:\/\/vieassociative.be\/actualites\/breaks-for-the-ssc-naples-and-the-red-devil-torganant-romelu-lukaku-est-probablement-depuis-longtemps\/","og_site_name":"Vie Associative","article_published_time":"2025-08-18T14:17:38+00:00","og_image":[{"width":279,"height":92,"url":"https:\/\/vieassociative.be\/actualites\/wp-content\/uploads\/2024\/09\/header_backgroundk-01-e1726694325946.png","type":"image\/png"}],"author":"Julien","twitter_card":"summary_large_image","twitter_misc":{"\u00c9crit par":"Julien","Dur\u00e9e de lecture est.":"2 minutes"},"schema":{"@context":"https:\/\/schema.org","@graph":[{"@type":"Article","@id":"https:\/\/vieassociative.be\/actualites\/breaks-for-the-ssc-naples-and-the-red-devil-torganant-romelu-lukaku-est-probablement-depuis-longtemps\/#article","isPartOf":{"@id":"https:\/\/vieassociative.be\/actualites\/breaks-for-the-ssc-naples-and-the-red-devil-torganant-romelu-lukaku-est-probablement-depuis-longtemps\/"},"author":{"name":"Julien","@id":"https:\/\/vieassociative.be\/actualites\/#\/schema\/person\/b87ac4f82f9d4e7b7cec7395b679edc4"},"headline":"Breaks for the ssc Naples and the Red Devil: Torganant Romelu Lukaku est probablement depuis longtemps","datePublished":"2025-08-18T14:17:38+00:00","dateModified":"2025-08-18T14:17:38+00:00","mainEntityOfPage":{"@id":"https:\/\/vieassociative.be\/actualites\/breaks-for-the-ssc-naples-and-the-red-devil-torganant-romelu-lukaku-est-probablement-depuis-longtemps\/"},"wordCount":443,"publisher":{"@id":"https:\/\/vieassociative.be\/actualites\/#organization"},"image":{"@id":"https:\/\/vieassociative.be\/actualites\/breaks-for-the-ssc-naples-and-the-red-devil-torganant-romelu-lukaku-est-probablement-depuis-longtemps\/#primaryimage"},"thumbnailUrl":"https:\/\/vieassociative.be\/actualites\/wp-content\/uploads\/2025\/08\/1755526659_Breaks-for-the-ssc-Naples-and-the-Red-Devil-Torganant.jpg","keywords":["Breaks","depuis","Devil","est","longtemps","Lukaku","Naples","probablement","Red","Romelu","ssc","Torganant"],"articleSection":["Belgique"],"inLanguage":"fr-BE"},{"@type":"WebPage","@id":"https:\/\/vieassociative.be\/actualites\/breaks-for-the-ssc-naples-and-the-red-devil-torganant-romelu-lukaku-est-probablement-depuis-longtemps\/","url":"https:\/\/vieassociative.be\/actualites\/breaks-for-the-ssc-naples-and-the-red-devil-torganant-romelu-lukaku-est-probablement-depuis-longtemps\/","name":"Breaks for the ssc Naples and the Red Devil: Torganant Romelu Lukaku est probablement depuis longtemps | Vie Associative","isPartOf":{"@id":"https:\/\/vieassociative.be\/actualites\/#website"},"primaryImageOfPage":{"@id":"https:\/\/vieassociative.be\/actualites\/breaks-for-the-ssc-naples-and-the-red-devil-torganant-romelu-lukaku-est-probablement-depuis-longtemps\/#primaryimage"},"image":{"@id":"https:\/\/vieassociative.be\/actualites\/breaks-for-the-ssc-naples-and-the-red-devil-torganant-romelu-lukaku-est-probablement-depuis-longtemps\/#primaryimage"},"thumbnailUrl":"https:\/\/vieassociative.be\/actualites\/wp-content\/uploads\/2025\/08\/1755526659_Breaks-for-the-ssc-Naples-and-the-Red-Devil-Torganant.jpg","datePublished":"2025-08-18T14:17:38+00:00","dateModified":"2025-08-18T14:17:38+00:00","breadcrumb":{"@id":"https:\/\/vieassociative.be\/actualites\/breaks-for-the-ssc-naples-and-the-red-devil-torganant-romelu-lukaku-est-probablement-depuis-longtemps\/#breadcrumb"},"inLanguage":"fr-BE","potentialAction":[{"@type":"ReadAction","target":["https:\/\/vieassociative.be\/actualites\/breaks-for-the-ssc-naples-and-the-red-devil-torganant-romelu-lukaku-est-probablement-depuis-longtemps\/"]}]},{"@type":"ImageObject","inLanguage":"fr-BE","@id":"https:\/\/vieassociative.be\/actualites\/breaks-for-the-ssc-naples-and-the-red-devil-torganant-romelu-lukaku-est-probablement-depuis-longtemps\/#primaryimage","url":"https:\/\/vieassociative.be\/actualites\/wp-content\/uploads\/2025\/08\/1755526659_Breaks-for-the-ssc-Naples-and-the-Red-Devil-Torganant.jpg","contentUrl":"https:\/\/vieassociative.be\/actualites\/wp-content\/uploads\/2025\/08\/1755526659_Breaks-for-the-ssc-Naples-and-the-Red-Devil-Torganant.jpg","width":1834,"height":1223,"caption":"Breaks for the ssc Naples and the Red Devil: Torganant Romelu Lukaku est probablement depuis longtemps"},{"@type":"BreadcrumbList","@id":"https:\/\/vieassociative.be\/actualites\/breaks-for-the-ssc-naples-and-the-red-devil-torganant-romelu-lukaku-est-probablement-depuis-longtemps\/#breadcrumb","itemListElement":[{"@type":"ListItem","position":1,"name":"Accueil","item":"https:\/\/vieassociative.be\/actualites\/"},{"@type":"ListItem","position":2,"name":"Breaks for the ssc Naples and the Red Devil: Torganant Romelu Lukaku est probablement depuis longtemps"}]},{"@type":"WebSite","@id":"https:\/\/vieassociative.be\/actualites\/#website","url":"https:\/\/vieassociative.be\/actualites\/","name":"Vie Associative","description":"","publisher":{"@id":"https:\/\/vieassociative.be\/actualites\/#organization"},"potentialAction":[{"@type":"SearchAction","target":{"@type":"EntryPoint","urlTemplate":"https:\/\/vieassociative.be\/actualites\/?s={search_term_string}"},"query-input":{"@type":"PropertyValueSpecification","valueRequired":true,"valueName":"search_term_string"}}],"inLanguage":"fr-BE"},{"@type":"Organization","@id":"https:\/\/vieassociative.be\/actualites\/#organization","name":"Vie Associative","url":"https:\/\/vieassociative.be\/actualites\/","logo":{"@type":"ImageObject","inLanguage":"fr-BE","@id":"https:\/\/vieassociative.be\/actualites\/#\/schema\/logo\/image\/","url":"https:\/\/vieassociative.be\/actualites\/wp-content\/uploads\/2024\/09\/cropped-vieassociative_favicon.ico.png","contentUrl":"https:\/\/vieassociative.be\/actualites\/wp-content\/uploads\/2024\/09\/cropped-vieassociative_favicon.ico.png","width":512,"height":512,"caption":"Vie Associative"},"image":{"@id":"https:\/\/vieassociative.be\/actualites\/#\/schema\/logo\/image\/"}},{"@type":"Person","@id":"https:\/\/vieassociative.be\/actualites\/#\/schema\/person\/b87ac4f82f9d4e7b7cec7395b679edc4","name":"Julien","image":{"@type":"ImageObject","inLanguage":"fr-BE","@id":"https:\/\/vieassociative.be\/actualites\/#\/schema\/person\/image\/","url":"https:\/\/vieassociative.be\/actualites\/wp-content\/uploads\/2024\/09\/vie-associative-1-150x150.jpg","contentUrl":"https:\/\/vieassociative.be\/actualites\/wp-content\/uploads\/2024\/09\/vie-associative-1-150x150.jpg","caption":"Julien"},"description":"Je suis Julien, r\u00e9dacteur pour Vie Associative. Passionn\u00e9 par le monde associatif depuis plus de 10 ans, j'ai \u00e0 c\u0153ur de partager des histoires inspirantes et de mettre en lumi\u00e8re les initiatives locales. Mon objectif est de sensibiliser et d'encourager l'engagement communautaire \u00e0 travers mes articles.","sameAs":["https:\/\/vieassociative.be\/"]}]}},"_links":{"self":[{"href":"https:\/\/vieassociative.be\/actualites\/wp-json\/wp\/v2\/posts\/9471"}],"collection":[{"href":"https:\/\/vieassociative.be\/actualites\/wp-json\/wp\/v2\/posts"}],"about":[{"href":"https:\/\/vieassociative.be\/actualites\/wp-json\/wp\/v2\/types\/post"}],"author":[{"embeddable":true,"href":"https:\/\/vieassociative.be\/actualites\/wp-json\/wp\/v2\/users\/1"}],"replies":[{"embeddable":true,"href":"https:\/\/vieassociative.be\/actualites\/wp-json\/wp\/v2\/comments?post=9471"}],"version-history":[{"count":0,"href":"https:\/\/vieassociative.be\/actualites\/wp-json\/wp\/v2\/posts\/9471\/revisions"}],"wp:featuredmedia":[{"embeddable":true,"href":"https:\/\/vieassociative.be\/actualites\/wp-json\/wp\/v2\/media\/9472"}],"wp:attachment":[{"href":"https:\/\/vieassociative.be\/actualites\/wp-json\/wp\/v2\/media?parent=9471"}],"wp:term":[{"taxonomy":"category","embeddable":true,"href":"https:\/\/vieassociative.be\/actualites\/wp-json\/wp\/v2\/categories?post=9471"},{"taxonomy":"post_tag","embeddable":true,"href":"https:\/\/vieassociative.be\/actualites\/wp-json\/wp\/v2\/tags?post=9471"}],"curies":[{"name":"wp","href":"https:\/\/api.w.org\/{rel}","templated":true}]}}