{"id":9469,"date":"2025-08-18T15:19:44","date_gmt":"2025-08-18T13:19:44","guid":{"rendered":"https:\/\/vieassociative.be\/actualites\/ce-que-la-lettre-de-peloton-aux-investisseurs-signale-les-changements-de-prix-a-venir\/"},"modified":"2025-08-18T15:19:44","modified_gmt":"2025-08-18T13:19:44","slug":"ce-que-la-lettre-de-peloton-aux-investisseurs-signale-les-changements-de-prix-a-venir","status":"publish","type":"post","link":"https:\/\/vieassociative.be\/actualites\/ce-que-la-lettre-de-peloton-aux-investisseurs-signale-les-changements-de-prix-a-venir\/","title":{"rendered":"Ce que la lettre de Peloton aux investisseurs signale les changements de prix \u00e0 venir"},"content":{"rendered":"<div class=\"mt-4 leading-6 md:mb-8\">Si vous \u00eates sur le march\u00e9 de l&rsquo;\u00e9quipement Peloton, peut-\u00eatre le bon moment pour acheter.<\/div>\n<p><\/p>\n<p>Je suis un utilisateur d\u00e9vou\u00e9 de tout ce qui concerne Peloton, de mon fid\u00e8le v\u00e9lo de 4 ans \u00e0 l&rsquo;application mobile robuste du g\u00e9ant du fitness \u00e0 la maison, et j&rsquo;ai heureusement pay\u00e9 tout ce qui m&rsquo;a \u00e9t\u00e9 demand\u00e9 pour les deux. Mais ce que j&rsquo;ai pay\u00e9 pour mon \u00e9quipement en 2021 et ce que je paie toujours pour mon abonnement All Access maintenant n&rsquo;est peut-\u00eatre pas ce que vous ou moi payons \u00e0 l&rsquo;avenir. <\/p>\n<p>La marque a r\u00e9cemment partag\u00e9 sa lettre des investisseurs du quatri\u00e8me trimestre et, avec elle, a fait allusion \u00e0 quelques changements de prix. Ils ne semblent pas qu&rsquo;ils vont \u00eatre \u00e9normes, mais ils arrivent d\u00e9finitivement.<\/p>\n<h2 id=\"adjusting-prices-is-on-the-agenda\">\u00ab\u00a0Ajuster les prix\u00a0\u00bb est \u00e0 l&rsquo;ordre du jour<\/h2>\n<p>L&rsquo;une des informations les plus cruciales de la lettre est une promesse de se concentrer sur \u00abl&rsquo;am\u00e9lioration de la mon\u00e9tisation\u00bb, qui rel\u00e8ve de la sous-direction de \u00abl&rsquo;excellence commerciale\u00bb. La soci\u00e9t\u00e9 affirme qu&rsquo;elle \u00ab\u00a0deviendra plus sophistiqu\u00e9e\u00a0\u00bb en ce qui concerne l&rsquo;utilisation de promotions et, surtout, \u00ab\u00a0ajustera les prix pour refl\u00e9ter (ses) co\u00fbts,, comme l&rsquo;exp\u00e9dition, les rendements, les tarifs et autres frais, le peloton assume actuellement le fardeau. <\/p>\n<p>\u00ab\u00a0Par exemple, nous introduirons les frais d&rsquo;assemblage d&rsquo;experts facultatifs pour refl\u00e9ter les co\u00fbts r\u00e9els de l&rsquo;installation de notre \u00e9quipement, tout en \u00e9tendant l&rsquo;auto-installation gratuite pour inclure notre bande de roulement et notre rang\u00e9e, pr\u00e9servant ainsi le choix et le contr\u00f4le des membres\u00a0\u00bb, indique la lettre. <\/p>\n<p>Donc, il semble que la configuration d&rsquo;\u00e9quipement gratuite soit une chose du pass\u00e9. Quand j&rsquo;ai obtenu mon v\u00e9lo de peloton et le v\u00e9lo + la soci\u00e9t\u00e9 m&rsquo;a pr\u00eat\u00e9 pour tester, la configuration et la livraison \u00e9taient gratuites, mais dans les deux cas, je <em>pourrait<\/em> Je l&rsquo;ai g\u00e9r\u00e9 moi-m\u00eame. J&rsquo;ai regard\u00e9 les gars de l&rsquo;installation et j&rsquo;ai conclu que, avec une instruction \u00e9crite, j&rsquo;aurais pu faire ce qu&rsquo;ils ont tr\u00e8s bien fait, m\u00eame si c&rsquo;\u00e9tait certainement agr\u00e9able de ne pas avoir \u00e0 le faire. <\/p>\n<p>Le v\u00e9lo Peloton co\u00fbte 1 445 $ et le v\u00e9lo + co\u00fbte 2 495 $. Pendant ce temps, la bande de roulement et la rang\u00e9e, qui sont sur la bonne voie pour offrir des options d&rsquo;auto-installation gratuites, sont respectivement de 2 995 $ et 3 295 $. Avec des prix comme \u00e7a, il ne sera pas attrayant de devoir payer plus pour les faire installer lorsque vous pourriez le faire vous-m\u00eame, surtout lorsque vous consid\u00e9rez que vous paierez toujours 44 $ par mois pour l&rsquo;adh\u00e9sion All Access, vous devez les utiliser et un tas d&rsquo;autres co\u00fbts plus petits pour les accessoires et l&rsquo;\u00e9quipement suppl\u00e9mentaire. <\/p>\n<p>Peloton se tient cependant \u00e0 son programme de prix sp\u00e9cial pour rendre l&rsquo;\u00e9quipement plus abordable pour les enseignants, les militaires, les premiers intervenants et les professionnels de la sant\u00e9. \u00c0 l&rsquo;heure actuelle, le programme accorde aux acheteurs qualifi\u00e9s jusqu&rsquo;\u00e0 600 $ de r\u00e9duction sur l&rsquo;\u00e9quipement et les remises d&rsquo;adh\u00e9sion, mais les baisses de prix diff\u00e8rent en fonction du groupe sp\u00e9cial auquel vous appartenez. <\/p>\n<h2 id=\"layoffs-are-also-part-of-the-plan\">Les licenciements font \u00e9galement partie du plan<\/h2>\n<p>Dans cette m\u00eame section \u00ab\u00a0Excellence commerciale\u00a0\u00bb, une r\u00e9v\u00e9lation plus triste: \u00ab\u00a0Nos d\u00e9penses d&rsquo;exploitation restent trop \u00e9lev\u00e9es, ce qui entrave notre capacit\u00e9 \u00e0 investir dans notre avenir. Aujourd&rsquo;hui, nous lan\u00e7ons un plan de restructuration des co\u00fbts destin\u00e9 \u00e0 r\u00e9aliser au moins 100 millions de dollars d&rsquo;\u00e9conomies de taux d&rsquo;ex\u00e9cution d&rsquo;ici la fin de FY26 en r\u00e9duisant la taille de notre \u00e9quipe mondiale, en ramenant les d\u00e9penses indirectes et en d\u00e9m\u00e9nageant de notre travail.\u00a0\u00bb<\/p>\n<p>En d&rsquo;autres termes, les licenciements et les d\u00e9localisations arrivent, ce qui est probablement quelque chose que nous aurions pu devin\u00e9s, compte tenu de la r\u00e9cente fermeture de tant de salles d&rsquo;exposition de peloton.<\/p>\n<h2 id=\"buying-options-for-you\">Options d&rsquo;achat pour vous<\/h2>\n<p>La lettre mentionne sp\u00e9cifiquement des choses comme les tarifs (qui devraient avoir un impact sur les flux de tr\u00e9sorerie pour Peloton d&rsquo;environ 65 millions de dollars l&rsquo;ann\u00e9e prochaine) et une l\u00e9g\u00e8re baisse du nombre de membres payants comme ayant un impact sur les r\u00e9sultats ici. Pourtant, il indique \u00e9galement que Peloton pr\u00e9voit d&rsquo;\u00e9tendre ses offres \u00ab\u00a0Microstore\u00a0\u00bb (qui sont probablement plus faciles \u00e0 entretenir qu&rsquo;une salle d&rsquo;exposition massive), de renforcer le nombre de d\u00e9taillants tiers vendant du mat\u00e9riel et d\u00e9ploient \u00ab\u00a0des exp\u00e9riences de cardio encore plus diff\u00e9renci\u00e9es\u00a0\u00bb et des \u00ab\u00a0exp\u00e9riences de fitness et de bien-\u00eatre\u00a0\u00bb. Pour moi, en tant que personne qui utilise d\u00e9j\u00e0 constamment la vari\u00e9t\u00e9 \u00e9tonnamment grande de cours de cardio et de bien-\u00eatre, c&rsquo;est une excellente nouvelle &#8211; et un signe que c&rsquo;est le bon moment pour investir dans plus d&rsquo;offres de peloton, surtout \u00e9tant donn\u00e9 que nous ne savons pas ce que tout cela co\u00fbtera \u00e0 l&rsquo;avenir. <\/p>\n<p>Si j&rsquo;\u00e9tais sur le march\u00e9 pour de nouveaux \u00e9quipements, j&rsquo;ach\u00e8terais maintenant, juste pour \u00eatre s\u00fbr et \u00e9viter les augmentations de prix possibles sur les appareils et leur installation. La promesse d&rsquo;offres de classe renforc\u00e9es rend \u00e9galement l&rsquo;obtention d&rsquo;un nouvel \u00e9quipement attrayant, m\u00eame sans la menace de la hausse des co\u00fbts. <\/p>\n<p>N&rsquo;oubliez pas non plus que vous avez des options dans le cas o\u00f9 vous ne pouvez pas payer une facture de 2 000 $ + maintenant: Peloton a sa propre plate-forme de revente nouvellement lanc\u00e9e, Repowered, qui vous permet actuellement d&rsquo;acheter des appareils d&rsquo;occasion \u00e0 des rabais \u00e9lev\u00e9s. Il existe \u00e9galement d&rsquo;autres plateformes de revente dignes de confiance qui peuvent vous aider \u00e0 rester \u00e0 l&rsquo;\u00e9cart des zones de danger qui sont Facebook Marketplace et Craigslist.<\/p>\n","protected":false},"excerpt":{"rendered":"<p>Si vous \u00eates sur le march\u00e9 de l&rsquo;\u00e9quipement Peloton, peut-\u00eatre le bon moment pour acheter. Je suis un utilisateur d\u00e9vou\u00e9 de tout ce qui concerne<\/p>\n","protected":false},"author":1,"featured_media":9470,"comment_status":"","ping_status":"","sticky":false,"template":"","format":"standard","meta":{"footnotes":""},"categories":[38],"tags":[289,6797,8204,14,2628,336,1399,8205,593],"class_list":["post-9469","post","type-post","status-publish","format-standard","has-post-thumbnail","hentry","category-sante","tag-aux","tag-changements","tag-investisseurs","tag-les","tag-lettre","tag-peloton","tag-prix","tag-signale","tag-venir","generate-columns","tablet-grid-50","mobile-grid-100","grid-parent","grid-33"],"yoast_head":"<!-- This site is optimized with the Yoast SEO plugin v24.0 - https:\/\/yoast.com\/wordpress\/plugins\/seo\/ -->\n<title>Ce que la lettre de Peloton aux investisseurs signale les changements de prix \u00e0 venir | Vie Associative<\/title>\n<meta name=\"robots\" content=\"index, follow, max-snippet:-1, max-image-preview:large, max-video-preview:-1\" \/>\n<link rel=\"canonical\" href=\"https:\/\/vieassociative.be\/actualites\/ce-que-la-lettre-de-peloton-aux-investisseurs-signale-les-changements-de-prix-a-venir\/\" \/>\n<meta property=\"og:locale\" content=\"fr_FR\" \/>\n<meta property=\"og:type\" content=\"article\" \/>\n<meta property=\"og:title\" content=\"Ce que la lettre de Peloton aux investisseurs signale les changements de prix \u00e0 venir | Vie Associative\" \/>\n<meta property=\"og:description\" content=\"Si vous \u00eates sur le march\u00e9 de l&rsquo;\u00e9quipement Peloton, peut-\u00eatre le bon moment pour acheter. Je suis un utilisateur d\u00e9vou\u00e9 de tout ce qui concerne\" \/>\n<meta property=\"og:url\" content=\"https:\/\/vieassociative.be\/actualites\/ce-que-la-lettre-de-peloton-aux-investisseurs-signale-les-changements-de-prix-a-venir\/\" \/>\n<meta property=\"og:site_name\" content=\"Vie Associative\" \/>\n<meta property=\"article:published_time\" content=\"2025-08-18T13:19:44+00:00\" \/>\n<meta property=\"og:image\" content=\"https:\/\/vieassociative.be\/actualites\/wp-content\/uploads\/2024\/09\/header_backgroundk-01-e1726694325946.png\" \/>\n\t<meta property=\"og:image:width\" content=\"279\" \/>\n\t<meta property=\"og:image:height\" content=\"92\" \/>\n\t<meta property=\"og:image:type\" content=\"image\/png\" \/>\n<meta name=\"author\" content=\"Julien\" \/>\n<meta name=\"twitter:card\" content=\"summary_large_image\" \/>\n<meta name=\"twitter:label1\" content=\"\u00c9crit par\" \/>\n\t<meta name=\"twitter:data1\" content=\"Julien\" \/>\n\t<meta name=\"twitter:label2\" content=\"Dur\u00e9e de lecture est.\" \/>\n\t<meta name=\"twitter:data2\" content=\"5 minutes\" \/>\n<script type=\"application\/ld+json\" class=\"yoast-schema-graph\">{\"@context\":\"https:\/\/schema.org\",\"@graph\":[{\"@type\":\"Article\",\"@id\":\"https:\/\/vieassociative.be\/actualites\/ce-que-la-lettre-de-peloton-aux-investisseurs-signale-les-changements-de-prix-a-venir\/#article\",\"isPartOf\":{\"@id\":\"https:\/\/vieassociative.be\/actualites\/ce-que-la-lettre-de-peloton-aux-investisseurs-signale-les-changements-de-prix-a-venir\/\"},\"author\":{\"name\":\"Julien\",\"@id\":\"https:\/\/vieassociative.be\/actualites\/#\/schema\/person\/b87ac4f82f9d4e7b7cec7395b679edc4\"},\"headline\":\"Ce que la lettre de Peloton aux investisseurs signale les changements de prix \u00e0 venir\",\"datePublished\":\"2025-08-18T13:19:44+00:00\",\"dateModified\":\"2025-08-18T13:19:44+00:00\",\"mainEntityOfPage\":{\"@id\":\"https:\/\/vieassociative.be\/actualites\/ce-que-la-lettre-de-peloton-aux-investisseurs-signale-les-changements-de-prix-a-venir\/\"},\"wordCount\":1013,\"publisher\":{\"@id\":\"https:\/\/vieassociative.be\/actualites\/#organization\"},\"image\":{\"@id\":\"https:\/\/vieassociative.be\/actualites\/ce-que-la-lettre-de-peloton-aux-investisseurs-signale-les-changements-de-prix-a-venir\/#primaryimage\"},\"thumbnailUrl\":\"https:\/\/vieassociative.be\/actualites\/wp-content\/uploads\/2025\/08\/Ce-que-la-lettre-de-Peloton-aux-investisseurs-signale-les.png\",\"keywords\":[\"aux\",\"changements\",\"investisseurs\",\"Les\",\"lettre\",\"Peloton\",\"prix\",\"signale\",\"venir\"],\"articleSection\":[\"Sant\u00e9\"],\"inLanguage\":\"fr-BE\"},{\"@type\":\"WebPage\",\"@id\":\"https:\/\/vieassociative.be\/actualites\/ce-que-la-lettre-de-peloton-aux-investisseurs-signale-les-changements-de-prix-a-venir\/\",\"url\":\"https:\/\/vieassociative.be\/actualites\/ce-que-la-lettre-de-peloton-aux-investisseurs-signale-les-changements-de-prix-a-venir\/\",\"name\":\"Ce que la lettre de Peloton aux investisseurs signale les changements de prix \u00e0 venir | Vie Associative\",\"isPartOf\":{\"@id\":\"https:\/\/vieassociative.be\/actualites\/#website\"},\"primaryImageOfPage\":{\"@id\":\"https:\/\/vieassociative.be\/actualites\/ce-que-la-lettre-de-peloton-aux-investisseurs-signale-les-changements-de-prix-a-venir\/#primaryimage\"},\"image\":{\"@id\":\"https:\/\/vieassociative.be\/actualites\/ce-que-la-lettre-de-peloton-aux-investisseurs-signale-les-changements-de-prix-a-venir\/#primaryimage\"},\"thumbnailUrl\":\"https:\/\/vieassociative.be\/actualites\/wp-content\/uploads\/2025\/08\/Ce-que-la-lettre-de-Peloton-aux-investisseurs-signale-les.png\",\"datePublished\":\"2025-08-18T13:19:44+00:00\",\"dateModified\":\"2025-08-18T13:19:44+00:00\",\"breadcrumb\":{\"@id\":\"https:\/\/vieassociative.be\/actualites\/ce-que-la-lettre-de-peloton-aux-investisseurs-signale-les-changements-de-prix-a-venir\/#breadcrumb\"},\"inLanguage\":\"fr-BE\",\"potentialAction\":[{\"@type\":\"ReadAction\",\"target\":[\"https:\/\/vieassociative.be\/actualites\/ce-que-la-lettre-de-peloton-aux-investisseurs-signale-les-changements-de-prix-a-venir\/\"]}]},{\"@type\":\"ImageObject\",\"inLanguage\":\"fr-BE\",\"@id\":\"https:\/\/vieassociative.be\/actualites\/ce-que-la-lettre-de-peloton-aux-investisseurs-signale-les-changements-de-prix-a-venir\/#primaryimage\",\"url\":\"https:\/\/vieassociative.be\/actualites\/wp-content\/uploads\/2025\/08\/Ce-que-la-lettre-de-Peloton-aux-investisseurs-signale-les.png\",\"contentUrl\":\"https:\/\/vieassociative.be\/actualites\/wp-content\/uploads\/2025\/08\/Ce-que-la-lettre-de-Peloton-aux-investisseurs-signale-les.png\",\"width\":1200,\"height\":675,\"caption\":\"Ce que la lettre de Peloton aux investisseurs signale les changements de prix \u00e0 venir\"},{\"@type\":\"BreadcrumbList\",\"@id\":\"https:\/\/vieassociative.be\/actualites\/ce-que-la-lettre-de-peloton-aux-investisseurs-signale-les-changements-de-prix-a-venir\/#breadcrumb\",\"itemListElement\":[{\"@type\":\"ListItem\",\"position\":1,\"name\":\"Accueil\",\"item\":\"https:\/\/vieassociative.be\/actualites\/\"},{\"@type\":\"ListItem\",\"position\":2,\"name\":\"Ce que la lettre de Peloton aux investisseurs signale les changements de prix \u00e0 venir\"}]},{\"@type\":\"WebSite\",\"@id\":\"https:\/\/vieassociative.be\/actualites\/#website\",\"url\":\"https:\/\/vieassociative.be\/actualites\/\",\"name\":\"Vie Associative\",\"description\":\"\",\"publisher\":{\"@id\":\"https:\/\/vieassociative.be\/actualites\/#organization\"},\"potentialAction\":[{\"@type\":\"SearchAction\",\"target\":{\"@type\":\"EntryPoint\",\"urlTemplate\":\"https:\/\/vieassociative.be\/actualites\/?s={search_term_string}\"},\"query-input\":{\"@type\":\"PropertyValueSpecification\",\"valueRequired\":true,\"valueName\":\"search_term_string\"}}],\"inLanguage\":\"fr-BE\"},{\"@type\":\"Organization\",\"@id\":\"https:\/\/vieassociative.be\/actualites\/#organization\",\"name\":\"Vie Associative\",\"url\":\"https:\/\/vieassociative.be\/actualites\/\",\"logo\":{\"@type\":\"ImageObject\",\"inLanguage\":\"fr-BE\",\"@id\":\"https:\/\/vieassociative.be\/actualites\/#\/schema\/logo\/image\/\",\"url\":\"https:\/\/vieassociative.be\/actualites\/wp-content\/uploads\/2024\/09\/cropped-vieassociative_favicon.ico.png\",\"contentUrl\":\"https:\/\/vieassociative.be\/actualites\/wp-content\/uploads\/2024\/09\/cropped-vieassociative_favicon.ico.png\",\"width\":512,\"height\":512,\"caption\":\"Vie Associative\"},\"image\":{\"@id\":\"https:\/\/vieassociative.be\/actualites\/#\/schema\/logo\/image\/\"}},{\"@type\":\"Person\",\"@id\":\"https:\/\/vieassociative.be\/actualites\/#\/schema\/person\/b87ac4f82f9d4e7b7cec7395b679edc4\",\"name\":\"Julien\",\"image\":{\"@type\":\"ImageObject\",\"inLanguage\":\"fr-BE\",\"@id\":\"https:\/\/vieassociative.be\/actualites\/#\/schema\/person\/image\/\",\"url\":\"https:\/\/vieassociative.be\/actualites\/wp-content\/uploads\/2024\/09\/vie-associative-1-150x150.jpg\",\"contentUrl\":\"https:\/\/vieassociative.be\/actualites\/wp-content\/uploads\/2024\/09\/vie-associative-1-150x150.jpg\",\"caption\":\"Julien\"},\"description\":\"Je suis Julien, r\u00e9dacteur pour Vie Associative. Passionn\u00e9 par le monde associatif depuis plus de 10 ans, j'ai \u00e0 c\u0153ur de partager des histoires inspirantes et de mettre en lumi\u00e8re les initiatives locales. Mon objectif est de sensibiliser et d'encourager l'engagement communautaire \u00e0 travers mes articles.\",\"sameAs\":[\"https:\/\/vieassociative.be\/\"]}]}<\/script>\n<!-- \/ Yoast SEO plugin. -->","yoast_head_json":{"title":"Ce que la lettre de Peloton aux investisseurs signale les changements de prix \u00e0 venir | Vie Associative","robots":{"index":"index","follow":"follow","max-snippet":"max-snippet:-1","max-image-preview":"max-image-preview:large","max-video-preview":"max-video-preview:-1"},"canonical":"https:\/\/vieassociative.be\/actualites\/ce-que-la-lettre-de-peloton-aux-investisseurs-signale-les-changements-de-prix-a-venir\/","og_locale":"fr_FR","og_type":"article","og_title":"Ce que la lettre de Peloton aux investisseurs signale les changements de prix \u00e0 venir | Vie Associative","og_description":"Si vous \u00eates sur le march\u00e9 de l&rsquo;\u00e9quipement Peloton, peut-\u00eatre le bon moment pour acheter. Je suis un utilisateur d\u00e9vou\u00e9 de tout ce qui concerne","og_url":"https:\/\/vieassociative.be\/actualites\/ce-que-la-lettre-de-peloton-aux-investisseurs-signale-les-changements-de-prix-a-venir\/","og_site_name":"Vie Associative","article_published_time":"2025-08-18T13:19:44+00:00","og_image":[{"width":279,"height":92,"url":"https:\/\/vieassociative.be\/actualites\/wp-content\/uploads\/2024\/09\/header_backgroundk-01-e1726694325946.png","type":"image\/png"}],"author":"Julien","twitter_card":"summary_large_image","twitter_misc":{"\u00c9crit par":"Julien","Dur\u00e9e de lecture est.":"5 minutes"},"schema":{"@context":"https:\/\/schema.org","@graph":[{"@type":"Article","@id":"https:\/\/vieassociative.be\/actualites\/ce-que-la-lettre-de-peloton-aux-investisseurs-signale-les-changements-de-prix-a-venir\/#article","isPartOf":{"@id":"https:\/\/vieassociative.be\/actualites\/ce-que-la-lettre-de-peloton-aux-investisseurs-signale-les-changements-de-prix-a-venir\/"},"author":{"name":"Julien","@id":"https:\/\/vieassociative.be\/actualites\/#\/schema\/person\/b87ac4f82f9d4e7b7cec7395b679edc4"},"headline":"Ce que la lettre de Peloton aux investisseurs signale les changements de prix \u00e0 venir","datePublished":"2025-08-18T13:19:44+00:00","dateModified":"2025-08-18T13:19:44+00:00","mainEntityOfPage":{"@id":"https:\/\/vieassociative.be\/actualites\/ce-que-la-lettre-de-peloton-aux-investisseurs-signale-les-changements-de-prix-a-venir\/"},"wordCount":1013,"publisher":{"@id":"https:\/\/vieassociative.be\/actualites\/#organization"},"image":{"@id":"https:\/\/vieassociative.be\/actualites\/ce-que-la-lettre-de-peloton-aux-investisseurs-signale-les-changements-de-prix-a-venir\/#primaryimage"},"thumbnailUrl":"https:\/\/vieassociative.be\/actualites\/wp-content\/uploads\/2025\/08\/Ce-que-la-lettre-de-Peloton-aux-investisseurs-signale-les.png","keywords":["aux","changements","investisseurs","Les","lettre","Peloton","prix","signale","venir"],"articleSection":["Sant\u00e9"],"inLanguage":"fr-BE"},{"@type":"WebPage","@id":"https:\/\/vieassociative.be\/actualites\/ce-que-la-lettre-de-peloton-aux-investisseurs-signale-les-changements-de-prix-a-venir\/","url":"https:\/\/vieassociative.be\/actualites\/ce-que-la-lettre-de-peloton-aux-investisseurs-signale-les-changements-de-prix-a-venir\/","name":"Ce que la lettre de Peloton aux investisseurs signale les changements de prix \u00e0 venir | Vie Associative","isPartOf":{"@id":"https:\/\/vieassociative.be\/actualites\/#website"},"primaryImageOfPage":{"@id":"https:\/\/vieassociative.be\/actualites\/ce-que-la-lettre-de-peloton-aux-investisseurs-signale-les-changements-de-prix-a-venir\/#primaryimage"},"image":{"@id":"https:\/\/vieassociative.be\/actualites\/ce-que-la-lettre-de-peloton-aux-investisseurs-signale-les-changements-de-prix-a-venir\/#primaryimage"},"thumbnailUrl":"https:\/\/vieassociative.be\/actualites\/wp-content\/uploads\/2025\/08\/Ce-que-la-lettre-de-Peloton-aux-investisseurs-signale-les.png","datePublished":"2025-08-18T13:19:44+00:00","dateModified":"2025-08-18T13:19:44+00:00","breadcrumb":{"@id":"https:\/\/vieassociative.be\/actualites\/ce-que-la-lettre-de-peloton-aux-investisseurs-signale-les-changements-de-prix-a-venir\/#breadcrumb"},"inLanguage":"fr-BE","potentialAction":[{"@type":"ReadAction","target":["https:\/\/vieassociative.be\/actualites\/ce-que-la-lettre-de-peloton-aux-investisseurs-signale-les-changements-de-prix-a-venir\/"]}]},{"@type":"ImageObject","inLanguage":"fr-BE","@id":"https:\/\/vieassociative.be\/actualites\/ce-que-la-lettre-de-peloton-aux-investisseurs-signale-les-changements-de-prix-a-venir\/#primaryimage","url":"https:\/\/vieassociative.be\/actualites\/wp-content\/uploads\/2025\/08\/Ce-que-la-lettre-de-Peloton-aux-investisseurs-signale-les.png","contentUrl":"https:\/\/vieassociative.be\/actualites\/wp-content\/uploads\/2025\/08\/Ce-que-la-lettre-de-Peloton-aux-investisseurs-signale-les.png","width":1200,"height":675,"caption":"Ce que la lettre de Peloton aux investisseurs signale les changements de prix \u00e0 venir"},{"@type":"BreadcrumbList","@id":"https:\/\/vieassociative.be\/actualites\/ce-que-la-lettre-de-peloton-aux-investisseurs-signale-les-changements-de-prix-a-venir\/#breadcrumb","itemListElement":[{"@type":"ListItem","position":1,"name":"Accueil","item":"https:\/\/vieassociative.be\/actualites\/"},{"@type":"ListItem","position":2,"name":"Ce que la lettre de Peloton aux investisseurs signale les changements de prix \u00e0 venir"}]},{"@type":"WebSite","@id":"https:\/\/vieassociative.be\/actualites\/#website","url":"https:\/\/vieassociative.be\/actualites\/","name":"Vie Associative","description":"","publisher":{"@id":"https:\/\/vieassociative.be\/actualites\/#organization"},"potentialAction":[{"@type":"SearchAction","target":{"@type":"EntryPoint","urlTemplate":"https:\/\/vieassociative.be\/actualites\/?s={search_term_string}"},"query-input":{"@type":"PropertyValueSpecification","valueRequired":true,"valueName":"search_term_string"}}],"inLanguage":"fr-BE"},{"@type":"Organization","@id":"https:\/\/vieassociative.be\/actualites\/#organization","name":"Vie Associative","url":"https:\/\/vieassociative.be\/actualites\/","logo":{"@type":"ImageObject","inLanguage":"fr-BE","@id":"https:\/\/vieassociative.be\/actualites\/#\/schema\/logo\/image\/","url":"https:\/\/vieassociative.be\/actualites\/wp-content\/uploads\/2024\/09\/cropped-vieassociative_favicon.ico.png","contentUrl":"https:\/\/vieassociative.be\/actualites\/wp-content\/uploads\/2024\/09\/cropped-vieassociative_favicon.ico.png","width":512,"height":512,"caption":"Vie Associative"},"image":{"@id":"https:\/\/vieassociative.be\/actualites\/#\/schema\/logo\/image\/"}},{"@type":"Person","@id":"https:\/\/vieassociative.be\/actualites\/#\/schema\/person\/b87ac4f82f9d4e7b7cec7395b679edc4","name":"Julien","image":{"@type":"ImageObject","inLanguage":"fr-BE","@id":"https:\/\/vieassociative.be\/actualites\/#\/schema\/person\/image\/","url":"https:\/\/vieassociative.be\/actualites\/wp-content\/uploads\/2024\/09\/vie-associative-1-150x150.jpg","contentUrl":"https:\/\/vieassociative.be\/actualites\/wp-content\/uploads\/2024\/09\/vie-associative-1-150x150.jpg","caption":"Julien"},"description":"Je suis Julien, r\u00e9dacteur pour Vie Associative. Passionn\u00e9 par le monde associatif depuis plus de 10 ans, j'ai \u00e0 c\u0153ur de partager des histoires inspirantes et de mettre en lumi\u00e8re les initiatives locales. Mon objectif est de sensibiliser et d'encourager l'engagement communautaire \u00e0 travers mes articles.","sameAs":["https:\/\/vieassociative.be\/"]}]}},"_links":{"self":[{"href":"https:\/\/vieassociative.be\/actualites\/wp-json\/wp\/v2\/posts\/9469"}],"collection":[{"href":"https:\/\/vieassociative.be\/actualites\/wp-json\/wp\/v2\/posts"}],"about":[{"href":"https:\/\/vieassociative.be\/actualites\/wp-json\/wp\/v2\/types\/post"}],"author":[{"embeddable":true,"href":"https:\/\/vieassociative.be\/actualites\/wp-json\/wp\/v2\/users\/1"}],"replies":[{"embeddable":true,"href":"https:\/\/vieassociative.be\/actualites\/wp-json\/wp\/v2\/comments?post=9469"}],"version-history":[{"count":0,"href":"https:\/\/vieassociative.be\/actualites\/wp-json\/wp\/v2\/posts\/9469\/revisions"}],"wp:featuredmedia":[{"embeddable":true,"href":"https:\/\/vieassociative.be\/actualites\/wp-json\/wp\/v2\/media\/9470"}],"wp:attachment":[{"href":"https:\/\/vieassociative.be\/actualites\/wp-json\/wp\/v2\/media?parent=9469"}],"wp:term":[{"taxonomy":"category","embeddable":true,"href":"https:\/\/vieassociative.be\/actualites\/wp-json\/wp\/v2\/categories?post=9469"},{"taxonomy":"post_tag","embeddable":true,"href":"https:\/\/vieassociative.be\/actualites\/wp-json\/wp\/v2\/tags?post=9469"}],"curies":[{"name":"wp","href":"https:\/\/api.w.org\/{rel}","templated":true}]}}