{"id":9461,"date":"2025-08-17T22:17:58","date_gmt":"2025-08-17T20:17:58","guid":{"rendered":"https:\/\/vieassociative.be\/actualites\/la-presidente-de-bundestag-julia-klockner-et-la-star-de-la-television-jorg-pilawa-sont-le-nouveau-couple-de-reve\/"},"modified":"2025-08-17T22:17:58","modified_gmt":"2025-08-17T20:17:58","slug":"la-presidente-de-bundestag-julia-klockner-et-la-star-de-la-television-jorg-pilawa-sont-le-nouveau-couple-de-reve","status":"publish","type":"post","link":"https:\/\/vieassociative.be\/actualites\/la-presidente-de-bundestag-julia-klockner-et-la-star-de-la-television-jorg-pilawa-sont-le-nouveau-couple-de-reve\/","title":{"rendered":"La pr\u00e9sidente de Bundestag Julia Kl\u00f6ckner et la star de la t\u00e9l\u00e9vision J\u00f6rg Pilawa sont le nouveau couple de r\u00eave"},"content":{"rendered":"<p><strong>Elle est pr\u00e9sidente du Bundestag allemand, l&rsquo;un des mod\u00e9rateurs de t\u00e9l\u00e9vision les plus c\u00e9l\u00e8bres d&rsquo;Allemagne. Annonce maintenant: Julia Kl\u00f6ckner et J\u00f6rg Pilawa vont ensemble en priv\u00e9.<\/strong><\/p>\n<p><span id=\"more-422594\"><\/span>Julia Kl\u00f6ckner (52) et J\u00f6rg Pilawa (59) sont un couple. Cela a \u00e9t\u00e9 confirm\u00e9 par l&rsquo;agence de presse allemande \u00e0 Berlin des amis du pr\u00e9sident de Bundestag et du pr\u00e9sentateur de t\u00e9l\u00e9vision. Tous deux s&rsquo;\u00e9taient rencontr\u00e9s lors d&rsquo;un festival dans la ville natale de Guldental au politicien de la CDU au sujet d&rsquo;amis qui les auraient pr\u00e9sent\u00e9s.<\/p>\n<p>Pilawa est un p\u00e8re \u00e0 quatre reprises et vit s\u00e9par\u00e9ment de sa femme pendant trois ans et demi, Kl\u00f6ckner a divorc\u00e9 par son ex-mari. Selon des amis, le hamburger et le Palatinat en Rh\u00e9nanie voyagent r\u00e9guli\u00e8rement ensemble dans la circonscription rurale de Kl\u00f6ckner de Bad Kreuznach, et les familles se connaissent \u00e9galement.<\/p>\n<div id=\"attachment_422604\" class=\"wp-caption alignleft\" style=\"max-width: 300px\"><img fetchpriority=\"high\" decoding=\"async\" class=\"wp-image-422604 size-medium\" src=\"https:\/\/vieassociative.be\/actualites\/wp-content\/uploads\/2025\/08\/La-presidente-de-Bundestag-Julia-Klockner-et-la-star-de.jpg\" alt=\"\" width=\"300\" height=\"200\"><\/div>\n<p>Lorsqu&rsquo;on lui a demand\u00e9 par DPA, le couple fait r\u00e9f\u00e9rence \u00e0 la protection de leur vie priv\u00e9e. Kl\u00f6ckner et Pilawa ont annonc\u00e9 qu&rsquo;ils rejetaient fondamentalement des d\u00e9clarations et des entretiens avec leur relation.<\/p>\n<p><strong>&#8211; Kl\u00f6ckner est la quatri\u00e8me femme \u00e0 la t\u00eate du Bundestag:<\/strong> Kl\u00f6ckner a \u00e9t\u00e9 \u00e9lu pr\u00e9sident de Bundestag en mars. Elle est la quatri\u00e8me femme \u00e0 la t\u00eate du Parlement. De 2018 \u00e0 2021, elle \u00e9tait sous la chanceli\u00e8re Angela Merkel (CDU) ministre f\u00e9d\u00e9ral de l&rsquo;Agriculture, de 2021 \u00e0 2025 pour le groupe parlementaire CDU \/ CSU dans le Bundestag. En 2022, elle est devenue la tr\u00e9sori\u00e8re f\u00e9d\u00e9rale de la CDU, auparavant, elle \u00e9tait pr\u00e9sidente f\u00e9d\u00e9rale adjointe de son parti pendant dix ans. Lors des \u00e9lections d&rsquo;\u00c9tat en 2011 et 2016 \u00e0 Rh\u00e9nanie-Palatinate, elle a essay\u00e9 en vain en tant que pr\u00e9sidente de l&rsquo;\u00c9tat de la CDU \u00e0 devenir Premier ministre.<\/p>\n<p><strong>-Pilawa pour les canaux publics et priv\u00e9s \u00e0 la maison:<\/strong> Pilawa est l&rsquo;un des visages les plus c\u00e9l\u00e8bres de la t\u00e9l\u00e9vision de divertissement allemand. Le diffuseur SAT.1 vient de terminer une nouvelle saison de l&rsquo;\u00e9mission \u00ab\u00a0Le 1% Quiz-How Clever est l&rsquo;Allemagne?\u00a0\u00bb \u00e0. Il avait l&rsquo;habitude de mod\u00e9rer le \u00ab\u00a0NDR Talk Show\u00a0\u00bb et les programmes \u00ab\u00a0Ask the Mouse\u00a0\u00bb, \u00ab\u00a0Save the Million\u00a0\u00bb, \u00ab\u00a0Herzblatt\u00a0\u00bb et \u00ab\u00a0The Quiz\u00a0\u00bb. Pilawa a \u00e9galement jou\u00e9 dans la s\u00e9rie Ard Evening \u00ab\u00a0Gro\u00dfstadtrevier\u00a0\u00bb et dans la \u00ab\u00a0sc\u00e8ne du crime\u00a0\u00bb. Il a re\u00e7u la \u00ab\u00a0cam\u00e9ra d&rsquo;or\u00a0\u00bb pour son travail.<\/p>\n<div id=\"attachment_422605\" class=\"wp-caption alignleft\" style=\"max-width: 300px\"><img decoding=\"async\" class=\"wp-image-422605 size-medium\" src=\"https:\/\/vieassociative.be\/actualites\/wp-content\/uploads\/2025\/08\/1755461878_435_La-presidente-de-Bundestag-Julia-Klockner-et-la-star-de.jpg\" alt=\"\" width=\"300\" height=\"200\"><\/div>\n<p><strong>&#8211; Harald Schmidt raves sur Kl\u00f6ckner et Pilawa:<\/strong> Harald Schmidt (67) est heureux de la relation entre Julia Kl\u00f6ckner et J\u00f6rg Pilawa. \u00ab\u00a0Cet amour est bon pour la R\u00e9publique\u00a0\u00bb, a d\u00e9clar\u00e9 le m\u00e9tier et ancien orateur de fin de soir\u00e9e \u00e0 l&rsquo;agence de presse allemande de Cologne. Il pouvait bien imaginer que les deux avaient rencontr\u00e9 le politicien de la CDU lors d&rsquo;un festival dans la ville natale de Guldental.<\/p>\n<p>Il y a quelques semaines, il a marqu\u00e9 le pr\u00e9sident de Bundestag lors de la premi\u00e8re du festival de Nibelung \u00e0 Worms. D\u00e9j\u00e0 l\u00e0, il a entendu des vibrations. \u00ab\u00a0Bref Bonjour. Et je sentais d\u00e9j\u00e0 qu&rsquo;elle flottait, d&rsquo;une certaine mani\u00e8re\u00a0\u00bb, a d\u00e9clar\u00e9 Schmidt. \u00ab\u00a0Vous pouvez sentir que lorsque les femmes aiment. Bien que les hommes ne doivent pas \u00eatre exclus.\u00a0\u00bb<\/p>\n<p>Ce n&rsquo;est que r\u00e9cemment, en juillet 2025, Kl\u00f6ckner a particip\u00e9 \u00e0 la conf\u00e9rence du pr\u00e9sident parlementaire des pays allemands organis\u00e9s par la Suisse, qui se sont concentr\u00e9s sur le sujet \u00ab\u00a0Democracy in Change: Parlement entre le gouvernement et la participation des citoyens\u00a0\u00bb. Patricia Creutz-Vilvoye (CSP), pr\u00e9sidente du Parlement DG, avait repr\u00e9sent\u00e9 la Belgique lors de cette r\u00e9union informelle (voir l&rsquo;article ci-joint). (DPA \/ CRE)<\/p>\n<p><em><strong>Sur le sujet, voir \u00e9galement l&rsquo;article suivant sur OD:<\/strong><\/em><\/p>\n<div class=\"responsive-embed widescreen\">\n<blockquote class=\"wp-embedded-content\" data-secret=\"k7eyKLOSYC\">\n<p>R\u00e9union informelle du pr\u00e9sident parlementaire des pays allemands \u00e0 Aarau en Suisse<\/p>\n<\/blockquote>\n<p><iframe loading=\"lazy\" class=\"wp-embedded-content\" sandbox=\"allow-scripts\" security=\"restricted\" style=\"position: absolute; visibility: hidden;\" title=\"\u201eInformelles Treffen der Parlamentspr\u00e4sidenten der deutschsprachigen L\u00e4nder in Aarau in der Schweiz\u201c \u2014 Ostbelgien Direkt\" src=\"https:\/\/ostbelgiendirekt.be\/about:blank\" data-secret=\"k7eyKLOSYC\" width=\"500\" height=\"282\" frameborder=\"0\" marginwidth=\"0\" marginheight=\"0\" scrolling=\"no\" data-rocket-lazyload=\"fitvidscompatible\" data-lazy-src=\"https:\/\/ostbelgiendirekt.be\/parlamentspraesidenten-in-aarau-420833\/embed#?secret=kNAO1KQtTK#?secret=k7eyKLOSYC\"><\/iframe><noscript><iframe class=\"wp-embedded-content\" sandbox=\"allow-scripts\" security=\"restricted\" style=\"position: absolute; visibility: hidden;\" title=\"\u201eInformelles Treffen der Parlamentspr\u00e4sidenten der deutschsprachigen L\u00e4nder in Aarau in der Schweiz\u201c \u2014 Ostbelgien Direkt\" src=\"https:\/\/ostbelgiendirekt.be\/parlamentspraesidenten-in-aarau-420833\/embed#?secret=kNAO1KQtTK#?secret=k7eyKLOSYC\" data-secret=\"k7eyKLOSYC\" width=\"500\" height=\"282\" frameborder=\"0\" marginwidth=\"0\" marginheight=\"0\" scrolling=\"no\"><\/iframe><\/noscript><\/p>\n<\/div>\n","protected":false},"excerpt":{"rendered":"<p>Elle est pr\u00e9sidente du Bundestag allemand, l&rsquo;un des mod\u00e9rateurs de t\u00e9l\u00e9vision les plus c\u00e9l\u00e8bres d&rsquo;Allemagne. Annonce maintenant: Julia Kl\u00f6ckner et J\u00f6rg Pilawa vont ensemble en<\/p>\n","protected":false},"author":1,"featured_media":9462,"comment_status":"","ping_status":"","sticky":false,"template":"","format":"standard","meta":{"footnotes":""},"categories":[298],"tags":[4063,1950,8202,8200,8201,553,8203,5047,3206,18,7018,1316],"class_list":["post-9461","post","type-post","status-publish","format-standard","has-post-thumbnail","hentry","category-belgique","tag-bundestag","tag-couple","tag-jorg","tag-julia","tag-klockner","tag-nouveau","tag-pilawa","tag-presidente","tag-reve","tag-sont","tag-star","tag-television","generate-columns","tablet-grid-50","mobile-grid-100","grid-parent","grid-33"],"yoast_head":"<!-- This site is optimized with the Yoast SEO plugin v24.0 - https:\/\/yoast.com\/wordpress\/plugins\/seo\/ -->\n<title>La pr\u00e9sidente de Bundestag Julia Kl\u00f6ckner et la star de la t\u00e9l\u00e9vision J\u00f6rg Pilawa sont le nouveau couple de r\u00eave | Vie Associative<\/title>\n<meta name=\"robots\" content=\"index, follow, max-snippet:-1, max-image-preview:large, max-video-preview:-1\" \/>\n<link rel=\"canonical\" href=\"https:\/\/vieassociative.be\/actualites\/la-presidente-de-bundestag-julia-klockner-et-la-star-de-la-television-jorg-pilawa-sont-le-nouveau-couple-de-reve\/\" \/>\n<meta property=\"og:locale\" content=\"fr_FR\" \/>\n<meta property=\"og:type\" content=\"article\" \/>\n<meta property=\"og:title\" content=\"La pr\u00e9sidente de Bundestag Julia Kl\u00f6ckner et la star de la t\u00e9l\u00e9vision J\u00f6rg Pilawa sont le nouveau couple de r\u00eave | Vie Associative\" \/>\n<meta property=\"og:description\" content=\"Elle est pr\u00e9sidente du Bundestag allemand, l&rsquo;un des mod\u00e9rateurs de t\u00e9l\u00e9vision les plus c\u00e9l\u00e8bres d&rsquo;Allemagne. Annonce maintenant: Julia Kl\u00f6ckner et J\u00f6rg Pilawa vont ensemble en\" \/>\n<meta property=\"og:url\" content=\"https:\/\/vieassociative.be\/actualites\/la-presidente-de-bundestag-julia-klockner-et-la-star-de-la-television-jorg-pilawa-sont-le-nouveau-couple-de-reve\/\" \/>\n<meta property=\"og:site_name\" content=\"Vie Associative\" \/>\n<meta property=\"article:published_time\" content=\"2025-08-17T20:17:58+00:00\" \/>\n<meta property=\"og:image\" content=\"https:\/\/vieassociative.be\/actualites\/wp-content\/uploads\/2024\/09\/header_backgroundk-01-e1726694325946.png\" \/>\n\t<meta property=\"og:image:width\" content=\"279\" \/>\n\t<meta property=\"og:image:height\" content=\"92\" \/>\n\t<meta property=\"og:image:type\" content=\"image\/png\" \/>\n<meta name=\"author\" content=\"Julien\" \/>\n<meta name=\"twitter:card\" content=\"summary_large_image\" \/>\n<meta name=\"twitter:label1\" content=\"\u00c9crit par\" \/>\n\t<meta name=\"twitter:data1\" content=\"Julien\" \/>\n\t<meta name=\"twitter:label2\" content=\"Dur\u00e9e de lecture est.\" \/>\n\t<meta name=\"twitter:data2\" content=\"3 minutes\" \/>\n<script type=\"application\/ld+json\" class=\"yoast-schema-graph\">{\"@context\":\"https:\/\/schema.org\",\"@graph\":[{\"@type\":\"Article\",\"@id\":\"https:\/\/vieassociative.be\/actualites\/la-presidente-de-bundestag-julia-klockner-et-la-star-de-la-television-jorg-pilawa-sont-le-nouveau-couple-de-reve\/#article\",\"isPartOf\":{\"@id\":\"https:\/\/vieassociative.be\/actualites\/la-presidente-de-bundestag-julia-klockner-et-la-star-de-la-television-jorg-pilawa-sont-le-nouveau-couple-de-reve\/\"},\"author\":{\"name\":\"Julien\",\"@id\":\"https:\/\/vieassociative.be\/actualites\/#\/schema\/person\/b87ac4f82f9d4e7b7cec7395b679edc4\"},\"headline\":\"La pr\u00e9sidente de Bundestag Julia Kl\u00f6ckner et la star de la t\u00e9l\u00e9vision J\u00f6rg Pilawa sont le nouveau couple de r\u00eave\",\"datePublished\":\"2025-08-17T20:17:58+00:00\",\"dateModified\":\"2025-08-17T20:17:58+00:00\",\"mainEntityOfPage\":{\"@id\":\"https:\/\/vieassociative.be\/actualites\/la-presidente-de-bundestag-julia-klockner-et-la-star-de-la-television-jorg-pilawa-sont-le-nouveau-couple-de-reve\/\"},\"wordCount\":687,\"publisher\":{\"@id\":\"https:\/\/vieassociative.be\/actualites\/#organization\"},\"image\":{\"@id\":\"https:\/\/vieassociative.be\/actualites\/la-presidente-de-bundestag-julia-klockner-et-la-star-de-la-television-jorg-pilawa-sont-le-nouveau-couple-de-reve\/#primaryimage\"},\"thumbnailUrl\":\"https:\/\/vieassociative.be\/actualites\/wp-content\/uploads\/2025\/08\/1755461879_La-presidente-de-Bundestag-Julia-Klockner-et-la-star-de.jpg\",\"keywords\":[\"Bundestag\",\"couple\",\"J\u00f6rg\",\"Julia\",\"Kl\u00f6ckner\",\"nouveau\",\"Pilawa\",\"pr\u00e9sidente\",\"r\u00eave\",\"sont\",\"star\",\"t\u00e9l\u00e9vision\"],\"articleSection\":[\"Belgique\"],\"inLanguage\":\"fr-BE\"},{\"@type\":\"WebPage\",\"@id\":\"https:\/\/vieassociative.be\/actualites\/la-presidente-de-bundestag-julia-klockner-et-la-star-de-la-television-jorg-pilawa-sont-le-nouveau-couple-de-reve\/\",\"url\":\"https:\/\/vieassociative.be\/actualites\/la-presidente-de-bundestag-julia-klockner-et-la-star-de-la-television-jorg-pilawa-sont-le-nouveau-couple-de-reve\/\",\"name\":\"La pr\u00e9sidente de Bundestag Julia Kl\u00f6ckner et la star de la t\u00e9l\u00e9vision J\u00f6rg Pilawa sont le nouveau couple de r\u00eave | Vie Associative\",\"isPartOf\":{\"@id\":\"https:\/\/vieassociative.be\/actualites\/#website\"},\"primaryImageOfPage\":{\"@id\":\"https:\/\/vieassociative.be\/actualites\/la-presidente-de-bundestag-julia-klockner-et-la-star-de-la-television-jorg-pilawa-sont-le-nouveau-couple-de-reve\/#primaryimage\"},\"image\":{\"@id\":\"https:\/\/vieassociative.be\/actualites\/la-presidente-de-bundestag-julia-klockner-et-la-star-de-la-television-jorg-pilawa-sont-le-nouveau-couple-de-reve\/#primaryimage\"},\"thumbnailUrl\":\"https:\/\/vieassociative.be\/actualites\/wp-content\/uploads\/2025\/08\/1755461879_La-presidente-de-Bundestag-Julia-Klockner-et-la-star-de.jpg\",\"datePublished\":\"2025-08-17T20:17:58+00:00\",\"dateModified\":\"2025-08-17T20:17:58+00:00\",\"breadcrumb\":{\"@id\":\"https:\/\/vieassociative.be\/actualites\/la-presidente-de-bundestag-julia-klockner-et-la-star-de-la-television-jorg-pilawa-sont-le-nouveau-couple-de-reve\/#breadcrumb\"},\"inLanguage\":\"fr-BE\",\"potentialAction\":[{\"@type\":\"ReadAction\",\"target\":[\"https:\/\/vieassociative.be\/actualites\/la-presidente-de-bundestag-julia-klockner-et-la-star-de-la-television-jorg-pilawa-sont-le-nouveau-couple-de-reve\/\"]}]},{\"@type\":\"ImageObject\",\"inLanguage\":\"fr-BE\",\"@id\":\"https:\/\/vieassociative.be\/actualites\/la-presidente-de-bundestag-julia-klockner-et-la-star-de-la-television-jorg-pilawa-sont-le-nouveau-couple-de-reve\/#primaryimage\",\"url\":\"https:\/\/vieassociative.be\/actualites\/wp-content\/uploads\/2025\/08\/1755461879_La-presidente-de-Bundestag-Julia-Klockner-et-la-star-de.jpg\",\"contentUrl\":\"https:\/\/vieassociative.be\/actualites\/wp-content\/uploads\/2025\/08\/1755461879_La-presidente-de-Bundestag-Julia-Klockner-et-la-star-de.jpg\",\"width\":1200,\"height\":938,\"caption\":\"La pr\u00e9sidente de Bundestag Julia Kl\u00f6ckner et la star de la t\u00e9l\u00e9vision J\u00f6rg Pilawa sont le nouveau couple de r\u00eave\"},{\"@type\":\"BreadcrumbList\",\"@id\":\"https:\/\/vieassociative.be\/actualites\/la-presidente-de-bundestag-julia-klockner-et-la-star-de-la-television-jorg-pilawa-sont-le-nouveau-couple-de-reve\/#breadcrumb\",\"itemListElement\":[{\"@type\":\"ListItem\",\"position\":1,\"name\":\"Accueil\",\"item\":\"https:\/\/vieassociative.be\/actualites\/\"},{\"@type\":\"ListItem\",\"position\":2,\"name\":\"La pr\u00e9sidente de Bundestag Julia Kl\u00f6ckner et la star de la t\u00e9l\u00e9vision J\u00f6rg Pilawa sont le nouveau couple de r\u00eave\"}]},{\"@type\":\"WebSite\",\"@id\":\"https:\/\/vieassociative.be\/actualites\/#website\",\"url\":\"https:\/\/vieassociative.be\/actualites\/\",\"name\":\"Vie Associative\",\"description\":\"\",\"publisher\":{\"@id\":\"https:\/\/vieassociative.be\/actualites\/#organization\"},\"potentialAction\":[{\"@type\":\"SearchAction\",\"target\":{\"@type\":\"EntryPoint\",\"urlTemplate\":\"https:\/\/vieassociative.be\/actualites\/?s={search_term_string}\"},\"query-input\":{\"@type\":\"PropertyValueSpecification\",\"valueRequired\":true,\"valueName\":\"search_term_string\"}}],\"inLanguage\":\"fr-BE\"},{\"@type\":\"Organization\",\"@id\":\"https:\/\/vieassociative.be\/actualites\/#organization\",\"name\":\"Vie Associative\",\"url\":\"https:\/\/vieassociative.be\/actualites\/\",\"logo\":{\"@type\":\"ImageObject\",\"inLanguage\":\"fr-BE\",\"@id\":\"https:\/\/vieassociative.be\/actualites\/#\/schema\/logo\/image\/\",\"url\":\"https:\/\/vieassociative.be\/actualites\/wp-content\/uploads\/2024\/09\/cropped-vieassociative_favicon.ico.png\",\"contentUrl\":\"https:\/\/vieassociative.be\/actualites\/wp-content\/uploads\/2024\/09\/cropped-vieassociative_favicon.ico.png\",\"width\":512,\"height\":512,\"caption\":\"Vie Associative\"},\"image\":{\"@id\":\"https:\/\/vieassociative.be\/actualites\/#\/schema\/logo\/image\/\"}},{\"@type\":\"Person\",\"@id\":\"https:\/\/vieassociative.be\/actualites\/#\/schema\/person\/b87ac4f82f9d4e7b7cec7395b679edc4\",\"name\":\"Julien\",\"image\":{\"@type\":\"ImageObject\",\"inLanguage\":\"fr-BE\",\"@id\":\"https:\/\/vieassociative.be\/actualites\/#\/schema\/person\/image\/\",\"url\":\"https:\/\/vieassociative.be\/actualites\/wp-content\/uploads\/2024\/09\/vie-associative-1-150x150.jpg\",\"contentUrl\":\"https:\/\/vieassociative.be\/actualites\/wp-content\/uploads\/2024\/09\/vie-associative-1-150x150.jpg\",\"caption\":\"Julien\"},\"description\":\"Je suis Julien, r\u00e9dacteur pour Vie Associative. Passionn\u00e9 par le monde associatif depuis plus de 10 ans, j'ai \u00e0 c\u0153ur de partager des histoires inspirantes et de mettre en lumi\u00e8re les initiatives locales. Mon objectif est de sensibiliser et d'encourager l'engagement communautaire \u00e0 travers mes articles.\",\"sameAs\":[\"https:\/\/vieassociative.be\/\"]}]}<\/script>\n<!-- \/ Yoast SEO plugin. -->","yoast_head_json":{"title":"La pr\u00e9sidente de Bundestag Julia Kl\u00f6ckner et la star de la t\u00e9l\u00e9vision J\u00f6rg Pilawa sont le nouveau couple de r\u00eave | Vie Associative","robots":{"index":"index","follow":"follow","max-snippet":"max-snippet:-1","max-image-preview":"max-image-preview:large","max-video-preview":"max-video-preview:-1"},"canonical":"https:\/\/vieassociative.be\/actualites\/la-presidente-de-bundestag-julia-klockner-et-la-star-de-la-television-jorg-pilawa-sont-le-nouveau-couple-de-reve\/","og_locale":"fr_FR","og_type":"article","og_title":"La pr\u00e9sidente de Bundestag Julia Kl\u00f6ckner et la star de la t\u00e9l\u00e9vision J\u00f6rg Pilawa sont le nouveau couple de r\u00eave | Vie Associative","og_description":"Elle est pr\u00e9sidente du Bundestag allemand, l&rsquo;un des mod\u00e9rateurs de t\u00e9l\u00e9vision les plus c\u00e9l\u00e8bres d&rsquo;Allemagne. Annonce maintenant: Julia Kl\u00f6ckner et J\u00f6rg Pilawa vont ensemble en","og_url":"https:\/\/vieassociative.be\/actualites\/la-presidente-de-bundestag-julia-klockner-et-la-star-de-la-television-jorg-pilawa-sont-le-nouveau-couple-de-reve\/","og_site_name":"Vie Associative","article_published_time":"2025-08-17T20:17:58+00:00","og_image":[{"width":279,"height":92,"url":"https:\/\/vieassociative.be\/actualites\/wp-content\/uploads\/2024\/09\/header_backgroundk-01-e1726694325946.png","type":"image\/png"}],"author":"Julien","twitter_card":"summary_large_image","twitter_misc":{"\u00c9crit par":"Julien","Dur\u00e9e de lecture est.":"3 minutes"},"schema":{"@context":"https:\/\/schema.org","@graph":[{"@type":"Article","@id":"https:\/\/vieassociative.be\/actualites\/la-presidente-de-bundestag-julia-klockner-et-la-star-de-la-television-jorg-pilawa-sont-le-nouveau-couple-de-reve\/#article","isPartOf":{"@id":"https:\/\/vieassociative.be\/actualites\/la-presidente-de-bundestag-julia-klockner-et-la-star-de-la-television-jorg-pilawa-sont-le-nouveau-couple-de-reve\/"},"author":{"name":"Julien","@id":"https:\/\/vieassociative.be\/actualites\/#\/schema\/person\/b87ac4f82f9d4e7b7cec7395b679edc4"},"headline":"La pr\u00e9sidente de Bundestag Julia Kl\u00f6ckner et la star de la t\u00e9l\u00e9vision J\u00f6rg Pilawa sont le nouveau couple de r\u00eave","datePublished":"2025-08-17T20:17:58+00:00","dateModified":"2025-08-17T20:17:58+00:00","mainEntityOfPage":{"@id":"https:\/\/vieassociative.be\/actualites\/la-presidente-de-bundestag-julia-klockner-et-la-star-de-la-television-jorg-pilawa-sont-le-nouveau-couple-de-reve\/"},"wordCount":687,"publisher":{"@id":"https:\/\/vieassociative.be\/actualites\/#organization"},"image":{"@id":"https:\/\/vieassociative.be\/actualites\/la-presidente-de-bundestag-julia-klockner-et-la-star-de-la-television-jorg-pilawa-sont-le-nouveau-couple-de-reve\/#primaryimage"},"thumbnailUrl":"https:\/\/vieassociative.be\/actualites\/wp-content\/uploads\/2025\/08\/1755461879_La-presidente-de-Bundestag-Julia-Klockner-et-la-star-de.jpg","keywords":["Bundestag","couple","J\u00f6rg","Julia","Kl\u00f6ckner","nouveau","Pilawa","pr\u00e9sidente","r\u00eave","sont","star","t\u00e9l\u00e9vision"],"articleSection":["Belgique"],"inLanguage":"fr-BE"},{"@type":"WebPage","@id":"https:\/\/vieassociative.be\/actualites\/la-presidente-de-bundestag-julia-klockner-et-la-star-de-la-television-jorg-pilawa-sont-le-nouveau-couple-de-reve\/","url":"https:\/\/vieassociative.be\/actualites\/la-presidente-de-bundestag-julia-klockner-et-la-star-de-la-television-jorg-pilawa-sont-le-nouveau-couple-de-reve\/","name":"La pr\u00e9sidente de Bundestag Julia Kl\u00f6ckner et la star de la t\u00e9l\u00e9vision J\u00f6rg Pilawa sont le nouveau couple de r\u00eave | Vie Associative","isPartOf":{"@id":"https:\/\/vieassociative.be\/actualites\/#website"},"primaryImageOfPage":{"@id":"https:\/\/vieassociative.be\/actualites\/la-presidente-de-bundestag-julia-klockner-et-la-star-de-la-television-jorg-pilawa-sont-le-nouveau-couple-de-reve\/#primaryimage"},"image":{"@id":"https:\/\/vieassociative.be\/actualites\/la-presidente-de-bundestag-julia-klockner-et-la-star-de-la-television-jorg-pilawa-sont-le-nouveau-couple-de-reve\/#primaryimage"},"thumbnailUrl":"https:\/\/vieassociative.be\/actualites\/wp-content\/uploads\/2025\/08\/1755461879_La-presidente-de-Bundestag-Julia-Klockner-et-la-star-de.jpg","datePublished":"2025-08-17T20:17:58+00:00","dateModified":"2025-08-17T20:17:58+00:00","breadcrumb":{"@id":"https:\/\/vieassociative.be\/actualites\/la-presidente-de-bundestag-julia-klockner-et-la-star-de-la-television-jorg-pilawa-sont-le-nouveau-couple-de-reve\/#breadcrumb"},"inLanguage":"fr-BE","potentialAction":[{"@type":"ReadAction","target":["https:\/\/vieassociative.be\/actualites\/la-presidente-de-bundestag-julia-klockner-et-la-star-de-la-television-jorg-pilawa-sont-le-nouveau-couple-de-reve\/"]}]},{"@type":"ImageObject","inLanguage":"fr-BE","@id":"https:\/\/vieassociative.be\/actualites\/la-presidente-de-bundestag-julia-klockner-et-la-star-de-la-television-jorg-pilawa-sont-le-nouveau-couple-de-reve\/#primaryimage","url":"https:\/\/vieassociative.be\/actualites\/wp-content\/uploads\/2025\/08\/1755461879_La-presidente-de-Bundestag-Julia-Klockner-et-la-star-de.jpg","contentUrl":"https:\/\/vieassociative.be\/actualites\/wp-content\/uploads\/2025\/08\/1755461879_La-presidente-de-Bundestag-Julia-Klockner-et-la-star-de.jpg","width":1200,"height":938,"caption":"La pr\u00e9sidente de Bundestag Julia Kl\u00f6ckner et la star de la t\u00e9l\u00e9vision J\u00f6rg Pilawa sont le nouveau couple de r\u00eave"},{"@type":"BreadcrumbList","@id":"https:\/\/vieassociative.be\/actualites\/la-presidente-de-bundestag-julia-klockner-et-la-star-de-la-television-jorg-pilawa-sont-le-nouveau-couple-de-reve\/#breadcrumb","itemListElement":[{"@type":"ListItem","position":1,"name":"Accueil","item":"https:\/\/vieassociative.be\/actualites\/"},{"@type":"ListItem","position":2,"name":"La pr\u00e9sidente de Bundestag Julia Kl\u00f6ckner et la star de la t\u00e9l\u00e9vision J\u00f6rg Pilawa sont le nouveau couple de r\u00eave"}]},{"@type":"WebSite","@id":"https:\/\/vieassociative.be\/actualites\/#website","url":"https:\/\/vieassociative.be\/actualites\/","name":"Vie Associative","description":"","publisher":{"@id":"https:\/\/vieassociative.be\/actualites\/#organization"},"potentialAction":[{"@type":"SearchAction","target":{"@type":"EntryPoint","urlTemplate":"https:\/\/vieassociative.be\/actualites\/?s={search_term_string}"},"query-input":{"@type":"PropertyValueSpecification","valueRequired":true,"valueName":"search_term_string"}}],"inLanguage":"fr-BE"},{"@type":"Organization","@id":"https:\/\/vieassociative.be\/actualites\/#organization","name":"Vie Associative","url":"https:\/\/vieassociative.be\/actualites\/","logo":{"@type":"ImageObject","inLanguage":"fr-BE","@id":"https:\/\/vieassociative.be\/actualites\/#\/schema\/logo\/image\/","url":"https:\/\/vieassociative.be\/actualites\/wp-content\/uploads\/2024\/09\/cropped-vieassociative_favicon.ico.png","contentUrl":"https:\/\/vieassociative.be\/actualites\/wp-content\/uploads\/2024\/09\/cropped-vieassociative_favicon.ico.png","width":512,"height":512,"caption":"Vie Associative"},"image":{"@id":"https:\/\/vieassociative.be\/actualites\/#\/schema\/logo\/image\/"}},{"@type":"Person","@id":"https:\/\/vieassociative.be\/actualites\/#\/schema\/person\/b87ac4f82f9d4e7b7cec7395b679edc4","name":"Julien","image":{"@type":"ImageObject","inLanguage":"fr-BE","@id":"https:\/\/vieassociative.be\/actualites\/#\/schema\/person\/image\/","url":"https:\/\/vieassociative.be\/actualites\/wp-content\/uploads\/2024\/09\/vie-associative-1-150x150.jpg","contentUrl":"https:\/\/vieassociative.be\/actualites\/wp-content\/uploads\/2024\/09\/vie-associative-1-150x150.jpg","caption":"Julien"},"description":"Je suis Julien, r\u00e9dacteur pour Vie Associative. Passionn\u00e9 par le monde associatif depuis plus de 10 ans, j'ai \u00e0 c\u0153ur de partager des histoires inspirantes et de mettre en lumi\u00e8re les initiatives locales. Mon objectif est de sensibiliser et d'encourager l'engagement communautaire \u00e0 travers mes articles.","sameAs":["https:\/\/vieassociative.be\/"]}]}},"_links":{"self":[{"href":"https:\/\/vieassociative.be\/actualites\/wp-json\/wp\/v2\/posts\/9461"}],"collection":[{"href":"https:\/\/vieassociative.be\/actualites\/wp-json\/wp\/v2\/posts"}],"about":[{"href":"https:\/\/vieassociative.be\/actualites\/wp-json\/wp\/v2\/types\/post"}],"author":[{"embeddable":true,"href":"https:\/\/vieassociative.be\/actualites\/wp-json\/wp\/v2\/users\/1"}],"replies":[{"embeddable":true,"href":"https:\/\/vieassociative.be\/actualites\/wp-json\/wp\/v2\/comments?post=9461"}],"version-history":[{"count":0,"href":"https:\/\/vieassociative.be\/actualites\/wp-json\/wp\/v2\/posts\/9461\/revisions"}],"wp:featuredmedia":[{"embeddable":true,"href":"https:\/\/vieassociative.be\/actualites\/wp-json\/wp\/v2\/media\/9462"}],"wp:attachment":[{"href":"https:\/\/vieassociative.be\/actualites\/wp-json\/wp\/v2\/media?parent=9461"}],"wp:term":[{"taxonomy":"category","embeddable":true,"href":"https:\/\/vieassociative.be\/actualites\/wp-json\/wp\/v2\/categories?post=9461"},{"taxonomy":"post_tag","embeddable":true,"href":"https:\/\/vieassociative.be\/actualites\/wp-json\/wp\/v2\/tags?post=9461"}],"curies":[{"name":"wp","href":"https:\/\/api.w.org\/{rel}","templated":true}]}}