{"id":9459,"date":"2025-08-17T21:21:33","date_gmt":"2025-08-17T19:21:33","guid":{"rendered":"https:\/\/vieassociative.be\/actualites\/google-deploie-une-fonctionnalite-de-carte-dappel-de-type-iphone\/"},"modified":"2025-08-17T21:21:33","modified_gmt":"2025-08-17T19:21:33","slug":"google-deploie-une-fonctionnalite-de-carte-dappel-de-type-iphone","status":"publish","type":"post","link":"https:\/\/vieassociative.be\/actualites\/google-deploie-une-fonctionnalite-de-carte-dappel-de-type-iphone\/","title":{"rendered":"Google d\u00e9ploie une fonctionnalit\u00e9 de \u00abcarte d&rsquo;appel\u00bb de type iPhone"},"content":{"rendered":"<div class=\"mt-4 leading-6 md:mb-8\">Vous pourrez peut-\u00eatre l&rsquo;essayer maintenant.<\/div>\n<p><\/p>\n<p>Apple obtient un flack de la communaut\u00e9 technologique pour avoir vol\u00e9 des fonctionnalit\u00e9s d&rsquo;Android, mais la v\u00e9rit\u00e9 est que le vol va dans les deux sens. L&rsquo;imitation est la plus grande forme de flatterie, apr\u00e8s tout. Le dernier exemple est une nouvelle fonctionnalit\u00e9 frappant l&rsquo;application Contacts de Google: une \u00abcarte d&rsquo;appel\u00bb compl\u00e8te, rappelant les \u00abaffiches de contact\u00bb d&rsquo;Apple. <\/p>\n<p>L&rsquo;id\u00e9e des deux fonctionnalit\u00e9s est simple: plut\u00f4t que de voir l&rsquo;image traditionnelle que vous pourriez d\u00e9finir pour un contact particulier lorsqu&rsquo;ils vous appellent, la carte d&rsquo;appel (et l&rsquo;affiche de contact, d&rsquo;ailleurs) est un graphique dynamique et plein \u00e9cran pour chaque appelant. Il profite des grands \u00e9crans de bord \u00e0 bord qui sont devenus standard au fil des ans, affichant une grande image avec du texte audacieux et engageant. <\/p>\n<p>Visuellement, ces cartes d&rsquo;appel et les affiches de contact sont assez similaires les unes aux autres, peut-\u00eatre avec un flair Apple ou Google sp\u00e9cifique. Cependant, il n&rsquo;y a vraiment qu&rsquo;une seule diff\u00e9rence cl\u00e9 entre chaque fonctionnalit\u00e9: avec l&rsquo;affiche de contact d&rsquo;Apple, vous cr\u00e9ez votre propre image de contact, tandis que pour les cartes d&rsquo;appel, vous faites tout le monde <em>else<\/em> images. Essentiellement, Apple et Google ont des philosophies polaires oppos\u00e9es pour la fonctionnalit\u00e9: Apple pense que chaque utilisateur devrait contr\u00f4ler comment son affiche de contact devrait appara\u00eetre sur l&rsquo;iPhone de tout le monde, tandis que Google pense que les utilisateurs devraient d\u00e9cider comment les cartes de visite de leurs amis et de leur famille devraient appara\u00eetre sur leur propre t\u00e9l\u00e9phone.<\/p>\n<p>Cela cr\u00e9e une fracture int\u00e9ressante: Apple ne vous permet pas de cr\u00e9er une affiche de contact pour les autres utilisateurs, tandis que Google ne vous laissera pas cr\u00e9er votre <em>propre<\/em> carte d&rsquo;appel. Je suppose que Google est plus conforme \u00e0 la fa\u00e7on dont nous avons traditionnellement g\u00e9r\u00e9 les photos de contact, chaque utilisateur d\u00e9finissant les images qu&rsquo;ils aimeraient voir pour chacun de leurs contacts.<\/p>\n<h2 id=\"how-to-set-a-calling-card-on-android\">Comment d\u00e9finir une carte d&rsquo;appel sur Android<\/h2>\n<p>Android Authority a \u00e9t\u00e9 le premier \u00e0 rep\u00e9rer la fonctionnalit\u00e9 dans la derni\u00e8re version (4.61.28.792249534) de l&rsquo;application Google Contacts, ainsi que la derni\u00e8re version b\u00eata (188.0.793710089-Publicbeta-Pixel2024) de l&rsquo;application Google Phone. Bien que Google semble le d\u00e9ploier lentement, il est possible que la fonctionnalit\u00e9 soit en direct de votre c\u00f4t\u00e9. Si vous souhaitez lui donner une chance, assurez-vous de mettre \u00e0 jour l&rsquo;application Google Contacts vers la derni\u00e8re version de votre appareil Android.<\/p>\n<p>Maintenant, acc\u00e9dez \u00e0 un contact sp\u00e9cifique. Si vous avez la fonctionnalit\u00e9, vous devriez maintenant avoir une fen\u00eatre contextuelle \u00ab\u00a0essayez d&rsquo;ajouter une carte d&rsquo;appel\u00a0\u00bb sur cet \u00e9cran. Appuyez sur-le et vous verrez une ardoise vierge, vous invitant \u00e0 ajouter une nouvelle image via votre appareil photo, votre galerie d&rsquo;images ou Google Photos. Choisissez une photo \u00e0 partir de la source que vous aimez. Une fois la photo dans la carte d&rsquo;appel, vous pouvez personnaliser la couleur et la police pour que le nom du contact apparaisse. Vous pourrez \u00e9galement choisir un niveau de zoom pour l&rsquo;image que vous avez s\u00e9lectionn\u00e9e en pin\u00e7ant et en tirant sur l&rsquo;image.<\/p>\n<p>La photo de contact traditionnelle ne dispara\u00eet pas non plus. Vous pouvez choisir de recadrer votre carte de visite pour mettre l&rsquo;image de contact standard ou de choisir une autre photo.<\/p>\n<div class=\"mx-auto mt-8 w-full max-w-4xl aspect-video\">\n<div id=\"video-container-01K2WPER01MKRHX7J2AR6KNNCB\"><\/div>\n<\/div>\n<p>J&rsquo;accueille toujours des entreprises comme Google pour cr\u00e9er des fonctionnalit\u00e9s comme celle-ci, car elles sont juste amusantes. Cela ne va pas faciliter l&rsquo;appel des gens, et il n&rsquo;y a rien de mal \u00e0 la configuration des photos de contact existante. Mais tant que ces t\u00e9l\u00e9phones ont de grands \u00e9crans impressionnants, nous pourrions aussi bien en profiter. <\/p>\n","protected":false},"excerpt":{"rendered":"<p>Vous pourrez peut-\u00eatre l&rsquo;essayer maintenant. Apple obtient un flack de la communaut\u00e9 technologique pour avoir vol\u00e9 des fonctionnalit\u00e9s d&rsquo;Android, mais la v\u00e9rit\u00e9 est que le<\/p>\n","protected":false},"author":1,"featured_media":9460,"comment_status":"","ping_status":"","sticky":false,"template":"","format":"standard","meta":{"footnotes":""},"categories":[13],"tags":[3055,5621,1860,1300,968,652,2154,110],"class_list":["post-9459","post","type-post","status-publish","format-standard","has-post-thumbnail","hentry","category-technologie","tag-carte","tag-dappel","tag-deploie","tag-fonctionnalite","tag-google","tag-iphone","tag-type","tag-une","generate-columns","tablet-grid-50","mobile-grid-100","grid-parent","grid-33"],"yoast_head":"<!-- This site is optimized with the Yoast SEO plugin v24.0 - https:\/\/yoast.com\/wordpress\/plugins\/seo\/ -->\n<title>Google d\u00e9ploie une fonctionnalit\u00e9 de \u00abcarte d&#039;appel\u00bb de type iPhone | Vie Associative<\/title>\n<meta name=\"robots\" content=\"index, follow, max-snippet:-1, max-image-preview:large, max-video-preview:-1\" \/>\n<link rel=\"canonical\" href=\"https:\/\/vieassociative.be\/actualites\/google-deploie-une-fonctionnalite-de-carte-dappel-de-type-iphone\/\" \/>\n<meta property=\"og:locale\" content=\"fr_FR\" \/>\n<meta property=\"og:type\" content=\"article\" \/>\n<meta property=\"og:title\" content=\"Google d\u00e9ploie une fonctionnalit\u00e9 de \u00abcarte d&#039;appel\u00bb de type iPhone | Vie Associative\" \/>\n<meta property=\"og:description\" content=\"Vous pourrez peut-\u00eatre l&rsquo;essayer maintenant. Apple obtient un flack de la communaut\u00e9 technologique pour avoir vol\u00e9 des fonctionnalit\u00e9s d&rsquo;Android, mais la v\u00e9rit\u00e9 est que le\" \/>\n<meta property=\"og:url\" content=\"https:\/\/vieassociative.be\/actualites\/google-deploie-une-fonctionnalite-de-carte-dappel-de-type-iphone\/\" \/>\n<meta property=\"og:site_name\" content=\"Vie Associative\" \/>\n<meta property=\"article:published_time\" content=\"2025-08-17T19:21:33+00:00\" \/>\n<meta property=\"og:image\" content=\"https:\/\/vieassociative.be\/actualites\/wp-content\/uploads\/2024\/09\/header_backgroundk-01-e1726694325946.png\" \/>\n\t<meta property=\"og:image:width\" content=\"279\" \/>\n\t<meta property=\"og:image:height\" content=\"92\" \/>\n\t<meta property=\"og:image:type\" content=\"image\/png\" \/>\n<meta name=\"author\" content=\"Julien\" \/>\n<meta name=\"twitter:card\" content=\"summary_large_image\" \/>\n<meta name=\"twitter:label1\" content=\"\u00c9crit par\" \/>\n\t<meta name=\"twitter:data1\" content=\"Julien\" \/>\n\t<meta name=\"twitter:label2\" content=\"Dur\u00e9e de lecture est.\" \/>\n\t<meta name=\"twitter:data2\" content=\"3 minutes\" \/>\n<script type=\"application\/ld+json\" class=\"yoast-schema-graph\">{\"@context\":\"https:\/\/schema.org\",\"@graph\":[{\"@type\":\"Article\",\"@id\":\"https:\/\/vieassociative.be\/actualites\/google-deploie-une-fonctionnalite-de-carte-dappel-de-type-iphone\/#article\",\"isPartOf\":{\"@id\":\"https:\/\/vieassociative.be\/actualites\/google-deploie-une-fonctionnalite-de-carte-dappel-de-type-iphone\/\"},\"author\":{\"name\":\"Julien\",\"@id\":\"https:\/\/vieassociative.be\/actualites\/#\/schema\/person\/b87ac4f82f9d4e7b7cec7395b679edc4\"},\"headline\":\"Google d\u00e9ploie une fonctionnalit\u00e9 de \u00abcarte d&rsquo;appel\u00bb de type iPhone\",\"datePublished\":\"2025-08-17T19:21:33+00:00\",\"dateModified\":\"2025-08-17T19:21:33+00:00\",\"mainEntityOfPage\":{\"@id\":\"https:\/\/vieassociative.be\/actualites\/google-deploie-une-fonctionnalite-de-carte-dappel-de-type-iphone\/\"},\"wordCount\":671,\"publisher\":{\"@id\":\"https:\/\/vieassociative.be\/actualites\/#organization\"},\"image\":{\"@id\":\"https:\/\/vieassociative.be\/actualites\/google-deploie-une-fonctionnalite-de-carte-dappel-de-type-iphone\/#primaryimage\"},\"thumbnailUrl\":\"https:\/\/vieassociative.be\/actualites\/wp-content\/uploads\/2025\/08\/Google-deploie-une-fonctionnalite-de-carte-dappel-de-type-iPhone.jpg\",\"keywords\":[\"carte\",\"dappel\",\"d\u00e9ploie\",\"fonctionnalit\u00e9\",\"Google\",\"iPhone\",\"type\",\"une\"],\"articleSection\":[\"Technologie\"],\"inLanguage\":\"fr-BE\"},{\"@type\":\"WebPage\",\"@id\":\"https:\/\/vieassociative.be\/actualites\/google-deploie-une-fonctionnalite-de-carte-dappel-de-type-iphone\/\",\"url\":\"https:\/\/vieassociative.be\/actualites\/google-deploie-une-fonctionnalite-de-carte-dappel-de-type-iphone\/\",\"name\":\"Google d\u00e9ploie une fonctionnalit\u00e9 de \u00abcarte d'appel\u00bb de type iPhone | Vie Associative\",\"isPartOf\":{\"@id\":\"https:\/\/vieassociative.be\/actualites\/#website\"},\"primaryImageOfPage\":{\"@id\":\"https:\/\/vieassociative.be\/actualites\/google-deploie-une-fonctionnalite-de-carte-dappel-de-type-iphone\/#primaryimage\"},\"image\":{\"@id\":\"https:\/\/vieassociative.be\/actualites\/google-deploie-une-fonctionnalite-de-carte-dappel-de-type-iphone\/#primaryimage\"},\"thumbnailUrl\":\"https:\/\/vieassociative.be\/actualites\/wp-content\/uploads\/2025\/08\/Google-deploie-une-fonctionnalite-de-carte-dappel-de-type-iPhone.jpg\",\"datePublished\":\"2025-08-17T19:21:33+00:00\",\"dateModified\":\"2025-08-17T19:21:33+00:00\",\"breadcrumb\":{\"@id\":\"https:\/\/vieassociative.be\/actualites\/google-deploie-une-fonctionnalite-de-carte-dappel-de-type-iphone\/#breadcrumb\"},\"inLanguage\":\"fr-BE\",\"potentialAction\":[{\"@type\":\"ReadAction\",\"target\":[\"https:\/\/vieassociative.be\/actualites\/google-deploie-une-fonctionnalite-de-carte-dappel-de-type-iphone\/\"]}]},{\"@type\":\"ImageObject\",\"inLanguage\":\"fr-BE\",\"@id\":\"https:\/\/vieassociative.be\/actualites\/google-deploie-une-fonctionnalite-de-carte-dappel-de-type-iphone\/#primaryimage\",\"url\":\"https:\/\/vieassociative.be\/actualites\/wp-content\/uploads\/2025\/08\/Google-deploie-une-fonctionnalite-de-carte-dappel-de-type-iPhone.jpg\",\"contentUrl\":\"https:\/\/vieassociative.be\/actualites\/wp-content\/uploads\/2025\/08\/Google-deploie-une-fonctionnalite-de-carte-dappel-de-type-iPhone.jpg\",\"width\":1200,\"height\":675,\"caption\":\"Google d\u00e9ploie une fonctionnalit\u00e9 de \u00abcarte d'appel\u00bb de type iPhone\"},{\"@type\":\"BreadcrumbList\",\"@id\":\"https:\/\/vieassociative.be\/actualites\/google-deploie-une-fonctionnalite-de-carte-dappel-de-type-iphone\/#breadcrumb\",\"itemListElement\":[{\"@type\":\"ListItem\",\"position\":1,\"name\":\"Accueil\",\"item\":\"https:\/\/vieassociative.be\/actualites\/\"},{\"@type\":\"ListItem\",\"position\":2,\"name\":\"Google d\u00e9ploie une fonctionnalit\u00e9 de \u00abcarte d&rsquo;appel\u00bb de type iPhone\"}]},{\"@type\":\"WebSite\",\"@id\":\"https:\/\/vieassociative.be\/actualites\/#website\",\"url\":\"https:\/\/vieassociative.be\/actualites\/\",\"name\":\"Vie Associative\",\"description\":\"\",\"publisher\":{\"@id\":\"https:\/\/vieassociative.be\/actualites\/#organization\"},\"potentialAction\":[{\"@type\":\"SearchAction\",\"target\":{\"@type\":\"EntryPoint\",\"urlTemplate\":\"https:\/\/vieassociative.be\/actualites\/?s={search_term_string}\"},\"query-input\":{\"@type\":\"PropertyValueSpecification\",\"valueRequired\":true,\"valueName\":\"search_term_string\"}}],\"inLanguage\":\"fr-BE\"},{\"@type\":\"Organization\",\"@id\":\"https:\/\/vieassociative.be\/actualites\/#organization\",\"name\":\"Vie Associative\",\"url\":\"https:\/\/vieassociative.be\/actualites\/\",\"logo\":{\"@type\":\"ImageObject\",\"inLanguage\":\"fr-BE\",\"@id\":\"https:\/\/vieassociative.be\/actualites\/#\/schema\/logo\/image\/\",\"url\":\"https:\/\/vieassociative.be\/actualites\/wp-content\/uploads\/2024\/09\/cropped-vieassociative_favicon.ico.png\",\"contentUrl\":\"https:\/\/vieassociative.be\/actualites\/wp-content\/uploads\/2024\/09\/cropped-vieassociative_favicon.ico.png\",\"width\":512,\"height\":512,\"caption\":\"Vie Associative\"},\"image\":{\"@id\":\"https:\/\/vieassociative.be\/actualites\/#\/schema\/logo\/image\/\"}},{\"@type\":\"Person\",\"@id\":\"https:\/\/vieassociative.be\/actualites\/#\/schema\/person\/b87ac4f82f9d4e7b7cec7395b679edc4\",\"name\":\"Julien\",\"image\":{\"@type\":\"ImageObject\",\"inLanguage\":\"fr-BE\",\"@id\":\"https:\/\/vieassociative.be\/actualites\/#\/schema\/person\/image\/\",\"url\":\"https:\/\/vieassociative.be\/actualites\/wp-content\/uploads\/2024\/09\/vie-associative-1-150x150.jpg\",\"contentUrl\":\"https:\/\/vieassociative.be\/actualites\/wp-content\/uploads\/2024\/09\/vie-associative-1-150x150.jpg\",\"caption\":\"Julien\"},\"description\":\"Je suis Julien, r\u00e9dacteur pour Vie Associative. Passionn\u00e9 par le monde associatif depuis plus de 10 ans, j'ai \u00e0 c\u0153ur de partager des histoires inspirantes et de mettre en lumi\u00e8re les initiatives locales. Mon objectif est de sensibiliser et d'encourager l'engagement communautaire \u00e0 travers mes articles.\",\"sameAs\":[\"https:\/\/vieassociative.be\/\"]}]}<\/script>\n<!-- \/ Yoast SEO plugin. -->","yoast_head_json":{"title":"Google d\u00e9ploie une fonctionnalit\u00e9 de \u00abcarte d'appel\u00bb de type iPhone | Vie Associative","robots":{"index":"index","follow":"follow","max-snippet":"max-snippet:-1","max-image-preview":"max-image-preview:large","max-video-preview":"max-video-preview:-1"},"canonical":"https:\/\/vieassociative.be\/actualites\/google-deploie-une-fonctionnalite-de-carte-dappel-de-type-iphone\/","og_locale":"fr_FR","og_type":"article","og_title":"Google d\u00e9ploie une fonctionnalit\u00e9 de \u00abcarte d'appel\u00bb de type iPhone | Vie Associative","og_description":"Vous pourrez peut-\u00eatre l&rsquo;essayer maintenant. Apple obtient un flack de la communaut\u00e9 technologique pour avoir vol\u00e9 des fonctionnalit\u00e9s d&rsquo;Android, mais la v\u00e9rit\u00e9 est que le","og_url":"https:\/\/vieassociative.be\/actualites\/google-deploie-une-fonctionnalite-de-carte-dappel-de-type-iphone\/","og_site_name":"Vie Associative","article_published_time":"2025-08-17T19:21:33+00:00","og_image":[{"width":279,"height":92,"url":"https:\/\/vieassociative.be\/actualites\/wp-content\/uploads\/2024\/09\/header_backgroundk-01-e1726694325946.png","type":"image\/png"}],"author":"Julien","twitter_card":"summary_large_image","twitter_misc":{"\u00c9crit par":"Julien","Dur\u00e9e de lecture est.":"3 minutes"},"schema":{"@context":"https:\/\/schema.org","@graph":[{"@type":"Article","@id":"https:\/\/vieassociative.be\/actualites\/google-deploie-une-fonctionnalite-de-carte-dappel-de-type-iphone\/#article","isPartOf":{"@id":"https:\/\/vieassociative.be\/actualites\/google-deploie-une-fonctionnalite-de-carte-dappel-de-type-iphone\/"},"author":{"name":"Julien","@id":"https:\/\/vieassociative.be\/actualites\/#\/schema\/person\/b87ac4f82f9d4e7b7cec7395b679edc4"},"headline":"Google d\u00e9ploie une fonctionnalit\u00e9 de \u00abcarte d&rsquo;appel\u00bb de type iPhone","datePublished":"2025-08-17T19:21:33+00:00","dateModified":"2025-08-17T19:21:33+00:00","mainEntityOfPage":{"@id":"https:\/\/vieassociative.be\/actualites\/google-deploie-une-fonctionnalite-de-carte-dappel-de-type-iphone\/"},"wordCount":671,"publisher":{"@id":"https:\/\/vieassociative.be\/actualites\/#organization"},"image":{"@id":"https:\/\/vieassociative.be\/actualites\/google-deploie-une-fonctionnalite-de-carte-dappel-de-type-iphone\/#primaryimage"},"thumbnailUrl":"https:\/\/vieassociative.be\/actualites\/wp-content\/uploads\/2025\/08\/Google-deploie-une-fonctionnalite-de-carte-dappel-de-type-iPhone.jpg","keywords":["carte","dappel","d\u00e9ploie","fonctionnalit\u00e9","Google","iPhone","type","une"],"articleSection":["Technologie"],"inLanguage":"fr-BE"},{"@type":"WebPage","@id":"https:\/\/vieassociative.be\/actualites\/google-deploie-une-fonctionnalite-de-carte-dappel-de-type-iphone\/","url":"https:\/\/vieassociative.be\/actualites\/google-deploie-une-fonctionnalite-de-carte-dappel-de-type-iphone\/","name":"Google d\u00e9ploie une fonctionnalit\u00e9 de \u00abcarte d'appel\u00bb de type iPhone | Vie Associative","isPartOf":{"@id":"https:\/\/vieassociative.be\/actualites\/#website"},"primaryImageOfPage":{"@id":"https:\/\/vieassociative.be\/actualites\/google-deploie-une-fonctionnalite-de-carte-dappel-de-type-iphone\/#primaryimage"},"image":{"@id":"https:\/\/vieassociative.be\/actualites\/google-deploie-une-fonctionnalite-de-carte-dappel-de-type-iphone\/#primaryimage"},"thumbnailUrl":"https:\/\/vieassociative.be\/actualites\/wp-content\/uploads\/2025\/08\/Google-deploie-une-fonctionnalite-de-carte-dappel-de-type-iPhone.jpg","datePublished":"2025-08-17T19:21:33+00:00","dateModified":"2025-08-17T19:21:33+00:00","breadcrumb":{"@id":"https:\/\/vieassociative.be\/actualites\/google-deploie-une-fonctionnalite-de-carte-dappel-de-type-iphone\/#breadcrumb"},"inLanguage":"fr-BE","potentialAction":[{"@type":"ReadAction","target":["https:\/\/vieassociative.be\/actualites\/google-deploie-une-fonctionnalite-de-carte-dappel-de-type-iphone\/"]}]},{"@type":"ImageObject","inLanguage":"fr-BE","@id":"https:\/\/vieassociative.be\/actualites\/google-deploie-une-fonctionnalite-de-carte-dappel-de-type-iphone\/#primaryimage","url":"https:\/\/vieassociative.be\/actualites\/wp-content\/uploads\/2025\/08\/Google-deploie-une-fonctionnalite-de-carte-dappel-de-type-iPhone.jpg","contentUrl":"https:\/\/vieassociative.be\/actualites\/wp-content\/uploads\/2025\/08\/Google-deploie-une-fonctionnalite-de-carte-dappel-de-type-iPhone.jpg","width":1200,"height":675,"caption":"Google d\u00e9ploie une fonctionnalit\u00e9 de \u00abcarte d'appel\u00bb de type iPhone"},{"@type":"BreadcrumbList","@id":"https:\/\/vieassociative.be\/actualites\/google-deploie-une-fonctionnalite-de-carte-dappel-de-type-iphone\/#breadcrumb","itemListElement":[{"@type":"ListItem","position":1,"name":"Accueil","item":"https:\/\/vieassociative.be\/actualites\/"},{"@type":"ListItem","position":2,"name":"Google d\u00e9ploie une fonctionnalit\u00e9 de \u00abcarte d&rsquo;appel\u00bb de type iPhone"}]},{"@type":"WebSite","@id":"https:\/\/vieassociative.be\/actualites\/#website","url":"https:\/\/vieassociative.be\/actualites\/","name":"Vie Associative","description":"","publisher":{"@id":"https:\/\/vieassociative.be\/actualites\/#organization"},"potentialAction":[{"@type":"SearchAction","target":{"@type":"EntryPoint","urlTemplate":"https:\/\/vieassociative.be\/actualites\/?s={search_term_string}"},"query-input":{"@type":"PropertyValueSpecification","valueRequired":true,"valueName":"search_term_string"}}],"inLanguage":"fr-BE"},{"@type":"Organization","@id":"https:\/\/vieassociative.be\/actualites\/#organization","name":"Vie Associative","url":"https:\/\/vieassociative.be\/actualites\/","logo":{"@type":"ImageObject","inLanguage":"fr-BE","@id":"https:\/\/vieassociative.be\/actualites\/#\/schema\/logo\/image\/","url":"https:\/\/vieassociative.be\/actualites\/wp-content\/uploads\/2024\/09\/cropped-vieassociative_favicon.ico.png","contentUrl":"https:\/\/vieassociative.be\/actualites\/wp-content\/uploads\/2024\/09\/cropped-vieassociative_favicon.ico.png","width":512,"height":512,"caption":"Vie Associative"},"image":{"@id":"https:\/\/vieassociative.be\/actualites\/#\/schema\/logo\/image\/"}},{"@type":"Person","@id":"https:\/\/vieassociative.be\/actualites\/#\/schema\/person\/b87ac4f82f9d4e7b7cec7395b679edc4","name":"Julien","image":{"@type":"ImageObject","inLanguage":"fr-BE","@id":"https:\/\/vieassociative.be\/actualites\/#\/schema\/person\/image\/","url":"https:\/\/vieassociative.be\/actualites\/wp-content\/uploads\/2024\/09\/vie-associative-1-150x150.jpg","contentUrl":"https:\/\/vieassociative.be\/actualites\/wp-content\/uploads\/2024\/09\/vie-associative-1-150x150.jpg","caption":"Julien"},"description":"Je suis Julien, r\u00e9dacteur pour Vie Associative. Passionn\u00e9 par le monde associatif depuis plus de 10 ans, j'ai \u00e0 c\u0153ur de partager des histoires inspirantes et de mettre en lumi\u00e8re les initiatives locales. Mon objectif est de sensibiliser et d'encourager l'engagement communautaire \u00e0 travers mes articles.","sameAs":["https:\/\/vieassociative.be\/"]}]}},"_links":{"self":[{"href":"https:\/\/vieassociative.be\/actualites\/wp-json\/wp\/v2\/posts\/9459"}],"collection":[{"href":"https:\/\/vieassociative.be\/actualites\/wp-json\/wp\/v2\/posts"}],"about":[{"href":"https:\/\/vieassociative.be\/actualites\/wp-json\/wp\/v2\/types\/post"}],"author":[{"embeddable":true,"href":"https:\/\/vieassociative.be\/actualites\/wp-json\/wp\/v2\/users\/1"}],"replies":[{"embeddable":true,"href":"https:\/\/vieassociative.be\/actualites\/wp-json\/wp\/v2\/comments?post=9459"}],"version-history":[{"count":0,"href":"https:\/\/vieassociative.be\/actualites\/wp-json\/wp\/v2\/posts\/9459\/revisions"}],"wp:featuredmedia":[{"embeddable":true,"href":"https:\/\/vieassociative.be\/actualites\/wp-json\/wp\/v2\/media\/9460"}],"wp:attachment":[{"href":"https:\/\/vieassociative.be\/actualites\/wp-json\/wp\/v2\/media?parent=9459"}],"wp:term":[{"taxonomy":"category","embeddable":true,"href":"https:\/\/vieassociative.be\/actualites\/wp-json\/wp\/v2\/categories?post=9459"},{"taxonomy":"post_tag","embeddable":true,"href":"https:\/\/vieassociative.be\/actualites\/wp-json\/wp\/v2\/tags?post=9459"}],"curies":[{"name":"wp","href":"https:\/\/api.w.org\/{rel}","templated":true}]}}