{"id":9456,"date":"2025-08-17T16:17:19","date_gmt":"2025-08-17T14:17:19","guid":{"rendered":"https:\/\/vieassociative.be\/actualites\/eupen-a-egalement-des-surprises-pour-les-habitants-city-tour-le-31-aout\/"},"modified":"2025-08-17T16:17:19","modified_gmt":"2025-08-17T14:17:19","slug":"eupen-a-egalement-des-surprises-pour-les-habitants-city-tour-le-31-aout","status":"publish","type":"post","link":"https:\/\/vieassociative.be\/actualites\/eupen-a-egalement-des-surprises-pour-les-habitants-city-tour-le-31-aout\/","title":{"rendered":"\u00ab\u00a0Eupen a \u00e9galement des surprises pour les habitants\u00a0\u00bb: City Tour le 31 ao\u00fbt"},"content":{"rendered":"<p><strong>Les visites urbaines qui sont effectu\u00e9es r\u00e9guli\u00e8rement ne visent pas exclusivement sur les visiteurs \u00e9trangers. Le dimanche 31 ao\u00fbt 2025, une visite publique de la ville aura lieu, qui est \u00e9galement destin\u00e9e aux habitants. <\/strong><\/p>\n<p><span id=\"more-422568\"><\/span>\u00ab\u00a0Que ce soit bizarre, idiosyncrasique ou tout simplement \u00e9tonnant &#8211; Eupen a \u00e9galement quelques surprises pour les habitants\u00a0\u00bb, explique un message de Tourist Info Eupen.<\/p>\n<div id=\"attachment_193779\" class=\"wp-caption alignleft\" style=\"max-width: 300px\"><img fetchpriority=\"high\" decoding=\"async\" class=\"wp-image-193779 size-medium\" src=\"https:\/\/vieassociative.be\/actualites\/wp-content\/uploads\/2025\/08\/Eupen-a-egalement-des-surprises-pour-les-habitants-City-Tour.jpeg\" alt=\"\" width=\"300\" height=\"225\"  ><\/div>\n<p>Joseph Ganser m\u00e8ne la ville \u00e0 14 h. \u00ab\u00a0Accompagner Joseph Ganser lors d&rsquo;une tourn\u00e9e de ville passionnante d&rsquo;Eupen &#8211; la petite capitale de la communaut\u00e9 allemande en Belgique &#8211; et d\u00e9couvrez votre importance surprenante dans un pays avec quatre pouvoirs et trois langues officielles. D\u00e9couvrez un voyage divertissant \u00e0 travers l&rsquo;histoire, l&rsquo;identit\u00e9 culturelle et les particularit\u00e9s politiques de l&rsquo;Est Belgique.\u00a0\u00bb<\/p>\n<p>La visite de la ville dure environ deux heures. Le point de rencontre est l&rsquo;info touristique Eupen, Rathausplatz 14. Les frais de participation sont de 6 euros par personne (enfants jusqu&rsquo;\u00e0 12 ans gratuitement). Vous pouvez payer en esp\u00e8ces \u00e0 l&rsquo;avance, par contact bancaire au bureau ou par transfert bancaire \u00e0 BE25 7312 0050 0082. L&rsquo;inscription est requise \u00e0 Tel. 087\/55 34 50 ou par e-mail <u>info@rsm-eupen.be<\/u><\/p>\n","protected":false},"excerpt":{"rendered":"<p>Les visites urbaines qui sont effectu\u00e9es r\u00e9guli\u00e8rement ne visent pas exclusivement sur les visiteurs \u00e9trangers. Le dimanche 31 ao\u00fbt 2025, une visite publique de la<\/p>\n","protected":false},"author":1,"featured_media":9457,"comment_status":"","ping_status":"","sticky":false,"template":"","format":"standard","meta":{"footnotes":""},"categories":[298],"tags":[1778,745,29,172,2329,8199,14,81,8198,2443],"class_list":["post-9456","post","type-post","status-publish","format-standard","has-post-thumbnail","hentry","category-belgique","tag-aout","tag-city","tag-des","tag-egalement","tag-eupen","tag-habitants","tag-les","tag-pour","tag-surprises","tag-tour","generate-columns","tablet-grid-50","mobile-grid-100","grid-parent","grid-33"],"yoast_head":"<!-- This site is optimized with the Yoast SEO plugin v24.0 - https:\/\/yoast.com\/wordpress\/plugins\/seo\/ -->\n<title>&quot;Eupen a \u00e9galement des surprises pour les habitants&quot;: City Tour le 31 ao\u00fbt | Vie Associative<\/title>\n<meta name=\"robots\" content=\"index, follow, max-snippet:-1, max-image-preview:large, max-video-preview:-1\" \/>\n<link rel=\"canonical\" href=\"https:\/\/vieassociative.be\/actualites\/eupen-a-egalement-des-surprises-pour-les-habitants-city-tour-le-31-aout\/\" \/>\n<meta property=\"og:locale\" content=\"fr_FR\" \/>\n<meta property=\"og:type\" content=\"article\" \/>\n<meta property=\"og:title\" content=\"&quot;Eupen a \u00e9galement des surprises pour les habitants&quot;: City Tour le 31 ao\u00fbt | Vie Associative\" \/>\n<meta property=\"og:description\" content=\"Les visites urbaines qui sont effectu\u00e9es r\u00e9guli\u00e8rement ne visent pas exclusivement sur les visiteurs \u00e9trangers. Le dimanche 31 ao\u00fbt 2025, une visite publique de la\" \/>\n<meta property=\"og:url\" content=\"https:\/\/vieassociative.be\/actualites\/eupen-a-egalement-des-surprises-pour-les-habitants-city-tour-le-31-aout\/\" \/>\n<meta property=\"og:site_name\" content=\"Vie Associative\" \/>\n<meta property=\"article:published_time\" content=\"2025-08-17T14:17:19+00:00\" \/>\n<meta property=\"og:image\" content=\"https:\/\/vieassociative.be\/actualites\/wp-content\/uploads\/2024\/09\/header_backgroundk-01-e1726694325946.png\" \/>\n\t<meta property=\"og:image:width\" content=\"279\" \/>\n\t<meta property=\"og:image:height\" content=\"92\" \/>\n\t<meta property=\"og:image:type\" content=\"image\/png\" \/>\n<meta name=\"author\" content=\"Julien\" \/>\n<meta name=\"twitter:card\" content=\"summary_large_image\" \/>\n<meta name=\"twitter:label1\" content=\"\u00c9crit par\" \/>\n\t<meta name=\"twitter:data1\" content=\"Julien\" \/>\n\t<meta name=\"twitter:label2\" content=\"Dur\u00e9e de lecture est.\" \/>\n\t<meta name=\"twitter:data2\" content=\"1 minute\" \/>\n<script type=\"application\/ld+json\" class=\"yoast-schema-graph\">{\"@context\":\"https:\/\/schema.org\",\"@graph\":[{\"@type\":\"Article\",\"@id\":\"https:\/\/vieassociative.be\/actualites\/eupen-a-egalement-des-surprises-pour-les-habitants-city-tour-le-31-aout\/#article\",\"isPartOf\":{\"@id\":\"https:\/\/vieassociative.be\/actualites\/eupen-a-egalement-des-surprises-pour-les-habitants-city-tour-le-31-aout\/\"},\"author\":{\"name\":\"Julien\",\"@id\":\"https:\/\/vieassociative.be\/actualites\/#\/schema\/person\/b87ac4f82f9d4e7b7cec7395b679edc4\"},\"headline\":\"\u00ab\u00a0Eupen a \u00e9galement des surprises pour les habitants\u00a0\u00bb: City Tour le 31 ao\u00fbt\",\"datePublished\":\"2025-08-17T14:17:19+00:00\",\"dateModified\":\"2025-08-17T14:17:19+00:00\",\"mainEntityOfPage\":{\"@id\":\"https:\/\/vieassociative.be\/actualites\/eupen-a-egalement-des-surprises-pour-les-habitants-city-tour-le-31-aout\/\"},\"wordCount\":203,\"publisher\":{\"@id\":\"https:\/\/vieassociative.be\/actualites\/#organization\"},\"image\":{\"@id\":\"https:\/\/vieassociative.be\/actualites\/eupen-a-egalement-des-surprises-pour-les-habitants-city-tour-le-31-aout\/#primaryimage\"},\"thumbnailUrl\":\"https:\/\/vieassociative.be\/actualites\/wp-content\/uploads\/2025\/08\/Eupen-a-egalement-des-surprises-pour-les-habitants-City-Tour.jpg\",\"keywords\":[\"ao\u00fbt\",\"City\",\"Des\",\"\u00e9galement\",\"Eupen\",\"habitants\",\"Les\",\"pour\",\"surprises\",\"Tour\"],\"articleSection\":[\"Belgique\"],\"inLanguage\":\"fr-BE\"},{\"@type\":\"WebPage\",\"@id\":\"https:\/\/vieassociative.be\/actualites\/eupen-a-egalement-des-surprises-pour-les-habitants-city-tour-le-31-aout\/\",\"url\":\"https:\/\/vieassociative.be\/actualites\/eupen-a-egalement-des-surprises-pour-les-habitants-city-tour-le-31-aout\/\",\"name\":\"\\\"Eupen a \u00e9galement des surprises pour les habitants\\\": City Tour le 31 ao\u00fbt | Vie Associative\",\"isPartOf\":{\"@id\":\"https:\/\/vieassociative.be\/actualites\/#website\"},\"primaryImageOfPage\":{\"@id\":\"https:\/\/vieassociative.be\/actualites\/eupen-a-egalement-des-surprises-pour-les-habitants-city-tour-le-31-aout\/#primaryimage\"},\"image\":{\"@id\":\"https:\/\/vieassociative.be\/actualites\/eupen-a-egalement-des-surprises-pour-les-habitants-city-tour-le-31-aout\/#primaryimage\"},\"thumbnailUrl\":\"https:\/\/vieassociative.be\/actualites\/wp-content\/uploads\/2025\/08\/Eupen-a-egalement-des-surprises-pour-les-habitants-City-Tour.jpg\",\"datePublished\":\"2025-08-17T14:17:19+00:00\",\"dateModified\":\"2025-08-17T14:17:19+00:00\",\"breadcrumb\":{\"@id\":\"https:\/\/vieassociative.be\/actualites\/eupen-a-egalement-des-surprises-pour-les-habitants-city-tour-le-31-aout\/#breadcrumb\"},\"inLanguage\":\"fr-BE\",\"potentialAction\":[{\"@type\":\"ReadAction\",\"target\":[\"https:\/\/vieassociative.be\/actualites\/eupen-a-egalement-des-surprises-pour-les-habitants-city-tour-le-31-aout\/\"]}]},{\"@type\":\"ImageObject\",\"inLanguage\":\"fr-BE\",\"@id\":\"https:\/\/vieassociative.be\/actualites\/eupen-a-egalement-des-surprises-pour-les-habitants-city-tour-le-31-aout\/#primaryimage\",\"url\":\"https:\/\/vieassociative.be\/actualites\/wp-content\/uploads\/2025\/08\/Eupen-a-egalement-des-surprises-pour-les-habitants-City-Tour.jpg\",\"contentUrl\":\"https:\/\/vieassociative.be\/actualites\/wp-content\/uploads\/2025\/08\/Eupen-a-egalement-des-surprises-pour-les-habitants-City-Tour.jpg\",\"width\":1200,\"height\":460,\"caption\":\"\\\"Eupen a \u00e9galement des surprises pour les habitants\\\": City Tour le 31 ao\u00fbt\"},{\"@type\":\"BreadcrumbList\",\"@id\":\"https:\/\/vieassociative.be\/actualites\/eupen-a-egalement-des-surprises-pour-les-habitants-city-tour-le-31-aout\/#breadcrumb\",\"itemListElement\":[{\"@type\":\"ListItem\",\"position\":1,\"name\":\"Accueil\",\"item\":\"https:\/\/vieassociative.be\/actualites\/\"},{\"@type\":\"ListItem\",\"position\":2,\"name\":\"\u00ab\u00a0Eupen a \u00e9galement des surprises pour les habitants\u00a0\u00bb: City Tour le 31 ao\u00fbt\"}]},{\"@type\":\"WebSite\",\"@id\":\"https:\/\/vieassociative.be\/actualites\/#website\",\"url\":\"https:\/\/vieassociative.be\/actualites\/\",\"name\":\"Vie Associative\",\"description\":\"\",\"publisher\":{\"@id\":\"https:\/\/vieassociative.be\/actualites\/#organization\"},\"potentialAction\":[{\"@type\":\"SearchAction\",\"target\":{\"@type\":\"EntryPoint\",\"urlTemplate\":\"https:\/\/vieassociative.be\/actualites\/?s={search_term_string}\"},\"query-input\":{\"@type\":\"PropertyValueSpecification\",\"valueRequired\":true,\"valueName\":\"search_term_string\"}}],\"inLanguage\":\"fr-BE\"},{\"@type\":\"Organization\",\"@id\":\"https:\/\/vieassociative.be\/actualites\/#organization\",\"name\":\"Vie Associative\",\"url\":\"https:\/\/vieassociative.be\/actualites\/\",\"logo\":{\"@type\":\"ImageObject\",\"inLanguage\":\"fr-BE\",\"@id\":\"https:\/\/vieassociative.be\/actualites\/#\/schema\/logo\/image\/\",\"url\":\"https:\/\/vieassociative.be\/actualites\/wp-content\/uploads\/2024\/09\/cropped-vieassociative_favicon.ico.png\",\"contentUrl\":\"https:\/\/vieassociative.be\/actualites\/wp-content\/uploads\/2024\/09\/cropped-vieassociative_favicon.ico.png\",\"width\":512,\"height\":512,\"caption\":\"Vie Associative\"},\"image\":{\"@id\":\"https:\/\/vieassociative.be\/actualites\/#\/schema\/logo\/image\/\"}},{\"@type\":\"Person\",\"@id\":\"https:\/\/vieassociative.be\/actualites\/#\/schema\/person\/b87ac4f82f9d4e7b7cec7395b679edc4\",\"name\":\"Julien\",\"image\":{\"@type\":\"ImageObject\",\"inLanguage\":\"fr-BE\",\"@id\":\"https:\/\/vieassociative.be\/actualites\/#\/schema\/person\/image\/\",\"url\":\"https:\/\/vieassociative.be\/actualites\/wp-content\/uploads\/2024\/09\/vie-associative-1-150x150.jpg\",\"contentUrl\":\"https:\/\/vieassociative.be\/actualites\/wp-content\/uploads\/2024\/09\/vie-associative-1-150x150.jpg\",\"caption\":\"Julien\"},\"description\":\"Je suis Julien, r\u00e9dacteur pour Vie Associative. Passionn\u00e9 par le monde associatif depuis plus de 10 ans, j'ai \u00e0 c\u0153ur de partager des histoires inspirantes et de mettre en lumi\u00e8re les initiatives locales. Mon objectif est de sensibiliser et d'encourager l'engagement communautaire \u00e0 travers mes articles.\",\"sameAs\":[\"https:\/\/vieassociative.be\/\"]}]}<\/script>\n<!-- \/ Yoast SEO plugin. -->","yoast_head_json":{"title":"\"Eupen a \u00e9galement des surprises pour les habitants\": City Tour le 31 ao\u00fbt | Vie Associative","robots":{"index":"index","follow":"follow","max-snippet":"max-snippet:-1","max-image-preview":"max-image-preview:large","max-video-preview":"max-video-preview:-1"},"canonical":"https:\/\/vieassociative.be\/actualites\/eupen-a-egalement-des-surprises-pour-les-habitants-city-tour-le-31-aout\/","og_locale":"fr_FR","og_type":"article","og_title":"\"Eupen a \u00e9galement des surprises pour les habitants\": City Tour le 31 ao\u00fbt | Vie Associative","og_description":"Les visites urbaines qui sont effectu\u00e9es r\u00e9guli\u00e8rement ne visent pas exclusivement sur les visiteurs \u00e9trangers. Le dimanche 31 ao\u00fbt 2025, une visite publique de la","og_url":"https:\/\/vieassociative.be\/actualites\/eupen-a-egalement-des-surprises-pour-les-habitants-city-tour-le-31-aout\/","og_site_name":"Vie Associative","article_published_time":"2025-08-17T14:17:19+00:00","og_image":[{"width":279,"height":92,"url":"https:\/\/vieassociative.be\/actualites\/wp-content\/uploads\/2024\/09\/header_backgroundk-01-e1726694325946.png","type":"image\/png"}],"author":"Julien","twitter_card":"summary_large_image","twitter_misc":{"\u00c9crit par":"Julien","Dur\u00e9e de lecture est.":"1 minute"},"schema":{"@context":"https:\/\/schema.org","@graph":[{"@type":"Article","@id":"https:\/\/vieassociative.be\/actualites\/eupen-a-egalement-des-surprises-pour-les-habitants-city-tour-le-31-aout\/#article","isPartOf":{"@id":"https:\/\/vieassociative.be\/actualites\/eupen-a-egalement-des-surprises-pour-les-habitants-city-tour-le-31-aout\/"},"author":{"name":"Julien","@id":"https:\/\/vieassociative.be\/actualites\/#\/schema\/person\/b87ac4f82f9d4e7b7cec7395b679edc4"},"headline":"\u00ab\u00a0Eupen a \u00e9galement des surprises pour les habitants\u00a0\u00bb: City Tour le 31 ao\u00fbt","datePublished":"2025-08-17T14:17:19+00:00","dateModified":"2025-08-17T14:17:19+00:00","mainEntityOfPage":{"@id":"https:\/\/vieassociative.be\/actualites\/eupen-a-egalement-des-surprises-pour-les-habitants-city-tour-le-31-aout\/"},"wordCount":203,"publisher":{"@id":"https:\/\/vieassociative.be\/actualites\/#organization"},"image":{"@id":"https:\/\/vieassociative.be\/actualites\/eupen-a-egalement-des-surprises-pour-les-habitants-city-tour-le-31-aout\/#primaryimage"},"thumbnailUrl":"https:\/\/vieassociative.be\/actualites\/wp-content\/uploads\/2025\/08\/Eupen-a-egalement-des-surprises-pour-les-habitants-City-Tour.jpg","keywords":["ao\u00fbt","City","Des","\u00e9galement","Eupen","habitants","Les","pour","surprises","Tour"],"articleSection":["Belgique"],"inLanguage":"fr-BE"},{"@type":"WebPage","@id":"https:\/\/vieassociative.be\/actualites\/eupen-a-egalement-des-surprises-pour-les-habitants-city-tour-le-31-aout\/","url":"https:\/\/vieassociative.be\/actualites\/eupen-a-egalement-des-surprises-pour-les-habitants-city-tour-le-31-aout\/","name":"\"Eupen a \u00e9galement des surprises pour les habitants\": City Tour le 31 ao\u00fbt | Vie Associative","isPartOf":{"@id":"https:\/\/vieassociative.be\/actualites\/#website"},"primaryImageOfPage":{"@id":"https:\/\/vieassociative.be\/actualites\/eupen-a-egalement-des-surprises-pour-les-habitants-city-tour-le-31-aout\/#primaryimage"},"image":{"@id":"https:\/\/vieassociative.be\/actualites\/eupen-a-egalement-des-surprises-pour-les-habitants-city-tour-le-31-aout\/#primaryimage"},"thumbnailUrl":"https:\/\/vieassociative.be\/actualites\/wp-content\/uploads\/2025\/08\/Eupen-a-egalement-des-surprises-pour-les-habitants-City-Tour.jpg","datePublished":"2025-08-17T14:17:19+00:00","dateModified":"2025-08-17T14:17:19+00:00","breadcrumb":{"@id":"https:\/\/vieassociative.be\/actualites\/eupen-a-egalement-des-surprises-pour-les-habitants-city-tour-le-31-aout\/#breadcrumb"},"inLanguage":"fr-BE","potentialAction":[{"@type":"ReadAction","target":["https:\/\/vieassociative.be\/actualites\/eupen-a-egalement-des-surprises-pour-les-habitants-city-tour-le-31-aout\/"]}]},{"@type":"ImageObject","inLanguage":"fr-BE","@id":"https:\/\/vieassociative.be\/actualites\/eupen-a-egalement-des-surprises-pour-les-habitants-city-tour-le-31-aout\/#primaryimage","url":"https:\/\/vieassociative.be\/actualites\/wp-content\/uploads\/2025\/08\/Eupen-a-egalement-des-surprises-pour-les-habitants-City-Tour.jpg","contentUrl":"https:\/\/vieassociative.be\/actualites\/wp-content\/uploads\/2025\/08\/Eupen-a-egalement-des-surprises-pour-les-habitants-City-Tour.jpg","width":1200,"height":460,"caption":"\"Eupen a \u00e9galement des surprises pour les habitants\": City Tour le 31 ao\u00fbt"},{"@type":"BreadcrumbList","@id":"https:\/\/vieassociative.be\/actualites\/eupen-a-egalement-des-surprises-pour-les-habitants-city-tour-le-31-aout\/#breadcrumb","itemListElement":[{"@type":"ListItem","position":1,"name":"Accueil","item":"https:\/\/vieassociative.be\/actualites\/"},{"@type":"ListItem","position":2,"name":"\u00ab\u00a0Eupen a \u00e9galement des surprises pour les habitants\u00a0\u00bb: City Tour le 31 ao\u00fbt"}]},{"@type":"WebSite","@id":"https:\/\/vieassociative.be\/actualites\/#website","url":"https:\/\/vieassociative.be\/actualites\/","name":"Vie Associative","description":"","publisher":{"@id":"https:\/\/vieassociative.be\/actualites\/#organization"},"potentialAction":[{"@type":"SearchAction","target":{"@type":"EntryPoint","urlTemplate":"https:\/\/vieassociative.be\/actualites\/?s={search_term_string}"},"query-input":{"@type":"PropertyValueSpecification","valueRequired":true,"valueName":"search_term_string"}}],"inLanguage":"fr-BE"},{"@type":"Organization","@id":"https:\/\/vieassociative.be\/actualites\/#organization","name":"Vie Associative","url":"https:\/\/vieassociative.be\/actualites\/","logo":{"@type":"ImageObject","inLanguage":"fr-BE","@id":"https:\/\/vieassociative.be\/actualites\/#\/schema\/logo\/image\/","url":"https:\/\/vieassociative.be\/actualites\/wp-content\/uploads\/2024\/09\/cropped-vieassociative_favicon.ico.png","contentUrl":"https:\/\/vieassociative.be\/actualites\/wp-content\/uploads\/2024\/09\/cropped-vieassociative_favicon.ico.png","width":512,"height":512,"caption":"Vie Associative"},"image":{"@id":"https:\/\/vieassociative.be\/actualites\/#\/schema\/logo\/image\/"}},{"@type":"Person","@id":"https:\/\/vieassociative.be\/actualites\/#\/schema\/person\/b87ac4f82f9d4e7b7cec7395b679edc4","name":"Julien","image":{"@type":"ImageObject","inLanguage":"fr-BE","@id":"https:\/\/vieassociative.be\/actualites\/#\/schema\/person\/image\/","url":"https:\/\/vieassociative.be\/actualites\/wp-content\/uploads\/2024\/09\/vie-associative-1-150x150.jpg","contentUrl":"https:\/\/vieassociative.be\/actualites\/wp-content\/uploads\/2024\/09\/vie-associative-1-150x150.jpg","caption":"Julien"},"description":"Je suis Julien, r\u00e9dacteur pour Vie Associative. Passionn\u00e9 par le monde associatif depuis plus de 10 ans, j'ai \u00e0 c\u0153ur de partager des histoires inspirantes et de mettre en lumi\u00e8re les initiatives locales. Mon objectif est de sensibiliser et d'encourager l'engagement communautaire \u00e0 travers mes articles.","sameAs":["https:\/\/vieassociative.be\/"]}]}},"_links":{"self":[{"href":"https:\/\/vieassociative.be\/actualites\/wp-json\/wp\/v2\/posts\/9456"}],"collection":[{"href":"https:\/\/vieassociative.be\/actualites\/wp-json\/wp\/v2\/posts"}],"about":[{"href":"https:\/\/vieassociative.be\/actualites\/wp-json\/wp\/v2\/types\/post"}],"author":[{"embeddable":true,"href":"https:\/\/vieassociative.be\/actualites\/wp-json\/wp\/v2\/users\/1"}],"replies":[{"embeddable":true,"href":"https:\/\/vieassociative.be\/actualites\/wp-json\/wp\/v2\/comments?post=9456"}],"version-history":[{"count":0,"href":"https:\/\/vieassociative.be\/actualites\/wp-json\/wp\/v2\/posts\/9456\/revisions"}],"wp:featuredmedia":[{"embeddable":true,"href":"https:\/\/vieassociative.be\/actualites\/wp-json\/wp\/v2\/media\/9457"}],"wp:attachment":[{"href":"https:\/\/vieassociative.be\/actualites\/wp-json\/wp\/v2\/media?parent=9456"}],"wp:term":[{"taxonomy":"category","embeddable":true,"href":"https:\/\/vieassociative.be\/actualites\/wp-json\/wp\/v2\/categories?post=9456"},{"taxonomy":"post_tag","embeddable":true,"href":"https:\/\/vieassociative.be\/actualites\/wp-json\/wp\/v2\/tags?post=9456"}],"curies":[{"name":"wp","href":"https:\/\/api.w.org\/{rel}","templated":true}]}}