{"id":9448,"date":"2025-08-17T09:19:46","date_gmt":"2025-08-17T07:19:46","guid":{"rendered":"https:\/\/vieassociative.be\/actualites\/sept-mises-a-niveau-temporaire-de-salle-de-bain-conviviale\/"},"modified":"2025-08-17T09:19:46","modified_gmt":"2025-08-17T07:19:46","slug":"sept-mises-a-niveau-temporaire-de-salle-de-bain-conviviale","status":"publish","type":"post","link":"https:\/\/vieassociative.be\/actualites\/sept-mises-a-niveau-temporaire-de-salle-de-bain-conviviale\/","title":{"rendered":"Sept mises \u00e0 niveau temporaire de salle de bain conviviale"},"content":{"rendered":"<div class=\"mt-4 leading-6 md:mb-8\">Bon march\u00e9, attrayant et 100% r\u00e9versible.<\/div>\n<p><\/p>\n<p>L&rsquo;un des plus grands inconv\u00e9nients de la location est le manque de contr\u00f4le sur votre environnement &#8211; et cela s&rsquo;\u00e9tend au domaine le plus intime de votre maison: la salle de bain. Peut-\u00eatre que c&rsquo;est bien, si votre propri\u00e9taire l&rsquo;a mis \u00e0 jour \u00e0 un moment donn\u00e9 au cours des deux derni\u00e8res d\u00e9cennies. Sinon, vous pouvez vous sentir coinc\u00e9, sans la libert\u00e9 (ou le budget) pour rendre l&rsquo;espace un peu plus agr\u00e9able. Mais vous avez des options.<\/p>\n<p>Les salles de bain peuvent \u00eatre mises \u00e0 jour facilement &#8211; et \u00e0 peu de frais &#8211; de mani\u00e8re \u00e0 ne pas menacer votre d\u00e9p\u00f4t de garantie. Quelques achats abordables et quelques heures de votre temps sont tout ce dont vous avez besoin pour transformer une salle de bain \u00abpropri\u00e9taire sp\u00e9ciale\u00bb terne en un espace plus luxueux o\u00f9 vous pouvez nettoyer avec style. Voici sept mises \u00e0 niveau de salle de bain peu co\u00fbteuses, conviviales et totalement r\u00e9versibles, vous pouvez bricolage avec un savoir-faire minimal.<\/p>\n<h2 id=\"replace-the-shower-head\">Remplacez la pomme de douche<\/h2>\n<p>L&rsquo;une des modifications les plus simples et sans risque que vous pouvez apporter \u00e0 votre salle de bain est de mettre \u00e0 niveau la pomme de douche. Tout ce dont vous avez besoin est une cl\u00e9 \u00e0 r\u00e9glage r\u00e9glable et une bande de t\u00e9flon, que vous pouvez trouver dans n&rsquo;importe quel magasin de quincaillerie. Retirez la pomme de douche avec la cl\u00e9 (collez l&rsquo;\u00e9crou de la connexion ou couvrez-le avec un chiffon avant de commencer \u00e0 le travailler, pour \u00e9viter de gratter l&rsquo;ancienne pomme de douche), nettoyez les fils, appliquez du ruban \u00e0 t\u00e9flon frais et fixez le nouveau luminaire. Testez des fuites et vous \u00eates dor\u00e9. Vous pouvez m\u00eame passer \u00e0 une pomme de douche fantaisie avec un bras d&rsquo;extension sans trop d&rsquo;efforts suppl\u00e9mentaires, offrant cette exp\u00e9rience de spa compl\u00e8te.<\/p>\n<h2 id=\"replace-the-curtain-with-stick-on-shower-doors\">Remplacez le rideau par des portes de douche \u00e0 b\u00e2ton<\/h2>\n<p>Si vous trouvez un rideau de douche visqueux qui vous collant et se transformant en une ferme de moisissure pour \u00eatre une exp\u00e9rience de salle de bain moins qu&rsquo;id\u00e9ale, r\u00e9jouissez-vous: vous pouvez abandonner le rideau de douche et passer \u00e0 une porte de baignoire si vous avez une baignoire avec un bord plat. Cette porte de douche en b\u00e2ton ajoute une touche de style, \u00e9limine le rideau de douche brut et installe non seulement en quelques minutes, mais est facilement retir\u00e9 lorsque vous \u00eates pr\u00eat \u00e0 d\u00e9m\u00e9nager.<\/p>\n<h2 id=\"add-peel-and-stick-wall-tiles\">Ajouter les carreaux de mur pel-et-b\u00e2ton<\/h2>\n<p>Une solution classique pour une mise \u00e0 niveau temporaire vers n&rsquo;importe quelle zone, les carreaux de pelage et de b\u00e2ton peuvent transformer les murs de votre salle de bain d&rsquo;un mat\u00e9riau d\u00e9cevant de niveau constructeur en quelque chose qui a l&rsquo;air frais et moderne, le tout sans endommager les murs vous obligeant \u00e0 d\u00e9penser beaucoup. Bien que l&rsquo;installation de cela prenne correctement du temps et des soins, ce n&rsquo;est pas terriblement difficile et les r\u00e9sultats peuvent \u00eatre dramatiques. <\/p>\n<p>Notez que si vous souhaitez utiliser des carreaux de pelage et de b\u00e2ton dans votre douche, vous devrez rechercher des options imperm\u00e9ables &#8211; pas juste des tuiles qui sont de l&rsquo;eau <em>r\u00e9sistant<\/em>. Sinon, vos carreaux peuvent ne pas rester sur le mur pendant longtemps et peuvent encourager la croissance des moisissures.<\/p>\n<h2 id=\"update-the-mirror\">Mettre \u00e0 jour le miroir <\/h2>\n<p>L&rsquo;une des fa\u00e7ons les plus simples de glamour une simple salle de bain est d&rsquo;\u00e9changer le miroir de qualit\u00e9 constructeur pour une version plus sophistiqu\u00e9e qui refl\u00e8te mieux votre style et l&rsquo;ambiance globale de la salle de bain que vous organisez. Si le miroir est juste accroch\u00e9 au mur, il s&rsquo;agit simplement de choisir un remplacement, de stocker soigneusement l&rsquo;ancien miroir et de suspendre le nouveau.<\/p>\n<p>Si le miroir est coll\u00e9 au mur, ce n&rsquo;est pas une option conviviale, malheureusement. Dans ce cas, vous pouvez jazz le miroir existant en ajoutant un cadre audacieux et accrocheur. Si vous \u00eates \u00e0 port\u00e9e de main, vous pouvez couper des pi\u00e8ces de finition pour cr\u00e9er un cadre autour du miroir ou acheter des bandes de bordure adh\u00e9sives amovibles pour le contourner. Un peu de pr\u00e9cision et de soin vous donnera un r\u00e9sultat frappant qui fait instantan\u00e9ment le miroir \u00e0 une installation sur mesure au lieu de l&rsquo;option en vrac la moins ch\u00e8re.<\/p>\n<h2 id=\"replace-the-hardware\">Remplacer le mat\u00e9riel<\/h2>\n<p>Une autre astuce universelle pour \u00e9lever l&rsquo;apparence d&rsquo;une salle de bain est d&rsquo;\u00e9changer tout le mat\u00e9riel amovible. Les tirages de l&rsquo;armoire, les plaques murales et m\u00eame le robinet peuvent \u00eatre retir\u00e9s, remplac\u00e9s, puis \u00e9chang\u00e9s \u00e0 nouveau lorsque le temps vient de s&rsquo;\u00e9carter de la location. Cela peut \u00eatre particuli\u00e8rement efficace si le mat\u00e9riel existant n&rsquo;a pas \u00e9t\u00e9 mis \u00e0 jour (ou nettoy\u00e9 efficacement) depuis des ann\u00e9es.<\/p>\n<h2 id=\"add-adhesive-hooks-and-bars\">Ajouter des crochets et des barres adh\u00e9sifs<\/h2>\n<p>Si votre salle de bain n&rsquo;a pas assez d&rsquo;endroits pour accrocher des serviettes ou d&rsquo;autres articles, vous ne voudrez peut-\u00eatre pas briser le tournevis pour en installer plus, au cas o\u00f9 vous endommageriez quelque chose en cours de route. Mais l&rsquo;installation de certains crochets de commande d&rsquo;adh\u00e9sif est facile et pr\u00e9sente un risque z\u00e9ro pour votre d\u00e9p\u00f4t de garantie. Vous pouvez les mettre n&rsquo;importe o\u00f9 (m\u00eame sous la douche!), Vous offrant toutes les options de suspension dont vous avez besoin. Si la salle de bain n&rsquo;a pas de barre de serviette (ou que la barre est situ\u00e9e dans un endroit \u00e9trange qui n&rsquo;est pas pratique), vous pouvez m\u00eame en ajouter un r\u00e9glable en quelques minutes.<\/p>\n<h2 id=\"install-a-temporary-floor\">Installer un \u00e9tage temporaire<\/h2>\n<p>Un sol de salle de bain fatigu\u00e9 vous d\u00e9cevra chaque fois que vous sortez de la douche. Vous avez quelques options faciles et bon march\u00e9 pour embellir les choses sous les pieds sans briser le forage et la truelle du marteau:<\/p>\n<ul>\n<li>\n<p>Un grand tapis en vinyle peut \u00eatre coup\u00e9 pour s&rsquo;adapter \u00e0 l&rsquo;espace. Ces tapis peuvent imiter l&rsquo;apparence des tuiles, r\u00e9sistants \u00e0 l&rsquo;eau et se relever quand il est temps de passer \u00e0 autre chose.<\/p>\n<\/li>\n<li>\n<p>Les carreaux de pont peuvent fonctionner parfaitement dans une salle de bain, couvrant un mauvais sol et vous offrir une option \u00e9tanche et \u00e9l\u00e9gante qui est adapt\u00e9e aux pieds, facile \u00e0 installer et facile \u00e0 retirer.<\/p>\n<\/li>\n<li>\n<p>Les carreaux pel-et-b\u00e2ton sont \u00e9galement une option, tant que vous recherchez des carreaux con\u00e7us pour l&rsquo;utilisation des salles de bain et assurez-vous qu&rsquo;ils sont amovibles.<\/p>\n<\/li>\n<\/ul>\n","protected":false},"excerpt":{"rendered":"<p>Bon march\u00e9, attrayant et 100% r\u00e9versible. L&rsquo;un des plus grands inconv\u00e9nients de la location est le manque de contr\u00f4le sur votre environnement &#8211; et cela<\/p>\n","protected":false},"author":1,"featured_media":9449,"comment_status":"","ping_status":"","sticky":false,"template":"","format":"standard","meta":{"footnotes":""},"categories":[40],"tags":[2695,3467,588,3540,194,525,8197],"class_list":["post-9448","post","type-post","status-publish","format-standard","has-post-thumbnail","hentry","category-maison","tag-bain","tag-conviviale","tag-mises","tag-niveau","tag-salle","tag-sept","tag-temporaire","generate-columns","tablet-grid-50","mobile-grid-100","grid-parent","grid-33"],"yoast_head":"<!-- This site is optimized with the Yoast SEO plugin v24.0 - https:\/\/yoast.com\/wordpress\/plugins\/seo\/ -->\n<title>Sept mises \u00e0 niveau temporaire de salle de bain conviviale | Vie Associative<\/title>\n<meta name=\"robots\" content=\"index, follow, max-snippet:-1, max-image-preview:large, max-video-preview:-1\" \/>\n<link rel=\"canonical\" href=\"https:\/\/vieassociative.be\/actualites\/sept-mises-a-niveau-temporaire-de-salle-de-bain-conviviale\/\" \/>\n<meta property=\"og:locale\" content=\"fr_FR\" \/>\n<meta property=\"og:type\" content=\"article\" \/>\n<meta property=\"og:title\" content=\"Sept mises \u00e0 niveau temporaire de salle de bain conviviale | Vie Associative\" \/>\n<meta property=\"og:description\" content=\"Bon march\u00e9, attrayant et 100% r\u00e9versible. L&rsquo;un des plus grands inconv\u00e9nients de la location est le manque de contr\u00f4le sur votre environnement &#8211; et cela\" \/>\n<meta property=\"og:url\" content=\"https:\/\/vieassociative.be\/actualites\/sept-mises-a-niveau-temporaire-de-salle-de-bain-conviviale\/\" \/>\n<meta property=\"og:site_name\" content=\"Vie Associative\" \/>\n<meta property=\"article:published_time\" content=\"2025-08-17T07:19:46+00:00\" \/>\n<meta property=\"og:image\" content=\"https:\/\/vieassociative.be\/actualites\/wp-content\/uploads\/2024\/09\/header_backgroundk-01-e1726694325946.png\" \/>\n\t<meta property=\"og:image:width\" content=\"279\" \/>\n\t<meta property=\"og:image:height\" content=\"92\" \/>\n\t<meta property=\"og:image:type\" content=\"image\/png\" \/>\n<meta name=\"author\" content=\"Julien\" \/>\n<meta name=\"twitter:card\" content=\"summary_large_image\" \/>\n<meta name=\"twitter:label1\" content=\"\u00c9crit par\" \/>\n\t<meta name=\"twitter:data1\" content=\"Julien\" \/>\n\t<meta name=\"twitter:label2\" content=\"Dur\u00e9e de lecture est.\" \/>\n\t<meta name=\"twitter:data2\" content=\"5 minutes\" \/>\n<script type=\"application\/ld+json\" class=\"yoast-schema-graph\">{\"@context\":\"https:\/\/schema.org\",\"@graph\":[{\"@type\":\"Article\",\"@id\":\"https:\/\/vieassociative.be\/actualites\/sept-mises-a-niveau-temporaire-de-salle-de-bain-conviviale\/#article\",\"isPartOf\":{\"@id\":\"https:\/\/vieassociative.be\/actualites\/sept-mises-a-niveau-temporaire-de-salle-de-bain-conviviale\/\"},\"author\":{\"name\":\"Julien\",\"@id\":\"https:\/\/vieassociative.be\/actualites\/#\/schema\/person\/b87ac4f82f9d4e7b7cec7395b679edc4\"},\"headline\":\"Sept mises \u00e0 niveau temporaire de salle de bain conviviale\",\"datePublished\":\"2025-08-17T07:19:46+00:00\",\"dateModified\":\"2025-08-17T07:19:46+00:00\",\"mainEntityOfPage\":{\"@id\":\"https:\/\/vieassociative.be\/actualites\/sept-mises-a-niveau-temporaire-de-salle-de-bain-conviviale\/\"},\"wordCount\":1134,\"publisher\":{\"@id\":\"https:\/\/vieassociative.be\/actualites\/#organization\"},\"image\":{\"@id\":\"https:\/\/vieassociative.be\/actualites\/sept-mises-a-niveau-temporaire-de-salle-de-bain-conviviale\/#primaryimage\"},\"thumbnailUrl\":\"https:\/\/vieassociative.be\/actualites\/wp-content\/uploads\/2025\/08\/Sept-mises-a-niveau-temporaire-de-salle-de-bain-conviviale.png\",\"keywords\":[\"bain\",\"conviviale\",\"mises\",\"niveau\",\"salle\",\"Sept\",\"temporaire\"],\"articleSection\":[\"Maison\"],\"inLanguage\":\"fr-BE\"},{\"@type\":\"WebPage\",\"@id\":\"https:\/\/vieassociative.be\/actualites\/sept-mises-a-niveau-temporaire-de-salle-de-bain-conviviale\/\",\"url\":\"https:\/\/vieassociative.be\/actualites\/sept-mises-a-niveau-temporaire-de-salle-de-bain-conviviale\/\",\"name\":\"Sept mises \u00e0 niveau temporaire de salle de bain conviviale | Vie Associative\",\"isPartOf\":{\"@id\":\"https:\/\/vieassociative.be\/actualites\/#website\"},\"primaryImageOfPage\":{\"@id\":\"https:\/\/vieassociative.be\/actualites\/sept-mises-a-niveau-temporaire-de-salle-de-bain-conviviale\/#primaryimage\"},\"image\":{\"@id\":\"https:\/\/vieassociative.be\/actualites\/sept-mises-a-niveau-temporaire-de-salle-de-bain-conviviale\/#primaryimage\"},\"thumbnailUrl\":\"https:\/\/vieassociative.be\/actualites\/wp-content\/uploads\/2025\/08\/Sept-mises-a-niveau-temporaire-de-salle-de-bain-conviviale.png\",\"datePublished\":\"2025-08-17T07:19:46+00:00\",\"dateModified\":\"2025-08-17T07:19:46+00:00\",\"breadcrumb\":{\"@id\":\"https:\/\/vieassociative.be\/actualites\/sept-mises-a-niveau-temporaire-de-salle-de-bain-conviviale\/#breadcrumb\"},\"inLanguage\":\"fr-BE\",\"potentialAction\":[{\"@type\":\"ReadAction\",\"target\":[\"https:\/\/vieassociative.be\/actualites\/sept-mises-a-niveau-temporaire-de-salle-de-bain-conviviale\/\"]}]},{\"@type\":\"ImageObject\",\"inLanguage\":\"fr-BE\",\"@id\":\"https:\/\/vieassociative.be\/actualites\/sept-mises-a-niveau-temporaire-de-salle-de-bain-conviviale\/#primaryimage\",\"url\":\"https:\/\/vieassociative.be\/actualites\/wp-content\/uploads\/2025\/08\/Sept-mises-a-niveau-temporaire-de-salle-de-bain-conviviale.png\",\"contentUrl\":\"https:\/\/vieassociative.be\/actualites\/wp-content\/uploads\/2025\/08\/Sept-mises-a-niveau-temporaire-de-salle-de-bain-conviviale.png\",\"width\":1200,\"height\":675,\"caption\":\"Sept mises \u00e0 niveau temporaire de salle de bain conviviale\"},{\"@type\":\"BreadcrumbList\",\"@id\":\"https:\/\/vieassociative.be\/actualites\/sept-mises-a-niveau-temporaire-de-salle-de-bain-conviviale\/#breadcrumb\",\"itemListElement\":[{\"@type\":\"ListItem\",\"position\":1,\"name\":\"Accueil\",\"item\":\"https:\/\/vieassociative.be\/actualites\/\"},{\"@type\":\"ListItem\",\"position\":2,\"name\":\"Sept mises \u00e0 niveau temporaire de salle de bain conviviale\"}]},{\"@type\":\"WebSite\",\"@id\":\"https:\/\/vieassociative.be\/actualites\/#website\",\"url\":\"https:\/\/vieassociative.be\/actualites\/\",\"name\":\"Vie Associative\",\"description\":\"\",\"publisher\":{\"@id\":\"https:\/\/vieassociative.be\/actualites\/#organization\"},\"potentialAction\":[{\"@type\":\"SearchAction\",\"target\":{\"@type\":\"EntryPoint\",\"urlTemplate\":\"https:\/\/vieassociative.be\/actualites\/?s={search_term_string}\"},\"query-input\":{\"@type\":\"PropertyValueSpecification\",\"valueRequired\":true,\"valueName\":\"search_term_string\"}}],\"inLanguage\":\"fr-BE\"},{\"@type\":\"Organization\",\"@id\":\"https:\/\/vieassociative.be\/actualites\/#organization\",\"name\":\"Vie Associative\",\"url\":\"https:\/\/vieassociative.be\/actualites\/\",\"logo\":{\"@type\":\"ImageObject\",\"inLanguage\":\"fr-BE\",\"@id\":\"https:\/\/vieassociative.be\/actualites\/#\/schema\/logo\/image\/\",\"url\":\"https:\/\/vieassociative.be\/actualites\/wp-content\/uploads\/2024\/09\/cropped-vieassociative_favicon.ico.png\",\"contentUrl\":\"https:\/\/vieassociative.be\/actualites\/wp-content\/uploads\/2024\/09\/cropped-vieassociative_favicon.ico.png\",\"width\":512,\"height\":512,\"caption\":\"Vie Associative\"},\"image\":{\"@id\":\"https:\/\/vieassociative.be\/actualites\/#\/schema\/logo\/image\/\"}},{\"@type\":\"Person\",\"@id\":\"https:\/\/vieassociative.be\/actualites\/#\/schema\/person\/b87ac4f82f9d4e7b7cec7395b679edc4\",\"name\":\"Julien\",\"image\":{\"@type\":\"ImageObject\",\"inLanguage\":\"fr-BE\",\"@id\":\"https:\/\/vieassociative.be\/actualites\/#\/schema\/person\/image\/\",\"url\":\"https:\/\/vieassociative.be\/actualites\/wp-content\/uploads\/2024\/09\/vie-associative-1-150x150.jpg\",\"contentUrl\":\"https:\/\/vieassociative.be\/actualites\/wp-content\/uploads\/2024\/09\/vie-associative-1-150x150.jpg\",\"caption\":\"Julien\"},\"description\":\"Je suis Julien, r\u00e9dacteur pour Vie Associative. Passionn\u00e9 par le monde associatif depuis plus de 10 ans, j'ai \u00e0 c\u0153ur de partager des histoires inspirantes et de mettre en lumi\u00e8re les initiatives locales. Mon objectif est de sensibiliser et d'encourager l'engagement communautaire \u00e0 travers mes articles.\",\"sameAs\":[\"https:\/\/vieassociative.be\/\"]}]}<\/script>\n<!-- \/ Yoast SEO plugin. -->","yoast_head_json":{"title":"Sept mises \u00e0 niveau temporaire de salle de bain conviviale | Vie Associative","robots":{"index":"index","follow":"follow","max-snippet":"max-snippet:-1","max-image-preview":"max-image-preview:large","max-video-preview":"max-video-preview:-1"},"canonical":"https:\/\/vieassociative.be\/actualites\/sept-mises-a-niveau-temporaire-de-salle-de-bain-conviviale\/","og_locale":"fr_FR","og_type":"article","og_title":"Sept mises \u00e0 niveau temporaire de salle de bain conviviale | Vie Associative","og_description":"Bon march\u00e9, attrayant et 100% r\u00e9versible. L&rsquo;un des plus grands inconv\u00e9nients de la location est le manque de contr\u00f4le sur votre environnement &#8211; et cela","og_url":"https:\/\/vieassociative.be\/actualites\/sept-mises-a-niveau-temporaire-de-salle-de-bain-conviviale\/","og_site_name":"Vie Associative","article_published_time":"2025-08-17T07:19:46+00:00","og_image":[{"width":279,"height":92,"url":"https:\/\/vieassociative.be\/actualites\/wp-content\/uploads\/2024\/09\/header_backgroundk-01-e1726694325946.png","type":"image\/png"}],"author":"Julien","twitter_card":"summary_large_image","twitter_misc":{"\u00c9crit par":"Julien","Dur\u00e9e de lecture est.":"5 minutes"},"schema":{"@context":"https:\/\/schema.org","@graph":[{"@type":"Article","@id":"https:\/\/vieassociative.be\/actualites\/sept-mises-a-niveau-temporaire-de-salle-de-bain-conviviale\/#article","isPartOf":{"@id":"https:\/\/vieassociative.be\/actualites\/sept-mises-a-niveau-temporaire-de-salle-de-bain-conviviale\/"},"author":{"name":"Julien","@id":"https:\/\/vieassociative.be\/actualites\/#\/schema\/person\/b87ac4f82f9d4e7b7cec7395b679edc4"},"headline":"Sept mises \u00e0 niveau temporaire de salle de bain conviviale","datePublished":"2025-08-17T07:19:46+00:00","dateModified":"2025-08-17T07:19:46+00:00","mainEntityOfPage":{"@id":"https:\/\/vieassociative.be\/actualites\/sept-mises-a-niveau-temporaire-de-salle-de-bain-conviviale\/"},"wordCount":1134,"publisher":{"@id":"https:\/\/vieassociative.be\/actualites\/#organization"},"image":{"@id":"https:\/\/vieassociative.be\/actualites\/sept-mises-a-niveau-temporaire-de-salle-de-bain-conviviale\/#primaryimage"},"thumbnailUrl":"https:\/\/vieassociative.be\/actualites\/wp-content\/uploads\/2025\/08\/Sept-mises-a-niveau-temporaire-de-salle-de-bain-conviviale.png","keywords":["bain","conviviale","mises","niveau","salle","Sept","temporaire"],"articleSection":["Maison"],"inLanguage":"fr-BE"},{"@type":"WebPage","@id":"https:\/\/vieassociative.be\/actualites\/sept-mises-a-niveau-temporaire-de-salle-de-bain-conviviale\/","url":"https:\/\/vieassociative.be\/actualites\/sept-mises-a-niveau-temporaire-de-salle-de-bain-conviviale\/","name":"Sept mises \u00e0 niveau temporaire de salle de bain conviviale | Vie Associative","isPartOf":{"@id":"https:\/\/vieassociative.be\/actualites\/#website"},"primaryImageOfPage":{"@id":"https:\/\/vieassociative.be\/actualites\/sept-mises-a-niveau-temporaire-de-salle-de-bain-conviviale\/#primaryimage"},"image":{"@id":"https:\/\/vieassociative.be\/actualites\/sept-mises-a-niveau-temporaire-de-salle-de-bain-conviviale\/#primaryimage"},"thumbnailUrl":"https:\/\/vieassociative.be\/actualites\/wp-content\/uploads\/2025\/08\/Sept-mises-a-niveau-temporaire-de-salle-de-bain-conviviale.png","datePublished":"2025-08-17T07:19:46+00:00","dateModified":"2025-08-17T07:19:46+00:00","breadcrumb":{"@id":"https:\/\/vieassociative.be\/actualites\/sept-mises-a-niveau-temporaire-de-salle-de-bain-conviviale\/#breadcrumb"},"inLanguage":"fr-BE","potentialAction":[{"@type":"ReadAction","target":["https:\/\/vieassociative.be\/actualites\/sept-mises-a-niveau-temporaire-de-salle-de-bain-conviviale\/"]}]},{"@type":"ImageObject","inLanguage":"fr-BE","@id":"https:\/\/vieassociative.be\/actualites\/sept-mises-a-niveau-temporaire-de-salle-de-bain-conviviale\/#primaryimage","url":"https:\/\/vieassociative.be\/actualites\/wp-content\/uploads\/2025\/08\/Sept-mises-a-niveau-temporaire-de-salle-de-bain-conviviale.png","contentUrl":"https:\/\/vieassociative.be\/actualites\/wp-content\/uploads\/2025\/08\/Sept-mises-a-niveau-temporaire-de-salle-de-bain-conviviale.png","width":1200,"height":675,"caption":"Sept mises \u00e0 niveau temporaire de salle de bain conviviale"},{"@type":"BreadcrumbList","@id":"https:\/\/vieassociative.be\/actualites\/sept-mises-a-niveau-temporaire-de-salle-de-bain-conviviale\/#breadcrumb","itemListElement":[{"@type":"ListItem","position":1,"name":"Accueil","item":"https:\/\/vieassociative.be\/actualites\/"},{"@type":"ListItem","position":2,"name":"Sept mises \u00e0 niveau temporaire de salle de bain conviviale"}]},{"@type":"WebSite","@id":"https:\/\/vieassociative.be\/actualites\/#website","url":"https:\/\/vieassociative.be\/actualites\/","name":"Vie Associative","description":"","publisher":{"@id":"https:\/\/vieassociative.be\/actualites\/#organization"},"potentialAction":[{"@type":"SearchAction","target":{"@type":"EntryPoint","urlTemplate":"https:\/\/vieassociative.be\/actualites\/?s={search_term_string}"},"query-input":{"@type":"PropertyValueSpecification","valueRequired":true,"valueName":"search_term_string"}}],"inLanguage":"fr-BE"},{"@type":"Organization","@id":"https:\/\/vieassociative.be\/actualites\/#organization","name":"Vie Associative","url":"https:\/\/vieassociative.be\/actualites\/","logo":{"@type":"ImageObject","inLanguage":"fr-BE","@id":"https:\/\/vieassociative.be\/actualites\/#\/schema\/logo\/image\/","url":"https:\/\/vieassociative.be\/actualites\/wp-content\/uploads\/2024\/09\/cropped-vieassociative_favicon.ico.png","contentUrl":"https:\/\/vieassociative.be\/actualites\/wp-content\/uploads\/2024\/09\/cropped-vieassociative_favicon.ico.png","width":512,"height":512,"caption":"Vie Associative"},"image":{"@id":"https:\/\/vieassociative.be\/actualites\/#\/schema\/logo\/image\/"}},{"@type":"Person","@id":"https:\/\/vieassociative.be\/actualites\/#\/schema\/person\/b87ac4f82f9d4e7b7cec7395b679edc4","name":"Julien","image":{"@type":"ImageObject","inLanguage":"fr-BE","@id":"https:\/\/vieassociative.be\/actualites\/#\/schema\/person\/image\/","url":"https:\/\/vieassociative.be\/actualites\/wp-content\/uploads\/2024\/09\/vie-associative-1-150x150.jpg","contentUrl":"https:\/\/vieassociative.be\/actualites\/wp-content\/uploads\/2024\/09\/vie-associative-1-150x150.jpg","caption":"Julien"},"description":"Je suis Julien, r\u00e9dacteur pour Vie Associative. Passionn\u00e9 par le monde associatif depuis plus de 10 ans, j'ai \u00e0 c\u0153ur de partager des histoires inspirantes et de mettre en lumi\u00e8re les initiatives locales. Mon objectif est de sensibiliser et d'encourager l'engagement communautaire \u00e0 travers mes articles.","sameAs":["https:\/\/vieassociative.be\/"]}]}},"_links":{"self":[{"href":"https:\/\/vieassociative.be\/actualites\/wp-json\/wp\/v2\/posts\/9448"}],"collection":[{"href":"https:\/\/vieassociative.be\/actualites\/wp-json\/wp\/v2\/posts"}],"about":[{"href":"https:\/\/vieassociative.be\/actualites\/wp-json\/wp\/v2\/types\/post"}],"author":[{"embeddable":true,"href":"https:\/\/vieassociative.be\/actualites\/wp-json\/wp\/v2\/users\/1"}],"replies":[{"embeddable":true,"href":"https:\/\/vieassociative.be\/actualites\/wp-json\/wp\/v2\/comments?post=9448"}],"version-history":[{"count":0,"href":"https:\/\/vieassociative.be\/actualites\/wp-json\/wp\/v2\/posts\/9448\/revisions"}],"wp:featuredmedia":[{"embeddable":true,"href":"https:\/\/vieassociative.be\/actualites\/wp-json\/wp\/v2\/media\/9449"}],"wp:attachment":[{"href":"https:\/\/vieassociative.be\/actualites\/wp-json\/wp\/v2\/media?parent=9448"}],"wp:term":[{"taxonomy":"category","embeddable":true,"href":"https:\/\/vieassociative.be\/actualites\/wp-json\/wp\/v2\/categories?post=9448"},{"taxonomy":"post_tag","embeddable":true,"href":"https:\/\/vieassociative.be\/actualites\/wp-json\/wp\/v2\/tags?post=9448"}],"curies":[{"name":"wp","href":"https:\/\/api.w.org\/{rel}","templated":true}]}}