{"id":9445,"date":"2025-08-17T04:17:50","date_gmt":"2025-08-17T02:17:50","guid":{"rendered":"https:\/\/vieassociative.be\/actualites\/les-automobilistes-conduisent-sa-voiture-contre-un-arbre-a-roetgen-25-de-25-ans-a-mortal-danger\/"},"modified":"2025-08-17T04:17:50","modified_gmt":"2025-08-17T02:17:50","slug":"les-automobilistes-conduisent-sa-voiture-contre-un-arbre-a-roetgen-25-de-25-ans-a-mortal-danger","status":"publish","type":"post","link":"https:\/\/vieassociative.be\/actualites\/les-automobilistes-conduisent-sa-voiture-contre-un-arbre-a-roetgen-25-de-25-ans-a-mortal-danger\/","title":{"rendered":"Les automobilistes conduisent sa voiture contre un arbre \u00e0 Roetgen-25 de 25 ans \u00e0 Mortal Danger"},"content":{"rendered":"<p><strong>Pour un homme de Monschau, une route nocturne \u00e0 l&rsquo;h\u00f4pital a pris fin. Il a conduit sa voiture contre un arbre.<\/strong><\/p>\n<p><span id=\"more-422499\"><\/span>T\u00f4t le matin, un conducteur de 25 ans de Monschau a \u00e9t\u00e9 gravement bless\u00e9 dans un grave accident de la circulation au sud d&rsquo;Aix-un. Il avait conduit sa voiture contre un arbre sur une route de campagne pr\u00e8s de la municipalit\u00e9 de Roetgen pour une cause inconnue. Le v\u00e9hicule a \u00e9t\u00e9 d\u00e9chir\u00e9, a d\u00e9clar\u00e9 un porte-parole de la police. L&rsquo;homme est venu \u00e0 l&rsquo;h\u00f4pital.<\/p>\n<p>Des experts de la police de Cologne ont \u00e9t\u00e9 consult\u00e9s pour l&rsquo;enregistrement des accidents. La route f\u00e9d\u00e9rale 258 a \u00e9t\u00e9 ferm\u00e9e pendant des heures. Il n&rsquo;a \u00e9t\u00e9 rel\u00e2ch\u00e9 que en fin de matin\u00e9e.<\/p>\n","protected":false},"excerpt":{"rendered":"<p>Pour un homme de Monschau, une route nocturne \u00e0 l&rsquo;h\u00f4pital a pris fin. Il a conduit sa voiture contre un arbre. T\u00f4t le matin, un<\/p>\n","protected":false},"author":1,"featured_media":9446,"comment_status":"","ping_status":"","sticky":false,"template":"","format":"standard","meta":{"footnotes":""},"categories":[298],"tags":[584,3800,8193,8194,796,587,14,8196,8195,1229],"class_list":["post-9445","post","type-post","status-publish","format-standard","has-post-thumbnail","hentry","category-belgique","tag-ans","tag-arbre","tag-automobilistes","tag-conduisent","tag-contre","tag-danger","tag-les","tag-mortal","tag-roetgen25","tag-voiture","generate-columns","tablet-grid-50","mobile-grid-100","grid-parent","grid-33"],"yoast_head":"<!-- This site is optimized with the Yoast SEO plugin v24.0 - https:\/\/yoast.com\/wordpress\/plugins\/seo\/ -->\n<title>Les automobilistes conduisent sa voiture contre un arbre \u00e0 Roetgen-25 de 25 ans \u00e0 Mortal Danger | Vie Associative<\/title>\n<meta name=\"robots\" content=\"index, follow, max-snippet:-1, max-image-preview:large, max-video-preview:-1\" \/>\n<link rel=\"canonical\" href=\"https:\/\/vieassociative.be\/actualites\/les-automobilistes-conduisent-sa-voiture-contre-un-arbre-a-roetgen-25-de-25-ans-a-mortal-danger\/\" \/>\n<meta property=\"og:locale\" content=\"fr_FR\" \/>\n<meta property=\"og:type\" content=\"article\" \/>\n<meta property=\"og:title\" content=\"Les automobilistes conduisent sa voiture contre un arbre \u00e0 Roetgen-25 de 25 ans \u00e0 Mortal Danger | Vie Associative\" \/>\n<meta property=\"og:description\" content=\"Pour un homme de Monschau, une route nocturne \u00e0 l&rsquo;h\u00f4pital a pris fin. Il a conduit sa voiture contre un arbre. T\u00f4t le matin, un\" \/>\n<meta property=\"og:url\" content=\"https:\/\/vieassociative.be\/actualites\/les-automobilistes-conduisent-sa-voiture-contre-un-arbre-a-roetgen-25-de-25-ans-a-mortal-danger\/\" \/>\n<meta property=\"og:site_name\" content=\"Vie Associative\" \/>\n<meta property=\"article:published_time\" content=\"2025-08-17T02:17:50+00:00\" \/>\n<meta property=\"og:image\" content=\"https:\/\/vieassociative.be\/actualites\/wp-content\/uploads\/2024\/09\/header_backgroundk-01-e1726694325946.png\" \/>\n\t<meta property=\"og:image:width\" content=\"279\" \/>\n\t<meta property=\"og:image:height\" content=\"92\" \/>\n\t<meta property=\"og:image:type\" content=\"image\/png\" \/>\n<meta name=\"author\" content=\"Julien\" \/>\n<meta name=\"twitter:card\" content=\"summary_large_image\" \/>\n<meta name=\"twitter:label1\" content=\"\u00c9crit par\" \/>\n\t<meta name=\"twitter:data1\" content=\"Julien\" \/>\n\t<meta name=\"twitter:label2\" content=\"Dur\u00e9e de lecture est.\" \/>\n\t<meta name=\"twitter:data2\" content=\"1 minute\" \/>\n<script type=\"application\/ld+json\" class=\"yoast-schema-graph\">{\"@context\":\"https:\/\/schema.org\",\"@graph\":[{\"@type\":\"Article\",\"@id\":\"https:\/\/vieassociative.be\/actualites\/les-automobilistes-conduisent-sa-voiture-contre-un-arbre-a-roetgen-25-de-25-ans-a-mortal-danger\/#article\",\"isPartOf\":{\"@id\":\"https:\/\/vieassociative.be\/actualites\/les-automobilistes-conduisent-sa-voiture-contre-un-arbre-a-roetgen-25-de-25-ans-a-mortal-danger\/\"},\"author\":{\"name\":\"Julien\",\"@id\":\"https:\/\/vieassociative.be\/actualites\/#\/schema\/person\/b87ac4f82f9d4e7b7cec7395b679edc4\"},\"headline\":\"Les automobilistes conduisent sa voiture contre un arbre \u00e0 Roetgen-25 de 25 ans \u00e0 Mortal Danger\",\"datePublished\":\"2025-08-17T02:17:50+00:00\",\"dateModified\":\"2025-08-17T02:17:50+00:00\",\"mainEntityOfPage\":{\"@id\":\"https:\/\/vieassociative.be\/actualites\/les-automobilistes-conduisent-sa-voiture-contre-un-arbre-a-roetgen-25-de-25-ans-a-mortal-danger\/\"},\"wordCount\":146,\"publisher\":{\"@id\":\"https:\/\/vieassociative.be\/actualites\/#organization\"},\"image\":{\"@id\":\"https:\/\/vieassociative.be\/actualites\/les-automobilistes-conduisent-sa-voiture-contre-un-arbre-a-roetgen-25-de-25-ans-a-mortal-danger\/#primaryimage\"},\"thumbnailUrl\":\"https:\/\/vieassociative.be\/actualites\/wp-content\/uploads\/2025\/08\/Les-automobilistes-conduisent-sa-voiture-contre-un-arbre-a-Roetgen-25.jpg\",\"keywords\":[\"ans\",\"arbre\",\"automobilistes\",\"conduisent\",\"contre\",\"danger\",\"Les\",\"Mortal\",\"Roetgen25\",\"voiture\"],\"articleSection\":[\"Belgique\"],\"inLanguage\":\"fr-BE\"},{\"@type\":\"WebPage\",\"@id\":\"https:\/\/vieassociative.be\/actualites\/les-automobilistes-conduisent-sa-voiture-contre-un-arbre-a-roetgen-25-de-25-ans-a-mortal-danger\/\",\"url\":\"https:\/\/vieassociative.be\/actualites\/les-automobilistes-conduisent-sa-voiture-contre-un-arbre-a-roetgen-25-de-25-ans-a-mortal-danger\/\",\"name\":\"Les automobilistes conduisent sa voiture contre un arbre \u00e0 Roetgen-25 de 25 ans \u00e0 Mortal Danger | Vie Associative\",\"isPartOf\":{\"@id\":\"https:\/\/vieassociative.be\/actualites\/#website\"},\"primaryImageOfPage\":{\"@id\":\"https:\/\/vieassociative.be\/actualites\/les-automobilistes-conduisent-sa-voiture-contre-un-arbre-a-roetgen-25-de-25-ans-a-mortal-danger\/#primaryimage\"},\"image\":{\"@id\":\"https:\/\/vieassociative.be\/actualites\/les-automobilistes-conduisent-sa-voiture-contre-un-arbre-a-roetgen-25-de-25-ans-a-mortal-danger\/#primaryimage\"},\"thumbnailUrl\":\"https:\/\/vieassociative.be\/actualites\/wp-content\/uploads\/2025\/08\/Les-automobilistes-conduisent-sa-voiture-contre-un-arbre-a-Roetgen-25.jpg\",\"datePublished\":\"2025-08-17T02:17:50+00:00\",\"dateModified\":\"2025-08-17T02:17:50+00:00\",\"breadcrumb\":{\"@id\":\"https:\/\/vieassociative.be\/actualites\/les-automobilistes-conduisent-sa-voiture-contre-un-arbre-a-roetgen-25-de-25-ans-a-mortal-danger\/#breadcrumb\"},\"inLanguage\":\"fr-BE\",\"potentialAction\":[{\"@type\":\"ReadAction\",\"target\":[\"https:\/\/vieassociative.be\/actualites\/les-automobilistes-conduisent-sa-voiture-contre-un-arbre-a-roetgen-25-de-25-ans-a-mortal-danger\/\"]}]},{\"@type\":\"ImageObject\",\"inLanguage\":\"fr-BE\",\"@id\":\"https:\/\/vieassociative.be\/actualites\/les-automobilistes-conduisent-sa-voiture-contre-un-arbre-a-roetgen-25-de-25-ans-a-mortal-danger\/#primaryimage\",\"url\":\"https:\/\/vieassociative.be\/actualites\/wp-content\/uploads\/2025\/08\/Les-automobilistes-conduisent-sa-voiture-contre-un-arbre-a-Roetgen-25.jpg\",\"contentUrl\":\"https:\/\/vieassociative.be\/actualites\/wp-content\/uploads\/2025\/08\/Les-automobilistes-conduisent-sa-voiture-contre-un-arbre-a-Roetgen-25.jpg\",\"width\":1200,\"height\":796,\"caption\":\"Les automobilistes conduisent sa voiture contre un arbre \u00e0 Roetgen-25 de 25 ans \u00e0 Mortal Danger\"},{\"@type\":\"BreadcrumbList\",\"@id\":\"https:\/\/vieassociative.be\/actualites\/les-automobilistes-conduisent-sa-voiture-contre-un-arbre-a-roetgen-25-de-25-ans-a-mortal-danger\/#breadcrumb\",\"itemListElement\":[{\"@type\":\"ListItem\",\"position\":1,\"name\":\"Accueil\",\"item\":\"https:\/\/vieassociative.be\/actualites\/\"},{\"@type\":\"ListItem\",\"position\":2,\"name\":\"Les automobilistes conduisent sa voiture contre un arbre \u00e0 Roetgen-25 de 25 ans \u00e0 Mortal Danger\"}]},{\"@type\":\"WebSite\",\"@id\":\"https:\/\/vieassociative.be\/actualites\/#website\",\"url\":\"https:\/\/vieassociative.be\/actualites\/\",\"name\":\"Vie Associative\",\"description\":\"\",\"publisher\":{\"@id\":\"https:\/\/vieassociative.be\/actualites\/#organization\"},\"potentialAction\":[{\"@type\":\"SearchAction\",\"target\":{\"@type\":\"EntryPoint\",\"urlTemplate\":\"https:\/\/vieassociative.be\/actualites\/?s={search_term_string}\"},\"query-input\":{\"@type\":\"PropertyValueSpecification\",\"valueRequired\":true,\"valueName\":\"search_term_string\"}}],\"inLanguage\":\"fr-BE\"},{\"@type\":\"Organization\",\"@id\":\"https:\/\/vieassociative.be\/actualites\/#organization\",\"name\":\"Vie Associative\",\"url\":\"https:\/\/vieassociative.be\/actualites\/\",\"logo\":{\"@type\":\"ImageObject\",\"inLanguage\":\"fr-BE\",\"@id\":\"https:\/\/vieassociative.be\/actualites\/#\/schema\/logo\/image\/\",\"url\":\"https:\/\/vieassociative.be\/actualites\/wp-content\/uploads\/2024\/09\/cropped-vieassociative_favicon.ico.png\",\"contentUrl\":\"https:\/\/vieassociative.be\/actualites\/wp-content\/uploads\/2024\/09\/cropped-vieassociative_favicon.ico.png\",\"width\":512,\"height\":512,\"caption\":\"Vie Associative\"},\"image\":{\"@id\":\"https:\/\/vieassociative.be\/actualites\/#\/schema\/logo\/image\/\"}},{\"@type\":\"Person\",\"@id\":\"https:\/\/vieassociative.be\/actualites\/#\/schema\/person\/b87ac4f82f9d4e7b7cec7395b679edc4\",\"name\":\"Julien\",\"image\":{\"@type\":\"ImageObject\",\"inLanguage\":\"fr-BE\",\"@id\":\"https:\/\/vieassociative.be\/actualites\/#\/schema\/person\/image\/\",\"url\":\"https:\/\/vieassociative.be\/actualites\/wp-content\/uploads\/2024\/09\/vie-associative-1-150x150.jpg\",\"contentUrl\":\"https:\/\/vieassociative.be\/actualites\/wp-content\/uploads\/2024\/09\/vie-associative-1-150x150.jpg\",\"caption\":\"Julien\"},\"description\":\"Je suis Julien, r\u00e9dacteur pour Vie Associative. Passionn\u00e9 par le monde associatif depuis plus de 10 ans, j'ai \u00e0 c\u0153ur de partager des histoires inspirantes et de mettre en lumi\u00e8re les initiatives locales. Mon objectif est de sensibiliser et d'encourager l'engagement communautaire \u00e0 travers mes articles.\",\"sameAs\":[\"https:\/\/vieassociative.be\/\"]}]}<\/script>\n<!-- \/ Yoast SEO plugin. -->","yoast_head_json":{"title":"Les automobilistes conduisent sa voiture contre un arbre \u00e0 Roetgen-25 de 25 ans \u00e0 Mortal Danger | Vie Associative","robots":{"index":"index","follow":"follow","max-snippet":"max-snippet:-1","max-image-preview":"max-image-preview:large","max-video-preview":"max-video-preview:-1"},"canonical":"https:\/\/vieassociative.be\/actualites\/les-automobilistes-conduisent-sa-voiture-contre-un-arbre-a-roetgen-25-de-25-ans-a-mortal-danger\/","og_locale":"fr_FR","og_type":"article","og_title":"Les automobilistes conduisent sa voiture contre un arbre \u00e0 Roetgen-25 de 25 ans \u00e0 Mortal Danger | Vie Associative","og_description":"Pour un homme de Monschau, une route nocturne \u00e0 l&rsquo;h\u00f4pital a pris fin. Il a conduit sa voiture contre un arbre. T\u00f4t le matin, un","og_url":"https:\/\/vieassociative.be\/actualites\/les-automobilistes-conduisent-sa-voiture-contre-un-arbre-a-roetgen-25-de-25-ans-a-mortal-danger\/","og_site_name":"Vie Associative","article_published_time":"2025-08-17T02:17:50+00:00","og_image":[{"width":279,"height":92,"url":"https:\/\/vieassociative.be\/actualites\/wp-content\/uploads\/2024\/09\/header_backgroundk-01-e1726694325946.png","type":"image\/png"}],"author":"Julien","twitter_card":"summary_large_image","twitter_misc":{"\u00c9crit par":"Julien","Dur\u00e9e de lecture est.":"1 minute"},"schema":{"@context":"https:\/\/schema.org","@graph":[{"@type":"Article","@id":"https:\/\/vieassociative.be\/actualites\/les-automobilistes-conduisent-sa-voiture-contre-un-arbre-a-roetgen-25-de-25-ans-a-mortal-danger\/#article","isPartOf":{"@id":"https:\/\/vieassociative.be\/actualites\/les-automobilistes-conduisent-sa-voiture-contre-un-arbre-a-roetgen-25-de-25-ans-a-mortal-danger\/"},"author":{"name":"Julien","@id":"https:\/\/vieassociative.be\/actualites\/#\/schema\/person\/b87ac4f82f9d4e7b7cec7395b679edc4"},"headline":"Les automobilistes conduisent sa voiture contre un arbre \u00e0 Roetgen-25 de 25 ans \u00e0 Mortal Danger","datePublished":"2025-08-17T02:17:50+00:00","dateModified":"2025-08-17T02:17:50+00:00","mainEntityOfPage":{"@id":"https:\/\/vieassociative.be\/actualites\/les-automobilistes-conduisent-sa-voiture-contre-un-arbre-a-roetgen-25-de-25-ans-a-mortal-danger\/"},"wordCount":146,"publisher":{"@id":"https:\/\/vieassociative.be\/actualites\/#organization"},"image":{"@id":"https:\/\/vieassociative.be\/actualites\/les-automobilistes-conduisent-sa-voiture-contre-un-arbre-a-roetgen-25-de-25-ans-a-mortal-danger\/#primaryimage"},"thumbnailUrl":"https:\/\/vieassociative.be\/actualites\/wp-content\/uploads\/2025\/08\/Les-automobilistes-conduisent-sa-voiture-contre-un-arbre-a-Roetgen-25.jpg","keywords":["ans","arbre","automobilistes","conduisent","contre","danger","Les","Mortal","Roetgen25","voiture"],"articleSection":["Belgique"],"inLanguage":"fr-BE"},{"@type":"WebPage","@id":"https:\/\/vieassociative.be\/actualites\/les-automobilistes-conduisent-sa-voiture-contre-un-arbre-a-roetgen-25-de-25-ans-a-mortal-danger\/","url":"https:\/\/vieassociative.be\/actualites\/les-automobilistes-conduisent-sa-voiture-contre-un-arbre-a-roetgen-25-de-25-ans-a-mortal-danger\/","name":"Les automobilistes conduisent sa voiture contre un arbre \u00e0 Roetgen-25 de 25 ans \u00e0 Mortal Danger | Vie Associative","isPartOf":{"@id":"https:\/\/vieassociative.be\/actualites\/#website"},"primaryImageOfPage":{"@id":"https:\/\/vieassociative.be\/actualites\/les-automobilistes-conduisent-sa-voiture-contre-un-arbre-a-roetgen-25-de-25-ans-a-mortal-danger\/#primaryimage"},"image":{"@id":"https:\/\/vieassociative.be\/actualites\/les-automobilistes-conduisent-sa-voiture-contre-un-arbre-a-roetgen-25-de-25-ans-a-mortal-danger\/#primaryimage"},"thumbnailUrl":"https:\/\/vieassociative.be\/actualites\/wp-content\/uploads\/2025\/08\/Les-automobilistes-conduisent-sa-voiture-contre-un-arbre-a-Roetgen-25.jpg","datePublished":"2025-08-17T02:17:50+00:00","dateModified":"2025-08-17T02:17:50+00:00","breadcrumb":{"@id":"https:\/\/vieassociative.be\/actualites\/les-automobilistes-conduisent-sa-voiture-contre-un-arbre-a-roetgen-25-de-25-ans-a-mortal-danger\/#breadcrumb"},"inLanguage":"fr-BE","potentialAction":[{"@type":"ReadAction","target":["https:\/\/vieassociative.be\/actualites\/les-automobilistes-conduisent-sa-voiture-contre-un-arbre-a-roetgen-25-de-25-ans-a-mortal-danger\/"]}]},{"@type":"ImageObject","inLanguage":"fr-BE","@id":"https:\/\/vieassociative.be\/actualites\/les-automobilistes-conduisent-sa-voiture-contre-un-arbre-a-roetgen-25-de-25-ans-a-mortal-danger\/#primaryimage","url":"https:\/\/vieassociative.be\/actualites\/wp-content\/uploads\/2025\/08\/Les-automobilistes-conduisent-sa-voiture-contre-un-arbre-a-Roetgen-25.jpg","contentUrl":"https:\/\/vieassociative.be\/actualites\/wp-content\/uploads\/2025\/08\/Les-automobilistes-conduisent-sa-voiture-contre-un-arbre-a-Roetgen-25.jpg","width":1200,"height":796,"caption":"Les automobilistes conduisent sa voiture contre un arbre \u00e0 Roetgen-25 de 25 ans \u00e0 Mortal Danger"},{"@type":"BreadcrumbList","@id":"https:\/\/vieassociative.be\/actualites\/les-automobilistes-conduisent-sa-voiture-contre-un-arbre-a-roetgen-25-de-25-ans-a-mortal-danger\/#breadcrumb","itemListElement":[{"@type":"ListItem","position":1,"name":"Accueil","item":"https:\/\/vieassociative.be\/actualites\/"},{"@type":"ListItem","position":2,"name":"Les automobilistes conduisent sa voiture contre un arbre \u00e0 Roetgen-25 de 25 ans \u00e0 Mortal Danger"}]},{"@type":"WebSite","@id":"https:\/\/vieassociative.be\/actualites\/#website","url":"https:\/\/vieassociative.be\/actualites\/","name":"Vie Associative","description":"","publisher":{"@id":"https:\/\/vieassociative.be\/actualites\/#organization"},"potentialAction":[{"@type":"SearchAction","target":{"@type":"EntryPoint","urlTemplate":"https:\/\/vieassociative.be\/actualites\/?s={search_term_string}"},"query-input":{"@type":"PropertyValueSpecification","valueRequired":true,"valueName":"search_term_string"}}],"inLanguage":"fr-BE"},{"@type":"Organization","@id":"https:\/\/vieassociative.be\/actualites\/#organization","name":"Vie Associative","url":"https:\/\/vieassociative.be\/actualites\/","logo":{"@type":"ImageObject","inLanguage":"fr-BE","@id":"https:\/\/vieassociative.be\/actualites\/#\/schema\/logo\/image\/","url":"https:\/\/vieassociative.be\/actualites\/wp-content\/uploads\/2024\/09\/cropped-vieassociative_favicon.ico.png","contentUrl":"https:\/\/vieassociative.be\/actualites\/wp-content\/uploads\/2024\/09\/cropped-vieassociative_favicon.ico.png","width":512,"height":512,"caption":"Vie Associative"},"image":{"@id":"https:\/\/vieassociative.be\/actualites\/#\/schema\/logo\/image\/"}},{"@type":"Person","@id":"https:\/\/vieassociative.be\/actualites\/#\/schema\/person\/b87ac4f82f9d4e7b7cec7395b679edc4","name":"Julien","image":{"@type":"ImageObject","inLanguage":"fr-BE","@id":"https:\/\/vieassociative.be\/actualites\/#\/schema\/person\/image\/","url":"https:\/\/vieassociative.be\/actualites\/wp-content\/uploads\/2024\/09\/vie-associative-1-150x150.jpg","contentUrl":"https:\/\/vieassociative.be\/actualites\/wp-content\/uploads\/2024\/09\/vie-associative-1-150x150.jpg","caption":"Julien"},"description":"Je suis Julien, r\u00e9dacteur pour Vie Associative. Passionn\u00e9 par le monde associatif depuis plus de 10 ans, j'ai \u00e0 c\u0153ur de partager des histoires inspirantes et de mettre en lumi\u00e8re les initiatives locales. Mon objectif est de sensibiliser et d'encourager l'engagement communautaire \u00e0 travers mes articles.","sameAs":["https:\/\/vieassociative.be\/"]}]}},"_links":{"self":[{"href":"https:\/\/vieassociative.be\/actualites\/wp-json\/wp\/v2\/posts\/9445"}],"collection":[{"href":"https:\/\/vieassociative.be\/actualites\/wp-json\/wp\/v2\/posts"}],"about":[{"href":"https:\/\/vieassociative.be\/actualites\/wp-json\/wp\/v2\/types\/post"}],"author":[{"embeddable":true,"href":"https:\/\/vieassociative.be\/actualites\/wp-json\/wp\/v2\/users\/1"}],"replies":[{"embeddable":true,"href":"https:\/\/vieassociative.be\/actualites\/wp-json\/wp\/v2\/comments?post=9445"}],"version-history":[{"count":0,"href":"https:\/\/vieassociative.be\/actualites\/wp-json\/wp\/v2\/posts\/9445\/revisions"}],"wp:featuredmedia":[{"embeddable":true,"href":"https:\/\/vieassociative.be\/actualites\/wp-json\/wp\/v2\/media\/9446"}],"wp:attachment":[{"href":"https:\/\/vieassociative.be\/actualites\/wp-json\/wp\/v2\/media?parent=9445"}],"wp:term":[{"taxonomy":"category","embeddable":true,"href":"https:\/\/vieassociative.be\/actualites\/wp-json\/wp\/v2\/categories?post=9445"},{"taxonomy":"post_tag","embeddable":true,"href":"https:\/\/vieassociative.be\/actualites\/wp-json\/wp\/v2\/tags?post=9445"}],"curies":[{"name":"wp","href":"https:\/\/api.w.org\/{rel}","templated":true}]}}