{"id":9436,"date":"2025-08-16T16:18:44","date_gmt":"2025-08-16T14:18:44","guid":{"rendered":"https:\/\/vieassociative.be\/actualites\/de-coppens-a-emmerich-claessen-et-lozano-a-losada-traditional-club-beer-shot-today-20-h-adverses-de-las-eupen\/"},"modified":"2025-08-16T16:18:44","modified_gmt":"2025-08-16T14:18:44","slug":"de-coppens-a-emmerich-claessen-et-lozano-a-losada-traditional-club-beer-shot-today-20-h-adverses-de-las-eupen","status":"publish","type":"post","link":"https:\/\/vieassociative.be\/actualites\/de-coppens-a-emmerich-claessen-et-lozano-a-losada-traditional-club-beer-shot-today-20-h-adverses-de-las-eupen\/","title":{"rendered":"De Coppens \u00e0 Emmerich, Claessen et Lozano \u00e0 Losada: Traditional Club Beer Shot Today (20 h) Adverses de l&rsquo;AS Eupen"},"content":{"rendered":"<p><strong>Ce samedi soir, le club de deuxi\u00e8me division en tant qu&rsquo;Eupen est un invit\u00e9 dans un grand club traditionnel belge (20 h-Live sur l&rsquo;application Dazn).<\/strong><\/p>\n<p><span id=\"more-422479\"><\/span>Le tir de Beering Anvers signifie une histoire remarquable de renomm\u00e9e, de crises et de r\u00e9surrection impressionnante. Malgr\u00e9 plusieurs faillites, le club perdure &#8211; soutenu par des fans traditionnels, des couleurs symboliques et un stade plein d&rsquo;\u00e9motions.<\/p>\n<p>Le stade Kiel, du nom du district du m\u00eame nom, a \u00e9galement une histoire glorieuse, car c&rsquo;\u00e9tait le cadre des Jeux olympiques de 1920.<\/p>\n<p>C&rsquo;\u00e9tait les 7e Jeux olympiques dans son ensemble, mais le premier apr\u00e8s la premi\u00e8re guerre mondiale qui avait fortement d\u00e9vast\u00e9 la Belgique. <\/p>\n<\/p>\n<div id=\"attachment_260122\" class=\"wp-caption alignleft\" style=\"max-width: 300px\"><img fetchpriority=\"high\" decoding=\"async\" class=\"wp-image-260122 size-medium\" src=\"https:\/\/vieassociative.be\/actualites\/wp-content\/uploads\/2025\/08\/De-Coppens-a-Emmerich-Claessen-et-Lozano-a-Losada-Traditional.jpeg\" alt=\"\" width=\"300\" height=\"193\"><\/div>\n<p>Anvers a obtenu le contrat pour Amsterdam, Atlanta, Budapest, Cleveland, La Havane, Lyon et Philadelphie. L&rsquo;\u00e9quipe nationale de football belge est devenue championne olympique dans le Scheldemetropolis. C&rsquo;est toujours le seul titre international du Red Devil.<\/p>\n<p>Wilrijk \u00e9tait champion de football belge, la derni\u00e8re fois en 1939, et 2 vainqueurs de coupe (1971 et 1979). \u00c0 l&rsquo;heure actuelle, Berry Sheet \u00e0 Anvers n&rsquo;est que le num\u00e9ro 2 derri\u00e8re le grand Royal Antwerp FC rival. Les temps glorieux peuvent revenir, comme le Saint-Gilloie de l&rsquo;Union l&rsquo;a prouv\u00e9 depuis 2021.<\/p>\n<p>Dans son histoire, Beerschot avait de grands joueurs dans des joueurs tels que le l\u00e9gendaire belge \u00ab\u00a0Bomber\u00a0\u00bb Rik Coppens, l&rsquo;international allemand Lothar Emmerich, Roger Claessen (apr\u00e8s son temps avec Alemannia Aachen) et le Spaniard Juan Lozano (ex-tresse et ex-R-Real).<\/p>\n<p>Le tir de bi\u00e8re est une \u00e9quipe d&rsquo;ascenseur depuis cinq ans. En 2020, les Antwerpeners ont atteint la Jupilers Pro League, mais rel\u00e9gu\u00e9 \u00e0 nouveau en 2022. En 2024, la promotion \u00e0 la plus haute division, et l&rsquo;\u00e9t\u00e9 dernier, nous sommes retourn\u00e9s \u00e0 la Challenger Pro League. (Cre)<\/p>\n","protected":false},"excerpt":{"rendered":"<p>Ce samedi soir, le club de deuxi\u00e8me division en tant qu&rsquo;Eupen est un invit\u00e9 dans un grand club traditionnel belge (20 h-Live sur l&rsquo;application Dazn).<\/p>\n","protected":false},"author":1,"featured_media":9437,"comment_status":"","ping_status":"","sticky":false,"template":"","format":"standard","meta":{"footnotes":""},"categories":[298],"tags":[8188,8185,8181,269,8179,8180,2329,2353,8183,8182,8186,8187,8184],"class_list":["post-9436","post","type-post","status-publish","format-standard","has-post-thumbnail","hentry","category-belgique","tag-adverses","tag-beer","tag-claessen","tag-club","tag-coppens","tag-emmerich","tag-eupen","tag-las","tag-losada","tag-lozano","tag-shot","tag-today","tag-traditional","generate-columns","tablet-grid-50","mobile-grid-100","grid-parent","grid-33"],"yoast_head":"<!-- This site is optimized with the Yoast SEO plugin v24.0 - https:\/\/yoast.com\/wordpress\/plugins\/seo\/ -->\n<title>De Coppens \u00e0 Emmerich, Claessen et Lozano \u00e0 Losada: Traditional Club Beer Shot Today (20 h) Adverses de l&#039;AS Eupen | Vie Associative<\/title>\n<meta name=\"robots\" content=\"index, follow, max-snippet:-1, max-image-preview:large, max-video-preview:-1\" \/>\n<link rel=\"canonical\" href=\"https:\/\/vieassociative.be\/actualites\/de-coppens-a-emmerich-claessen-et-lozano-a-losada-traditional-club-beer-shot-today-20-h-adverses-de-las-eupen\/\" \/>\n<meta property=\"og:locale\" content=\"fr_FR\" \/>\n<meta property=\"og:type\" content=\"article\" \/>\n<meta property=\"og:title\" content=\"De Coppens \u00e0 Emmerich, Claessen et Lozano \u00e0 Losada: Traditional Club Beer Shot Today (20 h) Adverses de l&#039;AS Eupen | Vie Associative\" \/>\n<meta property=\"og:description\" content=\"Ce samedi soir, le club de deuxi\u00e8me division en tant qu&rsquo;Eupen est un invit\u00e9 dans un grand club traditionnel belge (20 h-Live sur l&rsquo;application Dazn).\" \/>\n<meta property=\"og:url\" content=\"https:\/\/vieassociative.be\/actualites\/de-coppens-a-emmerich-claessen-et-lozano-a-losada-traditional-club-beer-shot-today-20-h-adverses-de-las-eupen\/\" \/>\n<meta property=\"og:site_name\" content=\"Vie Associative\" \/>\n<meta property=\"article:published_time\" content=\"2025-08-16T14:18:44+00:00\" \/>\n<meta property=\"og:image\" content=\"https:\/\/vieassociative.be\/actualites\/wp-content\/uploads\/2024\/09\/header_backgroundk-01-e1726694325946.png\" \/>\n\t<meta property=\"og:image:width\" content=\"279\" \/>\n\t<meta property=\"og:image:height\" content=\"92\" \/>\n\t<meta property=\"og:image:type\" content=\"image\/png\" \/>\n<meta name=\"author\" content=\"Julien\" \/>\n<meta name=\"twitter:card\" content=\"summary_large_image\" \/>\n<meta name=\"twitter:label1\" content=\"\u00c9crit par\" \/>\n\t<meta name=\"twitter:data1\" content=\"Julien\" \/>\n\t<meta name=\"twitter:label2\" content=\"Dur\u00e9e de lecture est.\" \/>\n\t<meta name=\"twitter:data2\" content=\"1 minute\" \/>\n<script type=\"application\/ld+json\" class=\"yoast-schema-graph\">{\"@context\":\"https:\/\/schema.org\",\"@graph\":[{\"@type\":\"Article\",\"@id\":\"https:\/\/vieassociative.be\/actualites\/de-coppens-a-emmerich-claessen-et-lozano-a-losada-traditional-club-beer-shot-today-20-h-adverses-de-las-eupen\/#article\",\"isPartOf\":{\"@id\":\"https:\/\/vieassociative.be\/actualites\/de-coppens-a-emmerich-claessen-et-lozano-a-losada-traditional-club-beer-shot-today-20-h-adverses-de-las-eupen\/\"},\"author\":{\"name\":\"Julien\",\"@id\":\"https:\/\/vieassociative.be\/actualites\/#\/schema\/person\/b87ac4f82f9d4e7b7cec7395b679edc4\"},\"headline\":\"De Coppens \u00e0 Emmerich, Claessen et Lozano \u00e0 Losada: Traditional Club Beer Shot Today (20 h) Adverses de l&rsquo;AS Eupen\",\"datePublished\":\"2025-08-16T14:18:44+00:00\",\"dateModified\":\"2025-08-16T14:18:44+00:00\",\"mainEntityOfPage\":{\"@id\":\"https:\/\/vieassociative.be\/actualites\/de-coppens-a-emmerich-claessen-et-lozano-a-losada-traditional-club-beer-shot-today-20-h-adverses-de-las-eupen\/\"},\"wordCount\":314,\"publisher\":{\"@id\":\"https:\/\/vieassociative.be\/actualites\/#organization\"},\"image\":{\"@id\":\"https:\/\/vieassociative.be\/actualites\/de-coppens-a-emmerich-claessen-et-lozano-a-losada-traditional-club-beer-shot-today-20-h-adverses-de-las-eupen\/#primaryimage\"},\"thumbnailUrl\":\"https:\/\/vieassociative.be\/actualites\/wp-content\/uploads\/2025\/08\/1755353925_De-Coppens-a-Emmerich-Claessen-et-Lozano-a-Losada-Traditional.jpeg\",\"keywords\":[\"Adverses\",\"Beer\",\"Claessen\",\"Club\",\"Coppens\",\"Emmerich\",\"Eupen\",\"lAS\",\"Losada\",\"Lozano\",\"Shot\",\"Today\",\"Traditional\"],\"articleSection\":[\"Belgique\"],\"inLanguage\":\"fr-BE\"},{\"@type\":\"WebPage\",\"@id\":\"https:\/\/vieassociative.be\/actualites\/de-coppens-a-emmerich-claessen-et-lozano-a-losada-traditional-club-beer-shot-today-20-h-adverses-de-las-eupen\/\",\"url\":\"https:\/\/vieassociative.be\/actualites\/de-coppens-a-emmerich-claessen-et-lozano-a-losada-traditional-club-beer-shot-today-20-h-adverses-de-las-eupen\/\",\"name\":\"De Coppens \u00e0 Emmerich, Claessen et Lozano \u00e0 Losada: Traditional Club Beer Shot Today (20 h) Adverses de l'AS Eupen | Vie Associative\",\"isPartOf\":{\"@id\":\"https:\/\/vieassociative.be\/actualites\/#website\"},\"primaryImageOfPage\":{\"@id\":\"https:\/\/vieassociative.be\/actualites\/de-coppens-a-emmerich-claessen-et-lozano-a-losada-traditional-club-beer-shot-today-20-h-adverses-de-las-eupen\/#primaryimage\"},\"image\":{\"@id\":\"https:\/\/vieassociative.be\/actualites\/de-coppens-a-emmerich-claessen-et-lozano-a-losada-traditional-club-beer-shot-today-20-h-adverses-de-las-eupen\/#primaryimage\"},\"thumbnailUrl\":\"https:\/\/vieassociative.be\/actualites\/wp-content\/uploads\/2025\/08\/1755353925_De-Coppens-a-Emmerich-Claessen-et-Lozano-a-Losada-Traditional.jpeg\",\"datePublished\":\"2025-08-16T14:18:44+00:00\",\"dateModified\":\"2025-08-16T14:18:44+00:00\",\"breadcrumb\":{\"@id\":\"https:\/\/vieassociative.be\/actualites\/de-coppens-a-emmerich-claessen-et-lozano-a-losada-traditional-club-beer-shot-today-20-h-adverses-de-las-eupen\/#breadcrumb\"},\"inLanguage\":\"fr-BE\",\"potentialAction\":[{\"@type\":\"ReadAction\",\"target\":[\"https:\/\/vieassociative.be\/actualites\/de-coppens-a-emmerich-claessen-et-lozano-a-losada-traditional-club-beer-shot-today-20-h-adverses-de-las-eupen\/\"]}]},{\"@type\":\"ImageObject\",\"inLanguage\":\"fr-BE\",\"@id\":\"https:\/\/vieassociative.be\/actualites\/de-coppens-a-emmerich-claessen-et-lozano-a-losada-traditional-club-beer-shot-today-20-h-adverses-de-las-eupen\/#primaryimage\",\"url\":\"https:\/\/vieassociative.be\/actualites\/wp-content\/uploads\/2025\/08\/1755353925_De-Coppens-a-Emmerich-Claessen-et-Lozano-a-Losada-Traditional.jpeg\",\"contentUrl\":\"https:\/\/vieassociative.be\/actualites\/wp-content\/uploads\/2025\/08\/1755353925_De-Coppens-a-Emmerich-Claessen-et-Lozano-a-Losada-Traditional.jpeg\",\"width\":900,\"height\":570,\"caption\":\"De Coppens \u00e0 Emmerich, Claessen et Lozano \u00e0 Losada: Traditional Club Beer Shot Today (20 h) Adverses de l'AS Eupen\"},{\"@type\":\"BreadcrumbList\",\"@id\":\"https:\/\/vieassociative.be\/actualites\/de-coppens-a-emmerich-claessen-et-lozano-a-losada-traditional-club-beer-shot-today-20-h-adverses-de-las-eupen\/#breadcrumb\",\"itemListElement\":[{\"@type\":\"ListItem\",\"position\":1,\"name\":\"Accueil\",\"item\":\"https:\/\/vieassociative.be\/actualites\/\"},{\"@type\":\"ListItem\",\"position\":2,\"name\":\"De Coppens \u00e0 Emmerich, Claessen et Lozano \u00e0 Losada: Traditional Club Beer Shot Today (20 h) Adverses de l&rsquo;AS Eupen\"}]},{\"@type\":\"WebSite\",\"@id\":\"https:\/\/vieassociative.be\/actualites\/#website\",\"url\":\"https:\/\/vieassociative.be\/actualites\/\",\"name\":\"Vie Associative\",\"description\":\"\",\"publisher\":{\"@id\":\"https:\/\/vieassociative.be\/actualites\/#organization\"},\"potentialAction\":[{\"@type\":\"SearchAction\",\"target\":{\"@type\":\"EntryPoint\",\"urlTemplate\":\"https:\/\/vieassociative.be\/actualites\/?s={search_term_string}\"},\"query-input\":{\"@type\":\"PropertyValueSpecification\",\"valueRequired\":true,\"valueName\":\"search_term_string\"}}],\"inLanguage\":\"fr-BE\"},{\"@type\":\"Organization\",\"@id\":\"https:\/\/vieassociative.be\/actualites\/#organization\",\"name\":\"Vie Associative\",\"url\":\"https:\/\/vieassociative.be\/actualites\/\",\"logo\":{\"@type\":\"ImageObject\",\"inLanguage\":\"fr-BE\",\"@id\":\"https:\/\/vieassociative.be\/actualites\/#\/schema\/logo\/image\/\",\"url\":\"https:\/\/vieassociative.be\/actualites\/wp-content\/uploads\/2024\/09\/cropped-vieassociative_favicon.ico.png\",\"contentUrl\":\"https:\/\/vieassociative.be\/actualites\/wp-content\/uploads\/2024\/09\/cropped-vieassociative_favicon.ico.png\",\"width\":512,\"height\":512,\"caption\":\"Vie Associative\"},\"image\":{\"@id\":\"https:\/\/vieassociative.be\/actualites\/#\/schema\/logo\/image\/\"}},{\"@type\":\"Person\",\"@id\":\"https:\/\/vieassociative.be\/actualites\/#\/schema\/person\/b87ac4f82f9d4e7b7cec7395b679edc4\",\"name\":\"Julien\",\"image\":{\"@type\":\"ImageObject\",\"inLanguage\":\"fr-BE\",\"@id\":\"https:\/\/vieassociative.be\/actualites\/#\/schema\/person\/image\/\",\"url\":\"https:\/\/vieassociative.be\/actualites\/wp-content\/uploads\/2024\/09\/vie-associative-1-150x150.jpg\",\"contentUrl\":\"https:\/\/vieassociative.be\/actualites\/wp-content\/uploads\/2024\/09\/vie-associative-1-150x150.jpg\",\"caption\":\"Julien\"},\"description\":\"Je suis Julien, r\u00e9dacteur pour Vie Associative. Passionn\u00e9 par le monde associatif depuis plus de 10 ans, j'ai \u00e0 c\u0153ur de partager des histoires inspirantes et de mettre en lumi\u00e8re les initiatives locales. Mon objectif est de sensibiliser et d'encourager l'engagement communautaire \u00e0 travers mes articles.\",\"sameAs\":[\"https:\/\/vieassociative.be\/\"]}]}<\/script>\n<!-- \/ Yoast SEO plugin. -->","yoast_head_json":{"title":"De Coppens \u00e0 Emmerich, Claessen et Lozano \u00e0 Losada: Traditional Club Beer Shot Today (20 h) Adverses de l'AS Eupen | Vie Associative","robots":{"index":"index","follow":"follow","max-snippet":"max-snippet:-1","max-image-preview":"max-image-preview:large","max-video-preview":"max-video-preview:-1"},"canonical":"https:\/\/vieassociative.be\/actualites\/de-coppens-a-emmerich-claessen-et-lozano-a-losada-traditional-club-beer-shot-today-20-h-adverses-de-las-eupen\/","og_locale":"fr_FR","og_type":"article","og_title":"De Coppens \u00e0 Emmerich, Claessen et Lozano \u00e0 Losada: Traditional Club Beer Shot Today (20 h) Adverses de l'AS Eupen | Vie Associative","og_description":"Ce samedi soir, le club de deuxi\u00e8me division en tant qu&rsquo;Eupen est un invit\u00e9 dans un grand club traditionnel belge (20 h-Live sur l&rsquo;application Dazn).","og_url":"https:\/\/vieassociative.be\/actualites\/de-coppens-a-emmerich-claessen-et-lozano-a-losada-traditional-club-beer-shot-today-20-h-adverses-de-las-eupen\/","og_site_name":"Vie Associative","article_published_time":"2025-08-16T14:18:44+00:00","og_image":[{"width":279,"height":92,"url":"https:\/\/vieassociative.be\/actualites\/wp-content\/uploads\/2024\/09\/header_backgroundk-01-e1726694325946.png","type":"image\/png"}],"author":"Julien","twitter_card":"summary_large_image","twitter_misc":{"\u00c9crit par":"Julien","Dur\u00e9e de lecture est.":"1 minute"},"schema":{"@context":"https:\/\/schema.org","@graph":[{"@type":"Article","@id":"https:\/\/vieassociative.be\/actualites\/de-coppens-a-emmerich-claessen-et-lozano-a-losada-traditional-club-beer-shot-today-20-h-adverses-de-las-eupen\/#article","isPartOf":{"@id":"https:\/\/vieassociative.be\/actualites\/de-coppens-a-emmerich-claessen-et-lozano-a-losada-traditional-club-beer-shot-today-20-h-adverses-de-las-eupen\/"},"author":{"name":"Julien","@id":"https:\/\/vieassociative.be\/actualites\/#\/schema\/person\/b87ac4f82f9d4e7b7cec7395b679edc4"},"headline":"De Coppens \u00e0 Emmerich, Claessen et Lozano \u00e0 Losada: Traditional Club Beer Shot Today (20 h) Adverses de l&rsquo;AS Eupen","datePublished":"2025-08-16T14:18:44+00:00","dateModified":"2025-08-16T14:18:44+00:00","mainEntityOfPage":{"@id":"https:\/\/vieassociative.be\/actualites\/de-coppens-a-emmerich-claessen-et-lozano-a-losada-traditional-club-beer-shot-today-20-h-adverses-de-las-eupen\/"},"wordCount":314,"publisher":{"@id":"https:\/\/vieassociative.be\/actualites\/#organization"},"image":{"@id":"https:\/\/vieassociative.be\/actualites\/de-coppens-a-emmerich-claessen-et-lozano-a-losada-traditional-club-beer-shot-today-20-h-adverses-de-las-eupen\/#primaryimage"},"thumbnailUrl":"https:\/\/vieassociative.be\/actualites\/wp-content\/uploads\/2025\/08\/1755353925_De-Coppens-a-Emmerich-Claessen-et-Lozano-a-Losada-Traditional.jpeg","keywords":["Adverses","Beer","Claessen","Club","Coppens","Emmerich","Eupen","lAS","Losada","Lozano","Shot","Today","Traditional"],"articleSection":["Belgique"],"inLanguage":"fr-BE"},{"@type":"WebPage","@id":"https:\/\/vieassociative.be\/actualites\/de-coppens-a-emmerich-claessen-et-lozano-a-losada-traditional-club-beer-shot-today-20-h-adverses-de-las-eupen\/","url":"https:\/\/vieassociative.be\/actualites\/de-coppens-a-emmerich-claessen-et-lozano-a-losada-traditional-club-beer-shot-today-20-h-adverses-de-las-eupen\/","name":"De Coppens \u00e0 Emmerich, Claessen et Lozano \u00e0 Losada: Traditional Club Beer Shot Today (20 h) Adverses de l'AS Eupen | Vie Associative","isPartOf":{"@id":"https:\/\/vieassociative.be\/actualites\/#website"},"primaryImageOfPage":{"@id":"https:\/\/vieassociative.be\/actualites\/de-coppens-a-emmerich-claessen-et-lozano-a-losada-traditional-club-beer-shot-today-20-h-adverses-de-las-eupen\/#primaryimage"},"image":{"@id":"https:\/\/vieassociative.be\/actualites\/de-coppens-a-emmerich-claessen-et-lozano-a-losada-traditional-club-beer-shot-today-20-h-adverses-de-las-eupen\/#primaryimage"},"thumbnailUrl":"https:\/\/vieassociative.be\/actualites\/wp-content\/uploads\/2025\/08\/1755353925_De-Coppens-a-Emmerich-Claessen-et-Lozano-a-Losada-Traditional.jpeg","datePublished":"2025-08-16T14:18:44+00:00","dateModified":"2025-08-16T14:18:44+00:00","breadcrumb":{"@id":"https:\/\/vieassociative.be\/actualites\/de-coppens-a-emmerich-claessen-et-lozano-a-losada-traditional-club-beer-shot-today-20-h-adverses-de-las-eupen\/#breadcrumb"},"inLanguage":"fr-BE","potentialAction":[{"@type":"ReadAction","target":["https:\/\/vieassociative.be\/actualites\/de-coppens-a-emmerich-claessen-et-lozano-a-losada-traditional-club-beer-shot-today-20-h-adverses-de-las-eupen\/"]}]},{"@type":"ImageObject","inLanguage":"fr-BE","@id":"https:\/\/vieassociative.be\/actualites\/de-coppens-a-emmerich-claessen-et-lozano-a-losada-traditional-club-beer-shot-today-20-h-adverses-de-las-eupen\/#primaryimage","url":"https:\/\/vieassociative.be\/actualites\/wp-content\/uploads\/2025\/08\/1755353925_De-Coppens-a-Emmerich-Claessen-et-Lozano-a-Losada-Traditional.jpeg","contentUrl":"https:\/\/vieassociative.be\/actualites\/wp-content\/uploads\/2025\/08\/1755353925_De-Coppens-a-Emmerich-Claessen-et-Lozano-a-Losada-Traditional.jpeg","width":900,"height":570,"caption":"De Coppens \u00e0 Emmerich, Claessen et Lozano \u00e0 Losada: Traditional Club Beer Shot Today (20 h) Adverses de l'AS Eupen"},{"@type":"BreadcrumbList","@id":"https:\/\/vieassociative.be\/actualites\/de-coppens-a-emmerich-claessen-et-lozano-a-losada-traditional-club-beer-shot-today-20-h-adverses-de-las-eupen\/#breadcrumb","itemListElement":[{"@type":"ListItem","position":1,"name":"Accueil","item":"https:\/\/vieassociative.be\/actualites\/"},{"@type":"ListItem","position":2,"name":"De Coppens \u00e0 Emmerich, Claessen et Lozano \u00e0 Losada: Traditional Club Beer Shot Today (20 h) Adverses de l&rsquo;AS Eupen"}]},{"@type":"WebSite","@id":"https:\/\/vieassociative.be\/actualites\/#website","url":"https:\/\/vieassociative.be\/actualites\/","name":"Vie Associative","description":"","publisher":{"@id":"https:\/\/vieassociative.be\/actualites\/#organization"},"potentialAction":[{"@type":"SearchAction","target":{"@type":"EntryPoint","urlTemplate":"https:\/\/vieassociative.be\/actualites\/?s={search_term_string}"},"query-input":{"@type":"PropertyValueSpecification","valueRequired":true,"valueName":"search_term_string"}}],"inLanguage":"fr-BE"},{"@type":"Organization","@id":"https:\/\/vieassociative.be\/actualites\/#organization","name":"Vie Associative","url":"https:\/\/vieassociative.be\/actualites\/","logo":{"@type":"ImageObject","inLanguage":"fr-BE","@id":"https:\/\/vieassociative.be\/actualites\/#\/schema\/logo\/image\/","url":"https:\/\/vieassociative.be\/actualites\/wp-content\/uploads\/2024\/09\/cropped-vieassociative_favicon.ico.png","contentUrl":"https:\/\/vieassociative.be\/actualites\/wp-content\/uploads\/2024\/09\/cropped-vieassociative_favicon.ico.png","width":512,"height":512,"caption":"Vie Associative"},"image":{"@id":"https:\/\/vieassociative.be\/actualites\/#\/schema\/logo\/image\/"}},{"@type":"Person","@id":"https:\/\/vieassociative.be\/actualites\/#\/schema\/person\/b87ac4f82f9d4e7b7cec7395b679edc4","name":"Julien","image":{"@type":"ImageObject","inLanguage":"fr-BE","@id":"https:\/\/vieassociative.be\/actualites\/#\/schema\/person\/image\/","url":"https:\/\/vieassociative.be\/actualites\/wp-content\/uploads\/2024\/09\/vie-associative-1-150x150.jpg","contentUrl":"https:\/\/vieassociative.be\/actualites\/wp-content\/uploads\/2024\/09\/vie-associative-1-150x150.jpg","caption":"Julien"},"description":"Je suis Julien, r\u00e9dacteur pour Vie Associative. Passionn\u00e9 par le monde associatif depuis plus de 10 ans, j'ai \u00e0 c\u0153ur de partager des histoires inspirantes et de mettre en lumi\u00e8re les initiatives locales. Mon objectif est de sensibiliser et d'encourager l'engagement communautaire \u00e0 travers mes articles.","sameAs":["https:\/\/vieassociative.be\/"]}]}},"_links":{"self":[{"href":"https:\/\/vieassociative.be\/actualites\/wp-json\/wp\/v2\/posts\/9436"}],"collection":[{"href":"https:\/\/vieassociative.be\/actualites\/wp-json\/wp\/v2\/posts"}],"about":[{"href":"https:\/\/vieassociative.be\/actualites\/wp-json\/wp\/v2\/types\/post"}],"author":[{"embeddable":true,"href":"https:\/\/vieassociative.be\/actualites\/wp-json\/wp\/v2\/users\/1"}],"replies":[{"embeddable":true,"href":"https:\/\/vieassociative.be\/actualites\/wp-json\/wp\/v2\/comments?post=9436"}],"version-history":[{"count":0,"href":"https:\/\/vieassociative.be\/actualites\/wp-json\/wp\/v2\/posts\/9436\/revisions"}],"wp:featuredmedia":[{"embeddable":true,"href":"https:\/\/vieassociative.be\/actualites\/wp-json\/wp\/v2\/media\/9437"}],"wp:attachment":[{"href":"https:\/\/vieassociative.be\/actualites\/wp-json\/wp\/v2\/media?parent=9436"}],"wp:term":[{"taxonomy":"category","embeddable":true,"href":"https:\/\/vieassociative.be\/actualites\/wp-json\/wp\/v2\/categories?post=9436"},{"taxonomy":"post_tag","embeddable":true,"href":"https:\/\/vieassociative.be\/actualites\/wp-json\/wp\/v2\/tags?post=9436"}],"curies":[{"name":"wp","href":"https:\/\/api.w.org\/{rel}","templated":true}]}}