{"id":9430,"date":"2025-08-16T09:17:05","date_gmt":"2025-08-16T07:17:05","guid":{"rendered":"https:\/\/vieassociative.be\/actualites\/je-suis-passe-de-premiere-pro-a-davinci-resolve-et-je-ne-regarderai-jamais-en-arriere\/"},"modified":"2025-08-16T09:17:05","modified_gmt":"2025-08-16T07:17:05","slug":"je-suis-passe-de-premiere-pro-a-davinci-resolve-et-je-ne-regarderai-jamais-en-arriere","status":"publish","type":"post","link":"https:\/\/vieassociative.be\/actualites\/je-suis-passe-de-premiere-pro-a-davinci-resolve-et-je-ne-regarderai-jamais-en-arriere\/","title":{"rendered":"Je suis pass\u00e9 de Premiere Pro \u00e0 DaVinci Resolve, et je ne regarderai jamais en arri\u00e8re"},"content":{"rendered":"<div class=\"mt-4 leading-6 md:mb-8\">DaVinci Resolve est un \u00e9diteur vid\u00e9o gratuit qui bat Premiere Pro dans \u00e0 peu pr\u00e8s tous les sens.<\/div>\n<p><\/p>\n<p>\u00c0 partir du moment o\u00f9 j&rsquo;ai lanc\u00e9 pour la premi\u00e8re fois Windows Movie Maker, je suis \u00e0 la recherche d&rsquo;un bon \u00e9diteur vid\u00e9o gratuit. Pas parfait, attention. Pas celui qui pourrait remplacer un flux de travail professionnel, juste un qui est assez bon. Apr\u00e8s avoir abandonn\u00e9 le \u00abgratuit\u00bb et l&rsquo;apprentissage de Premiere Pro, je pensais que mon r\u00eave resterait mort. Ensuite, j&rsquo;ai trouv\u00e9 Davinci Resolve.<\/p>\n<p>Pour les non-initi\u00e9s, DaVinci Resolve est un \u00e9diteur vid\u00e9o gratuit du fabricant d&rsquo;appareils photo et du fabricant d&rsquo;\u00e9quipements de production Blackmagic Design. Bien que le logiciel ait une version en option (300 $ pour une licence \u00e0 vie, bien que de nombreux produits de Blackmagic soient livr\u00e9s avec des codes gratuits), la version gratuite est si robuste et puissante que la plupart des utilisateurs n&rsquo;auront probablement pas besoin de mettre \u00e0 niveau jusqu&rsquo;\u00e0 ce que l&rsquo;\u00e9dition devienne un travail \u00e0 temps plein.<\/p>\n<p>Au d\u00e9but, j&rsquo;h\u00e9sitais \u00e0 sauter le navire de la suite Adobe. Bien s\u00fbr, Premiere Pro \u00e9tait janky et s&rsquo;est \u00e9cras\u00e9 trop souvent, mais mon abonnement est \u00e9galement venu avec acc\u00e8s \u00e0 des outils comme Photoshop et After Effects, sur lesquels je me suis appuy\u00e9 pour mes propres projets vid\u00e9o. <em>S\u00fbrement, un \u00e9diteur vid\u00e9o gratuit ne pouvait pas remplacer tout cela,<\/em> Je pensais. Je n&rsquo;aurais pas pu avoir plus tort.<\/p>\n<h2 id=\"making-the-basics-accessible\">Rendre les bases accessibles<\/h2>\n<p>Je m&rsquo;attends \u00e0 ce que l&rsquo;un des deux inconv\u00e9nients majeurs des \u00e9diteurs vid\u00e9o gratuits: soit ils ont des fonctions de base qui fonctionnent tandis que les outils avanc\u00e9s sont \u00e9clat\u00e9s, soit ils s&rsquo;appuient sur des gadgets comme l&rsquo;IA pour \u00ab\u00a0modifier pour vous\u00a0\u00bb d&rsquo;une mani\u00e8re qui fonctionne rarement. Le capcut appartenant \u00e0 ByTedance est un bon exemple des deux. C&rsquo;est bien pour \u00e9diter des vid\u00e9os Tiktok, mais si vous voulez d\u00e9velopper vos comp\u00e9tences, vous frapperez probablement un plafond rapidement.<\/p>\n<p>DaVinci Resolve, en revanche, est con\u00e7u pour l&rsquo;\u00e9dition vid\u00e9o de niveau professionnel en premier. Ce qui signifie que si vous avez besoin de synchroniser des images pour les pousses multi-cames ou de plonger dans des espaces de couleurs, les options sont disponibles. Pour les utilisateurs d\u00e9butants, cependant, toutes ces choses suppl\u00e9mentaires ne g\u00eanent pas. L&rsquo;un de mes aspects pr\u00e9f\u00e9r\u00e9s de la conception de Blackmagic (\u00e0 la fois dans Resolve et son logiciel de cam\u00e9ra embarqu\u00e9) est l&rsquo;accent mis par l&rsquo;entreprise sur la convivialit\u00e9 sans sacrifier le pouvoir.<\/p>\n<p>Le fondement de cette approche peut \u00eatre vu dans la barre d&rsquo;outils en bas. Pages \u00e9tiquet\u00e9es M\u00e9dias, coupez, modifiez et livrez-vous automatiquement votre espace de travail pour diff\u00e9rentes t\u00e2ches. C&rsquo;est plus que de d\u00e9placer des fen\u00eatres, cependant. La page de coupe, par exemple, est un excellent outil pour construire des coupes brutes des s\u00e9quences brutes, sans se soucier des modifications pr\u00e9cises, des transitions, des niveaux audio ou de l&rsquo;un des autres bits fid\u00e8les que les \u00e9diteurs vid\u00e9o doivent \u00eatre obs\u00e9d\u00e9s. Il suffit de mettre vos clips dans le bon ordre et de passer \u00e0 la page d&rsquo;\u00e9dition lorsque vous \u00eates pr\u00eat \u00e0 affiner.<\/p>\n<p>La page de couleur est \u00e9galement la superpuissance la plus c\u00e9l\u00e8bre de Resolve. Ici, l&rsquo;application offre un classement de couleurs de niveau pro que, franchement, je n&rsquo;ai m\u00eame jamais vu tent\u00e9 dans d&rsquo;autres logiciels d&rsquo;\u00e9dition vid\u00e9o gratuits. Bien qu&rsquo;il soit construit autour du format de braw de Blackmagic, il peut g\u00e9rer une large gamme de formats bruts, y compris Arriaw, Cinemadng et Canon Cinema Raw Light.<\/p>\n<h2 id=\"an-ode-to-nodes\">Une ode aux n\u0153uds<\/h2>\n<div class=\"eloquent-imagery-image\">\n<div class=\"flex justify-center\">\n                    <img decoding=\"async\" class=\"border border-gray-100\" src=\"https:\/\/vieassociative.be\/actualites\/wp-content\/uploads\/2025\/08\/Je-suis-passe-de-Premiere-Pro-a-DaVinci-Resolve-et.png\" alt=\"Un arbre de n\u0153ud dans DaVinci Resolve.\" width=\"2000\" height=\"725\" loading=\"lazy\"  >\n            <\/div>\n<\/p><\/div>\n<p>DaVinci Resolve pourrait \u00eatre un bon \u00e9diteur vid\u00e9o, mais cela n&rsquo;allait pas suffire pour me persuader par lui-m\u00eame. Apr\u00e8s tout, si j&rsquo;avais encore besoin d&rsquo;effets, je peux aussi rester avec Adobe. Cependant, maintenant que j&rsquo;y pense, After Effects est \u00e9galement assez maladroit ces jours-ci. Et apr\u00e8s s&rsquo;\u00eatre habitu\u00e9 aux interfaces bas\u00e9es sur des n\u0153uds dans des applications comme Blender, je me lassais de l&rsquo;approche d&rsquo;AE pour compter sur les couches, comme les CEL d&rsquo;animation, pour construire des effets.<\/p>\n<p>Entrez Fusion. L&rsquo;une des pages d&rsquo;\u00e9dition d\u00e9di\u00e9es de Resolve, la fusion est une suite compl\u00e8te des effets bas\u00e9s sur des n\u0153uds. Si vous \u00eates habitu\u00e9 aux effets apr\u00e8s les effets, l&rsquo;adaptation aux n\u0153uds peut s&rsquo;y habituer, mais les avantages en valent la peine. Les n\u0153uds sont essentiellement une repr\u00e9sentation visuelle d&rsquo;un ensemble d&rsquo;instructions. Pensez-y comme un graphique \u00e0 flux, o\u00f9 chaque n\u0153ud est un ensemble sp\u00e9cifique d&rsquo;instructions. Vous pouvez r\u00e9utiliser les n\u0153uds, cr\u00e9er des ensembles d&rsquo;instructions non lin\u00e9aires, et surtout, pr\u00e9visualiser facilement votre effet \u00e0 n&rsquo;importe quelle \u00e9tape de la cha\u00eene.<\/p>\n<p>Par exemple, dans la capture d&rsquo;\u00e9cran ci-dessus, j&rsquo;ai une configuration d&rsquo;arbre de n\u0153ud simple que j&rsquo;ai assembl\u00e9e pour un effet de pixel CRT. Je prends la vid\u00e9o initiale, je la divise en trois n\u0153uds qui isolent les canaux rouges, verts et bleus de la vid\u00e9o. \u00c0 l&rsquo;\u00e9tape suivante, je multiplie ces canaux par une texture de pixel r\u00e9p\u00e9t\u00e9e. Ensuite, dans la derni\u00e8re \u00e9tape de la cha\u00eene, je les recombine dans une image finale. Le r\u00e9sultat?<\/p>\n<div class=\"eloquent-imagery-image\">\n<div class=\"flex justify-center\">\n                    <img decoding=\"async\" class=\"border border-gray-100\" src=\"https:\/\/vieassociative.be\/actualites\/wp-content\/uploads\/2025\/08\/1755328624_298_Je-suis-passe-de-Premiere-Pro-a-DaVinci-Resolve-et.png\" alt=\"Comparaison c\u00f4te \u00e0 c\u00f4te d'une image des guerres de b\u00eate, avec et sans effet de pixel CRT.\" width=\"2000\" height=\"762\" loading=\"lazy\"  >\n            <\/div>\n<\/p><\/div>\n<p>Pas mal, non? Bien s\u00fbr, il existe mille fa\u00e7ons de faire (et d&rsquo;am\u00e9liorer) cet effet &#8211; \u00e0 l&rsquo;origine, je ne suis pas satisfait de la sombre de l&rsquo;image finale, donc je continuerai probablement \u00e0 peaufiner cela, mais la configuration du n\u0153ud signifie que non seulement je peux ajuster facilement n&rsquo;importe quelle \u00e9tape du processus, mais il est facile de dire en un coup d&rsquo;\u0153il ce que fait l&rsquo;arbre de n\u0153ud.<\/p>\n<p>Dans la capture d&rsquo;\u00e9cran de l&rsquo;arbre du n\u0153ud, vous pouvez \u00e9galement voir une bo\u00eete avec un petit point blanc sous le premier et dernier n\u0153ud. Ceci est la s\u00e9lection de la visionneuse. S\u00e9lectionnez le plus de cercle gauche et un aper\u00e7u de l&rsquo;effet \u00e0 ce stade de l&rsquo;arborescence du n\u0153ud appara\u00eetra dans la fen\u00eatre d&rsquo;aper\u00e7u gauche. S\u00e9lectionnez le point moyen et il appara\u00eet dans la fen\u00eatre de droite. (Dans Resolve 20, le troisi\u00e8me point est pour un aper\u00e7u VR, pour une raison quelconque.)<\/p>\n<p>Cette base d&rsquo;une interface intuitive et utile prend en charge une biblioth\u00e8que robuste d&rsquo;outils d&rsquo;effets puissants comme des cartes de profondeur et d&rsquo;excellents modificateurs. Il est \u00e9galement incroyablement facile d&rsquo;\u00e9conomiser et de partager des arbres de n\u0153uds, s\u00e9lectionnez et copiez les n\u0153uds et vous pouvez soit les coller directement en r\u00e9solution, soit dans un document texte \u00e0 partager en ligne. C&rsquo;est un bassin profond d&rsquo;outils \u00e0 explorer.<\/p>\n<h2 id=\"ai-but-actually-good-this-time\">AI, mais en fait bon cette fois<\/h2>\n<p>La paille finale pour moi pour passer des produits Adobe \u00e0 r\u00e9soudre a \u00e9t\u00e9 lorsque les approches des deux soci\u00e9t\u00e9s \u00e0 l&rsquo;IA ont commenc\u00e9 \u00e0 cristalliser. Adobe a vant\u00e9 l&rsquo;utilisation de l&rsquo;IA g\u00e9n\u00e9rative pour prolonger la dur\u00e9e des clips vid\u00e9o ou la recherche de clips en d\u00e9crivant ce qu&rsquo;il y a. Pas n\u00e9cessairement un mauvais ensemble d&rsquo;outils, mais, pour moi du moins, c&rsquo;\u00e9tait comme une IA pour le plaisir. Et, franchement, je ne fais pas confiance \u00e0 un clip \u00e9tendu artificiellement pour avoir l&rsquo;air aussi naturel que de le tirer juste la premi\u00e8re fois.<\/p>\n<p>Pendant ce temps, la derni\u00e8re version de Resolve m&rsquo;a introduit quelque chose de beaucoup plus utile: Intelliscript. Cette fonctionnalit\u00e9 peut prendre le script de votre vid\u00e9o et assembler automatiquement une coupe rugueuse de vos images. Bien qu&rsquo;il ne soit pas parfait &#8211; et il est particuli\u00e8rement d\u00e9clench\u00e9 par l&rsquo;improvisation ou les prises incompl\u00e8tes &#8211; j&rsquo;ai pu construire une coupe rugueuse initiale d&rsquo;une vid\u00e9o de pr\u00e8s de deux heures en moins d&rsquo;une heure.<\/p>\n<p>Cet outil est en fait construit \u00e0 partir de quelques autres outils plus petits, dont beaucoup sont \u00e9galement aliment\u00e9s par IA de mani\u00e8re tr\u00e8s cibl\u00e9e. Resolve a une transcription vid\u00e9o automatique depuis quelques ann\u00e9es maintenant, et son montage bas\u00e9 sur le texte vous permet de s\u00e9lectionner des clips en mettant simplement en \u00e9vidence le texte parl\u00e9. Intelliscript automatise ce processus et s\u00e9lectionne m\u00eame plusieurs prises de la m\u00eame ligne et les superpose dans plusieurs pistes vid\u00e9o les unes sur les autres. Ce n&rsquo;est pas parfait, mais c&rsquo;est un sacr\u00e9 d\u00e9but.<\/p>\n<p>Beaucoup de fonctionnalit\u00e9s aliment\u00e9es par Resolve sont comme \u00e7a. Plut\u00f4t que de commencer avec une IA g\u00e9n\u00e9rative et de forcer un moyen d&rsquo;en faire une fonctionnalit\u00e9, les caract\u00e9ristiques de l&rsquo;IA de Resolve proviennent davantage des cas d&rsquo;utilisation du monde r\u00e9el. L&rsquo;outil de revers, par exemple, utilise des mod\u00e8les d&rsquo;apprentissage automatique pour rabattre un sujet dans le post, sans avoir \u00e0 jouer avec des masques complexes. C&rsquo;est un outil \u00e9tonnamment puissant qui prend en charge les objectifs de l&rsquo;\u00e9diteur, plut\u00f4t que d&rsquo;essayer de remplacer directement le travail cr\u00e9atif.<\/p>\n<p>En toute honn\u00eatet\u00e9, Adobe a ajout\u00e9 des fonctionnalit\u00e9s similaires &#8211; Premi\u00e8re Pro a ajout\u00e9 l&rsquo;\u00e9dition bas\u00e9e sur le texte apr\u00e8s la r\u00e9solution &#8211; et la plupart des fonctionnalit\u00e9s aliment\u00e9es par AI dans Resolve n\u00e9cessitent l&rsquo;\u00e9dition Studio payante. Les frais en valent la peine, \u00e0 mon avis, car Resolve semble faire un meilleur travail pour trouver des fonctionnalit\u00e9s utiles (qu&rsquo;elles soient aliment\u00e9es par AI ou non) et de les mettre en \u0153uvre en premier. Et souvent mieux.<\/p>\n<p>Choisir une bonne suite de montage vid\u00e9o sera toujours un choix profond\u00e9ment personnel, et plus vos productions sont grandes, plus la logistique de la commutation est compliqu\u00e9e. Mais apr\u00e8s des ann\u00e9es avec Premiere Pro, je peux dire en toute s\u00e9curit\u00e9 que Resolve a r\u00e9pondu \u00e0 tous mes besoins, et la transition \u00e9tait beaucoup moins cahoteuse que ce \u00e0 quoi je m&rsquo;attendais.<\/p>\n<p>Oh, et Resolve ne s&rsquo;est pas \u00e9cras\u00e9 lors d&rsquo;un rendu une fois, pendant tout le temps que je l&rsquo;utilise. Alors il y a \u00e7a.<\/p>\n","protected":false},"excerpt":{"rendered":"<p>DaVinci Resolve est un \u00e9diteur vid\u00e9o gratuit qui bat Premiere Pro dans \u00e0 peu pr\u00e8s tous les sens. \u00c0 partir du moment o\u00f9 j&rsquo;ai lanc\u00e9<\/p>\n","protected":false},"author":1,"featured_media":9431,"comment_status":"","ping_status":"","sticky":false,"template":"","format":"standard","meta":{"footnotes":""},"categories":[13],"tags":[1781,8176,851,1073,610,630,8178,8177,2985],"class_list":["post-9430","post","type-post","status-publish","format-standard","has-post-thumbnail","hentry","category-technologie","tag-arriere","tag-davinci","tag-jamais","tag-passe","tag-premiere","tag-pro","tag-regarderai","tag-resolve","tag-suis","generate-columns","tablet-grid-50","mobile-grid-100","grid-parent","grid-33"],"yoast_head":"<!-- This site is optimized with the Yoast SEO plugin v24.0 - https:\/\/yoast.com\/wordpress\/plugins\/seo\/ -->\n<title>Je suis pass\u00e9 de Premiere Pro \u00e0 DaVinci Resolve, et je ne regarderai jamais en arri\u00e8re | Vie Associative<\/title>\n<meta name=\"robots\" content=\"index, follow, max-snippet:-1, max-image-preview:large, max-video-preview:-1\" \/>\n<link rel=\"canonical\" href=\"https:\/\/vieassociative.be\/actualites\/je-suis-passe-de-premiere-pro-a-davinci-resolve-et-je-ne-regarderai-jamais-en-arriere\/\" \/>\n<meta property=\"og:locale\" content=\"fr_FR\" \/>\n<meta property=\"og:type\" content=\"article\" \/>\n<meta property=\"og:title\" content=\"Je suis pass\u00e9 de Premiere Pro \u00e0 DaVinci Resolve, et je ne regarderai jamais en arri\u00e8re | Vie Associative\" \/>\n<meta property=\"og:description\" content=\"DaVinci Resolve est un \u00e9diteur vid\u00e9o gratuit qui bat Premiere Pro dans \u00e0 peu pr\u00e8s tous les sens. \u00c0 partir du moment o\u00f9 j&rsquo;ai lanc\u00e9\" \/>\n<meta property=\"og:url\" content=\"https:\/\/vieassociative.be\/actualites\/je-suis-passe-de-premiere-pro-a-davinci-resolve-et-je-ne-regarderai-jamais-en-arriere\/\" \/>\n<meta property=\"og:site_name\" content=\"Vie Associative\" \/>\n<meta property=\"article:published_time\" content=\"2025-08-16T07:17:05+00:00\" \/>\n<meta property=\"og:image\" content=\"https:\/\/vieassociative.be\/actualites\/wp-content\/uploads\/2025\/08\/Je-suis-passe-de-Premiere-Pro-a-DaVinci-Resolve-et.png\" \/>\n<meta name=\"author\" content=\"Julien\" \/>\n<meta name=\"twitter:card\" content=\"summary_large_image\" \/>\n<meta name=\"twitter:label1\" content=\"\u00c9crit par\" \/>\n\t<meta name=\"twitter:data1\" content=\"Julien\" \/>\n\t<meta name=\"twitter:label2\" content=\"Dur\u00e9e de lecture est.\" \/>\n\t<meta name=\"twitter:data2\" content=\"9 minutes\" \/>\n<script type=\"application\/ld+json\" class=\"yoast-schema-graph\">{\"@context\":\"https:\/\/schema.org\",\"@graph\":[{\"@type\":\"Article\",\"@id\":\"https:\/\/vieassociative.be\/actualites\/je-suis-passe-de-premiere-pro-a-davinci-resolve-et-je-ne-regarderai-jamais-en-arriere\/#article\",\"isPartOf\":{\"@id\":\"https:\/\/vieassociative.be\/actualites\/je-suis-passe-de-premiere-pro-a-davinci-resolve-et-je-ne-regarderai-jamais-en-arriere\/\"},\"author\":{\"name\":\"Julien\",\"@id\":\"https:\/\/vieassociative.be\/actualites\/#\/schema\/person\/b87ac4f82f9d4e7b7cec7395b679edc4\"},\"headline\":\"Je suis pass\u00e9 de Premiere Pro \u00e0 DaVinci Resolve, et je ne regarderai jamais en arri\u00e8re\",\"datePublished\":\"2025-08-16T07:17:05+00:00\",\"dateModified\":\"2025-08-16T07:17:05+00:00\",\"mainEntityOfPage\":{\"@id\":\"https:\/\/vieassociative.be\/actualites\/je-suis-passe-de-premiere-pro-a-davinci-resolve-et-je-ne-regarderai-jamais-en-arriere\/\"},\"wordCount\":1802,\"publisher\":{\"@id\":\"https:\/\/vieassociative.be\/actualites\/#organization\"},\"image\":{\"@id\":\"https:\/\/vieassociative.be\/actualites\/je-suis-passe-de-premiere-pro-a-davinci-resolve-et-je-ne-regarderai-jamais-en-arriere\/#primaryimage\"},\"thumbnailUrl\":\"https:\/\/vieassociative.be\/actualites\/wp-content\/uploads\/2025\/08\/1755328625_Je-suis-passe-de-Premiere-Pro-a-DaVinci-Resolve-et.png\",\"keywords\":[\"arri\u00e8re\",\"DaVinci\",\"jamais\",\"passe\",\"premi\u00e8re\",\"Pro\",\"regarderai\",\"Resolve\",\"suis\"],\"articleSection\":[\"Technologie\"],\"inLanguage\":\"fr-BE\"},{\"@type\":\"WebPage\",\"@id\":\"https:\/\/vieassociative.be\/actualites\/je-suis-passe-de-premiere-pro-a-davinci-resolve-et-je-ne-regarderai-jamais-en-arriere\/\",\"url\":\"https:\/\/vieassociative.be\/actualites\/je-suis-passe-de-premiere-pro-a-davinci-resolve-et-je-ne-regarderai-jamais-en-arriere\/\",\"name\":\"Je suis pass\u00e9 de Premiere Pro \u00e0 DaVinci Resolve, et je ne regarderai jamais en arri\u00e8re | Vie Associative\",\"isPartOf\":{\"@id\":\"https:\/\/vieassociative.be\/actualites\/#website\"},\"primaryImageOfPage\":{\"@id\":\"https:\/\/vieassociative.be\/actualites\/je-suis-passe-de-premiere-pro-a-davinci-resolve-et-je-ne-regarderai-jamais-en-arriere\/#primaryimage\"},\"image\":{\"@id\":\"https:\/\/vieassociative.be\/actualites\/je-suis-passe-de-premiere-pro-a-davinci-resolve-et-je-ne-regarderai-jamais-en-arriere\/#primaryimage\"},\"thumbnailUrl\":\"https:\/\/vieassociative.be\/actualites\/wp-content\/uploads\/2025\/08\/1755328625_Je-suis-passe-de-Premiere-Pro-a-DaVinci-Resolve-et.png\",\"datePublished\":\"2025-08-16T07:17:05+00:00\",\"dateModified\":\"2025-08-16T07:17:05+00:00\",\"breadcrumb\":{\"@id\":\"https:\/\/vieassociative.be\/actualites\/je-suis-passe-de-premiere-pro-a-davinci-resolve-et-je-ne-regarderai-jamais-en-arriere\/#breadcrumb\"},\"inLanguage\":\"fr-BE\",\"potentialAction\":[{\"@type\":\"ReadAction\",\"target\":[\"https:\/\/vieassociative.be\/actualites\/je-suis-passe-de-premiere-pro-a-davinci-resolve-et-je-ne-regarderai-jamais-en-arriere\/\"]}]},{\"@type\":\"ImageObject\",\"inLanguage\":\"fr-BE\",\"@id\":\"https:\/\/vieassociative.be\/actualites\/je-suis-passe-de-premiere-pro-a-davinci-resolve-et-je-ne-regarderai-jamais-en-arriere\/#primaryimage\",\"url\":\"https:\/\/vieassociative.be\/actualites\/wp-content\/uploads\/2025\/08\/1755328625_Je-suis-passe-de-Premiere-Pro-a-DaVinci-Resolve-et.png\",\"contentUrl\":\"https:\/\/vieassociative.be\/actualites\/wp-content\/uploads\/2025\/08\/1755328625_Je-suis-passe-de-Premiere-Pro-a-DaVinci-Resolve-et.png\",\"width\":1200,\"height\":675,\"caption\":\"Je suis pass\u00e9 de Premiere Pro \u00e0 DaVinci Resolve, et je ne regarderai jamais en arri\u00e8re\"},{\"@type\":\"BreadcrumbList\",\"@id\":\"https:\/\/vieassociative.be\/actualites\/je-suis-passe-de-premiere-pro-a-davinci-resolve-et-je-ne-regarderai-jamais-en-arriere\/#breadcrumb\",\"itemListElement\":[{\"@type\":\"ListItem\",\"position\":1,\"name\":\"Accueil\",\"item\":\"https:\/\/vieassociative.be\/actualites\/\"},{\"@type\":\"ListItem\",\"position\":2,\"name\":\"Je suis pass\u00e9 de Premiere Pro \u00e0 DaVinci Resolve, et je ne regarderai jamais en arri\u00e8re\"}]},{\"@type\":\"WebSite\",\"@id\":\"https:\/\/vieassociative.be\/actualites\/#website\",\"url\":\"https:\/\/vieassociative.be\/actualites\/\",\"name\":\"Vie Associative\",\"description\":\"\",\"publisher\":{\"@id\":\"https:\/\/vieassociative.be\/actualites\/#organization\"},\"potentialAction\":[{\"@type\":\"SearchAction\",\"target\":{\"@type\":\"EntryPoint\",\"urlTemplate\":\"https:\/\/vieassociative.be\/actualites\/?s={search_term_string}\"},\"query-input\":{\"@type\":\"PropertyValueSpecification\",\"valueRequired\":true,\"valueName\":\"search_term_string\"}}],\"inLanguage\":\"fr-BE\"},{\"@type\":\"Organization\",\"@id\":\"https:\/\/vieassociative.be\/actualites\/#organization\",\"name\":\"Vie Associative\",\"url\":\"https:\/\/vieassociative.be\/actualites\/\",\"logo\":{\"@type\":\"ImageObject\",\"inLanguage\":\"fr-BE\",\"@id\":\"https:\/\/vieassociative.be\/actualites\/#\/schema\/logo\/image\/\",\"url\":\"https:\/\/vieassociative.be\/actualites\/wp-content\/uploads\/2024\/09\/cropped-vieassociative_favicon.ico.png\",\"contentUrl\":\"https:\/\/vieassociative.be\/actualites\/wp-content\/uploads\/2024\/09\/cropped-vieassociative_favicon.ico.png\",\"width\":512,\"height\":512,\"caption\":\"Vie Associative\"},\"image\":{\"@id\":\"https:\/\/vieassociative.be\/actualites\/#\/schema\/logo\/image\/\"}},{\"@type\":\"Person\",\"@id\":\"https:\/\/vieassociative.be\/actualites\/#\/schema\/person\/b87ac4f82f9d4e7b7cec7395b679edc4\",\"name\":\"Julien\",\"image\":{\"@type\":\"ImageObject\",\"inLanguage\":\"fr-BE\",\"@id\":\"https:\/\/vieassociative.be\/actualites\/#\/schema\/person\/image\/\",\"url\":\"https:\/\/vieassociative.be\/actualites\/wp-content\/uploads\/2024\/09\/vie-associative-1-150x150.jpg\",\"contentUrl\":\"https:\/\/vieassociative.be\/actualites\/wp-content\/uploads\/2024\/09\/vie-associative-1-150x150.jpg\",\"caption\":\"Julien\"},\"description\":\"Je suis Julien, r\u00e9dacteur pour Vie Associative. Passionn\u00e9 par le monde associatif depuis plus de 10 ans, j'ai \u00e0 c\u0153ur de partager des histoires inspirantes et de mettre en lumi\u00e8re les initiatives locales. Mon objectif est de sensibiliser et d'encourager l'engagement communautaire \u00e0 travers mes articles.\",\"sameAs\":[\"https:\/\/vieassociative.be\/\"]}]}<\/script>\n<!-- \/ Yoast SEO plugin. -->","yoast_head_json":{"title":"Je suis pass\u00e9 de Premiere Pro \u00e0 DaVinci Resolve, et je ne regarderai jamais en arri\u00e8re | Vie Associative","robots":{"index":"index","follow":"follow","max-snippet":"max-snippet:-1","max-image-preview":"max-image-preview:large","max-video-preview":"max-video-preview:-1"},"canonical":"https:\/\/vieassociative.be\/actualites\/je-suis-passe-de-premiere-pro-a-davinci-resolve-et-je-ne-regarderai-jamais-en-arriere\/","og_locale":"fr_FR","og_type":"article","og_title":"Je suis pass\u00e9 de Premiere Pro \u00e0 DaVinci Resolve, et je ne regarderai jamais en arri\u00e8re | Vie Associative","og_description":"DaVinci Resolve est un \u00e9diteur vid\u00e9o gratuit qui bat Premiere Pro dans \u00e0 peu pr\u00e8s tous les sens. \u00c0 partir du moment o\u00f9 j&rsquo;ai lanc\u00e9","og_url":"https:\/\/vieassociative.be\/actualites\/je-suis-passe-de-premiere-pro-a-davinci-resolve-et-je-ne-regarderai-jamais-en-arriere\/","og_site_name":"Vie Associative","article_published_time":"2025-08-16T07:17:05+00:00","og_image":[{"url":"https:\/\/vieassociative.be\/actualites\/wp-content\/uploads\/2025\/08\/Je-suis-passe-de-Premiere-Pro-a-DaVinci-Resolve-et.png","type":"","width":"","height":""}],"author":"Julien","twitter_card":"summary_large_image","twitter_misc":{"\u00c9crit par":"Julien","Dur\u00e9e de lecture est.":"9 minutes"},"schema":{"@context":"https:\/\/schema.org","@graph":[{"@type":"Article","@id":"https:\/\/vieassociative.be\/actualites\/je-suis-passe-de-premiere-pro-a-davinci-resolve-et-je-ne-regarderai-jamais-en-arriere\/#article","isPartOf":{"@id":"https:\/\/vieassociative.be\/actualites\/je-suis-passe-de-premiere-pro-a-davinci-resolve-et-je-ne-regarderai-jamais-en-arriere\/"},"author":{"name":"Julien","@id":"https:\/\/vieassociative.be\/actualites\/#\/schema\/person\/b87ac4f82f9d4e7b7cec7395b679edc4"},"headline":"Je suis pass\u00e9 de Premiere Pro \u00e0 DaVinci Resolve, et je ne regarderai jamais en arri\u00e8re","datePublished":"2025-08-16T07:17:05+00:00","dateModified":"2025-08-16T07:17:05+00:00","mainEntityOfPage":{"@id":"https:\/\/vieassociative.be\/actualites\/je-suis-passe-de-premiere-pro-a-davinci-resolve-et-je-ne-regarderai-jamais-en-arriere\/"},"wordCount":1802,"publisher":{"@id":"https:\/\/vieassociative.be\/actualites\/#organization"},"image":{"@id":"https:\/\/vieassociative.be\/actualites\/je-suis-passe-de-premiere-pro-a-davinci-resolve-et-je-ne-regarderai-jamais-en-arriere\/#primaryimage"},"thumbnailUrl":"https:\/\/vieassociative.be\/actualites\/wp-content\/uploads\/2025\/08\/1755328625_Je-suis-passe-de-Premiere-Pro-a-DaVinci-Resolve-et.png","keywords":["arri\u00e8re","DaVinci","jamais","passe","premi\u00e8re","Pro","regarderai","Resolve","suis"],"articleSection":["Technologie"],"inLanguage":"fr-BE"},{"@type":"WebPage","@id":"https:\/\/vieassociative.be\/actualites\/je-suis-passe-de-premiere-pro-a-davinci-resolve-et-je-ne-regarderai-jamais-en-arriere\/","url":"https:\/\/vieassociative.be\/actualites\/je-suis-passe-de-premiere-pro-a-davinci-resolve-et-je-ne-regarderai-jamais-en-arriere\/","name":"Je suis pass\u00e9 de Premiere Pro \u00e0 DaVinci Resolve, et je ne regarderai jamais en arri\u00e8re | Vie Associative","isPartOf":{"@id":"https:\/\/vieassociative.be\/actualites\/#website"},"primaryImageOfPage":{"@id":"https:\/\/vieassociative.be\/actualites\/je-suis-passe-de-premiere-pro-a-davinci-resolve-et-je-ne-regarderai-jamais-en-arriere\/#primaryimage"},"image":{"@id":"https:\/\/vieassociative.be\/actualites\/je-suis-passe-de-premiere-pro-a-davinci-resolve-et-je-ne-regarderai-jamais-en-arriere\/#primaryimage"},"thumbnailUrl":"https:\/\/vieassociative.be\/actualites\/wp-content\/uploads\/2025\/08\/1755328625_Je-suis-passe-de-Premiere-Pro-a-DaVinci-Resolve-et.png","datePublished":"2025-08-16T07:17:05+00:00","dateModified":"2025-08-16T07:17:05+00:00","breadcrumb":{"@id":"https:\/\/vieassociative.be\/actualites\/je-suis-passe-de-premiere-pro-a-davinci-resolve-et-je-ne-regarderai-jamais-en-arriere\/#breadcrumb"},"inLanguage":"fr-BE","potentialAction":[{"@type":"ReadAction","target":["https:\/\/vieassociative.be\/actualites\/je-suis-passe-de-premiere-pro-a-davinci-resolve-et-je-ne-regarderai-jamais-en-arriere\/"]}]},{"@type":"ImageObject","inLanguage":"fr-BE","@id":"https:\/\/vieassociative.be\/actualites\/je-suis-passe-de-premiere-pro-a-davinci-resolve-et-je-ne-regarderai-jamais-en-arriere\/#primaryimage","url":"https:\/\/vieassociative.be\/actualites\/wp-content\/uploads\/2025\/08\/1755328625_Je-suis-passe-de-Premiere-Pro-a-DaVinci-Resolve-et.png","contentUrl":"https:\/\/vieassociative.be\/actualites\/wp-content\/uploads\/2025\/08\/1755328625_Je-suis-passe-de-Premiere-Pro-a-DaVinci-Resolve-et.png","width":1200,"height":675,"caption":"Je suis pass\u00e9 de Premiere Pro \u00e0 DaVinci Resolve, et je ne regarderai jamais en arri\u00e8re"},{"@type":"BreadcrumbList","@id":"https:\/\/vieassociative.be\/actualites\/je-suis-passe-de-premiere-pro-a-davinci-resolve-et-je-ne-regarderai-jamais-en-arriere\/#breadcrumb","itemListElement":[{"@type":"ListItem","position":1,"name":"Accueil","item":"https:\/\/vieassociative.be\/actualites\/"},{"@type":"ListItem","position":2,"name":"Je suis pass\u00e9 de Premiere Pro \u00e0 DaVinci Resolve, et je ne regarderai jamais en arri\u00e8re"}]},{"@type":"WebSite","@id":"https:\/\/vieassociative.be\/actualites\/#website","url":"https:\/\/vieassociative.be\/actualites\/","name":"Vie Associative","description":"","publisher":{"@id":"https:\/\/vieassociative.be\/actualites\/#organization"},"potentialAction":[{"@type":"SearchAction","target":{"@type":"EntryPoint","urlTemplate":"https:\/\/vieassociative.be\/actualites\/?s={search_term_string}"},"query-input":{"@type":"PropertyValueSpecification","valueRequired":true,"valueName":"search_term_string"}}],"inLanguage":"fr-BE"},{"@type":"Organization","@id":"https:\/\/vieassociative.be\/actualites\/#organization","name":"Vie Associative","url":"https:\/\/vieassociative.be\/actualites\/","logo":{"@type":"ImageObject","inLanguage":"fr-BE","@id":"https:\/\/vieassociative.be\/actualites\/#\/schema\/logo\/image\/","url":"https:\/\/vieassociative.be\/actualites\/wp-content\/uploads\/2024\/09\/cropped-vieassociative_favicon.ico.png","contentUrl":"https:\/\/vieassociative.be\/actualites\/wp-content\/uploads\/2024\/09\/cropped-vieassociative_favicon.ico.png","width":512,"height":512,"caption":"Vie Associative"},"image":{"@id":"https:\/\/vieassociative.be\/actualites\/#\/schema\/logo\/image\/"}},{"@type":"Person","@id":"https:\/\/vieassociative.be\/actualites\/#\/schema\/person\/b87ac4f82f9d4e7b7cec7395b679edc4","name":"Julien","image":{"@type":"ImageObject","inLanguage":"fr-BE","@id":"https:\/\/vieassociative.be\/actualites\/#\/schema\/person\/image\/","url":"https:\/\/vieassociative.be\/actualites\/wp-content\/uploads\/2024\/09\/vie-associative-1-150x150.jpg","contentUrl":"https:\/\/vieassociative.be\/actualites\/wp-content\/uploads\/2024\/09\/vie-associative-1-150x150.jpg","caption":"Julien"},"description":"Je suis Julien, r\u00e9dacteur pour Vie Associative. Passionn\u00e9 par le monde associatif depuis plus de 10 ans, j'ai \u00e0 c\u0153ur de partager des histoires inspirantes et de mettre en lumi\u00e8re les initiatives locales. Mon objectif est de sensibiliser et d'encourager l'engagement communautaire \u00e0 travers mes articles.","sameAs":["https:\/\/vieassociative.be\/"]}]}},"_links":{"self":[{"href":"https:\/\/vieassociative.be\/actualites\/wp-json\/wp\/v2\/posts\/9430"}],"collection":[{"href":"https:\/\/vieassociative.be\/actualites\/wp-json\/wp\/v2\/posts"}],"about":[{"href":"https:\/\/vieassociative.be\/actualites\/wp-json\/wp\/v2\/types\/post"}],"author":[{"embeddable":true,"href":"https:\/\/vieassociative.be\/actualites\/wp-json\/wp\/v2\/users\/1"}],"replies":[{"embeddable":true,"href":"https:\/\/vieassociative.be\/actualites\/wp-json\/wp\/v2\/comments?post=9430"}],"version-history":[{"count":0,"href":"https:\/\/vieassociative.be\/actualites\/wp-json\/wp\/v2\/posts\/9430\/revisions"}],"wp:featuredmedia":[{"embeddable":true,"href":"https:\/\/vieassociative.be\/actualites\/wp-json\/wp\/v2\/media\/9431"}],"wp:attachment":[{"href":"https:\/\/vieassociative.be\/actualites\/wp-json\/wp\/v2\/media?parent=9430"}],"wp:term":[{"taxonomy":"category","embeddable":true,"href":"https:\/\/vieassociative.be\/actualites\/wp-json\/wp\/v2\/categories?post=9430"},{"taxonomy":"post_tag","embeddable":true,"href":"https:\/\/vieassociative.be\/actualites\/wp-json\/wp\/v2\/tags?post=9430"}],"curies":[{"name":"wp","href":"https:\/\/api.w.org\/{rel}","templated":true}]}}