{"id":9427,"date":"2025-08-16T03:21:02","date_gmt":"2025-08-16T01:21:02","guid":{"rendered":"https:\/\/vieassociative.be\/actualites\/si-vous-avez-une-de-ces-banques-dalimentation-esr-arretez-de-lutiliser-des-que-possible\/"},"modified":"2025-08-16T03:21:02","modified_gmt":"2025-08-16T01:21:02","slug":"si-vous-avez-une-de-ces-banques-dalimentation-esr-arretez-de-lutiliser-des-que-possible","status":"publish","type":"post","link":"https:\/\/vieassociative.be\/actualites\/si-vous-avez-une-de-ces-banques-dalimentation-esr-arretez-de-lutiliser-des-que-possible\/","title":{"rendered":"Si vous avez une de ces banques d&rsquo;alimentation ESR, arr\u00eatez de l&rsquo;utiliser d\u00e8s que possible"},"content":{"rendered":"<div class=\"mt-4 leading-6 md:mb-8\">Plusieurs mod\u00e8les de banque d&rsquo;alimentation sans fil risquent de surchauffer et d&rsquo;exploser.<\/div>\n<p><\/p>\n<p>Si vous utilisez une banque d&rsquo;alimentation ESR pour facturer votre t\u00e9l\u00e9phone, vous devrez peut-\u00eatre arr\u00eater de le faire d\u00e8s maintenant. Plusieurs mod\u00e8les de la banque d&rsquo;alimentation sans fil Halolock de l&rsquo;entreprise sont rappel\u00e9s par la Consumer Product Safety Commission en raison du risque de surchauffe de batterie au lithium-ion et de prendre feu. Jusqu&rsquo;\u00e0 pr\u00e9sent, neuf incidents ont \u00e9t\u00e9 signal\u00e9s causant 20 000 $ de dommages mat\u00e9riels. <\/p>\n<p>Voici ce que vous devez savoir sur les mod\u00e8les affect\u00e9s &#8211; et comment obtenir un remboursement si le v\u00f4tre en fait partie. <\/p>\n<h2 id=\"which-esr-power-banks-are-being-recalled\">Quelles banques d&rsquo;alimentation ESR sont rappel\u00e9es? <\/h2>\n<p>Le rappel comprend les banques d&rsquo;alimentation sans fil ESR Halolock avec les num\u00e9ros de mod\u00e8le 2G520, 2G505B et 2G512B, que vous pouvez trouver imprim\u00e9 sur le c\u00f4t\u00e9 droit de la banque. Les deux anciens mod\u00e8les ont des coups de pied. Tous ont \u00e9t\u00e9 vendus en bleu fonc\u00e9, bleu clair, gris, noir et blanc et ont cinq lumi\u00e8res \u00e0 LED circulaires sur le c\u00f4t\u00e9.  <\/p>\n<p>Selon l&rsquo;avis de rappel, les banques d&rsquo;\u00e9lectricit\u00e9 affect\u00e9es ont \u00e9t\u00e9 vendues via Amazon.com, HomeDepot.com et EsrTech.com entre septembre 2023 et juillet 2025. Environ 24 000 appareils ont \u00e9t\u00e9 vendus aux \u00c9tats-Unis, avec 9 900 suppl\u00e9mentaires vendus au Canada. <\/p>\n<h2 id=\"what-to-do-if-you-have-a-recalled-power-bank\">Que faire si vous avez une banque d&rsquo;alimentation rappel\u00e9e<\/h2>\n<p>Si votre banque d&rsquo;\u00e9lectricit\u00e9 fait partie de celles couvertes par le rappel, vous devez cesser de l&rsquo;utiliser d\u00e8s que possible. WayMeet, le distributeur, propose des remboursements, donc si vous voulez que votre argent revienne, vous devrez \u00e9crire \u00ab\u00a0rappel\u00e9\u00a0\u00bb sur l&rsquo;appareil dans un marqueur permanent et envoyer une photo par e-mail (prot\u00e9g\u00e9 par e-mail) (avec votre num\u00e9ro de commande si disponible). <\/p>\n<p>Vous pouvez \u00e9galement contacter l&rsquo;entreprise en appelant le 888-990-0280 entre 9 h et 17 h PT du lundi au vendredi. <\/p>\n<p>Notez que les batteries lithium-ion ne peuvent g\u00e9n\u00e9ralement pas \u00eatre \u00e9limin\u00e9es dans des bacs de d\u00e9chets ou de recyclage r\u00e9guliers ou m\u00eame des programmes de recyclage de batteries. Vous devrez peut-\u00eatre trouver votre centre de collecte des d\u00e9chets dangereux municipaux municipaux ou contacter votre gouvernement local pour des instructions. <\/p>\n","protected":false},"excerpt":{"rendered":"<p>Plusieurs mod\u00e8les de banque d&rsquo;alimentation sans fil risquent de surchauffer et d&rsquo;exploser. Si vous utilisez une banque d&rsquo;alimentation ESR pour facturer votre t\u00e9l\u00e9phone, vous devrez<\/p>\n","protected":false},"author":1,"featured_media":9428,"comment_status":"","ping_status":"","sticky":false,"template":"","format":"standard","meta":{"footnotes":""},"categories":[13],"tags":[1570,258,8174,248,2193,29,8175,2186,110,4],"class_list":["post-9427","post","type-post","status-publish","format-standard","has-post-thumbnail","hentry","category-technologie","tag-arretez","tag-avez","tag-banques","tag-ces","tag-dalimentation","tag-des","tag-esr","tag-lutiliser","tag-une","tag-vous","generate-columns","tablet-grid-50","mobile-grid-100","grid-parent","grid-33"],"yoast_head":"<!-- This site is optimized with the Yoast SEO plugin v24.0 - https:\/\/yoast.com\/wordpress\/plugins\/seo\/ -->\n<title>Si vous avez une de ces banques d&#039;alimentation ESR, arr\u00eatez de l&#039;utiliser d\u00e8s que possible | Vie Associative<\/title>\n<meta name=\"robots\" content=\"index, follow, max-snippet:-1, max-image-preview:large, max-video-preview:-1\" \/>\n<link rel=\"canonical\" href=\"https:\/\/vieassociative.be\/actualites\/si-vous-avez-une-de-ces-banques-dalimentation-esr-arretez-de-lutiliser-des-que-possible\/\" \/>\n<meta property=\"og:locale\" content=\"fr_FR\" \/>\n<meta property=\"og:type\" content=\"article\" \/>\n<meta property=\"og:title\" content=\"Si vous avez une de ces banques d&#039;alimentation ESR, arr\u00eatez de l&#039;utiliser d\u00e8s que possible | Vie Associative\" \/>\n<meta property=\"og:description\" content=\"Plusieurs mod\u00e8les de banque d&rsquo;alimentation sans fil risquent de surchauffer et d&rsquo;exploser. Si vous utilisez une banque d&rsquo;alimentation ESR pour facturer votre t\u00e9l\u00e9phone, vous devrez\" \/>\n<meta property=\"og:url\" content=\"https:\/\/vieassociative.be\/actualites\/si-vous-avez-une-de-ces-banques-dalimentation-esr-arretez-de-lutiliser-des-que-possible\/\" \/>\n<meta property=\"og:site_name\" content=\"Vie Associative\" \/>\n<meta property=\"article:published_time\" content=\"2025-08-16T01:21:02+00:00\" \/>\n<meta property=\"og:image\" content=\"https:\/\/vieassociative.be\/actualites\/wp-content\/uploads\/2024\/09\/header_backgroundk-01-e1726694325946.png\" \/>\n\t<meta property=\"og:image:width\" content=\"279\" \/>\n\t<meta property=\"og:image:height\" content=\"92\" \/>\n\t<meta property=\"og:image:type\" content=\"image\/png\" \/>\n<meta name=\"author\" content=\"Julien\" \/>\n<meta name=\"twitter:card\" content=\"summary_large_image\" \/>\n<meta name=\"twitter:label1\" content=\"\u00c9crit par\" \/>\n\t<meta name=\"twitter:data1\" content=\"Julien\" \/>\n\t<meta name=\"twitter:label2\" content=\"Dur\u00e9e de lecture est.\" \/>\n\t<meta name=\"twitter:data2\" content=\"2 minutes\" \/>\n<script type=\"application\/ld+json\" class=\"yoast-schema-graph\">{\"@context\":\"https:\/\/schema.org\",\"@graph\":[{\"@type\":\"Article\",\"@id\":\"https:\/\/vieassociative.be\/actualites\/si-vous-avez-une-de-ces-banques-dalimentation-esr-arretez-de-lutiliser-des-que-possible\/#article\",\"isPartOf\":{\"@id\":\"https:\/\/vieassociative.be\/actualites\/si-vous-avez-une-de-ces-banques-dalimentation-esr-arretez-de-lutiliser-des-que-possible\/\"},\"author\":{\"name\":\"Julien\",\"@id\":\"https:\/\/vieassociative.be\/actualites\/#\/schema\/person\/b87ac4f82f9d4e7b7cec7395b679edc4\"},\"headline\":\"Si vous avez une de ces banques d&rsquo;alimentation ESR, arr\u00eatez de l&rsquo;utiliser d\u00e8s que possible\",\"datePublished\":\"2025-08-16T01:21:02+00:00\",\"dateModified\":\"2025-08-16T01:21:02+00:00\",\"mainEntityOfPage\":{\"@id\":\"https:\/\/vieassociative.be\/actualites\/si-vous-avez-une-de-ces-banques-dalimentation-esr-arretez-de-lutiliser-des-que-possible\/\"},\"wordCount\":408,\"publisher\":{\"@id\":\"https:\/\/vieassociative.be\/actualites\/#organization\"},\"image\":{\"@id\":\"https:\/\/vieassociative.be\/actualites\/si-vous-avez-une-de-ces-banques-dalimentation-esr-arretez-de-lutiliser-des-que-possible\/#primaryimage\"},\"thumbnailUrl\":\"https:\/\/vieassociative.be\/actualites\/wp-content\/uploads\/2025\/08\/Si-vous-avez-une-de-ces-banques-dalimentation-ESR-arretez.png\",\"keywords\":[\"Arr\u00eatez\",\"avez\",\"banques\",\"ces\",\"dalimentation\",\"Des\",\"ESR\",\"lutiliser\",\"une\",\"Vous\"],\"articleSection\":[\"Technologie\"],\"inLanguage\":\"fr-BE\"},{\"@type\":\"WebPage\",\"@id\":\"https:\/\/vieassociative.be\/actualites\/si-vous-avez-une-de-ces-banques-dalimentation-esr-arretez-de-lutiliser-des-que-possible\/\",\"url\":\"https:\/\/vieassociative.be\/actualites\/si-vous-avez-une-de-ces-banques-dalimentation-esr-arretez-de-lutiliser-des-que-possible\/\",\"name\":\"Si vous avez une de ces banques d'alimentation ESR, arr\u00eatez de l'utiliser d\u00e8s que possible | Vie Associative\",\"isPartOf\":{\"@id\":\"https:\/\/vieassociative.be\/actualites\/#website\"},\"primaryImageOfPage\":{\"@id\":\"https:\/\/vieassociative.be\/actualites\/si-vous-avez-une-de-ces-banques-dalimentation-esr-arretez-de-lutiliser-des-que-possible\/#primaryimage\"},\"image\":{\"@id\":\"https:\/\/vieassociative.be\/actualites\/si-vous-avez-une-de-ces-banques-dalimentation-esr-arretez-de-lutiliser-des-que-possible\/#primaryimage\"},\"thumbnailUrl\":\"https:\/\/vieassociative.be\/actualites\/wp-content\/uploads\/2025\/08\/Si-vous-avez-une-de-ces-banques-dalimentation-ESR-arretez.png\",\"datePublished\":\"2025-08-16T01:21:02+00:00\",\"dateModified\":\"2025-08-16T01:21:02+00:00\",\"breadcrumb\":{\"@id\":\"https:\/\/vieassociative.be\/actualites\/si-vous-avez-une-de-ces-banques-dalimentation-esr-arretez-de-lutiliser-des-que-possible\/#breadcrumb\"},\"inLanguage\":\"fr-BE\",\"potentialAction\":[{\"@type\":\"ReadAction\",\"target\":[\"https:\/\/vieassociative.be\/actualites\/si-vous-avez-une-de-ces-banques-dalimentation-esr-arretez-de-lutiliser-des-que-possible\/\"]}]},{\"@type\":\"ImageObject\",\"inLanguage\":\"fr-BE\",\"@id\":\"https:\/\/vieassociative.be\/actualites\/si-vous-avez-une-de-ces-banques-dalimentation-esr-arretez-de-lutiliser-des-que-possible\/#primaryimage\",\"url\":\"https:\/\/vieassociative.be\/actualites\/wp-content\/uploads\/2025\/08\/Si-vous-avez-une-de-ces-banques-dalimentation-ESR-arretez.png\",\"contentUrl\":\"https:\/\/vieassociative.be\/actualites\/wp-content\/uploads\/2025\/08\/Si-vous-avez-une-de-ces-banques-dalimentation-ESR-arretez.png\",\"width\":1200,\"height\":675,\"caption\":\"Si vous avez une de ces banques d'alimentation ESR, arr\u00eatez de l'utiliser d\u00e8s que possible\"},{\"@type\":\"BreadcrumbList\",\"@id\":\"https:\/\/vieassociative.be\/actualites\/si-vous-avez-une-de-ces-banques-dalimentation-esr-arretez-de-lutiliser-des-que-possible\/#breadcrumb\",\"itemListElement\":[{\"@type\":\"ListItem\",\"position\":1,\"name\":\"Accueil\",\"item\":\"https:\/\/vieassociative.be\/actualites\/\"},{\"@type\":\"ListItem\",\"position\":2,\"name\":\"Si vous avez une de ces banques d&rsquo;alimentation ESR, arr\u00eatez de l&rsquo;utiliser d\u00e8s que possible\"}]},{\"@type\":\"WebSite\",\"@id\":\"https:\/\/vieassociative.be\/actualites\/#website\",\"url\":\"https:\/\/vieassociative.be\/actualites\/\",\"name\":\"Vie Associative\",\"description\":\"\",\"publisher\":{\"@id\":\"https:\/\/vieassociative.be\/actualites\/#organization\"},\"potentialAction\":[{\"@type\":\"SearchAction\",\"target\":{\"@type\":\"EntryPoint\",\"urlTemplate\":\"https:\/\/vieassociative.be\/actualites\/?s={search_term_string}\"},\"query-input\":{\"@type\":\"PropertyValueSpecification\",\"valueRequired\":true,\"valueName\":\"search_term_string\"}}],\"inLanguage\":\"fr-BE\"},{\"@type\":\"Organization\",\"@id\":\"https:\/\/vieassociative.be\/actualites\/#organization\",\"name\":\"Vie Associative\",\"url\":\"https:\/\/vieassociative.be\/actualites\/\",\"logo\":{\"@type\":\"ImageObject\",\"inLanguage\":\"fr-BE\",\"@id\":\"https:\/\/vieassociative.be\/actualites\/#\/schema\/logo\/image\/\",\"url\":\"https:\/\/vieassociative.be\/actualites\/wp-content\/uploads\/2024\/09\/cropped-vieassociative_favicon.ico.png\",\"contentUrl\":\"https:\/\/vieassociative.be\/actualites\/wp-content\/uploads\/2024\/09\/cropped-vieassociative_favicon.ico.png\",\"width\":512,\"height\":512,\"caption\":\"Vie Associative\"},\"image\":{\"@id\":\"https:\/\/vieassociative.be\/actualites\/#\/schema\/logo\/image\/\"}},{\"@type\":\"Person\",\"@id\":\"https:\/\/vieassociative.be\/actualites\/#\/schema\/person\/b87ac4f82f9d4e7b7cec7395b679edc4\",\"name\":\"Julien\",\"image\":{\"@type\":\"ImageObject\",\"inLanguage\":\"fr-BE\",\"@id\":\"https:\/\/vieassociative.be\/actualites\/#\/schema\/person\/image\/\",\"url\":\"https:\/\/vieassociative.be\/actualites\/wp-content\/uploads\/2024\/09\/vie-associative-1-150x150.jpg\",\"contentUrl\":\"https:\/\/vieassociative.be\/actualites\/wp-content\/uploads\/2024\/09\/vie-associative-1-150x150.jpg\",\"caption\":\"Julien\"},\"description\":\"Je suis Julien, r\u00e9dacteur pour Vie Associative. Passionn\u00e9 par le monde associatif depuis plus de 10 ans, j'ai \u00e0 c\u0153ur de partager des histoires inspirantes et de mettre en lumi\u00e8re les initiatives locales. Mon objectif est de sensibiliser et d'encourager l'engagement communautaire \u00e0 travers mes articles.\",\"sameAs\":[\"https:\/\/vieassociative.be\/\"]}]}<\/script>\n<!-- \/ Yoast SEO plugin. -->","yoast_head_json":{"title":"Si vous avez une de ces banques d'alimentation ESR, arr\u00eatez de l'utiliser d\u00e8s que possible | Vie Associative","robots":{"index":"index","follow":"follow","max-snippet":"max-snippet:-1","max-image-preview":"max-image-preview:large","max-video-preview":"max-video-preview:-1"},"canonical":"https:\/\/vieassociative.be\/actualites\/si-vous-avez-une-de-ces-banques-dalimentation-esr-arretez-de-lutiliser-des-que-possible\/","og_locale":"fr_FR","og_type":"article","og_title":"Si vous avez une de ces banques d'alimentation ESR, arr\u00eatez de l'utiliser d\u00e8s que possible | Vie Associative","og_description":"Plusieurs mod\u00e8les de banque d&rsquo;alimentation sans fil risquent de surchauffer et d&rsquo;exploser. Si vous utilisez une banque d&rsquo;alimentation ESR pour facturer votre t\u00e9l\u00e9phone, vous devrez","og_url":"https:\/\/vieassociative.be\/actualites\/si-vous-avez-une-de-ces-banques-dalimentation-esr-arretez-de-lutiliser-des-que-possible\/","og_site_name":"Vie Associative","article_published_time":"2025-08-16T01:21:02+00:00","og_image":[{"width":279,"height":92,"url":"https:\/\/vieassociative.be\/actualites\/wp-content\/uploads\/2024\/09\/header_backgroundk-01-e1726694325946.png","type":"image\/png"}],"author":"Julien","twitter_card":"summary_large_image","twitter_misc":{"\u00c9crit par":"Julien","Dur\u00e9e de lecture est.":"2 minutes"},"schema":{"@context":"https:\/\/schema.org","@graph":[{"@type":"Article","@id":"https:\/\/vieassociative.be\/actualites\/si-vous-avez-une-de-ces-banques-dalimentation-esr-arretez-de-lutiliser-des-que-possible\/#article","isPartOf":{"@id":"https:\/\/vieassociative.be\/actualites\/si-vous-avez-une-de-ces-banques-dalimentation-esr-arretez-de-lutiliser-des-que-possible\/"},"author":{"name":"Julien","@id":"https:\/\/vieassociative.be\/actualites\/#\/schema\/person\/b87ac4f82f9d4e7b7cec7395b679edc4"},"headline":"Si vous avez une de ces banques d&rsquo;alimentation ESR, arr\u00eatez de l&rsquo;utiliser d\u00e8s que possible","datePublished":"2025-08-16T01:21:02+00:00","dateModified":"2025-08-16T01:21:02+00:00","mainEntityOfPage":{"@id":"https:\/\/vieassociative.be\/actualites\/si-vous-avez-une-de-ces-banques-dalimentation-esr-arretez-de-lutiliser-des-que-possible\/"},"wordCount":408,"publisher":{"@id":"https:\/\/vieassociative.be\/actualites\/#organization"},"image":{"@id":"https:\/\/vieassociative.be\/actualites\/si-vous-avez-une-de-ces-banques-dalimentation-esr-arretez-de-lutiliser-des-que-possible\/#primaryimage"},"thumbnailUrl":"https:\/\/vieassociative.be\/actualites\/wp-content\/uploads\/2025\/08\/Si-vous-avez-une-de-ces-banques-dalimentation-ESR-arretez.png","keywords":["Arr\u00eatez","avez","banques","ces","dalimentation","Des","ESR","lutiliser","une","Vous"],"articleSection":["Technologie"],"inLanguage":"fr-BE"},{"@type":"WebPage","@id":"https:\/\/vieassociative.be\/actualites\/si-vous-avez-une-de-ces-banques-dalimentation-esr-arretez-de-lutiliser-des-que-possible\/","url":"https:\/\/vieassociative.be\/actualites\/si-vous-avez-une-de-ces-banques-dalimentation-esr-arretez-de-lutiliser-des-que-possible\/","name":"Si vous avez une de ces banques d'alimentation ESR, arr\u00eatez de l'utiliser d\u00e8s que possible | Vie Associative","isPartOf":{"@id":"https:\/\/vieassociative.be\/actualites\/#website"},"primaryImageOfPage":{"@id":"https:\/\/vieassociative.be\/actualites\/si-vous-avez-une-de-ces-banques-dalimentation-esr-arretez-de-lutiliser-des-que-possible\/#primaryimage"},"image":{"@id":"https:\/\/vieassociative.be\/actualites\/si-vous-avez-une-de-ces-banques-dalimentation-esr-arretez-de-lutiliser-des-que-possible\/#primaryimage"},"thumbnailUrl":"https:\/\/vieassociative.be\/actualites\/wp-content\/uploads\/2025\/08\/Si-vous-avez-une-de-ces-banques-dalimentation-ESR-arretez.png","datePublished":"2025-08-16T01:21:02+00:00","dateModified":"2025-08-16T01:21:02+00:00","breadcrumb":{"@id":"https:\/\/vieassociative.be\/actualites\/si-vous-avez-une-de-ces-banques-dalimentation-esr-arretez-de-lutiliser-des-que-possible\/#breadcrumb"},"inLanguage":"fr-BE","potentialAction":[{"@type":"ReadAction","target":["https:\/\/vieassociative.be\/actualites\/si-vous-avez-une-de-ces-banques-dalimentation-esr-arretez-de-lutiliser-des-que-possible\/"]}]},{"@type":"ImageObject","inLanguage":"fr-BE","@id":"https:\/\/vieassociative.be\/actualites\/si-vous-avez-une-de-ces-banques-dalimentation-esr-arretez-de-lutiliser-des-que-possible\/#primaryimage","url":"https:\/\/vieassociative.be\/actualites\/wp-content\/uploads\/2025\/08\/Si-vous-avez-une-de-ces-banques-dalimentation-ESR-arretez.png","contentUrl":"https:\/\/vieassociative.be\/actualites\/wp-content\/uploads\/2025\/08\/Si-vous-avez-une-de-ces-banques-dalimentation-ESR-arretez.png","width":1200,"height":675,"caption":"Si vous avez une de ces banques d'alimentation ESR, arr\u00eatez de l'utiliser d\u00e8s que possible"},{"@type":"BreadcrumbList","@id":"https:\/\/vieassociative.be\/actualites\/si-vous-avez-une-de-ces-banques-dalimentation-esr-arretez-de-lutiliser-des-que-possible\/#breadcrumb","itemListElement":[{"@type":"ListItem","position":1,"name":"Accueil","item":"https:\/\/vieassociative.be\/actualites\/"},{"@type":"ListItem","position":2,"name":"Si vous avez une de ces banques d&rsquo;alimentation ESR, arr\u00eatez de l&rsquo;utiliser d\u00e8s que possible"}]},{"@type":"WebSite","@id":"https:\/\/vieassociative.be\/actualites\/#website","url":"https:\/\/vieassociative.be\/actualites\/","name":"Vie Associative","description":"","publisher":{"@id":"https:\/\/vieassociative.be\/actualites\/#organization"},"potentialAction":[{"@type":"SearchAction","target":{"@type":"EntryPoint","urlTemplate":"https:\/\/vieassociative.be\/actualites\/?s={search_term_string}"},"query-input":{"@type":"PropertyValueSpecification","valueRequired":true,"valueName":"search_term_string"}}],"inLanguage":"fr-BE"},{"@type":"Organization","@id":"https:\/\/vieassociative.be\/actualites\/#organization","name":"Vie Associative","url":"https:\/\/vieassociative.be\/actualites\/","logo":{"@type":"ImageObject","inLanguage":"fr-BE","@id":"https:\/\/vieassociative.be\/actualites\/#\/schema\/logo\/image\/","url":"https:\/\/vieassociative.be\/actualites\/wp-content\/uploads\/2024\/09\/cropped-vieassociative_favicon.ico.png","contentUrl":"https:\/\/vieassociative.be\/actualites\/wp-content\/uploads\/2024\/09\/cropped-vieassociative_favicon.ico.png","width":512,"height":512,"caption":"Vie Associative"},"image":{"@id":"https:\/\/vieassociative.be\/actualites\/#\/schema\/logo\/image\/"}},{"@type":"Person","@id":"https:\/\/vieassociative.be\/actualites\/#\/schema\/person\/b87ac4f82f9d4e7b7cec7395b679edc4","name":"Julien","image":{"@type":"ImageObject","inLanguage":"fr-BE","@id":"https:\/\/vieassociative.be\/actualites\/#\/schema\/person\/image\/","url":"https:\/\/vieassociative.be\/actualites\/wp-content\/uploads\/2024\/09\/vie-associative-1-150x150.jpg","contentUrl":"https:\/\/vieassociative.be\/actualites\/wp-content\/uploads\/2024\/09\/vie-associative-1-150x150.jpg","caption":"Julien"},"description":"Je suis Julien, r\u00e9dacteur pour Vie Associative. Passionn\u00e9 par le monde associatif depuis plus de 10 ans, j'ai \u00e0 c\u0153ur de partager des histoires inspirantes et de mettre en lumi\u00e8re les initiatives locales. Mon objectif est de sensibiliser et d'encourager l'engagement communautaire \u00e0 travers mes articles.","sameAs":["https:\/\/vieassociative.be\/"]}]}},"_links":{"self":[{"href":"https:\/\/vieassociative.be\/actualites\/wp-json\/wp\/v2\/posts\/9427"}],"collection":[{"href":"https:\/\/vieassociative.be\/actualites\/wp-json\/wp\/v2\/posts"}],"about":[{"href":"https:\/\/vieassociative.be\/actualites\/wp-json\/wp\/v2\/types\/post"}],"author":[{"embeddable":true,"href":"https:\/\/vieassociative.be\/actualites\/wp-json\/wp\/v2\/users\/1"}],"replies":[{"embeddable":true,"href":"https:\/\/vieassociative.be\/actualites\/wp-json\/wp\/v2\/comments?post=9427"}],"version-history":[{"count":0,"href":"https:\/\/vieassociative.be\/actualites\/wp-json\/wp\/v2\/posts\/9427\/revisions"}],"wp:featuredmedia":[{"embeddable":true,"href":"https:\/\/vieassociative.be\/actualites\/wp-json\/wp\/v2\/media\/9428"}],"wp:attachment":[{"href":"https:\/\/vieassociative.be\/actualites\/wp-json\/wp\/v2\/media?parent=9427"}],"wp:term":[{"taxonomy":"category","embeddable":true,"href":"https:\/\/vieassociative.be\/actualites\/wp-json\/wp\/v2\/categories?post=9427"},{"taxonomy":"post_tag","embeddable":true,"href":"https:\/\/vieassociative.be\/actualites\/wp-json\/wp\/v2\/tags?post=9427"}],"curies":[{"name":"wp","href":"https:\/\/api.w.org\/{rel}","templated":true}]}}