{"id":9421,"date":"2025-08-15T16:18:39","date_gmt":"2025-08-15T14:18:39","guid":{"rendered":"https:\/\/vieassociative.be\/actualites\/laccord-contre-les-dechets-plastiques-pour-le-temps-echoue\/"},"modified":"2025-08-15T16:18:39","modified_gmt":"2025-08-15T14:18:39","slug":"laccord-contre-les-dechets-plastiques-pour-le-temps-echoue","status":"publish","type":"post","link":"https:\/\/vieassociative.be\/actualites\/laccord-contre-les-dechets-plastiques-pour-le-temps-echoue\/","title":{"rendered":"L&rsquo;accord contre les d\u00e9chets plastiques pour le temps \u00e9chou\u00e9"},"content":{"rendered":"<p><strong>Tout le monde est d&rsquo;accord avec le probl\u00e8me: les d\u00e9chets plastiques sont remplis du monde et constitue un danger pour les humains. Cependant, les esprits diff\u00e8rent dans les solutions. L&rsquo;accord sur un accord mondial contre les d\u00e9chets plastiques a \u00e9chou\u00e9 pour le moment.<\/strong><\/p>\n<p><span id=\"more-422412\"><\/span>Apr\u00e8s trois ans de n\u00e9gociations au cours de la derni\u00e8re semaine \u00e0 Gen\u00e8ve, environ 180 pays ne pouvaient pas s&rsquo;entendre sur un texte de contrat, comme plusieurs d\u00e9l\u00e9gations ont d\u00e9clar\u00e9 apr\u00e8s des consultations nocturnes lors de la derni\u00e8re session pl\u00e9ni\u00e8re t\u00f4t vendredi matin. Il est rest\u00e9 clair comment les choses se poursuivront.<\/p>\n<p>Mercredi, il \u00e9tait clair que les positions des pays \u00e9taient aussi \u00e9loign\u00e9es que jamais. Un projet de contrat \u00e0 partir duquel pratiquement toutes les obligations contraignantes a \u00e9t\u00e9 supprim\u00e9e a \u00e9t\u00e9 rejet\u00e9e par des dizaines de pays. M\u00eame un nouveau projet de vendredi matin n&rsquo;a pas \u00e9t\u00e9 approuv\u00e9 \u00e0 l&rsquo;unanimit\u00e9, comme l&rsquo;a indiqu\u00e9 le pr\u00e9sident de la conf\u00e9rence.<\/p>\n<div id=\"attachment_422415\" class=\"wp-caption alignleft\" style=\"max-width: 300px\"><img fetchpriority=\"high\" decoding=\"async\" class=\"wp-image-422415 size-medium\" src=\"https:\/\/vieassociative.be\/actualites\/wp-content\/uploads\/2025\/08\/Laccord-contre-les-dechets-plastiques-pour-le-temps-echoue.jpg\" alt=\"\" width=\"300\" height=\"200\"><\/div>\n<p>\u00ab\u00a0Dans ce cas, aucun accord n&rsquo;est meilleur que celui qui a ciment\u00e9 le statu quo au niveau des Nations Unies au lieu d&rsquo;\u00eatre une v\u00e9ritable solution \u00e0 la crise plastique\u00a0\u00bb, a d\u00e9clar\u00e9 Florian Tize de la WWF Environmental Foundation.<\/p>\n<p><strong>&#8211; Les positions irr\u00e9conciliables:<\/strong> D&rsquo;une part, il y a plus de 100 pays avec des objectifs particuli\u00e8rement ambitieux (High Ambition Coalition), qui n\u00e9cessitent une limitation de la production \u00e0 un niveau durable. Cela comprend l&rsquo;UE et les dizaines de pays d&rsquo;Am\u00e9rique du Sud, d&rsquo;Afrique et d&rsquo;Asie. Ils veulent \u00e9galement tirer du plastique jetable comme des tasses ou des couverts, favoriser des produits en plastique pour une utilisation multiple et une \u00e9conomie circulaire dans laquelle les mati\u00e8res premi\u00e8res d&rsquo;un produit sont pr\u00e9par\u00e9es et utilis\u00e9es \u00e0 nouveau.<\/p>\n<p>D&rsquo;un autre c\u00f4t\u00e9, il y a au-dessus de tous les pays qui ont la mati\u00e8re premi\u00e8re pour le plastique: l&rsquo;huile. Parmi eux se trouvent l&rsquo;Arabie saoudite, l&rsquo;Iran et la Russie. Ils s&rsquo;appellent le groupe de personnes partageant les m\u00eames id\u00e9es (groupe partageant les m\u00eames id\u00e9es). Ces pays veulent se limiter largement \u00e0 une meilleure gestion des d\u00e9chets.<\/p>\n<div id=\"attachment_422417\" class=\"wp-caption alignleft\" style=\"max-width: 300px\"><img decoding=\"async\" class=\"wp-image-422417 size-medium\" src=\"https:\/\/vieassociative.be\/actualites\/wp-content\/uploads\/2025\/08\/1755267519_35_Laccord-contre-les-dechets-plastiques-pour-le-temps-echoue.jpg\" alt=\"\" width=\"300\" height=\"225\"><\/div>\n<p>L&rsquo;ordre que les pays des Nations Unies s&rsquo;\u00e9taient donn\u00e9s en 2022 \u00e9taient en fait clairs: le mandat indique que le contrat juridiquement contraignant devrait inclure l&rsquo;ensemble du cycle de vie du plastique, de la production \u00e0 la conception \u00e0 l&rsquo;\u00e9limination.<\/p>\n<p><strong>Dans ce que le plastique fait avec les \u00e9cosyst\u00e8mes et les gens:<\/strong> Le plastique clignote et l&rsquo;environnement et les \u00e9cosyst\u00e8mes empoisonn\u00e9s, tue les poissons et autres \u00eatres vivants et met en danger la sant\u00e9 humaine. Les plus petites particules se trouvent de plus en plus dans les organes et \u00e9galement dans le cerveau. Selon les \u00e9tudes, les particules de nano et de microplastie affectent le syst\u00e8me immunitaire, entre autres, peuvent s&rsquo;installer dans les art\u00e8res et favoriser l&rsquo;inflammation.<\/p>\n<p>Il existe de nombreux chiffres pour la pollution. Ce qui suit est venu du minist\u00e8re allemand de l&rsquo;environnement: des ann\u00e9es 1970 \u00e0 2020, la production plastique est pass\u00e9e \u00e0 367 millions de tonnes par an et pourrait atteindre pr\u00e8s de 600 millions de tonnes par an sans mesures.<\/p>\n<p>Une grande partie constitue donc des produits jetables, y compris l&#8217;emballage. Au total, 8,3 milliards de tonnes de plastique ont \u00e9t\u00e9 produites jusqu&rsquo;\u00e0 pr\u00e9sent et sont devenues 6,3 milliards de tonnes de d\u00e9chets, qui ont largement atterri sur les d\u00e9charges. Selon les estimations, 152 millions de tonnes de d\u00e9chets plastiques se sont accumul\u00e9s dans les rivi\u00e8res et les oc\u00e9ans. (DPA)<\/p>\n<p><em><strong>Sur le sujet, voir \u00e9galement l&rsquo;article suivant sur OD:<\/strong><\/em><\/p>\n<div class=\"responsive-embed widescreen\">\n<blockquote class=\"wp-embedded-content\" data-secret=\"LtNy7cer8v\">\n<p>O\u00f9 plastique? Id\u00e9es cr\u00e9atives pour les d\u00e9chets<\/p>\n<\/blockquote>\n<p><iframe loading=\"lazy\" class=\"wp-embedded-content\" sandbox=\"allow-scripts\" security=\"restricted\" style=\"position: absolute; visibility: hidden;\" title=\"\u201eWohin mit Plastik? Kreative Ideen gegen M\u00fcllflut\u201c \u2014 Ostbelgien Direkt\" src=\"https:\/\/ostbelgiendirekt.be\/about:blank\" data-secret=\"LtNy7cer8v\" width=\"500\" height=\"282\" frameborder=\"0\" marginwidth=\"0\" marginheight=\"0\" scrolling=\"no\" data-rocket-lazyload=\"fitvidscompatible\" data-lazy-src=\"https:\/\/ostbelgiendirekt.be\/wohin-mit-plastik-361697\/embed#?secret=jjVfjypHCz#?secret=LtNy7cer8v\"><\/iframe><noscript><iframe class=\"wp-embedded-content\" sandbox=\"allow-scripts\" security=\"restricted\" style=\"position: absolute; visibility: hidden;\" title=\"\u201eWohin mit Plastik? Kreative Ideen gegen M\u00fcllflut\u201c \u2014 Ostbelgien Direkt\" src=\"https:\/\/ostbelgiendirekt.be\/wohin-mit-plastik-361697\/embed#?secret=jjVfjypHCz#?secret=LtNy7cer8v\" data-secret=\"LtNy7cer8v\" width=\"500\" height=\"282\" frameborder=\"0\" marginwidth=\"0\" marginheight=\"0\" scrolling=\"no\"><\/iframe><\/noscript><\/p>\n<\/div>\n","protected":false},"excerpt":{"rendered":"<p>Tout le monde est d&rsquo;accord avec le probl\u00e8me: les d\u00e9chets plastiques sont remplis du monde et constitue un danger pour les humains. Cependant, les esprits<\/p>\n","protected":false},"author":1,"featured_media":9422,"comment_status":"","ping_status":"","sticky":false,"template":"","format":"standard","meta":{"footnotes":""},"categories":[298],"tags":[796,30,2978,3058,14,8168,81,790],"class_list":["post-9421","post","type-post","status-publish","format-standard","has-post-thumbnail","hentry","category-belgique","tag-contre","tag-dechets","tag-echoue","tag-laccord","tag-les","tag-plastiques","tag-pour","tag-temps","generate-columns","tablet-grid-50","mobile-grid-100","grid-parent","grid-33"],"yoast_head":"<!-- This site is optimized with the Yoast SEO plugin v24.0 - https:\/\/yoast.com\/wordpress\/plugins\/seo\/ -->\n<title>L&#039;accord contre les d\u00e9chets plastiques pour le temps \u00e9chou\u00e9 | Vie Associative<\/title>\n<meta name=\"robots\" content=\"index, follow, max-snippet:-1, max-image-preview:large, max-video-preview:-1\" \/>\n<link rel=\"canonical\" href=\"https:\/\/vieassociative.be\/actualites\/laccord-contre-les-dechets-plastiques-pour-le-temps-echoue\/\" \/>\n<meta property=\"og:locale\" content=\"fr_FR\" \/>\n<meta property=\"og:type\" content=\"article\" \/>\n<meta property=\"og:title\" content=\"L&#039;accord contre les d\u00e9chets plastiques pour le temps \u00e9chou\u00e9 | Vie Associative\" \/>\n<meta property=\"og:description\" content=\"Tout le monde est d&rsquo;accord avec le probl\u00e8me: les d\u00e9chets plastiques sont remplis du monde et constitue un danger pour les humains. Cependant, les esprits\" \/>\n<meta property=\"og:url\" content=\"https:\/\/vieassociative.be\/actualites\/laccord-contre-les-dechets-plastiques-pour-le-temps-echoue\/\" \/>\n<meta property=\"og:site_name\" content=\"Vie Associative\" \/>\n<meta property=\"article:published_time\" content=\"2025-08-15T14:18:39+00:00\" \/>\n<meta property=\"og:image\" content=\"https:\/\/vieassociative.be\/actualites\/wp-content\/uploads\/2024\/09\/header_backgroundk-01-e1726694325946.png\" \/>\n\t<meta property=\"og:image:width\" content=\"279\" \/>\n\t<meta property=\"og:image:height\" content=\"92\" \/>\n\t<meta property=\"og:image:type\" content=\"image\/png\" \/>\n<meta name=\"author\" content=\"Julien\" \/>\n<meta name=\"twitter:card\" content=\"summary_large_image\" \/>\n<meta name=\"twitter:label1\" content=\"\u00c9crit par\" \/>\n\t<meta name=\"twitter:data1\" content=\"Julien\" \/>\n\t<meta name=\"twitter:label2\" content=\"Dur\u00e9e de lecture est.\" \/>\n\t<meta name=\"twitter:data2\" content=\"3 minutes\" \/>\n<script type=\"application\/ld+json\" class=\"yoast-schema-graph\">{\"@context\":\"https:\/\/schema.org\",\"@graph\":[{\"@type\":\"Article\",\"@id\":\"https:\/\/vieassociative.be\/actualites\/laccord-contre-les-dechets-plastiques-pour-le-temps-echoue\/#article\",\"isPartOf\":{\"@id\":\"https:\/\/vieassociative.be\/actualites\/laccord-contre-les-dechets-plastiques-pour-le-temps-echoue\/\"},\"author\":{\"name\":\"Julien\",\"@id\":\"https:\/\/vieassociative.be\/actualites\/#\/schema\/person\/b87ac4f82f9d4e7b7cec7395b679edc4\"},\"headline\":\"L&rsquo;accord contre les d\u00e9chets plastiques pour le temps \u00e9chou\u00e9\",\"datePublished\":\"2025-08-15T14:18:39+00:00\",\"dateModified\":\"2025-08-15T14:18:39+00:00\",\"mainEntityOfPage\":{\"@id\":\"https:\/\/vieassociative.be\/actualites\/laccord-contre-les-dechets-plastiques-pour-le-temps-echoue\/\"},\"wordCount\":655,\"publisher\":{\"@id\":\"https:\/\/vieassociative.be\/actualites\/#organization\"},\"image\":{\"@id\":\"https:\/\/vieassociative.be\/actualites\/laccord-contre-les-dechets-plastiques-pour-le-temps-echoue\/#primaryimage\"},\"thumbnailUrl\":\"https:\/\/vieassociative.be\/actualites\/wp-content\/uploads\/2025\/08\/1755267520_Laccord-contre-les-dechets-plastiques-pour-le-temps-echoue.jpg\",\"keywords\":[\"contre\",\"d\u00e9chets\",\"\u00e9choue\",\"Laccord\",\"Les\",\"plastiques\",\"pour\",\"temps\"],\"articleSection\":[\"Belgique\"],\"inLanguage\":\"fr-BE\"},{\"@type\":\"WebPage\",\"@id\":\"https:\/\/vieassociative.be\/actualites\/laccord-contre-les-dechets-plastiques-pour-le-temps-echoue\/\",\"url\":\"https:\/\/vieassociative.be\/actualites\/laccord-contre-les-dechets-plastiques-pour-le-temps-echoue\/\",\"name\":\"L'accord contre les d\u00e9chets plastiques pour le temps \u00e9chou\u00e9 | Vie Associative\",\"isPartOf\":{\"@id\":\"https:\/\/vieassociative.be\/actualites\/#website\"},\"primaryImageOfPage\":{\"@id\":\"https:\/\/vieassociative.be\/actualites\/laccord-contre-les-dechets-plastiques-pour-le-temps-echoue\/#primaryimage\"},\"image\":{\"@id\":\"https:\/\/vieassociative.be\/actualites\/laccord-contre-les-dechets-plastiques-pour-le-temps-echoue\/#primaryimage\"},\"thumbnailUrl\":\"https:\/\/vieassociative.be\/actualites\/wp-content\/uploads\/2025\/08\/1755267520_Laccord-contre-les-dechets-plastiques-pour-le-temps-echoue.jpg\",\"datePublished\":\"2025-08-15T14:18:39+00:00\",\"dateModified\":\"2025-08-15T14:18:39+00:00\",\"breadcrumb\":{\"@id\":\"https:\/\/vieassociative.be\/actualites\/laccord-contre-les-dechets-plastiques-pour-le-temps-echoue\/#breadcrumb\"},\"inLanguage\":\"fr-BE\",\"potentialAction\":[{\"@type\":\"ReadAction\",\"target\":[\"https:\/\/vieassociative.be\/actualites\/laccord-contre-les-dechets-plastiques-pour-le-temps-echoue\/\"]}]},{\"@type\":\"ImageObject\",\"inLanguage\":\"fr-BE\",\"@id\":\"https:\/\/vieassociative.be\/actualites\/laccord-contre-les-dechets-plastiques-pour-le-temps-echoue\/#primaryimage\",\"url\":\"https:\/\/vieassociative.be\/actualites\/wp-content\/uploads\/2025\/08\/1755267520_Laccord-contre-les-dechets-plastiques-pour-le-temps-echoue.jpg\",\"contentUrl\":\"https:\/\/vieassociative.be\/actualites\/wp-content\/uploads\/2025\/08\/1755267520_Laccord-contre-les-dechets-plastiques-pour-le-temps-echoue.jpg\",\"width\":2560,\"height\":1707,\"caption\":\"L'accord contre les d\u00e9chets plastiques pour le temps \u00e9chou\u00e9\"},{\"@type\":\"BreadcrumbList\",\"@id\":\"https:\/\/vieassociative.be\/actualites\/laccord-contre-les-dechets-plastiques-pour-le-temps-echoue\/#breadcrumb\",\"itemListElement\":[{\"@type\":\"ListItem\",\"position\":1,\"name\":\"Accueil\",\"item\":\"https:\/\/vieassociative.be\/actualites\/\"},{\"@type\":\"ListItem\",\"position\":2,\"name\":\"L&rsquo;accord contre les d\u00e9chets plastiques pour le temps \u00e9chou\u00e9\"}]},{\"@type\":\"WebSite\",\"@id\":\"https:\/\/vieassociative.be\/actualites\/#website\",\"url\":\"https:\/\/vieassociative.be\/actualites\/\",\"name\":\"Vie Associative\",\"description\":\"\",\"publisher\":{\"@id\":\"https:\/\/vieassociative.be\/actualites\/#organization\"},\"potentialAction\":[{\"@type\":\"SearchAction\",\"target\":{\"@type\":\"EntryPoint\",\"urlTemplate\":\"https:\/\/vieassociative.be\/actualites\/?s={search_term_string}\"},\"query-input\":{\"@type\":\"PropertyValueSpecification\",\"valueRequired\":true,\"valueName\":\"search_term_string\"}}],\"inLanguage\":\"fr-BE\"},{\"@type\":\"Organization\",\"@id\":\"https:\/\/vieassociative.be\/actualites\/#organization\",\"name\":\"Vie Associative\",\"url\":\"https:\/\/vieassociative.be\/actualites\/\",\"logo\":{\"@type\":\"ImageObject\",\"inLanguage\":\"fr-BE\",\"@id\":\"https:\/\/vieassociative.be\/actualites\/#\/schema\/logo\/image\/\",\"url\":\"https:\/\/vieassociative.be\/actualites\/wp-content\/uploads\/2024\/09\/cropped-vieassociative_favicon.ico.png\",\"contentUrl\":\"https:\/\/vieassociative.be\/actualites\/wp-content\/uploads\/2024\/09\/cropped-vieassociative_favicon.ico.png\",\"width\":512,\"height\":512,\"caption\":\"Vie Associative\"},\"image\":{\"@id\":\"https:\/\/vieassociative.be\/actualites\/#\/schema\/logo\/image\/\"}},{\"@type\":\"Person\",\"@id\":\"https:\/\/vieassociative.be\/actualites\/#\/schema\/person\/b87ac4f82f9d4e7b7cec7395b679edc4\",\"name\":\"Julien\",\"image\":{\"@type\":\"ImageObject\",\"inLanguage\":\"fr-BE\",\"@id\":\"https:\/\/vieassociative.be\/actualites\/#\/schema\/person\/image\/\",\"url\":\"https:\/\/vieassociative.be\/actualites\/wp-content\/uploads\/2024\/09\/vie-associative-1-150x150.jpg\",\"contentUrl\":\"https:\/\/vieassociative.be\/actualites\/wp-content\/uploads\/2024\/09\/vie-associative-1-150x150.jpg\",\"caption\":\"Julien\"},\"description\":\"Je suis Julien, r\u00e9dacteur pour Vie Associative. Passionn\u00e9 par le monde associatif depuis plus de 10 ans, j'ai \u00e0 c\u0153ur de partager des histoires inspirantes et de mettre en lumi\u00e8re les initiatives locales. Mon objectif est de sensibiliser et d'encourager l'engagement communautaire \u00e0 travers mes articles.\",\"sameAs\":[\"https:\/\/vieassociative.be\/\"]}]}<\/script>\n<!-- \/ Yoast SEO plugin. -->","yoast_head_json":{"title":"L'accord contre les d\u00e9chets plastiques pour le temps \u00e9chou\u00e9 | Vie Associative","robots":{"index":"index","follow":"follow","max-snippet":"max-snippet:-1","max-image-preview":"max-image-preview:large","max-video-preview":"max-video-preview:-1"},"canonical":"https:\/\/vieassociative.be\/actualites\/laccord-contre-les-dechets-plastiques-pour-le-temps-echoue\/","og_locale":"fr_FR","og_type":"article","og_title":"L'accord contre les d\u00e9chets plastiques pour le temps \u00e9chou\u00e9 | Vie Associative","og_description":"Tout le monde est d&rsquo;accord avec le probl\u00e8me: les d\u00e9chets plastiques sont remplis du monde et constitue un danger pour les humains. Cependant, les esprits","og_url":"https:\/\/vieassociative.be\/actualites\/laccord-contre-les-dechets-plastiques-pour-le-temps-echoue\/","og_site_name":"Vie Associative","article_published_time":"2025-08-15T14:18:39+00:00","og_image":[{"width":279,"height":92,"url":"https:\/\/vieassociative.be\/actualites\/wp-content\/uploads\/2024\/09\/header_backgroundk-01-e1726694325946.png","type":"image\/png"}],"author":"Julien","twitter_card":"summary_large_image","twitter_misc":{"\u00c9crit par":"Julien","Dur\u00e9e de lecture est.":"3 minutes"},"schema":{"@context":"https:\/\/schema.org","@graph":[{"@type":"Article","@id":"https:\/\/vieassociative.be\/actualites\/laccord-contre-les-dechets-plastiques-pour-le-temps-echoue\/#article","isPartOf":{"@id":"https:\/\/vieassociative.be\/actualites\/laccord-contre-les-dechets-plastiques-pour-le-temps-echoue\/"},"author":{"name":"Julien","@id":"https:\/\/vieassociative.be\/actualites\/#\/schema\/person\/b87ac4f82f9d4e7b7cec7395b679edc4"},"headline":"L&rsquo;accord contre les d\u00e9chets plastiques pour le temps \u00e9chou\u00e9","datePublished":"2025-08-15T14:18:39+00:00","dateModified":"2025-08-15T14:18:39+00:00","mainEntityOfPage":{"@id":"https:\/\/vieassociative.be\/actualites\/laccord-contre-les-dechets-plastiques-pour-le-temps-echoue\/"},"wordCount":655,"publisher":{"@id":"https:\/\/vieassociative.be\/actualites\/#organization"},"image":{"@id":"https:\/\/vieassociative.be\/actualites\/laccord-contre-les-dechets-plastiques-pour-le-temps-echoue\/#primaryimage"},"thumbnailUrl":"https:\/\/vieassociative.be\/actualites\/wp-content\/uploads\/2025\/08\/1755267520_Laccord-contre-les-dechets-plastiques-pour-le-temps-echoue.jpg","keywords":["contre","d\u00e9chets","\u00e9choue","Laccord","Les","plastiques","pour","temps"],"articleSection":["Belgique"],"inLanguage":"fr-BE"},{"@type":"WebPage","@id":"https:\/\/vieassociative.be\/actualites\/laccord-contre-les-dechets-plastiques-pour-le-temps-echoue\/","url":"https:\/\/vieassociative.be\/actualites\/laccord-contre-les-dechets-plastiques-pour-le-temps-echoue\/","name":"L'accord contre les d\u00e9chets plastiques pour le temps \u00e9chou\u00e9 | Vie Associative","isPartOf":{"@id":"https:\/\/vieassociative.be\/actualites\/#website"},"primaryImageOfPage":{"@id":"https:\/\/vieassociative.be\/actualites\/laccord-contre-les-dechets-plastiques-pour-le-temps-echoue\/#primaryimage"},"image":{"@id":"https:\/\/vieassociative.be\/actualites\/laccord-contre-les-dechets-plastiques-pour-le-temps-echoue\/#primaryimage"},"thumbnailUrl":"https:\/\/vieassociative.be\/actualites\/wp-content\/uploads\/2025\/08\/1755267520_Laccord-contre-les-dechets-plastiques-pour-le-temps-echoue.jpg","datePublished":"2025-08-15T14:18:39+00:00","dateModified":"2025-08-15T14:18:39+00:00","breadcrumb":{"@id":"https:\/\/vieassociative.be\/actualites\/laccord-contre-les-dechets-plastiques-pour-le-temps-echoue\/#breadcrumb"},"inLanguage":"fr-BE","potentialAction":[{"@type":"ReadAction","target":["https:\/\/vieassociative.be\/actualites\/laccord-contre-les-dechets-plastiques-pour-le-temps-echoue\/"]}]},{"@type":"ImageObject","inLanguage":"fr-BE","@id":"https:\/\/vieassociative.be\/actualites\/laccord-contre-les-dechets-plastiques-pour-le-temps-echoue\/#primaryimage","url":"https:\/\/vieassociative.be\/actualites\/wp-content\/uploads\/2025\/08\/1755267520_Laccord-contre-les-dechets-plastiques-pour-le-temps-echoue.jpg","contentUrl":"https:\/\/vieassociative.be\/actualites\/wp-content\/uploads\/2025\/08\/1755267520_Laccord-contre-les-dechets-plastiques-pour-le-temps-echoue.jpg","width":2560,"height":1707,"caption":"L'accord contre les d\u00e9chets plastiques pour le temps \u00e9chou\u00e9"},{"@type":"BreadcrumbList","@id":"https:\/\/vieassociative.be\/actualites\/laccord-contre-les-dechets-plastiques-pour-le-temps-echoue\/#breadcrumb","itemListElement":[{"@type":"ListItem","position":1,"name":"Accueil","item":"https:\/\/vieassociative.be\/actualites\/"},{"@type":"ListItem","position":2,"name":"L&rsquo;accord contre les d\u00e9chets plastiques pour le temps \u00e9chou\u00e9"}]},{"@type":"WebSite","@id":"https:\/\/vieassociative.be\/actualites\/#website","url":"https:\/\/vieassociative.be\/actualites\/","name":"Vie Associative","description":"","publisher":{"@id":"https:\/\/vieassociative.be\/actualites\/#organization"},"potentialAction":[{"@type":"SearchAction","target":{"@type":"EntryPoint","urlTemplate":"https:\/\/vieassociative.be\/actualites\/?s={search_term_string}"},"query-input":{"@type":"PropertyValueSpecification","valueRequired":true,"valueName":"search_term_string"}}],"inLanguage":"fr-BE"},{"@type":"Organization","@id":"https:\/\/vieassociative.be\/actualites\/#organization","name":"Vie Associative","url":"https:\/\/vieassociative.be\/actualites\/","logo":{"@type":"ImageObject","inLanguage":"fr-BE","@id":"https:\/\/vieassociative.be\/actualites\/#\/schema\/logo\/image\/","url":"https:\/\/vieassociative.be\/actualites\/wp-content\/uploads\/2024\/09\/cropped-vieassociative_favicon.ico.png","contentUrl":"https:\/\/vieassociative.be\/actualites\/wp-content\/uploads\/2024\/09\/cropped-vieassociative_favicon.ico.png","width":512,"height":512,"caption":"Vie Associative"},"image":{"@id":"https:\/\/vieassociative.be\/actualites\/#\/schema\/logo\/image\/"}},{"@type":"Person","@id":"https:\/\/vieassociative.be\/actualites\/#\/schema\/person\/b87ac4f82f9d4e7b7cec7395b679edc4","name":"Julien","image":{"@type":"ImageObject","inLanguage":"fr-BE","@id":"https:\/\/vieassociative.be\/actualites\/#\/schema\/person\/image\/","url":"https:\/\/vieassociative.be\/actualites\/wp-content\/uploads\/2024\/09\/vie-associative-1-150x150.jpg","contentUrl":"https:\/\/vieassociative.be\/actualites\/wp-content\/uploads\/2024\/09\/vie-associative-1-150x150.jpg","caption":"Julien"},"description":"Je suis Julien, r\u00e9dacteur pour Vie Associative. Passionn\u00e9 par le monde associatif depuis plus de 10 ans, j'ai \u00e0 c\u0153ur de partager des histoires inspirantes et de mettre en lumi\u00e8re les initiatives locales. Mon objectif est de sensibiliser et d'encourager l'engagement communautaire \u00e0 travers mes articles.","sameAs":["https:\/\/vieassociative.be\/"]}]}},"_links":{"self":[{"href":"https:\/\/vieassociative.be\/actualites\/wp-json\/wp\/v2\/posts\/9421"}],"collection":[{"href":"https:\/\/vieassociative.be\/actualites\/wp-json\/wp\/v2\/posts"}],"about":[{"href":"https:\/\/vieassociative.be\/actualites\/wp-json\/wp\/v2\/types\/post"}],"author":[{"embeddable":true,"href":"https:\/\/vieassociative.be\/actualites\/wp-json\/wp\/v2\/users\/1"}],"replies":[{"embeddable":true,"href":"https:\/\/vieassociative.be\/actualites\/wp-json\/wp\/v2\/comments?post=9421"}],"version-history":[{"count":0,"href":"https:\/\/vieassociative.be\/actualites\/wp-json\/wp\/v2\/posts\/9421\/revisions"}],"wp:featuredmedia":[{"embeddable":true,"href":"https:\/\/vieassociative.be\/actualites\/wp-json\/wp\/v2\/media\/9422"}],"wp:attachment":[{"href":"https:\/\/vieassociative.be\/actualites\/wp-json\/wp\/v2\/media?parent=9421"}],"wp:term":[{"taxonomy":"category","embeddable":true,"href":"https:\/\/vieassociative.be\/actualites\/wp-json\/wp\/v2\/categories?post=9421"},{"taxonomy":"post_tag","embeddable":true,"href":"https:\/\/vieassociative.be\/actualites\/wp-json\/wp\/v2\/tags?post=9421"}],"curies":[{"name":"wp","href":"https:\/\/api.w.org\/{rel}","templated":true}]}}