{"id":9419,"date":"2025-08-15T15:19:46","date_gmt":"2025-08-15T13:19:46","guid":{"rendered":"https:\/\/vieassociative.be\/actualites\/comment-utiliser-un-clavier-windows-sur-votre-mac-sans-avoir-mal-a-la-tete\/"},"modified":"2025-08-15T15:19:46","modified_gmt":"2025-08-15T13:19:46","slug":"comment-utiliser-un-clavier-windows-sur-votre-mac-sans-avoir-mal-a-la-tete","status":"publish","type":"post","link":"https:\/\/vieassociative.be\/actualites\/comment-utiliser-un-clavier-windows-sur-votre-mac-sans-avoir-mal-a-la-tete\/","title":{"rendered":"Comment utiliser un clavier Windows sur votre Mac sans avoir mal \u00e0 la t\u00eate"},"content":{"rendered":"<div class=\"mt-4 leading-6 md:mb-8\">Fatigu\u00e9 de frapper par r\u00e9flexe \u00ab\u00a0Alt\u00a0\u00bb quand vous voulez \u00ab\u00a0commande\u00a0\u00bb?<\/div>\n<p><\/p>\n<p>Peut-\u00eatre que vous visitez votre famille avec votre MacBook et que vous cr\u00e9ez un poste de travail temporaire en utilisant tout ce que vous pouvez trouver dans la maison. Peut-\u00eatre que vous avez achet\u00e9 un clavier m\u00e9canique sophistiqu\u00e9 pour votre Mac ne r\u00e9alisant pas qu&rsquo;il avait une disposition Windows. Quoi qu&rsquo;il en soit, la premi\u00e8re fois que vous essayez d&rsquo;utiliser un raccourci clavier, vous vous sentirez frustr\u00e9.<\/p>\n<p>Par exemple, chaque fois que vous essayez r\u00e9flexivement d&rsquo;utiliser un raccourci clavier qui inclut le <strong>Commande<\/strong> Cl\u00e9, vous finirez par frapper <strong>Alt<\/strong> plut\u00f4t. Les mauvaises choses se produiront sur votre Mac, puis vous jurerez. Le fait est que vous n&rsquo;avez pas besoin de r\u00e9apprendre un nouveau clavier, ni de t\u00e9l\u00e9charger des applications tierces pour le r\u00e9parer. Le probl\u00e8me peut \u00eatre r\u00e9solu simplement en ajustant certains param\u00e8tres directement dans MacOS.<\/p>\n<h2 id=\"why-windows-keyboards-are-so-frustrating-on-macos\">Pourquoi les claviers Windows sont si frustrant sur macOS<\/h2>\n<p>Les claviers Mac et Windows ne sont pas <em>que<\/em> Diff\u00e9rent, sauf d&rsquo;une mani\u00e8re cl\u00e9: les cl\u00e9s du modificateur. Les claviers MAC modernes ont <strong>Globe \/ fn<\/strong>, <strong>Contr\u00f4le<\/strong>, <strong>Option<\/strong>et <strong>Commande<\/strong> Cl\u00e9s dans le coin inf\u00e9rieur gauche, dans cet ordre; Les claviers Windows contemporains ont <strong>Ctrl<\/strong>, <strong>FN<\/strong>, <strong>Fen\u00eatre<\/strong>et <strong>Alt<\/strong>g\u00e9n\u00e9ralement dans cet ordre. (Il n&rsquo;y a pas beaucoup de claviers sp\u00e9cialement con\u00e7us pour les p\u00e9riph\u00e9riques Linux, mais ceux qui existent ont tendance \u00e0 utiliser ce m\u00eame ordre tout en appelant la cl\u00e9 Windows autre chose.)<\/p>\n<p>Ces cl\u00e9s sont \u00ab\u00a0traduites\u00a0\u00bb par le Mac, sous le nom d&rsquo;Apple, les documents d&rsquo;Apple. <strong>Ctrl<\/strong> devient <strong>Contr\u00f4le<\/strong>, <strong>Fen\u00eatre<\/strong> devient <strong>Commande<\/strong>et <strong>Alt<\/strong> devient <strong>Option<\/strong>. <\/p>\n<p>Cette traduction a un certain type de logique, en ce sens que les raccourcis clavier sont assez similaires entre les deux syst\u00e8mes et un changement. Le probl\u00e8me est que la mise en page est erron\u00e9e. M\u00eame si vous comprenez les traductions, la m\u00e9moire musculaire vous fera \u00e9garer. C&rsquo;est pourquoi je recommande d&rsquo;\u00e9teindre les cl\u00e9s dans les param\u00e8tres du syst\u00e8me.<\/p>\n<h2 id=\"how-to-mostly-fix-the-issue\">Comment r\u00e9soudre (principalement) le probl\u00e8me<\/h2>\n<p>Pour changer la disposition de votre clavier Windows sp\u00e9cifique, ouvrez <strong>Param\u00e8tres du syst\u00e8me<\/strong> et dirigez-vous vers le <strong>Clavier<\/strong> section. Frapper le <strong>Raccourcis clavier<\/strong> bouton pour ouvrir un panneau, puis ouvrir le <strong>Touches de modificateur<\/strong> Section dans le panneau lat\u00e9ral gauche.<\/p>\n<div class=\"eloquent-imagery-image\">\n<div class=\"flex justify-center\">\n                    <img decoding=\"async\" class=\"border border-gray-100\" src=\"https:\/\/vieassociative.be\/actualites\/wp-content\/uploads\/2025\/08\/Comment-utiliser-un-clavier-Windows-sur-votre-Mac-sans-avoir.png\" alt=\"Le panneau de raccourcis clavier sur un Mac avec la section des touches de modificateur s'ouvre. Un clavier HP est s\u00e9lectionn\u00e9 en haut de la fen\u00eatre et quelques touches sont \u00e9chang\u00e9es.\" width=\"2000\" height=\"953\" loading=\"lazy\"  >\n            <\/div>\n<\/p><\/div>\n<p>Assurez-vous de s\u00e9lectionner votre clavier Windows actuel dans la section d\u00e9roulante en haut de la fen\u00eatre &#8211; sinon vous vous d\u00e9cha\u00eenez <em>tous<\/em> Claviers, ce que vous ne voulez pas. Vous pouvez d\u00e9sormais r\u00e9affecter les cl\u00e9s du modificateur. Je recommande la cartographie <strong>Option<\/strong> \u00e0 <strong>Commande<\/strong> et <strong>Commande<\/strong> \u00e0 <strong>Option<\/strong>&#8211; Cela mettra les choses \u00e0 la mise en page \u00e0 laquelle vous \u00eates habitu\u00e9.<\/p>\n<p>Le principal probl\u00e8me avec cette configuration, selon mon exp\u00e9rience, est que vous ne pouvez pas vraiment remapp\u00e9 <strong>FN<\/strong> Cl\u00e9 pour un clavier Windows de cette fa\u00e7on, m\u00eame s&rsquo;il semble que vous le pouvez dans cette fen\u00eatre. Sur un Mac, cette cl\u00e9 peut \u00eatre utilis\u00e9e pour faire des choses comme lancer le s\u00e9lecteur emoji et peut \u00e9galement \u00eatre utilis\u00e9e comme modificateur pour les raccourcis clavier personnalis\u00e9s. Vous pouvez \u00e9galement utiliser cette cl\u00e9 pour utiliser la fonction alternative de certaines cl\u00e9s, telles que l&rsquo;utilisation de la ligne sup\u00e9rieure de touches comme touches de fonction traditionnelles (F1, F2, etc.) au lieu de leur objectif attribu\u00e9 (luminosit\u00e9, jeu, volume et similaires). Le <strong>FN<\/strong> La cl\u00e9 des claviers Windows vous permet uniquement d&rsquo;acc\u00e9der \u00e0 la fonction alternative des touches, et d&rsquo;apr\u00e8s ce que je peux dire, il le fait sans envoyer de signal \u00e0 l&rsquo;ordinateur. Cela signifie que vous pouvez toujours compter sur celui-ci pour utiliser la ligne sup\u00e9rieure de touches comme touches de fonction traditionnelles sur votre Mac, par exemple, mais vous ne pouvez pas l&rsquo;utiliser pour lancer le s\u00e9lecteur emoji ou pour tout autre raccourci clavier. Si vous avez besoin d&rsquo;acc\u00e9der aux Mac <strong>Globe \/ fn<\/strong> Cl\u00e9 \u00e0 ces derniers fins, vous pouvez envisager de relancer le <strong>Verrouillage des majuscules<\/strong> cl\u00e9 \u00e0 la place.<\/p>\n<p>Ce n&rsquo;est pas parfait, mais avoir le <strong>Commande<\/strong> et <strong>Option<\/strong> Les cl\u00e9s dans le bon ordre contribueront grandement \u00e0 pr\u00e9server votre sant\u00e9 mentale. Essayez-le la prochaine fois que vous vous retrouverez \u00e0 utiliser un clavier centr\u00e9 sur Windows avec votre Mac.<\/p>\n","protected":false},"excerpt":{"rendered":"<p>Fatigu\u00e9 de frapper par r\u00e9flexe \u00ab\u00a0Alt\u00a0\u00bb quand vous voulez \u00ab\u00a0commande\u00a0\u00bb? Peut-\u00eatre que vous visitez votre famille avec votre MacBook et que vous cr\u00e9ez un poste<\/p>\n","protected":false},"author":1,"featured_media":9420,"comment_status":"","ping_status":"","sticky":false,"template":"","format":"standard","meta":{"footnotes":""},"categories":[13],"tags":[224,2268,44,1112,1299,130,33,2699,239,8,171],"class_list":["post-9419","post","type-post","status-publish","format-standard","has-post-thumbnail","hentry","category-technologie","tag-avoir","tag-clavier","tag-comment","tag-mac","tag-mal","tag-sans","tag-sur","tag-tete","tag-utiliser","tag-votre","tag-windows","generate-columns","tablet-grid-50","mobile-grid-100","grid-parent","grid-33"],"yoast_head":"<!-- This site is optimized with the Yoast SEO plugin v24.0 - https:\/\/yoast.com\/wordpress\/plugins\/seo\/ -->\n<title>Comment utiliser un clavier Windows sur votre Mac sans avoir mal \u00e0 la t\u00eate | Vie Associative<\/title>\n<meta name=\"robots\" content=\"index, follow, max-snippet:-1, max-image-preview:large, max-video-preview:-1\" \/>\n<link rel=\"canonical\" href=\"https:\/\/vieassociative.be\/actualites\/comment-utiliser-un-clavier-windows-sur-votre-mac-sans-avoir-mal-a-la-tete\/\" \/>\n<meta property=\"og:locale\" content=\"fr_FR\" \/>\n<meta property=\"og:type\" content=\"article\" \/>\n<meta property=\"og:title\" content=\"Comment utiliser un clavier Windows sur votre Mac sans avoir mal \u00e0 la t\u00eate | Vie Associative\" \/>\n<meta property=\"og:description\" content=\"Fatigu\u00e9 de frapper par r\u00e9flexe \u00ab\u00a0Alt\u00a0\u00bb quand vous voulez \u00ab\u00a0commande\u00a0\u00bb? Peut-\u00eatre que vous visitez votre famille avec votre MacBook et que vous cr\u00e9ez un poste\" \/>\n<meta property=\"og:url\" content=\"https:\/\/vieassociative.be\/actualites\/comment-utiliser-un-clavier-windows-sur-votre-mac-sans-avoir-mal-a-la-tete\/\" \/>\n<meta property=\"og:site_name\" content=\"Vie Associative\" \/>\n<meta property=\"article:published_time\" content=\"2025-08-15T13:19:46+00:00\" \/>\n<meta property=\"og:image\" content=\"https:\/\/vieassociative.be\/actualites\/wp-content\/uploads\/2025\/08\/Comment-utiliser-un-clavier-Windows-sur-votre-Mac-sans-avoir.png\" \/>\n<meta name=\"author\" content=\"Julien\" \/>\n<meta name=\"twitter:card\" content=\"summary_large_image\" \/>\n<meta name=\"twitter:label1\" content=\"\u00c9crit par\" \/>\n\t<meta name=\"twitter:data1\" content=\"Julien\" \/>\n\t<meta name=\"twitter:label2\" content=\"Dur\u00e9e de lecture est.\" \/>\n\t<meta name=\"twitter:data2\" content=\"4 minutes\" \/>\n<script type=\"application\/ld+json\" class=\"yoast-schema-graph\">{\"@context\":\"https:\/\/schema.org\",\"@graph\":[{\"@type\":\"Article\",\"@id\":\"https:\/\/vieassociative.be\/actualites\/comment-utiliser-un-clavier-windows-sur-votre-mac-sans-avoir-mal-a-la-tete\/#article\",\"isPartOf\":{\"@id\":\"https:\/\/vieassociative.be\/actualites\/comment-utiliser-un-clavier-windows-sur-votre-mac-sans-avoir-mal-a-la-tete\/\"},\"author\":{\"name\":\"Julien\",\"@id\":\"https:\/\/vieassociative.be\/actualites\/#\/schema\/person\/b87ac4f82f9d4e7b7cec7395b679edc4\"},\"headline\":\"Comment utiliser un clavier Windows sur votre Mac sans avoir mal \u00e0 la t\u00eate\",\"datePublished\":\"2025-08-15T13:19:46+00:00\",\"dateModified\":\"2025-08-15T13:19:46+00:00\",\"mainEntityOfPage\":{\"@id\":\"https:\/\/vieassociative.be\/actualites\/comment-utiliser-un-clavier-windows-sur-votre-mac-sans-avoir-mal-a-la-tete\/\"},\"wordCount\":771,\"publisher\":{\"@id\":\"https:\/\/vieassociative.be\/actualites\/#organization\"},\"image\":{\"@id\":\"https:\/\/vieassociative.be\/actualites\/comment-utiliser-un-clavier-windows-sur-votre-mac-sans-avoir-mal-a-la-tete\/#primaryimage\"},\"thumbnailUrl\":\"https:\/\/vieassociative.be\/actualites\/wp-content\/uploads\/2025\/08\/1755263986_Comment-utiliser-un-clavier-Windows-sur-votre-Mac-sans-avoir.png\",\"keywords\":[\"avoir\",\"clavier\",\"Comment\",\"Mac\",\"mal\",\"sans\",\"sur\",\"t\u00eate\",\"utiliser\",\"votre\",\"Windows\"],\"articleSection\":[\"Technologie\"],\"inLanguage\":\"fr-BE\"},{\"@type\":\"WebPage\",\"@id\":\"https:\/\/vieassociative.be\/actualites\/comment-utiliser-un-clavier-windows-sur-votre-mac-sans-avoir-mal-a-la-tete\/\",\"url\":\"https:\/\/vieassociative.be\/actualites\/comment-utiliser-un-clavier-windows-sur-votre-mac-sans-avoir-mal-a-la-tete\/\",\"name\":\"Comment utiliser un clavier Windows sur votre Mac sans avoir mal \u00e0 la t\u00eate | Vie Associative\",\"isPartOf\":{\"@id\":\"https:\/\/vieassociative.be\/actualites\/#website\"},\"primaryImageOfPage\":{\"@id\":\"https:\/\/vieassociative.be\/actualites\/comment-utiliser-un-clavier-windows-sur-votre-mac-sans-avoir-mal-a-la-tete\/#primaryimage\"},\"image\":{\"@id\":\"https:\/\/vieassociative.be\/actualites\/comment-utiliser-un-clavier-windows-sur-votre-mac-sans-avoir-mal-a-la-tete\/#primaryimage\"},\"thumbnailUrl\":\"https:\/\/vieassociative.be\/actualites\/wp-content\/uploads\/2025\/08\/1755263986_Comment-utiliser-un-clavier-Windows-sur-votre-Mac-sans-avoir.png\",\"datePublished\":\"2025-08-15T13:19:46+00:00\",\"dateModified\":\"2025-08-15T13:19:46+00:00\",\"breadcrumb\":{\"@id\":\"https:\/\/vieassociative.be\/actualites\/comment-utiliser-un-clavier-windows-sur-votre-mac-sans-avoir-mal-a-la-tete\/#breadcrumb\"},\"inLanguage\":\"fr-BE\",\"potentialAction\":[{\"@type\":\"ReadAction\",\"target\":[\"https:\/\/vieassociative.be\/actualites\/comment-utiliser-un-clavier-windows-sur-votre-mac-sans-avoir-mal-a-la-tete\/\"]}]},{\"@type\":\"ImageObject\",\"inLanguage\":\"fr-BE\",\"@id\":\"https:\/\/vieassociative.be\/actualites\/comment-utiliser-un-clavier-windows-sur-votre-mac-sans-avoir-mal-a-la-tete\/#primaryimage\",\"url\":\"https:\/\/vieassociative.be\/actualites\/wp-content\/uploads\/2025\/08\/1755263986_Comment-utiliser-un-clavier-Windows-sur-votre-Mac-sans-avoir.png\",\"contentUrl\":\"https:\/\/vieassociative.be\/actualites\/wp-content\/uploads\/2025\/08\/1755263986_Comment-utiliser-un-clavier-Windows-sur-votre-Mac-sans-avoir.png\",\"width\":1200,\"height\":675,\"caption\":\"Comment utiliser un clavier Windows sur votre Mac sans avoir mal \u00e0 la t\u00eate\"},{\"@type\":\"BreadcrumbList\",\"@id\":\"https:\/\/vieassociative.be\/actualites\/comment-utiliser-un-clavier-windows-sur-votre-mac-sans-avoir-mal-a-la-tete\/#breadcrumb\",\"itemListElement\":[{\"@type\":\"ListItem\",\"position\":1,\"name\":\"Accueil\",\"item\":\"https:\/\/vieassociative.be\/actualites\/\"},{\"@type\":\"ListItem\",\"position\":2,\"name\":\"Comment utiliser un clavier Windows sur votre Mac sans avoir mal \u00e0 la t\u00eate\"}]},{\"@type\":\"WebSite\",\"@id\":\"https:\/\/vieassociative.be\/actualites\/#website\",\"url\":\"https:\/\/vieassociative.be\/actualites\/\",\"name\":\"Vie Associative\",\"description\":\"\",\"publisher\":{\"@id\":\"https:\/\/vieassociative.be\/actualites\/#organization\"},\"potentialAction\":[{\"@type\":\"SearchAction\",\"target\":{\"@type\":\"EntryPoint\",\"urlTemplate\":\"https:\/\/vieassociative.be\/actualites\/?s={search_term_string}\"},\"query-input\":{\"@type\":\"PropertyValueSpecification\",\"valueRequired\":true,\"valueName\":\"search_term_string\"}}],\"inLanguage\":\"fr-BE\"},{\"@type\":\"Organization\",\"@id\":\"https:\/\/vieassociative.be\/actualites\/#organization\",\"name\":\"Vie Associative\",\"url\":\"https:\/\/vieassociative.be\/actualites\/\",\"logo\":{\"@type\":\"ImageObject\",\"inLanguage\":\"fr-BE\",\"@id\":\"https:\/\/vieassociative.be\/actualites\/#\/schema\/logo\/image\/\",\"url\":\"https:\/\/vieassociative.be\/actualites\/wp-content\/uploads\/2024\/09\/cropped-vieassociative_favicon.ico.png\",\"contentUrl\":\"https:\/\/vieassociative.be\/actualites\/wp-content\/uploads\/2024\/09\/cropped-vieassociative_favicon.ico.png\",\"width\":512,\"height\":512,\"caption\":\"Vie Associative\"},\"image\":{\"@id\":\"https:\/\/vieassociative.be\/actualites\/#\/schema\/logo\/image\/\"}},{\"@type\":\"Person\",\"@id\":\"https:\/\/vieassociative.be\/actualites\/#\/schema\/person\/b87ac4f82f9d4e7b7cec7395b679edc4\",\"name\":\"Julien\",\"image\":{\"@type\":\"ImageObject\",\"inLanguage\":\"fr-BE\",\"@id\":\"https:\/\/vieassociative.be\/actualites\/#\/schema\/person\/image\/\",\"url\":\"https:\/\/vieassociative.be\/actualites\/wp-content\/uploads\/2024\/09\/vie-associative-1-150x150.jpg\",\"contentUrl\":\"https:\/\/vieassociative.be\/actualites\/wp-content\/uploads\/2024\/09\/vie-associative-1-150x150.jpg\",\"caption\":\"Julien\"},\"description\":\"Je suis Julien, r\u00e9dacteur pour Vie Associative. Passionn\u00e9 par le monde associatif depuis plus de 10 ans, j'ai \u00e0 c\u0153ur de partager des histoires inspirantes et de mettre en lumi\u00e8re les initiatives locales. Mon objectif est de sensibiliser et d'encourager l'engagement communautaire \u00e0 travers mes articles.\",\"sameAs\":[\"https:\/\/vieassociative.be\/\"]}]}<\/script>\n<!-- \/ Yoast SEO plugin. -->","yoast_head_json":{"title":"Comment utiliser un clavier Windows sur votre Mac sans avoir mal \u00e0 la t\u00eate | Vie Associative","robots":{"index":"index","follow":"follow","max-snippet":"max-snippet:-1","max-image-preview":"max-image-preview:large","max-video-preview":"max-video-preview:-1"},"canonical":"https:\/\/vieassociative.be\/actualites\/comment-utiliser-un-clavier-windows-sur-votre-mac-sans-avoir-mal-a-la-tete\/","og_locale":"fr_FR","og_type":"article","og_title":"Comment utiliser un clavier Windows sur votre Mac sans avoir mal \u00e0 la t\u00eate | Vie Associative","og_description":"Fatigu\u00e9 de frapper par r\u00e9flexe \u00ab\u00a0Alt\u00a0\u00bb quand vous voulez \u00ab\u00a0commande\u00a0\u00bb? Peut-\u00eatre que vous visitez votre famille avec votre MacBook et que vous cr\u00e9ez un poste","og_url":"https:\/\/vieassociative.be\/actualites\/comment-utiliser-un-clavier-windows-sur-votre-mac-sans-avoir-mal-a-la-tete\/","og_site_name":"Vie Associative","article_published_time":"2025-08-15T13:19:46+00:00","og_image":[{"url":"https:\/\/vieassociative.be\/actualites\/wp-content\/uploads\/2025\/08\/Comment-utiliser-un-clavier-Windows-sur-votre-Mac-sans-avoir.png","type":"","width":"","height":""}],"author":"Julien","twitter_card":"summary_large_image","twitter_misc":{"\u00c9crit par":"Julien","Dur\u00e9e de lecture est.":"4 minutes"},"schema":{"@context":"https:\/\/schema.org","@graph":[{"@type":"Article","@id":"https:\/\/vieassociative.be\/actualites\/comment-utiliser-un-clavier-windows-sur-votre-mac-sans-avoir-mal-a-la-tete\/#article","isPartOf":{"@id":"https:\/\/vieassociative.be\/actualites\/comment-utiliser-un-clavier-windows-sur-votre-mac-sans-avoir-mal-a-la-tete\/"},"author":{"name":"Julien","@id":"https:\/\/vieassociative.be\/actualites\/#\/schema\/person\/b87ac4f82f9d4e7b7cec7395b679edc4"},"headline":"Comment utiliser un clavier Windows sur votre Mac sans avoir mal \u00e0 la t\u00eate","datePublished":"2025-08-15T13:19:46+00:00","dateModified":"2025-08-15T13:19:46+00:00","mainEntityOfPage":{"@id":"https:\/\/vieassociative.be\/actualites\/comment-utiliser-un-clavier-windows-sur-votre-mac-sans-avoir-mal-a-la-tete\/"},"wordCount":771,"publisher":{"@id":"https:\/\/vieassociative.be\/actualites\/#organization"},"image":{"@id":"https:\/\/vieassociative.be\/actualites\/comment-utiliser-un-clavier-windows-sur-votre-mac-sans-avoir-mal-a-la-tete\/#primaryimage"},"thumbnailUrl":"https:\/\/vieassociative.be\/actualites\/wp-content\/uploads\/2025\/08\/1755263986_Comment-utiliser-un-clavier-Windows-sur-votre-Mac-sans-avoir.png","keywords":["avoir","clavier","Comment","Mac","mal","sans","sur","t\u00eate","utiliser","votre","Windows"],"articleSection":["Technologie"],"inLanguage":"fr-BE"},{"@type":"WebPage","@id":"https:\/\/vieassociative.be\/actualites\/comment-utiliser-un-clavier-windows-sur-votre-mac-sans-avoir-mal-a-la-tete\/","url":"https:\/\/vieassociative.be\/actualites\/comment-utiliser-un-clavier-windows-sur-votre-mac-sans-avoir-mal-a-la-tete\/","name":"Comment utiliser un clavier Windows sur votre Mac sans avoir mal \u00e0 la t\u00eate | Vie Associative","isPartOf":{"@id":"https:\/\/vieassociative.be\/actualites\/#website"},"primaryImageOfPage":{"@id":"https:\/\/vieassociative.be\/actualites\/comment-utiliser-un-clavier-windows-sur-votre-mac-sans-avoir-mal-a-la-tete\/#primaryimage"},"image":{"@id":"https:\/\/vieassociative.be\/actualites\/comment-utiliser-un-clavier-windows-sur-votre-mac-sans-avoir-mal-a-la-tete\/#primaryimage"},"thumbnailUrl":"https:\/\/vieassociative.be\/actualites\/wp-content\/uploads\/2025\/08\/1755263986_Comment-utiliser-un-clavier-Windows-sur-votre-Mac-sans-avoir.png","datePublished":"2025-08-15T13:19:46+00:00","dateModified":"2025-08-15T13:19:46+00:00","breadcrumb":{"@id":"https:\/\/vieassociative.be\/actualites\/comment-utiliser-un-clavier-windows-sur-votre-mac-sans-avoir-mal-a-la-tete\/#breadcrumb"},"inLanguage":"fr-BE","potentialAction":[{"@type":"ReadAction","target":["https:\/\/vieassociative.be\/actualites\/comment-utiliser-un-clavier-windows-sur-votre-mac-sans-avoir-mal-a-la-tete\/"]}]},{"@type":"ImageObject","inLanguage":"fr-BE","@id":"https:\/\/vieassociative.be\/actualites\/comment-utiliser-un-clavier-windows-sur-votre-mac-sans-avoir-mal-a-la-tete\/#primaryimage","url":"https:\/\/vieassociative.be\/actualites\/wp-content\/uploads\/2025\/08\/1755263986_Comment-utiliser-un-clavier-Windows-sur-votre-Mac-sans-avoir.png","contentUrl":"https:\/\/vieassociative.be\/actualites\/wp-content\/uploads\/2025\/08\/1755263986_Comment-utiliser-un-clavier-Windows-sur-votre-Mac-sans-avoir.png","width":1200,"height":675,"caption":"Comment utiliser un clavier Windows sur votre Mac sans avoir mal \u00e0 la t\u00eate"},{"@type":"BreadcrumbList","@id":"https:\/\/vieassociative.be\/actualites\/comment-utiliser-un-clavier-windows-sur-votre-mac-sans-avoir-mal-a-la-tete\/#breadcrumb","itemListElement":[{"@type":"ListItem","position":1,"name":"Accueil","item":"https:\/\/vieassociative.be\/actualites\/"},{"@type":"ListItem","position":2,"name":"Comment utiliser un clavier Windows sur votre Mac sans avoir mal \u00e0 la t\u00eate"}]},{"@type":"WebSite","@id":"https:\/\/vieassociative.be\/actualites\/#website","url":"https:\/\/vieassociative.be\/actualites\/","name":"Vie Associative","description":"","publisher":{"@id":"https:\/\/vieassociative.be\/actualites\/#organization"},"potentialAction":[{"@type":"SearchAction","target":{"@type":"EntryPoint","urlTemplate":"https:\/\/vieassociative.be\/actualites\/?s={search_term_string}"},"query-input":{"@type":"PropertyValueSpecification","valueRequired":true,"valueName":"search_term_string"}}],"inLanguage":"fr-BE"},{"@type":"Organization","@id":"https:\/\/vieassociative.be\/actualites\/#organization","name":"Vie Associative","url":"https:\/\/vieassociative.be\/actualites\/","logo":{"@type":"ImageObject","inLanguage":"fr-BE","@id":"https:\/\/vieassociative.be\/actualites\/#\/schema\/logo\/image\/","url":"https:\/\/vieassociative.be\/actualites\/wp-content\/uploads\/2024\/09\/cropped-vieassociative_favicon.ico.png","contentUrl":"https:\/\/vieassociative.be\/actualites\/wp-content\/uploads\/2024\/09\/cropped-vieassociative_favicon.ico.png","width":512,"height":512,"caption":"Vie Associative"},"image":{"@id":"https:\/\/vieassociative.be\/actualites\/#\/schema\/logo\/image\/"}},{"@type":"Person","@id":"https:\/\/vieassociative.be\/actualites\/#\/schema\/person\/b87ac4f82f9d4e7b7cec7395b679edc4","name":"Julien","image":{"@type":"ImageObject","inLanguage":"fr-BE","@id":"https:\/\/vieassociative.be\/actualites\/#\/schema\/person\/image\/","url":"https:\/\/vieassociative.be\/actualites\/wp-content\/uploads\/2024\/09\/vie-associative-1-150x150.jpg","contentUrl":"https:\/\/vieassociative.be\/actualites\/wp-content\/uploads\/2024\/09\/vie-associative-1-150x150.jpg","caption":"Julien"},"description":"Je suis Julien, r\u00e9dacteur pour Vie Associative. Passionn\u00e9 par le monde associatif depuis plus de 10 ans, j'ai \u00e0 c\u0153ur de partager des histoires inspirantes et de mettre en lumi\u00e8re les initiatives locales. Mon objectif est de sensibiliser et d'encourager l'engagement communautaire \u00e0 travers mes articles.","sameAs":["https:\/\/vieassociative.be\/"]}]}},"_links":{"self":[{"href":"https:\/\/vieassociative.be\/actualites\/wp-json\/wp\/v2\/posts\/9419"}],"collection":[{"href":"https:\/\/vieassociative.be\/actualites\/wp-json\/wp\/v2\/posts"}],"about":[{"href":"https:\/\/vieassociative.be\/actualites\/wp-json\/wp\/v2\/types\/post"}],"author":[{"embeddable":true,"href":"https:\/\/vieassociative.be\/actualites\/wp-json\/wp\/v2\/users\/1"}],"replies":[{"embeddable":true,"href":"https:\/\/vieassociative.be\/actualites\/wp-json\/wp\/v2\/comments?post=9419"}],"version-history":[{"count":0,"href":"https:\/\/vieassociative.be\/actualites\/wp-json\/wp\/v2\/posts\/9419\/revisions"}],"wp:featuredmedia":[{"embeddable":true,"href":"https:\/\/vieassociative.be\/actualites\/wp-json\/wp\/v2\/media\/9420"}],"wp:attachment":[{"href":"https:\/\/vieassociative.be\/actualites\/wp-json\/wp\/v2\/media?parent=9419"}],"wp:term":[{"taxonomy":"category","embeddable":true,"href":"https:\/\/vieassociative.be\/actualites\/wp-json\/wp\/v2\/categories?post=9419"},{"taxonomy":"post_tag","embeddable":true,"href":"https:\/\/vieassociative.be\/actualites\/wp-json\/wp\/v2\/tags?post=9419"}],"curies":[{"name":"wp","href":"https:\/\/api.w.org\/{rel}","templated":true}]}}