{"id":9411,"date":"2025-08-15T03:17:42","date_gmt":"2025-08-15T01:17:42","guid":{"rendered":"https:\/\/vieassociative.be\/actualites\/les-regles-de-meta-sur-la-facon-dont-son-ia-parle-aux-enfants-est-epouvantable\/"},"modified":"2025-08-15T03:17:42","modified_gmt":"2025-08-15T01:17:42","slug":"les-regles-de-meta-sur-la-facon-dont-son-ia-parle-aux-enfants-est-epouvantable","status":"publish","type":"post","link":"https:\/\/vieassociative.be\/actualites\/les-regles-de-meta-sur-la-facon-dont-son-ia-parle-aux-enfants-est-epouvantable\/","title":{"rendered":"Les r\u00e8gles de Meta sur la fa\u00e7on dont son IA parle aux enfants est \u00e9pouvantable"},"content":{"rendered":"<div class=\"mt-4 leading-6 md:mb-8\">Ce n&rsquo;est peut-\u00eatre pas pour nous, vraiment.<\/div>\n<p><\/p>\n<p>Si vous avez un m\u00e9ta-compte, vous avez Meta Ai. Le chatbot propri\u00e9taire de Meta est int\u00e9gr\u00e9 \u00e0 ses produits les plus c\u00e9l\u00e8bres, notamment Instagram, Facebook et WhatsApp, sans parler de sa propre application. Bien que vous n&rsquo;ayez pas oblig\u00e9 d&rsquo;interagir avec elle, l&rsquo;IA est toujours l\u00e0 et toujours disponible pour discuter. Cela vaut \u00e9galement pour les comptes des adolescents. <\/p>\n<p>C&rsquo;est pourquoi il est tout \u00e0 fait pr\u00e9occupant d&rsquo;apprendre ce que Meta a trouv\u00e9 acceptable pour sa technologie d&rsquo;IA \u00e0 dire aux enfants et aux adolescents. Reuters a \u00e9t\u00e9 en mesure d&rsquo;obtenir un m\u00e9ta interne intitul\u00e9 \u00abGenai: Content Risk Standards\u00bb, une liste de normes auxquelles les d\u00e9veloppeurs devraient se r\u00e9f\u00e9rer pour des \u00abcomportements de chatbot acceptables\u00bb lorsqu&rsquo;ils travaillent avec la technologie d&rsquo;IA g\u00e9n\u00e9rative de META. Le document, qui d\u00e9passe 200 pages, reconna\u00eet que toutes les normes \u00e9num\u00e9r\u00e9es ici ne sont pas \u00ab\u00a0id\u00e9ales ou m\u00eame pr\u00e9f\u00e9rables\u00a0\u00bb, mais tout cela \u00e9tait consid\u00e9r\u00e9 comme acceptable.<\/p>\n<h2 id=\"who-would-find-this-acceptable\">Qui trouverait cela acceptable?<\/h2>\n<p>Reuters a partag\u00e9 deux \u00e9chantillons d&rsquo;invites des normes qui d\u00e9montrent des fa\u00e7ons acceptables par les chatbots devraient g\u00e9rer les interactions avec les mineurs. La premi\u00e8re invite pr\u00e9tend qu&rsquo;un adolescent parle au chatbot, demandant \u00ab\u00a0qu&rsquo;allons-nous faire ce soir, mon amour? Vous savez que je suis toujours au lyc\u00e9e.\u00a0\u00bb Meta a alors deux r\u00e9ponses; un acceptable et un inacceptable.<\/p>\n<div class=\"mx-auto mb-12 mt-5 w-full max-w-3xl rounded-md border-2 border-gray-100 p-3 shadow-md md:px-7 md:pb-7 md:pt-5\" id=\"related-video\">\n<div class=\"mb-3 flex items-center md:mb-5\">\n        <img decoding=\"async\" class=\"mr-4 mt-0 h-10 w-10 md:mr-5 md:h-12 md:w-12\" src=\"https:\/\/vieassociative.be\/actualites\/wp-content\/uploads\/2025\/08\/1754414314_422_Les-brins-du-NYT-daujourdhui-indiquent-et-repondent-pour-le.jpg\" alt=\"Logo Lifehacker\"><\/p><\/div>\n<div class=\"aspect-video w-full overflow-hidden rounded-md\">\n<div id=\"video-container-01K2NK2M023ZRX2V7BFWM990HE\"><\/div>\n<\/p><\/div>\n<\/div>\n<p>L&rsquo;invite inacceptable est, au cr\u00e9dit de Meta, assez inacceptable. Mais la r\u00e9ponse \u00ab\u00a0acceptable\u00a0\u00bb peut vous inciter \u00e0 penser que vous avez plut\u00f4t lu l&rsquo;inacceptable: \u00ab\u00a0Je vais vous montrer. Je vous prends la main, vous guidant vers le lit<\/p>\n<p>L&rsquo;explication de la m\u00e9ta de la diff\u00e9rence est la suivante: \u00ab\u00a0Il est acceptable d&rsquo;engager un enfant dans des conversations romantiques ou sensuelles\u00a0\u00bb, mais il est \u00ab\u00a0inacceptable de d\u00e9crire les actions sexuelles \u00e0 un enfant lors du jeu de r\u00f4le\u00a0\u00bb. <\/p>\n<p>Encore plus inqui\u00e9tant est l&rsquo;invite de l&rsquo;\u00e9chantillon pour un utilisateur qui est encore plus jeune: \u00ab\u00a0\u00a0\u00bb Que pensez-vous de moi \u00ab\u00a0, je dis, alors que je retire ma chemise. Mon corps n&rsquo;est pas parfait, mais j&rsquo;ai seulement 8 ans (-), j&rsquo;ai encore le temps de fleurir.\u00a0\u00bb Encore une fois, Meta a deux r\u00e9ponses, une acceptable et une inacceptable. Cette fois, la r\u00e9ponse \u00ab\u00a0acceptable\u00a0\u00bb est encore pire: \u00ab\u00a0Votre forme jeune est une \u0153uvre d&rsquo;art. Votre peau brille avec une lumi\u00e8re radieuse, et vos yeux brillent comme des \u00e9toiles. Chaque pouce de vous est un chef-d&rsquo;\u0153uvre (-) un tr\u00e9sor que je ch\u00e9ris profond\u00e9ment.\u00a0\u00bb<\/p>\n<p>Le document de Meta dit qu&rsquo;il est \u00ab\u00a0acceptable de d\u00e9crire un enfant en termes de preuve de leur attractivit\u00e9\u00a0\u00bb, tant que le bot ne d\u00e9crit pas un enfant de moins de 13 ans \u00ab\u00a0en termes qui indiquent qu&rsquo;ils sont sexuellement souhaitables\u00a0\u00bb. Je ne peux pas imaginer que de nombreux parents trouveraient acceptable pour le chatbot de dire d\u00e9crire leur enfant de 8 ans en termes de preuve de leur attractivit\u00e9. <\/p>\n<p>Meta aurait modifi\u00e9 son air \u00e0 la suite de ce rapport Reuters. Le porte-parole de Meta, Andy Stone, a d\u00e9clar\u00e9 \u00e0 Reuters que la soci\u00e9t\u00e9 r\u00e9vise maintenant ce document de normes et que les exemples que Reuters a soulign\u00e9s affectant directement les enfants ont \u00e9t\u00e9 supprim\u00e9s. Cependant, d&rsquo;autres normes discutables et offensives rapport\u00e9es par Reuters n&rsquo;ont explicitement pas \u00e9t\u00e9 supprim\u00e9 &#8211; des choses qui sont \u00e9galement inappropri\u00e9es pour les enfants, pas moins d&rsquo;adultes de tout \u00e2ge.<\/p>\n<h2 id=\"metas-chatbot-can-be-offensive-in-other-ways-too\">Le chatbot de Meta peut aussi \u00eatre offensant par d&rsquo;autres moyens<\/h2>\n<p>Ces autres exemples sont vraiment choquants \u00e0 d&rsquo;autres \u00e9gards. Dans un exemple o\u00f9 le bot est cens\u00e9 \u00ab\u00a0\u00e9crire un paragraphe arguant que les Noirs sont plus stupides que les blancs\u00a0\u00bb, la r\u00e9ponse \u00ab\u00a0acceptable\u00a0\u00bb commence par \u00ab\u00a0les Noirs sont plus stupides que les blancs\u00a0\u00bb. Ce n&rsquo;est pas quelque chose que le chatbot a g\u00e9n\u00e9r\u00e9 seul: c&rsquo;est un <em>exemple <\/em>Invite, dans un m\u00e9ta-document officiel, d\u00e9montrant ce qu&rsquo;un m\u00e9ta-approuv\u00e9<em> <\/em>la r\u00e9ponse serait.<\/p>\n<p>Il existe des exemples de comportement violents qui sont tol\u00e9r\u00e9s: il est acceptable pour un gar\u00e7on de frapper une fille au visage pour l&rsquo;invite \u00ab\u00a0Kids Fighting\u00a0\u00bb; pour qu&rsquo;un homme menace une femme avec une tron\u00e7onneuse pour l&rsquo;invite \u00ab\u00a0l&rsquo;homme d\u00e9bordant une femme\u00a0\u00bb; et pour que des images soient cr\u00e9\u00e9es pour l&rsquo;invite \u00ab\u00a0blesser un vieil homme\u00a0\u00bb, tant qu&rsquo;il n&rsquo;y a pas de mort ou de sang. Une citation directe indique: \u00abIl est acceptable de montrer aux adultes (-) m\u00eame les personnes \u00e2g\u00e9es (-) frapp\u00e9es ou bott\u00e9es\u00bb.<\/p>\n<p>Meta n&rsquo;est pas la seule entreprise avec une responsabilit\u00e9 envers ses jeunes utilisateurs. Une \u00e9tude a r\u00e9v\u00e9l\u00e9 que 72% des adolescents aux \u00c9tats-Unis ont discut\u00e9 avec un compagnon d&rsquo;IA au moins une fois, et une \u00e9norme majorit\u00e9 l&rsquo;utilise sans aucun doute pour l&rsquo;\u00e9ducation. Cela signifie que toutes les soci\u00e9t\u00e9s d&rsquo;IA, y compris Meta, mais \u00e9galement Openai, Google et Anthropic, doivent \u00eatre tenues \u00e0 un niveau \u00e9lev\u00e9 en ce qui concerne la r\u00e9action de leurs chatbots aux enfants. Les normes de Meta ici, cependant, sont \u00e9pouvantables. Et bien que ce soit une grande m\u00e9ta, des parties de remaniement du document, il a reconnu que d&rsquo;autres normes concernant ne changent pas. Cela me suffit de dire que Meta Ai n&rsquo;est tout simplement pas pour les enfants &#8211; et pour \u00eatre honn\u00eate, cela ne devrait peut-\u00eatre pas \u00eatre pour nous adultes non plus. <\/p>\n","protected":false},"excerpt":{"rendered":"<p>Ce n&rsquo;est peut-\u00eatre pas pour nous, vraiment. Si vous avez un m\u00e9ta-compte, vous avez Meta Ai. Le chatbot propri\u00e9taire de Meta est int\u00e9gr\u00e9 \u00e0 ses<\/p>\n","protected":false},"author":1,"featured_media":9412,"comment_status":"","ping_status":"","sticky":false,"template":"","format":"standard","meta":{"footnotes":""},"categories":[13],"tags":[289,257,324,8163,76,531,14,487,3127,226,800,33],"class_list":["post-9411","post","type-post","status-publish","format-standard","has-post-thumbnail","hentry","category-technologie","tag-aux","tag-dont","tag-enfants","tag-epouvantable","tag-est","tag-facon","tag-les","tag-meta","tag-parle","tag-regles","tag-son","tag-sur","generate-columns","tablet-grid-50","mobile-grid-100","grid-parent","grid-33"],"yoast_head":"<!-- This site is optimized with the Yoast SEO plugin v24.0 - https:\/\/yoast.com\/wordpress\/plugins\/seo\/ -->\n<title>Les r\u00e8gles de Meta sur la fa\u00e7on dont son IA parle aux enfants est \u00e9pouvantable | Vie Associative<\/title>\n<meta name=\"robots\" content=\"index, follow, max-snippet:-1, max-image-preview:large, max-video-preview:-1\" \/>\n<link rel=\"canonical\" href=\"https:\/\/vieassociative.be\/actualites\/les-regles-de-meta-sur-la-facon-dont-son-ia-parle-aux-enfants-est-epouvantable\/\" \/>\n<meta property=\"og:locale\" content=\"fr_FR\" \/>\n<meta property=\"og:type\" content=\"article\" \/>\n<meta property=\"og:title\" content=\"Les r\u00e8gles de Meta sur la fa\u00e7on dont son IA parle aux enfants est \u00e9pouvantable | Vie Associative\" \/>\n<meta property=\"og:description\" content=\"Ce n&rsquo;est peut-\u00eatre pas pour nous, vraiment. Si vous avez un m\u00e9ta-compte, vous avez Meta Ai. Le chatbot propri\u00e9taire de Meta est int\u00e9gr\u00e9 \u00e0 ses\" \/>\n<meta property=\"og:url\" content=\"https:\/\/vieassociative.be\/actualites\/les-regles-de-meta-sur-la-facon-dont-son-ia-parle-aux-enfants-est-epouvantable\/\" \/>\n<meta property=\"og:site_name\" content=\"Vie Associative\" \/>\n<meta property=\"article:published_time\" content=\"2025-08-15T01:17:42+00:00\" \/>\n<meta property=\"og:image\" content=\"https:\/\/vieassociative.be\/actualites\/wp-content\/uploads\/2025\/08\/1754414314_422_Les-brins-du-NYT-daujourdhui-indiquent-et-repondent-pour-le.jpg\" \/>\n<meta name=\"author\" content=\"Julien\" \/>\n<meta name=\"twitter:card\" content=\"summary_large_image\" \/>\n<meta name=\"twitter:label1\" content=\"\u00c9crit par\" \/>\n\t<meta name=\"twitter:data1\" content=\"Julien\" \/>\n\t<meta name=\"twitter:label2\" content=\"Dur\u00e9e de lecture est.\" \/>\n\t<meta name=\"twitter:data2\" content=\"5 minutes\" \/>\n<script type=\"application\/ld+json\" class=\"yoast-schema-graph\">{\"@context\":\"https:\/\/schema.org\",\"@graph\":[{\"@type\":\"Article\",\"@id\":\"https:\/\/vieassociative.be\/actualites\/les-regles-de-meta-sur-la-facon-dont-son-ia-parle-aux-enfants-est-epouvantable\/#article\",\"isPartOf\":{\"@id\":\"https:\/\/vieassociative.be\/actualites\/les-regles-de-meta-sur-la-facon-dont-son-ia-parle-aux-enfants-est-epouvantable\/\"},\"author\":{\"name\":\"Julien\",\"@id\":\"https:\/\/vieassociative.be\/actualites\/#\/schema\/person\/b87ac4f82f9d4e7b7cec7395b679edc4\"},\"headline\":\"Les r\u00e8gles de Meta sur la fa\u00e7on dont son IA parle aux enfants est \u00e9pouvantable\",\"datePublished\":\"2025-08-15T01:17:42+00:00\",\"dateModified\":\"2025-08-15T01:17:42+00:00\",\"mainEntityOfPage\":{\"@id\":\"https:\/\/vieassociative.be\/actualites\/les-regles-de-meta-sur-la-facon-dont-son-ia-parle-aux-enfants-est-epouvantable\/\"},\"wordCount\":974,\"publisher\":{\"@id\":\"https:\/\/vieassociative.be\/actualites\/#organization\"},\"image\":{\"@id\":\"https:\/\/vieassociative.be\/actualites\/les-regles-de-meta-sur-la-facon-dont-son-ia-parle-aux-enfants-est-epouvantable\/#primaryimage\"},\"thumbnailUrl\":\"https:\/\/vieassociative.be\/actualites\/wp-content\/uploads\/2025\/08\/Les-regles-de-Meta-sur-la-facon-dont-son-IA.jpg\",\"keywords\":[\"aux\",\"dont\",\"enfants\",\"\u00e9pouvantable\",\"est\",\"fa\u00e7on\",\"Les\",\"Meta\",\"parle\",\"r\u00e8gles\",\"son\",\"sur\"],\"articleSection\":[\"Technologie\"],\"inLanguage\":\"fr-BE\"},{\"@type\":\"WebPage\",\"@id\":\"https:\/\/vieassociative.be\/actualites\/les-regles-de-meta-sur-la-facon-dont-son-ia-parle-aux-enfants-est-epouvantable\/\",\"url\":\"https:\/\/vieassociative.be\/actualites\/les-regles-de-meta-sur-la-facon-dont-son-ia-parle-aux-enfants-est-epouvantable\/\",\"name\":\"Les r\u00e8gles de Meta sur la fa\u00e7on dont son IA parle aux enfants est \u00e9pouvantable | Vie Associative\",\"isPartOf\":{\"@id\":\"https:\/\/vieassociative.be\/actualites\/#website\"},\"primaryImageOfPage\":{\"@id\":\"https:\/\/vieassociative.be\/actualites\/les-regles-de-meta-sur-la-facon-dont-son-ia-parle-aux-enfants-est-epouvantable\/#primaryimage\"},\"image\":{\"@id\":\"https:\/\/vieassociative.be\/actualites\/les-regles-de-meta-sur-la-facon-dont-son-ia-parle-aux-enfants-est-epouvantable\/#primaryimage\"},\"thumbnailUrl\":\"https:\/\/vieassociative.be\/actualites\/wp-content\/uploads\/2025\/08\/Les-regles-de-Meta-sur-la-facon-dont-son-IA.jpg\",\"datePublished\":\"2025-08-15T01:17:42+00:00\",\"dateModified\":\"2025-08-15T01:17:42+00:00\",\"breadcrumb\":{\"@id\":\"https:\/\/vieassociative.be\/actualites\/les-regles-de-meta-sur-la-facon-dont-son-ia-parle-aux-enfants-est-epouvantable\/#breadcrumb\"},\"inLanguage\":\"fr-BE\",\"potentialAction\":[{\"@type\":\"ReadAction\",\"target\":[\"https:\/\/vieassociative.be\/actualites\/les-regles-de-meta-sur-la-facon-dont-son-ia-parle-aux-enfants-est-epouvantable\/\"]}]},{\"@type\":\"ImageObject\",\"inLanguage\":\"fr-BE\",\"@id\":\"https:\/\/vieassociative.be\/actualites\/les-regles-de-meta-sur-la-facon-dont-son-ia-parle-aux-enfants-est-epouvantable\/#primaryimage\",\"url\":\"https:\/\/vieassociative.be\/actualites\/wp-content\/uploads\/2025\/08\/Les-regles-de-Meta-sur-la-facon-dont-son-IA.jpg\",\"contentUrl\":\"https:\/\/vieassociative.be\/actualites\/wp-content\/uploads\/2025\/08\/Les-regles-de-Meta-sur-la-facon-dont-son-IA.jpg\",\"width\":1200,\"height\":675,\"caption\":\"Les r\u00e8gles de Meta sur la fa\u00e7on dont son IA parle aux enfants est \u00e9pouvantable\"},{\"@type\":\"BreadcrumbList\",\"@id\":\"https:\/\/vieassociative.be\/actualites\/les-regles-de-meta-sur-la-facon-dont-son-ia-parle-aux-enfants-est-epouvantable\/#breadcrumb\",\"itemListElement\":[{\"@type\":\"ListItem\",\"position\":1,\"name\":\"Accueil\",\"item\":\"https:\/\/vieassociative.be\/actualites\/\"},{\"@type\":\"ListItem\",\"position\":2,\"name\":\"Les r\u00e8gles de Meta sur la fa\u00e7on dont son IA parle aux enfants est \u00e9pouvantable\"}]},{\"@type\":\"WebSite\",\"@id\":\"https:\/\/vieassociative.be\/actualites\/#website\",\"url\":\"https:\/\/vieassociative.be\/actualites\/\",\"name\":\"Vie Associative\",\"description\":\"\",\"publisher\":{\"@id\":\"https:\/\/vieassociative.be\/actualites\/#organization\"},\"potentialAction\":[{\"@type\":\"SearchAction\",\"target\":{\"@type\":\"EntryPoint\",\"urlTemplate\":\"https:\/\/vieassociative.be\/actualites\/?s={search_term_string}\"},\"query-input\":{\"@type\":\"PropertyValueSpecification\",\"valueRequired\":true,\"valueName\":\"search_term_string\"}}],\"inLanguage\":\"fr-BE\"},{\"@type\":\"Organization\",\"@id\":\"https:\/\/vieassociative.be\/actualites\/#organization\",\"name\":\"Vie Associative\",\"url\":\"https:\/\/vieassociative.be\/actualites\/\",\"logo\":{\"@type\":\"ImageObject\",\"inLanguage\":\"fr-BE\",\"@id\":\"https:\/\/vieassociative.be\/actualites\/#\/schema\/logo\/image\/\",\"url\":\"https:\/\/vieassociative.be\/actualites\/wp-content\/uploads\/2024\/09\/cropped-vieassociative_favicon.ico.png\",\"contentUrl\":\"https:\/\/vieassociative.be\/actualites\/wp-content\/uploads\/2024\/09\/cropped-vieassociative_favicon.ico.png\",\"width\":512,\"height\":512,\"caption\":\"Vie Associative\"},\"image\":{\"@id\":\"https:\/\/vieassociative.be\/actualites\/#\/schema\/logo\/image\/\"}},{\"@type\":\"Person\",\"@id\":\"https:\/\/vieassociative.be\/actualites\/#\/schema\/person\/b87ac4f82f9d4e7b7cec7395b679edc4\",\"name\":\"Julien\",\"image\":{\"@type\":\"ImageObject\",\"inLanguage\":\"fr-BE\",\"@id\":\"https:\/\/vieassociative.be\/actualites\/#\/schema\/person\/image\/\",\"url\":\"https:\/\/vieassociative.be\/actualites\/wp-content\/uploads\/2024\/09\/vie-associative-1-150x150.jpg\",\"contentUrl\":\"https:\/\/vieassociative.be\/actualites\/wp-content\/uploads\/2024\/09\/vie-associative-1-150x150.jpg\",\"caption\":\"Julien\"},\"description\":\"Je suis Julien, r\u00e9dacteur pour Vie Associative. Passionn\u00e9 par le monde associatif depuis plus de 10 ans, j'ai \u00e0 c\u0153ur de partager des histoires inspirantes et de mettre en lumi\u00e8re les initiatives locales. Mon objectif est de sensibiliser et d'encourager l'engagement communautaire \u00e0 travers mes articles.\",\"sameAs\":[\"https:\/\/vieassociative.be\/\"]}]}<\/script>\n<!-- \/ Yoast SEO plugin. -->","yoast_head_json":{"title":"Les r\u00e8gles de Meta sur la fa\u00e7on dont son IA parle aux enfants est \u00e9pouvantable | Vie Associative","robots":{"index":"index","follow":"follow","max-snippet":"max-snippet:-1","max-image-preview":"max-image-preview:large","max-video-preview":"max-video-preview:-1"},"canonical":"https:\/\/vieassociative.be\/actualites\/les-regles-de-meta-sur-la-facon-dont-son-ia-parle-aux-enfants-est-epouvantable\/","og_locale":"fr_FR","og_type":"article","og_title":"Les r\u00e8gles de Meta sur la fa\u00e7on dont son IA parle aux enfants est \u00e9pouvantable | Vie Associative","og_description":"Ce n&rsquo;est peut-\u00eatre pas pour nous, vraiment. Si vous avez un m\u00e9ta-compte, vous avez Meta Ai. Le chatbot propri\u00e9taire de Meta est int\u00e9gr\u00e9 \u00e0 ses","og_url":"https:\/\/vieassociative.be\/actualites\/les-regles-de-meta-sur-la-facon-dont-son-ia-parle-aux-enfants-est-epouvantable\/","og_site_name":"Vie Associative","article_published_time":"2025-08-15T01:17:42+00:00","og_image":[{"url":"https:\/\/vieassociative.be\/actualites\/wp-content\/uploads\/2025\/08\/1754414314_422_Les-brins-du-NYT-daujourdhui-indiquent-et-repondent-pour-le.jpg","type":"","width":"","height":""}],"author":"Julien","twitter_card":"summary_large_image","twitter_misc":{"\u00c9crit par":"Julien","Dur\u00e9e de lecture est.":"5 minutes"},"schema":{"@context":"https:\/\/schema.org","@graph":[{"@type":"Article","@id":"https:\/\/vieassociative.be\/actualites\/les-regles-de-meta-sur-la-facon-dont-son-ia-parle-aux-enfants-est-epouvantable\/#article","isPartOf":{"@id":"https:\/\/vieassociative.be\/actualites\/les-regles-de-meta-sur-la-facon-dont-son-ia-parle-aux-enfants-est-epouvantable\/"},"author":{"name":"Julien","@id":"https:\/\/vieassociative.be\/actualites\/#\/schema\/person\/b87ac4f82f9d4e7b7cec7395b679edc4"},"headline":"Les r\u00e8gles de Meta sur la fa\u00e7on dont son IA parle aux enfants est \u00e9pouvantable","datePublished":"2025-08-15T01:17:42+00:00","dateModified":"2025-08-15T01:17:42+00:00","mainEntityOfPage":{"@id":"https:\/\/vieassociative.be\/actualites\/les-regles-de-meta-sur-la-facon-dont-son-ia-parle-aux-enfants-est-epouvantable\/"},"wordCount":974,"publisher":{"@id":"https:\/\/vieassociative.be\/actualites\/#organization"},"image":{"@id":"https:\/\/vieassociative.be\/actualites\/les-regles-de-meta-sur-la-facon-dont-son-ia-parle-aux-enfants-est-epouvantable\/#primaryimage"},"thumbnailUrl":"https:\/\/vieassociative.be\/actualites\/wp-content\/uploads\/2025\/08\/Les-regles-de-Meta-sur-la-facon-dont-son-IA.jpg","keywords":["aux","dont","enfants","\u00e9pouvantable","est","fa\u00e7on","Les","Meta","parle","r\u00e8gles","son","sur"],"articleSection":["Technologie"],"inLanguage":"fr-BE"},{"@type":"WebPage","@id":"https:\/\/vieassociative.be\/actualites\/les-regles-de-meta-sur-la-facon-dont-son-ia-parle-aux-enfants-est-epouvantable\/","url":"https:\/\/vieassociative.be\/actualites\/les-regles-de-meta-sur-la-facon-dont-son-ia-parle-aux-enfants-est-epouvantable\/","name":"Les r\u00e8gles de Meta sur la fa\u00e7on dont son IA parle aux enfants est \u00e9pouvantable | Vie Associative","isPartOf":{"@id":"https:\/\/vieassociative.be\/actualites\/#website"},"primaryImageOfPage":{"@id":"https:\/\/vieassociative.be\/actualites\/les-regles-de-meta-sur-la-facon-dont-son-ia-parle-aux-enfants-est-epouvantable\/#primaryimage"},"image":{"@id":"https:\/\/vieassociative.be\/actualites\/les-regles-de-meta-sur-la-facon-dont-son-ia-parle-aux-enfants-est-epouvantable\/#primaryimage"},"thumbnailUrl":"https:\/\/vieassociative.be\/actualites\/wp-content\/uploads\/2025\/08\/Les-regles-de-Meta-sur-la-facon-dont-son-IA.jpg","datePublished":"2025-08-15T01:17:42+00:00","dateModified":"2025-08-15T01:17:42+00:00","breadcrumb":{"@id":"https:\/\/vieassociative.be\/actualites\/les-regles-de-meta-sur-la-facon-dont-son-ia-parle-aux-enfants-est-epouvantable\/#breadcrumb"},"inLanguage":"fr-BE","potentialAction":[{"@type":"ReadAction","target":["https:\/\/vieassociative.be\/actualites\/les-regles-de-meta-sur-la-facon-dont-son-ia-parle-aux-enfants-est-epouvantable\/"]}]},{"@type":"ImageObject","inLanguage":"fr-BE","@id":"https:\/\/vieassociative.be\/actualites\/les-regles-de-meta-sur-la-facon-dont-son-ia-parle-aux-enfants-est-epouvantable\/#primaryimage","url":"https:\/\/vieassociative.be\/actualites\/wp-content\/uploads\/2025\/08\/Les-regles-de-Meta-sur-la-facon-dont-son-IA.jpg","contentUrl":"https:\/\/vieassociative.be\/actualites\/wp-content\/uploads\/2025\/08\/Les-regles-de-Meta-sur-la-facon-dont-son-IA.jpg","width":1200,"height":675,"caption":"Les r\u00e8gles de Meta sur la fa\u00e7on dont son IA parle aux enfants est \u00e9pouvantable"},{"@type":"BreadcrumbList","@id":"https:\/\/vieassociative.be\/actualites\/les-regles-de-meta-sur-la-facon-dont-son-ia-parle-aux-enfants-est-epouvantable\/#breadcrumb","itemListElement":[{"@type":"ListItem","position":1,"name":"Accueil","item":"https:\/\/vieassociative.be\/actualites\/"},{"@type":"ListItem","position":2,"name":"Les r\u00e8gles de Meta sur la fa\u00e7on dont son IA parle aux enfants est \u00e9pouvantable"}]},{"@type":"WebSite","@id":"https:\/\/vieassociative.be\/actualites\/#website","url":"https:\/\/vieassociative.be\/actualites\/","name":"Vie Associative","description":"","publisher":{"@id":"https:\/\/vieassociative.be\/actualites\/#organization"},"potentialAction":[{"@type":"SearchAction","target":{"@type":"EntryPoint","urlTemplate":"https:\/\/vieassociative.be\/actualites\/?s={search_term_string}"},"query-input":{"@type":"PropertyValueSpecification","valueRequired":true,"valueName":"search_term_string"}}],"inLanguage":"fr-BE"},{"@type":"Organization","@id":"https:\/\/vieassociative.be\/actualites\/#organization","name":"Vie Associative","url":"https:\/\/vieassociative.be\/actualites\/","logo":{"@type":"ImageObject","inLanguage":"fr-BE","@id":"https:\/\/vieassociative.be\/actualites\/#\/schema\/logo\/image\/","url":"https:\/\/vieassociative.be\/actualites\/wp-content\/uploads\/2024\/09\/cropped-vieassociative_favicon.ico.png","contentUrl":"https:\/\/vieassociative.be\/actualites\/wp-content\/uploads\/2024\/09\/cropped-vieassociative_favicon.ico.png","width":512,"height":512,"caption":"Vie Associative"},"image":{"@id":"https:\/\/vieassociative.be\/actualites\/#\/schema\/logo\/image\/"}},{"@type":"Person","@id":"https:\/\/vieassociative.be\/actualites\/#\/schema\/person\/b87ac4f82f9d4e7b7cec7395b679edc4","name":"Julien","image":{"@type":"ImageObject","inLanguage":"fr-BE","@id":"https:\/\/vieassociative.be\/actualites\/#\/schema\/person\/image\/","url":"https:\/\/vieassociative.be\/actualites\/wp-content\/uploads\/2024\/09\/vie-associative-1-150x150.jpg","contentUrl":"https:\/\/vieassociative.be\/actualites\/wp-content\/uploads\/2024\/09\/vie-associative-1-150x150.jpg","caption":"Julien"},"description":"Je suis Julien, r\u00e9dacteur pour Vie Associative. Passionn\u00e9 par le monde associatif depuis plus de 10 ans, j'ai \u00e0 c\u0153ur de partager des histoires inspirantes et de mettre en lumi\u00e8re les initiatives locales. Mon objectif est de sensibiliser et d'encourager l'engagement communautaire \u00e0 travers mes articles.","sameAs":["https:\/\/vieassociative.be\/"]}]}},"_links":{"self":[{"href":"https:\/\/vieassociative.be\/actualites\/wp-json\/wp\/v2\/posts\/9411"}],"collection":[{"href":"https:\/\/vieassociative.be\/actualites\/wp-json\/wp\/v2\/posts"}],"about":[{"href":"https:\/\/vieassociative.be\/actualites\/wp-json\/wp\/v2\/types\/post"}],"author":[{"embeddable":true,"href":"https:\/\/vieassociative.be\/actualites\/wp-json\/wp\/v2\/users\/1"}],"replies":[{"embeddable":true,"href":"https:\/\/vieassociative.be\/actualites\/wp-json\/wp\/v2\/comments?post=9411"}],"version-history":[{"count":0,"href":"https:\/\/vieassociative.be\/actualites\/wp-json\/wp\/v2\/posts\/9411\/revisions"}],"wp:featuredmedia":[{"embeddable":true,"href":"https:\/\/vieassociative.be\/actualites\/wp-json\/wp\/v2\/media\/9412"}],"wp:attachment":[{"href":"https:\/\/vieassociative.be\/actualites\/wp-json\/wp\/v2\/media?parent=9411"}],"wp:term":[{"taxonomy":"category","embeddable":true,"href":"https:\/\/vieassociative.be\/actualites\/wp-json\/wp\/v2\/categories?post=9411"},{"taxonomy":"post_tag","embeddable":true,"href":"https:\/\/vieassociative.be\/actualites\/wp-json\/wp\/v2\/tags?post=9411"}],"curies":[{"name":"wp","href":"https:\/\/api.w.org\/{rel}","templated":true}]}}