{"id":9409,"date":"2025-08-14T22:17:36","date_gmt":"2025-08-14T20:17:36","guid":{"rendered":"https:\/\/vieassociative.be\/actualites\/apres-20-ans-en-tant-que-ministre-de-la-dg-et-318-000-euros-en-remuneration-de-sortie-weykmans-est-de-retour\/"},"modified":"2025-08-14T22:17:36","modified_gmt":"2025-08-14T20:17:36","slug":"apres-20-ans-en-tant-que-ministre-de-la-dg-et-318-000-euros-en-remuneration-de-sortie-weykmans-est-de-retour","status":"publish","type":"post","link":"https:\/\/vieassociative.be\/actualites\/apres-20-ans-en-tant-que-ministre-de-la-dg-et-318-000-euros-en-remuneration-de-sortie-weykmans-est-de-retour\/","title":{"rendered":"Apr\u00e8s 20 ans en tant que ministre de la DG et 318 000 euros en r\u00e9mun\u00e9ration de sortie: Weykmans est de retour"},"content":{"rendered":"<p><strong>Le mardi dernier 12 ao\u00fbt 2025, l&rsquo;ancienne ministre des m\u00e9dias \u00e0 long terme Isabelle Weykman a pr\u00eat\u00e9 serment en tant que quatri\u00e8me membre du DG Media Council.<\/strong><\/p>\n<p><span id=\"more-422387\"><\/span>Le retour du politicien PFF \u00e9coute, puisque l&rsquo;homme de 45 ans, qui \u00e9tait membre du gouvernement DG de 2004 \u00e0 2024, n&rsquo;\u00e9tait plus candidat aux derni\u00e8res \u00e9lections du PDG le 9 juin 2024. Aussi aux \u00e9lections du conseil municipal d&rsquo;Eupen le 13 octobre 2024, elle n&rsquo;\u00e9tait pas disponible pour une candidature.<\/p>\n<p>En septembre 2024, l&rsquo;annonce a caus\u00e9 une certaine col\u00e8re que Weykmans a re\u00e7u une compensation de sortie brute de 318 000 euros. L&rsquo;ancien coll\u00e8gue minist\u00e9riel de Weykmans, Antonios Antoniadis (SP), avait droit \u00e0 une compensation de sortie de 170 000 euros brut.<\/p>\n<div id=\"attachment_361782\" class=\"wp-caption alignleft\" style=\"max-width: 300px\"><img fetchpriority=\"high\" decoding=\"async\" class=\"wp-image-361782 size-medium\" src=\"https:\/\/vieassociative.be\/actualites\/wp-content\/uploads\/2025\/08\/Apres-20-ans-en-tant-que-ministre-de-la-DG.jpg\" alt=\"\" width=\"300\" height=\"200\"  ><\/div>\n<p>Tant d&rsquo;argent d&rsquo;adieu \u00e9tait probablement un peu trop d&rsquo;une bonne chose pour le nouveau gouvernement DG. Selon le Premier ministre Oliver Paasch (ProDG), il n&rsquo;y aura jamais de compensation en plein air aussi \u00e9lev\u00e9e pour les ministres de la DG pour les ministres.<\/p>\n<p>\u00c0 l&rsquo;avenir, la dur\u00e9e de la r\u00e9mun\u00e9ration sera r\u00e9duite aux p\u00e9riodes de pr\u00e9avis applicables dans le secteur priv\u00e9. De plus, de nombreuses conditions plus strictes devraient s&rsquo;appliquer en deux points importants que ceux pr\u00e9vus dans la l\u00e9gislation du travail.<\/p>\n<p>Retour au DG Media Council. \u00ab\u00a0La d\u00e9cision pour Isabelle Weykmans est tomb\u00e9e apr\u00e8s un processus de candidature ouvert qui a \u00e9t\u00e9 annonc\u00e9 au d\u00e9but de 2025. Elle a convaincu ses nombreuses ann\u00e9es d&rsquo;exp\u00e9rience dans le secteur des m\u00e9dias, en particulier \u00e0 travers ses 20 ann\u00e9es de travail en tant que ministre responsable des m\u00e9dias. Avec son expertise, elle a ajout\u00e9 \u00e0 Janvier 2024\u00a0\u00bb communiqu\u00e9 de presse.<\/p>\n<\/p>\n<div id=\"attachment_8144\" class=\"wp-caption alignleft\" style=\"max-width: 300px\"><img decoding=\"async\" class=\"wp-image-8144 size-medium\" src=\"https:\/\/vieassociative.be\/actualites\/wp-content\/uploads\/2025\/08\/1755202656_620_Apres-20-ans-en-tant-que-ministre-de-la-DG.jpg\" alt=\"Caricature dg m\u00e9dia normal\" width=\"300\" height=\"168\"  ><\/div>\n<p>\u00ab\u00a0Avec la nomination d&rsquo;aujourd&rsquo;hui (par Isabelle Weykmans, ADR), le Conseil des m\u00e9dias est \u00e9largi pour inclure une personnalit\u00e9 qui non seulement a d&rsquo;excellentes connaissances sp\u00e9cialis\u00e9es, mais aussi une compr\u00e9hension approfondie de l&rsquo;importance des m\u00e9dias libres et responsables.<\/p>\n<p>Weykmans lui-m\u00eame a expliqu\u00e9 \u00e0 sa nomination en tant que membre du Conseil des m\u00e9dias de la DG: \u00ab\u00a0Je suis heureux de faire partie du Conseil des m\u00e9dias et donc d&rsquo;apporter mon expertise et mon exp\u00e9rience dans le travail de cette importante autorit\u00e9 r\u00e9glementaire. La r\u00e9alisation est des fondements importants de nos d\u00e9mocraties et en m\u00eame temps de promotion et de maintenance de notre minorit\u00e9 linguistique et d\u00e9finie par culture.\u00a0\u00bb<\/p>\n<p>Les opinions diff\u00e8rent consid\u00e9rablement sur les avantages d&rsquo;un conseil des m\u00e9dias. Selon le ministre Cheeky, il s&rsquo;agit \u00ab\u00a0d&rsquo;un organe central pour garantir la diversit\u00e9 d&rsquo;opinions, d&rsquo;ind\u00e9pendance et de qualit\u00e9 dans les rapports. Le Conseil des m\u00e9dias repr\u00e9sente les int\u00e9r\u00eats des citoyens, pr\u00eate attention au respect des normes du droit des m\u00e9dias et fait partie d&rsquo;un r\u00e9seau belge et europ\u00e9en d&rsquo;autorit\u00e9s r\u00e9glementaires.\u00a0\u00bb (Cre)<\/p>\n","protected":false},"excerpt":{"rendered":"<p>Le mardi dernier 12 ao\u00fbt 2025, l&rsquo;ancienne ministre des m\u00e9dias \u00e0 long terme Isabelle Weykman a pr\u00eat\u00e9 serment en tant que quatri\u00e8me membre du DG<\/p>\n","protected":false},"author":1,"featured_media":9410,"comment_status":"","ping_status":"","sticky":false,"template":"","format":"standard","meta":{"footnotes":""},"categories":[298],"tags":[584,472,76,5427,1245,7105,787,2471,1745,8162],"class_list":["post-9409","post","type-post","status-publish","format-standard","has-post-thumbnail","hentry","category-belgique","tag-ans","tag-apres","tag-est","tag-euros","tag-ministre","tag-remuneration","tag-retour","tag-sortie","tag-tant","tag-weykmans","generate-columns","tablet-grid-50","mobile-grid-100","grid-parent","grid-33"],"yoast_head":"<!-- This site is optimized with the Yoast SEO plugin v24.0 - https:\/\/yoast.com\/wordpress\/plugins\/seo\/ -->\n<title>Apr\u00e8s 20 ans en tant que ministre de la DG et 318 000 euros en r\u00e9mun\u00e9ration de sortie: Weykmans est de retour | Vie Associative<\/title>\n<meta name=\"robots\" content=\"index, follow, max-snippet:-1, max-image-preview:large, max-video-preview:-1\" \/>\n<link rel=\"canonical\" href=\"https:\/\/vieassociative.be\/actualites\/apres-20-ans-en-tant-que-ministre-de-la-dg-et-318-000-euros-en-remuneration-de-sortie-weykmans-est-de-retour\/\" \/>\n<meta property=\"og:locale\" content=\"fr_FR\" \/>\n<meta property=\"og:type\" content=\"article\" \/>\n<meta property=\"og:title\" content=\"Apr\u00e8s 20 ans en tant que ministre de la DG et 318 000 euros en r\u00e9mun\u00e9ration de sortie: Weykmans est de retour | Vie Associative\" \/>\n<meta property=\"og:description\" content=\"Le mardi dernier 12 ao\u00fbt 2025, l&rsquo;ancienne ministre des m\u00e9dias \u00e0 long terme Isabelle Weykman a pr\u00eat\u00e9 serment en tant que quatri\u00e8me membre du DG\" \/>\n<meta property=\"og:url\" content=\"https:\/\/vieassociative.be\/actualites\/apres-20-ans-en-tant-que-ministre-de-la-dg-et-318-000-euros-en-remuneration-de-sortie-weykmans-est-de-retour\/\" \/>\n<meta property=\"og:site_name\" content=\"Vie Associative\" \/>\n<meta property=\"article:published_time\" content=\"2025-08-14T20:17:36+00:00\" \/>\n<meta property=\"og:image\" content=\"https:\/\/vieassociative.be\/actualites\/wp-content\/uploads\/2024\/09\/header_backgroundk-01-e1726694325946.png\" \/>\n\t<meta property=\"og:image:width\" content=\"279\" \/>\n\t<meta property=\"og:image:height\" content=\"92\" \/>\n\t<meta property=\"og:image:type\" content=\"image\/png\" \/>\n<meta name=\"author\" content=\"Julien\" \/>\n<meta name=\"twitter:card\" content=\"summary_large_image\" \/>\n<meta name=\"twitter:label1\" content=\"\u00c9crit par\" \/>\n\t<meta name=\"twitter:data1\" content=\"Julien\" \/>\n\t<meta name=\"twitter:label2\" content=\"Dur\u00e9e de lecture est.\" \/>\n\t<meta name=\"twitter:data2\" content=\"2 minutes\" \/>\n<script type=\"application\/ld+json\" class=\"yoast-schema-graph\">{\"@context\":\"https:\/\/schema.org\",\"@graph\":[{\"@type\":\"Article\",\"@id\":\"https:\/\/vieassociative.be\/actualites\/apres-20-ans-en-tant-que-ministre-de-la-dg-et-318-000-euros-en-remuneration-de-sortie-weykmans-est-de-retour\/#article\",\"isPartOf\":{\"@id\":\"https:\/\/vieassociative.be\/actualites\/apres-20-ans-en-tant-que-ministre-de-la-dg-et-318-000-euros-en-remuneration-de-sortie-weykmans-est-de-retour\/\"},\"author\":{\"name\":\"Julien\",\"@id\":\"https:\/\/vieassociative.be\/actualites\/#\/schema\/person\/b87ac4f82f9d4e7b7cec7395b679edc4\"},\"headline\":\"Apr\u00e8s 20 ans en tant que ministre de la DG et 318 000 euros en r\u00e9mun\u00e9ration de sortie: Weykmans est de retour\",\"datePublished\":\"2025-08-14T20:17:36+00:00\",\"dateModified\":\"2025-08-14T20:17:36+00:00\",\"mainEntityOfPage\":{\"@id\":\"https:\/\/vieassociative.be\/actualites\/apres-20-ans-en-tant-que-ministre-de-la-dg-et-318-000-euros-en-remuneration-de-sortie-weykmans-est-de-retour\/\"},\"wordCount\":516,\"publisher\":{\"@id\":\"https:\/\/vieassociative.be\/actualites\/#organization\"},\"image\":{\"@id\":\"https:\/\/vieassociative.be\/actualites\/apres-20-ans-en-tant-que-ministre-de-la-dg-et-318-000-euros-en-remuneration-de-sortie-weykmans-est-de-retour\/#primaryimage\"},\"thumbnailUrl\":\"https:\/\/vieassociative.be\/actualites\/wp-content\/uploads\/2025\/08\/1755202657_Apres-20-ans-en-tant-que-ministre-de-la-DG.jpg\",\"keywords\":[\"ans\",\"Apr\u00e8s\",\"est\",\"euros\",\"ministre\",\"r\u00e9mun\u00e9ration\",\"retour\",\"Sortie\",\"tant\",\"Weykmans\"],\"articleSection\":[\"Belgique\"],\"inLanguage\":\"fr-BE\"},{\"@type\":\"WebPage\",\"@id\":\"https:\/\/vieassociative.be\/actualites\/apres-20-ans-en-tant-que-ministre-de-la-dg-et-318-000-euros-en-remuneration-de-sortie-weykmans-est-de-retour\/\",\"url\":\"https:\/\/vieassociative.be\/actualites\/apres-20-ans-en-tant-que-ministre-de-la-dg-et-318-000-euros-en-remuneration-de-sortie-weykmans-est-de-retour\/\",\"name\":\"Apr\u00e8s 20 ans en tant que ministre de la DG et 318 000 euros en r\u00e9mun\u00e9ration de sortie: Weykmans est de retour | Vie Associative\",\"isPartOf\":{\"@id\":\"https:\/\/vieassociative.be\/actualites\/#website\"},\"primaryImageOfPage\":{\"@id\":\"https:\/\/vieassociative.be\/actualites\/apres-20-ans-en-tant-que-ministre-de-la-dg-et-318-000-euros-en-remuneration-de-sortie-weykmans-est-de-retour\/#primaryimage\"},\"image\":{\"@id\":\"https:\/\/vieassociative.be\/actualites\/apres-20-ans-en-tant-que-ministre-de-la-dg-et-318-000-euros-en-remuneration-de-sortie-weykmans-est-de-retour\/#primaryimage\"},\"thumbnailUrl\":\"https:\/\/vieassociative.be\/actualites\/wp-content\/uploads\/2025\/08\/1755202657_Apres-20-ans-en-tant-que-ministre-de-la-DG.jpg\",\"datePublished\":\"2025-08-14T20:17:36+00:00\",\"dateModified\":\"2025-08-14T20:17:36+00:00\",\"breadcrumb\":{\"@id\":\"https:\/\/vieassociative.be\/actualites\/apres-20-ans-en-tant-que-ministre-de-la-dg-et-318-000-euros-en-remuneration-de-sortie-weykmans-est-de-retour\/#breadcrumb\"},\"inLanguage\":\"fr-BE\",\"potentialAction\":[{\"@type\":\"ReadAction\",\"target\":[\"https:\/\/vieassociative.be\/actualites\/apres-20-ans-en-tant-que-ministre-de-la-dg-et-318-000-euros-en-remuneration-de-sortie-weykmans-est-de-retour\/\"]}]},{\"@type\":\"ImageObject\",\"inLanguage\":\"fr-BE\",\"@id\":\"https:\/\/vieassociative.be\/actualites\/apres-20-ans-en-tant-que-ministre-de-la-dg-et-318-000-euros-en-remuneration-de-sortie-weykmans-est-de-retour\/#primaryimage\",\"url\":\"https:\/\/vieassociative.be\/actualites\/wp-content\/uploads\/2025\/08\/1755202657_Apres-20-ans-en-tant-que-ministre-de-la-DG.jpg\",\"contentUrl\":\"https:\/\/vieassociative.be\/actualites\/wp-content\/uploads\/2025\/08\/1755202657_Apres-20-ans-en-tant-que-ministre-de-la-DG.jpg\",\"width\":1200,\"height\":900,\"caption\":\"Apr\u00e8s 20 ans en tant que ministre de la DG et 318 000 euros en r\u00e9mun\u00e9ration de sortie: Weykmans est de retour\"},{\"@type\":\"BreadcrumbList\",\"@id\":\"https:\/\/vieassociative.be\/actualites\/apres-20-ans-en-tant-que-ministre-de-la-dg-et-318-000-euros-en-remuneration-de-sortie-weykmans-est-de-retour\/#breadcrumb\",\"itemListElement\":[{\"@type\":\"ListItem\",\"position\":1,\"name\":\"Accueil\",\"item\":\"https:\/\/vieassociative.be\/actualites\/\"},{\"@type\":\"ListItem\",\"position\":2,\"name\":\"Apr\u00e8s 20 ans en tant que ministre de la DG et 318 000 euros en r\u00e9mun\u00e9ration de sortie: Weykmans est de retour\"}]},{\"@type\":\"WebSite\",\"@id\":\"https:\/\/vieassociative.be\/actualites\/#website\",\"url\":\"https:\/\/vieassociative.be\/actualites\/\",\"name\":\"Vie Associative\",\"description\":\"\",\"publisher\":{\"@id\":\"https:\/\/vieassociative.be\/actualites\/#organization\"},\"potentialAction\":[{\"@type\":\"SearchAction\",\"target\":{\"@type\":\"EntryPoint\",\"urlTemplate\":\"https:\/\/vieassociative.be\/actualites\/?s={search_term_string}\"},\"query-input\":{\"@type\":\"PropertyValueSpecification\",\"valueRequired\":true,\"valueName\":\"search_term_string\"}}],\"inLanguage\":\"fr-BE\"},{\"@type\":\"Organization\",\"@id\":\"https:\/\/vieassociative.be\/actualites\/#organization\",\"name\":\"Vie Associative\",\"url\":\"https:\/\/vieassociative.be\/actualites\/\",\"logo\":{\"@type\":\"ImageObject\",\"inLanguage\":\"fr-BE\",\"@id\":\"https:\/\/vieassociative.be\/actualites\/#\/schema\/logo\/image\/\",\"url\":\"https:\/\/vieassociative.be\/actualites\/wp-content\/uploads\/2024\/09\/cropped-vieassociative_favicon.ico.png\",\"contentUrl\":\"https:\/\/vieassociative.be\/actualites\/wp-content\/uploads\/2024\/09\/cropped-vieassociative_favicon.ico.png\",\"width\":512,\"height\":512,\"caption\":\"Vie Associative\"},\"image\":{\"@id\":\"https:\/\/vieassociative.be\/actualites\/#\/schema\/logo\/image\/\"}},{\"@type\":\"Person\",\"@id\":\"https:\/\/vieassociative.be\/actualites\/#\/schema\/person\/b87ac4f82f9d4e7b7cec7395b679edc4\",\"name\":\"Julien\",\"image\":{\"@type\":\"ImageObject\",\"inLanguage\":\"fr-BE\",\"@id\":\"https:\/\/vieassociative.be\/actualites\/#\/schema\/person\/image\/\",\"url\":\"https:\/\/vieassociative.be\/actualites\/wp-content\/uploads\/2024\/09\/vie-associative-1-150x150.jpg\",\"contentUrl\":\"https:\/\/vieassociative.be\/actualites\/wp-content\/uploads\/2024\/09\/vie-associative-1-150x150.jpg\",\"caption\":\"Julien\"},\"description\":\"Je suis Julien, r\u00e9dacteur pour Vie Associative. Passionn\u00e9 par le monde associatif depuis plus de 10 ans, j'ai \u00e0 c\u0153ur de partager des histoires inspirantes et de mettre en lumi\u00e8re les initiatives locales. Mon objectif est de sensibiliser et d'encourager l'engagement communautaire \u00e0 travers mes articles.\",\"sameAs\":[\"https:\/\/vieassociative.be\/\"]}]}<\/script>\n<!-- \/ Yoast SEO plugin. -->","yoast_head_json":{"title":"Apr\u00e8s 20 ans en tant que ministre de la DG et 318 000 euros en r\u00e9mun\u00e9ration de sortie: Weykmans est de retour | Vie Associative","robots":{"index":"index","follow":"follow","max-snippet":"max-snippet:-1","max-image-preview":"max-image-preview:large","max-video-preview":"max-video-preview:-1"},"canonical":"https:\/\/vieassociative.be\/actualites\/apres-20-ans-en-tant-que-ministre-de-la-dg-et-318-000-euros-en-remuneration-de-sortie-weykmans-est-de-retour\/","og_locale":"fr_FR","og_type":"article","og_title":"Apr\u00e8s 20 ans en tant que ministre de la DG et 318 000 euros en r\u00e9mun\u00e9ration de sortie: Weykmans est de retour | Vie Associative","og_description":"Le mardi dernier 12 ao\u00fbt 2025, l&rsquo;ancienne ministre des m\u00e9dias \u00e0 long terme Isabelle Weykman a pr\u00eat\u00e9 serment en tant que quatri\u00e8me membre du DG","og_url":"https:\/\/vieassociative.be\/actualites\/apres-20-ans-en-tant-que-ministre-de-la-dg-et-318-000-euros-en-remuneration-de-sortie-weykmans-est-de-retour\/","og_site_name":"Vie Associative","article_published_time":"2025-08-14T20:17:36+00:00","og_image":[{"width":279,"height":92,"url":"https:\/\/vieassociative.be\/actualites\/wp-content\/uploads\/2024\/09\/header_backgroundk-01-e1726694325946.png","type":"image\/png"}],"author":"Julien","twitter_card":"summary_large_image","twitter_misc":{"\u00c9crit par":"Julien","Dur\u00e9e de lecture est.":"2 minutes"},"schema":{"@context":"https:\/\/schema.org","@graph":[{"@type":"Article","@id":"https:\/\/vieassociative.be\/actualites\/apres-20-ans-en-tant-que-ministre-de-la-dg-et-318-000-euros-en-remuneration-de-sortie-weykmans-est-de-retour\/#article","isPartOf":{"@id":"https:\/\/vieassociative.be\/actualites\/apres-20-ans-en-tant-que-ministre-de-la-dg-et-318-000-euros-en-remuneration-de-sortie-weykmans-est-de-retour\/"},"author":{"name":"Julien","@id":"https:\/\/vieassociative.be\/actualites\/#\/schema\/person\/b87ac4f82f9d4e7b7cec7395b679edc4"},"headline":"Apr\u00e8s 20 ans en tant que ministre de la DG et 318 000 euros en r\u00e9mun\u00e9ration de sortie: Weykmans est de retour","datePublished":"2025-08-14T20:17:36+00:00","dateModified":"2025-08-14T20:17:36+00:00","mainEntityOfPage":{"@id":"https:\/\/vieassociative.be\/actualites\/apres-20-ans-en-tant-que-ministre-de-la-dg-et-318-000-euros-en-remuneration-de-sortie-weykmans-est-de-retour\/"},"wordCount":516,"publisher":{"@id":"https:\/\/vieassociative.be\/actualites\/#organization"},"image":{"@id":"https:\/\/vieassociative.be\/actualites\/apres-20-ans-en-tant-que-ministre-de-la-dg-et-318-000-euros-en-remuneration-de-sortie-weykmans-est-de-retour\/#primaryimage"},"thumbnailUrl":"https:\/\/vieassociative.be\/actualites\/wp-content\/uploads\/2025\/08\/1755202657_Apres-20-ans-en-tant-que-ministre-de-la-DG.jpg","keywords":["ans","Apr\u00e8s","est","euros","ministre","r\u00e9mun\u00e9ration","retour","Sortie","tant","Weykmans"],"articleSection":["Belgique"],"inLanguage":"fr-BE"},{"@type":"WebPage","@id":"https:\/\/vieassociative.be\/actualites\/apres-20-ans-en-tant-que-ministre-de-la-dg-et-318-000-euros-en-remuneration-de-sortie-weykmans-est-de-retour\/","url":"https:\/\/vieassociative.be\/actualites\/apres-20-ans-en-tant-que-ministre-de-la-dg-et-318-000-euros-en-remuneration-de-sortie-weykmans-est-de-retour\/","name":"Apr\u00e8s 20 ans en tant que ministre de la DG et 318 000 euros en r\u00e9mun\u00e9ration de sortie: Weykmans est de retour | Vie Associative","isPartOf":{"@id":"https:\/\/vieassociative.be\/actualites\/#website"},"primaryImageOfPage":{"@id":"https:\/\/vieassociative.be\/actualites\/apres-20-ans-en-tant-que-ministre-de-la-dg-et-318-000-euros-en-remuneration-de-sortie-weykmans-est-de-retour\/#primaryimage"},"image":{"@id":"https:\/\/vieassociative.be\/actualites\/apres-20-ans-en-tant-que-ministre-de-la-dg-et-318-000-euros-en-remuneration-de-sortie-weykmans-est-de-retour\/#primaryimage"},"thumbnailUrl":"https:\/\/vieassociative.be\/actualites\/wp-content\/uploads\/2025\/08\/1755202657_Apres-20-ans-en-tant-que-ministre-de-la-DG.jpg","datePublished":"2025-08-14T20:17:36+00:00","dateModified":"2025-08-14T20:17:36+00:00","breadcrumb":{"@id":"https:\/\/vieassociative.be\/actualites\/apres-20-ans-en-tant-que-ministre-de-la-dg-et-318-000-euros-en-remuneration-de-sortie-weykmans-est-de-retour\/#breadcrumb"},"inLanguage":"fr-BE","potentialAction":[{"@type":"ReadAction","target":["https:\/\/vieassociative.be\/actualites\/apres-20-ans-en-tant-que-ministre-de-la-dg-et-318-000-euros-en-remuneration-de-sortie-weykmans-est-de-retour\/"]}]},{"@type":"ImageObject","inLanguage":"fr-BE","@id":"https:\/\/vieassociative.be\/actualites\/apres-20-ans-en-tant-que-ministre-de-la-dg-et-318-000-euros-en-remuneration-de-sortie-weykmans-est-de-retour\/#primaryimage","url":"https:\/\/vieassociative.be\/actualites\/wp-content\/uploads\/2025\/08\/1755202657_Apres-20-ans-en-tant-que-ministre-de-la-DG.jpg","contentUrl":"https:\/\/vieassociative.be\/actualites\/wp-content\/uploads\/2025\/08\/1755202657_Apres-20-ans-en-tant-que-ministre-de-la-DG.jpg","width":1200,"height":900,"caption":"Apr\u00e8s 20 ans en tant que ministre de la DG et 318 000 euros en r\u00e9mun\u00e9ration de sortie: Weykmans est de retour"},{"@type":"BreadcrumbList","@id":"https:\/\/vieassociative.be\/actualites\/apres-20-ans-en-tant-que-ministre-de-la-dg-et-318-000-euros-en-remuneration-de-sortie-weykmans-est-de-retour\/#breadcrumb","itemListElement":[{"@type":"ListItem","position":1,"name":"Accueil","item":"https:\/\/vieassociative.be\/actualites\/"},{"@type":"ListItem","position":2,"name":"Apr\u00e8s 20 ans en tant que ministre de la DG et 318 000 euros en r\u00e9mun\u00e9ration de sortie: Weykmans est de retour"}]},{"@type":"WebSite","@id":"https:\/\/vieassociative.be\/actualites\/#website","url":"https:\/\/vieassociative.be\/actualites\/","name":"Vie Associative","description":"","publisher":{"@id":"https:\/\/vieassociative.be\/actualites\/#organization"},"potentialAction":[{"@type":"SearchAction","target":{"@type":"EntryPoint","urlTemplate":"https:\/\/vieassociative.be\/actualites\/?s={search_term_string}"},"query-input":{"@type":"PropertyValueSpecification","valueRequired":true,"valueName":"search_term_string"}}],"inLanguage":"fr-BE"},{"@type":"Organization","@id":"https:\/\/vieassociative.be\/actualites\/#organization","name":"Vie Associative","url":"https:\/\/vieassociative.be\/actualites\/","logo":{"@type":"ImageObject","inLanguage":"fr-BE","@id":"https:\/\/vieassociative.be\/actualites\/#\/schema\/logo\/image\/","url":"https:\/\/vieassociative.be\/actualites\/wp-content\/uploads\/2024\/09\/cropped-vieassociative_favicon.ico.png","contentUrl":"https:\/\/vieassociative.be\/actualites\/wp-content\/uploads\/2024\/09\/cropped-vieassociative_favicon.ico.png","width":512,"height":512,"caption":"Vie Associative"},"image":{"@id":"https:\/\/vieassociative.be\/actualites\/#\/schema\/logo\/image\/"}},{"@type":"Person","@id":"https:\/\/vieassociative.be\/actualites\/#\/schema\/person\/b87ac4f82f9d4e7b7cec7395b679edc4","name":"Julien","image":{"@type":"ImageObject","inLanguage":"fr-BE","@id":"https:\/\/vieassociative.be\/actualites\/#\/schema\/person\/image\/","url":"https:\/\/vieassociative.be\/actualites\/wp-content\/uploads\/2024\/09\/vie-associative-1-150x150.jpg","contentUrl":"https:\/\/vieassociative.be\/actualites\/wp-content\/uploads\/2024\/09\/vie-associative-1-150x150.jpg","caption":"Julien"},"description":"Je suis Julien, r\u00e9dacteur pour Vie Associative. Passionn\u00e9 par le monde associatif depuis plus de 10 ans, j'ai \u00e0 c\u0153ur de partager des histoires inspirantes et de mettre en lumi\u00e8re les initiatives locales. Mon objectif est de sensibiliser et d'encourager l'engagement communautaire \u00e0 travers mes articles.","sameAs":["https:\/\/vieassociative.be\/"]}]}},"_links":{"self":[{"href":"https:\/\/vieassociative.be\/actualites\/wp-json\/wp\/v2\/posts\/9409"}],"collection":[{"href":"https:\/\/vieassociative.be\/actualites\/wp-json\/wp\/v2\/posts"}],"about":[{"href":"https:\/\/vieassociative.be\/actualites\/wp-json\/wp\/v2\/types\/post"}],"author":[{"embeddable":true,"href":"https:\/\/vieassociative.be\/actualites\/wp-json\/wp\/v2\/users\/1"}],"replies":[{"embeddable":true,"href":"https:\/\/vieassociative.be\/actualites\/wp-json\/wp\/v2\/comments?post=9409"}],"version-history":[{"count":0,"href":"https:\/\/vieassociative.be\/actualites\/wp-json\/wp\/v2\/posts\/9409\/revisions"}],"wp:featuredmedia":[{"embeddable":true,"href":"https:\/\/vieassociative.be\/actualites\/wp-json\/wp\/v2\/media\/9410"}],"wp:attachment":[{"href":"https:\/\/vieassociative.be\/actualites\/wp-json\/wp\/v2\/media?parent=9409"}],"wp:term":[{"taxonomy":"category","embeddable":true,"href":"https:\/\/vieassociative.be\/actualites\/wp-json\/wp\/v2\/categories?post=9409"},{"taxonomy":"post_tag","embeddable":true,"href":"https:\/\/vieassociative.be\/actualites\/wp-json\/wp\/v2\/tags?post=9409"}],"curies":[{"name":"wp","href":"https:\/\/api.w.org\/{rel}","templated":true}]}}