{"id":9405,"date":"2025-08-14T20:21:01","date_gmt":"2025-08-14T18:21:01","guid":{"rendered":"https:\/\/vieassociative.be\/actualites\/vous-devez-supprimer-vos-informations-du-site-de-donnees-publiques-nationales-redemarree\/"},"modified":"2025-08-14T20:21:01","modified_gmt":"2025-08-14T18:21:01","slug":"vous-devez-supprimer-vos-informations-du-site-de-donnees-publiques-nationales-redemarree","status":"publish","type":"post","link":"https:\/\/vieassociative.be\/actualites\/vous-devez-supprimer-vos-informations-du-site-de-donnees-publiques-nationales-redemarree\/","title":{"rendered":"Vous devez supprimer vos informations du site de donn\u00e9es publiques nationales red\u00e9marr\u00e9e"},"content":{"rendered":"<div class=\"mt-4 leading-6 md:mb-8\">Au moins, les nouveaux propri\u00e9taires vous permettra de vous retirer.<\/div>\n<p><\/p>\n<p>Dans la saga sans fin de hacks et de violations de donn\u00e9es, il est pratiquement garanti qu&rsquo;au moins certaines de vos informations personnelles sont disponibles sur Internet. Mais cela ne signifie pas que vous ne devez pas prendre de mesures pour le supprimer ou le prot\u00e9ger o\u00f9 que vous le puissiez, y compris des bases de donn\u00e9es qui ont des ant\u00e9c\u00e9dents de compromis. <\/p>\n<p>National Public Data, une soci\u00e9t\u00e9 de v\u00e9rification des ant\u00e9c\u00e9dents exploit\u00e9e par Jerico Pictures Inc., a \u00e9t\u00e9 la cible d&rsquo;un hack massif au d\u00e9but de 2024, qui a conduit \u00e0 la fuite de milliards de dossiers contenant des donn\u00e9es (extraits de sources non publiques) comme les num\u00e9ros de s\u00e9curit\u00e9 sociale. <\/p>\n<p>Le site est depuis revenu sous une nouvelle propri\u00e9t\u00e9 en tant que \u00ab\u00a0moteur de recherche de personnes gratuits\u00a0\u00bb et, bien qu&rsquo;il pr\u00e9tend s&rsquo;appuyer sur des informations accessibles au public, vous pouvez toujours (et devriez) supprimer vos dossiers. Si rien d&rsquo;autre, cela signifie un endroit de moins que les gens peuvent facilement trouver votre adresse, votre num\u00e9ro de t\u00e9l\u00e9phone et d&rsquo;autres informations personnelles. <\/p>\n<div class=\"mx-auto mb-12 mt-5 w-full max-w-3xl rounded-md border-2 border-gray-100 p-3 shadow-md md:px-7 md:pb-7 md:pt-5\" id=\"related-video\">\n<div class=\"mb-3 flex items-center md:mb-5\">\n        <img decoding=\"async\" class=\"mr-4 mt-0 h-10 w-10 md:mr-5 md:h-12 md:w-12\" src=\"https:\/\/vieassociative.be\/actualites\/wp-content\/uploads\/2025\/08\/1754414314_422_Les-brins-du-NYT-daujourdhui-indiquent-et-repondent-pour-le.jpg\" alt=\"Logo Lifehacker\"><\/p><\/div>\n<div class=\"aspect-video w-full overflow-hidden rounded-md\">\n<div id=\"video-container-01K2MVZFEATQE36PDDM8HR4VCZ\"><\/div>\n<\/p><\/div>\n<\/div>\n<h2 id=\"what-happened-with-national-public-data\">Que s&rsquo;est-il pass\u00e9 avec les donn\u00e9es publiques nationales?<\/h2>\n<p>L&rsquo;ann\u00e9e derni\u00e8re, les donn\u00e9es publiques nationales ont \u00e9t\u00e9 pirat\u00e9es par un groupe connu sous le nom de USDOD, qui a par la suite publi\u00e9 2,7 milliards de dossiers vol\u00e9s contenant des donn\u00e9es sensibles de personnes aux \u00c9tats-Unis, au Royaume-Uni et au Canada. Jerico Pictures Inc. a fait l&rsquo;objet de plusieurs recours collectifs et a ensuite d\u00e9pos\u00e9 un bilan, apr\u00e8s quoi il a ferm\u00e9 les donn\u00e9es publiques nationales. <\/p>\n<p>Comme le rapporte PCMAG, le site a r\u00e9cemment refait surface et est toujours marqu\u00e9 en tant que donn\u00e9es publiques nationales, bien qu&rsquo;elle soit d\u00e9sormais enregistr\u00e9e aupr\u00e8s d&rsquo;une soci\u00e9t\u00e9 bas\u00e9e en Floride appel\u00e9e Perfect Privacy LLC, qui fournit un enregistrement de domaine anonyme. La page d\u00e9taillant la violation de la s\u00e9curit\u00e9 est toujours en direct. <\/p>\n<p>Les donn\u00e9es publiques nationales vous permettent d\u00e9sormais de rechercher des informations \u00e0 partir de bases de donn\u00e9es couvrant tout, de la faillite aux casiers judiciaires \u00e0 l&rsquo;enregistrement des \u00e9lecteurs. Selon la page About US, cela comprend \u00ab\u00a0les agences gouvernementales f\u00e9d\u00e9rales, \u00e9tatiques et locales, les pages de m\u00e9dias sociaux, les bases de donn\u00e9es de propri\u00e9t\u00e9 et d&rsquo;autres plateformes fiables\u00a0\u00bb. Vous pouvez saisir un nom, une ville et un \u00e9tat pour obtenir des dossiers pour un individu s&rsquo;ils sont couverts par ce \u00e0 quoi les donn\u00e9es publiques nationales ont acc\u00e8s. <\/p>\n<h2 id=\"how-to-remove-your-records-from-national-public-data\">Comment supprimer vos dossiers des donn\u00e9es publiques nationales <\/h2>\n<p>M\u00eame si les informations compil\u00e9es par les donn\u00e9es publiques nationales sont publiques <em>quelque part<\/em>vous devriez toujours vous retirer de l&rsquo;inclusion de vos dossiers dans la recherche du site. Le site red\u00e9marr\u00e9 vous permet de supprimer vos informations via un formulaire de retrait. <\/p>\n<p>Tout ce que vous avez \u00e0 faire est de rechercher votre profil sur la page principale du site, de copier l&rsquo;URL, de le coller dans le formulaire de d\u00e9sactivation et de cliquer sur le bouton \u00ab\u00a0Retirer le suppression\u00a0\u00bb. Vous devrez alors fournir votre e-mail et confirmer votre demande. <\/p>\n","protected":false},"excerpt":{"rendered":"<p>Au moins, les nouveaux propri\u00e9taires vous permettra de vous retirer. Dans la saga sans fin de hacks et de violations de donn\u00e9es, il est pratiquement<\/p>\n","protected":false},"author":1,"featured_media":9406,"comment_status":"","ping_status":"","sticky":false,"template":"","format":"standard","meta":{"footnotes":""},"categories":[13],"tags":[1086,154,86,7420,8159,8160,5577,1200,27,4],"class_list":["post-9405","post","type-post","status-publish","format-standard","has-post-thumbnail","hentry","category-technologie","tag-devez","tag-donnees","tag-informations","tag-nationales","tag-publiques","tag-redemarree","tag-site","tag-supprimer","tag-vos","tag-vous","generate-columns","tablet-grid-50","mobile-grid-100","grid-parent","grid-33"],"yoast_head":"<!-- This site is optimized with the Yoast SEO plugin v24.0 - https:\/\/yoast.com\/wordpress\/plugins\/seo\/ -->\n<title>Vous devez supprimer vos informations du site de donn\u00e9es publiques nationales red\u00e9marr\u00e9e | Vie Associative<\/title>\n<meta name=\"robots\" content=\"index, follow, max-snippet:-1, max-image-preview:large, max-video-preview:-1\" \/>\n<link rel=\"canonical\" href=\"https:\/\/vieassociative.be\/actualites\/vous-devez-supprimer-vos-informations-du-site-de-donnees-publiques-nationales-redemarree\/\" \/>\n<meta property=\"og:locale\" content=\"fr_FR\" \/>\n<meta property=\"og:type\" content=\"article\" \/>\n<meta property=\"og:title\" content=\"Vous devez supprimer vos informations du site de donn\u00e9es publiques nationales red\u00e9marr\u00e9e | Vie Associative\" \/>\n<meta property=\"og:description\" content=\"Au moins, les nouveaux propri\u00e9taires vous permettra de vous retirer. Dans la saga sans fin de hacks et de violations de donn\u00e9es, il est pratiquement\" \/>\n<meta property=\"og:url\" content=\"https:\/\/vieassociative.be\/actualites\/vous-devez-supprimer-vos-informations-du-site-de-donnees-publiques-nationales-redemarree\/\" \/>\n<meta property=\"og:site_name\" content=\"Vie Associative\" \/>\n<meta property=\"article:published_time\" content=\"2025-08-14T18:21:01+00:00\" \/>\n<meta property=\"og:image\" content=\"https:\/\/vieassociative.be\/actualites\/wp-content\/uploads\/2025\/08\/1754414314_422_Les-brins-du-NYT-daujourdhui-indiquent-et-repondent-pour-le.jpg\" \/>\n<meta name=\"author\" content=\"Julien\" \/>\n<meta name=\"twitter:card\" content=\"summary_large_image\" \/>\n<meta name=\"twitter:label1\" content=\"\u00c9crit par\" \/>\n\t<meta name=\"twitter:data1\" content=\"Julien\" \/>\n\t<meta name=\"twitter:label2\" content=\"Dur\u00e9e de lecture est.\" \/>\n\t<meta name=\"twitter:data2\" content=\"3 minutes\" \/>\n<script type=\"application\/ld+json\" class=\"yoast-schema-graph\">{\"@context\":\"https:\/\/schema.org\",\"@graph\":[{\"@type\":\"Article\",\"@id\":\"https:\/\/vieassociative.be\/actualites\/vous-devez-supprimer-vos-informations-du-site-de-donnees-publiques-nationales-redemarree\/#article\",\"isPartOf\":{\"@id\":\"https:\/\/vieassociative.be\/actualites\/vous-devez-supprimer-vos-informations-du-site-de-donnees-publiques-nationales-redemarree\/\"},\"author\":{\"name\":\"Julien\",\"@id\":\"https:\/\/vieassociative.be\/actualites\/#\/schema\/person\/b87ac4f82f9d4e7b7cec7395b679edc4\"},\"headline\":\"Vous devez supprimer vos informations du site de donn\u00e9es publiques nationales red\u00e9marr\u00e9e\",\"datePublished\":\"2025-08-14T18:21:01+00:00\",\"dateModified\":\"2025-08-14T18:21:01+00:00\",\"mainEntityOfPage\":{\"@id\":\"https:\/\/vieassociative.be\/actualites\/vous-devez-supprimer-vos-informations-du-site-de-donnees-publiques-nationales-redemarree\/\"},\"wordCount\":579,\"publisher\":{\"@id\":\"https:\/\/vieassociative.be\/actualites\/#organization\"},\"image\":{\"@id\":\"https:\/\/vieassociative.be\/actualites\/vous-devez-supprimer-vos-informations-du-site-de-donnees-publiques-nationales-redemarree\/#primaryimage\"},\"thumbnailUrl\":\"https:\/\/vieassociative.be\/actualites\/wp-content\/uploads\/2025\/08\/Vous-devez-supprimer-vos-informations-du-site-de-donnees-publiques.jpg\",\"keywords\":[\"devez\",\"donn\u00e9es\",\"informations\",\"nationales\",\"publiques\",\"red\u00e9marr\u00e9e\",\"site\",\"supprimer\",\"vos\",\"Vous\"],\"articleSection\":[\"Technologie\"],\"inLanguage\":\"fr-BE\"},{\"@type\":\"WebPage\",\"@id\":\"https:\/\/vieassociative.be\/actualites\/vous-devez-supprimer-vos-informations-du-site-de-donnees-publiques-nationales-redemarree\/\",\"url\":\"https:\/\/vieassociative.be\/actualites\/vous-devez-supprimer-vos-informations-du-site-de-donnees-publiques-nationales-redemarree\/\",\"name\":\"Vous devez supprimer vos informations du site de donn\u00e9es publiques nationales red\u00e9marr\u00e9e | Vie Associative\",\"isPartOf\":{\"@id\":\"https:\/\/vieassociative.be\/actualites\/#website\"},\"primaryImageOfPage\":{\"@id\":\"https:\/\/vieassociative.be\/actualites\/vous-devez-supprimer-vos-informations-du-site-de-donnees-publiques-nationales-redemarree\/#primaryimage\"},\"image\":{\"@id\":\"https:\/\/vieassociative.be\/actualites\/vous-devez-supprimer-vos-informations-du-site-de-donnees-publiques-nationales-redemarree\/#primaryimage\"},\"thumbnailUrl\":\"https:\/\/vieassociative.be\/actualites\/wp-content\/uploads\/2025\/08\/Vous-devez-supprimer-vos-informations-du-site-de-donnees-publiques.jpg\",\"datePublished\":\"2025-08-14T18:21:01+00:00\",\"dateModified\":\"2025-08-14T18:21:01+00:00\",\"breadcrumb\":{\"@id\":\"https:\/\/vieassociative.be\/actualites\/vous-devez-supprimer-vos-informations-du-site-de-donnees-publiques-nationales-redemarree\/#breadcrumb\"},\"inLanguage\":\"fr-BE\",\"potentialAction\":[{\"@type\":\"ReadAction\",\"target\":[\"https:\/\/vieassociative.be\/actualites\/vous-devez-supprimer-vos-informations-du-site-de-donnees-publiques-nationales-redemarree\/\"]}]},{\"@type\":\"ImageObject\",\"inLanguage\":\"fr-BE\",\"@id\":\"https:\/\/vieassociative.be\/actualites\/vous-devez-supprimer-vos-informations-du-site-de-donnees-publiques-nationales-redemarree\/#primaryimage\",\"url\":\"https:\/\/vieassociative.be\/actualites\/wp-content\/uploads\/2025\/08\/Vous-devez-supprimer-vos-informations-du-site-de-donnees-publiques.jpg\",\"contentUrl\":\"https:\/\/vieassociative.be\/actualites\/wp-content\/uploads\/2025\/08\/Vous-devez-supprimer-vos-informations-du-site-de-donnees-publiques.jpg\",\"width\":1200,\"height\":675,\"caption\":\"Vous devez supprimer vos informations du site de donn\u00e9es publiques nationales red\u00e9marr\u00e9e\"},{\"@type\":\"BreadcrumbList\",\"@id\":\"https:\/\/vieassociative.be\/actualites\/vous-devez-supprimer-vos-informations-du-site-de-donnees-publiques-nationales-redemarree\/#breadcrumb\",\"itemListElement\":[{\"@type\":\"ListItem\",\"position\":1,\"name\":\"Accueil\",\"item\":\"https:\/\/vieassociative.be\/actualites\/\"},{\"@type\":\"ListItem\",\"position\":2,\"name\":\"Vous devez supprimer vos informations du site de donn\u00e9es publiques nationales red\u00e9marr\u00e9e\"}]},{\"@type\":\"WebSite\",\"@id\":\"https:\/\/vieassociative.be\/actualites\/#website\",\"url\":\"https:\/\/vieassociative.be\/actualites\/\",\"name\":\"Vie Associative\",\"description\":\"\",\"publisher\":{\"@id\":\"https:\/\/vieassociative.be\/actualites\/#organization\"},\"potentialAction\":[{\"@type\":\"SearchAction\",\"target\":{\"@type\":\"EntryPoint\",\"urlTemplate\":\"https:\/\/vieassociative.be\/actualites\/?s={search_term_string}\"},\"query-input\":{\"@type\":\"PropertyValueSpecification\",\"valueRequired\":true,\"valueName\":\"search_term_string\"}}],\"inLanguage\":\"fr-BE\"},{\"@type\":\"Organization\",\"@id\":\"https:\/\/vieassociative.be\/actualites\/#organization\",\"name\":\"Vie Associative\",\"url\":\"https:\/\/vieassociative.be\/actualites\/\",\"logo\":{\"@type\":\"ImageObject\",\"inLanguage\":\"fr-BE\",\"@id\":\"https:\/\/vieassociative.be\/actualites\/#\/schema\/logo\/image\/\",\"url\":\"https:\/\/vieassociative.be\/actualites\/wp-content\/uploads\/2024\/09\/cropped-vieassociative_favicon.ico.png\",\"contentUrl\":\"https:\/\/vieassociative.be\/actualites\/wp-content\/uploads\/2024\/09\/cropped-vieassociative_favicon.ico.png\",\"width\":512,\"height\":512,\"caption\":\"Vie Associative\"},\"image\":{\"@id\":\"https:\/\/vieassociative.be\/actualites\/#\/schema\/logo\/image\/\"}},{\"@type\":\"Person\",\"@id\":\"https:\/\/vieassociative.be\/actualites\/#\/schema\/person\/b87ac4f82f9d4e7b7cec7395b679edc4\",\"name\":\"Julien\",\"image\":{\"@type\":\"ImageObject\",\"inLanguage\":\"fr-BE\",\"@id\":\"https:\/\/vieassociative.be\/actualites\/#\/schema\/person\/image\/\",\"url\":\"https:\/\/vieassociative.be\/actualites\/wp-content\/uploads\/2024\/09\/vie-associative-1-150x150.jpg\",\"contentUrl\":\"https:\/\/vieassociative.be\/actualites\/wp-content\/uploads\/2024\/09\/vie-associative-1-150x150.jpg\",\"caption\":\"Julien\"},\"description\":\"Je suis Julien, r\u00e9dacteur pour Vie Associative. Passionn\u00e9 par le monde associatif depuis plus de 10 ans, j'ai \u00e0 c\u0153ur de partager des histoires inspirantes et de mettre en lumi\u00e8re les initiatives locales. Mon objectif est de sensibiliser et d'encourager l'engagement communautaire \u00e0 travers mes articles.\",\"sameAs\":[\"https:\/\/vieassociative.be\/\"]}]}<\/script>\n<!-- \/ Yoast SEO plugin. -->","yoast_head_json":{"title":"Vous devez supprimer vos informations du site de donn\u00e9es publiques nationales red\u00e9marr\u00e9e | Vie Associative","robots":{"index":"index","follow":"follow","max-snippet":"max-snippet:-1","max-image-preview":"max-image-preview:large","max-video-preview":"max-video-preview:-1"},"canonical":"https:\/\/vieassociative.be\/actualites\/vous-devez-supprimer-vos-informations-du-site-de-donnees-publiques-nationales-redemarree\/","og_locale":"fr_FR","og_type":"article","og_title":"Vous devez supprimer vos informations du site de donn\u00e9es publiques nationales red\u00e9marr\u00e9e | Vie Associative","og_description":"Au moins, les nouveaux propri\u00e9taires vous permettra de vous retirer. Dans la saga sans fin de hacks et de violations de donn\u00e9es, il est pratiquement","og_url":"https:\/\/vieassociative.be\/actualites\/vous-devez-supprimer-vos-informations-du-site-de-donnees-publiques-nationales-redemarree\/","og_site_name":"Vie Associative","article_published_time":"2025-08-14T18:21:01+00:00","og_image":[{"url":"https:\/\/vieassociative.be\/actualites\/wp-content\/uploads\/2025\/08\/1754414314_422_Les-brins-du-NYT-daujourdhui-indiquent-et-repondent-pour-le.jpg","type":"","width":"","height":""}],"author":"Julien","twitter_card":"summary_large_image","twitter_misc":{"\u00c9crit par":"Julien","Dur\u00e9e de lecture est.":"3 minutes"},"schema":{"@context":"https:\/\/schema.org","@graph":[{"@type":"Article","@id":"https:\/\/vieassociative.be\/actualites\/vous-devez-supprimer-vos-informations-du-site-de-donnees-publiques-nationales-redemarree\/#article","isPartOf":{"@id":"https:\/\/vieassociative.be\/actualites\/vous-devez-supprimer-vos-informations-du-site-de-donnees-publiques-nationales-redemarree\/"},"author":{"name":"Julien","@id":"https:\/\/vieassociative.be\/actualites\/#\/schema\/person\/b87ac4f82f9d4e7b7cec7395b679edc4"},"headline":"Vous devez supprimer vos informations du site de donn\u00e9es publiques nationales red\u00e9marr\u00e9e","datePublished":"2025-08-14T18:21:01+00:00","dateModified":"2025-08-14T18:21:01+00:00","mainEntityOfPage":{"@id":"https:\/\/vieassociative.be\/actualites\/vous-devez-supprimer-vos-informations-du-site-de-donnees-publiques-nationales-redemarree\/"},"wordCount":579,"publisher":{"@id":"https:\/\/vieassociative.be\/actualites\/#organization"},"image":{"@id":"https:\/\/vieassociative.be\/actualites\/vous-devez-supprimer-vos-informations-du-site-de-donnees-publiques-nationales-redemarree\/#primaryimage"},"thumbnailUrl":"https:\/\/vieassociative.be\/actualites\/wp-content\/uploads\/2025\/08\/Vous-devez-supprimer-vos-informations-du-site-de-donnees-publiques.jpg","keywords":["devez","donn\u00e9es","informations","nationales","publiques","red\u00e9marr\u00e9e","site","supprimer","vos","Vous"],"articleSection":["Technologie"],"inLanguage":"fr-BE"},{"@type":"WebPage","@id":"https:\/\/vieassociative.be\/actualites\/vous-devez-supprimer-vos-informations-du-site-de-donnees-publiques-nationales-redemarree\/","url":"https:\/\/vieassociative.be\/actualites\/vous-devez-supprimer-vos-informations-du-site-de-donnees-publiques-nationales-redemarree\/","name":"Vous devez supprimer vos informations du site de donn\u00e9es publiques nationales red\u00e9marr\u00e9e | Vie Associative","isPartOf":{"@id":"https:\/\/vieassociative.be\/actualites\/#website"},"primaryImageOfPage":{"@id":"https:\/\/vieassociative.be\/actualites\/vous-devez-supprimer-vos-informations-du-site-de-donnees-publiques-nationales-redemarree\/#primaryimage"},"image":{"@id":"https:\/\/vieassociative.be\/actualites\/vous-devez-supprimer-vos-informations-du-site-de-donnees-publiques-nationales-redemarree\/#primaryimage"},"thumbnailUrl":"https:\/\/vieassociative.be\/actualites\/wp-content\/uploads\/2025\/08\/Vous-devez-supprimer-vos-informations-du-site-de-donnees-publiques.jpg","datePublished":"2025-08-14T18:21:01+00:00","dateModified":"2025-08-14T18:21:01+00:00","breadcrumb":{"@id":"https:\/\/vieassociative.be\/actualites\/vous-devez-supprimer-vos-informations-du-site-de-donnees-publiques-nationales-redemarree\/#breadcrumb"},"inLanguage":"fr-BE","potentialAction":[{"@type":"ReadAction","target":["https:\/\/vieassociative.be\/actualites\/vous-devez-supprimer-vos-informations-du-site-de-donnees-publiques-nationales-redemarree\/"]}]},{"@type":"ImageObject","inLanguage":"fr-BE","@id":"https:\/\/vieassociative.be\/actualites\/vous-devez-supprimer-vos-informations-du-site-de-donnees-publiques-nationales-redemarree\/#primaryimage","url":"https:\/\/vieassociative.be\/actualites\/wp-content\/uploads\/2025\/08\/Vous-devez-supprimer-vos-informations-du-site-de-donnees-publiques.jpg","contentUrl":"https:\/\/vieassociative.be\/actualites\/wp-content\/uploads\/2025\/08\/Vous-devez-supprimer-vos-informations-du-site-de-donnees-publiques.jpg","width":1200,"height":675,"caption":"Vous devez supprimer vos informations du site de donn\u00e9es publiques nationales red\u00e9marr\u00e9e"},{"@type":"BreadcrumbList","@id":"https:\/\/vieassociative.be\/actualites\/vous-devez-supprimer-vos-informations-du-site-de-donnees-publiques-nationales-redemarree\/#breadcrumb","itemListElement":[{"@type":"ListItem","position":1,"name":"Accueil","item":"https:\/\/vieassociative.be\/actualites\/"},{"@type":"ListItem","position":2,"name":"Vous devez supprimer vos informations du site de donn\u00e9es publiques nationales red\u00e9marr\u00e9e"}]},{"@type":"WebSite","@id":"https:\/\/vieassociative.be\/actualites\/#website","url":"https:\/\/vieassociative.be\/actualites\/","name":"Vie Associative","description":"","publisher":{"@id":"https:\/\/vieassociative.be\/actualites\/#organization"},"potentialAction":[{"@type":"SearchAction","target":{"@type":"EntryPoint","urlTemplate":"https:\/\/vieassociative.be\/actualites\/?s={search_term_string}"},"query-input":{"@type":"PropertyValueSpecification","valueRequired":true,"valueName":"search_term_string"}}],"inLanguage":"fr-BE"},{"@type":"Organization","@id":"https:\/\/vieassociative.be\/actualites\/#organization","name":"Vie Associative","url":"https:\/\/vieassociative.be\/actualites\/","logo":{"@type":"ImageObject","inLanguage":"fr-BE","@id":"https:\/\/vieassociative.be\/actualites\/#\/schema\/logo\/image\/","url":"https:\/\/vieassociative.be\/actualites\/wp-content\/uploads\/2024\/09\/cropped-vieassociative_favicon.ico.png","contentUrl":"https:\/\/vieassociative.be\/actualites\/wp-content\/uploads\/2024\/09\/cropped-vieassociative_favicon.ico.png","width":512,"height":512,"caption":"Vie Associative"},"image":{"@id":"https:\/\/vieassociative.be\/actualites\/#\/schema\/logo\/image\/"}},{"@type":"Person","@id":"https:\/\/vieassociative.be\/actualites\/#\/schema\/person\/b87ac4f82f9d4e7b7cec7395b679edc4","name":"Julien","image":{"@type":"ImageObject","inLanguage":"fr-BE","@id":"https:\/\/vieassociative.be\/actualites\/#\/schema\/person\/image\/","url":"https:\/\/vieassociative.be\/actualites\/wp-content\/uploads\/2024\/09\/vie-associative-1-150x150.jpg","contentUrl":"https:\/\/vieassociative.be\/actualites\/wp-content\/uploads\/2024\/09\/vie-associative-1-150x150.jpg","caption":"Julien"},"description":"Je suis Julien, r\u00e9dacteur pour Vie Associative. Passionn\u00e9 par le monde associatif depuis plus de 10 ans, j'ai \u00e0 c\u0153ur de partager des histoires inspirantes et de mettre en lumi\u00e8re les initiatives locales. Mon objectif est de sensibiliser et d'encourager l'engagement communautaire \u00e0 travers mes articles.","sameAs":["https:\/\/vieassociative.be\/"]}]}},"_links":{"self":[{"href":"https:\/\/vieassociative.be\/actualites\/wp-json\/wp\/v2\/posts\/9405"}],"collection":[{"href":"https:\/\/vieassociative.be\/actualites\/wp-json\/wp\/v2\/posts"}],"about":[{"href":"https:\/\/vieassociative.be\/actualites\/wp-json\/wp\/v2\/types\/post"}],"author":[{"embeddable":true,"href":"https:\/\/vieassociative.be\/actualites\/wp-json\/wp\/v2\/users\/1"}],"replies":[{"embeddable":true,"href":"https:\/\/vieassociative.be\/actualites\/wp-json\/wp\/v2\/comments?post=9405"}],"version-history":[{"count":0,"href":"https:\/\/vieassociative.be\/actualites\/wp-json\/wp\/v2\/posts\/9405\/revisions"}],"wp:featuredmedia":[{"embeddable":true,"href":"https:\/\/vieassociative.be\/actualites\/wp-json\/wp\/v2\/media\/9406"}],"wp:attachment":[{"href":"https:\/\/vieassociative.be\/actualites\/wp-json\/wp\/v2\/media?parent=9405"}],"wp:term":[{"taxonomy":"category","embeddable":true,"href":"https:\/\/vieassociative.be\/actualites\/wp-json\/wp\/v2\/categories?post=9405"},{"taxonomy":"post_tag","embeddable":true,"href":"https:\/\/vieassociative.be\/actualites\/wp-json\/wp\/v2\/tags?post=9405"}],"curies":[{"name":"wp","href":"https:\/\/api.w.org\/{rel}","templated":true}]}}