{"id":9401,"date":"2025-08-14T16:17:07","date_gmt":"2025-08-14T14:17:07","guid":{"rendered":"https:\/\/vieassociative.be\/actualites\/42-des-conducteurs-belges-se-depassent-sans-usage-du-signal-de-virage\/"},"modified":"2025-08-14T16:17:07","modified_gmt":"2025-08-14T14:17:07","slug":"42-des-conducteurs-belges-se-depassent-sans-usage-du-signal-de-virage","status":"publish","type":"post","link":"https:\/\/vieassociative.be\/actualites\/42-des-conducteurs-belges-se-depassent-sans-usage-du-signal-de-virage\/","title":{"rendered":"42% des conducteurs belges se d\u00e9passent sans usage du signal de virage"},"content":{"rendered":"<p><strong>D\u00e9cidez-vous parfois de ne pas flasher lorsque vous tournez? La soci\u00e9t\u00e9 fran\u00e7aise Vinci Autoroutes a pos\u00e9 cette question dans onze pays europ\u00e9ens, y compris en Belgique. Avec des r\u00e9sultats surprenants.<\/strong><\/p>\n<p><span id=\"more-422373\"><\/span>Vinci Autoroutes est le plus grand op\u00e9rateur d&rsquo;autoroute de France. La soci\u00e9t\u00e9 appartient au groupe Vinci et exploite environ 4 443 km autoroutes \u00e0 p\u00e9age dans le cadre de contrats de concession \u00e0 long terme avec l&rsquo;\u00c9tat fran\u00e7ais.<\/p>\n<p>Selon les r\u00e9sultats de l&rsquo;enqu\u00eate publi\u00e9s dans notre pays de l&rsquo;Institut via en Belgique, 42% des personnes interrog\u00e9es ont affirm\u00e9 qu&rsquo;ils d\u00e9cidaient parfois de ne pas utiliser l&rsquo;indicateur lors de la tournure. <\/p>\n<p>\u00c0 47%, les Fran\u00e7ais sont encore pires que nous les Belges, tout comme les Britanniques (46%) et les Grecs (45%). La Belgique est \u00e0 \u00e9galit\u00e9 avec la Su\u00e8de et les Pays-Bas. Les meilleurs \u00e9l\u00e8ves de la classe sont les Slovaques (31%) et les Polonais (37%).<\/p>\n<p>Pour raison, les Belges (47%) indiquent qu&rsquo;ils consid\u00e8rent cette r\u00e8gle inutile dans leur situation. 22% se r\u00e9f\u00e8rent \u00e0 leur exp\u00e9rience sur le volant et croient donc qu&rsquo;ils ne mettent en danger personne. Chaque cinqui\u00e8me (20%) dit que les autres \u00ab\u00a0verront que je tourne\u00a0\u00bb. Et enfin, 15 pour cent se passent sans clignoter car ils ne risquent pas une amende.<\/p>\n<div id=\"attachment_422381\" class=\"wp-caption alignleft\" style=\"max-width: 300px\"><img fetchpriority=\"high\" decoding=\"async\" class=\"wp-image-422381 size-medium\" src=\"https:\/\/vieassociative.be\/actualites\/wp-content\/uploads\/2025\/08\/42-des-conducteurs-belges-se-depassent-sans-usage-du-signal.jpg\" alt=\"\" width=\"300\" height=\"221\"><\/div>\n<p>\u00ab\u00a0En Belgique, la proportion de conducteurs qui conduisent au manque de sanctions est le plus \u00e9lev\u00e9. La moyenne europ\u00e9enne est de 12%\u00a0\u00bb, souligne Beno\u00eet Godart, porte-parole de l&rsquo;Institut via.<\/p>\n<p>L&rsquo;Institut de s\u00e9curit\u00e9 dans la circulation routi\u00e8re avait d\u00e9j\u00e0 r\u00e9alis\u00e9 une \u00e9tude pour ne pas utiliser l&rsquo;indicateur en 2022. Pr\u00e8s de deux des trois conducteurs (63%) ont d\u00e9crit ce comportement comme le plus ennuyeux des zones m\u00e9tropolitaines. \u00ab\u00a0En bref, le cadre des Belges aux clignoteurs est paradoxal\u00a0\u00bb, mon Godart est paradoxal.<\/p>\n<p>Si vous demandez aux conducteurs pourquoi ils adh\u00e8rent aux r\u00e8gles de la circulation, 21% des Belges \u00ab\u00a0pour \u00e9viter une amende\u00a0\u00bb. Il s&rsquo;agit du pourcentage le plus \u00e9lev\u00e9 parmi les pays europ\u00e9ens participants. En revanche, seulement 12% des Belges indiquent cela pour prot\u00e9ger les autres usagers de la route. C&rsquo;est \u00e0 moiti\u00e9 autant que au Royaume-Uni (24%) et nettement moins que sur la moyenne europ\u00e9enne (18%).<\/p>\n<p>En plus du klaxon, le signal de virage est le seul moyen avec lequel les conducteurs peuvent signaler leurs intentions. \u00ab\u00a0L&rsquo;utiliser signifie \u00e9galement assurer votre propre s\u00e9curit\u00e9 et celle des autres. Cependant, vous n&rsquo;avez pas \u00e0 couvrir une longue distance pour d\u00e9terminer que l&rsquo;indicateur est rarement utilis\u00e9. Qu&rsquo;y a-t-il des choses plus ennuyeuses que de devoir attendre \u00e0 un croisement entre les deux parce que le conducteur n&rsquo;a pas mis le signal de virage sur la rue Cross\u00a0\u00bb, explique Godart. (Cre)<\/p>\n","protected":false},"excerpt":{"rendered":"<p>D\u00e9cidez-vous parfois de ne pas flasher lorsque vous tournez? La soci\u00e9t\u00e9 fran\u00e7aise Vinci Autoroutes a pos\u00e9 cette question dans onze pays europ\u00e9ens, y compris en<\/p>\n","protected":false},"author":1,"featured_media":9402,"comment_status":"","ping_status":"","sticky":false,"template":"","format":"standard","meta":{"footnotes":""},"categories":[298],"tags":[397,4360,8156,29,130,4746,8157,8158],"class_list":["post-9401","post","type-post","status-publish","format-standard","has-post-thumbnail","hentry","category-belgique","tag-belges","tag-conducteurs","tag-depassent","tag-des","tag-sans","tag-signal","tag-usage","tag-virage","generate-columns","tablet-grid-50","mobile-grid-100","grid-parent","grid-33"],"yoast_head":"<!-- This site is optimized with the Yoast SEO plugin v24.0 - https:\/\/yoast.com\/wordpress\/plugins\/seo\/ -->\n<title>42% des conducteurs belges se d\u00e9passent sans usage du signal de virage | Vie Associative<\/title>\n<meta name=\"robots\" content=\"index, follow, max-snippet:-1, max-image-preview:large, max-video-preview:-1\" \/>\n<link rel=\"canonical\" href=\"https:\/\/vieassociative.be\/actualites\/42-des-conducteurs-belges-se-depassent-sans-usage-du-signal-de-virage\/\" \/>\n<meta property=\"og:locale\" content=\"fr_FR\" \/>\n<meta property=\"og:type\" content=\"article\" \/>\n<meta property=\"og:title\" content=\"42% des conducteurs belges se d\u00e9passent sans usage du signal de virage | Vie Associative\" \/>\n<meta property=\"og:description\" content=\"D\u00e9cidez-vous parfois de ne pas flasher lorsque vous tournez? La soci\u00e9t\u00e9 fran\u00e7aise Vinci Autoroutes a pos\u00e9 cette question dans onze pays europ\u00e9ens, y compris en\" \/>\n<meta property=\"og:url\" content=\"https:\/\/vieassociative.be\/actualites\/42-des-conducteurs-belges-se-depassent-sans-usage-du-signal-de-virage\/\" \/>\n<meta property=\"og:site_name\" content=\"Vie Associative\" \/>\n<meta property=\"article:published_time\" content=\"2025-08-14T14:17:07+00:00\" \/>\n<meta property=\"og:image\" content=\"https:\/\/vieassociative.be\/actualites\/wp-content\/uploads\/2024\/09\/header_backgroundk-01-e1726694325946.png\" \/>\n\t<meta property=\"og:image:width\" content=\"279\" \/>\n\t<meta property=\"og:image:height\" content=\"92\" \/>\n\t<meta property=\"og:image:type\" content=\"image\/png\" \/>\n<meta name=\"author\" content=\"Julien\" \/>\n<meta name=\"twitter:card\" content=\"summary_large_image\" \/>\n<meta name=\"twitter:label1\" content=\"\u00c9crit par\" \/>\n\t<meta name=\"twitter:data1\" content=\"Julien\" \/>\n\t<meta name=\"twitter:label2\" content=\"Dur\u00e9e de lecture est.\" \/>\n\t<meta name=\"twitter:data2\" content=\"2 minutes\" \/>\n<script type=\"application\/ld+json\" class=\"yoast-schema-graph\">{\"@context\":\"https:\/\/schema.org\",\"@graph\":[{\"@type\":\"Article\",\"@id\":\"https:\/\/vieassociative.be\/actualites\/42-des-conducteurs-belges-se-depassent-sans-usage-du-signal-de-virage\/#article\",\"isPartOf\":{\"@id\":\"https:\/\/vieassociative.be\/actualites\/42-des-conducteurs-belges-se-depassent-sans-usage-du-signal-de-virage\/\"},\"author\":{\"name\":\"Julien\",\"@id\":\"https:\/\/vieassociative.be\/actualites\/#\/schema\/person\/b87ac4f82f9d4e7b7cec7395b679edc4\"},\"headline\":\"42% des conducteurs belges se d\u00e9passent sans usage du signal de virage\",\"datePublished\":\"2025-08-14T14:17:07+00:00\",\"dateModified\":\"2025-08-14T14:17:07+00:00\",\"mainEntityOfPage\":{\"@id\":\"https:\/\/vieassociative.be\/actualites\/42-des-conducteurs-belges-se-depassent-sans-usage-du-signal-de-virage\/\"},\"wordCount\":472,\"publisher\":{\"@id\":\"https:\/\/vieassociative.be\/actualites\/#organization\"},\"image\":{\"@id\":\"https:\/\/vieassociative.be\/actualites\/42-des-conducteurs-belges-se-depassent-sans-usage-du-signal-de-virage\/#primaryimage\"},\"thumbnailUrl\":\"https:\/\/vieassociative.be\/actualites\/wp-content\/uploads\/2025\/08\/1755181027_42-des-conducteurs-belges-se-depassent-sans-usage-du-signal.jpg\",\"keywords\":[\"Belges\",\"conducteurs\",\"d\u00e9passent\",\"Des\",\"sans\",\"signal\",\"usage\",\"virage\"],\"articleSection\":[\"Belgique\"],\"inLanguage\":\"fr-BE\"},{\"@type\":\"WebPage\",\"@id\":\"https:\/\/vieassociative.be\/actualites\/42-des-conducteurs-belges-se-depassent-sans-usage-du-signal-de-virage\/\",\"url\":\"https:\/\/vieassociative.be\/actualites\/42-des-conducteurs-belges-se-depassent-sans-usage-du-signal-de-virage\/\",\"name\":\"42% des conducteurs belges se d\u00e9passent sans usage du signal de virage | Vie Associative\",\"isPartOf\":{\"@id\":\"https:\/\/vieassociative.be\/actualites\/#website\"},\"primaryImageOfPage\":{\"@id\":\"https:\/\/vieassociative.be\/actualites\/42-des-conducteurs-belges-se-depassent-sans-usage-du-signal-de-virage\/#primaryimage\"},\"image\":{\"@id\":\"https:\/\/vieassociative.be\/actualites\/42-des-conducteurs-belges-se-depassent-sans-usage-du-signal-de-virage\/#primaryimage\"},\"thumbnailUrl\":\"https:\/\/vieassociative.be\/actualites\/wp-content\/uploads\/2025\/08\/1755181027_42-des-conducteurs-belges-se-depassent-sans-usage-du-signal.jpg\",\"datePublished\":\"2025-08-14T14:17:07+00:00\",\"dateModified\":\"2025-08-14T14:17:07+00:00\",\"breadcrumb\":{\"@id\":\"https:\/\/vieassociative.be\/actualites\/42-des-conducteurs-belges-se-depassent-sans-usage-du-signal-de-virage\/#breadcrumb\"},\"inLanguage\":\"fr-BE\",\"potentialAction\":[{\"@type\":\"ReadAction\",\"target\":[\"https:\/\/vieassociative.be\/actualites\/42-des-conducteurs-belges-se-depassent-sans-usage-du-signal-de-virage\/\"]}]},{\"@type\":\"ImageObject\",\"inLanguage\":\"fr-BE\",\"@id\":\"https:\/\/vieassociative.be\/actualites\/42-des-conducteurs-belges-se-depassent-sans-usage-du-signal-de-virage\/#primaryimage\",\"url\":\"https:\/\/vieassociative.be\/actualites\/wp-content\/uploads\/2025\/08\/1755181027_42-des-conducteurs-belges-se-depassent-sans-usage-du-signal.jpg\",\"contentUrl\":\"https:\/\/vieassociative.be\/actualites\/wp-content\/uploads\/2025\/08\/1755181027_42-des-conducteurs-belges-se-depassent-sans-usage-du-signal.jpg\",\"width\":1200,\"height\":800,\"caption\":\"42% des conducteurs belges se d\u00e9passent sans usage du signal de virage\"},{\"@type\":\"BreadcrumbList\",\"@id\":\"https:\/\/vieassociative.be\/actualites\/42-des-conducteurs-belges-se-depassent-sans-usage-du-signal-de-virage\/#breadcrumb\",\"itemListElement\":[{\"@type\":\"ListItem\",\"position\":1,\"name\":\"Accueil\",\"item\":\"https:\/\/vieassociative.be\/actualites\/\"},{\"@type\":\"ListItem\",\"position\":2,\"name\":\"42% des conducteurs belges se d\u00e9passent sans usage du signal de virage\"}]},{\"@type\":\"WebSite\",\"@id\":\"https:\/\/vieassociative.be\/actualites\/#website\",\"url\":\"https:\/\/vieassociative.be\/actualites\/\",\"name\":\"Vie Associative\",\"description\":\"\",\"publisher\":{\"@id\":\"https:\/\/vieassociative.be\/actualites\/#organization\"},\"potentialAction\":[{\"@type\":\"SearchAction\",\"target\":{\"@type\":\"EntryPoint\",\"urlTemplate\":\"https:\/\/vieassociative.be\/actualites\/?s={search_term_string}\"},\"query-input\":{\"@type\":\"PropertyValueSpecification\",\"valueRequired\":true,\"valueName\":\"search_term_string\"}}],\"inLanguage\":\"fr-BE\"},{\"@type\":\"Organization\",\"@id\":\"https:\/\/vieassociative.be\/actualites\/#organization\",\"name\":\"Vie Associative\",\"url\":\"https:\/\/vieassociative.be\/actualites\/\",\"logo\":{\"@type\":\"ImageObject\",\"inLanguage\":\"fr-BE\",\"@id\":\"https:\/\/vieassociative.be\/actualites\/#\/schema\/logo\/image\/\",\"url\":\"https:\/\/vieassociative.be\/actualites\/wp-content\/uploads\/2024\/09\/cropped-vieassociative_favicon.ico.png\",\"contentUrl\":\"https:\/\/vieassociative.be\/actualites\/wp-content\/uploads\/2024\/09\/cropped-vieassociative_favicon.ico.png\",\"width\":512,\"height\":512,\"caption\":\"Vie Associative\"},\"image\":{\"@id\":\"https:\/\/vieassociative.be\/actualites\/#\/schema\/logo\/image\/\"}},{\"@type\":\"Person\",\"@id\":\"https:\/\/vieassociative.be\/actualites\/#\/schema\/person\/b87ac4f82f9d4e7b7cec7395b679edc4\",\"name\":\"Julien\",\"image\":{\"@type\":\"ImageObject\",\"inLanguage\":\"fr-BE\",\"@id\":\"https:\/\/vieassociative.be\/actualites\/#\/schema\/person\/image\/\",\"url\":\"https:\/\/vieassociative.be\/actualites\/wp-content\/uploads\/2024\/09\/vie-associative-1-150x150.jpg\",\"contentUrl\":\"https:\/\/vieassociative.be\/actualites\/wp-content\/uploads\/2024\/09\/vie-associative-1-150x150.jpg\",\"caption\":\"Julien\"},\"description\":\"Je suis Julien, r\u00e9dacteur pour Vie Associative. Passionn\u00e9 par le monde associatif depuis plus de 10 ans, j'ai \u00e0 c\u0153ur de partager des histoires inspirantes et de mettre en lumi\u00e8re les initiatives locales. Mon objectif est de sensibiliser et d'encourager l'engagement communautaire \u00e0 travers mes articles.\",\"sameAs\":[\"https:\/\/vieassociative.be\/\"]}]}<\/script>\n<!-- \/ Yoast SEO plugin. -->","yoast_head_json":{"title":"42% des conducteurs belges se d\u00e9passent sans usage du signal de virage | Vie Associative","robots":{"index":"index","follow":"follow","max-snippet":"max-snippet:-1","max-image-preview":"max-image-preview:large","max-video-preview":"max-video-preview:-1"},"canonical":"https:\/\/vieassociative.be\/actualites\/42-des-conducteurs-belges-se-depassent-sans-usage-du-signal-de-virage\/","og_locale":"fr_FR","og_type":"article","og_title":"42% des conducteurs belges se d\u00e9passent sans usage du signal de virage | Vie Associative","og_description":"D\u00e9cidez-vous parfois de ne pas flasher lorsque vous tournez? La soci\u00e9t\u00e9 fran\u00e7aise Vinci Autoroutes a pos\u00e9 cette question dans onze pays europ\u00e9ens, y compris en","og_url":"https:\/\/vieassociative.be\/actualites\/42-des-conducteurs-belges-se-depassent-sans-usage-du-signal-de-virage\/","og_site_name":"Vie Associative","article_published_time":"2025-08-14T14:17:07+00:00","og_image":[{"width":279,"height":92,"url":"https:\/\/vieassociative.be\/actualites\/wp-content\/uploads\/2024\/09\/header_backgroundk-01-e1726694325946.png","type":"image\/png"}],"author":"Julien","twitter_card":"summary_large_image","twitter_misc":{"\u00c9crit par":"Julien","Dur\u00e9e de lecture est.":"2 minutes"},"schema":{"@context":"https:\/\/schema.org","@graph":[{"@type":"Article","@id":"https:\/\/vieassociative.be\/actualites\/42-des-conducteurs-belges-se-depassent-sans-usage-du-signal-de-virage\/#article","isPartOf":{"@id":"https:\/\/vieassociative.be\/actualites\/42-des-conducteurs-belges-se-depassent-sans-usage-du-signal-de-virage\/"},"author":{"name":"Julien","@id":"https:\/\/vieassociative.be\/actualites\/#\/schema\/person\/b87ac4f82f9d4e7b7cec7395b679edc4"},"headline":"42% des conducteurs belges se d\u00e9passent sans usage du signal de virage","datePublished":"2025-08-14T14:17:07+00:00","dateModified":"2025-08-14T14:17:07+00:00","mainEntityOfPage":{"@id":"https:\/\/vieassociative.be\/actualites\/42-des-conducteurs-belges-se-depassent-sans-usage-du-signal-de-virage\/"},"wordCount":472,"publisher":{"@id":"https:\/\/vieassociative.be\/actualites\/#organization"},"image":{"@id":"https:\/\/vieassociative.be\/actualites\/42-des-conducteurs-belges-se-depassent-sans-usage-du-signal-de-virage\/#primaryimage"},"thumbnailUrl":"https:\/\/vieassociative.be\/actualites\/wp-content\/uploads\/2025\/08\/1755181027_42-des-conducteurs-belges-se-depassent-sans-usage-du-signal.jpg","keywords":["Belges","conducteurs","d\u00e9passent","Des","sans","signal","usage","virage"],"articleSection":["Belgique"],"inLanguage":"fr-BE"},{"@type":"WebPage","@id":"https:\/\/vieassociative.be\/actualites\/42-des-conducteurs-belges-se-depassent-sans-usage-du-signal-de-virage\/","url":"https:\/\/vieassociative.be\/actualites\/42-des-conducteurs-belges-se-depassent-sans-usage-du-signal-de-virage\/","name":"42% des conducteurs belges se d\u00e9passent sans usage du signal de virage | Vie Associative","isPartOf":{"@id":"https:\/\/vieassociative.be\/actualites\/#website"},"primaryImageOfPage":{"@id":"https:\/\/vieassociative.be\/actualites\/42-des-conducteurs-belges-se-depassent-sans-usage-du-signal-de-virage\/#primaryimage"},"image":{"@id":"https:\/\/vieassociative.be\/actualites\/42-des-conducteurs-belges-se-depassent-sans-usage-du-signal-de-virage\/#primaryimage"},"thumbnailUrl":"https:\/\/vieassociative.be\/actualites\/wp-content\/uploads\/2025\/08\/1755181027_42-des-conducteurs-belges-se-depassent-sans-usage-du-signal.jpg","datePublished":"2025-08-14T14:17:07+00:00","dateModified":"2025-08-14T14:17:07+00:00","breadcrumb":{"@id":"https:\/\/vieassociative.be\/actualites\/42-des-conducteurs-belges-se-depassent-sans-usage-du-signal-de-virage\/#breadcrumb"},"inLanguage":"fr-BE","potentialAction":[{"@type":"ReadAction","target":["https:\/\/vieassociative.be\/actualites\/42-des-conducteurs-belges-se-depassent-sans-usage-du-signal-de-virage\/"]}]},{"@type":"ImageObject","inLanguage":"fr-BE","@id":"https:\/\/vieassociative.be\/actualites\/42-des-conducteurs-belges-se-depassent-sans-usage-du-signal-de-virage\/#primaryimage","url":"https:\/\/vieassociative.be\/actualites\/wp-content\/uploads\/2025\/08\/1755181027_42-des-conducteurs-belges-se-depassent-sans-usage-du-signal.jpg","contentUrl":"https:\/\/vieassociative.be\/actualites\/wp-content\/uploads\/2025\/08\/1755181027_42-des-conducteurs-belges-se-depassent-sans-usage-du-signal.jpg","width":1200,"height":800,"caption":"42% des conducteurs belges se d\u00e9passent sans usage du signal de virage"},{"@type":"BreadcrumbList","@id":"https:\/\/vieassociative.be\/actualites\/42-des-conducteurs-belges-se-depassent-sans-usage-du-signal-de-virage\/#breadcrumb","itemListElement":[{"@type":"ListItem","position":1,"name":"Accueil","item":"https:\/\/vieassociative.be\/actualites\/"},{"@type":"ListItem","position":2,"name":"42% des conducteurs belges se d\u00e9passent sans usage du signal de virage"}]},{"@type":"WebSite","@id":"https:\/\/vieassociative.be\/actualites\/#website","url":"https:\/\/vieassociative.be\/actualites\/","name":"Vie Associative","description":"","publisher":{"@id":"https:\/\/vieassociative.be\/actualites\/#organization"},"potentialAction":[{"@type":"SearchAction","target":{"@type":"EntryPoint","urlTemplate":"https:\/\/vieassociative.be\/actualites\/?s={search_term_string}"},"query-input":{"@type":"PropertyValueSpecification","valueRequired":true,"valueName":"search_term_string"}}],"inLanguage":"fr-BE"},{"@type":"Organization","@id":"https:\/\/vieassociative.be\/actualites\/#organization","name":"Vie Associative","url":"https:\/\/vieassociative.be\/actualites\/","logo":{"@type":"ImageObject","inLanguage":"fr-BE","@id":"https:\/\/vieassociative.be\/actualites\/#\/schema\/logo\/image\/","url":"https:\/\/vieassociative.be\/actualites\/wp-content\/uploads\/2024\/09\/cropped-vieassociative_favicon.ico.png","contentUrl":"https:\/\/vieassociative.be\/actualites\/wp-content\/uploads\/2024\/09\/cropped-vieassociative_favicon.ico.png","width":512,"height":512,"caption":"Vie Associative"},"image":{"@id":"https:\/\/vieassociative.be\/actualites\/#\/schema\/logo\/image\/"}},{"@type":"Person","@id":"https:\/\/vieassociative.be\/actualites\/#\/schema\/person\/b87ac4f82f9d4e7b7cec7395b679edc4","name":"Julien","image":{"@type":"ImageObject","inLanguage":"fr-BE","@id":"https:\/\/vieassociative.be\/actualites\/#\/schema\/person\/image\/","url":"https:\/\/vieassociative.be\/actualites\/wp-content\/uploads\/2024\/09\/vie-associative-1-150x150.jpg","contentUrl":"https:\/\/vieassociative.be\/actualites\/wp-content\/uploads\/2024\/09\/vie-associative-1-150x150.jpg","caption":"Julien"},"description":"Je suis Julien, r\u00e9dacteur pour Vie Associative. Passionn\u00e9 par le monde associatif depuis plus de 10 ans, j'ai \u00e0 c\u0153ur de partager des histoires inspirantes et de mettre en lumi\u00e8re les initiatives locales. Mon objectif est de sensibiliser et d'encourager l'engagement communautaire \u00e0 travers mes articles.","sameAs":["https:\/\/vieassociative.be\/"]}]}},"_links":{"self":[{"href":"https:\/\/vieassociative.be\/actualites\/wp-json\/wp\/v2\/posts\/9401"}],"collection":[{"href":"https:\/\/vieassociative.be\/actualites\/wp-json\/wp\/v2\/posts"}],"about":[{"href":"https:\/\/vieassociative.be\/actualites\/wp-json\/wp\/v2\/types\/post"}],"author":[{"embeddable":true,"href":"https:\/\/vieassociative.be\/actualites\/wp-json\/wp\/v2\/users\/1"}],"replies":[{"embeddable":true,"href":"https:\/\/vieassociative.be\/actualites\/wp-json\/wp\/v2\/comments?post=9401"}],"version-history":[{"count":0,"href":"https:\/\/vieassociative.be\/actualites\/wp-json\/wp\/v2\/posts\/9401\/revisions"}],"wp:featuredmedia":[{"embeddable":true,"href":"https:\/\/vieassociative.be\/actualites\/wp-json\/wp\/v2\/media\/9402"}],"wp:attachment":[{"href":"https:\/\/vieassociative.be\/actualites\/wp-json\/wp\/v2\/media?parent=9401"}],"wp:term":[{"taxonomy":"category","embeddable":true,"href":"https:\/\/vieassociative.be\/actualites\/wp-json\/wp\/v2\/categories?post=9401"},{"taxonomy":"post_tag","embeddable":true,"href":"https:\/\/vieassociative.be\/actualites\/wp-json\/wp\/v2\/tags?post=9401"}],"curies":[{"name":"wp","href":"https:\/\/api.w.org\/{rel}","templated":true}]}}