{"id":9399,"date":"2025-08-14T15:18:22","date_gmt":"2025-08-14T13:18:22","guid":{"rendered":"https:\/\/vieassociative.be\/actualites\/le-telephone-edge-ultra-thin-samsung-galaxy-s25-est-de-20-de-reduction-en-ce-moment\/"},"modified":"2025-08-14T15:18:22","modified_gmt":"2025-08-14T13:18:22","slug":"le-telephone-edge-ultra-thin-samsung-galaxy-s25-est-de-20-de-reduction-en-ce-moment","status":"publish","type":"post","link":"https:\/\/vieassociative.be\/actualites\/le-telephone-edge-ultra-thin-samsung-galaxy-s25-est-de-20-de-reduction-en-ce-moment\/","title":{"rendered":"Le t\u00e9l\u00e9phone Edge Ultra-Thin Samsung Galaxy S25 est de 20% de r\u00e9duction en ce moment"},"content":{"rendered":"<div class=\"mt-4 leading-6 md:mb-8\">C&rsquo;est le t\u00e9l\u00e9phone de la s\u00e9rie S plus mince de Samsung \u00e0 ce jour.<\/div>\n<p><\/p>\n<p>\u00c0 l&rsquo;heure actuelle, le t\u00e9l\u00e9phone Edge Samsung Galaxy S25 est de 20% sur Amazon en Black, Silver et IcyBlue. Un t\u00e9l\u00e9phone riche en fonctionnalit\u00e9s qui est \u00e9l\u00e9gant, durable et poss\u00e8de 512 Go de stockage, ce smartphone 2025 est le t\u00e9l\u00e9phone Samsung la plus mince \u00e0 ce jour. Voici tout ce que vous devez savoir sur cette offre.<\/p>\n<div class=\"pogoClear mb-12 mt-10 rounded-md border-2 border-gray-100 py-7 shadow-xl md:py-6\">\n<div class=\"flex flex-wrap justify-between px-7 text-black no-underline md:flex-nowrap md:px-8\">\n<div class=\"order-1 mx-auto flex flex-col justify-center md:order-2 md:ml-4 md:w-full md:grow\">\n<div class=\"block cursor-pointer text-center font-akshar text-2xl font-medium leading-7 text-brand-green duration-200 ease-in-out hover:text-brand-green-700 md:text-left md:text-xl md:leading-6\">Samsung Galaxy S25 Edge Phone\n                <\/div>\n<div class=\"mt-4 hidden md:flex md:justify-between\">\n<div class=\"self-end\">\n<div class=\"mb-0 h-11 md:flex md:flex-col md:justify-center\">\n<div class=\" font-sans leading-4 text-black\">\n<div class=\"flex flex-wrap items-center justify-center gap-1 md:justify-start\">\n        <span class=\"font-bold\"><\/p>\n<p>            969,00 $<br \/>\n                            <span class=\"font-medium\">\u00e0 Amazon<\/span><br \/>\n                    <\/span>\n            <\/div>\n<div class=\"flex items-center justify-center gap-x-1 font-bold md:justify-start\">\n            <span class=\"text-sm line-through\">1 219,99 $<\/span><br \/>\n            <span class=\"text-sm text-brand-green\">\u00c9conomisez 250,99 $<\/span>\n        <\/div>\n<\/p><\/div>\n<\/p><\/div>\n<\/p><\/div>\n<div class=\"w-44 self-end\">\n                            <button class=\"flex justify-center items-center w-full bg-brand-green text-white text-base font-sans font-medium rounded-md hover:bg-brand-green-700 hover:cursor-pointer md:text-sm h-11\"><\/p>\n<p>    Conclure un accord<br \/>\n<\/button>\n                        <\/div>\n<\/p><\/div>\n<\/p><\/div>\n<div class=\"order-2 mt-5 h-auto w-full md:order-1 md:mt-0 md:hidden\">\n<div class=\"flex aspect-video items-center justify-center\">\n                                            <img decoding=\"async\" class=\"m-0 max-h-full max-w-full rounded-md\" src=\"https:\/\/vieassociative.be\/actualites\/wp-content\/uploads\/2025\/08\/Le-telephone-Edge-Ultra-Thin-Samsung-Galaxy-S25-est-de-20.jpg\" alt=\"Samsung Galaxy S25 Edge Phone \" width=\"auto\" height=\"auto\" loading=\"lazy\">\n                                    <\/div>\n<\/p><\/div>\n<div class=\"order-2 ml-2 hidden w-32 shrink-0 items-center md:order-1 md:ml-0 md:flex\">\n<div class=\"flex aspect-video items-center justify-center\">\n                                            <img decoding=\"async\" class=\"m-0 max-h-full max-w-full rounded-md\" src=\"https:\/\/vieassociative.be\/actualites\/wp-content\/uploads\/2025\/08\/Le-telephone-Edge-Ultra-Thin-Samsung-Galaxy-S25-est-de-20.jpg\" alt=\"Samsung Galaxy S25 Edge Phone \" width=\"auto\" height=\"auto\" loading=\"lazy\">\n                                    <\/div>\n<\/p><\/div>\n<div class=\"order-3 flex grow flex-wrap md:hidden md:grow-0\">\n<div class=\"mt-4 w-full\">\n                        <button class=\"flex justify-center items-center w-full bg-brand-green text-white text-base font-sans font-medium rounded-md hover:bg-brand-green-700 hover:cursor-pointer md:text-sm h-11\"><\/p>\n<p>    Conclure un accord<br \/>\n<\/button>\n                    <\/div>\n<div class=\"mx-2 mt-4 w-full\">\n<div class=\" font-sans leading-4 text-black\">\n<div class=\"flex flex-wrap items-center justify-center gap-1 md:justify-start\">\n        <span class=\"font-bold\"><\/p>\n<p>            969,00 $<br \/>\n                            <span class=\"font-medium\">\u00e0 Amazon<\/span><br \/>\n                    <\/span>\n            <\/div>\n<div class=\"flex items-center justify-center gap-x-1 font-bold md:justify-start\">\n            <span class=\"text-sm line-through\">1 219,99 $<\/span><br \/>\n            <span class=\"text-sm text-brand-green\">\u00c9conomisez 250,99 $<\/span>\n        <\/div>\n<\/p><\/div>\n<\/p><\/div>\n<\/p><\/div>\n<\/p><\/div>\n<\/div>\n<p>\u00c0 5,8 mm d&rsquo;\u00e9paisseur et 5,7 onces, ce t\u00e9l\u00e9phone l\u00e9ger et ultra-mince est id\u00e9al pour ceux qui veulent une silhouette plus mince mais ne veulent pas sacrifier la durabilit\u00e9, qui est am\u00e9lior\u00e9e d&rsquo;une construction en titane et d&rsquo;une face en c\u00e9ramique 2 en verre de gorille Corning. L&rsquo;\u00e9cran AMOLED dynamique AMOLED de 6,7 pouces gagne les \u00e9loges des critiques pour ses visuels de haute qualit\u00e9 sur l&rsquo;affichage de la proscaler. Le bord S25 est aliment\u00e9 par l&rsquo;\u00e9lite Snapdragon 8 pour la puce Galaxy et a 12 Go de RAM et 512 Go de stockage. Le<strong> <\/strong>Mod\u00e8le de stockage de 256 Go<strong> <\/strong>est \u00e9galement en vente et environ 100 $ moins cher, mais la mise \u00e0 niveau de Sotrage offre un meilleur coup pour votre argent. Avec un taux de rafra\u00eechissement de 120 Hz, les utilisateurs commentent \u00e9galement que les applications se chargent mieux sur ce mod\u00e8le et que les vitesses de connexion d\u00e9passent les pr\u00e9d\u00e9cesseurs du S25.<\/p>\n<p>L&rsquo;appareil photo large de 200 MP dispose d&rsquo;un zoom de qualit\u00e9 2 \u00d7 de qualit\u00e9 optique avec une vid\u00e9o de nuit am\u00e9lior\u00e9e mais n&rsquo;offre pas de zoom optique au-del\u00e0 de 2x. De plus, la dur\u00e9e de vie de la batterie fonctionne un peu moins bien que le Galaxy S25 ordinaire<strong> <\/strong>(3 900mAh par rapport \u00e0 4000mAh). Au-del\u00e0 de l&rsquo;assistant virtuel int\u00e9gr\u00e9, le t\u00e9l\u00e9phone regorge de fonctionnalit\u00e9s AI avanc\u00e9es, y compris la traduction d&rsquo;appels, l&rsquo;assistance \u00e0 l&rsquo;\u00e9criture, l&rsquo;\u00e9dition d&rsquo;images et les outils de productivit\u00e9 aliment\u00e9s par l&rsquo;IA.<\/p>\n<p>Si vous \u00eates un fan de la s\u00e9rie S et que vous recherchez une silhouette mince, ce t\u00e9l\u00e9phone est un excellent choix avec des fonctionnalit\u00e9s impressionnantes. Cependant, malgr\u00e9 sa minceur, certaines personnes estiment que le mod\u00e8le est un peu grand et lourd, en particulier pour les personnes ayant des probl\u00e8mes de mobilit\u00e9 entre leurs mains. Dans l&rsquo;ensemble, si vous recherchez un t\u00e9l\u00e9phone durable et \u00e0 la conception qui fonctionne bien, a un logiciel riche en AI et dispose de la puissance de traitement de la signature de Samsung Galaxy, le t\u00e9l\u00e9phone Edge Samsung Galaxy S25 est un choix intelligent \u00e0 la remise actuelle. <\/p>\n","protected":false},"excerpt":{"rendered":"<p>C&rsquo;est le t\u00e9l\u00e9phone de la s\u00e9rie S plus mince de Samsung \u00e0 ce jour. \u00c0 l&rsquo;heure actuelle, le t\u00e9l\u00e9phone Edge Samsung Galaxy S25 est de<\/p>\n","protected":false},"author":1,"featured_media":9400,"comment_status":"","ping_status":"","sticky":false,"template":"","format":"standard","meta":{"footnotes":""},"categories":[13],"tags":[5244,76,4183,1429,308,4796,1878,542,8155],"class_list":["post-9399","post","type-post","status-publish","format-standard","has-post-thumbnail","hentry","category-technologie","tag-edge","tag-est","tag-galaxy","tag-moment","tag-reduction","tag-s25","tag-samsung","tag-telephone","tag-ultrathin","generate-columns","tablet-grid-50","mobile-grid-100","grid-parent","grid-33"],"yoast_head":"<!-- This site is optimized with the Yoast SEO plugin v24.0 - https:\/\/yoast.com\/wordpress\/plugins\/seo\/ -->\n<title>Le t\u00e9l\u00e9phone Edge Ultra-Thin Samsung Galaxy S25 est de 20% de r\u00e9duction en ce moment | Vie Associative<\/title>\n<meta name=\"robots\" content=\"index, follow, max-snippet:-1, max-image-preview:large, max-video-preview:-1\" \/>\n<link rel=\"canonical\" href=\"https:\/\/vieassociative.be\/actualites\/le-telephone-edge-ultra-thin-samsung-galaxy-s25-est-de-20-de-reduction-en-ce-moment\/\" \/>\n<meta property=\"og:locale\" content=\"fr_FR\" \/>\n<meta property=\"og:type\" content=\"article\" \/>\n<meta property=\"og:title\" content=\"Le t\u00e9l\u00e9phone Edge Ultra-Thin Samsung Galaxy S25 est de 20% de r\u00e9duction en ce moment | Vie Associative\" \/>\n<meta property=\"og:description\" content=\"C&rsquo;est le t\u00e9l\u00e9phone de la s\u00e9rie S plus mince de Samsung \u00e0 ce jour. \u00c0 l&rsquo;heure actuelle, le t\u00e9l\u00e9phone Edge Samsung Galaxy S25 est de\" \/>\n<meta property=\"og:url\" content=\"https:\/\/vieassociative.be\/actualites\/le-telephone-edge-ultra-thin-samsung-galaxy-s25-est-de-20-de-reduction-en-ce-moment\/\" \/>\n<meta property=\"og:site_name\" content=\"Vie Associative\" \/>\n<meta property=\"article:published_time\" content=\"2025-08-14T13:18:22+00:00\" \/>\n<meta property=\"og:image\" content=\"https:\/\/vieassociative.be\/actualites\/wp-content\/uploads\/2025\/08\/Le-telephone-Edge-Ultra-Thin-Samsung-Galaxy-S25-est-de-20.jpg\" \/>\n<meta name=\"author\" content=\"Julien\" \/>\n<meta name=\"twitter:card\" content=\"summary_large_image\" \/>\n<meta name=\"twitter:label1\" content=\"\u00c9crit par\" \/>\n\t<meta name=\"twitter:data1\" content=\"Julien\" \/>\n\t<meta name=\"twitter:label2\" content=\"Dur\u00e9e de lecture est.\" \/>\n\t<meta name=\"twitter:data2\" content=\"2 minutes\" \/>\n<script type=\"application\/ld+json\" class=\"yoast-schema-graph\">{\"@context\":\"https:\/\/schema.org\",\"@graph\":[{\"@type\":\"Article\",\"@id\":\"https:\/\/vieassociative.be\/actualites\/le-telephone-edge-ultra-thin-samsung-galaxy-s25-est-de-20-de-reduction-en-ce-moment\/#article\",\"isPartOf\":{\"@id\":\"https:\/\/vieassociative.be\/actualites\/le-telephone-edge-ultra-thin-samsung-galaxy-s25-est-de-20-de-reduction-en-ce-moment\/\"},\"author\":{\"name\":\"Julien\",\"@id\":\"https:\/\/vieassociative.be\/actualites\/#\/schema\/person\/b87ac4f82f9d4e7b7cec7395b679edc4\"},\"headline\":\"Le t\u00e9l\u00e9phone Edge Ultra-Thin Samsung Galaxy S25 est de 20% de r\u00e9duction en ce moment\",\"datePublished\":\"2025-08-14T13:18:22+00:00\",\"dateModified\":\"2025-08-14T13:18:22+00:00\",\"mainEntityOfPage\":{\"@id\":\"https:\/\/vieassociative.be\/actualites\/le-telephone-edge-ultra-thin-samsung-galaxy-s25-est-de-20-de-reduction-en-ce-moment\/\"},\"wordCount\":486,\"publisher\":{\"@id\":\"https:\/\/vieassociative.be\/actualites\/#organization\"},\"image\":{\"@id\":\"https:\/\/vieassociative.be\/actualites\/le-telephone-edge-ultra-thin-samsung-galaxy-s25-est-de-20-de-reduction-en-ce-moment\/#primaryimage\"},\"thumbnailUrl\":\"https:\/\/vieassociative.be\/actualites\/wp-content\/uploads\/2025\/08\/Le-telephone-Edge-Ultra-Thin-Samsung-Galaxy-S25-est-de-20.png\",\"keywords\":[\"Edge\",\"est\",\"Galaxy\",\"moment\",\"r\u00e9duction\",\"S25\",\"Samsung\",\"t\u00e9l\u00e9phone\",\"UltraThin\"],\"articleSection\":[\"Technologie\"],\"inLanguage\":\"fr-BE\"},{\"@type\":\"WebPage\",\"@id\":\"https:\/\/vieassociative.be\/actualites\/le-telephone-edge-ultra-thin-samsung-galaxy-s25-est-de-20-de-reduction-en-ce-moment\/\",\"url\":\"https:\/\/vieassociative.be\/actualites\/le-telephone-edge-ultra-thin-samsung-galaxy-s25-est-de-20-de-reduction-en-ce-moment\/\",\"name\":\"Le t\u00e9l\u00e9phone Edge Ultra-Thin Samsung Galaxy S25 est de 20% de r\u00e9duction en ce moment | Vie Associative\",\"isPartOf\":{\"@id\":\"https:\/\/vieassociative.be\/actualites\/#website\"},\"primaryImageOfPage\":{\"@id\":\"https:\/\/vieassociative.be\/actualites\/le-telephone-edge-ultra-thin-samsung-galaxy-s25-est-de-20-de-reduction-en-ce-moment\/#primaryimage\"},\"image\":{\"@id\":\"https:\/\/vieassociative.be\/actualites\/le-telephone-edge-ultra-thin-samsung-galaxy-s25-est-de-20-de-reduction-en-ce-moment\/#primaryimage\"},\"thumbnailUrl\":\"https:\/\/vieassociative.be\/actualites\/wp-content\/uploads\/2025\/08\/Le-telephone-Edge-Ultra-Thin-Samsung-Galaxy-S25-est-de-20.png\",\"datePublished\":\"2025-08-14T13:18:22+00:00\",\"dateModified\":\"2025-08-14T13:18:22+00:00\",\"breadcrumb\":{\"@id\":\"https:\/\/vieassociative.be\/actualites\/le-telephone-edge-ultra-thin-samsung-galaxy-s25-est-de-20-de-reduction-en-ce-moment\/#breadcrumb\"},\"inLanguage\":\"fr-BE\",\"potentialAction\":[{\"@type\":\"ReadAction\",\"target\":[\"https:\/\/vieassociative.be\/actualites\/le-telephone-edge-ultra-thin-samsung-galaxy-s25-est-de-20-de-reduction-en-ce-moment\/\"]}]},{\"@type\":\"ImageObject\",\"inLanguage\":\"fr-BE\",\"@id\":\"https:\/\/vieassociative.be\/actualites\/le-telephone-edge-ultra-thin-samsung-galaxy-s25-est-de-20-de-reduction-en-ce-moment\/#primaryimage\",\"url\":\"https:\/\/vieassociative.be\/actualites\/wp-content\/uploads\/2025\/08\/Le-telephone-Edge-Ultra-Thin-Samsung-Galaxy-S25-est-de-20.png\",\"contentUrl\":\"https:\/\/vieassociative.be\/actualites\/wp-content\/uploads\/2025\/08\/Le-telephone-Edge-Ultra-Thin-Samsung-Galaxy-S25-est-de-20.png\",\"width\":1200,\"height\":675,\"caption\":\"Le t\u00e9l\u00e9phone Edge Ultra-Thin Samsung Galaxy S25 est de 20% de r\u00e9duction en ce moment\"},{\"@type\":\"BreadcrumbList\",\"@id\":\"https:\/\/vieassociative.be\/actualites\/le-telephone-edge-ultra-thin-samsung-galaxy-s25-est-de-20-de-reduction-en-ce-moment\/#breadcrumb\",\"itemListElement\":[{\"@type\":\"ListItem\",\"position\":1,\"name\":\"Accueil\",\"item\":\"https:\/\/vieassociative.be\/actualites\/\"},{\"@type\":\"ListItem\",\"position\":2,\"name\":\"Le t\u00e9l\u00e9phone Edge Ultra-Thin Samsung Galaxy S25 est de 20% de r\u00e9duction en ce moment\"}]},{\"@type\":\"WebSite\",\"@id\":\"https:\/\/vieassociative.be\/actualites\/#website\",\"url\":\"https:\/\/vieassociative.be\/actualites\/\",\"name\":\"Vie Associative\",\"description\":\"\",\"publisher\":{\"@id\":\"https:\/\/vieassociative.be\/actualites\/#organization\"},\"potentialAction\":[{\"@type\":\"SearchAction\",\"target\":{\"@type\":\"EntryPoint\",\"urlTemplate\":\"https:\/\/vieassociative.be\/actualites\/?s={search_term_string}\"},\"query-input\":{\"@type\":\"PropertyValueSpecification\",\"valueRequired\":true,\"valueName\":\"search_term_string\"}}],\"inLanguage\":\"fr-BE\"},{\"@type\":\"Organization\",\"@id\":\"https:\/\/vieassociative.be\/actualites\/#organization\",\"name\":\"Vie Associative\",\"url\":\"https:\/\/vieassociative.be\/actualites\/\",\"logo\":{\"@type\":\"ImageObject\",\"inLanguage\":\"fr-BE\",\"@id\":\"https:\/\/vieassociative.be\/actualites\/#\/schema\/logo\/image\/\",\"url\":\"https:\/\/vieassociative.be\/actualites\/wp-content\/uploads\/2024\/09\/cropped-vieassociative_favicon.ico.png\",\"contentUrl\":\"https:\/\/vieassociative.be\/actualites\/wp-content\/uploads\/2024\/09\/cropped-vieassociative_favicon.ico.png\",\"width\":512,\"height\":512,\"caption\":\"Vie Associative\"},\"image\":{\"@id\":\"https:\/\/vieassociative.be\/actualites\/#\/schema\/logo\/image\/\"}},{\"@type\":\"Person\",\"@id\":\"https:\/\/vieassociative.be\/actualites\/#\/schema\/person\/b87ac4f82f9d4e7b7cec7395b679edc4\",\"name\":\"Julien\",\"image\":{\"@type\":\"ImageObject\",\"inLanguage\":\"fr-BE\",\"@id\":\"https:\/\/vieassociative.be\/actualites\/#\/schema\/person\/image\/\",\"url\":\"https:\/\/vieassociative.be\/actualites\/wp-content\/uploads\/2024\/09\/vie-associative-1-150x150.jpg\",\"contentUrl\":\"https:\/\/vieassociative.be\/actualites\/wp-content\/uploads\/2024\/09\/vie-associative-1-150x150.jpg\",\"caption\":\"Julien\"},\"description\":\"Je suis Julien, r\u00e9dacteur pour Vie Associative. Passionn\u00e9 par le monde associatif depuis plus de 10 ans, j'ai \u00e0 c\u0153ur de partager des histoires inspirantes et de mettre en lumi\u00e8re les initiatives locales. Mon objectif est de sensibiliser et d'encourager l'engagement communautaire \u00e0 travers mes articles.\",\"sameAs\":[\"https:\/\/vieassociative.be\/\"]}]}<\/script>\n<!-- \/ Yoast SEO plugin. -->","yoast_head_json":{"title":"Le t\u00e9l\u00e9phone Edge Ultra-Thin Samsung Galaxy S25 est de 20% de r\u00e9duction en ce moment | Vie Associative","robots":{"index":"index","follow":"follow","max-snippet":"max-snippet:-1","max-image-preview":"max-image-preview:large","max-video-preview":"max-video-preview:-1"},"canonical":"https:\/\/vieassociative.be\/actualites\/le-telephone-edge-ultra-thin-samsung-galaxy-s25-est-de-20-de-reduction-en-ce-moment\/","og_locale":"fr_FR","og_type":"article","og_title":"Le t\u00e9l\u00e9phone Edge Ultra-Thin Samsung Galaxy S25 est de 20% de r\u00e9duction en ce moment | Vie Associative","og_description":"C&rsquo;est le t\u00e9l\u00e9phone de la s\u00e9rie S plus mince de Samsung \u00e0 ce jour. \u00c0 l&rsquo;heure actuelle, le t\u00e9l\u00e9phone Edge Samsung Galaxy S25 est de","og_url":"https:\/\/vieassociative.be\/actualites\/le-telephone-edge-ultra-thin-samsung-galaxy-s25-est-de-20-de-reduction-en-ce-moment\/","og_site_name":"Vie Associative","article_published_time":"2025-08-14T13:18:22+00:00","og_image":[{"url":"https:\/\/vieassociative.be\/actualites\/wp-content\/uploads\/2025\/08\/Le-telephone-Edge-Ultra-Thin-Samsung-Galaxy-S25-est-de-20.jpg","type":"","width":"","height":""}],"author":"Julien","twitter_card":"summary_large_image","twitter_misc":{"\u00c9crit par":"Julien","Dur\u00e9e de lecture est.":"2 minutes"},"schema":{"@context":"https:\/\/schema.org","@graph":[{"@type":"Article","@id":"https:\/\/vieassociative.be\/actualites\/le-telephone-edge-ultra-thin-samsung-galaxy-s25-est-de-20-de-reduction-en-ce-moment\/#article","isPartOf":{"@id":"https:\/\/vieassociative.be\/actualites\/le-telephone-edge-ultra-thin-samsung-galaxy-s25-est-de-20-de-reduction-en-ce-moment\/"},"author":{"name":"Julien","@id":"https:\/\/vieassociative.be\/actualites\/#\/schema\/person\/b87ac4f82f9d4e7b7cec7395b679edc4"},"headline":"Le t\u00e9l\u00e9phone Edge Ultra-Thin Samsung Galaxy S25 est de 20% de r\u00e9duction en ce moment","datePublished":"2025-08-14T13:18:22+00:00","dateModified":"2025-08-14T13:18:22+00:00","mainEntityOfPage":{"@id":"https:\/\/vieassociative.be\/actualites\/le-telephone-edge-ultra-thin-samsung-galaxy-s25-est-de-20-de-reduction-en-ce-moment\/"},"wordCount":486,"publisher":{"@id":"https:\/\/vieassociative.be\/actualites\/#organization"},"image":{"@id":"https:\/\/vieassociative.be\/actualites\/le-telephone-edge-ultra-thin-samsung-galaxy-s25-est-de-20-de-reduction-en-ce-moment\/#primaryimage"},"thumbnailUrl":"https:\/\/vieassociative.be\/actualites\/wp-content\/uploads\/2025\/08\/Le-telephone-Edge-Ultra-Thin-Samsung-Galaxy-S25-est-de-20.png","keywords":["Edge","est","Galaxy","moment","r\u00e9duction","S25","Samsung","t\u00e9l\u00e9phone","UltraThin"],"articleSection":["Technologie"],"inLanguage":"fr-BE"},{"@type":"WebPage","@id":"https:\/\/vieassociative.be\/actualites\/le-telephone-edge-ultra-thin-samsung-galaxy-s25-est-de-20-de-reduction-en-ce-moment\/","url":"https:\/\/vieassociative.be\/actualites\/le-telephone-edge-ultra-thin-samsung-galaxy-s25-est-de-20-de-reduction-en-ce-moment\/","name":"Le t\u00e9l\u00e9phone Edge Ultra-Thin Samsung Galaxy S25 est de 20% de r\u00e9duction en ce moment | Vie Associative","isPartOf":{"@id":"https:\/\/vieassociative.be\/actualites\/#website"},"primaryImageOfPage":{"@id":"https:\/\/vieassociative.be\/actualites\/le-telephone-edge-ultra-thin-samsung-galaxy-s25-est-de-20-de-reduction-en-ce-moment\/#primaryimage"},"image":{"@id":"https:\/\/vieassociative.be\/actualites\/le-telephone-edge-ultra-thin-samsung-galaxy-s25-est-de-20-de-reduction-en-ce-moment\/#primaryimage"},"thumbnailUrl":"https:\/\/vieassociative.be\/actualites\/wp-content\/uploads\/2025\/08\/Le-telephone-Edge-Ultra-Thin-Samsung-Galaxy-S25-est-de-20.png","datePublished":"2025-08-14T13:18:22+00:00","dateModified":"2025-08-14T13:18:22+00:00","breadcrumb":{"@id":"https:\/\/vieassociative.be\/actualites\/le-telephone-edge-ultra-thin-samsung-galaxy-s25-est-de-20-de-reduction-en-ce-moment\/#breadcrumb"},"inLanguage":"fr-BE","potentialAction":[{"@type":"ReadAction","target":["https:\/\/vieassociative.be\/actualites\/le-telephone-edge-ultra-thin-samsung-galaxy-s25-est-de-20-de-reduction-en-ce-moment\/"]}]},{"@type":"ImageObject","inLanguage":"fr-BE","@id":"https:\/\/vieassociative.be\/actualites\/le-telephone-edge-ultra-thin-samsung-galaxy-s25-est-de-20-de-reduction-en-ce-moment\/#primaryimage","url":"https:\/\/vieassociative.be\/actualites\/wp-content\/uploads\/2025\/08\/Le-telephone-Edge-Ultra-Thin-Samsung-Galaxy-S25-est-de-20.png","contentUrl":"https:\/\/vieassociative.be\/actualites\/wp-content\/uploads\/2025\/08\/Le-telephone-Edge-Ultra-Thin-Samsung-Galaxy-S25-est-de-20.png","width":1200,"height":675,"caption":"Le t\u00e9l\u00e9phone Edge Ultra-Thin Samsung Galaxy S25 est de 20% de r\u00e9duction en ce moment"},{"@type":"BreadcrumbList","@id":"https:\/\/vieassociative.be\/actualites\/le-telephone-edge-ultra-thin-samsung-galaxy-s25-est-de-20-de-reduction-en-ce-moment\/#breadcrumb","itemListElement":[{"@type":"ListItem","position":1,"name":"Accueil","item":"https:\/\/vieassociative.be\/actualites\/"},{"@type":"ListItem","position":2,"name":"Le t\u00e9l\u00e9phone Edge Ultra-Thin Samsung Galaxy S25 est de 20% de r\u00e9duction en ce moment"}]},{"@type":"WebSite","@id":"https:\/\/vieassociative.be\/actualites\/#website","url":"https:\/\/vieassociative.be\/actualites\/","name":"Vie Associative","description":"","publisher":{"@id":"https:\/\/vieassociative.be\/actualites\/#organization"},"potentialAction":[{"@type":"SearchAction","target":{"@type":"EntryPoint","urlTemplate":"https:\/\/vieassociative.be\/actualites\/?s={search_term_string}"},"query-input":{"@type":"PropertyValueSpecification","valueRequired":true,"valueName":"search_term_string"}}],"inLanguage":"fr-BE"},{"@type":"Organization","@id":"https:\/\/vieassociative.be\/actualites\/#organization","name":"Vie Associative","url":"https:\/\/vieassociative.be\/actualites\/","logo":{"@type":"ImageObject","inLanguage":"fr-BE","@id":"https:\/\/vieassociative.be\/actualites\/#\/schema\/logo\/image\/","url":"https:\/\/vieassociative.be\/actualites\/wp-content\/uploads\/2024\/09\/cropped-vieassociative_favicon.ico.png","contentUrl":"https:\/\/vieassociative.be\/actualites\/wp-content\/uploads\/2024\/09\/cropped-vieassociative_favicon.ico.png","width":512,"height":512,"caption":"Vie Associative"},"image":{"@id":"https:\/\/vieassociative.be\/actualites\/#\/schema\/logo\/image\/"}},{"@type":"Person","@id":"https:\/\/vieassociative.be\/actualites\/#\/schema\/person\/b87ac4f82f9d4e7b7cec7395b679edc4","name":"Julien","image":{"@type":"ImageObject","inLanguage":"fr-BE","@id":"https:\/\/vieassociative.be\/actualites\/#\/schema\/person\/image\/","url":"https:\/\/vieassociative.be\/actualites\/wp-content\/uploads\/2024\/09\/vie-associative-1-150x150.jpg","contentUrl":"https:\/\/vieassociative.be\/actualites\/wp-content\/uploads\/2024\/09\/vie-associative-1-150x150.jpg","caption":"Julien"},"description":"Je suis Julien, r\u00e9dacteur pour Vie Associative. Passionn\u00e9 par le monde associatif depuis plus de 10 ans, j'ai \u00e0 c\u0153ur de partager des histoires inspirantes et de mettre en lumi\u00e8re les initiatives locales. Mon objectif est de sensibiliser et d'encourager l'engagement communautaire \u00e0 travers mes articles.","sameAs":["https:\/\/vieassociative.be\/"]}]}},"_links":{"self":[{"href":"https:\/\/vieassociative.be\/actualites\/wp-json\/wp\/v2\/posts\/9399"}],"collection":[{"href":"https:\/\/vieassociative.be\/actualites\/wp-json\/wp\/v2\/posts"}],"about":[{"href":"https:\/\/vieassociative.be\/actualites\/wp-json\/wp\/v2\/types\/post"}],"author":[{"embeddable":true,"href":"https:\/\/vieassociative.be\/actualites\/wp-json\/wp\/v2\/users\/1"}],"replies":[{"embeddable":true,"href":"https:\/\/vieassociative.be\/actualites\/wp-json\/wp\/v2\/comments?post=9399"}],"version-history":[{"count":0,"href":"https:\/\/vieassociative.be\/actualites\/wp-json\/wp\/v2\/posts\/9399\/revisions"}],"wp:featuredmedia":[{"embeddable":true,"href":"https:\/\/vieassociative.be\/actualites\/wp-json\/wp\/v2\/media\/9400"}],"wp:attachment":[{"href":"https:\/\/vieassociative.be\/actualites\/wp-json\/wp\/v2\/media?parent=9399"}],"wp:term":[{"taxonomy":"category","embeddable":true,"href":"https:\/\/vieassociative.be\/actualites\/wp-json\/wp\/v2\/categories?post=9399"},{"taxonomy":"post_tag","embeddable":true,"href":"https:\/\/vieassociative.be\/actualites\/wp-json\/wp\/v2\/tags?post=9399"}],"curies":[{"name":"wp","href":"https:\/\/api.w.org\/{rel}","templated":true}]}}