{"id":9397,"date":"2025-08-14T13:17:04","date_gmt":"2025-08-14T11:17:04","guid":{"rendered":"https:\/\/vieassociative.be\/actualites\/le-pli-galaxy-512-go-7-est-inferieur-au-modele-de-base-en-ce-moment\/"},"modified":"2025-08-14T13:17:04","modified_gmt":"2025-08-14T11:17:04","slug":"le-pli-galaxy-512-go-7-est-inferieur-au-modele-de-base-en-ce-moment","status":"publish","type":"post","link":"https:\/\/vieassociative.be\/actualites\/le-pli-galaxy-512-go-7-est-inferieur-au-modele-de-base-en-ce-moment\/","title":{"rendered":"Le pli Galaxy 512 Go 7 est inf\u00e9rieur au mod\u00e8le de base en ce moment"},"content":{"rendered":"<div class=\"mt-4 leading-6 md:mb-8\">Vous devrez s\u00e9lectionner manuellement l&rsquo;option 512 Go pour voir l&rsquo;accord.<\/div>\n<p><\/p>\n<p>Si vous avez regard\u00e9 le dernier pliable de Samsung, peut-\u00eatre le moment de faire le saut, surtout si vous voulez plus de stockage. Le 512 Go Samsung Galaxy Z Fold 7 est actuellement 1 849,97 $, un prix complet de 270 $ de son prix r\u00e9gulier de 2 119,99 $. Curieusement, c&rsquo;est moins cher que la version 256 Go, ce qui signifie que vous obtenez le double du stockage pour moins d&rsquo;argent. <\/p>\n<div class=\"pogoClear mb-12 mt-10 rounded-md border-2 border-gray-100 py-7 shadow-xl md:py-6\">\n<div class=\"flex flex-wrap justify-between px-7 text-black no-underline md:flex-nowrap md:px-8\">\n<div class=\"order-1 mx-auto flex flex-col justify-center md:order-2 md:ml-4 md:w-full md:grow\">\n<div class=\"block cursor-pointer text-center font-akshar text-2xl font-medium leading-7 text-brand-green duration-200 ease-in-out hover:text-brand-green-700 md:text-left md:text-xl md:leading-6\">512 Go Samsung Galaxy Z pli 7\n                <\/div>\n<div class=\"mt-4 hidden md:flex md:justify-between\">\n<div class=\"self-end\">\n<div class=\"mb-0 h-11 md:flex md:flex-col md:justify-center\">\n<div class=\" font-sans leading-4 text-black\">\n<div class=\"flex flex-wrap items-center justify-center gap-1 md:justify-start\">\n        <span class=\"font-bold\"><\/p>\n<p>            1 849,97 $<br \/>\n                            <span class=\"font-medium\">\u00e0 Amazon <\/span><br \/>\n                    <\/span>\n            <\/div>\n<div class=\"flex items-center justify-center gap-x-1 font-bold md:justify-start\">\n            <span class=\"text-sm line-through\">2 119,99 $<\/span><br \/>\n            <span class=\"text-sm text-brand-green\">\u00c9conomisez 270,02 $<\/span>\n        <\/div>\n<\/p><\/div>\n<\/p><\/div>\n<\/p><\/div>\n<div class=\"w-44 self-end\">\n                            <button class=\"flex justify-center items-center w-full bg-brand-green text-white text-base font-sans font-medium rounded-md hover:bg-brand-green-700 hover:cursor-pointer md:text-sm h-11\"><\/p>\n<p>    Conclure un accord<br \/>\n<\/button>\n                        <\/div>\n<\/p><\/div>\n<\/p><\/div>\n<div class=\"order-2 mt-5 h-auto w-full md:order-1 md:mt-0 md:hidden\">\n<div class=\"flex aspect-video items-center justify-center\">\n                                            <img decoding=\"async\" class=\"m-0 max-h-full max-w-full rounded-md\" src=\"https:\/\/vieassociative.be\/actualites\/wp-content\/uploads\/2025\/08\/Le-pli-Galaxy-512-Go-7-est-inferieur-au-modele.png\" alt=\"512 Go Samsung Galaxy Z pli 7\" width=\"auto\" height=\"auto\" loading=\"lazy\">\n                                    <\/div>\n<\/p><\/div>\n<div class=\"order-2 ml-2 hidden w-32 shrink-0 items-center md:order-1 md:ml-0 md:flex\">\n<div class=\"flex aspect-video items-center justify-center\">\n                                            <img decoding=\"async\" class=\"m-0 max-h-full max-w-full rounded-md\" src=\"https:\/\/vieassociative.be\/actualites\/wp-content\/uploads\/2025\/08\/Le-pli-Galaxy-512-Go-7-est-inferieur-au-modele.png\" alt=\"512 Go Samsung Galaxy Z pli 7\" width=\"auto\" height=\"auto\" loading=\"lazy\">\n                                    <\/div>\n<\/p><\/div>\n<div class=\"order-3 flex grow flex-wrap md:hidden md:grow-0\">\n<div class=\"mt-4 w-full\">\n                        <button class=\"flex justify-center items-center w-full bg-brand-green text-white text-base font-sans font-medium rounded-md hover:bg-brand-green-700 hover:cursor-pointer md:text-sm h-11\"><\/p>\n<p>    Conclure un accord<br \/>\n<\/button>\n                    <\/div>\n<div class=\"mx-2 mt-4 w-full\">\n<div class=\" font-sans leading-4 text-black\">\n<div class=\"flex flex-wrap items-center justify-center gap-1 md:justify-start\">\n        <span class=\"font-bold\"><\/p>\n<p>            1 849,97 $<br \/>\n                            <span class=\"font-medium\">\u00e0 Amazon <\/span><br \/>\n                    <\/span>\n            <\/div>\n<div class=\"flex items-center justify-center gap-x-1 font-bold md:justify-start\">\n            <span class=\"text-sm line-through\">2 119,99 $<\/span><br \/>\n            <span class=\"text-sm text-brand-green\">\u00c9conomisez 270,02 $<\/span>\n        <\/div>\n<\/p><\/div>\n<\/p><\/div>\n<\/p><\/div>\n<\/p><\/div>\n<\/div>\n<p>L&rsquo;accord s&rsquo;applique aux options de couleurs d&rsquo;ombre noir et bleu de jet, mais voici la capture: la page principale du produit par d\u00e9faut est le mod\u00e8le de 256 Go. Vous devrez faire d\u00e9filer vers le bas, s\u00e9lectionner l&rsquo;option de stockage de 512 Go, et c&rsquo;est l\u00e0 que vous verrez le prix inf\u00e9rieur appara\u00eetre. Cela vaut le clic suppl\u00e9mentaire ou deux. Notre r\u00e9dacteur en chef associ\u00e9, Michelle Ehrhardt, a appel\u00e9 le Galaxy Z Fold 7 \u00ab\u00a0le meilleur pliable que vous puissiez obtenir\u00a0\u00bb dans sa revue.<\/p>\n<p>Le pli 7 est un \u00e9l\u00e9ment de technologie \u00e9tonnamment raffin\u00e9 pour les personnes qui veulent un t\u00e9l\u00e9phone et une tablette en un. D\u00e9pliez-le et vous avez un affichage massif et presque carr\u00e9 qui est id\u00e9al pour le multit\u00e2che, la lecture ou le regard de vid\u00e9os sans les barres noires que vous obtenez sur un t\u00e9l\u00e9phone standard. Pliez-le et vous \u00eates de retour \u00e0 un \u00e9cran de couverture plus traditionnel (mais toujours grand) pour les r\u00e9ponses rapides, la navigation ou la prise d&rsquo;un appel. Samsung a rendu la charni\u00e8re plus mince et plus robuste cette ann\u00e9e, et le t\u00e9l\u00e9phone se sent plus \u00e9quilibr\u00e9 en main que les versions ant\u00e9rieures. Les cam\u00e9ras sont \u00e9galement solides, la manipulation des plans de jour et de nuit et de rendre les appels vid\u00e9o net.<\/p>\n<p>Cela dit, si vous \u00eates plus un flip qu&rsquo;un pli, le Galaxy Z Flip 7 voient \u00e9galement le m\u00eame type de mise \u00e0 niveau de stockage. Le mod\u00e8le de 256 Go est de 1 099,99 $, mais le mod\u00e8le de 512 Go en noir de jonc est de 1 089 $. C&rsquo;est 10 $ de moins pour deux fois l&rsquo;espace, ce qui est rare dans la tarification des smartphones. Avec les mod\u00e8les Fold 7 et Flip 7, vous obtenez les meilleurs \u00e9crans de Samsung, une forte qualit\u00e9 de construction et un design qui est toujours un tourneur en 2025. Si vous d\u00e9pensez d\u00e9j\u00e0 un grand, il est logique de saisir le stockage suppl\u00e9mentaire, surtout quand il en co\u00fbte moins cher que la version de base. <\/p>\n","protected":false},"excerpt":{"rendered":"<p>Vous devrez s\u00e9lectionner manuellement l&rsquo;option 512 Go pour voir l&rsquo;accord. Si vous avez regard\u00e9 le dernier pliable de Samsung, peut-\u00eatre le moment de faire le<\/p>\n","protected":false},"author":1,"featured_media":9398,"comment_status":"","ping_status":"","sticky":false,"template":"","format":"standard","meta":{"footnotes":""},"categories":[13],"tags":[582,76,4183,5603,5113,1429,8154],"class_list":["post-9397","post","type-post","status-publish","format-standard","has-post-thumbnail","hentry","category-technologie","tag-base","tag-est","tag-galaxy","tag-inferieur","tag-modele","tag-moment","tag-pli","generate-columns","tablet-grid-50","mobile-grid-100","grid-parent","grid-33"],"yoast_head":"<!-- This site is optimized with the Yoast SEO plugin v24.0 - https:\/\/yoast.com\/wordpress\/plugins\/seo\/ -->\n<title>Le pli Galaxy 512 Go 7 est inf\u00e9rieur au mod\u00e8le de base en ce moment | Vie Associative<\/title>\n<meta name=\"robots\" content=\"index, follow, max-snippet:-1, max-image-preview:large, max-video-preview:-1\" \/>\n<link rel=\"canonical\" href=\"https:\/\/vieassociative.be\/actualites\/le-pli-galaxy-512-go-7-est-inferieur-au-modele-de-base-en-ce-moment\/\" \/>\n<meta property=\"og:locale\" content=\"fr_FR\" \/>\n<meta property=\"og:type\" content=\"article\" \/>\n<meta property=\"og:title\" content=\"Le pli Galaxy 512 Go 7 est inf\u00e9rieur au mod\u00e8le de base en ce moment | Vie Associative\" \/>\n<meta property=\"og:description\" content=\"Vous devrez s\u00e9lectionner manuellement l&rsquo;option 512 Go pour voir l&rsquo;accord. Si vous avez regard\u00e9 le dernier pliable de Samsung, peut-\u00eatre le moment de faire le\" \/>\n<meta property=\"og:url\" content=\"https:\/\/vieassociative.be\/actualites\/le-pli-galaxy-512-go-7-est-inferieur-au-modele-de-base-en-ce-moment\/\" \/>\n<meta property=\"og:site_name\" content=\"Vie Associative\" \/>\n<meta property=\"article:published_time\" content=\"2025-08-14T11:17:04+00:00\" \/>\n<meta property=\"og:image\" content=\"https:\/\/vieassociative.be\/actualites\/wp-content\/uploads\/2025\/08\/Le-pli-Galaxy-512-Go-7-est-inferieur-au-modele.png\" \/>\n<meta name=\"author\" content=\"Julien\" \/>\n<meta name=\"twitter:card\" content=\"summary_large_image\" \/>\n<meta name=\"twitter:label1\" content=\"\u00c9crit par\" \/>\n\t<meta name=\"twitter:data1\" content=\"Julien\" \/>\n\t<meta name=\"twitter:label2\" content=\"Dur\u00e9e de lecture est.\" \/>\n\t<meta name=\"twitter:data2\" content=\"2 minutes\" \/>\n<script type=\"application\/ld+json\" class=\"yoast-schema-graph\">{\"@context\":\"https:\/\/schema.org\",\"@graph\":[{\"@type\":\"Article\",\"@id\":\"https:\/\/vieassociative.be\/actualites\/le-pli-galaxy-512-go-7-est-inferieur-au-modele-de-base-en-ce-moment\/#article\",\"isPartOf\":{\"@id\":\"https:\/\/vieassociative.be\/actualites\/le-pli-galaxy-512-go-7-est-inferieur-au-modele-de-base-en-ce-moment\/\"},\"author\":{\"name\":\"Julien\",\"@id\":\"https:\/\/vieassociative.be\/actualites\/#\/schema\/person\/b87ac4f82f9d4e7b7cec7395b679edc4\"},\"headline\":\"Le pli Galaxy 512 Go 7 est inf\u00e9rieur au mod\u00e8le de base en ce moment\",\"datePublished\":\"2025-08-14T11:17:04+00:00\",\"dateModified\":\"2025-08-14T11:17:04+00:00\",\"mainEntityOfPage\":{\"@id\":\"https:\/\/vieassociative.be\/actualites\/le-pli-galaxy-512-go-7-est-inferieur-au-modele-de-base-en-ce-moment\/\"},\"wordCount\":467,\"publisher\":{\"@id\":\"https:\/\/vieassociative.be\/actualites\/#organization\"},\"image\":{\"@id\":\"https:\/\/vieassociative.be\/actualites\/le-pli-galaxy-512-go-7-est-inferieur-au-modele-de-base-en-ce-moment\/#primaryimage\"},\"thumbnailUrl\":\"https:\/\/vieassociative.be\/actualites\/wp-content\/uploads\/2025\/08\/1755170225_Le-pli-Galaxy-512-Go-7-est-inferieur-au-modele.png\",\"keywords\":[\"base\",\"est\",\"Galaxy\",\"inf\u00e9rieur\",\"mod\u00e8le\",\"moment\",\"pli\"],\"articleSection\":[\"Technologie\"],\"inLanguage\":\"fr-BE\"},{\"@type\":\"WebPage\",\"@id\":\"https:\/\/vieassociative.be\/actualites\/le-pli-galaxy-512-go-7-est-inferieur-au-modele-de-base-en-ce-moment\/\",\"url\":\"https:\/\/vieassociative.be\/actualites\/le-pli-galaxy-512-go-7-est-inferieur-au-modele-de-base-en-ce-moment\/\",\"name\":\"Le pli Galaxy 512 Go 7 est inf\u00e9rieur au mod\u00e8le de base en ce moment | Vie Associative\",\"isPartOf\":{\"@id\":\"https:\/\/vieassociative.be\/actualites\/#website\"},\"primaryImageOfPage\":{\"@id\":\"https:\/\/vieassociative.be\/actualites\/le-pli-galaxy-512-go-7-est-inferieur-au-modele-de-base-en-ce-moment\/#primaryimage\"},\"image\":{\"@id\":\"https:\/\/vieassociative.be\/actualites\/le-pli-galaxy-512-go-7-est-inferieur-au-modele-de-base-en-ce-moment\/#primaryimage\"},\"thumbnailUrl\":\"https:\/\/vieassociative.be\/actualites\/wp-content\/uploads\/2025\/08\/1755170225_Le-pli-Galaxy-512-Go-7-est-inferieur-au-modele.png\",\"datePublished\":\"2025-08-14T11:17:04+00:00\",\"dateModified\":\"2025-08-14T11:17:04+00:00\",\"breadcrumb\":{\"@id\":\"https:\/\/vieassociative.be\/actualites\/le-pli-galaxy-512-go-7-est-inferieur-au-modele-de-base-en-ce-moment\/#breadcrumb\"},\"inLanguage\":\"fr-BE\",\"potentialAction\":[{\"@type\":\"ReadAction\",\"target\":[\"https:\/\/vieassociative.be\/actualites\/le-pli-galaxy-512-go-7-est-inferieur-au-modele-de-base-en-ce-moment\/\"]}]},{\"@type\":\"ImageObject\",\"inLanguage\":\"fr-BE\",\"@id\":\"https:\/\/vieassociative.be\/actualites\/le-pli-galaxy-512-go-7-est-inferieur-au-modele-de-base-en-ce-moment\/#primaryimage\",\"url\":\"https:\/\/vieassociative.be\/actualites\/wp-content\/uploads\/2025\/08\/1755170225_Le-pli-Galaxy-512-Go-7-est-inferieur-au-modele.png\",\"contentUrl\":\"https:\/\/vieassociative.be\/actualites\/wp-content\/uploads\/2025\/08\/1755170225_Le-pli-Galaxy-512-Go-7-est-inferieur-au-modele.png\",\"width\":1200,\"height\":675,\"caption\":\"Le pli Galaxy 512 Go 7 est inf\u00e9rieur au mod\u00e8le de base en ce moment\"},{\"@type\":\"BreadcrumbList\",\"@id\":\"https:\/\/vieassociative.be\/actualites\/le-pli-galaxy-512-go-7-est-inferieur-au-modele-de-base-en-ce-moment\/#breadcrumb\",\"itemListElement\":[{\"@type\":\"ListItem\",\"position\":1,\"name\":\"Accueil\",\"item\":\"https:\/\/vieassociative.be\/actualites\/\"},{\"@type\":\"ListItem\",\"position\":2,\"name\":\"Le pli Galaxy 512 Go 7 est inf\u00e9rieur au mod\u00e8le de base en ce moment\"}]},{\"@type\":\"WebSite\",\"@id\":\"https:\/\/vieassociative.be\/actualites\/#website\",\"url\":\"https:\/\/vieassociative.be\/actualites\/\",\"name\":\"Vie Associative\",\"description\":\"\",\"publisher\":{\"@id\":\"https:\/\/vieassociative.be\/actualites\/#organization\"},\"potentialAction\":[{\"@type\":\"SearchAction\",\"target\":{\"@type\":\"EntryPoint\",\"urlTemplate\":\"https:\/\/vieassociative.be\/actualites\/?s={search_term_string}\"},\"query-input\":{\"@type\":\"PropertyValueSpecification\",\"valueRequired\":true,\"valueName\":\"search_term_string\"}}],\"inLanguage\":\"fr-BE\"},{\"@type\":\"Organization\",\"@id\":\"https:\/\/vieassociative.be\/actualites\/#organization\",\"name\":\"Vie Associative\",\"url\":\"https:\/\/vieassociative.be\/actualites\/\",\"logo\":{\"@type\":\"ImageObject\",\"inLanguage\":\"fr-BE\",\"@id\":\"https:\/\/vieassociative.be\/actualites\/#\/schema\/logo\/image\/\",\"url\":\"https:\/\/vieassociative.be\/actualites\/wp-content\/uploads\/2024\/09\/cropped-vieassociative_favicon.ico.png\",\"contentUrl\":\"https:\/\/vieassociative.be\/actualites\/wp-content\/uploads\/2024\/09\/cropped-vieassociative_favicon.ico.png\",\"width\":512,\"height\":512,\"caption\":\"Vie Associative\"},\"image\":{\"@id\":\"https:\/\/vieassociative.be\/actualites\/#\/schema\/logo\/image\/\"}},{\"@type\":\"Person\",\"@id\":\"https:\/\/vieassociative.be\/actualites\/#\/schema\/person\/b87ac4f82f9d4e7b7cec7395b679edc4\",\"name\":\"Julien\",\"image\":{\"@type\":\"ImageObject\",\"inLanguage\":\"fr-BE\",\"@id\":\"https:\/\/vieassociative.be\/actualites\/#\/schema\/person\/image\/\",\"url\":\"https:\/\/vieassociative.be\/actualites\/wp-content\/uploads\/2024\/09\/vie-associative-1-150x150.jpg\",\"contentUrl\":\"https:\/\/vieassociative.be\/actualites\/wp-content\/uploads\/2024\/09\/vie-associative-1-150x150.jpg\",\"caption\":\"Julien\"},\"description\":\"Je suis Julien, r\u00e9dacteur pour Vie Associative. Passionn\u00e9 par le monde associatif depuis plus de 10 ans, j'ai \u00e0 c\u0153ur de partager des histoires inspirantes et de mettre en lumi\u00e8re les initiatives locales. Mon objectif est de sensibiliser et d'encourager l'engagement communautaire \u00e0 travers mes articles.\",\"sameAs\":[\"https:\/\/vieassociative.be\/\"]}]}<\/script>\n<!-- \/ Yoast SEO plugin. -->","yoast_head_json":{"title":"Le pli Galaxy 512 Go 7 est inf\u00e9rieur au mod\u00e8le de base en ce moment | Vie Associative","robots":{"index":"index","follow":"follow","max-snippet":"max-snippet:-1","max-image-preview":"max-image-preview:large","max-video-preview":"max-video-preview:-1"},"canonical":"https:\/\/vieassociative.be\/actualites\/le-pli-galaxy-512-go-7-est-inferieur-au-modele-de-base-en-ce-moment\/","og_locale":"fr_FR","og_type":"article","og_title":"Le pli Galaxy 512 Go 7 est inf\u00e9rieur au mod\u00e8le de base en ce moment | Vie Associative","og_description":"Vous devrez s\u00e9lectionner manuellement l&rsquo;option 512 Go pour voir l&rsquo;accord. Si vous avez regard\u00e9 le dernier pliable de Samsung, peut-\u00eatre le moment de faire le","og_url":"https:\/\/vieassociative.be\/actualites\/le-pli-galaxy-512-go-7-est-inferieur-au-modele-de-base-en-ce-moment\/","og_site_name":"Vie Associative","article_published_time":"2025-08-14T11:17:04+00:00","og_image":[{"url":"https:\/\/vieassociative.be\/actualites\/wp-content\/uploads\/2025\/08\/Le-pli-Galaxy-512-Go-7-est-inferieur-au-modele.png","type":"","width":"","height":""}],"author":"Julien","twitter_card":"summary_large_image","twitter_misc":{"\u00c9crit par":"Julien","Dur\u00e9e de lecture est.":"2 minutes"},"schema":{"@context":"https:\/\/schema.org","@graph":[{"@type":"Article","@id":"https:\/\/vieassociative.be\/actualites\/le-pli-galaxy-512-go-7-est-inferieur-au-modele-de-base-en-ce-moment\/#article","isPartOf":{"@id":"https:\/\/vieassociative.be\/actualites\/le-pli-galaxy-512-go-7-est-inferieur-au-modele-de-base-en-ce-moment\/"},"author":{"name":"Julien","@id":"https:\/\/vieassociative.be\/actualites\/#\/schema\/person\/b87ac4f82f9d4e7b7cec7395b679edc4"},"headline":"Le pli Galaxy 512 Go 7 est inf\u00e9rieur au mod\u00e8le de base en ce moment","datePublished":"2025-08-14T11:17:04+00:00","dateModified":"2025-08-14T11:17:04+00:00","mainEntityOfPage":{"@id":"https:\/\/vieassociative.be\/actualites\/le-pli-galaxy-512-go-7-est-inferieur-au-modele-de-base-en-ce-moment\/"},"wordCount":467,"publisher":{"@id":"https:\/\/vieassociative.be\/actualites\/#organization"},"image":{"@id":"https:\/\/vieassociative.be\/actualites\/le-pli-galaxy-512-go-7-est-inferieur-au-modele-de-base-en-ce-moment\/#primaryimage"},"thumbnailUrl":"https:\/\/vieassociative.be\/actualites\/wp-content\/uploads\/2025\/08\/1755170225_Le-pli-Galaxy-512-Go-7-est-inferieur-au-modele.png","keywords":["base","est","Galaxy","inf\u00e9rieur","mod\u00e8le","moment","pli"],"articleSection":["Technologie"],"inLanguage":"fr-BE"},{"@type":"WebPage","@id":"https:\/\/vieassociative.be\/actualites\/le-pli-galaxy-512-go-7-est-inferieur-au-modele-de-base-en-ce-moment\/","url":"https:\/\/vieassociative.be\/actualites\/le-pli-galaxy-512-go-7-est-inferieur-au-modele-de-base-en-ce-moment\/","name":"Le pli Galaxy 512 Go 7 est inf\u00e9rieur au mod\u00e8le de base en ce moment | Vie Associative","isPartOf":{"@id":"https:\/\/vieassociative.be\/actualites\/#website"},"primaryImageOfPage":{"@id":"https:\/\/vieassociative.be\/actualites\/le-pli-galaxy-512-go-7-est-inferieur-au-modele-de-base-en-ce-moment\/#primaryimage"},"image":{"@id":"https:\/\/vieassociative.be\/actualites\/le-pli-galaxy-512-go-7-est-inferieur-au-modele-de-base-en-ce-moment\/#primaryimage"},"thumbnailUrl":"https:\/\/vieassociative.be\/actualites\/wp-content\/uploads\/2025\/08\/1755170225_Le-pli-Galaxy-512-Go-7-est-inferieur-au-modele.png","datePublished":"2025-08-14T11:17:04+00:00","dateModified":"2025-08-14T11:17:04+00:00","breadcrumb":{"@id":"https:\/\/vieassociative.be\/actualites\/le-pli-galaxy-512-go-7-est-inferieur-au-modele-de-base-en-ce-moment\/#breadcrumb"},"inLanguage":"fr-BE","potentialAction":[{"@type":"ReadAction","target":["https:\/\/vieassociative.be\/actualites\/le-pli-galaxy-512-go-7-est-inferieur-au-modele-de-base-en-ce-moment\/"]}]},{"@type":"ImageObject","inLanguage":"fr-BE","@id":"https:\/\/vieassociative.be\/actualites\/le-pli-galaxy-512-go-7-est-inferieur-au-modele-de-base-en-ce-moment\/#primaryimage","url":"https:\/\/vieassociative.be\/actualites\/wp-content\/uploads\/2025\/08\/1755170225_Le-pli-Galaxy-512-Go-7-est-inferieur-au-modele.png","contentUrl":"https:\/\/vieassociative.be\/actualites\/wp-content\/uploads\/2025\/08\/1755170225_Le-pli-Galaxy-512-Go-7-est-inferieur-au-modele.png","width":1200,"height":675,"caption":"Le pli Galaxy 512 Go 7 est inf\u00e9rieur au mod\u00e8le de base en ce moment"},{"@type":"BreadcrumbList","@id":"https:\/\/vieassociative.be\/actualites\/le-pli-galaxy-512-go-7-est-inferieur-au-modele-de-base-en-ce-moment\/#breadcrumb","itemListElement":[{"@type":"ListItem","position":1,"name":"Accueil","item":"https:\/\/vieassociative.be\/actualites\/"},{"@type":"ListItem","position":2,"name":"Le pli Galaxy 512 Go 7 est inf\u00e9rieur au mod\u00e8le de base en ce moment"}]},{"@type":"WebSite","@id":"https:\/\/vieassociative.be\/actualites\/#website","url":"https:\/\/vieassociative.be\/actualites\/","name":"Vie Associative","description":"","publisher":{"@id":"https:\/\/vieassociative.be\/actualites\/#organization"},"potentialAction":[{"@type":"SearchAction","target":{"@type":"EntryPoint","urlTemplate":"https:\/\/vieassociative.be\/actualites\/?s={search_term_string}"},"query-input":{"@type":"PropertyValueSpecification","valueRequired":true,"valueName":"search_term_string"}}],"inLanguage":"fr-BE"},{"@type":"Organization","@id":"https:\/\/vieassociative.be\/actualites\/#organization","name":"Vie Associative","url":"https:\/\/vieassociative.be\/actualites\/","logo":{"@type":"ImageObject","inLanguage":"fr-BE","@id":"https:\/\/vieassociative.be\/actualites\/#\/schema\/logo\/image\/","url":"https:\/\/vieassociative.be\/actualites\/wp-content\/uploads\/2024\/09\/cropped-vieassociative_favicon.ico.png","contentUrl":"https:\/\/vieassociative.be\/actualites\/wp-content\/uploads\/2024\/09\/cropped-vieassociative_favicon.ico.png","width":512,"height":512,"caption":"Vie Associative"},"image":{"@id":"https:\/\/vieassociative.be\/actualites\/#\/schema\/logo\/image\/"}},{"@type":"Person","@id":"https:\/\/vieassociative.be\/actualites\/#\/schema\/person\/b87ac4f82f9d4e7b7cec7395b679edc4","name":"Julien","image":{"@type":"ImageObject","inLanguage":"fr-BE","@id":"https:\/\/vieassociative.be\/actualites\/#\/schema\/person\/image\/","url":"https:\/\/vieassociative.be\/actualites\/wp-content\/uploads\/2024\/09\/vie-associative-1-150x150.jpg","contentUrl":"https:\/\/vieassociative.be\/actualites\/wp-content\/uploads\/2024\/09\/vie-associative-1-150x150.jpg","caption":"Julien"},"description":"Je suis Julien, r\u00e9dacteur pour Vie Associative. Passionn\u00e9 par le monde associatif depuis plus de 10 ans, j'ai \u00e0 c\u0153ur de partager des histoires inspirantes et de mettre en lumi\u00e8re les initiatives locales. Mon objectif est de sensibiliser et d'encourager l'engagement communautaire \u00e0 travers mes articles.","sameAs":["https:\/\/vieassociative.be\/"]}]}},"_links":{"self":[{"href":"https:\/\/vieassociative.be\/actualites\/wp-json\/wp\/v2\/posts\/9397"}],"collection":[{"href":"https:\/\/vieassociative.be\/actualites\/wp-json\/wp\/v2\/posts"}],"about":[{"href":"https:\/\/vieassociative.be\/actualites\/wp-json\/wp\/v2\/types\/post"}],"author":[{"embeddable":true,"href":"https:\/\/vieassociative.be\/actualites\/wp-json\/wp\/v2\/users\/1"}],"replies":[{"embeddable":true,"href":"https:\/\/vieassociative.be\/actualites\/wp-json\/wp\/v2\/comments?post=9397"}],"version-history":[{"count":0,"href":"https:\/\/vieassociative.be\/actualites\/wp-json\/wp\/v2\/posts\/9397\/revisions"}],"wp:featuredmedia":[{"embeddable":true,"href":"https:\/\/vieassociative.be\/actualites\/wp-json\/wp\/v2\/media\/9398"}],"wp:attachment":[{"href":"https:\/\/vieassociative.be\/actualites\/wp-json\/wp\/v2\/media?parent=9397"}],"wp:term":[{"taxonomy":"category","embeddable":true,"href":"https:\/\/vieassociative.be\/actualites\/wp-json\/wp\/v2\/categories?post=9397"},{"taxonomy":"post_tag","embeddable":true,"href":"https:\/\/vieassociative.be\/actualites\/wp-json\/wp\/v2\/tags?post=9397"}],"curies":[{"name":"wp","href":"https:\/\/api.w.org\/{rel}","templated":true}]}}