{"id":9395,"date":"2025-08-14T10:19:22","date_gmt":"2025-08-14T08:19:22","guid":{"rendered":"https:\/\/vieassociative.be\/actualites\/le-gouvernement-de-paasch-a-perdu-la-gravite-sp-pour-annuler-la-prime-scolaire-en-prestation-pour-enfants\/"},"modified":"2025-08-14T10:19:22","modified_gmt":"2025-08-14T08:19:22","slug":"le-gouvernement-de-paasch-a-perdu-la-gravite-sp-pour-annuler-la-prime-scolaire-en-prestation-pour-enfants","status":"publish","type":"post","link":"https:\/\/vieassociative.be\/actualites\/le-gouvernement-de-paasch-a-perdu-la-gravite-sp-pour-annuler-la-prime-scolaire-en-prestation-pour-enfants\/","title":{"rendered":"\u00ab\u00a0Le gouvernement de Paasch a perdu la gravit\u00e9\u00a0\u00bb: SP pour annuler la prime scolaire en prestation pour enfants"},"content":{"rendered":"<p><strong>La suppression de la prime scolaire de la prestation pour enfants du gouvernement DG est d\u00e9sormais \u00e9galement un diff\u00e9rend sur le gouvernement du gouvernement du Premier ministre Oliver Paasch (ProDG). Apr\u00e8s le groupe Vivant, le ministre Lydia Klinkenberg et Paasch lui-m\u00eame (voir les rapports ailleurs), le SP s&rsquo;accumule d\u00e9sormais \u00e9galement sur le sujet des diff\u00e9rends estivaux.<\/strong><\/p>\n<p><span id=\"more-422295\"><\/span>Dans un communiqu\u00e9 de presse, le SP East Belgique appelle \u00e0 la r\u00e9introduction de la prime scolaire et \u00e0 des excuses du Premier ministre.<\/p>\n<p>La Belgique de l&rsquo;Est du Sp reproche le gouvernement Paasch qu&rsquo;il a supprim\u00e9 la prime de l&rsquo;\u00e9cole pendant les prestations pour enfants. \u00ab\u00a0Aux yeux des sociaux-d\u00e9mocrates et des socialistes, le gouvernement du Paasch a perdu le terrain. Ce que nous vivons ici en Belgique est un gouvernement dont la politique n&rsquo;a aucun sentiment pour les probl\u00e8mes des gens! Avec leurs d\u00e9clarations indiff\u00e9rentes pour supprimer la surtaxe annuelle, les ministres Paasch et Klinkenberg prouvent qu&rsquo;ils n&rsquo;ont aucune r\u00e9f\u00e9rence aux inqui\u00e9tudes de nombreuses familles de l&rsquo;est du Belgium.\u00a0\u00bb \u00ab\u00a0<\/p>\n<div id=\"attachment_402647\" class=\"wp-caption alignleft\" style=\"max-width: 300px\"><img fetchpriority=\"high\" decoding=\"async\" class=\"wp-image-402647 size-medium\" src=\"https:\/\/vieassociative.be\/actualites\/wp-content\/uploads\/2024\/11\/Stop-a-la-spirale-de-la-dette.jpg\" alt=\"\" width=\"300\" height=\"200\"><\/div>\n<p>Linda Zwartbol, pr\u00e9sidente du SP, souligne: \u00abPour un nouveau sac scolaire seul, un montant \u00e0 trois chiffres est souvent d\u00fb. De nombreuses familles \u00e9conomisent de l&rsquo;argent dure toute l&rsquo;ann\u00e9e pour supporter les co\u00fbts scolaires qui s&rsquo;engagent \u00e0 l&rsquo;automne. Quiconque pr\u00e9tend que l&rsquo;\u00e9ducation est gratuite ici est silencieuse quant \u00e0 la pression financi\u00e8re des familles. Le gouvernement est comme si le fait de l&rsquo;introduction a \u00e9t\u00e9 si l&rsquo;entr\u00e9e dans le fait que le fait de l&#8217;emplacement \u00e9tait un avantage. Le SP \u00e9tait responsable de la prestation des enfants dans le gouvernement et a soumis la proposition de maintenir ce suppl\u00e9ment annuel. \u00bb<\/p>\n<p>\u00abLe SP a fourni au ministre de la famille au cours des 10 derni\u00e8res ann\u00e9es et d\u00e9fend la prestation des enfants des mesures d&rsquo;aust\u00e9rit\u00e9. Nous condamnons la suppression de la surtaxe annuelle et suspend la prestation des enfants! Nos familles perdent nos familles par le biais des mesures d&rsquo;aust\u00e9rit\u00e9 du gouvernement. Le pouvoir d&rsquo;achat qui serait n\u00e9cessaire \u00e0 l&rsquo;\u00e9poque.<\/p>\n<div id=\"attachment_396333\" class=\"wp-caption alignleft\" style=\"max-width: 300px\"><img decoding=\"async\" class=\"wp-image-396333 size-medium\" src=\"https:\/\/vieassociative.be\/actualites\/wp-content\/uploads\/2025\/08\/Le-gouvernement-de-Paasch-a-perdu-la-gravite-SP-pour.jpg\" alt=\"\" width=\"300\" height=\"201\"  ><\/div>\n<p>Les sociaux-d\u00e9mocrates et les socialistes sont \u00e9galement choqu\u00e9s \u00ab\u00a0avec lesquels la rongeur du froid est le gouvernement de la communaut\u00e9 allemande.<\/p>\n<p>Le SP East Belgique accueille donc certains parents pour avoir trouv\u00e9 le courage de commencer une p\u00e9tition. \u00ab\u00a0Nous allons travailler pour nous assurer que cette p\u00e9tition au Parlement est trait\u00e9e correctement et non balay\u00e9e par la majorit\u00e9. Cela est d\u00fb aux familles\u00a0\u00bb, conclut Zwartbol. \u00ab\u00a0Nous appelons le gouvernement \u00e0 retirer les coupes dans les prestations infantiles et \u00e0 nous excuser pour une mauvaise communication entre les familles!\u00a0\u00bb (Cre)<\/p>\n<p><strong>Sur le sujet, voir \u00e9galement l&rsquo;article suivant sur OD:<\/strong><\/p>\n<div class=\"responsive-embed widescreen\">\n<blockquote class=\"wp-embedded-content\" data-secret=\"UgdlEDVVsK\">\n<p>Le d\u00e9put\u00e9 Paasch accuse le groupe Vivant Panic Machy: \u00ab\u00a0Situation financi\u00e8re de la DG stable, charge de la dette g\u00e9rable\u00a0\u00bb<\/p>\n<\/blockquote>\n<p><iframe loading=\"lazy\" class=\"wp-embedded-content\" sandbox=\"allow-scripts\" security=\"restricted\" style=\"position: absolute; visibility: hidden;\" title=\"\u201eMP Paasch wirft der Vivant-Fraktion Panikmache vor: \u201eFinanzlage der DG stabil, Schuldenlast verkraftbar\u201c\u201c \u2014 Ostbelgien Direkt\" src=\"https:\/\/ostbelgiendirekt.be\/about:blank\" data-secret=\"UgdlEDVVsK\" width=\"500\" height=\"282\" frameborder=\"0\" marginwidth=\"0\" marginheight=\"0\" scrolling=\"no\" data-rocket-lazyload=\"fitvidscompatible\" data-lazy-src=\"https:\/\/ostbelgiendirekt.be\/paasch-hat-sich-verzockt-422182\/embed#?secret=mtPMzrnC9Y#?secret=UgdlEDVVsK\"><\/iframe><noscript><iframe class=\"wp-embedded-content\" sandbox=\"allow-scripts\" security=\"restricted\" style=\"position: absolute; visibility: hidden;\" title=\"\u201eMP Paasch wirft der Vivant-Fraktion Panikmache vor: \u201eFinanzlage der DG stabil, Schuldenlast verkraftbar\u201c\u201c \u2014 Ostbelgien Direkt\" src=\"https:\/\/ostbelgiendirekt.be\/paasch-hat-sich-verzockt-422182\/embed#?secret=mtPMzrnC9Y#?secret=UgdlEDVVsK\" data-secret=\"UgdlEDVVsK\" width=\"500\" height=\"282\" frameborder=\"0\" marginwidth=\"0\" marginheight=\"0\" scrolling=\"no\"><\/iframe><\/noscript><\/p>\n<\/div>\n","protected":false},"excerpt":{"rendered":"<p>La suppression de la prime scolaire de la prestation pour enfants du gouvernement DG est d\u00e9sormais \u00e9galement un diff\u00e9rend sur le gouvernement du gouvernement du<\/p>\n","protected":false},"author":1,"featured_media":9396,"comment_status":"","ping_status":"","sticky":false,"template":"","format":"standard","meta":{"footnotes":""},"categories":[298],"tags":[2838,324,615,8153,2553,2207,81,2891,346,349],"class_list":["post-9395","post","type-post","status-publish","format-standard","has-post-thumbnail","hentry","category-belgique","tag-annuler","tag-enfants","tag-gouvernement","tag-gravite","tag-paasch","tag-perdu","tag-pour","tag-prestation","tag-prime","tag-scolaire","generate-columns","tablet-grid-50","mobile-grid-100","grid-parent","grid-33"],"yoast_head":"<!-- This site is optimized with the Yoast SEO plugin v24.0 - https:\/\/yoast.com\/wordpress\/plugins\/seo\/ -->\n<title>&quot;Le gouvernement de Paasch a perdu la gravit\u00e9&quot;: SP pour annuler la prime scolaire en prestation pour enfants | Vie Associative<\/title>\n<meta name=\"robots\" content=\"index, follow, max-snippet:-1, max-image-preview:large, max-video-preview:-1\" \/>\n<link rel=\"canonical\" href=\"https:\/\/vieassociative.be\/actualites\/le-gouvernement-de-paasch-a-perdu-la-gravite-sp-pour-annuler-la-prime-scolaire-en-prestation-pour-enfants\/\" \/>\n<meta property=\"og:locale\" content=\"fr_FR\" \/>\n<meta property=\"og:type\" content=\"article\" \/>\n<meta property=\"og:title\" content=\"&quot;Le gouvernement de Paasch a perdu la gravit\u00e9&quot;: SP pour annuler la prime scolaire en prestation pour enfants | Vie Associative\" \/>\n<meta property=\"og:description\" content=\"La suppression de la prime scolaire de la prestation pour enfants du gouvernement DG est d\u00e9sormais \u00e9galement un diff\u00e9rend sur le gouvernement du gouvernement du\" \/>\n<meta property=\"og:url\" content=\"https:\/\/vieassociative.be\/actualites\/le-gouvernement-de-paasch-a-perdu-la-gravite-sp-pour-annuler-la-prime-scolaire-en-prestation-pour-enfants\/\" \/>\n<meta property=\"og:site_name\" content=\"Vie Associative\" \/>\n<meta property=\"article:published_time\" content=\"2025-08-14T08:19:22+00:00\" \/>\n<meta property=\"og:image\" content=\"https:\/\/vieassociative.be\/actualites\/wp-content\/uploads\/2024\/09\/header_backgroundk-01-e1726694325946.png\" \/>\n\t<meta property=\"og:image:width\" content=\"279\" \/>\n\t<meta property=\"og:image:height\" content=\"92\" \/>\n\t<meta property=\"og:image:type\" content=\"image\/png\" \/>\n<meta name=\"author\" content=\"Julien\" \/>\n<meta name=\"twitter:card\" content=\"summary_large_image\" \/>\n<meta name=\"twitter:label1\" content=\"\u00c9crit par\" \/>\n\t<meta name=\"twitter:data1\" content=\"Julien\" \/>\n\t<meta name=\"twitter:label2\" content=\"Dur\u00e9e de lecture est.\" \/>\n\t<meta name=\"twitter:data2\" content=\"2 minutes\" \/>\n<script type=\"application\/ld+json\" class=\"yoast-schema-graph\">{\"@context\":\"https:\/\/schema.org\",\"@graph\":[{\"@type\":\"Article\",\"@id\":\"https:\/\/vieassociative.be\/actualites\/le-gouvernement-de-paasch-a-perdu-la-gravite-sp-pour-annuler-la-prime-scolaire-en-prestation-pour-enfants\/#article\",\"isPartOf\":{\"@id\":\"https:\/\/vieassociative.be\/actualites\/le-gouvernement-de-paasch-a-perdu-la-gravite-sp-pour-annuler-la-prime-scolaire-en-prestation-pour-enfants\/\"},\"author\":{\"name\":\"Julien\",\"@id\":\"https:\/\/vieassociative.be\/actualites\/#\/schema\/person\/b87ac4f82f9d4e7b7cec7395b679edc4\"},\"headline\":\"\u00ab\u00a0Le gouvernement de Paasch a perdu la gravit\u00e9\u00a0\u00bb: SP pour annuler la prime scolaire en prestation pour enfants\",\"datePublished\":\"2025-08-14T08:19:22+00:00\",\"dateModified\":\"2025-08-14T08:19:22+00:00\",\"mainEntityOfPage\":{\"@id\":\"https:\/\/vieassociative.be\/actualites\/le-gouvernement-de-paasch-a-perdu-la-gravite-sp-pour-annuler-la-prime-scolaire-en-prestation-pour-enfants\/\"},\"wordCount\":509,\"publisher\":{\"@id\":\"https:\/\/vieassociative.be\/actualites\/#organization\"},\"image\":{\"@id\":\"https:\/\/vieassociative.be\/actualites\/le-gouvernement-de-paasch-a-perdu-la-gravite-sp-pour-annuler-la-prime-scolaire-en-prestation-pour-enfants\/#primaryimage\"},\"thumbnailUrl\":\"https:\/\/vieassociative.be\/actualites\/wp-content\/uploads\/2025\/08\/1755159563_Le-gouvernement-de-Paasch-a-perdu-la-gravite-SP-pour.jpg\",\"keywords\":[\"annuler\",\"enfants\",\"gouvernement\",\"gravit\u00e9\",\"Paasch\",\"perdu\",\"pour\",\"prestation\",\"Prime\",\"scolaire\"],\"articleSection\":[\"Belgique\"],\"inLanguage\":\"fr-BE\"},{\"@type\":\"WebPage\",\"@id\":\"https:\/\/vieassociative.be\/actualites\/le-gouvernement-de-paasch-a-perdu-la-gravite-sp-pour-annuler-la-prime-scolaire-en-prestation-pour-enfants\/\",\"url\":\"https:\/\/vieassociative.be\/actualites\/le-gouvernement-de-paasch-a-perdu-la-gravite-sp-pour-annuler-la-prime-scolaire-en-prestation-pour-enfants\/\",\"name\":\"\\\"Le gouvernement de Paasch a perdu la gravit\u00e9\\\": SP pour annuler la prime scolaire en prestation pour enfants | Vie Associative\",\"isPartOf\":{\"@id\":\"https:\/\/vieassociative.be\/actualites\/#website\"},\"primaryImageOfPage\":{\"@id\":\"https:\/\/vieassociative.be\/actualites\/le-gouvernement-de-paasch-a-perdu-la-gravite-sp-pour-annuler-la-prime-scolaire-en-prestation-pour-enfants\/#primaryimage\"},\"image\":{\"@id\":\"https:\/\/vieassociative.be\/actualites\/le-gouvernement-de-paasch-a-perdu-la-gravite-sp-pour-annuler-la-prime-scolaire-en-prestation-pour-enfants\/#primaryimage\"},\"thumbnailUrl\":\"https:\/\/vieassociative.be\/actualites\/wp-content\/uploads\/2025\/08\/1755159563_Le-gouvernement-de-Paasch-a-perdu-la-gravite-SP-pour.jpg\",\"datePublished\":\"2025-08-14T08:19:22+00:00\",\"dateModified\":\"2025-08-14T08:19:22+00:00\",\"breadcrumb\":{\"@id\":\"https:\/\/vieassociative.be\/actualites\/le-gouvernement-de-paasch-a-perdu-la-gravite-sp-pour-annuler-la-prime-scolaire-en-prestation-pour-enfants\/#breadcrumb\"},\"inLanguage\":\"fr-BE\",\"potentialAction\":[{\"@type\":\"ReadAction\",\"target\":[\"https:\/\/vieassociative.be\/actualites\/le-gouvernement-de-paasch-a-perdu-la-gravite-sp-pour-annuler-la-prime-scolaire-en-prestation-pour-enfants\/\"]}]},{\"@type\":\"ImageObject\",\"inLanguage\":\"fr-BE\",\"@id\":\"https:\/\/vieassociative.be\/actualites\/le-gouvernement-de-paasch-a-perdu-la-gravite-sp-pour-annuler-la-prime-scolaire-en-prestation-pour-enfants\/#primaryimage\",\"url\":\"https:\/\/vieassociative.be\/actualites\/wp-content\/uploads\/2025\/08\/1755159563_Le-gouvernement-de-Paasch-a-perdu-la-gravite-SP-pour.jpg\",\"contentUrl\":\"https:\/\/vieassociative.be\/actualites\/wp-content\/uploads\/2025\/08\/1755159563_Le-gouvernement-de-Paasch-a-perdu-la-gravite-SP-pour.jpg\",\"width\":1200,\"height\":800,\"caption\":\"\\\"Le gouvernement de Paasch a perdu la gravit\u00e9\\\": SP pour annuler la prime scolaire en prestation pour enfants\"},{\"@type\":\"BreadcrumbList\",\"@id\":\"https:\/\/vieassociative.be\/actualites\/le-gouvernement-de-paasch-a-perdu-la-gravite-sp-pour-annuler-la-prime-scolaire-en-prestation-pour-enfants\/#breadcrumb\",\"itemListElement\":[{\"@type\":\"ListItem\",\"position\":1,\"name\":\"Accueil\",\"item\":\"https:\/\/vieassociative.be\/actualites\/\"},{\"@type\":\"ListItem\",\"position\":2,\"name\":\"\u00ab\u00a0Le gouvernement de Paasch a perdu la gravit\u00e9\u00a0\u00bb: SP pour annuler la prime scolaire en prestation pour enfants\"}]},{\"@type\":\"WebSite\",\"@id\":\"https:\/\/vieassociative.be\/actualites\/#website\",\"url\":\"https:\/\/vieassociative.be\/actualites\/\",\"name\":\"Vie Associative\",\"description\":\"\",\"publisher\":{\"@id\":\"https:\/\/vieassociative.be\/actualites\/#organization\"},\"potentialAction\":[{\"@type\":\"SearchAction\",\"target\":{\"@type\":\"EntryPoint\",\"urlTemplate\":\"https:\/\/vieassociative.be\/actualites\/?s={search_term_string}\"},\"query-input\":{\"@type\":\"PropertyValueSpecification\",\"valueRequired\":true,\"valueName\":\"search_term_string\"}}],\"inLanguage\":\"fr-BE\"},{\"@type\":\"Organization\",\"@id\":\"https:\/\/vieassociative.be\/actualites\/#organization\",\"name\":\"Vie Associative\",\"url\":\"https:\/\/vieassociative.be\/actualites\/\",\"logo\":{\"@type\":\"ImageObject\",\"inLanguage\":\"fr-BE\",\"@id\":\"https:\/\/vieassociative.be\/actualites\/#\/schema\/logo\/image\/\",\"url\":\"https:\/\/vieassociative.be\/actualites\/wp-content\/uploads\/2024\/09\/cropped-vieassociative_favicon.ico.png\",\"contentUrl\":\"https:\/\/vieassociative.be\/actualites\/wp-content\/uploads\/2024\/09\/cropped-vieassociative_favicon.ico.png\",\"width\":512,\"height\":512,\"caption\":\"Vie Associative\"},\"image\":{\"@id\":\"https:\/\/vieassociative.be\/actualites\/#\/schema\/logo\/image\/\"}},{\"@type\":\"Person\",\"@id\":\"https:\/\/vieassociative.be\/actualites\/#\/schema\/person\/b87ac4f82f9d4e7b7cec7395b679edc4\",\"name\":\"Julien\",\"image\":{\"@type\":\"ImageObject\",\"inLanguage\":\"fr-BE\",\"@id\":\"https:\/\/vieassociative.be\/actualites\/#\/schema\/person\/image\/\",\"url\":\"https:\/\/vieassociative.be\/actualites\/wp-content\/uploads\/2024\/09\/vie-associative-1-150x150.jpg\",\"contentUrl\":\"https:\/\/vieassociative.be\/actualites\/wp-content\/uploads\/2024\/09\/vie-associative-1-150x150.jpg\",\"caption\":\"Julien\"},\"description\":\"Je suis Julien, r\u00e9dacteur pour Vie Associative. Passionn\u00e9 par le monde associatif depuis plus de 10 ans, j'ai \u00e0 c\u0153ur de partager des histoires inspirantes et de mettre en lumi\u00e8re les initiatives locales. Mon objectif est de sensibiliser et d'encourager l'engagement communautaire \u00e0 travers mes articles.\",\"sameAs\":[\"https:\/\/vieassociative.be\/\"]}]}<\/script>\n<!-- \/ Yoast SEO plugin. -->","yoast_head_json":{"title":"\"Le gouvernement de Paasch a perdu la gravit\u00e9\": SP pour annuler la prime scolaire en prestation pour enfants | Vie Associative","robots":{"index":"index","follow":"follow","max-snippet":"max-snippet:-1","max-image-preview":"max-image-preview:large","max-video-preview":"max-video-preview:-1"},"canonical":"https:\/\/vieassociative.be\/actualites\/le-gouvernement-de-paasch-a-perdu-la-gravite-sp-pour-annuler-la-prime-scolaire-en-prestation-pour-enfants\/","og_locale":"fr_FR","og_type":"article","og_title":"\"Le gouvernement de Paasch a perdu la gravit\u00e9\": SP pour annuler la prime scolaire en prestation pour enfants | Vie Associative","og_description":"La suppression de la prime scolaire de la prestation pour enfants du gouvernement DG est d\u00e9sormais \u00e9galement un diff\u00e9rend sur le gouvernement du gouvernement du","og_url":"https:\/\/vieassociative.be\/actualites\/le-gouvernement-de-paasch-a-perdu-la-gravite-sp-pour-annuler-la-prime-scolaire-en-prestation-pour-enfants\/","og_site_name":"Vie Associative","article_published_time":"2025-08-14T08:19:22+00:00","og_image":[{"width":279,"height":92,"url":"https:\/\/vieassociative.be\/actualites\/wp-content\/uploads\/2024\/09\/header_backgroundk-01-e1726694325946.png","type":"image\/png"}],"author":"Julien","twitter_card":"summary_large_image","twitter_misc":{"\u00c9crit par":"Julien","Dur\u00e9e de lecture est.":"2 minutes"},"schema":{"@context":"https:\/\/schema.org","@graph":[{"@type":"Article","@id":"https:\/\/vieassociative.be\/actualites\/le-gouvernement-de-paasch-a-perdu-la-gravite-sp-pour-annuler-la-prime-scolaire-en-prestation-pour-enfants\/#article","isPartOf":{"@id":"https:\/\/vieassociative.be\/actualites\/le-gouvernement-de-paasch-a-perdu-la-gravite-sp-pour-annuler-la-prime-scolaire-en-prestation-pour-enfants\/"},"author":{"name":"Julien","@id":"https:\/\/vieassociative.be\/actualites\/#\/schema\/person\/b87ac4f82f9d4e7b7cec7395b679edc4"},"headline":"\u00ab\u00a0Le gouvernement de Paasch a perdu la gravit\u00e9\u00a0\u00bb: SP pour annuler la prime scolaire en prestation pour enfants","datePublished":"2025-08-14T08:19:22+00:00","dateModified":"2025-08-14T08:19:22+00:00","mainEntityOfPage":{"@id":"https:\/\/vieassociative.be\/actualites\/le-gouvernement-de-paasch-a-perdu-la-gravite-sp-pour-annuler-la-prime-scolaire-en-prestation-pour-enfants\/"},"wordCount":509,"publisher":{"@id":"https:\/\/vieassociative.be\/actualites\/#organization"},"image":{"@id":"https:\/\/vieassociative.be\/actualites\/le-gouvernement-de-paasch-a-perdu-la-gravite-sp-pour-annuler-la-prime-scolaire-en-prestation-pour-enfants\/#primaryimage"},"thumbnailUrl":"https:\/\/vieassociative.be\/actualites\/wp-content\/uploads\/2025\/08\/1755159563_Le-gouvernement-de-Paasch-a-perdu-la-gravite-SP-pour.jpg","keywords":["annuler","enfants","gouvernement","gravit\u00e9","Paasch","perdu","pour","prestation","Prime","scolaire"],"articleSection":["Belgique"],"inLanguage":"fr-BE"},{"@type":"WebPage","@id":"https:\/\/vieassociative.be\/actualites\/le-gouvernement-de-paasch-a-perdu-la-gravite-sp-pour-annuler-la-prime-scolaire-en-prestation-pour-enfants\/","url":"https:\/\/vieassociative.be\/actualites\/le-gouvernement-de-paasch-a-perdu-la-gravite-sp-pour-annuler-la-prime-scolaire-en-prestation-pour-enfants\/","name":"\"Le gouvernement de Paasch a perdu la gravit\u00e9\": SP pour annuler la prime scolaire en prestation pour enfants | Vie Associative","isPartOf":{"@id":"https:\/\/vieassociative.be\/actualites\/#website"},"primaryImageOfPage":{"@id":"https:\/\/vieassociative.be\/actualites\/le-gouvernement-de-paasch-a-perdu-la-gravite-sp-pour-annuler-la-prime-scolaire-en-prestation-pour-enfants\/#primaryimage"},"image":{"@id":"https:\/\/vieassociative.be\/actualites\/le-gouvernement-de-paasch-a-perdu-la-gravite-sp-pour-annuler-la-prime-scolaire-en-prestation-pour-enfants\/#primaryimage"},"thumbnailUrl":"https:\/\/vieassociative.be\/actualites\/wp-content\/uploads\/2025\/08\/1755159563_Le-gouvernement-de-Paasch-a-perdu-la-gravite-SP-pour.jpg","datePublished":"2025-08-14T08:19:22+00:00","dateModified":"2025-08-14T08:19:22+00:00","breadcrumb":{"@id":"https:\/\/vieassociative.be\/actualites\/le-gouvernement-de-paasch-a-perdu-la-gravite-sp-pour-annuler-la-prime-scolaire-en-prestation-pour-enfants\/#breadcrumb"},"inLanguage":"fr-BE","potentialAction":[{"@type":"ReadAction","target":["https:\/\/vieassociative.be\/actualites\/le-gouvernement-de-paasch-a-perdu-la-gravite-sp-pour-annuler-la-prime-scolaire-en-prestation-pour-enfants\/"]}]},{"@type":"ImageObject","inLanguage":"fr-BE","@id":"https:\/\/vieassociative.be\/actualites\/le-gouvernement-de-paasch-a-perdu-la-gravite-sp-pour-annuler-la-prime-scolaire-en-prestation-pour-enfants\/#primaryimage","url":"https:\/\/vieassociative.be\/actualites\/wp-content\/uploads\/2025\/08\/1755159563_Le-gouvernement-de-Paasch-a-perdu-la-gravite-SP-pour.jpg","contentUrl":"https:\/\/vieassociative.be\/actualites\/wp-content\/uploads\/2025\/08\/1755159563_Le-gouvernement-de-Paasch-a-perdu-la-gravite-SP-pour.jpg","width":1200,"height":800,"caption":"\"Le gouvernement de Paasch a perdu la gravit\u00e9\": SP pour annuler la prime scolaire en prestation pour enfants"},{"@type":"BreadcrumbList","@id":"https:\/\/vieassociative.be\/actualites\/le-gouvernement-de-paasch-a-perdu-la-gravite-sp-pour-annuler-la-prime-scolaire-en-prestation-pour-enfants\/#breadcrumb","itemListElement":[{"@type":"ListItem","position":1,"name":"Accueil","item":"https:\/\/vieassociative.be\/actualites\/"},{"@type":"ListItem","position":2,"name":"\u00ab\u00a0Le gouvernement de Paasch a perdu la gravit\u00e9\u00a0\u00bb: SP pour annuler la prime scolaire en prestation pour enfants"}]},{"@type":"WebSite","@id":"https:\/\/vieassociative.be\/actualites\/#website","url":"https:\/\/vieassociative.be\/actualites\/","name":"Vie Associative","description":"","publisher":{"@id":"https:\/\/vieassociative.be\/actualites\/#organization"},"potentialAction":[{"@type":"SearchAction","target":{"@type":"EntryPoint","urlTemplate":"https:\/\/vieassociative.be\/actualites\/?s={search_term_string}"},"query-input":{"@type":"PropertyValueSpecification","valueRequired":true,"valueName":"search_term_string"}}],"inLanguage":"fr-BE"},{"@type":"Organization","@id":"https:\/\/vieassociative.be\/actualites\/#organization","name":"Vie Associative","url":"https:\/\/vieassociative.be\/actualites\/","logo":{"@type":"ImageObject","inLanguage":"fr-BE","@id":"https:\/\/vieassociative.be\/actualites\/#\/schema\/logo\/image\/","url":"https:\/\/vieassociative.be\/actualites\/wp-content\/uploads\/2024\/09\/cropped-vieassociative_favicon.ico.png","contentUrl":"https:\/\/vieassociative.be\/actualites\/wp-content\/uploads\/2024\/09\/cropped-vieassociative_favicon.ico.png","width":512,"height":512,"caption":"Vie Associative"},"image":{"@id":"https:\/\/vieassociative.be\/actualites\/#\/schema\/logo\/image\/"}},{"@type":"Person","@id":"https:\/\/vieassociative.be\/actualites\/#\/schema\/person\/b87ac4f82f9d4e7b7cec7395b679edc4","name":"Julien","image":{"@type":"ImageObject","inLanguage":"fr-BE","@id":"https:\/\/vieassociative.be\/actualites\/#\/schema\/person\/image\/","url":"https:\/\/vieassociative.be\/actualites\/wp-content\/uploads\/2024\/09\/vie-associative-1-150x150.jpg","contentUrl":"https:\/\/vieassociative.be\/actualites\/wp-content\/uploads\/2024\/09\/vie-associative-1-150x150.jpg","caption":"Julien"},"description":"Je suis Julien, r\u00e9dacteur pour Vie Associative. Passionn\u00e9 par le monde associatif depuis plus de 10 ans, j'ai \u00e0 c\u0153ur de partager des histoires inspirantes et de mettre en lumi\u00e8re les initiatives locales. Mon objectif est de sensibiliser et d'encourager l'engagement communautaire \u00e0 travers mes articles.","sameAs":["https:\/\/vieassociative.be\/"]}]}},"_links":{"self":[{"href":"https:\/\/vieassociative.be\/actualites\/wp-json\/wp\/v2\/posts\/9395"}],"collection":[{"href":"https:\/\/vieassociative.be\/actualites\/wp-json\/wp\/v2\/posts"}],"about":[{"href":"https:\/\/vieassociative.be\/actualites\/wp-json\/wp\/v2\/types\/post"}],"author":[{"embeddable":true,"href":"https:\/\/vieassociative.be\/actualites\/wp-json\/wp\/v2\/users\/1"}],"replies":[{"embeddable":true,"href":"https:\/\/vieassociative.be\/actualites\/wp-json\/wp\/v2\/comments?post=9395"}],"version-history":[{"count":0,"href":"https:\/\/vieassociative.be\/actualites\/wp-json\/wp\/v2\/posts\/9395\/revisions"}],"wp:featuredmedia":[{"embeddable":true,"href":"https:\/\/vieassociative.be\/actualites\/wp-json\/wp\/v2\/media\/9396"}],"wp:attachment":[{"href":"https:\/\/vieassociative.be\/actualites\/wp-json\/wp\/v2\/media?parent=9395"}],"wp:term":[{"taxonomy":"category","embeddable":true,"href":"https:\/\/vieassociative.be\/actualites\/wp-json\/wp\/v2\/categories?post=9395"},{"taxonomy":"post_tag","embeddable":true,"href":"https:\/\/vieassociative.be\/actualites\/wp-json\/wp\/v2\/tags?post=9395"}],"curies":[{"name":"wp","href":"https:\/\/api.w.org\/{rel}","templated":true}]}}