{"id":9390,"date":"2025-08-14T04:17:59","date_gmt":"2025-08-14T02:17:59","guid":{"rendered":"https:\/\/vieassociative.be\/actualites\/le-paris-saint-germain-remporte-la-supercup-europeen-contre-tottenham-dans-une-fusillade-de-penalite\/"},"modified":"2025-08-14T04:17:59","modified_gmt":"2025-08-14T02:17:59","slug":"le-paris-saint-germain-remporte-la-supercup-europeen-contre-tottenham-dans-une-fusillade-de-penalite","status":"publish","type":"post","link":"https:\/\/vieassociative.be\/actualites\/le-paris-saint-germain-remporte-la-supercup-europeen-contre-tottenham-dans-une-fusillade-de-penalite\/","title":{"rendered":"Le Paris Saint-Germain remporte la supercup europ\u00e9en contre Tottenham dans une fusillade de p\u00e9nalit\u00e9"},"content":{"rendered":"<p><strong>La finale de la supercup europ\u00e9enne ne se termine que par des tirs de tir de p\u00e9nalit\u00e9. Le Paris Saint-Germain pr\u00e9f\u00e9r\u00e9 gagne toujours contre Tottenham, ce qui \u00e9tait confortable pendant longtemps.<\/strong><\/p>\n<p><span id=\"more-422351\"><\/span>Le vainqueur de la Ligue des champions, le Paris Saint-Germain, a remport\u00e9 le cinqui\u00e8me titre cette ann\u00e9e. Apr\u00e8s un d\u00e9ficit de 0-2, les Fran\u00e7ais ont remport\u00e9 la finale europ\u00e9enne de Supercup contre le vainqueur de la Ligue Europa, Tottenham Hotspur 4: 3 apr\u00e8s une fusillade de p\u00e9nalit\u00e9 (2: 2, 0: 1).<\/p>\n<p>Depuis le d\u00e9but de l&rsquo;ann\u00e9e, le PSG avait d\u00e9j\u00e0 apport\u00e9 le triple du championnat fran\u00e7ais, le troph\u00e9e et la supercup et en mai \u00e0 Munich \u00e0 la Coupe de la Ligue des champions tant attendue. Seule la finale de la Coupe du monde des clubs a \u00e9t\u00e9 perdue en juillet contre le rival de la ville de Tottenham, le FC Chelsea.<\/p>\n<div id=\"attachment_422353\" class=\"wp-caption alignleft\" style=\"max-width: 300px\"><img fetchpriority=\"high\" decoding=\"async\" class=\"wp-image-422353 size-medium\" src=\"https:\/\/vieassociative.be\/actualites\/wp-content\/uploads\/2025\/08\/Le-Paris-Saint-Germain-remporte-la-supercup-europeen-contre-Tottenham-dans.jpg\" alt=\"\" width=\"300\" height=\"200\"><\/div>\n<p>Une autre d\u00e9faite finale a emp\u00each\u00e9 deux buts tardifs de Kang-in Lee (85e) et Goncalo Ramos (90. + 4) mercredi soir. Ils ont sauv\u00e9 le favori apr\u00e8s les buts de Micky Van de Ven (39.) et Cristian Romero (48e) dans le premier dans la fusillade de p\u00e9nalit\u00e9.<\/p>\n<p>Le PSG \u00e9tait \u00e9galement 0: 2 derri\u00e8re les deux anciens professionnels de Bundesliga Van de Ven (VFL Wolfsburg) et Mathys Tel (Bayern Munich) pour Tottenham. Le Nuno Mendes portugais a converti la p\u00e9nalit\u00e9 d\u00e9cisive de Paris.<\/p>\n<p>Le nouveau gardien de but du vainqueur de la Ligue des champions \u00e9tait en particulier. Lucas Chevalier a initialement rat\u00e9 le but de 0: 2. Lors de la fusillade de p\u00e9nalit\u00e9, il a ensuite gard\u00e9 le tir du Van de Ven hollandais. Son entra\u00eeneur Luis Enrique a f\u00e9licit\u00e9 Chavelier imm\u00e9diatement apr\u00e8s le match.<\/p>\n<p>Avant la finale, le fait que l&rsquo;entra\u00eeneur du PSG ait impos\u00e9 l&rsquo;engagement du Fran\u00e7ais envers le Fran\u00e7ais et la d\u00e9gradation du pr\u00e9c\u00e9dent gardien Gianluigi Donnarumma. L&rsquo;Italien a \u00e9t\u00e9 retir\u00e9 de l&rsquo;\u00e9quipe pour le jeu dans son pays d&rsquo;origine et est apparemment confront\u00e9 \u00e0 un d\u00e9m\u00e9nagement \u00e0 Manchester City. \u00ab\u00a0Nous sommes toujours choqu\u00e9s de traiter avec le PSG avec Gigio\u00a0\u00bb, a d\u00e9clar\u00e9 son consultant Enzo Raiola quelques heures avant le coup de pied. (DPA)<\/p>\n","protected":false},"excerpt":{"rendered":"<p>La finale de la supercup europ\u00e9enne ne se termine que par des tirs de tir de p\u00e9nalit\u00e9. Le Paris Saint-Germain pr\u00e9f\u00e9r\u00e9 gagne toujours contre Tottenham,<\/p>\n","protected":false},"author":1,"featured_media":9391,"comment_status":"","ping_status":"","sticky":false,"template":"","format":"standard","meta":{"footnotes":""},"categories":[298],"tags":[796,166,2896,5828,2447,5666,2809,7124,7841,7102,110],"class_list":["post-9390","post","type-post","status-publish","format-standard","has-post-thumbnail","hentry","category-belgique","tag-contre","tag-dans","tag-europeen","tag-fusillade","tag-paris","tag-penalite","tag-remporte","tag-saintgermain","tag-supercup","tag-tottenham","tag-une","generate-columns","tablet-grid-50","mobile-grid-100","grid-parent","grid-33"],"yoast_head":"<!-- This site is optimized with the Yoast SEO plugin v24.0 - https:\/\/yoast.com\/wordpress\/plugins\/seo\/ -->\n<title>Le Paris Saint-Germain remporte la supercup europ\u00e9en contre Tottenham dans une fusillade de p\u00e9nalit\u00e9 | Vie Associative<\/title>\n<meta name=\"robots\" content=\"index, follow, max-snippet:-1, max-image-preview:large, max-video-preview:-1\" \/>\n<link rel=\"canonical\" href=\"https:\/\/vieassociative.be\/actualites\/le-paris-saint-germain-remporte-la-supercup-europeen-contre-tottenham-dans-une-fusillade-de-penalite\/\" \/>\n<meta property=\"og:locale\" content=\"fr_FR\" \/>\n<meta property=\"og:type\" content=\"article\" \/>\n<meta property=\"og:title\" content=\"Le Paris Saint-Germain remporte la supercup europ\u00e9en contre Tottenham dans une fusillade de p\u00e9nalit\u00e9 | Vie Associative\" \/>\n<meta property=\"og:description\" content=\"La finale de la supercup europ\u00e9enne ne se termine que par des tirs de tir de p\u00e9nalit\u00e9. Le Paris Saint-Germain pr\u00e9f\u00e9r\u00e9 gagne toujours contre Tottenham,\" \/>\n<meta property=\"og:url\" content=\"https:\/\/vieassociative.be\/actualites\/le-paris-saint-germain-remporte-la-supercup-europeen-contre-tottenham-dans-une-fusillade-de-penalite\/\" \/>\n<meta property=\"og:site_name\" content=\"Vie Associative\" \/>\n<meta property=\"article:published_time\" content=\"2025-08-14T02:17:59+00:00\" \/>\n<meta property=\"og:image\" content=\"https:\/\/vieassociative.be\/actualites\/wp-content\/uploads\/2024\/09\/header_backgroundk-01-e1726694325946.png\" \/>\n\t<meta property=\"og:image:width\" content=\"279\" \/>\n\t<meta property=\"og:image:height\" content=\"92\" \/>\n\t<meta property=\"og:image:type\" content=\"image\/png\" \/>\n<meta name=\"author\" content=\"Julien\" \/>\n<meta name=\"twitter:card\" content=\"summary_large_image\" \/>\n<meta name=\"twitter:label1\" content=\"\u00c9crit par\" \/>\n\t<meta name=\"twitter:data1\" content=\"Julien\" \/>\n\t<meta name=\"twitter:label2\" content=\"Dur\u00e9e de lecture est.\" \/>\n\t<meta name=\"twitter:data2\" content=\"2 minutes\" \/>\n<script type=\"application\/ld+json\" class=\"yoast-schema-graph\">{\"@context\":\"https:\/\/schema.org\",\"@graph\":[{\"@type\":\"Article\",\"@id\":\"https:\/\/vieassociative.be\/actualites\/le-paris-saint-germain-remporte-la-supercup-europeen-contre-tottenham-dans-une-fusillade-de-penalite\/#article\",\"isPartOf\":{\"@id\":\"https:\/\/vieassociative.be\/actualites\/le-paris-saint-germain-remporte-la-supercup-europeen-contre-tottenham-dans-une-fusillade-de-penalite\/\"},\"author\":{\"name\":\"Julien\",\"@id\":\"https:\/\/vieassociative.be\/actualites\/#\/schema\/person\/b87ac4f82f9d4e7b7cec7395b679edc4\"},\"headline\":\"Le Paris Saint-Germain remporte la supercup europ\u00e9en contre Tottenham dans une fusillade de p\u00e9nalit\u00e9\",\"datePublished\":\"2025-08-14T02:17:59+00:00\",\"dateModified\":\"2025-08-14T02:17:59+00:00\",\"mainEntityOfPage\":{\"@id\":\"https:\/\/vieassociative.be\/actualites\/le-paris-saint-germain-remporte-la-supercup-europeen-contre-tottenham-dans-une-fusillade-de-penalite\/\"},\"wordCount\":395,\"publisher\":{\"@id\":\"https:\/\/vieassociative.be\/actualites\/#organization\"},\"image\":{\"@id\":\"https:\/\/vieassociative.be\/actualites\/le-paris-saint-germain-remporte-la-supercup-europeen-contre-tottenham-dans-une-fusillade-de-penalite\/#primaryimage\"},\"thumbnailUrl\":\"https:\/\/vieassociative.be\/actualites\/wp-content\/uploads\/2025\/08\/1755137879_Le-Paris-Saint-Germain-remporte-la-supercup-europeen-contre-Tottenham-dans.jpg\",\"keywords\":[\"contre\",\"dans\",\"europ\u00e9en\",\"fusillade\",\"Paris\",\"p\u00e9nalit\u00e9\",\"remport\u00e9\",\"SaintGermain\",\"Supercup\",\"Tottenham\",\"une\"],\"articleSection\":[\"Belgique\"],\"inLanguage\":\"fr-BE\"},{\"@type\":\"WebPage\",\"@id\":\"https:\/\/vieassociative.be\/actualites\/le-paris-saint-germain-remporte-la-supercup-europeen-contre-tottenham-dans-une-fusillade-de-penalite\/\",\"url\":\"https:\/\/vieassociative.be\/actualites\/le-paris-saint-germain-remporte-la-supercup-europeen-contre-tottenham-dans-une-fusillade-de-penalite\/\",\"name\":\"Le Paris Saint-Germain remporte la supercup europ\u00e9en contre Tottenham dans une fusillade de p\u00e9nalit\u00e9 | Vie Associative\",\"isPartOf\":{\"@id\":\"https:\/\/vieassociative.be\/actualites\/#website\"},\"primaryImageOfPage\":{\"@id\":\"https:\/\/vieassociative.be\/actualites\/le-paris-saint-germain-remporte-la-supercup-europeen-contre-tottenham-dans-une-fusillade-de-penalite\/#primaryimage\"},\"image\":{\"@id\":\"https:\/\/vieassociative.be\/actualites\/le-paris-saint-germain-remporte-la-supercup-europeen-contre-tottenham-dans-une-fusillade-de-penalite\/#primaryimage\"},\"thumbnailUrl\":\"https:\/\/vieassociative.be\/actualites\/wp-content\/uploads\/2025\/08\/1755137879_Le-Paris-Saint-Germain-remporte-la-supercup-europeen-contre-Tottenham-dans.jpg\",\"datePublished\":\"2025-08-14T02:17:59+00:00\",\"dateModified\":\"2025-08-14T02:17:59+00:00\",\"breadcrumb\":{\"@id\":\"https:\/\/vieassociative.be\/actualites\/le-paris-saint-germain-remporte-la-supercup-europeen-contre-tottenham-dans-une-fusillade-de-penalite\/#breadcrumb\"},\"inLanguage\":\"fr-BE\",\"potentialAction\":[{\"@type\":\"ReadAction\",\"target\":[\"https:\/\/vieassociative.be\/actualites\/le-paris-saint-germain-remporte-la-supercup-europeen-contre-tottenham-dans-une-fusillade-de-penalite\/\"]}]},{\"@type\":\"ImageObject\",\"inLanguage\":\"fr-BE\",\"@id\":\"https:\/\/vieassociative.be\/actualites\/le-paris-saint-germain-remporte-la-supercup-europeen-contre-tottenham-dans-une-fusillade-de-penalite\/#primaryimage\",\"url\":\"https:\/\/vieassociative.be\/actualites\/wp-content\/uploads\/2025\/08\/1755137879_Le-Paris-Saint-Germain-remporte-la-supercup-europeen-contre-Tottenham-dans.jpg\",\"contentUrl\":\"https:\/\/vieassociative.be\/actualites\/wp-content\/uploads\/2025\/08\/1755137879_Le-Paris-Saint-Germain-remporte-la-supercup-europeen-contre-Tottenham-dans.jpg\",\"width\":1800,\"height\":1200,\"caption\":\"Le Paris Saint-Germain remporte la supercup europ\u00e9en contre Tottenham dans une fusillade de p\u00e9nalit\u00e9\"},{\"@type\":\"BreadcrumbList\",\"@id\":\"https:\/\/vieassociative.be\/actualites\/le-paris-saint-germain-remporte-la-supercup-europeen-contre-tottenham-dans-une-fusillade-de-penalite\/#breadcrumb\",\"itemListElement\":[{\"@type\":\"ListItem\",\"position\":1,\"name\":\"Accueil\",\"item\":\"https:\/\/vieassociative.be\/actualites\/\"},{\"@type\":\"ListItem\",\"position\":2,\"name\":\"Le Paris Saint-Germain remporte la supercup europ\u00e9en contre Tottenham dans une fusillade de p\u00e9nalit\u00e9\"}]},{\"@type\":\"WebSite\",\"@id\":\"https:\/\/vieassociative.be\/actualites\/#website\",\"url\":\"https:\/\/vieassociative.be\/actualites\/\",\"name\":\"Vie Associative\",\"description\":\"\",\"publisher\":{\"@id\":\"https:\/\/vieassociative.be\/actualites\/#organization\"},\"potentialAction\":[{\"@type\":\"SearchAction\",\"target\":{\"@type\":\"EntryPoint\",\"urlTemplate\":\"https:\/\/vieassociative.be\/actualites\/?s={search_term_string}\"},\"query-input\":{\"@type\":\"PropertyValueSpecification\",\"valueRequired\":true,\"valueName\":\"search_term_string\"}}],\"inLanguage\":\"fr-BE\"},{\"@type\":\"Organization\",\"@id\":\"https:\/\/vieassociative.be\/actualites\/#organization\",\"name\":\"Vie Associative\",\"url\":\"https:\/\/vieassociative.be\/actualites\/\",\"logo\":{\"@type\":\"ImageObject\",\"inLanguage\":\"fr-BE\",\"@id\":\"https:\/\/vieassociative.be\/actualites\/#\/schema\/logo\/image\/\",\"url\":\"https:\/\/vieassociative.be\/actualites\/wp-content\/uploads\/2024\/09\/cropped-vieassociative_favicon.ico.png\",\"contentUrl\":\"https:\/\/vieassociative.be\/actualites\/wp-content\/uploads\/2024\/09\/cropped-vieassociative_favicon.ico.png\",\"width\":512,\"height\":512,\"caption\":\"Vie Associative\"},\"image\":{\"@id\":\"https:\/\/vieassociative.be\/actualites\/#\/schema\/logo\/image\/\"}},{\"@type\":\"Person\",\"@id\":\"https:\/\/vieassociative.be\/actualites\/#\/schema\/person\/b87ac4f82f9d4e7b7cec7395b679edc4\",\"name\":\"Julien\",\"image\":{\"@type\":\"ImageObject\",\"inLanguage\":\"fr-BE\",\"@id\":\"https:\/\/vieassociative.be\/actualites\/#\/schema\/person\/image\/\",\"url\":\"https:\/\/vieassociative.be\/actualites\/wp-content\/uploads\/2024\/09\/vie-associative-1-150x150.jpg\",\"contentUrl\":\"https:\/\/vieassociative.be\/actualites\/wp-content\/uploads\/2024\/09\/vie-associative-1-150x150.jpg\",\"caption\":\"Julien\"},\"description\":\"Je suis Julien, r\u00e9dacteur pour Vie Associative. Passionn\u00e9 par le monde associatif depuis plus de 10 ans, j'ai \u00e0 c\u0153ur de partager des histoires inspirantes et de mettre en lumi\u00e8re les initiatives locales. Mon objectif est de sensibiliser et d'encourager l'engagement communautaire \u00e0 travers mes articles.\",\"sameAs\":[\"https:\/\/vieassociative.be\/\"]}]}<\/script>\n<!-- \/ Yoast SEO plugin. -->","yoast_head_json":{"title":"Le Paris Saint-Germain remporte la supercup europ\u00e9en contre Tottenham dans une fusillade de p\u00e9nalit\u00e9 | Vie Associative","robots":{"index":"index","follow":"follow","max-snippet":"max-snippet:-1","max-image-preview":"max-image-preview:large","max-video-preview":"max-video-preview:-1"},"canonical":"https:\/\/vieassociative.be\/actualites\/le-paris-saint-germain-remporte-la-supercup-europeen-contre-tottenham-dans-une-fusillade-de-penalite\/","og_locale":"fr_FR","og_type":"article","og_title":"Le Paris Saint-Germain remporte la supercup europ\u00e9en contre Tottenham dans une fusillade de p\u00e9nalit\u00e9 | Vie Associative","og_description":"La finale de la supercup europ\u00e9enne ne se termine que par des tirs de tir de p\u00e9nalit\u00e9. Le Paris Saint-Germain pr\u00e9f\u00e9r\u00e9 gagne toujours contre Tottenham,","og_url":"https:\/\/vieassociative.be\/actualites\/le-paris-saint-germain-remporte-la-supercup-europeen-contre-tottenham-dans-une-fusillade-de-penalite\/","og_site_name":"Vie Associative","article_published_time":"2025-08-14T02:17:59+00:00","og_image":[{"width":279,"height":92,"url":"https:\/\/vieassociative.be\/actualites\/wp-content\/uploads\/2024\/09\/header_backgroundk-01-e1726694325946.png","type":"image\/png"}],"author":"Julien","twitter_card":"summary_large_image","twitter_misc":{"\u00c9crit par":"Julien","Dur\u00e9e de lecture est.":"2 minutes"},"schema":{"@context":"https:\/\/schema.org","@graph":[{"@type":"Article","@id":"https:\/\/vieassociative.be\/actualites\/le-paris-saint-germain-remporte-la-supercup-europeen-contre-tottenham-dans-une-fusillade-de-penalite\/#article","isPartOf":{"@id":"https:\/\/vieassociative.be\/actualites\/le-paris-saint-germain-remporte-la-supercup-europeen-contre-tottenham-dans-une-fusillade-de-penalite\/"},"author":{"name":"Julien","@id":"https:\/\/vieassociative.be\/actualites\/#\/schema\/person\/b87ac4f82f9d4e7b7cec7395b679edc4"},"headline":"Le Paris Saint-Germain remporte la supercup europ\u00e9en contre Tottenham dans une fusillade de p\u00e9nalit\u00e9","datePublished":"2025-08-14T02:17:59+00:00","dateModified":"2025-08-14T02:17:59+00:00","mainEntityOfPage":{"@id":"https:\/\/vieassociative.be\/actualites\/le-paris-saint-germain-remporte-la-supercup-europeen-contre-tottenham-dans-une-fusillade-de-penalite\/"},"wordCount":395,"publisher":{"@id":"https:\/\/vieassociative.be\/actualites\/#organization"},"image":{"@id":"https:\/\/vieassociative.be\/actualites\/le-paris-saint-germain-remporte-la-supercup-europeen-contre-tottenham-dans-une-fusillade-de-penalite\/#primaryimage"},"thumbnailUrl":"https:\/\/vieassociative.be\/actualites\/wp-content\/uploads\/2025\/08\/1755137879_Le-Paris-Saint-Germain-remporte-la-supercup-europeen-contre-Tottenham-dans.jpg","keywords":["contre","dans","europ\u00e9en","fusillade","Paris","p\u00e9nalit\u00e9","remport\u00e9","SaintGermain","Supercup","Tottenham","une"],"articleSection":["Belgique"],"inLanguage":"fr-BE"},{"@type":"WebPage","@id":"https:\/\/vieassociative.be\/actualites\/le-paris-saint-germain-remporte-la-supercup-europeen-contre-tottenham-dans-une-fusillade-de-penalite\/","url":"https:\/\/vieassociative.be\/actualites\/le-paris-saint-germain-remporte-la-supercup-europeen-contre-tottenham-dans-une-fusillade-de-penalite\/","name":"Le Paris Saint-Germain remporte la supercup europ\u00e9en contre Tottenham dans une fusillade de p\u00e9nalit\u00e9 | Vie Associative","isPartOf":{"@id":"https:\/\/vieassociative.be\/actualites\/#website"},"primaryImageOfPage":{"@id":"https:\/\/vieassociative.be\/actualites\/le-paris-saint-germain-remporte-la-supercup-europeen-contre-tottenham-dans-une-fusillade-de-penalite\/#primaryimage"},"image":{"@id":"https:\/\/vieassociative.be\/actualites\/le-paris-saint-germain-remporte-la-supercup-europeen-contre-tottenham-dans-une-fusillade-de-penalite\/#primaryimage"},"thumbnailUrl":"https:\/\/vieassociative.be\/actualites\/wp-content\/uploads\/2025\/08\/1755137879_Le-Paris-Saint-Germain-remporte-la-supercup-europeen-contre-Tottenham-dans.jpg","datePublished":"2025-08-14T02:17:59+00:00","dateModified":"2025-08-14T02:17:59+00:00","breadcrumb":{"@id":"https:\/\/vieassociative.be\/actualites\/le-paris-saint-germain-remporte-la-supercup-europeen-contre-tottenham-dans-une-fusillade-de-penalite\/#breadcrumb"},"inLanguage":"fr-BE","potentialAction":[{"@type":"ReadAction","target":["https:\/\/vieassociative.be\/actualites\/le-paris-saint-germain-remporte-la-supercup-europeen-contre-tottenham-dans-une-fusillade-de-penalite\/"]}]},{"@type":"ImageObject","inLanguage":"fr-BE","@id":"https:\/\/vieassociative.be\/actualites\/le-paris-saint-germain-remporte-la-supercup-europeen-contre-tottenham-dans-une-fusillade-de-penalite\/#primaryimage","url":"https:\/\/vieassociative.be\/actualites\/wp-content\/uploads\/2025\/08\/1755137879_Le-Paris-Saint-Germain-remporte-la-supercup-europeen-contre-Tottenham-dans.jpg","contentUrl":"https:\/\/vieassociative.be\/actualites\/wp-content\/uploads\/2025\/08\/1755137879_Le-Paris-Saint-Germain-remporte-la-supercup-europeen-contre-Tottenham-dans.jpg","width":1800,"height":1200,"caption":"Le Paris Saint-Germain remporte la supercup europ\u00e9en contre Tottenham dans une fusillade de p\u00e9nalit\u00e9"},{"@type":"BreadcrumbList","@id":"https:\/\/vieassociative.be\/actualites\/le-paris-saint-germain-remporte-la-supercup-europeen-contre-tottenham-dans-une-fusillade-de-penalite\/#breadcrumb","itemListElement":[{"@type":"ListItem","position":1,"name":"Accueil","item":"https:\/\/vieassociative.be\/actualites\/"},{"@type":"ListItem","position":2,"name":"Le Paris Saint-Germain remporte la supercup europ\u00e9en contre Tottenham dans une fusillade de p\u00e9nalit\u00e9"}]},{"@type":"WebSite","@id":"https:\/\/vieassociative.be\/actualites\/#website","url":"https:\/\/vieassociative.be\/actualites\/","name":"Vie Associative","description":"","publisher":{"@id":"https:\/\/vieassociative.be\/actualites\/#organization"},"potentialAction":[{"@type":"SearchAction","target":{"@type":"EntryPoint","urlTemplate":"https:\/\/vieassociative.be\/actualites\/?s={search_term_string}"},"query-input":{"@type":"PropertyValueSpecification","valueRequired":true,"valueName":"search_term_string"}}],"inLanguage":"fr-BE"},{"@type":"Organization","@id":"https:\/\/vieassociative.be\/actualites\/#organization","name":"Vie Associative","url":"https:\/\/vieassociative.be\/actualites\/","logo":{"@type":"ImageObject","inLanguage":"fr-BE","@id":"https:\/\/vieassociative.be\/actualites\/#\/schema\/logo\/image\/","url":"https:\/\/vieassociative.be\/actualites\/wp-content\/uploads\/2024\/09\/cropped-vieassociative_favicon.ico.png","contentUrl":"https:\/\/vieassociative.be\/actualites\/wp-content\/uploads\/2024\/09\/cropped-vieassociative_favicon.ico.png","width":512,"height":512,"caption":"Vie Associative"},"image":{"@id":"https:\/\/vieassociative.be\/actualites\/#\/schema\/logo\/image\/"}},{"@type":"Person","@id":"https:\/\/vieassociative.be\/actualites\/#\/schema\/person\/b87ac4f82f9d4e7b7cec7395b679edc4","name":"Julien","image":{"@type":"ImageObject","inLanguage":"fr-BE","@id":"https:\/\/vieassociative.be\/actualites\/#\/schema\/person\/image\/","url":"https:\/\/vieassociative.be\/actualites\/wp-content\/uploads\/2024\/09\/vie-associative-1-150x150.jpg","contentUrl":"https:\/\/vieassociative.be\/actualites\/wp-content\/uploads\/2024\/09\/vie-associative-1-150x150.jpg","caption":"Julien"},"description":"Je suis Julien, r\u00e9dacteur pour Vie Associative. Passionn\u00e9 par le monde associatif depuis plus de 10 ans, j'ai \u00e0 c\u0153ur de partager des histoires inspirantes et de mettre en lumi\u00e8re les initiatives locales. Mon objectif est de sensibiliser et d'encourager l'engagement communautaire \u00e0 travers mes articles.","sameAs":["https:\/\/vieassociative.be\/"]}]}},"_links":{"self":[{"href":"https:\/\/vieassociative.be\/actualites\/wp-json\/wp\/v2\/posts\/9390"}],"collection":[{"href":"https:\/\/vieassociative.be\/actualites\/wp-json\/wp\/v2\/posts"}],"about":[{"href":"https:\/\/vieassociative.be\/actualites\/wp-json\/wp\/v2\/types\/post"}],"author":[{"embeddable":true,"href":"https:\/\/vieassociative.be\/actualites\/wp-json\/wp\/v2\/users\/1"}],"replies":[{"embeddable":true,"href":"https:\/\/vieassociative.be\/actualites\/wp-json\/wp\/v2\/comments?post=9390"}],"version-history":[{"count":0,"href":"https:\/\/vieassociative.be\/actualites\/wp-json\/wp\/v2\/posts\/9390\/revisions"}],"wp:featuredmedia":[{"embeddable":true,"href":"https:\/\/vieassociative.be\/actualites\/wp-json\/wp\/v2\/media\/9391"}],"wp:attachment":[{"href":"https:\/\/vieassociative.be\/actualites\/wp-json\/wp\/v2\/media?parent=9390"}],"wp:term":[{"taxonomy":"category","embeddable":true,"href":"https:\/\/vieassociative.be\/actualites\/wp-json\/wp\/v2\/categories?post=9390"},{"taxonomy":"post_tag","embeddable":true,"href":"https:\/\/vieassociative.be\/actualites\/wp-json\/wp\/v2\/tags?post=9390"}],"curies":[{"name":"wp","href":"https:\/\/api.w.org\/{rel}","templated":true}]}}