{"id":9382,"date":"2025-08-13T22:17:00","date_gmt":"2025-08-13T20:17:00","guid":{"rendered":"https:\/\/vieassociative.be\/actualites\/madonna-demande-a-pope-de-se-rendre-a-la-bande-de-gaza\/"},"modified":"2025-08-13T22:17:00","modified_gmt":"2025-08-13T20:17:00","slug":"madonna-demande-a-pope-de-se-rendre-a-la-bande-de-gaza","status":"publish","type":"post","link":"https:\/\/vieassociative.be\/actualites\/madonna-demande-a-pope-de-se-rendre-a-la-bande-de-gaza\/","title":{"rendered":"Madonna demande \u00e0 Pope de se rendre \u00e0 la bande de Gaza"},"content":{"rendered":"<p><strong>L&#8217;emplacement dans la bande de Gaza est catastrophique. Selon l&rsquo;ONU, la malnutrition aigu\u00eb chez les enfants a atteint un maximum. Maintenant, Madonna se tourne directement vers la t\u00eate de l&rsquo;\u00c9glise catholique.<\/strong><\/p>\n<p><span id=\"more-422336\"><\/span>L&rsquo;ic\u00f4ne pop Madonna s&rsquo;oppose au pape avec une revendication urgente: elle demande \u00e0 Leo XIV de se rendre \u00e0 la bande de Gaza scell\u00e9e. Le pape est le seul \u00e0 ne pas avoir refus\u00e9 d&rsquo;acc\u00e9der, \u00e9crit le chanteur sur la plate-forme X et se tourne donc directement vers la t\u00eate de l&rsquo;\u00c9glise catholique. Un voyage du pape vers la zone c\u00f4ti\u00e8re n&rsquo;a pas encore \u00e9t\u00e9 officiellement planifi\u00e9.<\/p>\n<p>\u00ab\u00a0Nous devons ouvrir compl\u00e8tement les objectifs humanitaires pour sauver ces enfants innocents. Il est grand temps\u00a0\u00bb, poursuit Madonna dans son poste. En tant que m\u00e8re, elle ne pouvait pas supporter de regarder les souffrances des enfants.<\/p>\n<p>Mercredi, \u00e0 l&rsquo;occasion du 25e anniversaire de son fils Rocco Ritchie, la chanteuse a annonc\u00e9 qu&rsquo;elle soutiendrait deux organisations humanitaires avec des dons.<\/p>\n<div id=\"attachment_422340\" class=\"wp-caption alignleft\" style=\"max-width: 300px\"><img fetchpriority=\"high\" decoding=\"async\" class=\"wp-image-422340 size-medium\" src=\"https:\/\/vieassociative.be\/actualites\/wp-content\/uploads\/2025\/08\/Madonna-demande-a-Pope-de-se-rendre-a-la-bande.jpg\" alt=\"\" width=\"300\" height=\"200\"><\/div>\n<p>Les enfants et les adolescents de la bande de Gaza sont expos\u00e9s aux combats dans la guerre de Gaza. L&#8217;emplacement humanitaire dans la bande de Gaza est consid\u00e9r\u00e9 comme catastrophique. Selon les Nations Unies, une famine menace dans la zone c\u00f4ti\u00e8re.<\/p>\n<p>Premi\u00e8re de la Nouvelle-Z\u00e9lande: \u00ab\u00a0Netanyahu a perdu l&rsquo;esprit\u00a0\u00bb<br \/>\nCompte tenu de l&#8217;emplacement \u00e0 Gaza, le chef du gouvernement de la Nouvelle-Z\u00e9lande trouve des mots inhabituellement nets &#8211; et vise directement les dirigeants d&rsquo;Isra\u00ebl. L&rsquo;\u00c9tat du Pacifique reconna\u00eetra-t-il \u00e9galement un \u00c9tat palestinien?<\/p>\n<p>Le Premier ministre n\u00e9o-z\u00e9landais Christopher Luxon a critiqu\u00e9 le Premier ministre isra\u00e9lien Benjamin Netanyahu avec des mots inhabituellement pointus et a d\u00e9crit les r\u00e9centes attaques dans la bande de Gaza comme \u00ab\u00a0compl\u00e8tement inacceptable\u00a0\u00bb. \u00ab\u00a0Je pense qu&rsquo;il a perdu l&rsquo;esprit\u00a0\u00bb, a d\u00e9clar\u00e9 Luxon aux journalistes. Isra\u00ebl a ignor\u00e9 \u00e0 plusieurs reprises les appels de la communaut\u00e9 mondiale pour l&rsquo;acc\u00e8s humanitaire sans entrave et risque ainsi de nouvelles catastrophes.<\/p>\n<p>La Nouvelle-Z\u00e9lande est tr\u00e8s loin et n&rsquo;a gu\u00e8re de relations commerciales avec Isra\u00ebl. Mais l&rsquo;\u00c9tat du Pacifique repr\u00e9sente des valeurs claires et les appelle toujours tr\u00e8s clairement. Luxon a soulign\u00e9 que le \u00abd\u00e9placement forc\u00e9 des personnes\u00bb et une \u00abannexion de Gaza\u00bb seraient une rupture du droit international.<\/p>\n<p>Netanyahu avait r\u00e9cemment annonc\u00e9 qu&rsquo;en plus de prendre la ville de Gaza, le nouveau plan de guerre d&rsquo;Isra\u00ebl pr\u00e9voit \u00e9galement la destruction du Hamas dans les camps centraux de r\u00e9fugi\u00e9s de la bande de Gaza. \u00ab\u00a0Notre objectif est de ne pas remplir Gaza. Notre objectif est de lib\u00e9rer Gaza parmi les terroristes du Hamas\u00a0\u00bb, a-t-il d\u00e9clar\u00e9. (DPA)<\/p>\n<p><em><strong>Sur le sujet, voir \u00e9galement l&rsquo;article suivant sur OD:<\/strong><\/em><\/p>\n<div class=\"responsive-embed widescreen\">\n<blockquote class=\"wp-embedded-content\" data-secret=\"dGfOZokSmV\">\n<p>Isra\u00ebl veut \u00e9tendre l&rsquo;utilisation militaire dans la bande de Gaza: quels sont les effets? (Questions et r\u00e9ponses)<\/p>\n<\/blockquote>\n<p><iframe loading=\"lazy\" class=\"wp-embedded-content\" sandbox=\"allow-scripts\" security=\"restricted\" style=\"position: absolute; visibility: hidden;\" title=\"\u201eIsrael will Milit\u00e4reinsatz im Gazastreifen ausweiten: Was sind die Auswirkungen? (Fragen &amp; Antworten)\u201c \u2014 Ostbelgien Direkt\" src=\"https:\/\/ostbelgiendirekt.be\/about:blank\" data-secret=\"dGfOZokSmV\" width=\"500\" height=\"282\" frameborder=\"0\" marginwidth=\"0\" marginheight=\"0\" scrolling=\"no\" data-rocket-lazyload=\"fitvidscompatible\" data-lazy-src=\"https:\/\/ostbelgiendirekt.be\/gaza-fragen-antworten-422017\/embed#?secret=D7Tf6AC6Ay#?secret=dGfOZokSmV\"><\/iframe><noscript><iframe class=\"wp-embedded-content\" sandbox=\"allow-scripts\" security=\"restricted\" style=\"position: absolute; visibility: hidden;\" title=\"\u201eIsrael will Milit\u00e4reinsatz im Gazastreifen ausweiten: Was sind die Auswirkungen? (Fragen &amp; Antworten)\u201c \u2014 Ostbelgien Direkt\" src=\"https:\/\/ostbelgiendirekt.be\/gaza-fragen-antworten-422017\/embed#?secret=D7Tf6AC6Ay#?secret=dGfOZokSmV\" data-secret=\"dGfOZokSmV\" width=\"500\" height=\"282\" frameborder=\"0\" marginwidth=\"0\" marginheight=\"0\" scrolling=\"no\"><\/iframe><\/noscript><\/p>\n<\/div>\n","protected":false},"excerpt":{"rendered":"<p>L&#8217;emplacement dans la bande de Gaza est catastrophique. Selon l&rsquo;ONU, la malnutrition aigu\u00eb chez les enfants a atteint un maximum. Maintenant, Madonna se tourne directement<\/p>\n","protected":false},"author":1,"featured_media":9383,"comment_status":"","ping_status":"","sticky":false,"template":"","format":"standard","meta":{"footnotes":""},"categories":[298],"tags":[4945,1642,4755,8150,7599,465],"class_list":["post-9382","post","type-post","status-publish","format-standard","has-post-thumbnail","hentry","category-belgique","tag-bande","tag-demande","tag-gaza","tag-madonna","tag-pope","tag-rendre","generate-columns","tablet-grid-50","mobile-grid-100","grid-parent","grid-33"],"yoast_head":"<!-- This site is optimized with the Yoast SEO plugin v24.0 - https:\/\/yoast.com\/wordpress\/plugins\/seo\/ -->\n<title>Madonna demande \u00e0 Pope de se rendre \u00e0 la bande de Gaza | Vie Associative<\/title>\n<meta name=\"robots\" content=\"index, follow, max-snippet:-1, max-image-preview:large, max-video-preview:-1\" \/>\n<link rel=\"canonical\" href=\"https:\/\/vieassociative.be\/actualites\/madonna-demande-a-pope-de-se-rendre-a-la-bande-de-gaza\/\" \/>\n<meta property=\"og:locale\" content=\"fr_FR\" \/>\n<meta property=\"og:type\" content=\"article\" \/>\n<meta property=\"og:title\" content=\"Madonna demande \u00e0 Pope de se rendre \u00e0 la bande de Gaza | Vie Associative\" \/>\n<meta property=\"og:description\" content=\"L&#8217;emplacement dans la bande de Gaza est catastrophique. Selon l&rsquo;ONU, la malnutrition aigu\u00eb chez les enfants a atteint un maximum. Maintenant, Madonna se tourne directement\" \/>\n<meta property=\"og:url\" content=\"https:\/\/vieassociative.be\/actualites\/madonna-demande-a-pope-de-se-rendre-a-la-bande-de-gaza\/\" \/>\n<meta property=\"og:site_name\" content=\"Vie Associative\" \/>\n<meta property=\"article:published_time\" content=\"2025-08-13T20:17:00+00:00\" \/>\n<meta property=\"og:image\" content=\"https:\/\/vieassociative.be\/actualites\/wp-content\/uploads\/2024\/09\/header_backgroundk-01-e1726694325946.png\" \/>\n\t<meta property=\"og:image:width\" content=\"279\" \/>\n\t<meta property=\"og:image:height\" content=\"92\" \/>\n\t<meta property=\"og:image:type\" content=\"image\/png\" \/>\n<meta name=\"author\" content=\"Julien\" \/>\n<meta name=\"twitter:card\" content=\"summary_large_image\" \/>\n<meta name=\"twitter:label1\" content=\"\u00c9crit par\" \/>\n\t<meta name=\"twitter:data1\" content=\"Julien\" \/>\n\t<meta name=\"twitter:label2\" content=\"Dur\u00e9e de lecture est.\" \/>\n\t<meta name=\"twitter:data2\" content=\"2 minutes\" \/>\n<script type=\"application\/ld+json\" class=\"yoast-schema-graph\">{\"@context\":\"https:\/\/schema.org\",\"@graph\":[{\"@type\":\"Article\",\"@id\":\"https:\/\/vieassociative.be\/actualites\/madonna-demande-a-pope-de-se-rendre-a-la-bande-de-gaza\/#article\",\"isPartOf\":{\"@id\":\"https:\/\/vieassociative.be\/actualites\/madonna-demande-a-pope-de-se-rendre-a-la-bande-de-gaza\/\"},\"author\":{\"name\":\"Julien\",\"@id\":\"https:\/\/vieassociative.be\/actualites\/#\/schema\/person\/b87ac4f82f9d4e7b7cec7395b679edc4\"},\"headline\":\"Madonna demande \u00e0 Pope de se rendre \u00e0 la bande de Gaza\",\"datePublished\":\"2025-08-13T20:17:00+00:00\",\"dateModified\":\"2025-08-13T20:17:00+00:00\",\"mainEntityOfPage\":{\"@id\":\"https:\/\/vieassociative.be\/actualites\/madonna-demande-a-pope-de-se-rendre-a-la-bande-de-gaza\/\"},\"wordCount\":507,\"publisher\":{\"@id\":\"https:\/\/vieassociative.be\/actualites\/#organization\"},\"image\":{\"@id\":\"https:\/\/vieassociative.be\/actualites\/madonna-demande-a-pope-de-se-rendre-a-la-bande-de-gaza\/#primaryimage\"},\"thumbnailUrl\":\"https:\/\/vieassociative.be\/actualites\/wp-content\/uploads\/2025\/08\/1755116221_Madonna-demande-a-Pope-de-se-rendre-a-la-bande.jpg\",\"keywords\":[\"bande\",\"demand\u00e9\",\"Gaza\",\"Madonna\",\"Pope\",\"rendre\"],\"articleSection\":[\"Belgique\"],\"inLanguage\":\"fr-BE\"},{\"@type\":\"WebPage\",\"@id\":\"https:\/\/vieassociative.be\/actualites\/madonna-demande-a-pope-de-se-rendre-a-la-bande-de-gaza\/\",\"url\":\"https:\/\/vieassociative.be\/actualites\/madonna-demande-a-pope-de-se-rendre-a-la-bande-de-gaza\/\",\"name\":\"Madonna demande \u00e0 Pope de se rendre \u00e0 la bande de Gaza | Vie Associative\",\"isPartOf\":{\"@id\":\"https:\/\/vieassociative.be\/actualites\/#website\"},\"primaryImageOfPage\":{\"@id\":\"https:\/\/vieassociative.be\/actualites\/madonna-demande-a-pope-de-se-rendre-a-la-bande-de-gaza\/#primaryimage\"},\"image\":{\"@id\":\"https:\/\/vieassociative.be\/actualites\/madonna-demande-a-pope-de-se-rendre-a-la-bande-de-gaza\/#primaryimage\"},\"thumbnailUrl\":\"https:\/\/vieassociative.be\/actualites\/wp-content\/uploads\/2025\/08\/1755116221_Madonna-demande-a-Pope-de-se-rendre-a-la-bande.jpg\",\"datePublished\":\"2025-08-13T20:17:00+00:00\",\"dateModified\":\"2025-08-13T20:17:00+00:00\",\"breadcrumb\":{\"@id\":\"https:\/\/vieassociative.be\/actualites\/madonna-demande-a-pope-de-se-rendre-a-la-bande-de-gaza\/#breadcrumb\"},\"inLanguage\":\"fr-BE\",\"potentialAction\":[{\"@type\":\"ReadAction\",\"target\":[\"https:\/\/vieassociative.be\/actualites\/madonna-demande-a-pope-de-se-rendre-a-la-bande-de-gaza\/\"]}]},{\"@type\":\"ImageObject\",\"inLanguage\":\"fr-BE\",\"@id\":\"https:\/\/vieassociative.be\/actualites\/madonna-demande-a-pope-de-se-rendre-a-la-bande-de-gaza\/#primaryimage\",\"url\":\"https:\/\/vieassociative.be\/actualites\/wp-content\/uploads\/2025\/08\/1755116221_Madonna-demande-a-Pope-de-se-rendre-a-la-bande.jpg\",\"contentUrl\":\"https:\/\/vieassociative.be\/actualites\/wp-content\/uploads\/2025\/08\/1755116221_Madonna-demande-a-Pope-de-se-rendre-a-la-bande.jpg\",\"width\":1200,\"height\":399,\"caption\":\"Madonna demande \u00e0 Pope de se rendre \u00e0 la bande de Gaza\"},{\"@type\":\"BreadcrumbList\",\"@id\":\"https:\/\/vieassociative.be\/actualites\/madonna-demande-a-pope-de-se-rendre-a-la-bande-de-gaza\/#breadcrumb\",\"itemListElement\":[{\"@type\":\"ListItem\",\"position\":1,\"name\":\"Accueil\",\"item\":\"https:\/\/vieassociative.be\/actualites\/\"},{\"@type\":\"ListItem\",\"position\":2,\"name\":\"Madonna demande \u00e0 Pope de se rendre \u00e0 la bande de Gaza\"}]},{\"@type\":\"WebSite\",\"@id\":\"https:\/\/vieassociative.be\/actualites\/#website\",\"url\":\"https:\/\/vieassociative.be\/actualites\/\",\"name\":\"Vie Associative\",\"description\":\"\",\"publisher\":{\"@id\":\"https:\/\/vieassociative.be\/actualites\/#organization\"},\"potentialAction\":[{\"@type\":\"SearchAction\",\"target\":{\"@type\":\"EntryPoint\",\"urlTemplate\":\"https:\/\/vieassociative.be\/actualites\/?s={search_term_string}\"},\"query-input\":{\"@type\":\"PropertyValueSpecification\",\"valueRequired\":true,\"valueName\":\"search_term_string\"}}],\"inLanguage\":\"fr-BE\"},{\"@type\":\"Organization\",\"@id\":\"https:\/\/vieassociative.be\/actualites\/#organization\",\"name\":\"Vie Associative\",\"url\":\"https:\/\/vieassociative.be\/actualites\/\",\"logo\":{\"@type\":\"ImageObject\",\"inLanguage\":\"fr-BE\",\"@id\":\"https:\/\/vieassociative.be\/actualites\/#\/schema\/logo\/image\/\",\"url\":\"https:\/\/vieassociative.be\/actualites\/wp-content\/uploads\/2024\/09\/cropped-vieassociative_favicon.ico.png\",\"contentUrl\":\"https:\/\/vieassociative.be\/actualites\/wp-content\/uploads\/2024\/09\/cropped-vieassociative_favicon.ico.png\",\"width\":512,\"height\":512,\"caption\":\"Vie Associative\"},\"image\":{\"@id\":\"https:\/\/vieassociative.be\/actualites\/#\/schema\/logo\/image\/\"}},{\"@type\":\"Person\",\"@id\":\"https:\/\/vieassociative.be\/actualites\/#\/schema\/person\/b87ac4f82f9d4e7b7cec7395b679edc4\",\"name\":\"Julien\",\"image\":{\"@type\":\"ImageObject\",\"inLanguage\":\"fr-BE\",\"@id\":\"https:\/\/vieassociative.be\/actualites\/#\/schema\/person\/image\/\",\"url\":\"https:\/\/vieassociative.be\/actualites\/wp-content\/uploads\/2024\/09\/vie-associative-1-150x150.jpg\",\"contentUrl\":\"https:\/\/vieassociative.be\/actualites\/wp-content\/uploads\/2024\/09\/vie-associative-1-150x150.jpg\",\"caption\":\"Julien\"},\"description\":\"Je suis Julien, r\u00e9dacteur pour Vie Associative. Passionn\u00e9 par le monde associatif depuis plus de 10 ans, j'ai \u00e0 c\u0153ur de partager des histoires inspirantes et de mettre en lumi\u00e8re les initiatives locales. Mon objectif est de sensibiliser et d'encourager l'engagement communautaire \u00e0 travers mes articles.\",\"sameAs\":[\"https:\/\/vieassociative.be\/\"]}]}<\/script>\n<!-- \/ Yoast SEO plugin. -->","yoast_head_json":{"title":"Madonna demande \u00e0 Pope de se rendre \u00e0 la bande de Gaza | Vie Associative","robots":{"index":"index","follow":"follow","max-snippet":"max-snippet:-1","max-image-preview":"max-image-preview:large","max-video-preview":"max-video-preview:-1"},"canonical":"https:\/\/vieassociative.be\/actualites\/madonna-demande-a-pope-de-se-rendre-a-la-bande-de-gaza\/","og_locale":"fr_FR","og_type":"article","og_title":"Madonna demande \u00e0 Pope de se rendre \u00e0 la bande de Gaza | Vie Associative","og_description":"L&#8217;emplacement dans la bande de Gaza est catastrophique. Selon l&rsquo;ONU, la malnutrition aigu\u00eb chez les enfants a atteint un maximum. Maintenant, Madonna se tourne directement","og_url":"https:\/\/vieassociative.be\/actualites\/madonna-demande-a-pope-de-se-rendre-a-la-bande-de-gaza\/","og_site_name":"Vie Associative","article_published_time":"2025-08-13T20:17:00+00:00","og_image":[{"width":279,"height":92,"url":"https:\/\/vieassociative.be\/actualites\/wp-content\/uploads\/2024\/09\/header_backgroundk-01-e1726694325946.png","type":"image\/png"}],"author":"Julien","twitter_card":"summary_large_image","twitter_misc":{"\u00c9crit par":"Julien","Dur\u00e9e de lecture est.":"2 minutes"},"schema":{"@context":"https:\/\/schema.org","@graph":[{"@type":"Article","@id":"https:\/\/vieassociative.be\/actualites\/madonna-demande-a-pope-de-se-rendre-a-la-bande-de-gaza\/#article","isPartOf":{"@id":"https:\/\/vieassociative.be\/actualites\/madonna-demande-a-pope-de-se-rendre-a-la-bande-de-gaza\/"},"author":{"name":"Julien","@id":"https:\/\/vieassociative.be\/actualites\/#\/schema\/person\/b87ac4f82f9d4e7b7cec7395b679edc4"},"headline":"Madonna demande \u00e0 Pope de se rendre \u00e0 la bande de Gaza","datePublished":"2025-08-13T20:17:00+00:00","dateModified":"2025-08-13T20:17:00+00:00","mainEntityOfPage":{"@id":"https:\/\/vieassociative.be\/actualites\/madonna-demande-a-pope-de-se-rendre-a-la-bande-de-gaza\/"},"wordCount":507,"publisher":{"@id":"https:\/\/vieassociative.be\/actualites\/#organization"},"image":{"@id":"https:\/\/vieassociative.be\/actualites\/madonna-demande-a-pope-de-se-rendre-a-la-bande-de-gaza\/#primaryimage"},"thumbnailUrl":"https:\/\/vieassociative.be\/actualites\/wp-content\/uploads\/2025\/08\/1755116221_Madonna-demande-a-Pope-de-se-rendre-a-la-bande.jpg","keywords":["bande","demand\u00e9","Gaza","Madonna","Pope","rendre"],"articleSection":["Belgique"],"inLanguage":"fr-BE"},{"@type":"WebPage","@id":"https:\/\/vieassociative.be\/actualites\/madonna-demande-a-pope-de-se-rendre-a-la-bande-de-gaza\/","url":"https:\/\/vieassociative.be\/actualites\/madonna-demande-a-pope-de-se-rendre-a-la-bande-de-gaza\/","name":"Madonna demande \u00e0 Pope de se rendre \u00e0 la bande de Gaza | Vie Associative","isPartOf":{"@id":"https:\/\/vieassociative.be\/actualites\/#website"},"primaryImageOfPage":{"@id":"https:\/\/vieassociative.be\/actualites\/madonna-demande-a-pope-de-se-rendre-a-la-bande-de-gaza\/#primaryimage"},"image":{"@id":"https:\/\/vieassociative.be\/actualites\/madonna-demande-a-pope-de-se-rendre-a-la-bande-de-gaza\/#primaryimage"},"thumbnailUrl":"https:\/\/vieassociative.be\/actualites\/wp-content\/uploads\/2025\/08\/1755116221_Madonna-demande-a-Pope-de-se-rendre-a-la-bande.jpg","datePublished":"2025-08-13T20:17:00+00:00","dateModified":"2025-08-13T20:17:00+00:00","breadcrumb":{"@id":"https:\/\/vieassociative.be\/actualites\/madonna-demande-a-pope-de-se-rendre-a-la-bande-de-gaza\/#breadcrumb"},"inLanguage":"fr-BE","potentialAction":[{"@type":"ReadAction","target":["https:\/\/vieassociative.be\/actualites\/madonna-demande-a-pope-de-se-rendre-a-la-bande-de-gaza\/"]}]},{"@type":"ImageObject","inLanguage":"fr-BE","@id":"https:\/\/vieassociative.be\/actualites\/madonna-demande-a-pope-de-se-rendre-a-la-bande-de-gaza\/#primaryimage","url":"https:\/\/vieassociative.be\/actualites\/wp-content\/uploads\/2025\/08\/1755116221_Madonna-demande-a-Pope-de-se-rendre-a-la-bande.jpg","contentUrl":"https:\/\/vieassociative.be\/actualites\/wp-content\/uploads\/2025\/08\/1755116221_Madonna-demande-a-Pope-de-se-rendre-a-la-bande.jpg","width":1200,"height":399,"caption":"Madonna demande \u00e0 Pope de se rendre \u00e0 la bande de Gaza"},{"@type":"BreadcrumbList","@id":"https:\/\/vieassociative.be\/actualites\/madonna-demande-a-pope-de-se-rendre-a-la-bande-de-gaza\/#breadcrumb","itemListElement":[{"@type":"ListItem","position":1,"name":"Accueil","item":"https:\/\/vieassociative.be\/actualites\/"},{"@type":"ListItem","position":2,"name":"Madonna demande \u00e0 Pope de se rendre \u00e0 la bande de Gaza"}]},{"@type":"WebSite","@id":"https:\/\/vieassociative.be\/actualites\/#website","url":"https:\/\/vieassociative.be\/actualites\/","name":"Vie Associative","description":"","publisher":{"@id":"https:\/\/vieassociative.be\/actualites\/#organization"},"potentialAction":[{"@type":"SearchAction","target":{"@type":"EntryPoint","urlTemplate":"https:\/\/vieassociative.be\/actualites\/?s={search_term_string}"},"query-input":{"@type":"PropertyValueSpecification","valueRequired":true,"valueName":"search_term_string"}}],"inLanguage":"fr-BE"},{"@type":"Organization","@id":"https:\/\/vieassociative.be\/actualites\/#organization","name":"Vie Associative","url":"https:\/\/vieassociative.be\/actualites\/","logo":{"@type":"ImageObject","inLanguage":"fr-BE","@id":"https:\/\/vieassociative.be\/actualites\/#\/schema\/logo\/image\/","url":"https:\/\/vieassociative.be\/actualites\/wp-content\/uploads\/2024\/09\/cropped-vieassociative_favicon.ico.png","contentUrl":"https:\/\/vieassociative.be\/actualites\/wp-content\/uploads\/2024\/09\/cropped-vieassociative_favicon.ico.png","width":512,"height":512,"caption":"Vie Associative"},"image":{"@id":"https:\/\/vieassociative.be\/actualites\/#\/schema\/logo\/image\/"}},{"@type":"Person","@id":"https:\/\/vieassociative.be\/actualites\/#\/schema\/person\/b87ac4f82f9d4e7b7cec7395b679edc4","name":"Julien","image":{"@type":"ImageObject","inLanguage":"fr-BE","@id":"https:\/\/vieassociative.be\/actualites\/#\/schema\/person\/image\/","url":"https:\/\/vieassociative.be\/actualites\/wp-content\/uploads\/2024\/09\/vie-associative-1-150x150.jpg","contentUrl":"https:\/\/vieassociative.be\/actualites\/wp-content\/uploads\/2024\/09\/vie-associative-1-150x150.jpg","caption":"Julien"},"description":"Je suis Julien, r\u00e9dacteur pour Vie Associative. Passionn\u00e9 par le monde associatif depuis plus de 10 ans, j'ai \u00e0 c\u0153ur de partager des histoires inspirantes et de mettre en lumi\u00e8re les initiatives locales. Mon objectif est de sensibiliser et d'encourager l'engagement communautaire \u00e0 travers mes articles.","sameAs":["https:\/\/vieassociative.be\/"]}]}},"_links":{"self":[{"href":"https:\/\/vieassociative.be\/actualites\/wp-json\/wp\/v2\/posts\/9382"}],"collection":[{"href":"https:\/\/vieassociative.be\/actualites\/wp-json\/wp\/v2\/posts"}],"about":[{"href":"https:\/\/vieassociative.be\/actualites\/wp-json\/wp\/v2\/types\/post"}],"author":[{"embeddable":true,"href":"https:\/\/vieassociative.be\/actualites\/wp-json\/wp\/v2\/users\/1"}],"replies":[{"embeddable":true,"href":"https:\/\/vieassociative.be\/actualites\/wp-json\/wp\/v2\/comments?post=9382"}],"version-history":[{"count":0,"href":"https:\/\/vieassociative.be\/actualites\/wp-json\/wp\/v2\/posts\/9382\/revisions"}],"wp:featuredmedia":[{"embeddable":true,"href":"https:\/\/vieassociative.be\/actualites\/wp-json\/wp\/v2\/media\/9383"}],"wp:attachment":[{"href":"https:\/\/vieassociative.be\/actualites\/wp-json\/wp\/v2\/media?parent=9382"}],"wp:term":[{"taxonomy":"category","embeddable":true,"href":"https:\/\/vieassociative.be\/actualites\/wp-json\/wp\/v2\/categories?post=9382"},{"taxonomy":"post_tag","embeddable":true,"href":"https:\/\/vieassociative.be\/actualites\/wp-json\/wp\/v2\/tags?post=9382"}],"curies":[{"name":"wp","href":"https:\/\/api.w.org\/{rel}","templated":true}]}}