{"id":9376,"date":"2025-08-13T16:17:44","date_gmt":"2025-08-13T14:17:44","guid":{"rendered":"https:\/\/vieassociative.be\/actualites\/le-13-aout-est-il-la-journee-internationale-de-la-gauche-des-gauchers-particulierement-talentueux-questions-et-reponses\/"},"modified":"2025-08-13T16:17:44","modified_gmt":"2025-08-13T14:17:44","slug":"le-13-aout-est-il-la-journee-internationale-de-la-gauche-des-gauchers-particulierement-talentueux-questions-et-reponses","status":"publish","type":"post","link":"https:\/\/vieassociative.be\/actualites\/le-13-aout-est-il-la-journee-internationale-de-la-gauche-des-gauchers-particulierement-talentueux-questions-et-reponses\/","title":{"rendered":"Le 13 ao\u00fbt est-il la Journ\u00e9e internationale de la gauche &#8211; des \u00ab\u00a0gauchers\u00a0\u00bb particuli\u00e8rement talentueux? (Questions et r\u00e9ponses)"},"content":{"rendered":"<p><strong>Le 13 ao\u00fbt est la Journ\u00e9e internationale de la gauche. Ce jour-l\u00e0, la gauche &#8211; les responsables attirent l&rsquo;attention sur leurs besoins et leurs probl\u00e8mes quotidiens.<\/strong><\/p>\n<p><span id=\"more-422311\"><\/span>M\u00eame en tant que b\u00e9b\u00e9 dans le ventre de la m\u00e8re, certains des mains de gauche sucent le pouce gauche. Au cours de la troisi\u00e8me ann\u00e9e de la vie, il est g\u00e9n\u00e9ralement clair quelle main un tout-petit saisit, lance une balle ou des peintures. Selon une \u00e9tude, environ 10,6% des personnes sont dues, dont un peu plus d&rsquo;hommes que de femmes.<\/p>\n<p>Il existe de nombreux mythes sur les \u00ab\u00a0gauchers\u00a0\u00bb. Certains les consid\u00e8rent plus cr\u00e9atifs ou m\u00eame intelligents, d&rsquo;autres se moquent de maladroits. M\u00eame l&rsquo;id\u00e9e fausse que les responsables de gauche ont une esp\u00e9rance de vie plus courte est persistante. Qu&rsquo;est-ce que les st\u00e9r\u00e9otypes? Un aper\u00e7u sous forme de questions et r\u00e9ponses:<\/p>\n<p><strong>&#8211; Quelles sont les diff\u00e9rences entre les gauchers et les droitiers?<\/strong><\/p>\n<p>Dans le cas de gauche, le cerveau droit est actif dans les activit\u00e9s motrices, tandis que la gauche dans les personnes handicap\u00e9es \u00e0 droite. Sinon, la gauche et les droitiers ne diff\u00e8rent gu\u00e8re.<\/p>\n<div id=\"attachment_422329\" class=\"wp-caption alignleft\" style=\"max-width: 300px\"><img fetchpriority=\"high\" decoding=\"async\" class=\"wp-image-422329 size-medium\" src=\"https:\/\/vieassociative.be\/actualites\/wp-content\/uploads\/2025\/08\/Le-13-aout-est-il-la-Journee-internationale-de-la-gauche.jpg\" alt=\"\" width=\"300\" height=\"200\"><\/div>\n<p>\u00ab\u00a0Peut-\u00eatre que la plus grande id\u00e9e fausse est de supposer que les diff\u00e9rences de la main-d&rsquo;\u0153uvre doivent \u00eatre efficaces\u00a0\u00bb, explique le psychologue Ulrich Tran, qui fait des recherches sur ce sujet \u00e0 l&rsquo;Universit\u00e9 de Vienne. Le biopsychologue Sebastian Ocklenburg de la MSH Medical School Hambourg est le co-auteur de l&rsquo;\u00e9tude publi\u00e9e en 2020. \u00ab\u00a025% sont d\u00e9termin\u00e9s par des facteurs g\u00e9n\u00e9tiques, si une personne est rest\u00e9e -\u00ab\u00a0, dit-il. De plus, les facteurs environnementaux ont jou\u00e9 un r\u00f4le, comme le poids \u00e0 la naissance ou si l&rsquo;on avait \u00e9t\u00e9 allait\u00e9.<\/p>\n<p><strong>&#8211; sont-ils laiss\u00e9s plus cr\u00e9atifs?<\/strong><\/p>\n<p>Les deux moiti\u00e9s du cerveau se sp\u00e9cialisent dans diff\u00e9rentes t\u00e2ches et processus. Dans le cas des activit\u00e9s motrices, l&rsquo;h\u00e9misph\u00e8re droit est actif dans les activit\u00e9s motrices, dans lesquelles se trouvent les comp\u00e9tences artistiques. Dans le cas des personnes handicap\u00e9es \u00e0 droite, le cerveau gauche, o\u00f9 r\u00e9side la pens\u00e9e analytique. \u00ab\u00a0Pour cette raison, il y a l&rsquo;hypoth\u00e8se que les personnes gauche et droite diff\u00e8rent dans leur cr\u00e9ativit\u00e9\u00a0\u00bb, explique Tran. \u00ab\u00a0Mais cela ne semble pas vraiment \u00eatre le cas.\u00a0\u00bb<\/p>\n<p>Les personnes due \u00e0 gauche peuvent encore \u00eatre trouv\u00e9es dans des professions cr\u00e9atives et artistiques. Ceci est li\u00e9 au fait que beaucoup de gens pensent que les personnes qui restent sont plus cr\u00e9atives, explique Ocklenburg. Cette hypoth\u00e8se r\u00e9pandue rend la gauche &#8211; qui a davantage pris la part de prendre une profession cr\u00e9ative.<\/p>\n<p><strong>&#8211; Les personnes due \u00e0 gauche ont-elles un quotient de renseignement plus \u00e9lev\u00e9?<\/strong><\/p>\n<p>Le laur\u00e9at du prix Nobel Albert Einstein et le po\u00e8te Johann Wolfgang von Goethe auraient \u00e9t\u00e9 laiss\u00e9s. De nombreux pr\u00e9sidents am\u00e9ricains, dont Bill Clinton et Barack Obama, \u00e9crivent \u00e9galement avec leur main gauche. Les personnes handicap\u00e9es sont-elles particuli\u00e8rement intelligentes et sont donc appel\u00e9es plus haut? N\u00e9anmoins. Une \u00e9tude de 2015 arrive \u00e0 la conclusion que les responsables de gauche ne sont pas plus intelligents que les responsables droits.<\/p>\n<div id=\"attachment_422330\" class=\"wp-caption alignleft\" style=\"max-width: 300px\"><img decoding=\"async\" class=\"wp-image-422330 size-medium\" src=\"https:\/\/vieassociative.be\/actualites\/wp-content\/uploads\/2025\/08\/1755094664_324_Le-13-aout-est-il-la-Journee-internationale-de-la-gauche.jpg\" alt=\"\" width=\"300\" height=\"200\"><\/div>\n<p><strong>&#8211; Cela fait-il du mal s&rsquo;il est rest\u00e9 form\u00e9?<\/strong><\/p>\n<p>Jusqu&rsquo;aux ann\u00e9es 1990, de nombreux aiguilles de gauche \u00e9taient toujours form\u00e9es et n&rsquo;\u00e9taient autoris\u00e9es qu&rsquo;\u00e0 \u00e9crire avec leur main droite \u00e0 l&rsquo;\u00e9cole. \u00ab\u00a0Les personnes handicap\u00e9es \u00e0 gauche forment d\u00e9veloppent souvent des troubles de concentration ou m\u00eame des probl\u00e8mes psychologiques parce que le recyclage est une interf\u00e9rence majeure avec leur cerveau\u00a0\u00bb, explique la psychoth\u00e9rapeute Barbara Sattler. En 1985, elle a travaill\u00e9 dans un projet de recherche, \u00e0 la pointe desquels, selon Sattler, le premier centre de counseling allemand pour la longueur gauche et form\u00e9 a \u00e9t\u00e9 cr\u00e9\u00e9.<\/p>\n<p>Dans certains centres de garderie, trop peu est pris en charge le sujet, critique-t-elle. Les enfants se sont parfois orient\u00e9s sur leurs joueurs et se sont entra\u00een\u00e9s. L&rsquo;expert estime que la part de gauche est en fait de 20 \u00e0 25%.<\/p>\n<p>Si les enfants changent souvent de mains apr\u00e8s l&rsquo;\u00e2ge de quatre ans, les parents devraient demander conseil au p\u00e9diatre et \u00e9ventuellement faire clarifier le handicap avec un test. Il est important que la main d&rsquo;\u00e9criture soit d\u00e9termin\u00e9e avant de commencer l&rsquo;\u00e9cole. Le Portal KingegeSundheit-Info.de du minist\u00e8re de la Sant\u00e9 de la R\u00e9publique f\u00e9d\u00e9rale d&rsquo;Allemagne donne des conseils aux parents en allemand.<\/p>\n<p><strong>&#8211; sont-ils laiss\u00e9s maladroits?<\/strong><\/p>\n<p>\u00ab\u00a0Les personnes due \u00e0 gauche ne sont pas plus maladroites, mais leur environnement est plus align\u00e9 avec des personnes handicap\u00e9es \u00e0 droite\u00a0\u00bb, explique Ocklenburg. Pour cette raison, les personnes handicap\u00e9es sont impliqu\u00e9es dans des accidents. \u00ab\u00a0L&rsquo;un des inconv\u00e9nients est qu&rsquo;il est plus difficile d&rsquo;apprendre les activit\u00e9s motrices des personnes handicap\u00e9es\u00a0\u00bb, explique le biopsychologue. Par cons\u00e9quent, les personnes handicap\u00e9es ont du mal \u00e0 apprendre la boucle enfant. Beaucoup ont \u00e9galement du mal \u00e0 tricoter et \u00e0 crocheter. En tout cas, les parents devraient obtenir des ciseaux gaucher pour bricoler.<\/p>\n<p><strong>&#8211; Les personnes due \u00e0 gauche ont-elles plus difficiles dans la vie?<\/strong><\/p>\n<p>Cela d\u00e9pend de l&rsquo;origine. Selon Sattler, la main gauche dans certaines r\u00e9gions du monde est toujours une impure ou m\u00eame le diable. Il est rapport\u00e9 que les enfants sont attach\u00e9s \u00e0 la main gauche sur le dos afin qu&rsquo;ils ne soient plus utilis\u00e9s.<\/p>\n<div id=\"attachment_422331\" class=\"wp-caption alignleft\" style=\"max-width: 300px\"><img decoding=\"async\" class=\"wp-image-422331 size-medium\" src=\"https:\/\/vieassociative.be\/actualites\/wp-content\/uploads\/2025\/08\/1755094664_369_Le-13-aout-est-il-la-Journee-internationale-de-la-gauche.jpg\" alt=\"\" width=\"300\" height=\"200\"><\/div>\n<p>Selon le psychologue, les stigmes sociaux se sont d\u00e9velopp\u00e9s au cours de l&rsquo;histoire. Ils auraient caus\u00e9 beaucoup de souffrances parmi les personnes touch\u00e9es. Les personnes due \u00e0 gauche sont encore loin des chances d&rsquo;\u00e9galit\u00e9 avec les personnes handicap\u00e9es \u00e0 droite. Les appareils, les machines et l&rsquo;\u00e9quipement de travail sont con\u00e7us pour les pressions \u00e0 droite. Les boutons d&rsquo;alarme dans l&rsquo;industrie sont souvent plac\u00e9s \u00e0 droite.<\/p>\n<p><strong>&#8211; Les personnes dues \u00e0 gauche ont-elles une esp\u00e9rance de vie plus courte?<\/strong><\/p>\n<p>Selon Sattler, c&rsquo;est une id\u00e9e fausse. Le contexte pourrait \u00eatre une ancienne \u00e9tude qui a longtemps \u00e9t\u00e9 r\u00e9fut\u00e9e. \u00ab\u00a0Il y a encore tellement de th\u00e8ses douteuses sur la gauche\u00a0\u00bb, critique le psychoth\u00e9rapeute.<\/p>\n<p><strong>&#8211; sont-elles laiss\u00e9es &#8211; les meilleurs athl\u00e8tes sont-ils de meilleurs athl\u00e8tes?<\/strong><\/p>\n<p>Les personnes due \u00e0 gauche ont de grands avantages, en particulier dans les arts martiaux ou les sports interactifs. Mais ce ne sont pas les meilleurs joueurs de tennis, met l&rsquo;accent sur Ocklenburg. Cependant, vous b\u00e9n\u00e9ficiez de la formation avec des personnes handicap\u00e9es \u00e0 droite, tandis que les personnes due \u00e0 droite rencontrent rarement des personnes due \u00e0 gauche. Ainsi, la gauche &#8211; peut profiter de l&rsquo;effet surprise.<\/p>\n<p><strong>&#8211; Y a-t-il des corps?<\/strong><\/p>\n<p>Les personnes qui peuvent tout faire avec les deux mains sont extr\u00eamement rares &#8211; \u00e0 savoir 0,1 \u00e0 1% de la population. En plus des 10% de personnes \u00e0 gauche, environ 9% de personnes ayant une patrouille \u00e0 la main peu claire, comme l&rsquo;appelle Sattler. Par exemple, ceux-ci \u00e9criraient avec des liens, mais effectueraient des activit\u00e9s moins exigeantes avec le droit. (DPA)<\/p>\n","protected":false},"excerpt":{"rendered":"<p>Le 13 ao\u00fbt est la Journ\u00e9e internationale de la gauche. Ce jour-l\u00e0, la gauche &#8211; les responsables attirent l&rsquo;attention sur leurs besoins et leurs probl\u00e8mes<\/p>\n","protected":false},"author":1,"featured_media":9377,"comment_status":"","ping_status":"","sticky":false,"template":"","format":"standard","meta":{"footnotes":""},"categories":[298],"tags":[1778,29,586,7881,8146,5751,2877,8147,481,1882,8148],"class_list":["post-9376","post","type-post","status-publish","format-standard","has-post-thumbnail","hentry","category-belgique","tag-aout","tag-des","tag-estil","tag-gauche","tag-gauchers","tag-internationale","tag-journee","tag-particulierement","tag-questions","tag-reponses","tag-talentueux","generate-columns","tablet-grid-50","mobile-grid-100","grid-parent","grid-33"],"yoast_head":"<!-- This site is optimized with the Yoast SEO plugin v24.0 - https:\/\/yoast.com\/wordpress\/plugins\/seo\/ -->\n<title>Le 13 ao\u00fbt est-il la Journ\u00e9e internationale de la gauche - des &quot;gauchers&quot; particuli\u00e8rement talentueux? (Questions et r\u00e9ponses) | Vie Associative<\/title>\n<meta name=\"robots\" content=\"index, follow, max-snippet:-1, max-image-preview:large, max-video-preview:-1\" \/>\n<link rel=\"canonical\" href=\"https:\/\/vieassociative.be\/actualites\/le-13-aout-est-il-la-journee-internationale-de-la-gauche-des-gauchers-particulierement-talentueux-questions-et-reponses\/\" \/>\n<meta property=\"og:locale\" content=\"fr_FR\" \/>\n<meta property=\"og:type\" content=\"article\" \/>\n<meta property=\"og:title\" content=\"Le 13 ao\u00fbt est-il la Journ\u00e9e internationale de la gauche - des &quot;gauchers&quot; particuli\u00e8rement talentueux? (Questions et r\u00e9ponses) | Vie Associative\" \/>\n<meta property=\"og:description\" content=\"Le 13 ao\u00fbt est la Journ\u00e9e internationale de la gauche. Ce jour-l\u00e0, la gauche &#8211; les responsables attirent l&rsquo;attention sur leurs besoins et leurs probl\u00e8mes\" \/>\n<meta property=\"og:url\" content=\"https:\/\/vieassociative.be\/actualites\/le-13-aout-est-il-la-journee-internationale-de-la-gauche-des-gauchers-particulierement-talentueux-questions-et-reponses\/\" \/>\n<meta property=\"og:site_name\" content=\"Vie Associative\" \/>\n<meta property=\"article:published_time\" content=\"2025-08-13T14:17:44+00:00\" \/>\n<meta property=\"og:image\" content=\"https:\/\/vieassociative.be\/actualites\/wp-content\/uploads\/2024\/09\/header_backgroundk-01-e1726694325946.png\" \/>\n\t<meta property=\"og:image:width\" content=\"279\" \/>\n\t<meta property=\"og:image:height\" content=\"92\" \/>\n\t<meta property=\"og:image:type\" content=\"image\/png\" \/>\n<meta name=\"author\" content=\"Julien\" \/>\n<meta name=\"twitter:card\" content=\"summary_large_image\" \/>\n<meta name=\"twitter:label1\" content=\"\u00c9crit par\" \/>\n\t<meta name=\"twitter:data1\" content=\"Julien\" \/>\n\t<meta name=\"twitter:label2\" content=\"Dur\u00e9e de lecture est.\" \/>\n\t<meta name=\"twitter:data2\" content=\"6 minutes\" \/>\n<script type=\"application\/ld+json\" class=\"yoast-schema-graph\">{\"@context\":\"https:\/\/schema.org\",\"@graph\":[{\"@type\":\"Article\",\"@id\":\"https:\/\/vieassociative.be\/actualites\/le-13-aout-est-il-la-journee-internationale-de-la-gauche-des-gauchers-particulierement-talentueux-questions-et-reponses\/#article\",\"isPartOf\":{\"@id\":\"https:\/\/vieassociative.be\/actualites\/le-13-aout-est-il-la-journee-internationale-de-la-gauche-des-gauchers-particulierement-talentueux-questions-et-reponses\/\"},\"author\":{\"name\":\"Julien\",\"@id\":\"https:\/\/vieassociative.be\/actualites\/#\/schema\/person\/b87ac4f82f9d4e7b7cec7395b679edc4\"},\"headline\":\"Le 13 ao\u00fbt est-il la Journ\u00e9e internationale de la gauche &#8211; des \u00ab\u00a0gauchers\u00a0\u00bb particuli\u00e8rement talentueux? (Questions et r\u00e9ponses)\",\"datePublished\":\"2025-08-13T14:17:44+00:00\",\"dateModified\":\"2025-08-13T14:17:44+00:00\",\"mainEntityOfPage\":{\"@id\":\"https:\/\/vieassociative.be\/actualites\/le-13-aout-est-il-la-journee-internationale-de-la-gauche-des-gauchers-particulierement-talentueux-questions-et-reponses\/\"},\"wordCount\":1218,\"publisher\":{\"@id\":\"https:\/\/vieassociative.be\/actualites\/#organization\"},\"image\":{\"@id\":\"https:\/\/vieassociative.be\/actualites\/le-13-aout-est-il-la-journee-internationale-de-la-gauche-des-gauchers-particulierement-talentueux-questions-et-reponses\/#primaryimage\"},\"thumbnailUrl\":\"https:\/\/vieassociative.be\/actualites\/wp-content\/uploads\/2025\/08\/1755094665_Le-13-aout-est-il-la-Journee-internationale-de-la-gauche.jpg\",\"keywords\":[\"ao\u00fbt\",\"Des\",\"estil\",\"gauche\",\"gauchers\",\"internationale\",\"journ\u00e9e\",\"particuli\u00e8rement\",\"questions\",\"r\u00e9ponses\",\"talentueux\"],\"articleSection\":[\"Belgique\"],\"inLanguage\":\"fr-BE\"},{\"@type\":\"WebPage\",\"@id\":\"https:\/\/vieassociative.be\/actualites\/le-13-aout-est-il-la-journee-internationale-de-la-gauche-des-gauchers-particulierement-talentueux-questions-et-reponses\/\",\"url\":\"https:\/\/vieassociative.be\/actualites\/le-13-aout-est-il-la-journee-internationale-de-la-gauche-des-gauchers-particulierement-talentueux-questions-et-reponses\/\",\"name\":\"Le 13 ao\u00fbt est-il la Journ\u00e9e internationale de la gauche - des \\\"gauchers\\\" particuli\u00e8rement talentueux? (Questions et r\u00e9ponses) | Vie Associative\",\"isPartOf\":{\"@id\":\"https:\/\/vieassociative.be\/actualites\/#website\"},\"primaryImageOfPage\":{\"@id\":\"https:\/\/vieassociative.be\/actualites\/le-13-aout-est-il-la-journee-internationale-de-la-gauche-des-gauchers-particulierement-talentueux-questions-et-reponses\/#primaryimage\"},\"image\":{\"@id\":\"https:\/\/vieassociative.be\/actualites\/le-13-aout-est-il-la-journee-internationale-de-la-gauche-des-gauchers-particulierement-talentueux-questions-et-reponses\/#primaryimage\"},\"thumbnailUrl\":\"https:\/\/vieassociative.be\/actualites\/wp-content\/uploads\/2025\/08\/1755094665_Le-13-aout-est-il-la-Journee-internationale-de-la-gauche.jpg\",\"datePublished\":\"2025-08-13T14:17:44+00:00\",\"dateModified\":\"2025-08-13T14:17:44+00:00\",\"breadcrumb\":{\"@id\":\"https:\/\/vieassociative.be\/actualites\/le-13-aout-est-il-la-journee-internationale-de-la-gauche-des-gauchers-particulierement-talentueux-questions-et-reponses\/#breadcrumb\"},\"inLanguage\":\"fr-BE\",\"potentialAction\":[{\"@type\":\"ReadAction\",\"target\":[\"https:\/\/vieassociative.be\/actualites\/le-13-aout-est-il-la-journee-internationale-de-la-gauche-des-gauchers-particulierement-talentueux-questions-et-reponses\/\"]}]},{\"@type\":\"ImageObject\",\"inLanguage\":\"fr-BE\",\"@id\":\"https:\/\/vieassociative.be\/actualites\/le-13-aout-est-il-la-journee-internationale-de-la-gauche-des-gauchers-particulierement-talentueux-questions-et-reponses\/#primaryimage\",\"url\":\"https:\/\/vieassociative.be\/actualites\/wp-content\/uploads\/2025\/08\/1755094665_Le-13-aout-est-il-la-Journee-internationale-de-la-gauche.jpg\",\"contentUrl\":\"https:\/\/vieassociative.be\/actualites\/wp-content\/uploads\/2025\/08\/1755094665_Le-13-aout-est-il-la-Journee-internationale-de-la-gauche.jpg\",\"width\":1200,\"height\":800,\"caption\":\"Le 13 ao\u00fbt est-il la Journ\u00e9e internationale de la gauche - des \\\"gauchers\\\" particuli\u00e8rement talentueux? (Questions et r\u00e9ponses)\"},{\"@type\":\"BreadcrumbList\",\"@id\":\"https:\/\/vieassociative.be\/actualites\/le-13-aout-est-il-la-journee-internationale-de-la-gauche-des-gauchers-particulierement-talentueux-questions-et-reponses\/#breadcrumb\",\"itemListElement\":[{\"@type\":\"ListItem\",\"position\":1,\"name\":\"Accueil\",\"item\":\"https:\/\/vieassociative.be\/actualites\/\"},{\"@type\":\"ListItem\",\"position\":2,\"name\":\"Le 13 ao\u00fbt est-il la Journ\u00e9e internationale de la gauche &#8211; des \u00ab\u00a0gauchers\u00a0\u00bb particuli\u00e8rement talentueux? (Questions et r\u00e9ponses)\"}]},{\"@type\":\"WebSite\",\"@id\":\"https:\/\/vieassociative.be\/actualites\/#website\",\"url\":\"https:\/\/vieassociative.be\/actualites\/\",\"name\":\"Vie Associative\",\"description\":\"\",\"publisher\":{\"@id\":\"https:\/\/vieassociative.be\/actualites\/#organization\"},\"potentialAction\":[{\"@type\":\"SearchAction\",\"target\":{\"@type\":\"EntryPoint\",\"urlTemplate\":\"https:\/\/vieassociative.be\/actualites\/?s={search_term_string}\"},\"query-input\":{\"@type\":\"PropertyValueSpecification\",\"valueRequired\":true,\"valueName\":\"search_term_string\"}}],\"inLanguage\":\"fr-BE\"},{\"@type\":\"Organization\",\"@id\":\"https:\/\/vieassociative.be\/actualites\/#organization\",\"name\":\"Vie Associative\",\"url\":\"https:\/\/vieassociative.be\/actualites\/\",\"logo\":{\"@type\":\"ImageObject\",\"inLanguage\":\"fr-BE\",\"@id\":\"https:\/\/vieassociative.be\/actualites\/#\/schema\/logo\/image\/\",\"url\":\"https:\/\/vieassociative.be\/actualites\/wp-content\/uploads\/2024\/09\/cropped-vieassociative_favicon.ico.png\",\"contentUrl\":\"https:\/\/vieassociative.be\/actualites\/wp-content\/uploads\/2024\/09\/cropped-vieassociative_favicon.ico.png\",\"width\":512,\"height\":512,\"caption\":\"Vie Associative\"},\"image\":{\"@id\":\"https:\/\/vieassociative.be\/actualites\/#\/schema\/logo\/image\/\"}},{\"@type\":\"Person\",\"@id\":\"https:\/\/vieassociative.be\/actualites\/#\/schema\/person\/b87ac4f82f9d4e7b7cec7395b679edc4\",\"name\":\"Julien\",\"image\":{\"@type\":\"ImageObject\",\"inLanguage\":\"fr-BE\",\"@id\":\"https:\/\/vieassociative.be\/actualites\/#\/schema\/person\/image\/\",\"url\":\"https:\/\/vieassociative.be\/actualites\/wp-content\/uploads\/2024\/09\/vie-associative-1-150x150.jpg\",\"contentUrl\":\"https:\/\/vieassociative.be\/actualites\/wp-content\/uploads\/2024\/09\/vie-associative-1-150x150.jpg\",\"caption\":\"Julien\"},\"description\":\"Je suis Julien, r\u00e9dacteur pour Vie Associative. Passionn\u00e9 par le monde associatif depuis plus de 10 ans, j'ai \u00e0 c\u0153ur de partager des histoires inspirantes et de mettre en lumi\u00e8re les initiatives locales. Mon objectif est de sensibiliser et d'encourager l'engagement communautaire \u00e0 travers mes articles.\",\"sameAs\":[\"https:\/\/vieassociative.be\/\"]}]}<\/script>\n<!-- \/ Yoast SEO plugin. -->","yoast_head_json":{"title":"Le 13 ao\u00fbt est-il la Journ\u00e9e internationale de la gauche - des \"gauchers\" particuli\u00e8rement talentueux? (Questions et r\u00e9ponses) | Vie Associative","robots":{"index":"index","follow":"follow","max-snippet":"max-snippet:-1","max-image-preview":"max-image-preview:large","max-video-preview":"max-video-preview:-1"},"canonical":"https:\/\/vieassociative.be\/actualites\/le-13-aout-est-il-la-journee-internationale-de-la-gauche-des-gauchers-particulierement-talentueux-questions-et-reponses\/","og_locale":"fr_FR","og_type":"article","og_title":"Le 13 ao\u00fbt est-il la Journ\u00e9e internationale de la gauche - des \"gauchers\" particuli\u00e8rement talentueux? (Questions et r\u00e9ponses) | Vie Associative","og_description":"Le 13 ao\u00fbt est la Journ\u00e9e internationale de la gauche. Ce jour-l\u00e0, la gauche &#8211; les responsables attirent l&rsquo;attention sur leurs besoins et leurs probl\u00e8mes","og_url":"https:\/\/vieassociative.be\/actualites\/le-13-aout-est-il-la-journee-internationale-de-la-gauche-des-gauchers-particulierement-talentueux-questions-et-reponses\/","og_site_name":"Vie Associative","article_published_time":"2025-08-13T14:17:44+00:00","og_image":[{"width":279,"height":92,"url":"https:\/\/vieassociative.be\/actualites\/wp-content\/uploads\/2024\/09\/header_backgroundk-01-e1726694325946.png","type":"image\/png"}],"author":"Julien","twitter_card":"summary_large_image","twitter_misc":{"\u00c9crit par":"Julien","Dur\u00e9e de lecture est.":"6 minutes"},"schema":{"@context":"https:\/\/schema.org","@graph":[{"@type":"Article","@id":"https:\/\/vieassociative.be\/actualites\/le-13-aout-est-il-la-journee-internationale-de-la-gauche-des-gauchers-particulierement-talentueux-questions-et-reponses\/#article","isPartOf":{"@id":"https:\/\/vieassociative.be\/actualites\/le-13-aout-est-il-la-journee-internationale-de-la-gauche-des-gauchers-particulierement-talentueux-questions-et-reponses\/"},"author":{"name":"Julien","@id":"https:\/\/vieassociative.be\/actualites\/#\/schema\/person\/b87ac4f82f9d4e7b7cec7395b679edc4"},"headline":"Le 13 ao\u00fbt est-il la Journ\u00e9e internationale de la gauche &#8211; des \u00ab\u00a0gauchers\u00a0\u00bb particuli\u00e8rement talentueux? (Questions et r\u00e9ponses)","datePublished":"2025-08-13T14:17:44+00:00","dateModified":"2025-08-13T14:17:44+00:00","mainEntityOfPage":{"@id":"https:\/\/vieassociative.be\/actualites\/le-13-aout-est-il-la-journee-internationale-de-la-gauche-des-gauchers-particulierement-talentueux-questions-et-reponses\/"},"wordCount":1218,"publisher":{"@id":"https:\/\/vieassociative.be\/actualites\/#organization"},"image":{"@id":"https:\/\/vieassociative.be\/actualites\/le-13-aout-est-il-la-journee-internationale-de-la-gauche-des-gauchers-particulierement-talentueux-questions-et-reponses\/#primaryimage"},"thumbnailUrl":"https:\/\/vieassociative.be\/actualites\/wp-content\/uploads\/2025\/08\/1755094665_Le-13-aout-est-il-la-Journee-internationale-de-la-gauche.jpg","keywords":["ao\u00fbt","Des","estil","gauche","gauchers","internationale","journ\u00e9e","particuli\u00e8rement","questions","r\u00e9ponses","talentueux"],"articleSection":["Belgique"],"inLanguage":"fr-BE"},{"@type":"WebPage","@id":"https:\/\/vieassociative.be\/actualites\/le-13-aout-est-il-la-journee-internationale-de-la-gauche-des-gauchers-particulierement-talentueux-questions-et-reponses\/","url":"https:\/\/vieassociative.be\/actualites\/le-13-aout-est-il-la-journee-internationale-de-la-gauche-des-gauchers-particulierement-talentueux-questions-et-reponses\/","name":"Le 13 ao\u00fbt est-il la Journ\u00e9e internationale de la gauche - des \"gauchers\" particuli\u00e8rement talentueux? (Questions et r\u00e9ponses) | Vie Associative","isPartOf":{"@id":"https:\/\/vieassociative.be\/actualites\/#website"},"primaryImageOfPage":{"@id":"https:\/\/vieassociative.be\/actualites\/le-13-aout-est-il-la-journee-internationale-de-la-gauche-des-gauchers-particulierement-talentueux-questions-et-reponses\/#primaryimage"},"image":{"@id":"https:\/\/vieassociative.be\/actualites\/le-13-aout-est-il-la-journee-internationale-de-la-gauche-des-gauchers-particulierement-talentueux-questions-et-reponses\/#primaryimage"},"thumbnailUrl":"https:\/\/vieassociative.be\/actualites\/wp-content\/uploads\/2025\/08\/1755094665_Le-13-aout-est-il-la-Journee-internationale-de-la-gauche.jpg","datePublished":"2025-08-13T14:17:44+00:00","dateModified":"2025-08-13T14:17:44+00:00","breadcrumb":{"@id":"https:\/\/vieassociative.be\/actualites\/le-13-aout-est-il-la-journee-internationale-de-la-gauche-des-gauchers-particulierement-talentueux-questions-et-reponses\/#breadcrumb"},"inLanguage":"fr-BE","potentialAction":[{"@type":"ReadAction","target":["https:\/\/vieassociative.be\/actualites\/le-13-aout-est-il-la-journee-internationale-de-la-gauche-des-gauchers-particulierement-talentueux-questions-et-reponses\/"]}]},{"@type":"ImageObject","inLanguage":"fr-BE","@id":"https:\/\/vieassociative.be\/actualites\/le-13-aout-est-il-la-journee-internationale-de-la-gauche-des-gauchers-particulierement-talentueux-questions-et-reponses\/#primaryimage","url":"https:\/\/vieassociative.be\/actualites\/wp-content\/uploads\/2025\/08\/1755094665_Le-13-aout-est-il-la-Journee-internationale-de-la-gauche.jpg","contentUrl":"https:\/\/vieassociative.be\/actualites\/wp-content\/uploads\/2025\/08\/1755094665_Le-13-aout-est-il-la-Journee-internationale-de-la-gauche.jpg","width":1200,"height":800,"caption":"Le 13 ao\u00fbt est-il la Journ\u00e9e internationale de la gauche - des \"gauchers\" particuli\u00e8rement talentueux? (Questions et r\u00e9ponses)"},{"@type":"BreadcrumbList","@id":"https:\/\/vieassociative.be\/actualites\/le-13-aout-est-il-la-journee-internationale-de-la-gauche-des-gauchers-particulierement-talentueux-questions-et-reponses\/#breadcrumb","itemListElement":[{"@type":"ListItem","position":1,"name":"Accueil","item":"https:\/\/vieassociative.be\/actualites\/"},{"@type":"ListItem","position":2,"name":"Le 13 ao\u00fbt est-il la Journ\u00e9e internationale de la gauche &#8211; des \u00ab\u00a0gauchers\u00a0\u00bb particuli\u00e8rement talentueux? (Questions et r\u00e9ponses)"}]},{"@type":"WebSite","@id":"https:\/\/vieassociative.be\/actualites\/#website","url":"https:\/\/vieassociative.be\/actualites\/","name":"Vie Associative","description":"","publisher":{"@id":"https:\/\/vieassociative.be\/actualites\/#organization"},"potentialAction":[{"@type":"SearchAction","target":{"@type":"EntryPoint","urlTemplate":"https:\/\/vieassociative.be\/actualites\/?s={search_term_string}"},"query-input":{"@type":"PropertyValueSpecification","valueRequired":true,"valueName":"search_term_string"}}],"inLanguage":"fr-BE"},{"@type":"Organization","@id":"https:\/\/vieassociative.be\/actualites\/#organization","name":"Vie Associative","url":"https:\/\/vieassociative.be\/actualites\/","logo":{"@type":"ImageObject","inLanguage":"fr-BE","@id":"https:\/\/vieassociative.be\/actualites\/#\/schema\/logo\/image\/","url":"https:\/\/vieassociative.be\/actualites\/wp-content\/uploads\/2024\/09\/cropped-vieassociative_favicon.ico.png","contentUrl":"https:\/\/vieassociative.be\/actualites\/wp-content\/uploads\/2024\/09\/cropped-vieassociative_favicon.ico.png","width":512,"height":512,"caption":"Vie Associative"},"image":{"@id":"https:\/\/vieassociative.be\/actualites\/#\/schema\/logo\/image\/"}},{"@type":"Person","@id":"https:\/\/vieassociative.be\/actualites\/#\/schema\/person\/b87ac4f82f9d4e7b7cec7395b679edc4","name":"Julien","image":{"@type":"ImageObject","inLanguage":"fr-BE","@id":"https:\/\/vieassociative.be\/actualites\/#\/schema\/person\/image\/","url":"https:\/\/vieassociative.be\/actualites\/wp-content\/uploads\/2024\/09\/vie-associative-1-150x150.jpg","contentUrl":"https:\/\/vieassociative.be\/actualites\/wp-content\/uploads\/2024\/09\/vie-associative-1-150x150.jpg","caption":"Julien"},"description":"Je suis Julien, r\u00e9dacteur pour Vie Associative. Passionn\u00e9 par le monde associatif depuis plus de 10 ans, j'ai \u00e0 c\u0153ur de partager des histoires inspirantes et de mettre en lumi\u00e8re les initiatives locales. Mon objectif est de sensibiliser et d'encourager l'engagement communautaire \u00e0 travers mes articles.","sameAs":["https:\/\/vieassociative.be\/"]}]}},"_links":{"self":[{"href":"https:\/\/vieassociative.be\/actualites\/wp-json\/wp\/v2\/posts\/9376"}],"collection":[{"href":"https:\/\/vieassociative.be\/actualites\/wp-json\/wp\/v2\/posts"}],"about":[{"href":"https:\/\/vieassociative.be\/actualites\/wp-json\/wp\/v2\/types\/post"}],"author":[{"embeddable":true,"href":"https:\/\/vieassociative.be\/actualites\/wp-json\/wp\/v2\/users\/1"}],"replies":[{"embeddable":true,"href":"https:\/\/vieassociative.be\/actualites\/wp-json\/wp\/v2\/comments?post=9376"}],"version-history":[{"count":0,"href":"https:\/\/vieassociative.be\/actualites\/wp-json\/wp\/v2\/posts\/9376\/revisions"}],"wp:featuredmedia":[{"embeddable":true,"href":"https:\/\/vieassociative.be\/actualites\/wp-json\/wp\/v2\/media\/9377"}],"wp:attachment":[{"href":"https:\/\/vieassociative.be\/actualites\/wp-json\/wp\/v2\/media?parent=9376"}],"wp:term":[{"taxonomy":"category","embeddable":true,"href":"https:\/\/vieassociative.be\/actualites\/wp-json\/wp\/v2\/categories?post=9376"},{"taxonomy":"post_tag","embeddable":true,"href":"https:\/\/vieassociative.be\/actualites\/wp-json\/wp\/v2\/tags?post=9376"}],"curies":[{"name":"wp","href":"https:\/\/api.w.org\/{rel}","templated":true}]}}