{"id":937,"date":"2024-10-07T04:21:21","date_gmt":"2024-10-07T02:21:21","guid":{"rendered":"https:\/\/vieassociative.be\/actualites\/ce-sont-les-meilleures-ventes-early-prime-day-sur-les-melangeurs-vitamix\/"},"modified":"2024-10-07T04:21:21","modified_gmt":"2024-10-07T02:21:21","slug":"ce-sont-les-meilleures-ventes-early-prime-day-sur-les-melangeurs-vitamix","status":"publish","type":"post","link":"https:\/\/vieassociative.be\/actualites\/ce-sont-les-meilleures-ventes-early-prime-day-sur-les-melangeurs-vitamix\/","title":{"rendered":"Ce sont les meilleures ventes Early Prime Day sur les m\u00e9langeurs Vitamix"},"content":{"rendered":"<div class=\"mt-4 leading-6 md:mb-8\">Si vous envisagez un Vitamix, le moment est peut-\u00eatre venu de frapper.<\/div>\n<p><\/p>\n<p>Les m\u00e9langeurs Vitamix sont comme les Pelotons du monde des appareils de cuisine : \u00e9l\u00e9gants, efficaces et <em>cher<\/em>. Est-ce que tu vraiment <em>besoin<\/em> un? Non : Vous pouvez pulv\u00e9riser vos aliments avec d\u2019autres appareils. Mais si vous avez envie d\u2019en poss\u00e9der un, eh bien, vous avez de la chance. Le Prime Day d&rsquo;Amazon d&rsquo;octobre approche et de rares r\u00e9ductions sur les m\u00e9langeurs Vitamix sont actuellement propos\u00e9es. Ils ne sont toujours pas bon march\u00e9, mais ils <em>sont<\/em> moins cher. <\/p>\n<h2 id=\"vitamix-explorian-blender-48-ounce\">M\u00e9langeur Vitamix Explorian, 48 onces<\/h2>\n<p>Le m\u00e9langeur Vitamix Explorian est dot\u00e9 d&rsquo;un puissant moteur de 1 340 watts et de lames en acier inoxydable qui peuvent \u00e9liminer des fruits entiers, comme vous en avez toujours r\u00eav\u00e9. La capacit\u00e9 de six tasses signifie que vous pouvez pr\u00e9parer une semaine de nourriture pour b\u00e9b\u00e9 ou suffisamment de soupe aux carottes et au fenouil pour votre prochain d\u00eener. \u00c0 propos, vous pouvez \u00e9galement r\u00e9chauffer cette soupe \u00e0 la temp\u00e9rature de service dans le Vitamix.<\/p>\n<h2 id=\"vitamix-propel-blender-48-ounce\">M\u00e9langeur Vitamix Propel, 48 onces<\/h2>\n<p>Avec un moteur l\u00e9g\u00e8rement plus puissant que l&rsquo;Explorian (1380 watts), le Vitamix Propel est livr\u00e9 avec le m\u00eame r\u00e9cipient d&rsquo;une capacit\u00e9 de six tasses et les m\u00eames capacit\u00e9s que l&rsquo;Explorian. Alors pourquoi cette diff\u00e9rence de prix assez importante ? Je suppose que c&rsquo;est un look l\u00e9g\u00e8rement diff\u00e9rent et 40 watts de puissance suppl\u00e9mentaires. Le panneau de commande comprend quelques fonctionnalit\u00e9s et pr\u00e9r\u00e9glages suppl\u00e9mentaires pour vous donner la libert\u00e9 de vous \u00e9loigner et de faire autre chose pendant que vous m\u00e9langez. Certains critiques mentionnent \u00e9galement que cette s\u00e9rie est \u00e9galement un peu plus silencieuse. <\/p>\n<h2 id=\"vitamix-2-speed-immersion-blender-with-whisk\">M\u00e9langeur plongeant Vitamix \u00e0 2 vitesses avec fouet<\/h2>\n<p>Ce n&rsquo;est peut-\u00eatre pas ce \u00e0 quoi vous avez pens\u00e9 lorsque vous avez entendu \u00ab mixeur \u00bb, mais les mixeurs plongeants sont bien plus polyvalents que les mixeurs sur pied, \u00e0 mon avis. L&rsquo;int\u00e9r\u00eat d&rsquo;un mixeur plongeant, ou mixeur plongeant, est que vous pouvez m\u00e9langer le contenu de <em>n&rsquo;importe lequel <\/em>r\u00e9cipient. Au lieu de verser par lots une soupe presque bouillante dans le r\u00e9cipient d\u2019un m\u00e9langeur, plongez simplement ce m\u00e9langeur \u00e0 immersion Vitamix dans la casserole et m\u00e9langez. Retirez l&rsquo;extr\u00e9mit\u00e9 du mixeur et jetez-le dans l&rsquo;\u00e9vier. Le fouet n\u2019est que la cerise sur le g\u00e2teau. (Vous pouvez en fait l&rsquo;utiliser pour le gla\u00e7age des g\u00e2teaux.) <\/p>\n","protected":false},"excerpt":{"rendered":"<p>Si vous envisagez un Vitamix, le moment est peut-\u00eatre venu de frapper. Les m\u00e9langeurs Vitamix sont comme les Pelotons du monde des appareils de cuisine<\/p>\n","protected":false},"author":1,"featured_media":938,"comment_status":"","ping_status":"","sticky":false,"template":"","format":"standard","meta":{"footnotes":""},"categories":[39],"tags":[347,1449,14,79,1450,346,18,33,1448,1451],"class_list":["post-937","post","type-post","status-publish","format-standard","has-post-thumbnail","hentry","category-gastronomie","tag-day","tag-early","tag-les","tag-meilleures","tag-melangeurs","tag-prime","tag-sont","tag-sur","tag-ventes","tag-vitamix","generate-columns","tablet-grid-50","mobile-grid-100","grid-parent","grid-33"],"yoast_head":"<!-- This site is optimized with the Yoast SEO plugin v24.0 - https:\/\/yoast.com\/wordpress\/plugins\/seo\/ -->\n<title>Ce sont les meilleures ventes Early Prime Day sur les m\u00e9langeurs Vitamix | Vie Associative<\/title>\n<meta name=\"robots\" content=\"index, follow, max-snippet:-1, max-image-preview:large, max-video-preview:-1\" \/>\n<link rel=\"canonical\" href=\"https:\/\/vieassociative.be\/actualites\/ce-sont-les-meilleures-ventes-early-prime-day-sur-les-melangeurs-vitamix\/\" \/>\n<meta property=\"og:locale\" content=\"fr_FR\" \/>\n<meta property=\"og:type\" content=\"article\" \/>\n<meta property=\"og:title\" content=\"Ce sont les meilleures ventes Early Prime Day sur les m\u00e9langeurs Vitamix | Vie Associative\" \/>\n<meta property=\"og:description\" content=\"Si vous envisagez un Vitamix, le moment est peut-\u00eatre venu de frapper. Les m\u00e9langeurs Vitamix sont comme les Pelotons du monde des appareils de cuisine\" \/>\n<meta property=\"og:url\" content=\"https:\/\/vieassociative.be\/actualites\/ce-sont-les-meilleures-ventes-early-prime-day-sur-les-melangeurs-vitamix\/\" \/>\n<meta property=\"og:site_name\" content=\"Vie Associative\" \/>\n<meta property=\"article:published_time\" content=\"2024-10-07T02:21:21+00:00\" \/>\n<meta property=\"og:image\" content=\"https:\/\/vieassociative.be\/actualites\/wp-content\/uploads\/2024\/09\/header_backgroundk-01-e1726694325946.png\" \/>\n\t<meta property=\"og:image:width\" content=\"279\" \/>\n\t<meta property=\"og:image:height\" content=\"92\" \/>\n\t<meta property=\"og:image:type\" content=\"image\/png\" \/>\n<meta name=\"author\" content=\"Julien\" \/>\n<meta name=\"twitter:card\" content=\"summary_large_image\" \/>\n<meta name=\"twitter:label1\" content=\"\u00c9crit par\" \/>\n\t<meta name=\"twitter:data1\" content=\"Julien\" \/>\n\t<meta name=\"twitter:label2\" content=\"Dur\u00e9e de lecture est.\" \/>\n\t<meta name=\"twitter:data2\" content=\"2 minutes\" \/>\n<script type=\"application\/ld+json\" class=\"yoast-schema-graph\">{\"@context\":\"https:\/\/schema.org\",\"@graph\":[{\"@type\":\"Article\",\"@id\":\"https:\/\/vieassociative.be\/actualites\/ce-sont-les-meilleures-ventes-early-prime-day-sur-les-melangeurs-vitamix\/#article\",\"isPartOf\":{\"@id\":\"https:\/\/vieassociative.be\/actualites\/ce-sont-les-meilleures-ventes-early-prime-day-sur-les-melangeurs-vitamix\/\"},\"author\":{\"name\":\"Julien\",\"@id\":\"https:\/\/vieassociative.be\/actualites\/#\/schema\/person\/b87ac4f82f9d4e7b7cec7395b679edc4\"},\"headline\":\"Ce sont les meilleures ventes Early Prime Day sur les m\u00e9langeurs Vitamix\",\"datePublished\":\"2024-10-07T02:21:21+00:00\",\"dateModified\":\"2024-10-07T02:21:21+00:00\",\"mainEntityOfPage\":{\"@id\":\"https:\/\/vieassociative.be\/actualites\/ce-sont-les-meilleures-ventes-early-prime-day-sur-les-melangeurs-vitamix\/\"},\"wordCount\":443,\"publisher\":{\"@id\":\"https:\/\/vieassociative.be\/actualites\/#organization\"},\"image\":{\"@id\":\"https:\/\/vieassociative.be\/actualites\/ce-sont-les-meilleures-ventes-early-prime-day-sur-les-melangeurs-vitamix\/#primaryimage\"},\"thumbnailUrl\":\"https:\/\/vieassociative.be\/actualites\/wp-content\/uploads\/2024\/10\/Ce-sont-les-meilleures-ventes-Early-Prime-Day-sur-les.jpg\",\"keywords\":[\"Day\",\"Early\",\"Les\",\"meilleures\",\"m\u00e9langeurs\",\"Prime\",\"sont\",\"sur\",\"ventes\",\"Vitamix\"],\"articleSection\":[\"Gastronomie\"],\"inLanguage\":\"fr-BE\"},{\"@type\":\"WebPage\",\"@id\":\"https:\/\/vieassociative.be\/actualites\/ce-sont-les-meilleures-ventes-early-prime-day-sur-les-melangeurs-vitamix\/\",\"url\":\"https:\/\/vieassociative.be\/actualites\/ce-sont-les-meilleures-ventes-early-prime-day-sur-les-melangeurs-vitamix\/\",\"name\":\"Ce sont les meilleures ventes Early Prime Day sur les m\u00e9langeurs Vitamix | Vie Associative\",\"isPartOf\":{\"@id\":\"https:\/\/vieassociative.be\/actualites\/#website\"},\"primaryImageOfPage\":{\"@id\":\"https:\/\/vieassociative.be\/actualites\/ce-sont-les-meilleures-ventes-early-prime-day-sur-les-melangeurs-vitamix\/#primaryimage\"},\"image\":{\"@id\":\"https:\/\/vieassociative.be\/actualites\/ce-sont-les-meilleures-ventes-early-prime-day-sur-les-melangeurs-vitamix\/#primaryimage\"},\"thumbnailUrl\":\"https:\/\/vieassociative.be\/actualites\/wp-content\/uploads\/2024\/10\/Ce-sont-les-meilleures-ventes-Early-Prime-Day-sur-les.jpg\",\"datePublished\":\"2024-10-07T02:21:21+00:00\",\"dateModified\":\"2024-10-07T02:21:21+00:00\",\"breadcrumb\":{\"@id\":\"https:\/\/vieassociative.be\/actualites\/ce-sont-les-meilleures-ventes-early-prime-day-sur-les-melangeurs-vitamix\/#breadcrumb\"},\"inLanguage\":\"fr-BE\",\"potentialAction\":[{\"@type\":\"ReadAction\",\"target\":[\"https:\/\/vieassociative.be\/actualites\/ce-sont-les-meilleures-ventes-early-prime-day-sur-les-melangeurs-vitamix\/\"]}]},{\"@type\":\"ImageObject\",\"inLanguage\":\"fr-BE\",\"@id\":\"https:\/\/vieassociative.be\/actualites\/ce-sont-les-meilleures-ventes-early-prime-day-sur-les-melangeurs-vitamix\/#primaryimage\",\"url\":\"https:\/\/vieassociative.be\/actualites\/wp-content\/uploads\/2024\/10\/Ce-sont-les-meilleures-ventes-Early-Prime-Day-sur-les.jpg\",\"contentUrl\":\"https:\/\/vieassociative.be\/actualites\/wp-content\/uploads\/2024\/10\/Ce-sont-les-meilleures-ventes-Early-Prime-Day-sur-les.jpg\",\"width\":1200,\"height\":675,\"caption\":\"Ce sont les meilleures ventes Early Prime Day sur les m\u00e9langeurs Vitamix\"},{\"@type\":\"BreadcrumbList\",\"@id\":\"https:\/\/vieassociative.be\/actualites\/ce-sont-les-meilleures-ventes-early-prime-day-sur-les-melangeurs-vitamix\/#breadcrumb\",\"itemListElement\":[{\"@type\":\"ListItem\",\"position\":1,\"name\":\"Accueil\",\"item\":\"https:\/\/vieassociative.be\/actualites\/\"},{\"@type\":\"ListItem\",\"position\":2,\"name\":\"Ce sont les meilleures ventes Early Prime Day sur les m\u00e9langeurs Vitamix\"}]},{\"@type\":\"WebSite\",\"@id\":\"https:\/\/vieassociative.be\/actualites\/#website\",\"url\":\"https:\/\/vieassociative.be\/actualites\/\",\"name\":\"Vie Associative\",\"description\":\"\",\"publisher\":{\"@id\":\"https:\/\/vieassociative.be\/actualites\/#organization\"},\"potentialAction\":[{\"@type\":\"SearchAction\",\"target\":{\"@type\":\"EntryPoint\",\"urlTemplate\":\"https:\/\/vieassociative.be\/actualites\/?s={search_term_string}\"},\"query-input\":{\"@type\":\"PropertyValueSpecification\",\"valueRequired\":true,\"valueName\":\"search_term_string\"}}],\"inLanguage\":\"fr-BE\"},{\"@type\":\"Organization\",\"@id\":\"https:\/\/vieassociative.be\/actualites\/#organization\",\"name\":\"Vie Associative\",\"url\":\"https:\/\/vieassociative.be\/actualites\/\",\"logo\":{\"@type\":\"ImageObject\",\"inLanguage\":\"fr-BE\",\"@id\":\"https:\/\/vieassociative.be\/actualites\/#\/schema\/logo\/image\/\",\"url\":\"https:\/\/vieassociative.be\/actualites\/wp-content\/uploads\/2024\/09\/cropped-vieassociative_favicon.ico.png\",\"contentUrl\":\"https:\/\/vieassociative.be\/actualites\/wp-content\/uploads\/2024\/09\/cropped-vieassociative_favicon.ico.png\",\"width\":512,\"height\":512,\"caption\":\"Vie Associative\"},\"image\":{\"@id\":\"https:\/\/vieassociative.be\/actualites\/#\/schema\/logo\/image\/\"}},{\"@type\":\"Person\",\"@id\":\"https:\/\/vieassociative.be\/actualites\/#\/schema\/person\/b87ac4f82f9d4e7b7cec7395b679edc4\",\"name\":\"Julien\",\"image\":{\"@type\":\"ImageObject\",\"inLanguage\":\"fr-BE\",\"@id\":\"https:\/\/vieassociative.be\/actualites\/#\/schema\/person\/image\/\",\"url\":\"https:\/\/vieassociative.be\/actualites\/wp-content\/uploads\/2024\/09\/vie-associative-1-150x150.jpg\",\"contentUrl\":\"https:\/\/vieassociative.be\/actualites\/wp-content\/uploads\/2024\/09\/vie-associative-1-150x150.jpg\",\"caption\":\"Julien\"},\"description\":\"Je suis Julien, r\u00e9dacteur pour Vie Associative. Passionn\u00e9 par le monde associatif depuis plus de 10 ans, j'ai \u00e0 c\u0153ur de partager des histoires inspirantes et de mettre en lumi\u00e8re les initiatives locales. Mon objectif est de sensibiliser et d'encourager l'engagement communautaire \u00e0 travers mes articles.\",\"sameAs\":[\"https:\/\/vieassociative.be\/\"]}]}<\/script>\n<!-- \/ Yoast SEO plugin. -->","yoast_head_json":{"title":"Ce sont les meilleures ventes Early Prime Day sur les m\u00e9langeurs Vitamix | Vie Associative","robots":{"index":"index","follow":"follow","max-snippet":"max-snippet:-1","max-image-preview":"max-image-preview:large","max-video-preview":"max-video-preview:-1"},"canonical":"https:\/\/vieassociative.be\/actualites\/ce-sont-les-meilleures-ventes-early-prime-day-sur-les-melangeurs-vitamix\/","og_locale":"fr_FR","og_type":"article","og_title":"Ce sont les meilleures ventes Early Prime Day sur les m\u00e9langeurs Vitamix | Vie Associative","og_description":"Si vous envisagez un Vitamix, le moment est peut-\u00eatre venu de frapper. Les m\u00e9langeurs Vitamix sont comme les Pelotons du monde des appareils de cuisine","og_url":"https:\/\/vieassociative.be\/actualites\/ce-sont-les-meilleures-ventes-early-prime-day-sur-les-melangeurs-vitamix\/","og_site_name":"Vie Associative","article_published_time":"2024-10-07T02:21:21+00:00","og_image":[{"width":279,"height":92,"url":"https:\/\/vieassociative.be\/actualites\/wp-content\/uploads\/2024\/09\/header_backgroundk-01-e1726694325946.png","type":"image\/png"}],"author":"Julien","twitter_card":"summary_large_image","twitter_misc":{"\u00c9crit par":"Julien","Dur\u00e9e de lecture est.":"2 minutes"},"schema":{"@context":"https:\/\/schema.org","@graph":[{"@type":"Article","@id":"https:\/\/vieassociative.be\/actualites\/ce-sont-les-meilleures-ventes-early-prime-day-sur-les-melangeurs-vitamix\/#article","isPartOf":{"@id":"https:\/\/vieassociative.be\/actualites\/ce-sont-les-meilleures-ventes-early-prime-day-sur-les-melangeurs-vitamix\/"},"author":{"name":"Julien","@id":"https:\/\/vieassociative.be\/actualites\/#\/schema\/person\/b87ac4f82f9d4e7b7cec7395b679edc4"},"headline":"Ce sont les meilleures ventes Early Prime Day sur les m\u00e9langeurs Vitamix","datePublished":"2024-10-07T02:21:21+00:00","dateModified":"2024-10-07T02:21:21+00:00","mainEntityOfPage":{"@id":"https:\/\/vieassociative.be\/actualites\/ce-sont-les-meilleures-ventes-early-prime-day-sur-les-melangeurs-vitamix\/"},"wordCount":443,"publisher":{"@id":"https:\/\/vieassociative.be\/actualites\/#organization"},"image":{"@id":"https:\/\/vieassociative.be\/actualites\/ce-sont-les-meilleures-ventes-early-prime-day-sur-les-melangeurs-vitamix\/#primaryimage"},"thumbnailUrl":"https:\/\/vieassociative.be\/actualites\/wp-content\/uploads\/2024\/10\/Ce-sont-les-meilleures-ventes-Early-Prime-Day-sur-les.jpg","keywords":["Day","Early","Les","meilleures","m\u00e9langeurs","Prime","sont","sur","ventes","Vitamix"],"articleSection":["Gastronomie"],"inLanguage":"fr-BE"},{"@type":"WebPage","@id":"https:\/\/vieassociative.be\/actualites\/ce-sont-les-meilleures-ventes-early-prime-day-sur-les-melangeurs-vitamix\/","url":"https:\/\/vieassociative.be\/actualites\/ce-sont-les-meilleures-ventes-early-prime-day-sur-les-melangeurs-vitamix\/","name":"Ce sont les meilleures ventes Early Prime Day sur les m\u00e9langeurs Vitamix | Vie Associative","isPartOf":{"@id":"https:\/\/vieassociative.be\/actualites\/#website"},"primaryImageOfPage":{"@id":"https:\/\/vieassociative.be\/actualites\/ce-sont-les-meilleures-ventes-early-prime-day-sur-les-melangeurs-vitamix\/#primaryimage"},"image":{"@id":"https:\/\/vieassociative.be\/actualites\/ce-sont-les-meilleures-ventes-early-prime-day-sur-les-melangeurs-vitamix\/#primaryimage"},"thumbnailUrl":"https:\/\/vieassociative.be\/actualites\/wp-content\/uploads\/2024\/10\/Ce-sont-les-meilleures-ventes-Early-Prime-Day-sur-les.jpg","datePublished":"2024-10-07T02:21:21+00:00","dateModified":"2024-10-07T02:21:21+00:00","breadcrumb":{"@id":"https:\/\/vieassociative.be\/actualites\/ce-sont-les-meilleures-ventes-early-prime-day-sur-les-melangeurs-vitamix\/#breadcrumb"},"inLanguage":"fr-BE","potentialAction":[{"@type":"ReadAction","target":["https:\/\/vieassociative.be\/actualites\/ce-sont-les-meilleures-ventes-early-prime-day-sur-les-melangeurs-vitamix\/"]}]},{"@type":"ImageObject","inLanguage":"fr-BE","@id":"https:\/\/vieassociative.be\/actualites\/ce-sont-les-meilleures-ventes-early-prime-day-sur-les-melangeurs-vitamix\/#primaryimage","url":"https:\/\/vieassociative.be\/actualites\/wp-content\/uploads\/2024\/10\/Ce-sont-les-meilleures-ventes-Early-Prime-Day-sur-les.jpg","contentUrl":"https:\/\/vieassociative.be\/actualites\/wp-content\/uploads\/2024\/10\/Ce-sont-les-meilleures-ventes-Early-Prime-Day-sur-les.jpg","width":1200,"height":675,"caption":"Ce sont les meilleures ventes Early Prime Day sur les m\u00e9langeurs Vitamix"},{"@type":"BreadcrumbList","@id":"https:\/\/vieassociative.be\/actualites\/ce-sont-les-meilleures-ventes-early-prime-day-sur-les-melangeurs-vitamix\/#breadcrumb","itemListElement":[{"@type":"ListItem","position":1,"name":"Accueil","item":"https:\/\/vieassociative.be\/actualites\/"},{"@type":"ListItem","position":2,"name":"Ce sont les meilleures ventes Early Prime Day sur les m\u00e9langeurs Vitamix"}]},{"@type":"WebSite","@id":"https:\/\/vieassociative.be\/actualites\/#website","url":"https:\/\/vieassociative.be\/actualites\/","name":"Vie Associative","description":"","publisher":{"@id":"https:\/\/vieassociative.be\/actualites\/#organization"},"potentialAction":[{"@type":"SearchAction","target":{"@type":"EntryPoint","urlTemplate":"https:\/\/vieassociative.be\/actualites\/?s={search_term_string}"},"query-input":{"@type":"PropertyValueSpecification","valueRequired":true,"valueName":"search_term_string"}}],"inLanguage":"fr-BE"},{"@type":"Organization","@id":"https:\/\/vieassociative.be\/actualites\/#organization","name":"Vie Associative","url":"https:\/\/vieassociative.be\/actualites\/","logo":{"@type":"ImageObject","inLanguage":"fr-BE","@id":"https:\/\/vieassociative.be\/actualites\/#\/schema\/logo\/image\/","url":"https:\/\/vieassociative.be\/actualites\/wp-content\/uploads\/2024\/09\/cropped-vieassociative_favicon.ico.png","contentUrl":"https:\/\/vieassociative.be\/actualites\/wp-content\/uploads\/2024\/09\/cropped-vieassociative_favicon.ico.png","width":512,"height":512,"caption":"Vie Associative"},"image":{"@id":"https:\/\/vieassociative.be\/actualites\/#\/schema\/logo\/image\/"}},{"@type":"Person","@id":"https:\/\/vieassociative.be\/actualites\/#\/schema\/person\/b87ac4f82f9d4e7b7cec7395b679edc4","name":"Julien","image":{"@type":"ImageObject","inLanguage":"fr-BE","@id":"https:\/\/vieassociative.be\/actualites\/#\/schema\/person\/image\/","url":"https:\/\/vieassociative.be\/actualites\/wp-content\/uploads\/2024\/09\/vie-associative-1-150x150.jpg","contentUrl":"https:\/\/vieassociative.be\/actualites\/wp-content\/uploads\/2024\/09\/vie-associative-1-150x150.jpg","caption":"Julien"},"description":"Je suis Julien, r\u00e9dacteur pour Vie Associative. Passionn\u00e9 par le monde associatif depuis plus de 10 ans, j'ai \u00e0 c\u0153ur de partager des histoires inspirantes et de mettre en lumi\u00e8re les initiatives locales. Mon objectif est de sensibiliser et d'encourager l'engagement communautaire \u00e0 travers mes articles.","sameAs":["https:\/\/vieassociative.be\/"]}]}},"_links":{"self":[{"href":"https:\/\/vieassociative.be\/actualites\/wp-json\/wp\/v2\/posts\/937"}],"collection":[{"href":"https:\/\/vieassociative.be\/actualites\/wp-json\/wp\/v2\/posts"}],"about":[{"href":"https:\/\/vieassociative.be\/actualites\/wp-json\/wp\/v2\/types\/post"}],"author":[{"embeddable":true,"href":"https:\/\/vieassociative.be\/actualites\/wp-json\/wp\/v2\/users\/1"}],"replies":[{"embeddable":true,"href":"https:\/\/vieassociative.be\/actualites\/wp-json\/wp\/v2\/comments?post=937"}],"version-history":[{"count":0,"href":"https:\/\/vieassociative.be\/actualites\/wp-json\/wp\/v2\/posts\/937\/revisions"}],"wp:featuredmedia":[{"embeddable":true,"href":"https:\/\/vieassociative.be\/actualites\/wp-json\/wp\/v2\/media\/938"}],"wp:attachment":[{"href":"https:\/\/vieassociative.be\/actualites\/wp-json\/wp\/v2\/media?parent=937"}],"wp:term":[{"taxonomy":"category","embeddable":true,"href":"https:\/\/vieassociative.be\/actualites\/wp-json\/wp\/v2\/categories?post=937"},{"taxonomy":"post_tag","embeddable":true,"href":"https:\/\/vieassociative.be\/actualites\/wp-json\/wp\/v2\/tags?post=937"}],"curies":[{"name":"wp","href":"https:\/\/api.w.org\/{rel}","templated":true}]}}