{"id":9364,"date":"2025-08-12T22:17:18","date_gmt":"2025-08-12T20:17:18","guid":{"rendered":"https:\/\/vieassociative.be\/actualites\/le-fc-bruges-vient-encore-plus-la-ligue-des-champions-apres-la-victoire-3-2-contre-le-dernier-obstacle-de-salzbourg-rangers\/"},"modified":"2025-08-12T22:17:18","modified_gmt":"2025-08-12T20:17:18","slug":"le-fc-bruges-vient-encore-plus-la-ligue-des-champions-apres-la-victoire-3-2-contre-le-dernier-obstacle-de-salzbourg-rangers","status":"publish","type":"post","link":"https:\/\/vieassociative.be\/actualites\/le-fc-bruges-vient-encore-plus-la-ligue-des-champions-apres-la-victoire-3-2-contre-le-dernier-obstacle-de-salzbourg-rangers\/","title":{"rendered":"Le FC Bruges vient encore plus la Ligue des champions apr\u00e8s la victoire 3-2 contre le dernier obstacle de Salzbourg-Rangers"},"content":{"rendered":"<p><strong>Apr\u00e8s la victoire 3-2 contre RB Salzburg, le FC Bruges est \u00e0 seulement deux matchs de la manche principale de la Ligue des champions. Dans ce cas, la Belgique serait m\u00eame repr\u00e9sent\u00e9e avec deux \u00e9quipes de la premi\u00e8re classe parce que l&rsquo;Union Saint-Gilloinge est d\u00e9j\u00e0 fix\u00e9e en tant que champion nationale.<\/strong><\/p>\n<p><span id=\"more-422278\"><\/span>Une semaine apr\u00e8s la victoire de 0-1 \u00e0 Salzbourg, Hans Vanaken &#038; Co. \u00e9tait sans aucun doute confiant qu&rsquo;ils se sont qualifi\u00e9s pour les \u00e9liminatoires de la Ligue des champions. Mais au moins en premi\u00e8re mi-temps, tout ne s&rsquo;est pas pass\u00e9 comme pr\u00e9vu.<\/p>\n<p>Il n&rsquo;y avait qu&rsquo;une seule \u00e9quipe sur la place. Cela s&rsquo;appliquait \u00e9galement au score, mais pas \u00e0 la m\u00eame \u00e9quipe.<\/p>\n<div id=\"attachment_422288\" class=\"wp-caption alignleft\" style=\"max-width: 300px\"><img fetchpriority=\"high\" decoding=\"async\" class=\"wp-image-422288 size-medium\" src=\"https:\/\/vieassociative.be\/actualites\/wp-content\/uploads\/2025\/08\/Le-FC-Bruges-vient-encore-plus-la-Ligue-des-champions.jpg\" alt=\"\" width=\"300\" height=\"200\"><\/div>\n<p>Pouss\u00e9e par un Tzolis dans la meilleure forme, le coureur belge -up a eu un certain nombre de chances, mais n&rsquo;a pas pu marquer. L&rsquo;inverse s&rsquo;est m\u00eame produit lorsque Rasmussen de Salzbourg a rencontr\u00e9 la t\u00eate de la t\u00eate apr\u00e8s un coup franc (17e) et Baidoo peu avant la pause (42e). Le Br\u00fcgger se tenait le dos au mur \u00e0 moiti\u00e9 \u00e0 0: 2 et a \u00e9t\u00e9 pratiquement excr\u00e9t\u00e9 malgr\u00e9 leur domination.<\/p>\n<p>Apr\u00e8s la pause, le public craignait clairement une r\u00e9p\u00e9tition du m\u00eame sc\u00e9nario, puisque les invit\u00e9s n&rsquo;ont rien montr\u00e9 de plus et le FC Bruges s&rsquo;est approch\u00e9 de l&rsquo;objectif adverse sans exploiter ses chances. Comme c&rsquo;est le cas si souvent, deux d\u00e9fenseurs ont finalement \u00e9clat\u00e9 le n\u0153ud. Seys a parfaitement utilis\u00e9 un flanc de Sabbe (61.). C&rsquo;\u00e9tait donc 1: 2, ce qui aurait rendu une extension n\u00e9cessaire.<\/p>\n<div id=\"attachment_422290\" class=\"wp-caption alignleft\" style=\"max-width: 300px\"><img decoding=\"async\" class=\"wp-image-422290 size-medium\" src=\"https:\/\/vieassociative.be\/actualites\/wp-content\/uploads\/2025\/08\/1755029838_935_Le-FC-Bruges-vient-encore-plus-la-Ligue-des-champions.jpg\" alt=\"\" width=\"300\" height=\"200\"><\/div>\n<p>Au cours du dernier quart d&rsquo;heure, les deux \u00e9quipes ont commenc\u00e9 \u00e0 tuer s\u00e9rieusement, sachant qu&rsquo;ils pouvaient tout perdre. Ensuite, le nouveau venu de Br\u00fcgge, Forbs, qui n&rsquo;avait pas toujours \u00e9t\u00e9 pr\u00e9cis jusque-l\u00e0, a g\u00e9r\u00e9 une performance individuelle impressionnante avec laquelle il a pour la premi\u00e8re fois donn\u00e9 l&rsquo;\u00e9galisation \u00e0 2: 2 et Brugge pour la premi\u00e8re fois (83.). Dans le temps suppl\u00e9mentaire, le capitaine Vanaken a m\u00eame obtenu son \u00e9quipe et a fait bouillir tout le stade.<\/p>\n<p>Gr\u00e2ce \u00e0 cette victoire, le FC Bruges s&rsquo;est qualifi\u00e9 pour les s\u00e9ries \u00e9liminatoires de la Ligue des champions, o\u00f9 il rencontre les Glasgow Rangers. La premi\u00e8re \u00e9tape aura lieu en \u00c9cosse en une semaine, le 19 ao\u00fbt, le match retour de la semaine suivante \u00e0 Bruges. Le gagnant se qualifie pour la phase de groupe de la comp\u00e9tition europ\u00e9enne la plus importante, le perdant de la Ligue Europa. (Cre)<\/p>\n","protected":false},"excerpt":{"rendered":"<p>Apr\u00e8s la victoire 3-2 contre RB Salzburg, le FC Bruges est \u00e0 seulement deux matchs de la manche principale de la Ligue des champions. Dans<\/p>\n","protected":false},"author":1,"featured_media":9365,"comment_status":"","ping_status":"","sticky":false,"template":"","format":"standard","meta":{"footnotes":""},"categories":[298],"tags":[472,2851,2818,796,2682,29,592,2817,8140,8141,784,1213],"class_list":["post-9364","post","type-post","status-publish","format-standard","has-post-thumbnail","hentry","category-belgique","tag-apres","tag-bruges","tag-champions","tag-contre","tag-dernier","tag-des","tag-encore","tag-ligue","tag-obstacle","tag-salzbourgrangers","tag-victoire","tag-vient","generate-columns","tablet-grid-50","mobile-grid-100","grid-parent","grid-33"],"yoast_head":"<!-- This site is optimized with the Yoast SEO plugin v24.0 - https:\/\/yoast.com\/wordpress\/plugins\/seo\/ -->\n<title>Le FC Bruges vient encore plus la Ligue des champions apr\u00e8s la victoire 3-2 contre le dernier obstacle de Salzbourg-Rangers | Vie Associative<\/title>\n<meta name=\"robots\" content=\"index, follow, max-snippet:-1, max-image-preview:large, max-video-preview:-1\" \/>\n<link rel=\"canonical\" href=\"https:\/\/vieassociative.be\/actualites\/le-fc-bruges-vient-encore-plus-la-ligue-des-champions-apres-la-victoire-3-2-contre-le-dernier-obstacle-de-salzbourg-rangers\/\" \/>\n<meta property=\"og:locale\" content=\"fr_FR\" \/>\n<meta property=\"og:type\" content=\"article\" \/>\n<meta property=\"og:title\" content=\"Le FC Bruges vient encore plus la Ligue des champions apr\u00e8s la victoire 3-2 contre le dernier obstacle de Salzbourg-Rangers | Vie Associative\" \/>\n<meta property=\"og:description\" content=\"Apr\u00e8s la victoire 3-2 contre RB Salzburg, le FC Bruges est \u00e0 seulement deux matchs de la manche principale de la Ligue des champions. Dans\" \/>\n<meta property=\"og:url\" content=\"https:\/\/vieassociative.be\/actualites\/le-fc-bruges-vient-encore-plus-la-ligue-des-champions-apres-la-victoire-3-2-contre-le-dernier-obstacle-de-salzbourg-rangers\/\" \/>\n<meta property=\"og:site_name\" content=\"Vie Associative\" \/>\n<meta property=\"article:published_time\" content=\"2025-08-12T20:17:18+00:00\" \/>\n<meta property=\"og:image\" content=\"https:\/\/vieassociative.be\/actualites\/wp-content\/uploads\/2024\/09\/header_backgroundk-01-e1726694325946.png\" \/>\n\t<meta property=\"og:image:width\" content=\"279\" \/>\n\t<meta property=\"og:image:height\" content=\"92\" \/>\n\t<meta property=\"og:image:type\" content=\"image\/png\" \/>\n<meta name=\"author\" content=\"Julien\" \/>\n<meta name=\"twitter:card\" content=\"summary_large_image\" \/>\n<meta name=\"twitter:label1\" content=\"\u00c9crit par\" \/>\n\t<meta name=\"twitter:data1\" content=\"Julien\" \/>\n\t<meta name=\"twitter:label2\" content=\"Dur\u00e9e de lecture est.\" \/>\n\t<meta name=\"twitter:data2\" content=\"2 minutes\" \/>\n<script type=\"application\/ld+json\" class=\"yoast-schema-graph\">{\"@context\":\"https:\/\/schema.org\",\"@graph\":[{\"@type\":\"Article\",\"@id\":\"https:\/\/vieassociative.be\/actualites\/le-fc-bruges-vient-encore-plus-la-ligue-des-champions-apres-la-victoire-3-2-contre-le-dernier-obstacle-de-salzbourg-rangers\/#article\",\"isPartOf\":{\"@id\":\"https:\/\/vieassociative.be\/actualites\/le-fc-bruges-vient-encore-plus-la-ligue-des-champions-apres-la-victoire-3-2-contre-le-dernier-obstacle-de-salzbourg-rangers\/\"},\"author\":{\"name\":\"Julien\",\"@id\":\"https:\/\/vieassociative.be\/actualites\/#\/schema\/person\/b87ac4f82f9d4e7b7cec7395b679edc4\"},\"headline\":\"Le FC Bruges vient encore plus la Ligue des champions apr\u00e8s la victoire 3-2 contre le dernier obstacle de Salzbourg-Rangers\",\"datePublished\":\"2025-08-12T20:17:18+00:00\",\"dateModified\":\"2025-08-12T20:17:18+00:00\",\"mainEntityOfPage\":{\"@id\":\"https:\/\/vieassociative.be\/actualites\/le-fc-bruges-vient-encore-plus-la-ligue-des-champions-apres-la-victoire-3-2-contre-le-dernier-obstacle-de-salzbourg-rangers\/\"},\"wordCount\":462,\"publisher\":{\"@id\":\"https:\/\/vieassociative.be\/actualites\/#organization\"},\"image\":{\"@id\":\"https:\/\/vieassociative.be\/actualites\/le-fc-bruges-vient-encore-plus-la-ligue-des-champions-apres-la-victoire-3-2-contre-le-dernier-obstacle-de-salzbourg-rangers\/#primaryimage\"},\"thumbnailUrl\":\"https:\/\/vieassociative.be\/actualites\/wp-content\/uploads\/2025\/08\/1755029838_Le-FC-Bruges-vient-encore-plus-la-Ligue-des-champions.jpg\",\"keywords\":[\"Apr\u00e8s\",\"Bruges\",\"Champions\",\"contre\",\"dernier\",\"Des\",\"encore\",\"Ligue\",\"obstacle\",\"SalzbourgRangers\",\"victoire\",\"vient\"],\"articleSection\":[\"Belgique\"],\"inLanguage\":\"fr-BE\"},{\"@type\":\"WebPage\",\"@id\":\"https:\/\/vieassociative.be\/actualites\/le-fc-bruges-vient-encore-plus-la-ligue-des-champions-apres-la-victoire-3-2-contre-le-dernier-obstacle-de-salzbourg-rangers\/\",\"url\":\"https:\/\/vieassociative.be\/actualites\/le-fc-bruges-vient-encore-plus-la-ligue-des-champions-apres-la-victoire-3-2-contre-le-dernier-obstacle-de-salzbourg-rangers\/\",\"name\":\"Le FC Bruges vient encore plus la Ligue des champions apr\u00e8s la victoire 3-2 contre le dernier obstacle de Salzbourg-Rangers | Vie Associative\",\"isPartOf\":{\"@id\":\"https:\/\/vieassociative.be\/actualites\/#website\"},\"primaryImageOfPage\":{\"@id\":\"https:\/\/vieassociative.be\/actualites\/le-fc-bruges-vient-encore-plus-la-ligue-des-champions-apres-la-victoire-3-2-contre-le-dernier-obstacle-de-salzbourg-rangers\/#primaryimage\"},\"image\":{\"@id\":\"https:\/\/vieassociative.be\/actualites\/le-fc-bruges-vient-encore-plus-la-ligue-des-champions-apres-la-victoire-3-2-contre-le-dernier-obstacle-de-salzbourg-rangers\/#primaryimage\"},\"thumbnailUrl\":\"https:\/\/vieassociative.be\/actualites\/wp-content\/uploads\/2025\/08\/1755029838_Le-FC-Bruges-vient-encore-plus-la-Ligue-des-champions.jpg\",\"datePublished\":\"2025-08-12T20:17:18+00:00\",\"dateModified\":\"2025-08-12T20:17:18+00:00\",\"breadcrumb\":{\"@id\":\"https:\/\/vieassociative.be\/actualites\/le-fc-bruges-vient-encore-plus-la-ligue-des-champions-apres-la-victoire-3-2-contre-le-dernier-obstacle-de-salzbourg-rangers\/#breadcrumb\"},\"inLanguage\":\"fr-BE\",\"potentialAction\":[{\"@type\":\"ReadAction\",\"target\":[\"https:\/\/vieassociative.be\/actualites\/le-fc-bruges-vient-encore-plus-la-ligue-des-champions-apres-la-victoire-3-2-contre-le-dernier-obstacle-de-salzbourg-rangers\/\"]}]},{\"@type\":\"ImageObject\",\"inLanguage\":\"fr-BE\",\"@id\":\"https:\/\/vieassociative.be\/actualites\/le-fc-bruges-vient-encore-plus-la-ligue-des-champions-apres-la-victoire-3-2-contre-le-dernier-obstacle-de-salzbourg-rangers\/#primaryimage\",\"url\":\"https:\/\/vieassociative.be\/actualites\/wp-content\/uploads\/2025\/08\/1755029838_Le-FC-Bruges-vient-encore-plus-la-Ligue-des-champions.jpg\",\"contentUrl\":\"https:\/\/vieassociative.be\/actualites\/wp-content\/uploads\/2025\/08\/1755029838_Le-FC-Bruges-vient-encore-plus-la-Ligue-des-champions.jpg\",\"width\":1200,\"height\":801,\"caption\":\"Le FC Bruges vient encore plus la Ligue des champions apr\u00e8s la victoire 3-2 contre le dernier obstacle de Salzbourg-Rangers\"},{\"@type\":\"BreadcrumbList\",\"@id\":\"https:\/\/vieassociative.be\/actualites\/le-fc-bruges-vient-encore-plus-la-ligue-des-champions-apres-la-victoire-3-2-contre-le-dernier-obstacle-de-salzbourg-rangers\/#breadcrumb\",\"itemListElement\":[{\"@type\":\"ListItem\",\"position\":1,\"name\":\"Accueil\",\"item\":\"https:\/\/vieassociative.be\/actualites\/\"},{\"@type\":\"ListItem\",\"position\":2,\"name\":\"Le FC Bruges vient encore plus la Ligue des champions apr\u00e8s la victoire 3-2 contre le dernier obstacle de Salzbourg-Rangers\"}]},{\"@type\":\"WebSite\",\"@id\":\"https:\/\/vieassociative.be\/actualites\/#website\",\"url\":\"https:\/\/vieassociative.be\/actualites\/\",\"name\":\"Vie Associative\",\"description\":\"\",\"publisher\":{\"@id\":\"https:\/\/vieassociative.be\/actualites\/#organization\"},\"potentialAction\":[{\"@type\":\"SearchAction\",\"target\":{\"@type\":\"EntryPoint\",\"urlTemplate\":\"https:\/\/vieassociative.be\/actualites\/?s={search_term_string}\"},\"query-input\":{\"@type\":\"PropertyValueSpecification\",\"valueRequired\":true,\"valueName\":\"search_term_string\"}}],\"inLanguage\":\"fr-BE\"},{\"@type\":\"Organization\",\"@id\":\"https:\/\/vieassociative.be\/actualites\/#organization\",\"name\":\"Vie Associative\",\"url\":\"https:\/\/vieassociative.be\/actualites\/\",\"logo\":{\"@type\":\"ImageObject\",\"inLanguage\":\"fr-BE\",\"@id\":\"https:\/\/vieassociative.be\/actualites\/#\/schema\/logo\/image\/\",\"url\":\"https:\/\/vieassociative.be\/actualites\/wp-content\/uploads\/2024\/09\/cropped-vieassociative_favicon.ico.png\",\"contentUrl\":\"https:\/\/vieassociative.be\/actualites\/wp-content\/uploads\/2024\/09\/cropped-vieassociative_favicon.ico.png\",\"width\":512,\"height\":512,\"caption\":\"Vie Associative\"},\"image\":{\"@id\":\"https:\/\/vieassociative.be\/actualites\/#\/schema\/logo\/image\/\"}},{\"@type\":\"Person\",\"@id\":\"https:\/\/vieassociative.be\/actualites\/#\/schema\/person\/b87ac4f82f9d4e7b7cec7395b679edc4\",\"name\":\"Julien\",\"image\":{\"@type\":\"ImageObject\",\"inLanguage\":\"fr-BE\",\"@id\":\"https:\/\/vieassociative.be\/actualites\/#\/schema\/person\/image\/\",\"url\":\"https:\/\/vieassociative.be\/actualites\/wp-content\/uploads\/2024\/09\/vie-associative-1-150x150.jpg\",\"contentUrl\":\"https:\/\/vieassociative.be\/actualites\/wp-content\/uploads\/2024\/09\/vie-associative-1-150x150.jpg\",\"caption\":\"Julien\"},\"description\":\"Je suis Julien, r\u00e9dacteur pour Vie Associative. Passionn\u00e9 par le monde associatif depuis plus de 10 ans, j'ai \u00e0 c\u0153ur de partager des histoires inspirantes et de mettre en lumi\u00e8re les initiatives locales. Mon objectif est de sensibiliser et d'encourager l'engagement communautaire \u00e0 travers mes articles.\",\"sameAs\":[\"https:\/\/vieassociative.be\/\"]}]}<\/script>\n<!-- \/ Yoast SEO plugin. -->","yoast_head_json":{"title":"Le FC Bruges vient encore plus la Ligue des champions apr\u00e8s la victoire 3-2 contre le dernier obstacle de Salzbourg-Rangers | Vie Associative","robots":{"index":"index","follow":"follow","max-snippet":"max-snippet:-1","max-image-preview":"max-image-preview:large","max-video-preview":"max-video-preview:-1"},"canonical":"https:\/\/vieassociative.be\/actualites\/le-fc-bruges-vient-encore-plus-la-ligue-des-champions-apres-la-victoire-3-2-contre-le-dernier-obstacle-de-salzbourg-rangers\/","og_locale":"fr_FR","og_type":"article","og_title":"Le FC Bruges vient encore plus la Ligue des champions apr\u00e8s la victoire 3-2 contre le dernier obstacle de Salzbourg-Rangers | Vie Associative","og_description":"Apr\u00e8s la victoire 3-2 contre RB Salzburg, le FC Bruges est \u00e0 seulement deux matchs de la manche principale de la Ligue des champions. Dans","og_url":"https:\/\/vieassociative.be\/actualites\/le-fc-bruges-vient-encore-plus-la-ligue-des-champions-apres-la-victoire-3-2-contre-le-dernier-obstacle-de-salzbourg-rangers\/","og_site_name":"Vie Associative","article_published_time":"2025-08-12T20:17:18+00:00","og_image":[{"width":279,"height":92,"url":"https:\/\/vieassociative.be\/actualites\/wp-content\/uploads\/2024\/09\/header_backgroundk-01-e1726694325946.png","type":"image\/png"}],"author":"Julien","twitter_card":"summary_large_image","twitter_misc":{"\u00c9crit par":"Julien","Dur\u00e9e de lecture est.":"2 minutes"},"schema":{"@context":"https:\/\/schema.org","@graph":[{"@type":"Article","@id":"https:\/\/vieassociative.be\/actualites\/le-fc-bruges-vient-encore-plus-la-ligue-des-champions-apres-la-victoire-3-2-contre-le-dernier-obstacle-de-salzbourg-rangers\/#article","isPartOf":{"@id":"https:\/\/vieassociative.be\/actualites\/le-fc-bruges-vient-encore-plus-la-ligue-des-champions-apres-la-victoire-3-2-contre-le-dernier-obstacle-de-salzbourg-rangers\/"},"author":{"name":"Julien","@id":"https:\/\/vieassociative.be\/actualites\/#\/schema\/person\/b87ac4f82f9d4e7b7cec7395b679edc4"},"headline":"Le FC Bruges vient encore plus la Ligue des champions apr\u00e8s la victoire 3-2 contre le dernier obstacle de Salzbourg-Rangers","datePublished":"2025-08-12T20:17:18+00:00","dateModified":"2025-08-12T20:17:18+00:00","mainEntityOfPage":{"@id":"https:\/\/vieassociative.be\/actualites\/le-fc-bruges-vient-encore-plus-la-ligue-des-champions-apres-la-victoire-3-2-contre-le-dernier-obstacle-de-salzbourg-rangers\/"},"wordCount":462,"publisher":{"@id":"https:\/\/vieassociative.be\/actualites\/#organization"},"image":{"@id":"https:\/\/vieassociative.be\/actualites\/le-fc-bruges-vient-encore-plus-la-ligue-des-champions-apres-la-victoire-3-2-contre-le-dernier-obstacle-de-salzbourg-rangers\/#primaryimage"},"thumbnailUrl":"https:\/\/vieassociative.be\/actualites\/wp-content\/uploads\/2025\/08\/1755029838_Le-FC-Bruges-vient-encore-plus-la-Ligue-des-champions.jpg","keywords":["Apr\u00e8s","Bruges","Champions","contre","dernier","Des","encore","Ligue","obstacle","SalzbourgRangers","victoire","vient"],"articleSection":["Belgique"],"inLanguage":"fr-BE"},{"@type":"WebPage","@id":"https:\/\/vieassociative.be\/actualites\/le-fc-bruges-vient-encore-plus-la-ligue-des-champions-apres-la-victoire-3-2-contre-le-dernier-obstacle-de-salzbourg-rangers\/","url":"https:\/\/vieassociative.be\/actualites\/le-fc-bruges-vient-encore-plus-la-ligue-des-champions-apres-la-victoire-3-2-contre-le-dernier-obstacle-de-salzbourg-rangers\/","name":"Le FC Bruges vient encore plus la Ligue des champions apr\u00e8s la victoire 3-2 contre le dernier obstacle de Salzbourg-Rangers | Vie Associative","isPartOf":{"@id":"https:\/\/vieassociative.be\/actualites\/#website"},"primaryImageOfPage":{"@id":"https:\/\/vieassociative.be\/actualites\/le-fc-bruges-vient-encore-plus-la-ligue-des-champions-apres-la-victoire-3-2-contre-le-dernier-obstacle-de-salzbourg-rangers\/#primaryimage"},"image":{"@id":"https:\/\/vieassociative.be\/actualites\/le-fc-bruges-vient-encore-plus-la-ligue-des-champions-apres-la-victoire-3-2-contre-le-dernier-obstacle-de-salzbourg-rangers\/#primaryimage"},"thumbnailUrl":"https:\/\/vieassociative.be\/actualites\/wp-content\/uploads\/2025\/08\/1755029838_Le-FC-Bruges-vient-encore-plus-la-Ligue-des-champions.jpg","datePublished":"2025-08-12T20:17:18+00:00","dateModified":"2025-08-12T20:17:18+00:00","breadcrumb":{"@id":"https:\/\/vieassociative.be\/actualites\/le-fc-bruges-vient-encore-plus-la-ligue-des-champions-apres-la-victoire-3-2-contre-le-dernier-obstacle-de-salzbourg-rangers\/#breadcrumb"},"inLanguage":"fr-BE","potentialAction":[{"@type":"ReadAction","target":["https:\/\/vieassociative.be\/actualites\/le-fc-bruges-vient-encore-plus-la-ligue-des-champions-apres-la-victoire-3-2-contre-le-dernier-obstacle-de-salzbourg-rangers\/"]}]},{"@type":"ImageObject","inLanguage":"fr-BE","@id":"https:\/\/vieassociative.be\/actualites\/le-fc-bruges-vient-encore-plus-la-ligue-des-champions-apres-la-victoire-3-2-contre-le-dernier-obstacle-de-salzbourg-rangers\/#primaryimage","url":"https:\/\/vieassociative.be\/actualites\/wp-content\/uploads\/2025\/08\/1755029838_Le-FC-Bruges-vient-encore-plus-la-Ligue-des-champions.jpg","contentUrl":"https:\/\/vieassociative.be\/actualites\/wp-content\/uploads\/2025\/08\/1755029838_Le-FC-Bruges-vient-encore-plus-la-Ligue-des-champions.jpg","width":1200,"height":801,"caption":"Le FC Bruges vient encore plus la Ligue des champions apr\u00e8s la victoire 3-2 contre le dernier obstacle de Salzbourg-Rangers"},{"@type":"BreadcrumbList","@id":"https:\/\/vieassociative.be\/actualites\/le-fc-bruges-vient-encore-plus-la-ligue-des-champions-apres-la-victoire-3-2-contre-le-dernier-obstacle-de-salzbourg-rangers\/#breadcrumb","itemListElement":[{"@type":"ListItem","position":1,"name":"Accueil","item":"https:\/\/vieassociative.be\/actualites\/"},{"@type":"ListItem","position":2,"name":"Le FC Bruges vient encore plus la Ligue des champions apr\u00e8s la victoire 3-2 contre le dernier obstacle de Salzbourg-Rangers"}]},{"@type":"WebSite","@id":"https:\/\/vieassociative.be\/actualites\/#website","url":"https:\/\/vieassociative.be\/actualites\/","name":"Vie Associative","description":"","publisher":{"@id":"https:\/\/vieassociative.be\/actualites\/#organization"},"potentialAction":[{"@type":"SearchAction","target":{"@type":"EntryPoint","urlTemplate":"https:\/\/vieassociative.be\/actualites\/?s={search_term_string}"},"query-input":{"@type":"PropertyValueSpecification","valueRequired":true,"valueName":"search_term_string"}}],"inLanguage":"fr-BE"},{"@type":"Organization","@id":"https:\/\/vieassociative.be\/actualites\/#organization","name":"Vie Associative","url":"https:\/\/vieassociative.be\/actualites\/","logo":{"@type":"ImageObject","inLanguage":"fr-BE","@id":"https:\/\/vieassociative.be\/actualites\/#\/schema\/logo\/image\/","url":"https:\/\/vieassociative.be\/actualites\/wp-content\/uploads\/2024\/09\/cropped-vieassociative_favicon.ico.png","contentUrl":"https:\/\/vieassociative.be\/actualites\/wp-content\/uploads\/2024\/09\/cropped-vieassociative_favicon.ico.png","width":512,"height":512,"caption":"Vie Associative"},"image":{"@id":"https:\/\/vieassociative.be\/actualites\/#\/schema\/logo\/image\/"}},{"@type":"Person","@id":"https:\/\/vieassociative.be\/actualites\/#\/schema\/person\/b87ac4f82f9d4e7b7cec7395b679edc4","name":"Julien","image":{"@type":"ImageObject","inLanguage":"fr-BE","@id":"https:\/\/vieassociative.be\/actualites\/#\/schema\/person\/image\/","url":"https:\/\/vieassociative.be\/actualites\/wp-content\/uploads\/2024\/09\/vie-associative-1-150x150.jpg","contentUrl":"https:\/\/vieassociative.be\/actualites\/wp-content\/uploads\/2024\/09\/vie-associative-1-150x150.jpg","caption":"Julien"},"description":"Je suis Julien, r\u00e9dacteur pour Vie Associative. Passionn\u00e9 par le monde associatif depuis plus de 10 ans, j'ai \u00e0 c\u0153ur de partager des histoires inspirantes et de mettre en lumi\u00e8re les initiatives locales. Mon objectif est de sensibiliser et d'encourager l'engagement communautaire \u00e0 travers mes articles.","sameAs":["https:\/\/vieassociative.be\/"]}]}},"_links":{"self":[{"href":"https:\/\/vieassociative.be\/actualites\/wp-json\/wp\/v2\/posts\/9364"}],"collection":[{"href":"https:\/\/vieassociative.be\/actualites\/wp-json\/wp\/v2\/posts"}],"about":[{"href":"https:\/\/vieassociative.be\/actualites\/wp-json\/wp\/v2\/types\/post"}],"author":[{"embeddable":true,"href":"https:\/\/vieassociative.be\/actualites\/wp-json\/wp\/v2\/users\/1"}],"replies":[{"embeddable":true,"href":"https:\/\/vieassociative.be\/actualites\/wp-json\/wp\/v2\/comments?post=9364"}],"version-history":[{"count":0,"href":"https:\/\/vieassociative.be\/actualites\/wp-json\/wp\/v2\/posts\/9364\/revisions"}],"wp:featuredmedia":[{"embeddable":true,"href":"https:\/\/vieassociative.be\/actualites\/wp-json\/wp\/v2\/media\/9365"}],"wp:attachment":[{"href":"https:\/\/vieassociative.be\/actualites\/wp-json\/wp\/v2\/media?parent=9364"}],"wp:term":[{"taxonomy":"category","embeddable":true,"href":"https:\/\/vieassociative.be\/actualites\/wp-json\/wp\/v2\/categories?post=9364"},{"taxonomy":"post_tag","embeddable":true,"href":"https:\/\/vieassociative.be\/actualites\/wp-json\/wp\/v2\/tags?post=9364"}],"curies":[{"name":"wp","href":"https:\/\/api.w.org\/{rel}","templated":true}]}}