{"id":9362,"date":"2025-08-12T21:18:33","date_gmt":"2025-08-12T19:18:33","guid":{"rendered":"https:\/\/vieassociative.be\/actualites\/les-ecouteurs-de-poutre-dambiance-jbl-coutent-35-en-ce-moment\/"},"modified":"2025-08-12T21:18:33","modified_gmt":"2025-08-12T19:18:33","slug":"les-ecouteurs-de-poutre-dambiance-jbl-coutent-35-en-ce-moment","status":"publish","type":"post","link":"https:\/\/vieassociative.be\/actualites\/les-ecouteurs-de-poutre-dambiance-jbl-coutent-35-en-ce-moment\/","title":{"rendered":"Les \u00e9couteurs de poutre d&rsquo;ambiance JBL co\u00fbtent 35 $ en ce moment"},"content":{"rendered":"<div class=\"mt-4 leading-6 md:mb-8\">Ces \u00e9couteurs JBL d&rsquo;entr\u00e9e de gamme ne vous co\u00fbteront pas un bras et une jambe, mais ils ont toujours des fonctionnalit\u00e9s hors concours.<\/div>\n<p><\/p>\n<p>Si vous recherchez une paire d&rsquo;\u00e9couteurs de haute qualit\u00e9 qui ne vous co\u00fbteront pas un bras et une jambe, les \u00e9couteurs de faisceau de vibration JBL sont actuellement r\u00e9duits \u00e0 34,95 $ sur Amazon. Bien qu&rsquo;ils ne fournissent pas la m\u00eame qualit\u00e9 audio que Bose ou AirPods, \u00e0 ce prix, ils font l&rsquo;option d&rsquo;entr\u00e9e de gamme parfaite avec une vari\u00e9t\u00e9 de fonctionnalit\u00e9s exceptionnelles pour les amateurs de fitness, les navetteurs et les auditeurs de tous les jours.<\/p>\n<div class=\"pogoClear mb-12 mt-10 rounded-md border-2 border-gray-100 py-7 shadow-xl md:py-6\">\n<div class=\"flex flex-wrap justify-between px-7 text-black no-underline md:flex-nowrap md:px-8\">\n<div class=\"order-1 mx-auto flex flex-col justify-center md:order-2 md:ml-4 md:w-full md:grow\">\n<div class=\"block cursor-pointer text-center font-akshar text-2xl font-medium leading-7 text-brand-green duration-200 ease-in-out hover:text-brand-green-700 md:text-left md:text-xl md:leading-6\">\u00c9couteurs de faisceau d&rsquo;ambiance JBL\n                <\/div>\n<div class=\"mt-4 hidden md:flex md:justify-between\">\n<div class=\"self-end\">\n<div class=\"mb-0 h-11 md:flex md:flex-col md:justify-center\">\n<div class=\" font-sans leading-4 text-black\">\n<div class=\"flex flex-wrap items-center justify-center gap-1 md:justify-start\">\n        <span class=\"font-bold\"><\/p>\n<p>            34,95 $<br \/>\n                            <span class=\"font-medium\">\u00e0 Amazon<\/span><br \/>\n                    <\/span>\n            <\/div>\n<div class=\"flex items-center justify-center gap-x-1 font-bold md:justify-start\">\n            <span class=\"text-sm line-through\">49,95 $<\/span><br \/>\n            <span class=\"text-sm text-brand-green\">\u00c9conomisez 15,00 $<\/span>\n        <\/div>\n<\/p><\/div>\n<\/p><\/div>\n<\/p><\/div>\n<div class=\"w-44 self-end\">\n                            <button class=\"flex justify-center items-center w-full bg-brand-green text-white text-base font-sans font-medium rounded-md hover:bg-brand-green-700 hover:cursor-pointer md:text-sm h-11\"><\/p>\n<p>    Conclure un accord<br \/>\n<\/button>\n                        <\/div>\n<\/p><\/div>\n<\/p><\/div>\n<div class=\"order-2 mt-5 h-auto w-full md:order-1 md:mt-0 md:hidden\">\n<div class=\"flex aspect-video items-center justify-center\">\n                                            <img decoding=\"async\" class=\"m-0 max-h-full max-w-full rounded-md\" src=\"https:\/\/vieassociative.be\/actualites\/wp-content\/uploads\/2025\/08\/Les-ecouteurs-de-poutre-dambiance-JBL-coutent-35-en.jpg\" alt=\"\u00c9couteurs de faisceau d'ambiance JBL\" width=\"auto\" height=\"auto\" loading=\"lazy\">\n                                    <\/div>\n<\/p><\/div>\n<div class=\"order-2 ml-2 hidden w-32 shrink-0 items-center md:order-1 md:ml-0 md:flex\">\n<div class=\"flex aspect-video items-center justify-center\">\n                                            <img decoding=\"async\" class=\"m-0 max-h-full max-w-full rounded-md\" src=\"https:\/\/vieassociative.be\/actualites\/wp-content\/uploads\/2025\/08\/Les-ecouteurs-de-poutre-dambiance-JBL-coutent-35-en.jpg\" alt=\"\u00c9couteurs de faisceau d'ambiance JBL\" width=\"auto\" height=\"auto\" loading=\"lazy\">\n                                    <\/div>\n<\/p><\/div>\n<div class=\"order-3 flex grow flex-wrap md:hidden md:grow-0\">\n<div class=\"mt-4 w-full\">\n                        <button class=\"flex justify-center items-center w-full bg-brand-green text-white text-base font-sans font-medium rounded-md hover:bg-brand-green-700 hover:cursor-pointer md:text-sm h-11\"><\/p>\n<p>    Conclure un accord<br \/>\n<\/button>\n                    <\/div>\n<div class=\"mx-2 mt-4 w-full\">\n<div class=\" font-sans leading-4 text-black\">\n<div class=\"flex flex-wrap items-center justify-center gap-1 md:justify-start\">\n        <span class=\"font-bold\"><\/p>\n<p>            34,95 $<br \/>\n                            <span class=\"font-medium\">\u00e0 Amazon<\/span><br \/>\n                    <\/span>\n            <\/div>\n<div class=\"flex items-center justify-center gap-x-1 font-bold md:justify-start\">\n            <span class=\"text-sm line-through\">49,95 $<\/span><br \/>\n            <span class=\"text-sm text-brand-green\">\u00c9conomisez 15,00 $<\/span>\n        <\/div>\n<\/p><\/div>\n<\/p><\/div>\n<\/p><\/div>\n<\/p><\/div>\n<\/div>\n<p>Ces \u00e9couteurs durent jusqu&rsquo;\u00e0 32 heures (8 heures avec les \u00e9couteurs seuls et 24 heures suppl\u00e9mentaires avec le cas). Ils ont une fonction de charge rapide de 10 minutes qui offre quelques heures de lecture. Une note IP54, des commandes tactiles et une conception l\u00e9g\u00e8re les rendent id\u00e9aux pour les s\u00e9ances d&rsquo;entra\u00eenement. Cependant, certains critiques mentionnent qu&rsquo;ils tombent avec une utilisation vigoureuse.<\/p>\n<p>L&rsquo;application d&rsquo;\u00e9coute JBL permet aux utilisateurs de contr\u00f4ler les modes ambiants et les pr\u00e9r\u00e9glages EQ pour une exp\u00e9rience d&rsquo;\u00e9coute personnalis\u00e9e. Pour ceux qui ont besoin de passer des appels en d\u00e9placement, les examinateurs rapportent un son clair dans un environnement mod\u00e9r\u00e9ment bruyant. L&rsquo;application dispose \u00e9galement d&rsquo;une fonctionnalit\u00e9 VOICEAWARE qui permet aux utilisateurs d&rsquo;ajuster la part de leur propre voix qu&rsquo;ils entendent lors des conversations avec d&rsquo;autres. <\/p>\n<p>Pour les audiophiles assouch\u00e9s ou ceux qui souhaitent une annulation active de bruit comme une fonctionnalit\u00e9 d\u00e9di\u00e9e, ces \u00e9couteurs peu co\u00fbteux peuvent ne pas \u00eatre id\u00e9aux, et vous voudrez peut-\u00eatre monter \u00e0 la hauteur de JBL Live Beam 3. <\/p>\n","protected":false},"excerpt":{"rendered":"<p>Ces \u00e9couteurs JBL d&rsquo;entr\u00e9e de gamme ne vous co\u00fbteront pas un bras et une jambe, mais ils ont toujours des fonctionnalit\u00e9s hors concours. Si vous<\/p>\n","protected":false},"author":1,"featured_media":9363,"comment_status":"","ping_status":"","sticky":false,"template":"","format":"standard","meta":{"footnotes":""},"categories":[13],"tags":[2244,8139,1537,6985,14,1429,8138],"class_list":["post-9362","post","type-post","status-publish","format-standard","has-post-thumbnail","hentry","category-technologie","tag-coutent","tag-dambiance","tag-ecouteurs","tag-jbl","tag-les","tag-moment","tag-poutre","generate-columns","tablet-grid-50","mobile-grid-100","grid-parent","grid-33"],"yoast_head":"<!-- This site is optimized with the Yoast SEO plugin v24.0 - https:\/\/yoast.com\/wordpress\/plugins\/seo\/ -->\n<title>Les \u00e9couteurs de poutre d&#039;ambiance JBL co\u00fbtent 35 $ en ce moment | Vie Associative<\/title>\n<meta name=\"robots\" content=\"index, follow, max-snippet:-1, max-image-preview:large, max-video-preview:-1\" \/>\n<link rel=\"canonical\" href=\"https:\/\/vieassociative.be\/actualites\/les-ecouteurs-de-poutre-dambiance-jbl-coutent-35-en-ce-moment\/\" \/>\n<meta property=\"og:locale\" content=\"fr_FR\" \/>\n<meta property=\"og:type\" content=\"article\" \/>\n<meta property=\"og:title\" content=\"Les \u00e9couteurs de poutre d&#039;ambiance JBL co\u00fbtent 35 $ en ce moment | Vie Associative\" \/>\n<meta property=\"og:description\" content=\"Ces \u00e9couteurs JBL d&rsquo;entr\u00e9e de gamme ne vous co\u00fbteront pas un bras et une jambe, mais ils ont toujours des fonctionnalit\u00e9s hors concours. Si vous\" \/>\n<meta property=\"og:url\" content=\"https:\/\/vieassociative.be\/actualites\/les-ecouteurs-de-poutre-dambiance-jbl-coutent-35-en-ce-moment\/\" \/>\n<meta property=\"og:site_name\" content=\"Vie Associative\" \/>\n<meta property=\"article:published_time\" content=\"2025-08-12T19:18:33+00:00\" \/>\n<meta property=\"og:image\" content=\"https:\/\/vieassociative.be\/actualites\/wp-content\/uploads\/2025\/08\/Les-ecouteurs-de-poutre-dambiance-JBL-coutent-35-en.jpg\" \/>\n<meta name=\"author\" content=\"Julien\" \/>\n<meta name=\"twitter:card\" content=\"summary_large_image\" \/>\n<meta name=\"twitter:label1\" content=\"\u00c9crit par\" \/>\n\t<meta name=\"twitter:data1\" content=\"Julien\" \/>\n\t<meta name=\"twitter:label2\" content=\"Dur\u00e9e de lecture est.\" \/>\n\t<meta name=\"twitter:data2\" content=\"2 minutes\" \/>\n<script type=\"application\/ld+json\" class=\"yoast-schema-graph\">{\"@context\":\"https:\/\/schema.org\",\"@graph\":[{\"@type\":\"Article\",\"@id\":\"https:\/\/vieassociative.be\/actualites\/les-ecouteurs-de-poutre-dambiance-jbl-coutent-35-en-ce-moment\/#article\",\"isPartOf\":{\"@id\":\"https:\/\/vieassociative.be\/actualites\/les-ecouteurs-de-poutre-dambiance-jbl-coutent-35-en-ce-moment\/\"},\"author\":{\"name\":\"Julien\",\"@id\":\"https:\/\/vieassociative.be\/actualites\/#\/schema\/person\/b87ac4f82f9d4e7b7cec7395b679edc4\"},\"headline\":\"Les \u00e9couteurs de poutre d&rsquo;ambiance JBL co\u00fbtent 35 $ en ce moment\",\"datePublished\":\"2025-08-12T19:18:33+00:00\",\"dateModified\":\"2025-08-12T19:18:33+00:00\",\"mainEntityOfPage\":{\"@id\":\"https:\/\/vieassociative.be\/actualites\/les-ecouteurs-de-poutre-dambiance-jbl-coutent-35-en-ce-moment\/\"},\"wordCount\":329,\"publisher\":{\"@id\":\"https:\/\/vieassociative.be\/actualites\/#organization\"},\"image\":{\"@id\":\"https:\/\/vieassociative.be\/actualites\/les-ecouteurs-de-poutre-dambiance-jbl-coutent-35-en-ce-moment\/#primaryimage\"},\"thumbnailUrl\":\"https:\/\/vieassociative.be\/actualites\/wp-content\/uploads\/2025\/08\/Les-ecouteurs-de-poutre-dambiance-JBL-coutent-35-en.png\",\"keywords\":[\"co\u00fbtent\",\"dambiance\",\"\u00e9couteurs\",\"JBL\",\"Les\",\"moment\",\"poutre\"],\"articleSection\":[\"Technologie\"],\"inLanguage\":\"fr-BE\"},{\"@type\":\"WebPage\",\"@id\":\"https:\/\/vieassociative.be\/actualites\/les-ecouteurs-de-poutre-dambiance-jbl-coutent-35-en-ce-moment\/\",\"url\":\"https:\/\/vieassociative.be\/actualites\/les-ecouteurs-de-poutre-dambiance-jbl-coutent-35-en-ce-moment\/\",\"name\":\"Les \u00e9couteurs de poutre d'ambiance JBL co\u00fbtent 35 $ en ce moment | Vie Associative\",\"isPartOf\":{\"@id\":\"https:\/\/vieassociative.be\/actualites\/#website\"},\"primaryImageOfPage\":{\"@id\":\"https:\/\/vieassociative.be\/actualites\/les-ecouteurs-de-poutre-dambiance-jbl-coutent-35-en-ce-moment\/#primaryimage\"},\"image\":{\"@id\":\"https:\/\/vieassociative.be\/actualites\/les-ecouteurs-de-poutre-dambiance-jbl-coutent-35-en-ce-moment\/#primaryimage\"},\"thumbnailUrl\":\"https:\/\/vieassociative.be\/actualites\/wp-content\/uploads\/2025\/08\/Les-ecouteurs-de-poutre-dambiance-JBL-coutent-35-en.png\",\"datePublished\":\"2025-08-12T19:18:33+00:00\",\"dateModified\":\"2025-08-12T19:18:33+00:00\",\"breadcrumb\":{\"@id\":\"https:\/\/vieassociative.be\/actualites\/les-ecouteurs-de-poutre-dambiance-jbl-coutent-35-en-ce-moment\/#breadcrumb\"},\"inLanguage\":\"fr-BE\",\"potentialAction\":[{\"@type\":\"ReadAction\",\"target\":[\"https:\/\/vieassociative.be\/actualites\/les-ecouteurs-de-poutre-dambiance-jbl-coutent-35-en-ce-moment\/\"]}]},{\"@type\":\"ImageObject\",\"inLanguage\":\"fr-BE\",\"@id\":\"https:\/\/vieassociative.be\/actualites\/les-ecouteurs-de-poutre-dambiance-jbl-coutent-35-en-ce-moment\/#primaryimage\",\"url\":\"https:\/\/vieassociative.be\/actualites\/wp-content\/uploads\/2025\/08\/Les-ecouteurs-de-poutre-dambiance-JBL-coutent-35-en.png\",\"contentUrl\":\"https:\/\/vieassociative.be\/actualites\/wp-content\/uploads\/2025\/08\/Les-ecouteurs-de-poutre-dambiance-JBL-coutent-35-en.png\",\"width\":1200,\"height\":675,\"caption\":\"Les \u00e9couteurs de poutre d'ambiance JBL co\u00fbtent 35 $ en ce moment\"},{\"@type\":\"BreadcrumbList\",\"@id\":\"https:\/\/vieassociative.be\/actualites\/les-ecouteurs-de-poutre-dambiance-jbl-coutent-35-en-ce-moment\/#breadcrumb\",\"itemListElement\":[{\"@type\":\"ListItem\",\"position\":1,\"name\":\"Accueil\",\"item\":\"https:\/\/vieassociative.be\/actualites\/\"},{\"@type\":\"ListItem\",\"position\":2,\"name\":\"Les \u00e9couteurs de poutre d&rsquo;ambiance JBL co\u00fbtent 35 $ en ce moment\"}]},{\"@type\":\"WebSite\",\"@id\":\"https:\/\/vieassociative.be\/actualites\/#website\",\"url\":\"https:\/\/vieassociative.be\/actualites\/\",\"name\":\"Vie Associative\",\"description\":\"\",\"publisher\":{\"@id\":\"https:\/\/vieassociative.be\/actualites\/#organization\"},\"potentialAction\":[{\"@type\":\"SearchAction\",\"target\":{\"@type\":\"EntryPoint\",\"urlTemplate\":\"https:\/\/vieassociative.be\/actualites\/?s={search_term_string}\"},\"query-input\":{\"@type\":\"PropertyValueSpecification\",\"valueRequired\":true,\"valueName\":\"search_term_string\"}}],\"inLanguage\":\"fr-BE\"},{\"@type\":\"Organization\",\"@id\":\"https:\/\/vieassociative.be\/actualites\/#organization\",\"name\":\"Vie Associative\",\"url\":\"https:\/\/vieassociative.be\/actualites\/\",\"logo\":{\"@type\":\"ImageObject\",\"inLanguage\":\"fr-BE\",\"@id\":\"https:\/\/vieassociative.be\/actualites\/#\/schema\/logo\/image\/\",\"url\":\"https:\/\/vieassociative.be\/actualites\/wp-content\/uploads\/2024\/09\/cropped-vieassociative_favicon.ico.png\",\"contentUrl\":\"https:\/\/vieassociative.be\/actualites\/wp-content\/uploads\/2024\/09\/cropped-vieassociative_favicon.ico.png\",\"width\":512,\"height\":512,\"caption\":\"Vie Associative\"},\"image\":{\"@id\":\"https:\/\/vieassociative.be\/actualites\/#\/schema\/logo\/image\/\"}},{\"@type\":\"Person\",\"@id\":\"https:\/\/vieassociative.be\/actualites\/#\/schema\/person\/b87ac4f82f9d4e7b7cec7395b679edc4\",\"name\":\"Julien\",\"image\":{\"@type\":\"ImageObject\",\"inLanguage\":\"fr-BE\",\"@id\":\"https:\/\/vieassociative.be\/actualites\/#\/schema\/person\/image\/\",\"url\":\"https:\/\/vieassociative.be\/actualites\/wp-content\/uploads\/2024\/09\/vie-associative-1-150x150.jpg\",\"contentUrl\":\"https:\/\/vieassociative.be\/actualites\/wp-content\/uploads\/2024\/09\/vie-associative-1-150x150.jpg\",\"caption\":\"Julien\"},\"description\":\"Je suis Julien, r\u00e9dacteur pour Vie Associative. Passionn\u00e9 par le monde associatif depuis plus de 10 ans, j'ai \u00e0 c\u0153ur de partager des histoires inspirantes et de mettre en lumi\u00e8re les initiatives locales. Mon objectif est de sensibiliser et d'encourager l'engagement communautaire \u00e0 travers mes articles.\",\"sameAs\":[\"https:\/\/vieassociative.be\/\"]}]}<\/script>\n<!-- \/ Yoast SEO plugin. -->","yoast_head_json":{"title":"Les \u00e9couteurs de poutre d'ambiance JBL co\u00fbtent 35 $ en ce moment | Vie Associative","robots":{"index":"index","follow":"follow","max-snippet":"max-snippet:-1","max-image-preview":"max-image-preview:large","max-video-preview":"max-video-preview:-1"},"canonical":"https:\/\/vieassociative.be\/actualites\/les-ecouteurs-de-poutre-dambiance-jbl-coutent-35-en-ce-moment\/","og_locale":"fr_FR","og_type":"article","og_title":"Les \u00e9couteurs de poutre d'ambiance JBL co\u00fbtent 35 $ en ce moment | Vie Associative","og_description":"Ces \u00e9couteurs JBL d&rsquo;entr\u00e9e de gamme ne vous co\u00fbteront pas un bras et une jambe, mais ils ont toujours des fonctionnalit\u00e9s hors concours. Si vous","og_url":"https:\/\/vieassociative.be\/actualites\/les-ecouteurs-de-poutre-dambiance-jbl-coutent-35-en-ce-moment\/","og_site_name":"Vie Associative","article_published_time":"2025-08-12T19:18:33+00:00","og_image":[{"url":"https:\/\/vieassociative.be\/actualites\/wp-content\/uploads\/2025\/08\/Les-ecouteurs-de-poutre-dambiance-JBL-coutent-35-en.jpg","type":"","width":"","height":""}],"author":"Julien","twitter_card":"summary_large_image","twitter_misc":{"\u00c9crit par":"Julien","Dur\u00e9e de lecture est.":"2 minutes"},"schema":{"@context":"https:\/\/schema.org","@graph":[{"@type":"Article","@id":"https:\/\/vieassociative.be\/actualites\/les-ecouteurs-de-poutre-dambiance-jbl-coutent-35-en-ce-moment\/#article","isPartOf":{"@id":"https:\/\/vieassociative.be\/actualites\/les-ecouteurs-de-poutre-dambiance-jbl-coutent-35-en-ce-moment\/"},"author":{"name":"Julien","@id":"https:\/\/vieassociative.be\/actualites\/#\/schema\/person\/b87ac4f82f9d4e7b7cec7395b679edc4"},"headline":"Les \u00e9couteurs de poutre d&rsquo;ambiance JBL co\u00fbtent 35 $ en ce moment","datePublished":"2025-08-12T19:18:33+00:00","dateModified":"2025-08-12T19:18:33+00:00","mainEntityOfPage":{"@id":"https:\/\/vieassociative.be\/actualites\/les-ecouteurs-de-poutre-dambiance-jbl-coutent-35-en-ce-moment\/"},"wordCount":329,"publisher":{"@id":"https:\/\/vieassociative.be\/actualites\/#organization"},"image":{"@id":"https:\/\/vieassociative.be\/actualites\/les-ecouteurs-de-poutre-dambiance-jbl-coutent-35-en-ce-moment\/#primaryimage"},"thumbnailUrl":"https:\/\/vieassociative.be\/actualites\/wp-content\/uploads\/2025\/08\/Les-ecouteurs-de-poutre-dambiance-JBL-coutent-35-en.png","keywords":["co\u00fbtent","dambiance","\u00e9couteurs","JBL","Les","moment","poutre"],"articleSection":["Technologie"],"inLanguage":"fr-BE"},{"@type":"WebPage","@id":"https:\/\/vieassociative.be\/actualites\/les-ecouteurs-de-poutre-dambiance-jbl-coutent-35-en-ce-moment\/","url":"https:\/\/vieassociative.be\/actualites\/les-ecouteurs-de-poutre-dambiance-jbl-coutent-35-en-ce-moment\/","name":"Les \u00e9couteurs de poutre d'ambiance JBL co\u00fbtent 35 $ en ce moment | Vie Associative","isPartOf":{"@id":"https:\/\/vieassociative.be\/actualites\/#website"},"primaryImageOfPage":{"@id":"https:\/\/vieassociative.be\/actualites\/les-ecouteurs-de-poutre-dambiance-jbl-coutent-35-en-ce-moment\/#primaryimage"},"image":{"@id":"https:\/\/vieassociative.be\/actualites\/les-ecouteurs-de-poutre-dambiance-jbl-coutent-35-en-ce-moment\/#primaryimage"},"thumbnailUrl":"https:\/\/vieassociative.be\/actualites\/wp-content\/uploads\/2025\/08\/Les-ecouteurs-de-poutre-dambiance-JBL-coutent-35-en.png","datePublished":"2025-08-12T19:18:33+00:00","dateModified":"2025-08-12T19:18:33+00:00","breadcrumb":{"@id":"https:\/\/vieassociative.be\/actualites\/les-ecouteurs-de-poutre-dambiance-jbl-coutent-35-en-ce-moment\/#breadcrumb"},"inLanguage":"fr-BE","potentialAction":[{"@type":"ReadAction","target":["https:\/\/vieassociative.be\/actualites\/les-ecouteurs-de-poutre-dambiance-jbl-coutent-35-en-ce-moment\/"]}]},{"@type":"ImageObject","inLanguage":"fr-BE","@id":"https:\/\/vieassociative.be\/actualites\/les-ecouteurs-de-poutre-dambiance-jbl-coutent-35-en-ce-moment\/#primaryimage","url":"https:\/\/vieassociative.be\/actualites\/wp-content\/uploads\/2025\/08\/Les-ecouteurs-de-poutre-dambiance-JBL-coutent-35-en.png","contentUrl":"https:\/\/vieassociative.be\/actualites\/wp-content\/uploads\/2025\/08\/Les-ecouteurs-de-poutre-dambiance-JBL-coutent-35-en.png","width":1200,"height":675,"caption":"Les \u00e9couteurs de poutre d'ambiance JBL co\u00fbtent 35 $ en ce moment"},{"@type":"BreadcrumbList","@id":"https:\/\/vieassociative.be\/actualites\/les-ecouteurs-de-poutre-dambiance-jbl-coutent-35-en-ce-moment\/#breadcrumb","itemListElement":[{"@type":"ListItem","position":1,"name":"Accueil","item":"https:\/\/vieassociative.be\/actualites\/"},{"@type":"ListItem","position":2,"name":"Les \u00e9couteurs de poutre d&rsquo;ambiance JBL co\u00fbtent 35 $ en ce moment"}]},{"@type":"WebSite","@id":"https:\/\/vieassociative.be\/actualites\/#website","url":"https:\/\/vieassociative.be\/actualites\/","name":"Vie Associative","description":"","publisher":{"@id":"https:\/\/vieassociative.be\/actualites\/#organization"},"potentialAction":[{"@type":"SearchAction","target":{"@type":"EntryPoint","urlTemplate":"https:\/\/vieassociative.be\/actualites\/?s={search_term_string}"},"query-input":{"@type":"PropertyValueSpecification","valueRequired":true,"valueName":"search_term_string"}}],"inLanguage":"fr-BE"},{"@type":"Organization","@id":"https:\/\/vieassociative.be\/actualites\/#organization","name":"Vie Associative","url":"https:\/\/vieassociative.be\/actualites\/","logo":{"@type":"ImageObject","inLanguage":"fr-BE","@id":"https:\/\/vieassociative.be\/actualites\/#\/schema\/logo\/image\/","url":"https:\/\/vieassociative.be\/actualites\/wp-content\/uploads\/2024\/09\/cropped-vieassociative_favicon.ico.png","contentUrl":"https:\/\/vieassociative.be\/actualites\/wp-content\/uploads\/2024\/09\/cropped-vieassociative_favicon.ico.png","width":512,"height":512,"caption":"Vie Associative"},"image":{"@id":"https:\/\/vieassociative.be\/actualites\/#\/schema\/logo\/image\/"}},{"@type":"Person","@id":"https:\/\/vieassociative.be\/actualites\/#\/schema\/person\/b87ac4f82f9d4e7b7cec7395b679edc4","name":"Julien","image":{"@type":"ImageObject","inLanguage":"fr-BE","@id":"https:\/\/vieassociative.be\/actualites\/#\/schema\/person\/image\/","url":"https:\/\/vieassociative.be\/actualites\/wp-content\/uploads\/2024\/09\/vie-associative-1-150x150.jpg","contentUrl":"https:\/\/vieassociative.be\/actualites\/wp-content\/uploads\/2024\/09\/vie-associative-1-150x150.jpg","caption":"Julien"},"description":"Je suis Julien, r\u00e9dacteur pour Vie Associative. Passionn\u00e9 par le monde associatif depuis plus de 10 ans, j'ai \u00e0 c\u0153ur de partager des histoires inspirantes et de mettre en lumi\u00e8re les initiatives locales. Mon objectif est de sensibiliser et d'encourager l'engagement communautaire \u00e0 travers mes articles.","sameAs":["https:\/\/vieassociative.be\/"]}]}},"_links":{"self":[{"href":"https:\/\/vieassociative.be\/actualites\/wp-json\/wp\/v2\/posts\/9362"}],"collection":[{"href":"https:\/\/vieassociative.be\/actualites\/wp-json\/wp\/v2\/posts"}],"about":[{"href":"https:\/\/vieassociative.be\/actualites\/wp-json\/wp\/v2\/types\/post"}],"author":[{"embeddable":true,"href":"https:\/\/vieassociative.be\/actualites\/wp-json\/wp\/v2\/users\/1"}],"replies":[{"embeddable":true,"href":"https:\/\/vieassociative.be\/actualites\/wp-json\/wp\/v2\/comments?post=9362"}],"version-history":[{"count":0,"href":"https:\/\/vieassociative.be\/actualites\/wp-json\/wp\/v2\/posts\/9362\/revisions"}],"wp:featuredmedia":[{"embeddable":true,"href":"https:\/\/vieassociative.be\/actualites\/wp-json\/wp\/v2\/media\/9363"}],"wp:attachment":[{"href":"https:\/\/vieassociative.be\/actualites\/wp-json\/wp\/v2\/media?parent=9362"}],"wp:term":[{"taxonomy":"category","embeddable":true,"href":"https:\/\/vieassociative.be\/actualites\/wp-json\/wp\/v2\/categories?post=9362"},{"taxonomy":"post_tag","embeddable":true,"href":"https:\/\/vieassociative.be\/actualites\/wp-json\/wp\/v2\/tags?post=9362"}],"curies":[{"name":"wp","href":"https:\/\/api.w.org\/{rel}","templated":true}]}}