{"id":9361,"date":"2025-08-12T16:17:21","date_gmt":"2025-08-12T14:17:21","guid":{"rendered":"https:\/\/vieassociative.be\/actualites\/planiteurs-de-poesie-aveugles-du-soleil-collision-avec-une-voiture-un-accident-de-la-circulation-mortel-a-raeren\/"},"modified":"2025-08-12T16:17:21","modified_gmt":"2025-08-12T14:17:21","slug":"planiteurs-de-poesie-aveugles-du-soleil-collision-avec-une-voiture-un-accident-de-la-circulation-mortel-a-raeren","status":"publish","type":"post","link":"https:\/\/vieassociative.be\/actualites\/planiteurs-de-poesie-aveugles-du-soleil-collision-avec-une-voiture-un-accident-de-la-circulation-mortel-a-raeren\/","title":{"rendered":"Planiteurs de po\u00e9sie aveugl\u00e9s du soleil? Collision avec une voiture &#8211; un accident de la circulation mortel \u00e0 Raeren"},"content":{"rendered":"<p><strong>Mardi, la zone de police de Weser-G\u00f6hl rapporte mardi sur deux accidents de la circulation sans tous les jours, dont l&rsquo;un s&rsquo;est m\u00eame termin\u00e9 tragiquement.<\/strong><\/p>\n<p><span id=\"more-422241\"><\/span><strong>&#8211; Accident de la circulation \u00e0 Eynatten entre le v\u00e9hicule de police et la voiture:<\/strong> Le 11 ao\u00fbt. Vers 8 heures du matin, un employ\u00e9 de la zone de police de Weser-G\u00f6hl a provoqu\u00e9 un accident de la circulation sur Eupener Strasse \u00e0 Eynatten. Lors du stationnement, la personne qui a conduit le v\u00e9hicule de l&rsquo;entreprise a probablement \u00e9t\u00e9 aveugl\u00e9e par le soleil et a n\u00e9glig\u00e9 une voiture qui approchait.<\/p>\n<div id=\"attachment_29429\" class=\"wp-caption alignleft\" style=\"max-width: 300px\"><img fetchpriority=\"high\" decoding=\"async\" class=\"wp-image-29429 size-medium\" src=\"https:\/\/vieassociative.be\/actualites\/wp-content\/uploads\/2025\/08\/Planiteurs-de-poesie-aveugles-du-soleil-Collision-avec-une-voiture.jpg\" alt=\"\" width=\"300\" height=\"200\"  ><\/div>\n<p>Les deux v\u00e9hicules sont entr\u00e9s en collision afin que les fronts soient endommag\u00e9s. Le membre de la police a \u00e9t\u00e9 l\u00e9g\u00e8rement bless\u00e9, le conducteur de la voiture \u00e9tait sous le choc. Les deux personnes impliqu\u00e9es ont \u00e9t\u00e9 amen\u00e9es \u00e0 l&rsquo;h\u00f4pital Eupen pour des examens. Les d\u00e9terminations des accidents ont \u00e9t\u00e9 effectu\u00e9es par des policiers de la zone voisine qui paie d&rsquo;Herve pour des raisons de neutralit\u00e9 et les v\u00e9hicules bless\u00e9s ont d\u00fb \u00eatre remorqu\u00e9s.<\/p>\n<p><strong>&#8211; Accident de la circulation mortel \u00e0 Raeren:<\/strong> Le 12 ao\u00fbt. Vers 00 h 30, la zone de police de Weser-G\u00f6hl est signal\u00e9e \u00e0 un accident de la circulation avec un v\u00e9hicule fortement endommag\u00e9 dans la rue de Raeren. En arrivant sur les lieux de l&rsquo;accident, les pompiers ont d\u00e9j\u00e0 commenc\u00e9 les travaux d&rsquo;extinction sur le v\u00e9hicule en feu.<\/p>\n<p>Le jeune conducteur de Raeren s&rsquo;est probablement \u00e9cras\u00e9 en raison d&rsquo;une vitesse excessive: il a probablement perdu le contr\u00f4le de son v\u00e9hicule et s&rsquo;est \u00e9cras\u00e9 dans un arbre. La voiture s&rsquo;est renvers\u00e9e et s&rsquo;est finalement arriv\u00e9e \u00e0 l&rsquo;arr\u00eat dans le foss\u00e9.<\/p>\n<p><strong>-Contr\u00f4le de la campagne dans le cadre de la campagne Summer Bob \u00e0 Eupen:<\/strong> T\u00f4t le matin du 12 ao\u00fbt. Des policiers propuls\u00e9s de la zone Weser-G\u00f6hl sur Herbestheer Strasse \u00e0 Eupen. Pr\u00e8s de 90 personnes ont \u00e9t\u00e9 v\u00e9rifi\u00e9es. Aucun des conducteurs n&rsquo;avait d\u00e9pass\u00e9 le niveau d&rsquo;alcool l\u00e9galement autoris\u00e9. Cependant, environ 10 grammes de cannabis ont \u00e9t\u00e9 fix\u00e9s.<\/p>\n","protected":false},"excerpt":{"rendered":"<p>Mardi, la zone de police de Weser-G\u00f6hl rapporte mardi sur deux accidents de la circulation sans tous les jours, dont l&rsquo;un s&rsquo;est m\u00eame termin\u00e9 tragiquement.<\/p>\n","protected":false},"author":1,"featured_media":1939,"comment_status":"","ping_status":"","sticky":false,"template":"","format":"standard","meta":{"footnotes":""},"categories":[298],"tags":[3013,61,8136,3479,3322,8137,8134,8135,2645,5635,110,1229],"class_list":["post-9361","post","type-post","status-publish","format-standard","has-post-thumbnail","hentry","category-belgique","tag-accident","tag-avec","tag-aveugles","tag-circulation","tag-collision","tag-mortel","tag-planiteurs","tag-poesie","tag-raeren","tag-soleil","tag-une","tag-voiture","generate-columns","tablet-grid-50","mobile-grid-100","grid-parent","grid-33"],"yoast_head":"<!-- This site is optimized with the Yoast SEO plugin v24.0 - https:\/\/yoast.com\/wordpress\/plugins\/seo\/ -->\n<title>Planiteurs de po\u00e9sie aveugl\u00e9s du soleil? Collision avec une voiture - un accident de la circulation mortel \u00e0 Raeren | Vie Associative<\/title>\n<meta name=\"robots\" content=\"index, follow, max-snippet:-1, max-image-preview:large, max-video-preview:-1\" \/>\n<link rel=\"canonical\" href=\"https:\/\/vieassociative.be\/actualites\/planiteurs-de-poesie-aveugles-du-soleil-collision-avec-une-voiture-un-accident-de-la-circulation-mortel-a-raeren\/\" \/>\n<meta property=\"og:locale\" content=\"fr_FR\" \/>\n<meta property=\"og:type\" content=\"article\" \/>\n<meta property=\"og:title\" content=\"Planiteurs de po\u00e9sie aveugl\u00e9s du soleil? Collision avec une voiture - un accident de la circulation mortel \u00e0 Raeren | Vie Associative\" \/>\n<meta property=\"og:description\" content=\"Mardi, la zone de police de Weser-G\u00f6hl rapporte mardi sur deux accidents de la circulation sans tous les jours, dont l&rsquo;un s&rsquo;est m\u00eame termin\u00e9 tragiquement.\" \/>\n<meta property=\"og:url\" content=\"https:\/\/vieassociative.be\/actualites\/planiteurs-de-poesie-aveugles-du-soleil-collision-avec-une-voiture-un-accident-de-la-circulation-mortel-a-raeren\/\" \/>\n<meta property=\"og:site_name\" content=\"Vie Associative\" \/>\n<meta property=\"article:published_time\" content=\"2025-08-12T14:17:21+00:00\" \/>\n<meta property=\"og:image\" content=\"https:\/\/vieassociative.be\/actualites\/wp-content\/uploads\/2024\/09\/header_backgroundk-01-e1726694325946.png\" \/>\n\t<meta property=\"og:image:width\" content=\"279\" \/>\n\t<meta property=\"og:image:height\" content=\"92\" \/>\n\t<meta property=\"og:image:type\" content=\"image\/png\" \/>\n<meta name=\"author\" content=\"Julien\" \/>\n<meta name=\"twitter:card\" content=\"summary_large_image\" \/>\n<meta name=\"twitter:label1\" content=\"\u00c9crit par\" \/>\n\t<meta name=\"twitter:data1\" content=\"Julien\" \/>\n\t<meta name=\"twitter:label2\" content=\"Dur\u00e9e de lecture est.\" \/>\n\t<meta name=\"twitter:data2\" content=\"2 minutes\" \/>\n<script type=\"application\/ld+json\" class=\"yoast-schema-graph\">{\"@context\":\"https:\/\/schema.org\",\"@graph\":[{\"@type\":\"Article\",\"@id\":\"https:\/\/vieassociative.be\/actualites\/planiteurs-de-poesie-aveugles-du-soleil-collision-avec-une-voiture-un-accident-de-la-circulation-mortel-a-raeren\/#article\",\"isPartOf\":{\"@id\":\"https:\/\/vieassociative.be\/actualites\/planiteurs-de-poesie-aveugles-du-soleil-collision-avec-une-voiture-un-accident-de-la-circulation-mortel-a-raeren\/\"},\"author\":{\"name\":\"Julien\",\"@id\":\"https:\/\/vieassociative.be\/actualites\/#\/schema\/person\/b87ac4f82f9d4e7b7cec7395b679edc4\"},\"headline\":\"Planiteurs de po\u00e9sie aveugl\u00e9s du soleil? Collision avec une voiture &#8211; un accident de la circulation mortel \u00e0 Raeren\",\"datePublished\":\"2025-08-12T14:17:21+00:00\",\"dateModified\":\"2025-08-12T14:17:21+00:00\",\"mainEntityOfPage\":{\"@id\":\"https:\/\/vieassociative.be\/actualites\/planiteurs-de-poesie-aveugles-du-soleil-collision-avec-une-voiture-un-accident-de-la-circulation-mortel-a-raeren\/\"},\"wordCount\":389,\"publisher\":{\"@id\":\"https:\/\/vieassociative.be\/actualites\/#organization\"},\"image\":{\"@id\":\"https:\/\/vieassociative.be\/actualites\/planiteurs-de-poesie-aveugles-du-soleil-collision-avec-une-voiture-un-accident-de-la-circulation-mortel-a-raeren\/#primaryimage\"},\"thumbnailUrl\":\"https:\/\/vieassociative.be\/actualites\/wp-content\/uploads\/2024\/11\/Raeren-Le-conducteur-tombe-dans-un-micro-sommeil-a-midi.jpeg\",\"keywords\":[\"accident\",\"avec\",\"aveugl\u00e9s\",\"circulation\",\"collision\",\"mortel\",\"Planiteurs\",\"po\u00e9sie\",\"Raeren\",\"soleil\",\"une\",\"voiture\"],\"articleSection\":[\"Belgique\"],\"inLanguage\":\"fr-BE\"},{\"@type\":\"WebPage\",\"@id\":\"https:\/\/vieassociative.be\/actualites\/planiteurs-de-poesie-aveugles-du-soleil-collision-avec-une-voiture-un-accident-de-la-circulation-mortel-a-raeren\/\",\"url\":\"https:\/\/vieassociative.be\/actualites\/planiteurs-de-poesie-aveugles-du-soleil-collision-avec-une-voiture-un-accident-de-la-circulation-mortel-a-raeren\/\",\"name\":\"Planiteurs de po\u00e9sie aveugl\u00e9s du soleil? Collision avec une voiture - un accident de la circulation mortel \u00e0 Raeren | Vie Associative\",\"isPartOf\":{\"@id\":\"https:\/\/vieassociative.be\/actualites\/#website\"},\"primaryImageOfPage\":{\"@id\":\"https:\/\/vieassociative.be\/actualites\/planiteurs-de-poesie-aveugles-du-soleil-collision-avec-une-voiture-un-accident-de-la-circulation-mortel-a-raeren\/#primaryimage\"},\"image\":{\"@id\":\"https:\/\/vieassociative.be\/actualites\/planiteurs-de-poesie-aveugles-du-soleil-collision-avec-une-voiture-un-accident-de-la-circulation-mortel-a-raeren\/#primaryimage\"},\"thumbnailUrl\":\"https:\/\/vieassociative.be\/actualites\/wp-content\/uploads\/2024\/11\/Raeren-Le-conducteur-tombe-dans-un-micro-sommeil-a-midi.jpeg\",\"datePublished\":\"2025-08-12T14:17:21+00:00\",\"dateModified\":\"2025-08-12T14:17:21+00:00\",\"breadcrumb\":{\"@id\":\"https:\/\/vieassociative.be\/actualites\/planiteurs-de-poesie-aveugles-du-soleil-collision-avec-une-voiture-un-accident-de-la-circulation-mortel-a-raeren\/#breadcrumb\"},\"inLanguage\":\"fr-BE\",\"potentialAction\":[{\"@type\":\"ReadAction\",\"target\":[\"https:\/\/vieassociative.be\/actualites\/planiteurs-de-poesie-aveugles-du-soleil-collision-avec-une-voiture-un-accident-de-la-circulation-mortel-a-raeren\/\"]}]},{\"@type\":\"ImageObject\",\"inLanguage\":\"fr-BE\",\"@id\":\"https:\/\/vieassociative.be\/actualites\/planiteurs-de-poesie-aveugles-du-soleil-collision-avec-une-voiture-un-accident-de-la-circulation-mortel-a-raeren\/#primaryimage\",\"url\":\"https:\/\/vieassociative.be\/actualites\/wp-content\/uploads\/2024\/11\/Raeren-Le-conducteur-tombe-dans-un-micro-sommeil-a-midi.jpeg\",\"contentUrl\":\"https:\/\/vieassociative.be\/actualites\/wp-content\/uploads\/2024\/11\/Raeren-Le-conducteur-tombe-dans-un-micro-sommeil-a-midi.jpeg\",\"width\":1200,\"height\":800,\"caption\":\"Raeren : Le conducteur tombe dans un micro-sommeil \u00e0 midi\"},{\"@type\":\"BreadcrumbList\",\"@id\":\"https:\/\/vieassociative.be\/actualites\/planiteurs-de-poesie-aveugles-du-soleil-collision-avec-une-voiture-un-accident-de-la-circulation-mortel-a-raeren\/#breadcrumb\",\"itemListElement\":[{\"@type\":\"ListItem\",\"position\":1,\"name\":\"Accueil\",\"item\":\"https:\/\/vieassociative.be\/actualites\/\"},{\"@type\":\"ListItem\",\"position\":2,\"name\":\"Planiteurs de po\u00e9sie aveugl\u00e9s du soleil? Collision avec une voiture &#8211; un accident de la circulation mortel \u00e0 Raeren\"}]},{\"@type\":\"WebSite\",\"@id\":\"https:\/\/vieassociative.be\/actualites\/#website\",\"url\":\"https:\/\/vieassociative.be\/actualites\/\",\"name\":\"Vie Associative\",\"description\":\"\",\"publisher\":{\"@id\":\"https:\/\/vieassociative.be\/actualites\/#organization\"},\"potentialAction\":[{\"@type\":\"SearchAction\",\"target\":{\"@type\":\"EntryPoint\",\"urlTemplate\":\"https:\/\/vieassociative.be\/actualites\/?s={search_term_string}\"},\"query-input\":{\"@type\":\"PropertyValueSpecification\",\"valueRequired\":true,\"valueName\":\"search_term_string\"}}],\"inLanguage\":\"fr-BE\"},{\"@type\":\"Organization\",\"@id\":\"https:\/\/vieassociative.be\/actualites\/#organization\",\"name\":\"Vie Associative\",\"url\":\"https:\/\/vieassociative.be\/actualites\/\",\"logo\":{\"@type\":\"ImageObject\",\"inLanguage\":\"fr-BE\",\"@id\":\"https:\/\/vieassociative.be\/actualites\/#\/schema\/logo\/image\/\",\"url\":\"https:\/\/vieassociative.be\/actualites\/wp-content\/uploads\/2024\/09\/cropped-vieassociative_favicon.ico.png\",\"contentUrl\":\"https:\/\/vieassociative.be\/actualites\/wp-content\/uploads\/2024\/09\/cropped-vieassociative_favicon.ico.png\",\"width\":512,\"height\":512,\"caption\":\"Vie Associative\"},\"image\":{\"@id\":\"https:\/\/vieassociative.be\/actualites\/#\/schema\/logo\/image\/\"}},{\"@type\":\"Person\",\"@id\":\"https:\/\/vieassociative.be\/actualites\/#\/schema\/person\/b87ac4f82f9d4e7b7cec7395b679edc4\",\"name\":\"Julien\",\"image\":{\"@type\":\"ImageObject\",\"inLanguage\":\"fr-BE\",\"@id\":\"https:\/\/vieassociative.be\/actualites\/#\/schema\/person\/image\/\",\"url\":\"https:\/\/vieassociative.be\/actualites\/wp-content\/uploads\/2024\/09\/vie-associative-1-150x150.jpg\",\"contentUrl\":\"https:\/\/vieassociative.be\/actualites\/wp-content\/uploads\/2024\/09\/vie-associative-1-150x150.jpg\",\"caption\":\"Julien\"},\"description\":\"Je suis Julien, r\u00e9dacteur pour Vie Associative. Passionn\u00e9 par le monde associatif depuis plus de 10 ans, j'ai \u00e0 c\u0153ur de partager des histoires inspirantes et de mettre en lumi\u00e8re les initiatives locales. Mon objectif est de sensibiliser et d'encourager l'engagement communautaire \u00e0 travers mes articles.\",\"sameAs\":[\"https:\/\/vieassociative.be\/\"]}]}<\/script>\n<!-- \/ Yoast SEO plugin. -->","yoast_head_json":{"title":"Planiteurs de po\u00e9sie aveugl\u00e9s du soleil? Collision avec une voiture - un accident de la circulation mortel \u00e0 Raeren | Vie Associative","robots":{"index":"index","follow":"follow","max-snippet":"max-snippet:-1","max-image-preview":"max-image-preview:large","max-video-preview":"max-video-preview:-1"},"canonical":"https:\/\/vieassociative.be\/actualites\/planiteurs-de-poesie-aveugles-du-soleil-collision-avec-une-voiture-un-accident-de-la-circulation-mortel-a-raeren\/","og_locale":"fr_FR","og_type":"article","og_title":"Planiteurs de po\u00e9sie aveugl\u00e9s du soleil? Collision avec une voiture - un accident de la circulation mortel \u00e0 Raeren | Vie Associative","og_description":"Mardi, la zone de police de Weser-G\u00f6hl rapporte mardi sur deux accidents de la circulation sans tous les jours, dont l&rsquo;un s&rsquo;est m\u00eame termin\u00e9 tragiquement.","og_url":"https:\/\/vieassociative.be\/actualites\/planiteurs-de-poesie-aveugles-du-soleil-collision-avec-une-voiture-un-accident-de-la-circulation-mortel-a-raeren\/","og_site_name":"Vie Associative","article_published_time":"2025-08-12T14:17:21+00:00","og_image":[{"width":279,"height":92,"url":"https:\/\/vieassociative.be\/actualites\/wp-content\/uploads\/2024\/09\/header_backgroundk-01-e1726694325946.png","type":"image\/png"}],"author":"Julien","twitter_card":"summary_large_image","twitter_misc":{"\u00c9crit par":"Julien","Dur\u00e9e de lecture est.":"2 minutes"},"schema":{"@context":"https:\/\/schema.org","@graph":[{"@type":"Article","@id":"https:\/\/vieassociative.be\/actualites\/planiteurs-de-poesie-aveugles-du-soleil-collision-avec-une-voiture-un-accident-de-la-circulation-mortel-a-raeren\/#article","isPartOf":{"@id":"https:\/\/vieassociative.be\/actualites\/planiteurs-de-poesie-aveugles-du-soleil-collision-avec-une-voiture-un-accident-de-la-circulation-mortel-a-raeren\/"},"author":{"name":"Julien","@id":"https:\/\/vieassociative.be\/actualites\/#\/schema\/person\/b87ac4f82f9d4e7b7cec7395b679edc4"},"headline":"Planiteurs de po\u00e9sie aveugl\u00e9s du soleil? Collision avec une voiture &#8211; un accident de la circulation mortel \u00e0 Raeren","datePublished":"2025-08-12T14:17:21+00:00","dateModified":"2025-08-12T14:17:21+00:00","mainEntityOfPage":{"@id":"https:\/\/vieassociative.be\/actualites\/planiteurs-de-poesie-aveugles-du-soleil-collision-avec-une-voiture-un-accident-de-la-circulation-mortel-a-raeren\/"},"wordCount":389,"publisher":{"@id":"https:\/\/vieassociative.be\/actualites\/#organization"},"image":{"@id":"https:\/\/vieassociative.be\/actualites\/planiteurs-de-poesie-aveugles-du-soleil-collision-avec-une-voiture-un-accident-de-la-circulation-mortel-a-raeren\/#primaryimage"},"thumbnailUrl":"https:\/\/vieassociative.be\/actualites\/wp-content\/uploads\/2024\/11\/Raeren-Le-conducteur-tombe-dans-un-micro-sommeil-a-midi.jpeg","keywords":["accident","avec","aveugl\u00e9s","circulation","collision","mortel","Planiteurs","po\u00e9sie","Raeren","soleil","une","voiture"],"articleSection":["Belgique"],"inLanguage":"fr-BE"},{"@type":"WebPage","@id":"https:\/\/vieassociative.be\/actualites\/planiteurs-de-poesie-aveugles-du-soleil-collision-avec-une-voiture-un-accident-de-la-circulation-mortel-a-raeren\/","url":"https:\/\/vieassociative.be\/actualites\/planiteurs-de-poesie-aveugles-du-soleil-collision-avec-une-voiture-un-accident-de-la-circulation-mortel-a-raeren\/","name":"Planiteurs de po\u00e9sie aveugl\u00e9s du soleil? Collision avec une voiture - un accident de la circulation mortel \u00e0 Raeren | Vie Associative","isPartOf":{"@id":"https:\/\/vieassociative.be\/actualites\/#website"},"primaryImageOfPage":{"@id":"https:\/\/vieassociative.be\/actualites\/planiteurs-de-poesie-aveugles-du-soleil-collision-avec-une-voiture-un-accident-de-la-circulation-mortel-a-raeren\/#primaryimage"},"image":{"@id":"https:\/\/vieassociative.be\/actualites\/planiteurs-de-poesie-aveugles-du-soleil-collision-avec-une-voiture-un-accident-de-la-circulation-mortel-a-raeren\/#primaryimage"},"thumbnailUrl":"https:\/\/vieassociative.be\/actualites\/wp-content\/uploads\/2024\/11\/Raeren-Le-conducteur-tombe-dans-un-micro-sommeil-a-midi.jpeg","datePublished":"2025-08-12T14:17:21+00:00","dateModified":"2025-08-12T14:17:21+00:00","breadcrumb":{"@id":"https:\/\/vieassociative.be\/actualites\/planiteurs-de-poesie-aveugles-du-soleil-collision-avec-une-voiture-un-accident-de-la-circulation-mortel-a-raeren\/#breadcrumb"},"inLanguage":"fr-BE","potentialAction":[{"@type":"ReadAction","target":["https:\/\/vieassociative.be\/actualites\/planiteurs-de-poesie-aveugles-du-soleil-collision-avec-une-voiture-un-accident-de-la-circulation-mortel-a-raeren\/"]}]},{"@type":"ImageObject","inLanguage":"fr-BE","@id":"https:\/\/vieassociative.be\/actualites\/planiteurs-de-poesie-aveugles-du-soleil-collision-avec-une-voiture-un-accident-de-la-circulation-mortel-a-raeren\/#primaryimage","url":"https:\/\/vieassociative.be\/actualites\/wp-content\/uploads\/2024\/11\/Raeren-Le-conducteur-tombe-dans-un-micro-sommeil-a-midi.jpeg","contentUrl":"https:\/\/vieassociative.be\/actualites\/wp-content\/uploads\/2024\/11\/Raeren-Le-conducteur-tombe-dans-un-micro-sommeil-a-midi.jpeg","width":1200,"height":800,"caption":"Raeren : Le conducteur tombe dans un micro-sommeil \u00e0 midi"},{"@type":"BreadcrumbList","@id":"https:\/\/vieassociative.be\/actualites\/planiteurs-de-poesie-aveugles-du-soleil-collision-avec-une-voiture-un-accident-de-la-circulation-mortel-a-raeren\/#breadcrumb","itemListElement":[{"@type":"ListItem","position":1,"name":"Accueil","item":"https:\/\/vieassociative.be\/actualites\/"},{"@type":"ListItem","position":2,"name":"Planiteurs de po\u00e9sie aveugl\u00e9s du soleil? Collision avec une voiture &#8211; un accident de la circulation mortel \u00e0 Raeren"}]},{"@type":"WebSite","@id":"https:\/\/vieassociative.be\/actualites\/#website","url":"https:\/\/vieassociative.be\/actualites\/","name":"Vie Associative","description":"","publisher":{"@id":"https:\/\/vieassociative.be\/actualites\/#organization"},"potentialAction":[{"@type":"SearchAction","target":{"@type":"EntryPoint","urlTemplate":"https:\/\/vieassociative.be\/actualites\/?s={search_term_string}"},"query-input":{"@type":"PropertyValueSpecification","valueRequired":true,"valueName":"search_term_string"}}],"inLanguage":"fr-BE"},{"@type":"Organization","@id":"https:\/\/vieassociative.be\/actualites\/#organization","name":"Vie Associative","url":"https:\/\/vieassociative.be\/actualites\/","logo":{"@type":"ImageObject","inLanguage":"fr-BE","@id":"https:\/\/vieassociative.be\/actualites\/#\/schema\/logo\/image\/","url":"https:\/\/vieassociative.be\/actualites\/wp-content\/uploads\/2024\/09\/cropped-vieassociative_favicon.ico.png","contentUrl":"https:\/\/vieassociative.be\/actualites\/wp-content\/uploads\/2024\/09\/cropped-vieassociative_favicon.ico.png","width":512,"height":512,"caption":"Vie Associative"},"image":{"@id":"https:\/\/vieassociative.be\/actualites\/#\/schema\/logo\/image\/"}},{"@type":"Person","@id":"https:\/\/vieassociative.be\/actualites\/#\/schema\/person\/b87ac4f82f9d4e7b7cec7395b679edc4","name":"Julien","image":{"@type":"ImageObject","inLanguage":"fr-BE","@id":"https:\/\/vieassociative.be\/actualites\/#\/schema\/person\/image\/","url":"https:\/\/vieassociative.be\/actualites\/wp-content\/uploads\/2024\/09\/vie-associative-1-150x150.jpg","contentUrl":"https:\/\/vieassociative.be\/actualites\/wp-content\/uploads\/2024\/09\/vie-associative-1-150x150.jpg","caption":"Julien"},"description":"Je suis Julien, r\u00e9dacteur pour Vie Associative. Passionn\u00e9 par le monde associatif depuis plus de 10 ans, j'ai \u00e0 c\u0153ur de partager des histoires inspirantes et de mettre en lumi\u00e8re les initiatives locales. Mon objectif est de sensibiliser et d'encourager l'engagement communautaire \u00e0 travers mes articles.","sameAs":["https:\/\/vieassociative.be\/"]}]}},"_links":{"self":[{"href":"https:\/\/vieassociative.be\/actualites\/wp-json\/wp\/v2\/posts\/9361"}],"collection":[{"href":"https:\/\/vieassociative.be\/actualites\/wp-json\/wp\/v2\/posts"}],"about":[{"href":"https:\/\/vieassociative.be\/actualites\/wp-json\/wp\/v2\/types\/post"}],"author":[{"embeddable":true,"href":"https:\/\/vieassociative.be\/actualites\/wp-json\/wp\/v2\/users\/1"}],"replies":[{"embeddable":true,"href":"https:\/\/vieassociative.be\/actualites\/wp-json\/wp\/v2\/comments?post=9361"}],"version-history":[{"count":0,"href":"https:\/\/vieassociative.be\/actualites\/wp-json\/wp\/v2\/posts\/9361\/revisions"}],"wp:featuredmedia":[{"embeddable":true,"href":"https:\/\/vieassociative.be\/actualites\/wp-json\/wp\/v2\/media\/1939"}],"wp:attachment":[{"href":"https:\/\/vieassociative.be\/actualites\/wp-json\/wp\/v2\/media?parent=9361"}],"wp:term":[{"taxonomy":"category","embeddable":true,"href":"https:\/\/vieassociative.be\/actualites\/wp-json\/wp\/v2\/categories?post=9361"},{"taxonomy":"post_tag","embeddable":true,"href":"https:\/\/vieassociative.be\/actualites\/wp-json\/wp\/v2\/tags?post=9361"}],"curies":[{"name":"wp","href":"https:\/\/api.w.org\/{rel}","templated":true}]}}